{"id":172812,"date":"2016-01-15T20:12:41","date_gmt":"2016-01-15T20:12:41","guid":{"rendered":"https:\/\/www.meydan.tv\/article\/qubada-ates-sesleri-esidilir-video\/"},"modified":"2016-01-15T20:12:41","modified_gmt":"2016-01-15T20:12:41","slug":"qubada-ates-sesleri-esidilir-video","status":"publish","type":"post","link":"https:\/\/www.meydan.tv\/az\/article\/qubada-ates-sesleri-esidilir-video\/","title":{"rendered":"Qubada at\u0259\u015f s\u0259sl\u0259ri e\u015fidilir (V\u0130DEO)"},"content":{"rendered":"<figure class=\"wp-block-embed is-type-video is-provider-youtube wp-block-embed-youtube wp-embed-aspect-16-9 wp-has-aspect-ratio\">\n<div class=\"wp-block-embed__wrapper\">\n    <iframe loading=\"lazy\"\ttitle=\"\" width=\"1200\" height=\"675\" src=\"https:\/\/www.youtube.com\/embed\/1n2WZtBhdxU\"\tframeborder=\"0\"\tallow=\"accelerometer; autoplay; clipboard-write; encrypted-media; gyroscope; picture-in-picture\" allowfullscreen><\/iframe>\n  <\/div><figcaption><\/figcaption><\/figure>\n<p>\n  15 yanvarda Qubada bahala\u015fmaya, sosial probleml\u0259r\u0259 g\u00f6r\u0259 etiraz aksiyas\u0131 ke\u00e7irilir. Daxili Qo\u015funlar Qubada parklar\u0131, m\u0259scidi m\u00fchasir\u0259y\u0259 al\u0131b. V\u0259t\u0259nda\u015flara qar\u015f\u0131 g\u00f6zya\u015fard\u0131c\u0131 qazdan istifad\u0259 olunur, \u015f\u0259h\u0259rd\u0259 at\u0259\u015f s\u0259sl\u0259ri e\u015fidilir.\n<\/p>\n<p>\n  <b><br \/>\n    \u00c7\u0259kdiyiniz video v\u0259 fotolar\u0131 biziml\u0259 payla\u015fa bil\u0259rsiniz.<br \/>\n  <\/b><br \/>\n  <br \/>\n  <b><br \/>\n    \u202a#\u200ewhatsapp\u202c n\u00f6mr\u0259miz:<br \/>\n    <a href=\"tel:+4917616263646\" target=\"_blank\" rel=\"noopener\"><br \/>\n      +49 176 16263646<br \/>\n    <\/a><br \/>\n  <\/b><\/p>\n","protected":false},"excerpt":{"rendered":"<p>V\u0259t\u0259nda\u015flara qar\u015f\u0131 g\u00f6zya\u015fard\u0131c\u0131 qazdan istifad\u0259 olunur<\/p>\n","protected":false},"author":11,"featured_media":45071,"comment_status":"closed","ping_status":"open","sticky":false,"template":"","format":"standard","meta":{"_acf_changed":false,"_sitemap_exclude":false,"_sitemap_priority":"","_sitemap_frequency":"","footnotes":""},"categories":[63],"tags":[],"class_list":["post-172812","post","type-post","status-publish","format-standard","has-post-thumbnail","hentry","category-video-2","infinite-scroll-item","generate-columns","tablet-grid-50","mobile-grid-100","grid-parent","grid-33","no-featured-image-padding"],"acf":[],"yoast_head":"<!-- This site is optimized with the Yoast SEO plugin v28.4 - https:\/\/yoast.com\/product\/yoast-seo-wordpress\/ -->\n<title>Qubada at\u0259\u015f s\u0259sl\u0259ri e\u015fidilir (V\u0130DEO) - MEYDAN.TV<\/title>\n<meta name=\"robots\" content=\"index, follow, max-snippet:-1, max-image-preview:large, max-video-preview:-1\" \/>\n<link rel=\"canonical\" href=\"https:\/\/www.meydan.tv\/az\/article\/qubada-ates-sesleri-esidilir-video\/\" \/>\n<meta property=\"og:locale\" content=\"az_AZ\" \/>\n<meta property=\"og:type\" content=\"article\" \/>\n<meta property=\"og:title\" content=\"Qubada at\u0259\u015f s\u0259sl\u0259ri e\u015fidilir (V\u0130DEO) - MEYDAN.TV\" \/>\n<meta property=\"og:description\" content=\"V\u0259t\u0259nda\u015flara qar\u015f\u0131 g\u00f6zya\u015fard\u0131c\u0131 qazdan istifad\u0259 olunur\" \/>\n<meta property=\"og:url\" content=\"https:\/\/www.meydan.tv\/az\/article\/qubada-ates-sesleri-esidilir-video\/\" \/>\n<meta property=\"og:site_name\" content=\"MEYDAN.TV\" \/>\n<meta property=\"article:published_time\" content=\"2016-01-15T20:12:41+00:00\" \/>\n<meta property=\"og:image\" content=\"https:\/\/www.meydan.tv\/wp-content\/uploads\/16904.jpg\" \/>\n\t<meta property=\"og:image:width\" content=\"800\" \/>\n\t<meta property=\"og:image:height\" content=\"449\" \/>\n\t<meta property=\"og:image:type\" content=\"image\/jpeg\" \/>\n<meta name=\"twitter:card\" content=\"summary_large_image\" \/>\n<!-- \/ Yoast SEO plugin. -->","yoast_head_json":{"title":"Qubada at\u0259\u015f s\u0259sl\u0259ri e\u015fidilir (V\u0130DEO) - MEYDAN.TV","robots":{"index":"index","follow":"follow","max-snippet":"max-snippet:-1","max-image-preview":"max-image-preview:large","max-video-preview":"max-video-preview:-1"},"canonical":"https:\/\/www.meydan.tv\/az\/article\/qubada-ates-sesleri-esidilir-video\/","og_locale":"az_AZ","og_type":"article","og_title":"Qubada at\u0259\u015f s\u0259sl\u0259ri e\u015fidilir (V\u0130DEO) - MEYDAN.TV","og_description":"V\u0259t\u0259nda\u015flara qar\u015f\u0131 g\u00f6zya\u015fard\u0131c\u0131 qazdan istifad\u0259 olunur","og_url":"https:\/\/www.meydan.tv\/az\/article\/qubada-ates-sesleri-esidilir-video\/","og_site_name":"MEYDAN.TV","article_published_time":"2016-01-15T20:12:41+00:00","og_image":[{"width":800,"height":449,"url":"https:\/\/www.meydan.tv\/wp-content\/uploads\/16904.jpg","type":"image\/jpeg"}],"twitter_card":"summary_large_image","schema":{"@context":"https:\/\/schema.org","@graph":[{"@type":"Article","@id":"https:\/\/www.meydan.tv\/az\/article\/qubada-ates-sesleri-esidilir-video\/#article","isPartOf":{"@id":"https:\/\/www.meydan.tv\/az\/article\/qubada-ates-sesleri-esidilir-video\/"},"author":{"name":"user-manager","@id":"https:\/\/www.meydan.tv\/az\/#\/schema\/person\/10d11eccf6da3662cf5fdab9806ea91a"},"headline":"Qubada at\u0259\u015f s\u0259sl\u0259ri e\u015fidilir (V\u0130DEO)","datePublished":"2016-01-15T20:12:41+00:00","mainEntityOfPage":{"@id":"https:\/\/www.meydan.tv\/az\/article\/qubada-ates-sesleri-esidilir-video\/"},"wordCount":67,"publisher":{"@id":"https:\/\/www.meydan.tv\/az\/#organization"},"image":{"@id":"https:\/\/www.meydan.tv\/az\/article\/qubada-ates-sesleri-esidilir-video\/#primaryimage"},"thumbnailUrl":"https:\/\/www.meydan.tv\/wp-content\/uploads\/16904.jpg","articleSection":["Video"],"inLanguage":"az"},{"@type":"WebPage","@id":"https:\/\/www.meydan.tv\/az\/article\/qubada-ates-sesleri-esidilir-video\/","url":"https:\/\/www.meydan.tv\/az\/article\/qubada-ates-sesleri-esidilir-video\/","name":"Qubada at\u0259\u015f s\u0259sl\u0259ri e\u015fidilir (V\u0130DEO) - MEYDAN.TV","isPartOf":{"@id":"https:\/\/www.meydan.tv\/az\/#website"},"primaryImageOfPage":{"@id":"https:\/\/www.meydan.tv\/az\/article\/qubada-ates-sesleri-esidilir-video\/#primaryimage"},"image":{"@id":"https:\/\/www.meydan.tv\/az\/article\/qubada-ates-sesleri-esidilir-video\/#primaryimage"},"thumbnailUrl":"https:\/\/www.meydan.tv\/wp-content\/uploads\/16904.jpg","datePublished":"2016-01-15T20:12:41+00:00","breadcrumb":{"@id":"https:\/\/www.meydan.tv\/az\/article\/qubada-ates-sesleri-esidilir-video\/#breadcrumb"},"inLanguage":"az","potentialAction":[{"@type":"ReadAction","target":["https:\/\/www.meydan.tv\/az\/article\/qubada-ates-sesleri-esidilir-video\/"]}]},{"@type":"ImageObject","inLanguage":"az","@id":"https:\/\/www.meydan.tv\/az\/article\/qubada-ates-sesleri-esidilir-video\/#primaryimage","url":"https:\/\/www.meydan.tv\/wp-content\/uploads\/16904.jpg","contentUrl":"https:\/\/www.meydan.tv\/wp-content\/uploads\/16904.jpg","width":800,"height":449,"caption":"Source:"},{"@type":"BreadcrumbList","@id":"https:\/\/www.meydan.tv\/az\/article\/qubada-ates-sesleri-esidilir-video\/#breadcrumb","itemListElement":[{"@type":"ListItem","position":1,"name":"Ana s\u0259hif\u0259","item":"https:\/\/www.meydan.tv\/az\/"},{"@type":"ListItem","position":2,"name":"Video","item":"https:\/\/www.meydan.tv\/az\/section\/video-2\/"},{"@type":"ListItem","position":3,"name":"Qubada at\u0259\u015f s\u0259sl\u0259ri e\u015fidilir (V\u0130DEO)"}]},{"@type":"WebSite","@id":"https:\/\/www.meydan.tv\/az\/#website","url":"https:\/\/www.meydan.tv\/az\/","name":"MEYDAN.TV","description":"Meydan TV Az\u0259rbaycan\u0131n media m\u0259kan\u0131ndak\u0131 alternativ s\u0259sidir","publisher":{"@id":"https:\/\/www.meydan.tv\/az\/#organization"},"potentialAction":[{"@type":"SearchAction","target":{"@type":"EntryPoint","urlTemplate":"https:\/\/www.meydan.tv\/az\/?s={search_term_string}"},"query-input":{"@type":"PropertyValueSpecification","valueRequired":true,"valueName":"search_term_string"}}],"inLanguage":"az"},{"@type":"Organization","@id":"https:\/\/www.meydan.tv\/az\/#organization","name":"Meydan TV","url":"https:\/\/www.meydan.tv\/az\/","logo":{"@type":"ImageObject","inLanguage":"az","@id":"https:\/\/www.meydan.tv\/az\/#\/schema\/logo\/image\/","url":"https:\/\/www.meydan.tv\/wp-content\/uploads\/2021\/07\/meydan-logo.svg","contentUrl":"https:\/\/www.meydan.tv\/wp-content\/uploads\/2021\/07\/meydan-logo.svg","width":195,"height":46,"caption":"Meydan TV"},"image":{"@id":"https:\/\/www.meydan.tv\/az\/#\/schema\/logo\/image\/"}},{"@type":"Person","@id":"https:\/\/www.meydan.tv\/az\/#\/schema\/person\/10d11eccf6da3662cf5fdab9806ea91a","name":"user-manager"}]}},"_links":{"self":[{"href":"https:\/\/www.meydan.tv\/az\/wp-json\/wp\/v2\/posts\/172812","targetHints":{"allow":["GET"]}}],"collection":[{"href":"https:\/\/www.meydan.tv\/az\/wp-json\/wp\/v2\/posts"}],"about":[{"href":"https:\/\/www.meydan.tv\/az\/wp-json\/wp\/v2\/types\/post"}],"author":[{"embeddable":true,"href":"https:\/\/www.meydan.tv\/az\/wp-json\/wp\/v2\/users\/11"}],"replies":[{"embeddable":true,"href":"https:\/\/www.meydan.tv\/az\/wp-json\/wp\/v2\/comments?post=172812"}],"version-history":[{"count":0,"href":"https:\/\/www.meydan.tv\/az\/wp-json\/wp\/v2\/posts\/172812\/revisions"}],"wp:featuredmedia":[{"embeddable":true,"href":"https:\/\/www.meydan.tv\/az\/wp-json\/wp\/v2\/media\/45071"}],"wp:attachment":[{"href":"https:\/\/www.meydan.tv\/az\/wp-json\/wp\/v2\/media?parent=172812"}],"wp:term":[{"taxonomy":"category","embeddable":true,"href":"https:\/\/www.meydan.tv\/az\/wp-json\/wp\/v2\/categories?post=172812"},{"taxonomy":"post_tag","embeddable":true,"href":"https:\/\/www.meydan.tv\/az\/wp-json\/wp\/v2\/tags?post=172812"}],"curies":[{"name":"wp","href":"https:\/\/api.w.org\/{rel}","templated":true}]}}