{"id":172674,"date":"2016-01-12T21:45:52","date_gmt":"2016-01-12T21:45:52","guid":{"rendered":"https:\/\/www.meydan.tv\/article\/onlarin-5-i-de-rasimi-doymek-meqsedi-ile-gelmisdi-video\/"},"modified":"2016-01-12T21:45:52","modified_gmt":"2016-01-12T21:45:52","slug":"onlarin-5-i-de-rasimi-doymek-meqsedi-ile-gelmisdi-video","status":"publish","type":"post","link":"https:\/\/www.meydan.tv\/az\/article\/onlarin-5-i-de-rasimi-doymek-meqsedi-ile-gelmisdi-video\/","title":{"rendered":"&#8221;Onlar\u0131n 5-i d\u0259 Rasimi d\u00f6ym\u0259k m\u0259qs\u0259di il\u0259 g\u0259lmi\u015fdi&#8221;  (V\u0130DEO)"},"content":{"rendered":"<figure class=\"wp-block-embed is-type-video is-provider-youtube wp-block-embed-youtube wp-embed-aspect-16-9 wp-has-aspect-ratio\">\n<div class=\"wp-block-embed__wrapper\">\n    <iframe loading=\"lazy\"\ttitle=\"\" width=\"1200\" height=\"675\" src=\"https:\/\/www.youtube.com\/embed\/iwqLzBwu_Wg\"\tframeborder=\"0\"\tallow=\"accelerometer; autoplay; clipboard-write; encrypted-media; gyroscope; picture-in-picture\" allowfullscreen><\/iframe>\n  <\/div><figcaption><\/figcaption><\/figure>\n<p>\n  Yanvar\u0131n 12-d\u0259 Bak\u0131 A\u011f\u0131r Cinay\u0259tl\u0259r M\u0259hk\u0259m\u0259sind\u0259 jurnalist Rasim \u018fliyevin \u00f6l\u00fcm\u00fc il\u0259 ba\u011fl\u0131 ke\u00e7iril\u0259n proses davam etdirilib. Proses\u0259 yen\u0259 jurnalistl\u0259r burax\u0131lmay\u0131b.\n<\/p>\n<p>\n  Futbol\u00e7u Cavid H\u00fcseynovun yax\u0131n\u0131 olan El\u015f\u0259n \u0130smay\u0131lov ifad\u0259sind\u0259 g\u00f6r\u00fc\u015fm\u0259zd\u0259n \u0259vv\u0259l Rasim \u018fliyevin telefon dan\u0131\u015f\u0131qlar\u0131nda onu s\u00f6yd\u00fcy\u00fcn\u00fc bildirib. Lakin jurnalistin valideynl\u0259ri bunu q\u0259bul etmir, Rasimin onlarla \u00e7ay i\u00e7m\u0259k niyy\u0259ti il\u0259 evd\u0259n \u00e7\u0131xd\u0131\u011f\u0131n\u0131 s\u00f6yl\u0259yirl\u0259r.\n<\/p>\n<p>\n  V\u0259kil \u018fsab\u0259li Mustafayevin s\u00f6zl\u0259rin\u0259 g\u00f6r\u0259 t\u0259qsirl\u0259ndiril\u0259n \u015f\u0259xsl\u0259rin ifad\u0259l\u0259ri ibtidai istintaq d\u00f6vr\u00fcnd\u0259 veril\u0259n ifad\u0259l\u0259rl\u0259 \u00fcst-\u00fcst\u0259 d\u00fc\u015fm\u00fcr.\n<\/p>\n<p>\n  N\u00f6vb\u0259ti m\u0259hk\u0259m\u0259 prosesi yanvar\u0131n 14-n\u0259 t\u0259yin olunub.\n<\/p>\n<p><div>\n    <b><br \/>\n      Sizin d\u0259 \u0259linizd\u0259 foto-video v\u0259 maraql\u0131 m\u0259lumat varsa biz\u0259 g\u00f6nd\u0259rin: Whatsapp: +4917616263646<br \/>\n    <\/b>\n  <\/div><\/p>\n","protected":false},"excerpt":{"rendered":"<p>Proses\u0259 yen\u0259 jurnalistl\u0259r burax\u0131lmay\u0131b<\/p>\n","protected":false},"author":11,"featured_media":44284,"comment_status":"closed","ping_status":"open","sticky":false,"template":"","format":"standard","meta":{"_acf_changed":false,"_sitemap_exclude":false,"_sitemap_priority":"","_sitemap_frequency":"","footnotes":""},"categories":[63],"tags":[],"class_list":["post-172674","post","type-post","status-publish","format-standard","has-post-thumbnail","hentry","category-video-2","infinite-scroll-item","generate-columns","tablet-grid-50","mobile-grid-100","grid-parent","grid-33","no-featured-image-padding"],"acf":[],"yoast_head":"<!-- This site is optimized with the Yoast SEO plugin v28.4 - https:\/\/yoast.com\/product\/yoast-seo-wordpress\/ -->\n<title>&#039;&#039;Onlar\u0131n 5-i d\u0259 Rasimi d\u00f6ym\u0259k m\u0259qs\u0259di il\u0259 g\u0259lmi\u015fdi&#039;&#039; (V\u0130DEO) - MEYDAN.TV<\/title>\n<meta name=\"robots\" content=\"index, follow, max-snippet:-1, max-image-preview:large, max-video-preview:-1\" \/>\n<link rel=\"canonical\" href=\"https:\/\/www.meydan.tv\/az\/article\/onlarin-5-i-de-rasimi-doymek-meqsedi-ile-gelmisdi-video\/\" \/>\n<meta property=\"og:locale\" content=\"az_AZ\" \/>\n<meta property=\"og:type\" content=\"article\" \/>\n<meta property=\"og:title\" content=\"&#039;&#039;Onlar\u0131n 5-i d\u0259 Rasimi d\u00f6ym\u0259k m\u0259qs\u0259di il\u0259 g\u0259lmi\u015fdi&#039;&#039; (V\u0130DEO) - MEYDAN.TV\" \/>\n<meta property=\"og:description\" content=\"Proses\u0259 yen\u0259 jurnalistl\u0259r burax\u0131lmay\u0131b\" \/>\n<meta property=\"og:url\" content=\"https:\/\/www.meydan.tv\/az\/article\/onlarin-5-i-de-rasimi-doymek-meqsedi-ile-gelmisdi-video\/\" \/>\n<meta property=\"og:site_name\" content=\"MEYDAN.TV\" \/>\n<meta property=\"article:published_time\" content=\"2016-01-12T21:45:52+00:00\" \/>\n<meta property=\"og:image\" content=\"https:\/\/www.meydan.tv\/wp-content\/uploads\/16697.png\" \/>\n\t<meta property=\"og:image:width\" content=\"921\" \/>\n\t<meta property=\"og:image:height\" content=\"509\" \/>\n\t<meta property=\"og:image:type\" content=\"image\/png\" \/>\n<meta name=\"twitter:card\" content=\"summary_large_image\" \/>\n<!-- \/ Yoast SEO plugin. -->","yoast_head_json":{"title":"''Onlar\u0131n 5-i d\u0259 Rasimi d\u00f6ym\u0259k m\u0259qs\u0259di il\u0259 g\u0259lmi\u015fdi'' (V\u0130DEO) - MEYDAN.TV","robots":{"index":"index","follow":"follow","max-snippet":"max-snippet:-1","max-image-preview":"max-image-preview:large","max-video-preview":"max-video-preview:-1"},"canonical":"https:\/\/www.meydan.tv\/az\/article\/onlarin-5-i-de-rasimi-doymek-meqsedi-ile-gelmisdi-video\/","og_locale":"az_AZ","og_type":"article","og_title":"''Onlar\u0131n 5-i d\u0259 Rasimi d\u00f6ym\u0259k m\u0259qs\u0259di il\u0259 g\u0259lmi\u015fdi'' (V\u0130DEO) - MEYDAN.TV","og_description":"Proses\u0259 yen\u0259 jurnalistl\u0259r burax\u0131lmay\u0131b","og_url":"https:\/\/www.meydan.tv\/az\/article\/onlarin-5-i-de-rasimi-doymek-meqsedi-ile-gelmisdi-video\/","og_site_name":"MEYDAN.TV","article_published_time":"2016-01-12T21:45:52+00:00","og_image":[{"width":921,"height":509,"url":"https:\/\/www.meydan.tv\/wp-content\/uploads\/16697.png","type":"image\/png"}],"twitter_card":"summary_large_image","schema":{"@context":"https:\/\/schema.org","@graph":[{"@type":"Article","@id":"https:\/\/www.meydan.tv\/az\/article\/onlarin-5-i-de-rasimi-doymek-meqsedi-ile-gelmisdi-video\/#article","isPartOf":{"@id":"https:\/\/www.meydan.tv\/az\/article\/onlarin-5-i-de-rasimi-doymek-meqsedi-ile-gelmisdi-video\/"},"author":{"name":"user-manager","@id":"https:\/\/www.meydan.tv\/az\/#\/schema\/person\/10d11eccf6da3662cf5fdab9806ea91a"},"headline":"&#8221;Onlar\u0131n 5-i d\u0259 Rasimi d\u00f6ym\u0259k m\u0259qs\u0259di il\u0259 g\u0259lmi\u015fdi&#8221; (V\u0130DEO)","datePublished":"2016-01-12T21:45:52+00:00","mainEntityOfPage":{"@id":"https:\/\/www.meydan.tv\/az\/article\/onlarin-5-i-de-rasimi-doymek-meqsedi-ile-gelmisdi-video\/"},"wordCount":170,"publisher":{"@id":"https:\/\/www.meydan.tv\/az\/#organization"},"image":{"@id":"https:\/\/www.meydan.tv\/az\/article\/onlarin-5-i-de-rasimi-doymek-meqsedi-ile-gelmisdi-video\/#primaryimage"},"thumbnailUrl":"https:\/\/www.meydan.tv\/wp-content\/uploads\/16697.png","articleSection":["Video"],"inLanguage":"az"},{"@type":"WebPage","@id":"https:\/\/www.meydan.tv\/az\/article\/onlarin-5-i-de-rasimi-doymek-meqsedi-ile-gelmisdi-video\/","url":"https:\/\/www.meydan.tv\/az\/article\/onlarin-5-i-de-rasimi-doymek-meqsedi-ile-gelmisdi-video\/","name":"''Onlar\u0131n 5-i d\u0259 Rasimi d\u00f6ym\u0259k m\u0259qs\u0259di il\u0259 g\u0259lmi\u015fdi'' (V\u0130DEO) - MEYDAN.TV","isPartOf":{"@id":"https:\/\/www.meydan.tv\/az\/#website"},"primaryImageOfPage":{"@id":"https:\/\/www.meydan.tv\/az\/article\/onlarin-5-i-de-rasimi-doymek-meqsedi-ile-gelmisdi-video\/#primaryimage"},"image":{"@id":"https:\/\/www.meydan.tv\/az\/article\/onlarin-5-i-de-rasimi-doymek-meqsedi-ile-gelmisdi-video\/#primaryimage"},"thumbnailUrl":"https:\/\/www.meydan.tv\/wp-content\/uploads\/16697.png","datePublished":"2016-01-12T21:45:52+00:00","breadcrumb":{"@id":"https:\/\/www.meydan.tv\/az\/article\/onlarin-5-i-de-rasimi-doymek-meqsedi-ile-gelmisdi-video\/#breadcrumb"},"inLanguage":"az","potentialAction":[{"@type":"ReadAction","target":["https:\/\/www.meydan.tv\/az\/article\/onlarin-5-i-de-rasimi-doymek-meqsedi-ile-gelmisdi-video\/"]}]},{"@type":"ImageObject","inLanguage":"az","@id":"https:\/\/www.meydan.tv\/az\/article\/onlarin-5-i-de-rasimi-doymek-meqsedi-ile-gelmisdi-video\/#primaryimage","url":"https:\/\/www.meydan.tv\/wp-content\/uploads\/16697.png","contentUrl":"https:\/\/www.meydan.tv\/wp-content\/uploads\/16697.png","width":921,"height":509,"caption":"Source:"},{"@type":"BreadcrumbList","@id":"https:\/\/www.meydan.tv\/az\/article\/onlarin-5-i-de-rasimi-doymek-meqsedi-ile-gelmisdi-video\/#breadcrumb","itemListElement":[{"@type":"ListItem","position":1,"name":"Ana s\u0259hif\u0259","item":"https:\/\/www.meydan.tv\/az\/"},{"@type":"ListItem","position":2,"name":"Video","item":"https:\/\/www.meydan.tv\/az\/section\/video-2\/"},{"@type":"ListItem","position":3,"name":"&#8221;Onlar\u0131n 5-i d\u0259 Rasimi d\u00f6ym\u0259k m\u0259qs\u0259di il\u0259 g\u0259lmi\u015fdi&#8221; (V\u0130DEO)"}]},{"@type":"WebSite","@id":"https:\/\/www.meydan.tv\/az\/#website","url":"https:\/\/www.meydan.tv\/az\/","name":"MEYDAN.TV","description":"Meydan TV Az\u0259rbaycan\u0131n media m\u0259kan\u0131ndak\u0131 alternativ s\u0259sidir","publisher":{"@id":"https:\/\/www.meydan.tv\/az\/#organization"},"potentialAction":[{"@type":"SearchAction","target":{"@type":"EntryPoint","urlTemplate":"https:\/\/www.meydan.tv\/az\/?s={search_term_string}"},"query-input":{"@type":"PropertyValueSpecification","valueRequired":true,"valueName":"search_term_string"}}],"inLanguage":"az"},{"@type":"Organization","@id":"https:\/\/www.meydan.tv\/az\/#organization","name":"Meydan TV","url":"https:\/\/www.meydan.tv\/az\/","logo":{"@type":"ImageObject","inLanguage":"az","@id":"https:\/\/www.meydan.tv\/az\/#\/schema\/logo\/image\/","url":"https:\/\/www.meydan.tv\/wp-content\/uploads\/2021\/07\/meydan-logo.svg","contentUrl":"https:\/\/www.meydan.tv\/wp-content\/uploads\/2021\/07\/meydan-logo.svg","width":195,"height":46,"caption":"Meydan TV"},"image":{"@id":"https:\/\/www.meydan.tv\/az\/#\/schema\/logo\/image\/"}},{"@type":"Person","@id":"https:\/\/www.meydan.tv\/az\/#\/schema\/person\/10d11eccf6da3662cf5fdab9806ea91a","name":"user-manager"}]}},"_links":{"self":[{"href":"https:\/\/www.meydan.tv\/az\/wp-json\/wp\/v2\/posts\/172674","targetHints":{"allow":["GET"]}}],"collection":[{"href":"https:\/\/www.meydan.tv\/az\/wp-json\/wp\/v2\/posts"}],"about":[{"href":"https:\/\/www.meydan.tv\/az\/wp-json\/wp\/v2\/types\/post"}],"author":[{"embeddable":true,"href":"https:\/\/www.meydan.tv\/az\/wp-json\/wp\/v2\/users\/11"}],"replies":[{"embeddable":true,"href":"https:\/\/www.meydan.tv\/az\/wp-json\/wp\/v2\/comments?post=172674"}],"version-history":[{"count":0,"href":"https:\/\/www.meydan.tv\/az\/wp-json\/wp\/v2\/posts\/172674\/revisions"}],"wp:featuredmedia":[{"embeddable":true,"href":"https:\/\/www.meydan.tv\/az\/wp-json\/wp\/v2\/media\/44284"}],"wp:attachment":[{"href":"https:\/\/www.meydan.tv\/az\/wp-json\/wp\/v2\/media?parent=172674"}],"wp:term":[{"taxonomy":"category","embeddable":true,"href":"https:\/\/www.meydan.tv\/az\/wp-json\/wp\/v2\/categories?post=172674"},{"taxonomy":"post_tag","embeddable":true,"href":"https:\/\/www.meydan.tv\/az\/wp-json\/wp\/v2\/tags?post=172674"}],"curies":[{"name":"wp","href":"https:\/\/api.w.org\/{rel}","templated":true}]}}