{"id":172673,"date":"2016-01-12T21:33:26","date_gmt":"2016-01-12T21:33:26","guid":{"rendered":"https:\/\/www.meydan.tv\/article\/ilham-eliyev-xaricden-gelen-mallari-endirsin-asagiya-video\/"},"modified":"2016-01-12T21:33:26","modified_gmt":"2016-01-12T21:33:26","slug":"ilham-eliyev-xaricden-gelen-mallari-endirsin-asagiya-video","status":"publish","type":"post","link":"https:\/\/www.meydan.tv\/az\/article\/ilham-eliyev-xaricden-gelen-mallari-endirsin-asagiya-video\/","title":{"rendered":"&#8221;\u0130lham \u018fliyev xaricd\u0259n g\u0259l\u0259n mallar\u0131 endirsin a\u015fa\u011f\u0131ya&#8221; (V\u0130DEO)"},"content":{"rendered":"<figure class=\"wp-block-embed is-type-video is-provider-youtube wp-block-embed-youtube wp-embed-aspect-16-9 wp-has-aspect-ratio\">\n<div class=\"wp-block-embed__wrapper\">\n    <iframe loading=\"lazy\"\ttitle=\"\" width=\"1200\" height=\"675\" src=\"https:\/\/www.youtube.com\/embed\/inzWoaO9EeI\"\tframeborder=\"0\"\tallow=\"accelerometer; autoplay; clipboard-write; encrypted-media; gyroscope; picture-in-picture\" allowfullscreen><\/iframe>\n  <\/div><figcaption><\/figcaption><\/figure>\n<p>\n  Yanvar\u0131n 12-d\u0259 A\u011fcab\u0259did\u0259 bahala\u015fma v\u0259 i\u015fsizlik \u0259leyhin\u0259 etiraz aksiyas\u0131 ke\u00e7irilib. Bu haqda aksiya i\u015ftirak\u00e7\u0131lar\u0131 Meydan TV-y\u0259 m\u0259lumat veribl\u0259r. M\u0259lumatda aksiya\u00e7\u0131lardan 3 n\u0259f\u0259rin be\u015fm\u0259rt\u0259b\u0259li binan\u0131n dam\u0131na \u00e7\u0131xaraq intihar etm\u0259k ist\u0259dikl\u0259ri d\u0259 qeyd olunub. Aksiya i\u015ftirak\u00e7\u0131lar\u0131 t\u0259xmin\u0259n 3 saat \u0259rzind\u0259 A\u011fdam-A\u011fcab\u0259di yolunu ba\u011flay\u0131blar.<\/p>\n<p>  A\u011fcab\u0259di Rayon Polis \u015e\u00f6b\u0259sinin sah\u0259 r\u0259isi, polis kapitan\u0131 G\u00fclmal\u0131 Orucovun a\u00e7\u0131qlamas\u0131na g\u00f6r\u0259 is\u0259 \u201cM\u0259tbuatda yay\u0131lanlar\u0131n ham\u0131s\u0131 \u015fayi\u0259dir. Sad\u0259c\u0259 olaraq, bu g\u00fcn 3 n\u0259f\u0259r binan\u0131n \u00fcst\u00fcn\u0259 \u00e7\u0131xaraq intihara c\u0259hd edib, lakin operativ t\u0259dbirl\u0259rin n\u0259tic\u0259sind\u0259 onlar\u0131n h\u0259yat\u0131n\u0131 xilas etm\u0259k m\u00fcmk\u00fcn olub\u201d. Haz\u0131rda n\u00f6vb\u0259t\u00e7i hiss\u0259d\u0259 olan G\u00fclmal\u0131 Orucov bildirdi ki, rayonda etirazlar\u0131n olmas\u0131 il\u0259 ba\u011fl\u0131 yay\u0131lan m\u0259lumatlar h\u0259qiq\u0259ti \u0259ks etdirmir.<\/p>\n<p>  <b><br \/>\n    Sizin d\u0259 \u0259linizd\u0259 foto-video v\u0259 maraql\u0131 m\u0259lumat varsa biz\u0259 g\u00f6nd\u0259rin: Whatsapp: +4917616263646<br \/>\n  <\/b><\/p>\n","protected":false},"excerpt":{"rendered":"<p>Aksiya i\u015ftirak\u00e7\u0131lar\u0131 t\u0259xmin\u0259n 3 saat \u0259rzind\u0259 A\u011fdam-A\u011fcab\u0259di yolunu ba\u011flay\u0131blar<\/p>\n","protected":false},"author":11,"featured_media":44281,"comment_status":"closed","ping_status":"open","sticky":false,"template":"","format":"standard","meta":{"_acf_changed":false,"_sitemap_exclude":false,"_sitemap_priority":"","_sitemap_frequency":"","footnotes":""},"categories":[63],"tags":[],"class_list":["post-172673","post","type-post","status-publish","format-standard","has-post-thumbnail","hentry","category-video-2","infinite-scroll-item","generate-columns","tablet-grid-50","mobile-grid-100","grid-parent","grid-33","no-featured-image-padding"],"acf":[],"yoast_head":"<!-- This site is optimized with the Yoast SEO plugin v28.4 - https:\/\/yoast.com\/product\/yoast-seo-wordpress\/ -->\n<title>&#039;&#039;\u0130lham \u018fliyev xaricd\u0259n g\u0259l\u0259n mallar\u0131 endirsin a\u015fa\u011f\u0131ya&#039;&#039; (V\u0130DEO) - MEYDAN.TV<\/title>\n<meta name=\"robots\" content=\"index, follow, max-snippet:-1, max-image-preview:large, max-video-preview:-1\" \/>\n<link rel=\"canonical\" href=\"https:\/\/www.meydan.tv\/az\/article\/ilham-eliyev-xaricden-gelen-mallari-endirsin-asagiya-video\/\" \/>\n<meta property=\"og:locale\" content=\"az_AZ\" \/>\n<meta property=\"og:type\" content=\"article\" \/>\n<meta property=\"og:title\" content=\"&#039;&#039;\u0130lham \u018fliyev xaricd\u0259n g\u0259l\u0259n mallar\u0131 endirsin a\u015fa\u011f\u0131ya&#039;&#039; (V\u0130DEO) - MEYDAN.TV\" \/>\n<meta property=\"og:description\" content=\"Aksiya i\u015ftirak\u00e7\u0131lar\u0131 t\u0259xmin\u0259n 3 saat \u0259rzind\u0259 A\u011fdam-A\u011fcab\u0259di yolunu ba\u011flay\u0131blar\" \/>\n<meta property=\"og:url\" content=\"https:\/\/www.meydan.tv\/az\/article\/ilham-eliyev-xaricden-gelen-mallari-endirsin-asagiya-video\/\" \/>\n<meta property=\"og:site_name\" content=\"MEYDAN.TV\" \/>\n<meta property=\"article:published_time\" content=\"2016-01-12T21:33:26+00:00\" \/>\n<meta property=\"og:image\" content=\"https:\/\/www.meydan.tv\/wp-content\/uploads\/16696.jpg\" \/>\n\t<meta property=\"og:image:width\" content=\"2024\" \/>\n\t<meta property=\"og:image:height\" content=\"1136\" \/>\n\t<meta property=\"og:image:type\" content=\"image\/jpeg\" \/>\n<meta name=\"twitter:card\" content=\"summary_large_image\" \/>\n<!-- \/ Yoast SEO plugin. -->","yoast_head_json":{"title":"''\u0130lham \u018fliyev xaricd\u0259n g\u0259l\u0259n mallar\u0131 endirsin a\u015fa\u011f\u0131ya'' (V\u0130DEO) - MEYDAN.TV","robots":{"index":"index","follow":"follow","max-snippet":"max-snippet:-1","max-image-preview":"max-image-preview:large","max-video-preview":"max-video-preview:-1"},"canonical":"https:\/\/www.meydan.tv\/az\/article\/ilham-eliyev-xaricden-gelen-mallari-endirsin-asagiya-video\/","og_locale":"az_AZ","og_type":"article","og_title":"''\u0130lham \u018fliyev xaricd\u0259n g\u0259l\u0259n mallar\u0131 endirsin a\u015fa\u011f\u0131ya'' (V\u0130DEO) - MEYDAN.TV","og_description":"Aksiya i\u015ftirak\u00e7\u0131lar\u0131 t\u0259xmin\u0259n 3 saat \u0259rzind\u0259 A\u011fdam-A\u011fcab\u0259di yolunu ba\u011flay\u0131blar","og_url":"https:\/\/www.meydan.tv\/az\/article\/ilham-eliyev-xaricden-gelen-mallari-endirsin-asagiya-video\/","og_site_name":"MEYDAN.TV","article_published_time":"2016-01-12T21:33:26+00:00","og_image":[{"width":2024,"height":1136,"url":"https:\/\/www.meydan.tv\/wp-content\/uploads\/16696.jpg","type":"image\/jpeg"}],"twitter_card":"summary_large_image","schema":{"@context":"https:\/\/schema.org","@graph":[{"@type":"Article","@id":"https:\/\/www.meydan.tv\/az\/article\/ilham-eliyev-xaricden-gelen-mallari-endirsin-asagiya-video\/#article","isPartOf":{"@id":"https:\/\/www.meydan.tv\/az\/article\/ilham-eliyev-xaricden-gelen-mallari-endirsin-asagiya-video\/"},"author":{"name":"user-manager","@id":"https:\/\/www.meydan.tv\/az\/#\/schema\/person\/10d11eccf6da3662cf5fdab9806ea91a"},"headline":"&#8221;\u0130lham \u018fliyev xaricd\u0259n g\u0259l\u0259n mallar\u0131 endirsin a\u015fa\u011f\u0131ya&#8221; (V\u0130DEO)","datePublished":"2016-01-12T21:33:26+00:00","mainEntityOfPage":{"@id":"https:\/\/www.meydan.tv\/az\/article\/ilham-eliyev-xaricden-gelen-mallari-endirsin-asagiya-video\/"},"wordCount":197,"publisher":{"@id":"https:\/\/www.meydan.tv\/az\/#organization"},"image":{"@id":"https:\/\/www.meydan.tv\/az\/article\/ilham-eliyev-xaricden-gelen-mallari-endirsin-asagiya-video\/#primaryimage"},"thumbnailUrl":"https:\/\/www.meydan.tv\/wp-content\/uploads\/16696.jpg","articleSection":["Video"],"inLanguage":"az"},{"@type":"WebPage","@id":"https:\/\/www.meydan.tv\/az\/article\/ilham-eliyev-xaricden-gelen-mallari-endirsin-asagiya-video\/","url":"https:\/\/www.meydan.tv\/az\/article\/ilham-eliyev-xaricden-gelen-mallari-endirsin-asagiya-video\/","name":"''\u0130lham \u018fliyev xaricd\u0259n g\u0259l\u0259n mallar\u0131 endirsin a\u015fa\u011f\u0131ya'' (V\u0130DEO) - MEYDAN.TV","isPartOf":{"@id":"https:\/\/www.meydan.tv\/az\/#website"},"primaryImageOfPage":{"@id":"https:\/\/www.meydan.tv\/az\/article\/ilham-eliyev-xaricden-gelen-mallari-endirsin-asagiya-video\/#primaryimage"},"image":{"@id":"https:\/\/www.meydan.tv\/az\/article\/ilham-eliyev-xaricden-gelen-mallari-endirsin-asagiya-video\/#primaryimage"},"thumbnailUrl":"https:\/\/www.meydan.tv\/wp-content\/uploads\/16696.jpg","datePublished":"2016-01-12T21:33:26+00:00","breadcrumb":{"@id":"https:\/\/www.meydan.tv\/az\/article\/ilham-eliyev-xaricden-gelen-mallari-endirsin-asagiya-video\/#breadcrumb"},"inLanguage":"az","potentialAction":[{"@type":"ReadAction","target":["https:\/\/www.meydan.tv\/az\/article\/ilham-eliyev-xaricden-gelen-mallari-endirsin-asagiya-video\/"]}]},{"@type":"ImageObject","inLanguage":"az","@id":"https:\/\/www.meydan.tv\/az\/article\/ilham-eliyev-xaricden-gelen-mallari-endirsin-asagiya-video\/#primaryimage","url":"https:\/\/www.meydan.tv\/wp-content\/uploads\/16696.jpg","contentUrl":"https:\/\/www.meydan.tv\/wp-content\/uploads\/16696.jpg","width":2024,"height":1136,"caption":"Source:"},{"@type":"BreadcrumbList","@id":"https:\/\/www.meydan.tv\/az\/article\/ilham-eliyev-xaricden-gelen-mallari-endirsin-asagiya-video\/#breadcrumb","itemListElement":[{"@type":"ListItem","position":1,"name":"Ana s\u0259hif\u0259","item":"https:\/\/www.meydan.tv\/az\/"},{"@type":"ListItem","position":2,"name":"Video","item":"https:\/\/www.meydan.tv\/az\/section\/video-2\/"},{"@type":"ListItem","position":3,"name":"&#8221;\u0130lham \u018fliyev xaricd\u0259n g\u0259l\u0259n mallar\u0131 endirsin a\u015fa\u011f\u0131ya&#8221; (V\u0130DEO)"}]},{"@type":"WebSite","@id":"https:\/\/www.meydan.tv\/az\/#website","url":"https:\/\/www.meydan.tv\/az\/","name":"MEYDAN.TV","description":"Meydan TV Az\u0259rbaycan\u0131n media m\u0259kan\u0131ndak\u0131 alternativ s\u0259sidir","publisher":{"@id":"https:\/\/www.meydan.tv\/az\/#organization"},"potentialAction":[{"@type":"SearchAction","target":{"@type":"EntryPoint","urlTemplate":"https:\/\/www.meydan.tv\/az\/?s={search_term_string}"},"query-input":{"@type":"PropertyValueSpecification","valueRequired":true,"valueName":"search_term_string"}}],"inLanguage":"az"},{"@type":"Organization","@id":"https:\/\/www.meydan.tv\/az\/#organization","name":"Meydan TV","url":"https:\/\/www.meydan.tv\/az\/","logo":{"@type":"ImageObject","inLanguage":"az","@id":"https:\/\/www.meydan.tv\/az\/#\/schema\/logo\/image\/","url":"https:\/\/www.meydan.tv\/wp-content\/uploads\/2021\/07\/meydan-logo.svg","contentUrl":"https:\/\/www.meydan.tv\/wp-content\/uploads\/2021\/07\/meydan-logo.svg","width":195,"height":46,"caption":"Meydan TV"},"image":{"@id":"https:\/\/www.meydan.tv\/az\/#\/schema\/logo\/image\/"}},{"@type":"Person","@id":"https:\/\/www.meydan.tv\/az\/#\/schema\/person\/10d11eccf6da3662cf5fdab9806ea91a","name":"user-manager"}]}},"_links":{"self":[{"href":"https:\/\/www.meydan.tv\/az\/wp-json\/wp\/v2\/posts\/172673","targetHints":{"allow":["GET"]}}],"collection":[{"href":"https:\/\/www.meydan.tv\/az\/wp-json\/wp\/v2\/posts"}],"about":[{"href":"https:\/\/www.meydan.tv\/az\/wp-json\/wp\/v2\/types\/post"}],"author":[{"embeddable":true,"href":"https:\/\/www.meydan.tv\/az\/wp-json\/wp\/v2\/users\/11"}],"replies":[{"embeddable":true,"href":"https:\/\/www.meydan.tv\/az\/wp-json\/wp\/v2\/comments?post=172673"}],"version-history":[{"count":0,"href":"https:\/\/www.meydan.tv\/az\/wp-json\/wp\/v2\/posts\/172673\/revisions"}],"wp:featuredmedia":[{"embeddable":true,"href":"https:\/\/www.meydan.tv\/az\/wp-json\/wp\/v2\/media\/44281"}],"wp:attachment":[{"href":"https:\/\/www.meydan.tv\/az\/wp-json\/wp\/v2\/media?parent=172673"}],"wp:term":[{"taxonomy":"category","embeddable":true,"href":"https:\/\/www.meydan.tv\/az\/wp-json\/wp\/v2\/categories?post=172673"},{"taxonomy":"post_tag","embeddable":true,"href":"https:\/\/www.meydan.tv\/az\/wp-json\/wp\/v2\/tags?post=172673"}],"curies":[{"name":"wp","href":"https:\/\/api.w.org\/{rel}","templated":true}]}}