{"id":172368,"date":"2015-12-31T15:32:29","date_gmt":"2015-12-31T15:32:29","guid":{"rendered":"https:\/\/www.meydan.tv\/article\/natiq-ceferli-2016-cl-il-agir-olacaq-top-indi-hakimiyyetdedir\/"},"modified":"2015-12-31T15:32:29","modified_gmt":"2015-12-31T15:32:29","slug":"natiq-ceferli-2016-cl-il-agir-olacaq-top-indi-hakimiyyetdedir","status":"publish","type":"post","link":"https:\/\/www.meydan.tv\/az\/article\/natiq-ceferli-2016-cl-il-agir-olacaq-top-indi-hakimiyyetdedir\/","title":{"rendered":"Natiq C\u0259f\u0259rli: 2016-cl il a\u011f\u0131r olacaq&#8230; Top indi hakimiyy\u0259td\u0259dir"},"content":{"rendered":"<figure class=\"wp-block-image size-large\">\n  <img decoding=\"async\" src=\"https:\/\/www.meydan.tv\/az\/43365\/\" alt=\"\" class=\"wp-image-43365\"\/><figcaption><\/figcaption><\/figure>\n<figure class=\"wp-block-image size-large\">\n  <img decoding=\"async\" src=\"https:\/\/www.meydan.tv\/az\/43368\/\" alt=\"\" class=\"wp-image-43368\"\/><figcaption><\/figcaption><\/figure>\n<p>\n  <i><br \/>\n    B\u00fcdc\u0259 k\u0259sintil\u0259ri 150-160 min insan\u0131 i\u015fsiz qoyacaq, bank sektorunda olan t\u0259lat\u00fcml\u0259r o sah\u0259d\u0259 \u00e7al\u0131\u015fan i\u015f\u00e7il\u0259rin d\u0259 yar\u0131s\u0131n\u0131 i\u015fsiz qoyacaq, ticar\u0259tin z\u0259ifl\u0259m\u0259si, iqtisadi aktivliyin azalmas\u0131 onminl\u0259rl\u0259 insan\u0131n i\u015f yerinin itirilm\u0259si il\u0259 n\u0259tic\u0259l\u0259n\u0259c\u0259k<br \/>\n  <\/i>\n<\/p>\n<p>\n  <i><br \/>\n    <b><br \/>\n      ReAL \u0130dar\u0259 Hey\u0259tinin \u00fczv\u00fc, iqtisad\u00e7\u0131 Natiq C\u0259f\u0259rli Facebook s\u0259hif\u0259sind\u0259 2016-c\u0131 ild\u0259 Az\u0259rbaycan\u0131, b\u00f6lg\u0259mizi v\u0259 d\u00fcnyan\u0131 g\u00f6zl\u0259y\u0259n siyasi-iqtisadi hadis\u0259l\u0259rl\u0259 ba\u011fl\u0131 fikirl\u0259rini payla\u015f\u0131b.<br \/>\n    <\/b><br \/>\n  <\/i>\n<\/p>\n<p>\n  <i><br \/>\n    <b><br \/>\n      Meydan TV ki\u00e7ik ixtisarlarla Natiq C\u0259f\u0259rlinin fikirl\u0259rini t\u0259qdim edir<br \/>\n    <\/b><br \/>\n  <\/i>\n<\/p>\n<figure class=\"wp-block-image size-large\">\n  <img decoding=\"async\" src=\"https:\/\/www.meydan.tv\/az\/43371\/\" alt=\"\" class=\"wp-image-43371\"\/><figcaption><\/figcaption><\/figure>\n<p>\n  <b><br \/>\n    AB\u015e:<br \/>\n  <\/b><br \/>\n  D\u00fcnyan\u0131n \u0259n b\u00f6y\u00fck iqtisadiyyat\u0131 g\u0259l\u0259n il \u00f6z \u0259n\u0259n\u0259vi roluna \u2013 d\u00fcnya iqtisadiyyat\u0131n\u0131n lokomotivi roluna geri d\u00f6n\u0259c\u0259k. Son ill\u0259r do\u011fru iqtisadi siyas\u0259t n\u0259tic\u0259sind\u0259 2008-ci ilin b\u00f6hran\u0131ndan \u0259n tez \u00e7\u0131xan \u00f6lk\u0259 AB\u015e oldu, g\u0259l\u0259n il d\u0259 \u00dcDM-l\u0259ri 3 faiz civar\u0131nda b\u00f6y\u00fcy\u0259c\u0259k, bu is\u0259 \u00e7ox yax\u015f\u0131 n\u0259tic\u0259dir. G\u0259l\u0259n il AB\u015e-da \u0259sas g\u00fcnd\u0259m iqtisadiyyat olmayacaq, se\u00e7kil\u0259r olacaq, respublika\u00e7\u0131lar\u0131n A\u011f Ev\u0259 d\u00f6nm\u0259 \u015fans\u0131 daha \u00e7oxdur. Amma, t\u0259bii ki, iqtisadi m\u0259s\u0259l\u0259l\u0259r\u0259 d\u0259 y\u00f6n ver\u0259n AB\u015e olacaq, FED g\u0259l\u0259n il az\u0131 1, daha b\u00f6y\u00fck ehtimal 2 d\u0259f\u0259 u\u00e7ot d\u0259r\u0259c\u0259sini qald\u0131racaq, faizl\u0259rin indiki 0,25-0,50 faizd\u0259n, ilin sonuna 0,75-1 faiz olma ehtimal\u0131 \u00e7oxdur. Bu da d\u00fcnyada dollar\u0131 m\u00f6hk\u0259ml\u0259ndir\u0259c\u0259k.\n<\/p>\n<figure class=\"wp-block-image size-large\">\n  <img decoding=\"async\" src=\"https:\/\/www.meydan.tv\/az\/43374\/\" alt=\"\" class=\"wp-image-43374\"\/><figcaption><\/figcaption><\/figure>\n<p>\n  <b><br \/>\n    Avropa:<br \/>\n  <\/b><br \/>\n  Avropan\u0131n struktur probleml\u0259ri h\u0259l\u0259 d\u0259 qal\u0131b, iqtisadiyyatlar\u0131 daha yava\u015f b\u00f6y\u00fcy\u0259c\u0259k, amma ucuz neft qiym\u0259tl\u0259ri b\u00f6y\u00fcm\u0259nin s\u00fcr\u0259tini art\u0131racaq. G\u0259l\u0259n il yenid\u0259n Yunan\u0131stan problemi \u00e7ox dan\u0131\u015f\u0131lacaq, \u00e7\u00fcnki yeni yard\u0131m paketl\u0259rin\u0259 ehtiyac olacaq. Amma g\u0259l\u0259n il \u0259n b\u00f6y\u00fck problem Avropa \u00fc\u00e7\u00fcn siyasi alanda olacaq, a\u015f\u0131r\u0131 sa\u011f v\u0259 mill\u0259t\u00e7i qruplar, siyasi t\u0259\u015fkilatlar g\u00fccl\u0259n\u0259c\u0259k, m\u0259rk\u0259zd\u0259nqa\u00e7ma meyill\u0259ri artacaq, bir ne\u00e7\u0259 yeni referendumlara da \u015fahid olaca\u011f\u0131q. Amma Avropa da iqtisadi b\u00f6y\u00fcy\u0259c\u0259k, b\u00f6y\u00fcm\u0259 1,-1,5 faiz civar\u0131nda olcaq.\n<\/p>\n<figure class=\"wp-block-image size-large\">\n  <img decoding=\"async\" src=\"https:\/\/www.meydan.tv\/az\/43379\/\" alt=\"\" class=\"wp-image-43379\"\/><figcaption><\/figcaption><\/figure>\n<p>\n  <b><br \/>\n    \u00c7in:<br \/>\n  <\/b><br \/>\n  Bu \u00f6lk\u0259nin struktur probleml\u0259ri davam ed\u0259c\u0259k, \u00c7in se\u00e7im etm\u0259lidir, art\u0131q ucuz i\u015f\u00e7i q\u00fcvv\u0259si v\u0259 a\u015fa\u011f\u0131 keyfiyy\u0259tli ixrac modeli i\u015fl\u0259mir, daxili t\u0259l\u0259bat hesab\u0131na b\u00f6y\u00fcm\u0259 s\u00fcr\u0259tini saxlamaq \u00fc\u00e7\u00fcn is\u0259 m\u00fctl\u0259q ciddi idar\u0259etm\u0259 v\u0259 siyasi islahatlara ehtiyac var. G\u0259l\u0259n il \u00c7ind\u0259 ilk d\u0259f\u0259 \u00e7oxpartiyal\u0131 idar\u0259etm\u0259 modelin\u0259 ke\u00e7id ciddi m\u00fczakir\u0259 olunacaq, m\u00fcxt\u0259lif islahatlar h\u0259yata ke\u00e7iril\u0259c\u0259k. Yuan daha da d\u0259y\u0259rd\u0259n d\u00fc\u015f\u0259c\u0259k, \u00c7in bunu bil\u0259r\u0259kd\u0259n ed\u0259c\u0259k ki, ixracatda \u00fcst\u00fcnl\u00fcy\u00fcn\u00fc qorusun. Amma \u00c7in banklar\u0131 v\u0259 da\u015f\u0131nmaz \u0259mlak bazar\u0131 ciddi probleml\u0259rl\u0259 qar\u015f\u0131la\u015facaq, g\u0259l\u0259n il \u00c7inin b\u00f6y\u00fcm\u0259 s\u00fcr\u0259ti 5,5 faiz\u0259 q\u0259d\u0259r en\u0259c\u0259k ki, bu da \u00e7ox dig\u0259r \u00f6lk\u0259l\u0259r \u00fc\u00e7\u00fcn \u0259la olsa da, \u00c7in \u00fc\u00e7\u00fcn \u00e7ox a\u015fa\u011f\u0131 g\u00f6st\u0259ricidir. \u00c7inin yava\u015flamas\u0131 \u0259mt\u0259\u0259 bazar\u0131nda qiym\u0259tl\u0259ri daha da a\u015fa\u011f\u0131 \u00e7\u0259k\u0259c\u0259k.\n<\/p>\n<figure class=\"wp-block-image size-large\">\n  <img decoding=\"async\" src=\"https:\/\/www.meydan.tv\/az\/43383\/\" alt=\"\" class=\"wp-image-43383\"\/><figcaption><\/figcaption><\/figure>\n<p>\n  <b><br \/>\n    Rusiya:<br \/>\n  <\/b><br \/>\n  Bu \u00f6lk\u0259nin probleml\u0259ri artan x\u0259tl\u0259 ged\u0259c\u0259k, g\u0259l\u0259n il 100 rubl = 1 avro, 80 rubl = 1 dollar s\u0259rh\u0259dl\u0259rini g\u00f6r\u0259c\u0259yik, h\u0259tta rublun d\u0259y\u0259rd\u0259n d\u00fc\u015fm\u0259si daha da art\u0131q olacaq. \u00d6lk\u0259nin daxilind\u0259 probleml\u0259r artacaq, 2016-n\u0131n 2-ci yar\u0131s\u0131ndan sonra Rusiya yum\u015falma\u011fa ba\u015flayacaq, \u0259vv\u0259l Avropa, sonra da AB\u015e-la m\u00fcnasib\u0259tl\u0259ri tam qaydaya qoyma\u011fa can atacaq. Bunun \u00fc\u00e7\u00fcn m\u00fcxt\u0259lif qurbanlar ver\u0259c\u0259k, o c\u00fcml\u0259d\u0259n B\u0259\u015f\u0259r \u018fs\u0259d d\u0259 qurbanlardan biri olacaq.\n<\/p>\n<figure class=\"wp-block-image size-large\">\n  <img decoding=\"async\" src=\"https:\/\/www.meydan.tv\/az\/43377\/\" alt=\"\" class=\"wp-image-43377\"\/><figcaption><\/figcaption><\/figure>\n<p>\n  <b><br \/>\n    \u0130ran:<br \/>\n  <\/b><br \/>\n  Yax\u0131n ill\u0259rin parlayan ulduzu \u0130ran d\u00f6vl\u0259ti olacaq, \u00e7ox s\u00fcr\u0259tl\u0259 iqtisadi islahatlar, infrastuktur d\u0259yi\u015fiklikl\u0259ri ba\u015f ver\u0259c\u0259k. \u0130ran real\u0131 bir q\u0259d\u0259r ucuzla\u015facaq, amma iqtisadi aktivliyin artmas\u0131 bunu a\u011fr\u0131s\u0131z ke\u00e7m\u0259y\u0259 imkan ver\u0259c\u0259k. M\u0259s\u0259l\u0259n, m\u0259nim s\u0259rb\u0259st pulum olsa, m\u00fctl\u0259q \u0130rana investisiya qoyaram v\u0259 bunun b\u0259hr\u0259sini yax\u0131n ill\u0259rd\u0259 bir ne\u00e7\u0259 qat g\u00f6r\u0259 bil\u0259r\u0259m. \u00dcmumiyy\u0259tl\u0259, yax\u0131n ill\u0259rd\u0259 bizim v\u0259t\u0259nda\u015flar Rusiya \u0259v\u0259zin\u0259 \u0130rana i\u015fl\u0259m\u0259y\u0259 ged\u0259c\u0259kl\u0259r, \u0130ran bu anlamda Rusiyan\u0131 \u0259v\u0259z ed\u0259c\u0259k. Bu \u00f6lk\u0259nin inki\u015faf perespektivl\u0259ri \u00e7ox b\u00f6y\u00fckd\u00fcr.\n<\/p>\n<figure class=\"wp-block-image size-large\">\n  <img decoding=\"async\" src=\"https:\/\/www.meydan.tv\/az\/43386\/\" alt=\"\" class=\"wp-image-43386\"\/><figcaption><\/figcaption><\/figure>\n<p>\n  <b><br \/>\n    T\u00fcrkiy\u0259:<br \/>\n  <\/b><br \/>\n  Qarda\u015f \u00f6lk\u0259d\u0259 probleml\u0259r artacaq, 2016-c\u0131 il bo\u015f siyasi diskussiyalarda, prezident \u00fcsul-idar\u0259sinin v\u0259 Ana Yasa d\u0259yi\u015fiklikl\u0259rinin yuxar\u0131dan zorla dayat\u0131lmas\u0131 v\u0259 k\u00fcrd sorunu k\u00f6lg\u0259sind\u0259 ke\u00e7\u0259c\u0259k. \u018ftraf \u00f6lk\u0259l\u0259rl\u0259 olan probleml\u0259ri iqtisadiyyata da z\u0259rb\u0259 vuracaq, lir\u0259 daha da d\u0259y\u0259rd\u0259n d\u00fc\u015f\u0259c\u0259k. \u0130qtisadi art\u0131m tempi z\u0259ifl\u0259y\u0259c\u0259k, i\u015fsizlik artacaq. \u00c7ox g\u00fcman, 2016-n\u0131n sonu, ya da 2017-nin \u0259vv\u0259lind\u0259 T\u00fcrkiy\u0259d\u0259 n\u00f6vb\u0259d\u0259nk\u0259nar se\u00e7kil\u0259r olacaq.\n<\/p>\n<p>\n  <b><br \/>\n    \u018fmt\u0259\u0259 bazar\u0131<br \/>\n  <\/b><br \/>\n  (neft, qaz, q\u0131z\u0131l)<br \/>\n  <b><br \/>\n    :<br \/>\n  <\/b><br \/>\n  2016 neft bazar\u0131 \u00fc\u00e7\u00fcn \u0259n a\u011f\u0131r il olacaq, f\u00f6vqalad\u0259 hadis\u0259l\u0259r. \u0130ri m\u00fcharib\u0259l\u0259r olmasa, neftin qiym\u0259ti \u0259vv\u0259l 30-dan a\u015fa\u011f\u0131 d\u00fc\u015f\u0259c\u0259k, sonra 25 dollar\u0131 da g\u00f6r\u0259c\u0259k. S\u0259b\u0259bl\u0259ri: 1) AB\u015e-\u0131n ixracata qoydu\u011fu qada\u011fan\u0131n g\u00f6t\u00fcr\u00fclm\u0259si, 2) \u0130ran\u0131n aqressiv \u015f\u0259kild\u0259 bazara girm\u0259si, 3) Liviyan\u0131n bazara qay\u0131tmas\u0131: \u0130ndi c\u0259mi g\u00fcn\u0259 300 min barel neft \u00e7\u0131xar\u0131r. Yax\u0131n aylarda bu 1,2 mln barel\u0259 q\u0259d\u0259r qalxacaq, 4) Yeni texnologiyalar\u0131n daha geni\u015f t\u0259dbiqi, 5) \u00c7inin z\u0259ifl\u0259m\u0259si, 6) AB\u015e-da FED-in faiz art\u0131rmas\u0131. Amma neft bazar\u0131 ilin 2-ci yar\u0131s\u0131 toparlanacaq, qiym\u0259t 40 dollar civar\u0131nda q\u0259rarla\u015facaq. Bunun da s\u0259b\u0259bi d\u00fcnyada neftin ucuz olmas\u0131na g\u00f6r\u0259 t\u0259labat\u0131n bir az artmas\u0131 olacaq.<br \/>\n  \n<\/p>\n<figure class=\"wp-block-image size-large\">\n  <img decoding=\"async\" src=\"https:\/\/www.meydan.tv\/az\/43389\/\" alt=\"\" class=\"wp-image-43389\"\/><figcaption><\/figcaption><\/figure>\n<p>\n  Paralel olaraq qaz\u0131n da qiym\u0259ti en\u0259c\u0259k, g\u0259l\u0259n il qaz kontraktlar\u0131n\u0131n ortalama qiym\u0259ti h\u0259r 1000 m3 \u00fcm\u00fcn 200 dollar civar\u0131nda olacaq, c\u0259mi 3 il \u00f6nc\u0259 ortala qiym\u0259t 400 dollardan da yuxar\u0131 idi.<br \/>\n  <br \/>\n  D\u00fcnyada q\u0131z\u0131l\u0131n da qiym\u0259ti ucuzla\u015facaq, daha dollar q\u0131z\u0131l\u0131n qiym\u0259tini salacaq, g\u0259l\u0259n il 1 unsiya \u00fc\u00e7\u00fcn qiym\u0259t 1000 dollardan da a\u015fa\u011f\u0131 d\u00fc\u015f\u0259c\u0259k.\n<\/p>\n<p>\n  <b><br \/>\n    Valyuta bazar\u0131:<br \/>\n  <\/b><br \/>\n  Q\u0131sa des\u0259m, dollar yenid\u0259n ulduz olacaq, yax\u0131n 6 ayda FED\u00a0 faizi art\u0131rsa, 1 dollar 1 avroya b\u0259rab\u0259r olacaq. \u0130xracat\u0131 g\u00fccl\u00fc olan \u00f6lk\u0259l\u0259r, m\u0259s\u0259l\u0259n, \u00c7in, Yaponiya kimi \u00f6lk\u0259l\u0259r d\u0259 \u00f6z valyutalar\u0131n\u0131 z\u0259ifl\u0259tm\u0259y\u0259 \u00e7al\u0131\u015facaqlar.\n<\/p>\n<p>\n  <b><br \/>\n    Az\u0259rbaycan:<br \/>\n  <\/b><br \/>\n  2016-c\u0131 il h\u0259m iqtisadi, h\u0259m siyasi anlamda \u00f6lk\u0259miz \u00fc\u00e7\u00fcn \u0259n a\u011f\u0131r il olacaq. B\u00fcdc\u0259 k\u0259sintil\u0259ri 150-160 min insan\u0131 i\u015fsiz qoyacaq, bank sektorunda olan t\u0259lat\u00fcml\u0259r o sah\u0259d\u0259 \u00e7al\u0131\u015fan i\u015f\u00e7il\u0259rin d\u0259 yar\u0131s\u0131n\u0131 i\u015fsiz qoyacaq, ticar\u0259tin z\u0259ifl\u0259m\u0259si, iqtisadi aktivliyin azalmas\u0131 onminl\u0259rl\u0259 insan\u0131n i\u015f yerinin itirilm\u0259si il\u0259 n\u0259tic\u0259l\u0259n\u0259c\u0259k. \u018fsas da, ilin 1-ci yar\u0131s\u0131 \u00e7ox a\u011f\u0131r ke\u00e7\u0259c\u0259k, i\u015fsizlik v\u0259 yoxsulluq artacaq. Neft 30 dollara enib, 2-3 ay bu s\u0259viyy\u0259d\u0259 qalsa, manat\u0131n r\u0259smi m\u0259z\u0259nn\u0259si 2 manat = 1 dollar\u0131 ke\u00e7\u0259c\u0259k, t\u0259qrib\u0259n 2,30-250 aras\u0131na yax\u0131nla\u015facaq. \u0130\u015fsizlik v\u0259 yoxsulluq xirda o\u011furluqlar\u0131, cinay\u0259tl\u0259ri, soy\u011fun\u00e7ulu\u011fu art\u0131racaq. K\u00fc\u00e7\u0259 ticar\u0259ti, evl\u0259rd\u0259 \u201calver\u00e7\u0131\u201d ad\u0259tin\u0259 uy\u011fun sat\u0131\u015flar artacaq, \u00e7\u00fcnki he\u00e7 kim bel\u0259 baha icar\u0259 haqq\u0131 \u00f6d\u0259m\u0259k ist\u0259m\u0259y\u0259c\u0259k. \u0130\u015fsizlik v\u0259 yoxsulluq sosial g\u0259rginliyi art\u0131racaq, \u0259sas\u0259n d\u0259 regionlarda etirazlar \u00e7oxalacaq.\n<\/p>\n<figure class=\"wp-block-image size-large\">\n  <img decoding=\"async\" src=\"https:\/\/www.meydan.tv\/az\/43392\/\" alt=\"\" class=\"wp-image-43392\"\/><figcaption><\/figcaption><\/figure>\n<p>\n  \u00d6lk\u0259d\u0259 ill\u0259rdir y\u0131\u011f\u0131lb-qalan probleml\u0259rin h\u0259lli art\u0131q istisadi islahatlarla m\u00fcmk\u00fcn deyil, zat\u0259n \u00f6lk\u0259d\u0259 iqtisadiyyat yoxdur. S\u00fcr\u0259tli v\u0259 keyfiyy\u0259tli idar\u0259etm\u0259 islahatlar\u0131, sistem d\u0259yi\u015fiklikl\u0259ri, siyasi a\u00e7\u0131l\u0131m laz\u0131md\u0131r. Bunsuz m\u00fcmk\u00fcn deyil, he\u00e7 n\u0259 d\u0259yi\u015fm\u0259y\u0259c\u0259k, m\u00fctl\u0259q yeni parlament se\u00e7kil\u0259ri ke\u00e7irilm\u0259li, b\u00fct\u00fcn sistem dizayn\u0131 k\u00fc\u00e7\u0259l\u0259rd\u0259 deyil d\u0259, parlament \u00e7at\u0131s\u0131 alt\u0131nda olmal\u0131d\u0131r. Koalision h\u00f6kum\u0259t formala\u015fd\u0131r\u0131lmal\u0131, siyasi a\u00e7l\u0131mlar h\u0259yata ke\u00e7irilm\u0259li, s\u00fcr\u0259tli iqtisadi islahatlar \u00fc\u00e7\u00fcn m\u0259hk\u0259m\u0259 sistemi, polis, icra strukturlar\u0131 yenid\u0259n qurulmal\u0131d\u0131r. B\u00fct\u00fcn bunlar olsa, \u00f6lk\u0259miz bu a\u011f\u0131r d\u00f6vr\u00fc daha rahat v\u0259 xaossuz atladacaq, bunu m\u0259suliyy\u0259ti d\u0259 hakim komandan\u0131n \u00fcz\u0259rind\u0259dir. Zaman i\u015f g\u00f6rm\u0259k, \u00f6lk\u0259mizi bu quyudan \u00e7\u0131xarma zaman\u0131d\u0131r, bu i\u015fi bacaran h\u0259r k\u0259s \u0259lini da\u015f\u0131n alt\u0131na qoymal\u0131d\u0131r, bunun \u00fc\u00e7\u00fcn is\u0259. ilk n\u00f6vb\u0259d\u0259, h\u00f6kum\u0259t v\u0259ziyy\u0259tin ciddiliyini anlamal\u0131, yalan v\u0259 pafoslu \u00e7\u0131x\u0131\u015flardan \u0259l \u00e7\u0259km\u0259lidirl\u0259r. Top indi hakimiyy\u0259td\u0259dir, g\u00f6r\u0259k&#8230;\n<\/p><\/p>\n","protected":false},"excerpt":{"rendered":"<p>B\u00fcdc\u0259 k\u0259sintil\u0259ri 150-160 min insan\u0131 i\u015fsiz qoyacaq, bank sektorunda olan t\u0259lat\u00fcml\u0259r o sah\u0259d\u0259 \u00e7al\u0131\u015fan i\u015f\u00e7il\u0259rin d\u0259 yar\u0131s\u0131n\u0131 i\u015fsiz qoyacaq, ticar\u0259tin z\u0259ifl\u0259m\u0259si, iqtisadi aktivliyin azalmas\u0131 onminl\u0259rl\u0259 insan\u0131n i\u015f yerinin itirilm\u0259si il\u0259 n\u0259tic\u0259l\u0259n\u0259c\u0259k<\/p>\n","protected":false},"author":11,"featured_media":43365,"comment_status":"closed","ping_status":"open","sticky":false,"template":"","format":"standard","meta":{"_acf_changed":false,"_sitemap_exclude":false,"_sitemap_priority":"","_sitemap_frequency":"","footnotes":""},"categories":[56],"tags":[],"class_list":["post-172368","post","type-post","status-publish","format-standard","has-post-thumbnail","hentry","category-xeberler","infinite-scroll-item","generate-columns","tablet-grid-50","mobile-grid-100","grid-parent","grid-33","no-featured-image-padding"],"acf":[],"yoast_head":"<!-- This site is optimized with the Yoast SEO plugin v27.5 - https:\/\/yoast.com\/product\/yoast-seo-wordpress\/ -->\n<title>Natiq C\u0259f\u0259rli: 2016-cl il a\u011f\u0131r olacaq... Top indi hakimiyy\u0259td\u0259dir - MEYDAN.TV<\/title>\n<meta name=\"robots\" content=\"index, follow, max-snippet:-1, max-image-preview:large, max-video-preview:-1\" \/>\n<link rel=\"canonical\" href=\"https:\/\/www.meydan.tv\/az\/article\/natiq-ceferli-2016-cl-il-agir-olacaq-top-indi-hakimiyyetdedir\/\" \/>\n<meta property=\"og:locale\" content=\"az_AZ\" \/>\n<meta property=\"og:type\" content=\"article\" \/>\n<meta property=\"og:title\" content=\"Natiq C\u0259f\u0259rli: 2016-cl il a\u011f\u0131r olacaq... Top indi hakimiyy\u0259td\u0259dir - MEYDAN.TV\" \/>\n<meta property=\"og:description\" content=\"B\u00fcdc\u0259 k\u0259sintil\u0259ri 150-160 min insan\u0131 i\u015fsiz qoyacaq, bank sektorunda olan t\u0259lat\u00fcml\u0259r o sah\u0259d\u0259 \u00e7al\u0131\u015fan i\u015f\u00e7il\u0259rin d\u0259 yar\u0131s\u0131n\u0131 i\u015fsiz qoyacaq, ticar\u0259tin z\u0259ifl\u0259m\u0259si, iqtisadi aktivliyin azalmas\u0131 onminl\u0259rl\u0259 insan\u0131n i\u015f yerinin itirilm\u0259si il\u0259 n\u0259tic\u0259l\u0259n\u0259c\u0259k\" \/>\n<meta property=\"og:url\" content=\"https:\/\/www.meydan.tv\/az\/article\/natiq-ceferli-2016-cl-il-agir-olacaq-top-indi-hakimiyyetdedir\/\" \/>\n<meta property=\"og:site_name\" content=\"MEYDAN.TV\" \/>\n<meta property=\"article:published_time\" content=\"2015-12-31T15:32:29+00:00\" \/>\n<meta property=\"og:image\" content=\"https:\/\/www.meydan.tv\/wp-content\/uploads\/16236.jpg\" \/>\n\t<meta property=\"og:image:width\" content=\"500\" \/>\n\t<meta property=\"og:image:height\" content=\"304\" \/>\n\t<meta property=\"og:image:type\" content=\"image\/jpeg\" \/>\n<meta name=\"author\" content=\"user-manager\" \/>\n<meta name=\"twitter:card\" content=\"summary_large_image\" \/>\n<script type=\"application\/ld+json\" class=\"yoast-schema-graph\">{\"@context\":\"https:\\\/\\\/schema.org\",\"@graph\":[{\"@type\":\"Article\",\"@id\":\"https:\\\/\\\/www.meydan.tv\\\/az\\\/article\\\/natiq-ceferli-2016-cl-il-agir-olacaq-top-indi-hakimiyyetdedir\\\/#article\",\"isPartOf\":{\"@id\":\"https:\\\/\\\/www.meydan.tv\\\/az\\\/article\\\/natiq-ceferli-2016-cl-il-agir-olacaq-top-indi-hakimiyyetdedir\\\/\"},\"author\":{\"name\":\"user-manager\",\"@id\":\"https:\\\/\\\/www.meydan.tv\\\/az\\\/#\\\/schema\\\/person\\\/10d11eccf6da3662cf5fdab9806ea91a\"},\"headline\":\"Natiq C\u0259f\u0259rli: 2016-cl il a\u011f\u0131r olacaq&#8230; Top indi hakimiyy\u0259td\u0259dir\",\"datePublished\":\"2015-12-31T15:32:29+00:00\",\"mainEntityOfPage\":{\"@id\":\"https:\\\/\\\/www.meydan.tv\\\/az\\\/article\\\/natiq-ceferli-2016-cl-il-agir-olacaq-top-indi-hakimiyyetdedir\\\/\"},\"wordCount\":1579,\"publisher\":{\"@id\":\"https:\\\/\\\/www.meydan.tv\\\/az\\\/#organization\"},\"image\":{\"@id\":\"https:\\\/\\\/www.meydan.tv\\\/az\\\/article\\\/natiq-ceferli-2016-cl-il-agir-olacaq-top-indi-hakimiyyetdedir\\\/#primaryimage\"},\"thumbnailUrl\":\"https:\\\/\\\/www.meydan.tv\\\/wp-content\\\/uploads\\\/16236.jpg\",\"articleSection\":[\"X\u0259b\u0259rl\u0259r\"],\"inLanguage\":\"az\"},{\"@type\":\"WebPage\",\"@id\":\"https:\\\/\\\/www.meydan.tv\\\/az\\\/article\\\/natiq-ceferli-2016-cl-il-agir-olacaq-top-indi-hakimiyyetdedir\\\/\",\"url\":\"https:\\\/\\\/www.meydan.tv\\\/az\\\/article\\\/natiq-ceferli-2016-cl-il-agir-olacaq-top-indi-hakimiyyetdedir\\\/\",\"name\":\"Natiq C\u0259f\u0259rli: 2016-cl il a\u011f\u0131r olacaq... Top indi hakimiyy\u0259td\u0259dir - MEYDAN.TV\",\"isPartOf\":{\"@id\":\"https:\\\/\\\/www.meydan.tv\\\/az\\\/#website\"},\"primaryImageOfPage\":{\"@id\":\"https:\\\/\\\/www.meydan.tv\\\/az\\\/article\\\/natiq-ceferli-2016-cl-il-agir-olacaq-top-indi-hakimiyyetdedir\\\/#primaryimage\"},\"image\":{\"@id\":\"https:\\\/\\\/www.meydan.tv\\\/az\\\/article\\\/natiq-ceferli-2016-cl-il-agir-olacaq-top-indi-hakimiyyetdedir\\\/#primaryimage\"},\"thumbnailUrl\":\"https:\\\/\\\/www.meydan.tv\\\/wp-content\\\/uploads\\\/16236.jpg\",\"datePublished\":\"2015-12-31T15:32:29+00:00\",\"breadcrumb\":{\"@id\":\"https:\\\/\\\/www.meydan.tv\\\/az\\\/article\\\/natiq-ceferli-2016-cl-il-agir-olacaq-top-indi-hakimiyyetdedir\\\/#breadcrumb\"},\"inLanguage\":\"az\",\"potentialAction\":[{\"@type\":\"ReadAction\",\"target\":[\"https:\\\/\\\/www.meydan.tv\\\/az\\\/article\\\/natiq-ceferli-2016-cl-il-agir-olacaq-top-indi-hakimiyyetdedir\\\/\"]}]},{\"@type\":\"ImageObject\",\"inLanguage\":\"az\",\"@id\":\"https:\\\/\\\/www.meydan.tv\\\/az\\\/article\\\/natiq-ceferli-2016-cl-il-agir-olacaq-top-indi-hakimiyyetdedir\\\/#primaryimage\",\"url\":\"https:\\\/\\\/www.meydan.tv\\\/wp-content\\\/uploads\\\/16236.jpg\",\"contentUrl\":\"https:\\\/\\\/www.meydan.tv\\\/wp-content\\\/uploads\\\/16236.jpg\",\"width\":500,\"height\":304,\"caption\":\"Source:\"},{\"@type\":\"BreadcrumbList\",\"@id\":\"https:\\\/\\\/www.meydan.tv\\\/az\\\/article\\\/natiq-ceferli-2016-cl-il-agir-olacaq-top-indi-hakimiyyetdedir\\\/#breadcrumb\",\"itemListElement\":[{\"@type\":\"ListItem\",\"position\":1,\"name\":\"Ana s\u0259hif\u0259\",\"item\":\"https:\\\/\\\/www.meydan.tv\\\/az\\\/\"},{\"@type\":\"ListItem\",\"position\":2,\"name\":\"X\u0259b\u0259rl\u0259r\",\"item\":\"https:\\\/\\\/www.meydan.tv\\\/az\\\/section\\\/xeberler\\\/\"},{\"@type\":\"ListItem\",\"position\":3,\"name\":\"Natiq C\u0259f\u0259rli: 2016-cl il a\u011f\u0131r olacaq&#8230; Top indi hakimiyy\u0259td\u0259dir\"}]},{\"@type\":\"WebSite\",\"@id\":\"https:\\\/\\\/www.meydan.tv\\\/az\\\/#website\",\"url\":\"https:\\\/\\\/www.meydan.tv\\\/az\\\/\",\"name\":\"MEYDAN.TV\",\"description\":\"Meydan TV Az\u0259rbaycan\u0131n media m\u0259kan\u0131ndak\u0131 alternativ s\u0259sidir\",\"publisher\":{\"@id\":\"https:\\\/\\\/www.meydan.tv\\\/az\\\/#organization\"},\"potentialAction\":[{\"@type\":\"SearchAction\",\"target\":{\"@type\":\"EntryPoint\",\"urlTemplate\":\"https:\\\/\\\/www.meydan.tv\\\/az\\\/?s={search_term_string}\"},\"query-input\":{\"@type\":\"PropertyValueSpecification\",\"valueRequired\":true,\"valueName\":\"search_term_string\"}}],\"inLanguage\":\"az\"},{\"@type\":\"Organization\",\"@id\":\"https:\\\/\\\/www.meydan.tv\\\/az\\\/#organization\",\"name\":\"Meydan TV\",\"url\":\"https:\\\/\\\/www.meydan.tv\\\/az\\\/\",\"logo\":{\"@type\":\"ImageObject\",\"inLanguage\":\"az\",\"@id\":\"https:\\\/\\\/www.meydan.tv\\\/az\\\/#\\\/schema\\\/logo\\\/image\\\/\",\"url\":\"https:\\\/\\\/www.meydan.tv\\\/wp-content\\\/uploads\\\/2021\\\/07\\\/meydan-logo.svg\",\"contentUrl\":\"https:\\\/\\\/www.meydan.tv\\\/wp-content\\\/uploads\\\/2021\\\/07\\\/meydan-logo.svg\",\"width\":195,\"height\":46,\"caption\":\"Meydan TV\"},\"image\":{\"@id\":\"https:\\\/\\\/www.meydan.tv\\\/az\\\/#\\\/schema\\\/logo\\\/image\\\/\"}},{\"@type\":\"Person\",\"@id\":\"https:\\\/\\\/www.meydan.tv\\\/az\\\/#\\\/schema\\\/person\\\/10d11eccf6da3662cf5fdab9806ea91a\",\"name\":\"user-manager\"}]}<\/script>\n<!-- \/ Yoast SEO plugin. -->","yoast_head_json":{"title":"Natiq C\u0259f\u0259rli: 2016-cl il a\u011f\u0131r olacaq... Top indi hakimiyy\u0259td\u0259dir - MEYDAN.TV","robots":{"index":"index","follow":"follow","max-snippet":"max-snippet:-1","max-image-preview":"max-image-preview:large","max-video-preview":"max-video-preview:-1"},"canonical":"https:\/\/www.meydan.tv\/az\/article\/natiq-ceferli-2016-cl-il-agir-olacaq-top-indi-hakimiyyetdedir\/","og_locale":"az_AZ","og_type":"article","og_title":"Natiq C\u0259f\u0259rli: 2016-cl il a\u011f\u0131r olacaq... Top indi hakimiyy\u0259td\u0259dir - MEYDAN.TV","og_description":"B\u00fcdc\u0259 k\u0259sintil\u0259ri 150-160 min insan\u0131 i\u015fsiz qoyacaq, bank sektorunda olan t\u0259lat\u00fcml\u0259r o sah\u0259d\u0259 \u00e7al\u0131\u015fan i\u015f\u00e7il\u0259rin d\u0259 yar\u0131s\u0131n\u0131 i\u015fsiz qoyacaq, ticar\u0259tin z\u0259ifl\u0259m\u0259si, iqtisadi aktivliyin azalmas\u0131 onminl\u0259rl\u0259 insan\u0131n i\u015f yerinin itirilm\u0259si il\u0259 n\u0259tic\u0259l\u0259n\u0259c\u0259k","og_url":"https:\/\/www.meydan.tv\/az\/article\/natiq-ceferli-2016-cl-il-agir-olacaq-top-indi-hakimiyyetdedir\/","og_site_name":"MEYDAN.TV","article_published_time":"2015-12-31T15:32:29+00:00","og_image":[{"width":500,"height":304,"url":"https:\/\/www.meydan.tv\/wp-content\/uploads\/16236.jpg","type":"image\/jpeg"}],"author":"user-manager","twitter_card":"summary_large_image","schema":{"@context":"https:\/\/schema.org","@graph":[{"@type":"Article","@id":"https:\/\/www.meydan.tv\/az\/article\/natiq-ceferli-2016-cl-il-agir-olacaq-top-indi-hakimiyyetdedir\/#article","isPartOf":{"@id":"https:\/\/www.meydan.tv\/az\/article\/natiq-ceferli-2016-cl-il-agir-olacaq-top-indi-hakimiyyetdedir\/"},"author":{"name":"user-manager","@id":"https:\/\/www.meydan.tv\/az\/#\/schema\/person\/10d11eccf6da3662cf5fdab9806ea91a"},"headline":"Natiq C\u0259f\u0259rli: 2016-cl il a\u011f\u0131r olacaq&#8230; Top indi hakimiyy\u0259td\u0259dir","datePublished":"2015-12-31T15:32:29+00:00","mainEntityOfPage":{"@id":"https:\/\/www.meydan.tv\/az\/article\/natiq-ceferli-2016-cl-il-agir-olacaq-top-indi-hakimiyyetdedir\/"},"wordCount":1579,"publisher":{"@id":"https:\/\/www.meydan.tv\/az\/#organization"},"image":{"@id":"https:\/\/www.meydan.tv\/az\/article\/natiq-ceferli-2016-cl-il-agir-olacaq-top-indi-hakimiyyetdedir\/#primaryimage"},"thumbnailUrl":"https:\/\/www.meydan.tv\/wp-content\/uploads\/16236.jpg","articleSection":["X\u0259b\u0259rl\u0259r"],"inLanguage":"az"},{"@type":"WebPage","@id":"https:\/\/www.meydan.tv\/az\/article\/natiq-ceferli-2016-cl-il-agir-olacaq-top-indi-hakimiyyetdedir\/","url":"https:\/\/www.meydan.tv\/az\/article\/natiq-ceferli-2016-cl-il-agir-olacaq-top-indi-hakimiyyetdedir\/","name":"Natiq C\u0259f\u0259rli: 2016-cl il a\u011f\u0131r olacaq... Top indi hakimiyy\u0259td\u0259dir - MEYDAN.TV","isPartOf":{"@id":"https:\/\/www.meydan.tv\/az\/#website"},"primaryImageOfPage":{"@id":"https:\/\/www.meydan.tv\/az\/article\/natiq-ceferli-2016-cl-il-agir-olacaq-top-indi-hakimiyyetdedir\/#primaryimage"},"image":{"@id":"https:\/\/www.meydan.tv\/az\/article\/natiq-ceferli-2016-cl-il-agir-olacaq-top-indi-hakimiyyetdedir\/#primaryimage"},"thumbnailUrl":"https:\/\/www.meydan.tv\/wp-content\/uploads\/16236.jpg","datePublished":"2015-12-31T15:32:29+00:00","breadcrumb":{"@id":"https:\/\/www.meydan.tv\/az\/article\/natiq-ceferli-2016-cl-il-agir-olacaq-top-indi-hakimiyyetdedir\/#breadcrumb"},"inLanguage":"az","potentialAction":[{"@type":"ReadAction","target":["https:\/\/www.meydan.tv\/az\/article\/natiq-ceferli-2016-cl-il-agir-olacaq-top-indi-hakimiyyetdedir\/"]}]},{"@type":"ImageObject","inLanguage":"az","@id":"https:\/\/www.meydan.tv\/az\/article\/natiq-ceferli-2016-cl-il-agir-olacaq-top-indi-hakimiyyetdedir\/#primaryimage","url":"https:\/\/www.meydan.tv\/wp-content\/uploads\/16236.jpg","contentUrl":"https:\/\/www.meydan.tv\/wp-content\/uploads\/16236.jpg","width":500,"height":304,"caption":"Source:"},{"@type":"BreadcrumbList","@id":"https:\/\/www.meydan.tv\/az\/article\/natiq-ceferli-2016-cl-il-agir-olacaq-top-indi-hakimiyyetdedir\/#breadcrumb","itemListElement":[{"@type":"ListItem","position":1,"name":"Ana s\u0259hif\u0259","item":"https:\/\/www.meydan.tv\/az\/"},{"@type":"ListItem","position":2,"name":"X\u0259b\u0259rl\u0259r","item":"https:\/\/www.meydan.tv\/az\/section\/xeberler\/"},{"@type":"ListItem","position":3,"name":"Natiq C\u0259f\u0259rli: 2016-cl il a\u011f\u0131r olacaq&#8230; Top indi hakimiyy\u0259td\u0259dir"}]},{"@type":"WebSite","@id":"https:\/\/www.meydan.tv\/az\/#website","url":"https:\/\/www.meydan.tv\/az\/","name":"MEYDAN.TV","description":"Meydan TV Az\u0259rbaycan\u0131n media m\u0259kan\u0131ndak\u0131 alternativ s\u0259sidir","publisher":{"@id":"https:\/\/www.meydan.tv\/az\/#organization"},"potentialAction":[{"@type":"SearchAction","target":{"@type":"EntryPoint","urlTemplate":"https:\/\/www.meydan.tv\/az\/?s={search_term_string}"},"query-input":{"@type":"PropertyValueSpecification","valueRequired":true,"valueName":"search_term_string"}}],"inLanguage":"az"},{"@type":"Organization","@id":"https:\/\/www.meydan.tv\/az\/#organization","name":"Meydan TV","url":"https:\/\/www.meydan.tv\/az\/","logo":{"@type":"ImageObject","inLanguage":"az","@id":"https:\/\/www.meydan.tv\/az\/#\/schema\/logo\/image\/","url":"https:\/\/www.meydan.tv\/wp-content\/uploads\/2021\/07\/meydan-logo.svg","contentUrl":"https:\/\/www.meydan.tv\/wp-content\/uploads\/2021\/07\/meydan-logo.svg","width":195,"height":46,"caption":"Meydan TV"},"image":{"@id":"https:\/\/www.meydan.tv\/az\/#\/schema\/logo\/image\/"}},{"@type":"Person","@id":"https:\/\/www.meydan.tv\/az\/#\/schema\/person\/10d11eccf6da3662cf5fdab9806ea91a","name":"user-manager"}]}},"_links":{"self":[{"href":"https:\/\/www.meydan.tv\/az\/wp-json\/wp\/v2\/posts\/172368","targetHints":{"allow":["GET"]}}],"collection":[{"href":"https:\/\/www.meydan.tv\/az\/wp-json\/wp\/v2\/posts"}],"about":[{"href":"https:\/\/www.meydan.tv\/az\/wp-json\/wp\/v2\/types\/post"}],"author":[{"embeddable":true,"href":"https:\/\/www.meydan.tv\/az\/wp-json\/wp\/v2\/users\/11"}],"replies":[{"embeddable":true,"href":"https:\/\/www.meydan.tv\/az\/wp-json\/wp\/v2\/comments?post=172368"}],"version-history":[{"count":0,"href":"https:\/\/www.meydan.tv\/az\/wp-json\/wp\/v2\/posts\/172368\/revisions"}],"wp:featuredmedia":[{"embeddable":true,"href":"https:\/\/www.meydan.tv\/az\/wp-json\/wp\/v2\/media\/43365"}],"wp:attachment":[{"href":"https:\/\/www.meydan.tv\/az\/wp-json\/wp\/v2\/media?parent=172368"}],"wp:term":[{"taxonomy":"category","embeddable":true,"href":"https:\/\/www.meydan.tv\/az\/wp-json\/wp\/v2\/categories?post=172368"},{"taxonomy":"post_tag","embeddable":true,"href":"https:\/\/www.meydan.tv\/az\/wp-json\/wp\/v2\/tags?post=172368"}],"curies":[{"name":"wp","href":"https:\/\/api.w.org\/{rel}","templated":true}]}}