{"id":171623,"date":"2015-12-04T09:23:30","date_gmt":"2015-12-04T09:23:30","guid":{"rendered":"https:\/\/www.meydan.tv\/article\/elmira-ismayilova-bugunku-eziyyet-sabahki-zeferdir\/"},"modified":"2015-12-04T09:23:30","modified_gmt":"2015-12-04T09:23:30","slug":"elmira-ismayilova-bugunku-eziyyet-sabahki-zeferdir","status":"publish","type":"post","link":"https:\/\/www.meydan.tv\/az\/article\/elmira-ismayilova-bugunku-eziyyet-sabahki-zeferdir\/","title":{"rendered":"Elmira \u0130smay\u0131lova: Bug\u00fcnk\u00fc \u0259ziyy\u0259t, sabahk\u0131 z\u0259f\u0259rdir"},"content":{"rendered":"<figure class=\"wp-block-image size-large\">\n  <img decoding=\"async\" src=\"https:\/\/www.meydan.tv\/az\/40375\/\" alt=\"\" class=\"wp-image-40375\"\/><figcaption><\/figcaption><\/figure>\n<figure class=\"wp-block-image size-large\">\n  <img decoding=\"async\" src=\"https:\/\/www.meydan.tv\/az\/40375\/\" alt=\"\" class=\"wp-image-40375\"\/><figcaption><\/figcaption><\/figure>\n<p>\n  <i><br \/>\n    Bir ild\u0259 ya\u015fananlar<br \/>\n    <b><br \/>\n      :<br \/>\n    <\/b><br \/>\n    Q\u0259z\u0259b, sevgi, m\u00fcbariz\u0259, h\u0259y\u0259can, s\u0259br, ehtiyat, inams\u0131zl\u0131q, d\u0259st\u0259k, qalibiyy\u0259t!<br \/>\n  <\/i>\n<\/p>\n<p>\n  <b><br \/>\n    Dekabr\u0131n 5-d\u0259 ara\u015fd\u0131rma\u00e7\u0131- jurnalist X\u0259dic\u0259 ismay\u0131l\u0131n h\u0259bsind\u0259n 1 il \u00f6t\u00fcr. X\u0259dic\u0259 \u0130smay\u0131l\u0131n anas\u0131 Elmira \u0130smay\u0131lova X\u0259dic\u0259nin v\u0259ziyy\u0259ti, h\u0259bsi il\u0259 ba\u011fl\u0131 suallar\u0131m\u0131za cavab verir.<br \/>\n  <\/b>\n<\/p>\n<p>\n  <b><br \/>\n    &#8211;\u00a0 Elmira xan\u0131m, X\u0259dic\u0259 c\u0259za\u00e7\u0259km\u0259 m\u00fc\u0259ssis\u0259sin\u0259 k\u00f6\u00e7\u00fcr\u00fcl\u0259nd\u0259n sonra g\u00f6r\u00fc\u015f\u0259 bilmisinizm\u0130? V\u0259ziyy\u0259ti nec\u0259dir?<br \/>\n  <\/b>\n<\/p>\n<p>\n  &#8211; H\u0259l\u0259 g\u00f6r\u00fc\u015fm\u0259mi\u015f\u0259m. Karantind\u0259dir, z\u0259ng etmi\u015fdi, deyir: \u201cYax\u015f\u0131yam\u201d.\n<\/p>\n<p>\n  &#8211;<br \/>\n  <b><br \/>\n    X\u0259dic\u0259 h\u0259mi\u015f\u0259 bel\u0259 bir mesaj g\u00f6nd\u0259rir ki, \u201ch\u0259r \u015fey yax\u015f\u0131d\u0131r. M\u00f6hk\u0259m olun!\u201d. Siz nec\u0259 m\u00f6hk\u0259msinizmi?<br \/>\n  <\/b>\n<\/p>\n<p>\n  &#8211; B\u0259li, m\u00f6hk\u0259m\u0259m.\n<\/p>\n<p>\n  &#8211;<br \/>\n  <b><br \/>\n    Beyn\u0259lxalq t\u0259\u015fkilatlar\u0131n, Az\u0259rbaycan ictimaiyy\u0259tinin, insanlar\u0131n X\u0259dic\u0259nin h\u0259bsin\u0259 m\u00fcnasib\u0259tini q\u0259na\u0259tb\u0259x\u015f hesab edirsinizmi? Sizi qane edirmi?<br \/>\n  <\/b>\n<\/p>\n<p>\n  &#8211; Beyn\u0259lxalq t\u0259\u015fkilatlar\u0131n,\u00a0Az\u0259rbaycan ictimaiyy\u0259tinin, insanlar\u0131n, azad median\u0131n\u00a0\u00a0d\u0259st\u0259yi,\u00a0insan haqlar\u0131 u\u011frunda m\u00fcbariz\u0259si indi m\u0259n\u0259 daha ayd\u0131n g\u00f6r\u00fcn\u00fcr v\u0259 \u00fcmidvericidir. A\u00e7\u0131qda d\u0259st\u0259kl\u0259m\u0259y\u0259 \u00e7\u0259kin\u0259n insanlar bel\u0259 X\u0259dic\u0259nin haqq s\u00f6z, s\u00f6z azadl\u0131\u011f\u0131, insan haqlar\u0131 u\u011frunda m\u00fcbariz\u0259sin\u0259 olan heyr\u0259tl\u0259rini m\u0259n\u0259 \u00e7atd\u0131r\u0131rlar. \u0130nsan haqlar\u0131 b\u0259\u015f\u0259ri d\u0259y\u0259rdir. \u0130nsan haqlar\u0131 u\u011frunda m\u00fcbariz\u0259y\u0259 d\u0259st\u0259k olan t\u0259\u015fkilatlara, insanlara t\u0259\u015f\u0259kk\u00fcr edir\u0259m .\n<\/p>\n<p>\n  \u00a0Beyn\u0259lxalq t\u0259\u015fkilatlar dinind\u0259n, irsind\u0259n, milliyy\u0259tind\u0259n as\u0131l\u0131 olmayaraq bu m\u00fcbariz\u0259d\u0259 h\u0259r k\u0259s\u0259 d\u0259st\u0259k olurlar. Haqq u\u011frunda!\n<\/p>\n<p>\n  <b><br \/>\n    &#8211;<br \/>\n  <\/b><br \/>\n  <b><br \/>\n    Dekabr\u0131n 5-i X\u0259dic\u0259nin h\u0259bs olunmas\u0131ndan 1 il \u00f6t\u00fcr.<br \/>\n  <\/b><br \/>\n  <b><br \/>\n    Bu<br \/>\n  <\/b><br \/>\n  <b><\/b><br \/>\n  <b><br \/>\n    bir<br \/>\n  <\/b><br \/>\n  <b><\/b><br \/>\n  <b><br \/>\n    il<br \/>\n  <\/b><br \/>\n  <b><br \/>\n    d\u0259 n\u0259l\u0259r hiss etdiz<br \/>\n  <\/b><br \/>\n  <b><br \/>\n    ?<br \/>\n  <\/b>\n<\/p>\n<p>\n  &#8211; Q\u0259z\u0259b, sevgi, m\u00fcbariz\u0259, h\u0259y\u0259can, s\u0259br, ehtiyat, inams\u0131zl\u0131q, d\u0259st\u0259k, qalibiyy\u0259t!\n<\/p>\n<p>\n  &#8211;<br \/>\n  <b><br \/>\n    H\u0259l\u0259 d\u0259 X\u0259dic\u0259nin ad\u0131n\u0131 m\u00fcxt\u0259lif qruplarla halland\u0131ranlar var. Nardaran hadis\u0259l\u0259ri il\u0259 ba\u011fl\u0131 Az\u0259rbaycan medias\u0131nda ged\u0259n m\u0259lumatlarda X\u0259dic\u0259 \u0130smay\u0131lovan\u0131n da ad\u0131 \u00e7\u0259kilirdi. Onun ad\u0131n\u0131 bu formada halland\u0131ran adamlara n\u0259 dem\u0259k ist\u0259rdiniz?<br \/>\n  <\/b>\n<\/p>\n<p>\n  &#8211; \u018flb\u0259tt\u0259 ki, buna m\u00fcnasib\u0259tim m\u0259nfidir. Bunu s\u00f6yl\u0259y\u0259nl\u0259r \u00f6zl\u0259ri d\u0259 bilirl\u0259r ki, bu, yaland\u0131r, bunu dey\u0259nl\u0259r m\u0259n\u0259viyyat\u0131n\u0131 itirm\u0259kd\u0259 olan insanlard\u0131r. Onlara s\u00f6z\u00fcm budur ki, \u00a0X\u0259dic\u0259nin m\u00fcbariz\u0259si sizin q\u0259lbinizi isidir v\u0259 yolunuza i\u015f\u0131q sa\u00e7\u0131r. Haqq\u0131 s\u00f6yl\u0259m\u0259kd\u0259n \u00e7\u0259kinm\u0259yin. Azad d\u00fc\u015f\u00fcnc\u0259niz, ruhunuz bu yolla qazan\u0131lm\u0131\u015f bir par\u00e7a \u00e7\u00f6r\u0259kd\u0259n \u00fcst\u00fcnd\u00fcr. H\u0259qiq\u0259ti g\u00f6rm\u0259y\u0259, s\u00f6yl\u0259m\u0259y\u0259 qorxmay\u0131n. M\u0259n\u0259viyyat\u0131n\u0131z\u0131 xilas etm\u0259k h\u0259l\u0259 d\u0259 gec deyil!\n<\/p>\n<p>\n  &#8211;<br \/>\n  <b><br \/>\n    B\u0259zi insanlar var ki, X\u0259dic\u0259nin \u0259sass\u0131z h\u0259bs olundu\u011funu bils\u0259l\u0259r d\u0259, bunu dem\u0259y\u0259 \u00e7\u0259kinirl\u0259r. \u201cG\u0259mid\u0259 oturub g\u0259mi\u00e7i il\u0259 dava etm\u0259k olmaz\u201d, \u201c X\u0259dic\u0259y\u0259, bu, laz\u0131m idi?\u201d, \u201c X\u0259dic\u0259 kim\u0259 neyl\u0259di ki? N\u0259 el\u0259dis\u0259, \u00f6z\u00fcn\u0259 el\u0259di\u201d &#8211; dey\u0259nl\u0259r var. Y\u0259qin siz\u0259 d\u0259 yax\u0131ndan-uzaqdan bel\u0259 fikirl\u0259r s\u00f6yl\u0259y\u0259nl\u0259r var. Maraql\u0131d\u0131r, cavab\u0131n\u0131z n\u0259 olur?<br \/>\n  <\/b>\n<\/p>\n<p>\n  &#8211; X\u0259dic\u0259 h\u0259mi\u015f\u0259\u00a0 deyirdi ki, m\u00fcbariz\u0259y\u0259 v\u0259 nailiyy\u0259tl\u0259r\u0259 d\u0259y\u0259r- do\u011fru insan olmaq nam\u0131n\u0259, d\u0259y\u0259rl\u0259r namin\u0259&#8221;. \u00a0\u00d6z\u00fcn\u0259 hesabat ver\u0259n v\u0259 vicdan\u0131n\u0131n s\u0259sini dinl\u0259y\u0259n h\u0259r k\u0259s bu yolla gedir, m\u0259nc\u0259.\n<\/p>\n<p>\n  <b><br \/>\n    &#8211;\u00a0 Insanlara hans\u0131sa mesaj\u0131n\u0131z varm\u0131?<br \/>\n  <\/b>\n<\/p>\n<p>\n  &#8211; Birl\u0259\u015fib haqq yolunda m\u00fcbariz\u0259 apar\u0131n! Bug\u00fcnk\u00fc \u0259ziyy\u0259t, sabahk\u0131 z\u0259f\u0259rdir.\n<\/p><\/p>\n","protected":false},"excerpt":{"rendered":"<p>Bir ild\u0259 ya\u015fananlar: Q\u0259z\u0259b, sevgi, m\u00fcbariz\u0259, h\u0259y\u0259can, s\u0259br, ehtiyat, inams\u0131zl\u0131q, d\u0259st\u0259k, qalibiyy\u0259t!<\/p>\n","protected":false},"author":11,"featured_media":40375,"comment_status":"closed","ping_status":"open","sticky":false,"template":"","format":"standard","meta":{"_acf_changed":false,"_sitemap_exclude":false,"_sitemap_priority":"","_sitemap_frequency":"","footnotes":""},"categories":[63],"tags":[],"class_list":["post-171623","post","type-post","status-publish","format-standard","has-post-thumbnail","hentry","category-video-2","infinite-scroll-item","generate-columns","tablet-grid-50","mobile-grid-100","grid-parent","grid-33","no-featured-image-padding"],"acf":[],"yoast_head":"<!-- This site is optimized with the Yoast SEO plugin v28.4 - https:\/\/yoast.com\/product\/yoast-seo-wordpress\/ -->\n<title>Elmira \u0130smay\u0131lova: Bug\u00fcnk\u00fc \u0259ziyy\u0259t, sabahk\u0131 z\u0259f\u0259rdir - MEYDAN.TV<\/title>\n<meta name=\"robots\" content=\"index, follow, max-snippet:-1, max-image-preview:large, max-video-preview:-1\" \/>\n<link rel=\"canonical\" href=\"https:\/\/www.meydan.tv\/az\/article\/elmira-ismayilova-bugunku-eziyyet-sabahki-zeferdir\/\" \/>\n<meta property=\"og:locale\" content=\"az_AZ\" \/>\n<meta property=\"og:type\" content=\"article\" \/>\n<meta property=\"og:title\" content=\"Elmira \u0130smay\u0131lova: Bug\u00fcnk\u00fc \u0259ziyy\u0259t, sabahk\u0131 z\u0259f\u0259rdir - MEYDAN.TV\" \/>\n<meta property=\"og:description\" content=\"Bir ild\u0259 ya\u015fananlar: Q\u0259z\u0259b, sevgi, m\u00fcbariz\u0259, h\u0259y\u0259can, s\u0259br, ehtiyat, inams\u0131zl\u0131q, d\u0259st\u0259k, qalibiyy\u0259t!\" \/>\n<meta property=\"og:url\" content=\"https:\/\/www.meydan.tv\/az\/article\/elmira-ismayilova-bugunku-eziyyet-sabahki-zeferdir\/\" \/>\n<meta property=\"og:site_name\" content=\"MEYDAN.TV\" \/>\n<meta property=\"article:published_time\" content=\"2015-12-04T09:23:30+00:00\" \/>\n<meta property=\"og:image\" content=\"https:\/\/www.meydan.tv\/wp-content\/uploads\/15139.jpg\" \/>\n\t<meta property=\"og:image:width\" content=\"653\" \/>\n\t<meta property=\"og:image:height\" content=\"458\" \/>\n\t<meta property=\"og:image:type\" content=\"image\/jpeg\" \/>\n<meta name=\"twitter:card\" content=\"summary_large_image\" \/>\n<!-- \/ Yoast SEO plugin. -->","yoast_head_json":{"title":"Elmira \u0130smay\u0131lova: Bug\u00fcnk\u00fc \u0259ziyy\u0259t, sabahk\u0131 z\u0259f\u0259rdir - MEYDAN.TV","robots":{"index":"index","follow":"follow","max-snippet":"max-snippet:-1","max-image-preview":"max-image-preview:large","max-video-preview":"max-video-preview:-1"},"canonical":"https:\/\/www.meydan.tv\/az\/article\/elmira-ismayilova-bugunku-eziyyet-sabahki-zeferdir\/","og_locale":"az_AZ","og_type":"article","og_title":"Elmira \u0130smay\u0131lova: Bug\u00fcnk\u00fc \u0259ziyy\u0259t, sabahk\u0131 z\u0259f\u0259rdir - MEYDAN.TV","og_description":"Bir ild\u0259 ya\u015fananlar: Q\u0259z\u0259b, sevgi, m\u00fcbariz\u0259, h\u0259y\u0259can, s\u0259br, ehtiyat, inams\u0131zl\u0131q, d\u0259st\u0259k, qalibiyy\u0259t!","og_url":"https:\/\/www.meydan.tv\/az\/article\/elmira-ismayilova-bugunku-eziyyet-sabahki-zeferdir\/","og_site_name":"MEYDAN.TV","article_published_time":"2015-12-04T09:23:30+00:00","og_image":[{"width":653,"height":458,"url":"https:\/\/www.meydan.tv\/wp-content\/uploads\/15139.jpg","type":"image\/jpeg"}],"twitter_card":"summary_large_image","schema":{"@context":"https:\/\/schema.org","@graph":[{"@type":"Article","@id":"https:\/\/www.meydan.tv\/az\/article\/elmira-ismayilova-bugunku-eziyyet-sabahki-zeferdir\/#article","isPartOf":{"@id":"https:\/\/www.meydan.tv\/az\/article\/elmira-ismayilova-bugunku-eziyyet-sabahki-zeferdir\/"},"author":{"name":"user-manager","@id":"https:\/\/www.meydan.tv\/az\/#\/schema\/person\/10d11eccf6da3662cf5fdab9806ea91a"},"headline":"Elmira \u0130smay\u0131lova: Bug\u00fcnk\u00fc \u0259ziyy\u0259t, sabahk\u0131 z\u0259f\u0259rdir","datePublished":"2015-12-04T09:23:30+00:00","mainEntityOfPage":{"@id":"https:\/\/www.meydan.tv\/az\/article\/elmira-ismayilova-bugunku-eziyyet-sabahki-zeferdir\/"},"wordCount":679,"publisher":{"@id":"https:\/\/www.meydan.tv\/az\/#organization"},"image":{"@id":"https:\/\/www.meydan.tv\/az\/article\/elmira-ismayilova-bugunku-eziyyet-sabahki-zeferdir\/#primaryimage"},"thumbnailUrl":"https:\/\/www.meydan.tv\/wp-content\/uploads\/15139.jpg","articleSection":["Video"],"inLanguage":"az"},{"@type":"WebPage","@id":"https:\/\/www.meydan.tv\/az\/article\/elmira-ismayilova-bugunku-eziyyet-sabahki-zeferdir\/","url":"https:\/\/www.meydan.tv\/az\/article\/elmira-ismayilova-bugunku-eziyyet-sabahki-zeferdir\/","name":"Elmira \u0130smay\u0131lova: Bug\u00fcnk\u00fc \u0259ziyy\u0259t, sabahk\u0131 z\u0259f\u0259rdir - MEYDAN.TV","isPartOf":{"@id":"https:\/\/www.meydan.tv\/az\/#website"},"primaryImageOfPage":{"@id":"https:\/\/www.meydan.tv\/az\/article\/elmira-ismayilova-bugunku-eziyyet-sabahki-zeferdir\/#primaryimage"},"image":{"@id":"https:\/\/www.meydan.tv\/az\/article\/elmira-ismayilova-bugunku-eziyyet-sabahki-zeferdir\/#primaryimage"},"thumbnailUrl":"https:\/\/www.meydan.tv\/wp-content\/uploads\/15139.jpg","datePublished":"2015-12-04T09:23:30+00:00","breadcrumb":{"@id":"https:\/\/www.meydan.tv\/az\/article\/elmira-ismayilova-bugunku-eziyyet-sabahki-zeferdir\/#breadcrumb"},"inLanguage":"az","potentialAction":[{"@type":"ReadAction","target":["https:\/\/www.meydan.tv\/az\/article\/elmira-ismayilova-bugunku-eziyyet-sabahki-zeferdir\/"]}]},{"@type":"ImageObject","inLanguage":"az","@id":"https:\/\/www.meydan.tv\/az\/article\/elmira-ismayilova-bugunku-eziyyet-sabahki-zeferdir\/#primaryimage","url":"https:\/\/www.meydan.tv\/wp-content\/uploads\/15139.jpg","contentUrl":"https:\/\/www.meydan.tv\/wp-content\/uploads\/15139.jpg","width":653,"height":458,"caption":"Source:"},{"@type":"BreadcrumbList","@id":"https:\/\/www.meydan.tv\/az\/article\/elmira-ismayilova-bugunku-eziyyet-sabahki-zeferdir\/#breadcrumb","itemListElement":[{"@type":"ListItem","position":1,"name":"Ana s\u0259hif\u0259","item":"https:\/\/www.meydan.tv\/az\/"},{"@type":"ListItem","position":2,"name":"Video","item":"https:\/\/www.meydan.tv\/az\/section\/video-2\/"},{"@type":"ListItem","position":3,"name":"Elmira \u0130smay\u0131lova: Bug\u00fcnk\u00fc \u0259ziyy\u0259t, sabahk\u0131 z\u0259f\u0259rdir"}]},{"@type":"WebSite","@id":"https:\/\/www.meydan.tv\/az\/#website","url":"https:\/\/www.meydan.tv\/az\/","name":"MEYDAN.TV","description":"Meydan TV Az\u0259rbaycan\u0131n media m\u0259kan\u0131ndak\u0131 alternativ s\u0259sidir","publisher":{"@id":"https:\/\/www.meydan.tv\/az\/#organization"},"potentialAction":[{"@type":"SearchAction","target":{"@type":"EntryPoint","urlTemplate":"https:\/\/www.meydan.tv\/az\/?s={search_term_string}"},"query-input":{"@type":"PropertyValueSpecification","valueRequired":true,"valueName":"search_term_string"}}],"inLanguage":"az"},{"@type":"Organization","@id":"https:\/\/www.meydan.tv\/az\/#organization","name":"Meydan TV","url":"https:\/\/www.meydan.tv\/az\/","logo":{"@type":"ImageObject","inLanguage":"az","@id":"https:\/\/www.meydan.tv\/az\/#\/schema\/logo\/image\/","url":"https:\/\/www.meydan.tv\/wp-content\/uploads\/2021\/07\/meydan-logo.svg","contentUrl":"https:\/\/www.meydan.tv\/wp-content\/uploads\/2021\/07\/meydan-logo.svg","width":195,"height":46,"caption":"Meydan TV"},"image":{"@id":"https:\/\/www.meydan.tv\/az\/#\/schema\/logo\/image\/"}},{"@type":"Person","@id":"https:\/\/www.meydan.tv\/az\/#\/schema\/person\/10d11eccf6da3662cf5fdab9806ea91a","name":"user-manager"}]}},"_links":{"self":[{"href":"https:\/\/www.meydan.tv\/az\/wp-json\/wp\/v2\/posts\/171623","targetHints":{"allow":["GET"]}}],"collection":[{"href":"https:\/\/www.meydan.tv\/az\/wp-json\/wp\/v2\/posts"}],"about":[{"href":"https:\/\/www.meydan.tv\/az\/wp-json\/wp\/v2\/types\/post"}],"author":[{"embeddable":true,"href":"https:\/\/www.meydan.tv\/az\/wp-json\/wp\/v2\/users\/11"}],"replies":[{"embeddable":true,"href":"https:\/\/www.meydan.tv\/az\/wp-json\/wp\/v2\/comments?post=171623"}],"version-history":[{"count":0,"href":"https:\/\/www.meydan.tv\/az\/wp-json\/wp\/v2\/posts\/171623\/revisions"}],"wp:featuredmedia":[{"embeddable":true,"href":"https:\/\/www.meydan.tv\/az\/wp-json\/wp\/v2\/media\/40375"}],"wp:attachment":[{"href":"https:\/\/www.meydan.tv\/az\/wp-json\/wp\/v2\/media?parent=171623"}],"wp:term":[{"taxonomy":"category","embeddable":true,"href":"https:\/\/www.meydan.tv\/az\/wp-json\/wp\/v2\/categories?post=171623"},{"taxonomy":"post_tag","embeddable":true,"href":"https:\/\/www.meydan.tv\/az\/wp-json\/wp\/v2\/tags?post=171623"}],"curies":[{"name":"wp","href":"https:\/\/api.w.org\/{rel}","templated":true}]}}