{"id":171241,"date":"2015-11-20T09:59:44","date_gmt":"2015-11-20T09:59:44","guid":{"rendered":"https:\/\/www.meydan.tv\/article\/odlar-diyarinin-20-minlik-qurbanlari-video\/"},"modified":"2015-11-20T09:59:44","modified_gmt":"2015-11-20T09:59:44","slug":"odlar-diyarinin-20-minlik-qurbanlari-video","status":"publish","type":"post","link":"https:\/\/www.meydan.tv\/az\/article\/odlar-diyarinin-20-minlik-qurbanlari-video\/","title":{"rendered":"Odlar diyar\u0131n\u0131n 20 minlik \u201cqurbanlar\u0131\u201d (V\u0130DEO)"},"content":{"rendered":"<figure class=\"wp-block-embed is-type-video is-provider-youtube wp-block-embed-youtube wp-embed-aspect-16-9 wp-has-aspect-ratio\">\n<div class=\"wp-block-embed__wrapper\">\n    <iframe loading=\"lazy\"\ttitle=\"\" width=\"1200\" height=\"675\" src=\"https:\/\/www.youtube.com\/embed\/qx4hrjPf2QI\"\tframeborder=\"0\"\tallow=\"accelerometer; autoplay; clipboard-write; encrypted-media; gyroscope; picture-in-picture\" allowfullscreen><\/iframe>\n  <\/div><figcaption><\/figcaption><\/figure>\n<p>\n  <i><br \/>\n    \u0130nsanlar\u0131n \u00f6l\u00fcm\u00fcn\u0259 s\u0259b\u0259b olan m\u0259mur \u00f6zba\u015f\u0131nal\u0131qlar\u0131n\u0131 20 min manat &#8220;yuya&#8221; bilmir<br \/>\n  <\/i>\n<\/p>\n<p>\n  &#8230; Bu insanlar Bak\u0131n\u0131n Bin\u0259q\u0259di rayonundak\u0131 Azadl\u0131q prospektind\u0259 59 m\u0259nzilli, 19 m\u0259rt\u0259bili binan\u0131n yanmas\u0131 n\u0259tic\u0259sind\u0259 z\u0259r\u0259r g\u00f6r\u0259nl\u0259rdi. Onlar deyir ki, 2015-ci ilin 19 may\u0131na kimi adi g\u00fcnl\u0259rini ya\u015fay\u0131blar. H\u0259min g\u00fcn is\u0259 kimisi ail\u0259 \u00fczv\u00fcn\u00fc, kimisi \u0259\u015fyalar\u0131n\u0131, kimisi sa\u011flaml\u0131\u011f\u0131n\u0131, kimisi d\u0259 i\u015fini itirib.\n<\/p>\n<p>\n  Bina sakinl\u0259rinin verdiyi m\u0259lumata g\u00f6r\u0259, yan\u011f\u0131n birinci m\u0259rt\u0259b\u0259d\u0259n ba\u015flasa da b\u00fct\u00fcn binan\u0131 b\u00fcr\u00fcy\u00fcr. N\u0259tic\u0259d\u0259 54 m\u0259nzild\u0259 ya\u015fayanlardan 14 n\u0259f\u0259r d\u00fcnyas\u0131n\u0131 d\u0259yi\u015fir, 50 n\u0259f\u0259r is\u0259 yaralan\u0131r. Binan\u0131n alovlanmas\u0131na s\u0259b\u0259b vurulan keyfiyy\u0259tsiz v\u0259 yanan materiall\u0131 penoplast \u00fczl\u00fckl\u0259r olur.\n<\/p>\n<p>\n  Ba\u015f ver\u0259nl\u0259rd\u0259n sonra M\u0259nzil \u0130stismar Sah\u0259sinin m\u00fcd\u00fcr\u00fcn\u00fcn h\u0259bsi ictimaiyy\u0259t aras\u0131nda birm\u0259nal\u0131 qar\u015f\u0131lanmmir&#8230;\n<\/p><\/p>\n","protected":false},"excerpt":{"rendered":"<p>\u0130nsanlar\u0131n \u00f6l\u00fcm\u00fcn\u0259 s\u0259b\u0259b olan m\u0259mur \u00f6zba\u015f\u0131nal\u0131qlar\u0131n\u0131 20 min manat &#8220;yuya&#8221; bilmir<\/p>\n","protected":false},"author":11,"featured_media":38724,"comment_status":"closed","ping_status":"open","sticky":false,"template":"","format":"standard","meta":{"_acf_changed":false,"_sitemap_exclude":false,"_sitemap_priority":"","_sitemap_frequency":"","footnotes":""},"categories":[63],"tags":[],"class_list":["post-171241","post","type-post","status-publish","format-standard","has-post-thumbnail","hentry","category-video-2","infinite-scroll-item","generate-columns","tablet-grid-50","mobile-grid-100","grid-parent","grid-33","no-featured-image-padding"],"acf":[],"yoast_head":"<!-- This site is optimized with the Yoast SEO plugin v28.4 - https:\/\/yoast.com\/product\/yoast-seo-wordpress\/ -->\n<title>Odlar diyar\u0131n\u0131n 20 minlik \u201cqurbanlar\u0131\u201d (V\u0130DEO) - MEYDAN.TV<\/title>\n<meta name=\"robots\" content=\"index, follow, max-snippet:-1, max-image-preview:large, max-video-preview:-1\" \/>\n<link rel=\"canonical\" href=\"https:\/\/www.meydan.tv\/az\/article\/odlar-diyarinin-20-minlik-qurbanlari-video\/\" \/>\n<meta property=\"og:locale\" content=\"az_AZ\" \/>\n<meta property=\"og:type\" content=\"article\" \/>\n<meta property=\"og:title\" content=\"Odlar diyar\u0131n\u0131n 20 minlik \u201cqurbanlar\u0131\u201d (V\u0130DEO) - MEYDAN.TV\" \/>\n<meta property=\"og:description\" content=\"\u0130nsanlar\u0131n \u00f6l\u00fcm\u00fcn\u0259 s\u0259b\u0259b olan m\u0259mur \u00f6zba\u015f\u0131nal\u0131qlar\u0131n\u0131 20 min manat &quot;yuya&quot; bilmir\" \/>\n<meta property=\"og:url\" content=\"https:\/\/www.meydan.tv\/az\/article\/odlar-diyarinin-20-minlik-qurbanlari-video\/\" \/>\n<meta property=\"og:site_name\" content=\"MEYDAN.TV\" \/>\n<meta property=\"article:published_time\" content=\"2015-11-20T09:59:44+00:00\" \/>\n<meta property=\"og:image\" content=\"https:\/\/www.meydan.tv\/wp-content\/uploads\/14508.png\" \/>\n\t<meta property=\"og:image:width\" content=\"847\" \/>\n\t<meta property=\"og:image:height\" content=\"434\" \/>\n\t<meta property=\"og:image:type\" content=\"image\/png\" \/>\n<meta name=\"twitter:card\" content=\"summary_large_image\" \/>\n<!-- \/ Yoast SEO plugin. -->","yoast_head_json":{"title":"Odlar diyar\u0131n\u0131n 20 minlik \u201cqurbanlar\u0131\u201d (V\u0130DEO) - MEYDAN.TV","robots":{"index":"index","follow":"follow","max-snippet":"max-snippet:-1","max-image-preview":"max-image-preview:large","max-video-preview":"max-video-preview:-1"},"canonical":"https:\/\/www.meydan.tv\/az\/article\/odlar-diyarinin-20-minlik-qurbanlari-video\/","og_locale":"az_AZ","og_type":"article","og_title":"Odlar diyar\u0131n\u0131n 20 minlik \u201cqurbanlar\u0131\u201d (V\u0130DEO) - MEYDAN.TV","og_description":"\u0130nsanlar\u0131n \u00f6l\u00fcm\u00fcn\u0259 s\u0259b\u0259b olan m\u0259mur \u00f6zba\u015f\u0131nal\u0131qlar\u0131n\u0131 20 min manat \"yuya\" bilmir","og_url":"https:\/\/www.meydan.tv\/az\/article\/odlar-diyarinin-20-minlik-qurbanlari-video\/","og_site_name":"MEYDAN.TV","article_published_time":"2015-11-20T09:59:44+00:00","og_image":[{"width":847,"height":434,"url":"https:\/\/www.meydan.tv\/wp-content\/uploads\/14508.png","type":"image\/png"}],"twitter_card":"summary_large_image","schema":{"@context":"https:\/\/schema.org","@graph":[{"@type":"Article","@id":"https:\/\/www.meydan.tv\/az\/article\/odlar-diyarinin-20-minlik-qurbanlari-video\/#article","isPartOf":{"@id":"https:\/\/www.meydan.tv\/az\/article\/odlar-diyarinin-20-minlik-qurbanlari-video\/"},"author":{"name":"user-manager","@id":"https:\/\/www.meydan.tv\/az\/#\/schema\/person\/10d11eccf6da3662cf5fdab9806ea91a"},"headline":"Odlar diyar\u0131n\u0131n 20 minlik \u201cqurbanlar\u0131\u201d (V\u0130DEO)","datePublished":"2015-11-20T09:59:44+00:00","mainEntityOfPage":{"@id":"https:\/\/www.meydan.tv\/az\/article\/odlar-diyarinin-20-minlik-qurbanlari-video\/"},"wordCount":186,"publisher":{"@id":"https:\/\/www.meydan.tv\/az\/#organization"},"image":{"@id":"https:\/\/www.meydan.tv\/az\/article\/odlar-diyarinin-20-minlik-qurbanlari-video\/#primaryimage"},"thumbnailUrl":"https:\/\/www.meydan.tv\/wp-content\/uploads\/14508.png","articleSection":["Video"],"inLanguage":"az"},{"@type":"WebPage","@id":"https:\/\/www.meydan.tv\/az\/article\/odlar-diyarinin-20-minlik-qurbanlari-video\/","url":"https:\/\/www.meydan.tv\/az\/article\/odlar-diyarinin-20-minlik-qurbanlari-video\/","name":"Odlar diyar\u0131n\u0131n 20 minlik \u201cqurbanlar\u0131\u201d (V\u0130DEO) - MEYDAN.TV","isPartOf":{"@id":"https:\/\/www.meydan.tv\/az\/#website"},"primaryImageOfPage":{"@id":"https:\/\/www.meydan.tv\/az\/article\/odlar-diyarinin-20-minlik-qurbanlari-video\/#primaryimage"},"image":{"@id":"https:\/\/www.meydan.tv\/az\/article\/odlar-diyarinin-20-minlik-qurbanlari-video\/#primaryimage"},"thumbnailUrl":"https:\/\/www.meydan.tv\/wp-content\/uploads\/14508.png","datePublished":"2015-11-20T09:59:44+00:00","breadcrumb":{"@id":"https:\/\/www.meydan.tv\/az\/article\/odlar-diyarinin-20-minlik-qurbanlari-video\/#breadcrumb"},"inLanguage":"az","potentialAction":[{"@type":"ReadAction","target":["https:\/\/www.meydan.tv\/az\/article\/odlar-diyarinin-20-minlik-qurbanlari-video\/"]}]},{"@type":"ImageObject","inLanguage":"az","@id":"https:\/\/www.meydan.tv\/az\/article\/odlar-diyarinin-20-minlik-qurbanlari-video\/#primaryimage","url":"https:\/\/www.meydan.tv\/wp-content\/uploads\/14508.png","contentUrl":"https:\/\/www.meydan.tv\/wp-content\/uploads\/14508.png","width":847,"height":434,"caption":"Source:"},{"@type":"BreadcrumbList","@id":"https:\/\/www.meydan.tv\/az\/article\/odlar-diyarinin-20-minlik-qurbanlari-video\/#breadcrumb","itemListElement":[{"@type":"ListItem","position":1,"name":"Ana s\u0259hif\u0259","item":"https:\/\/www.meydan.tv\/az\/"},{"@type":"ListItem","position":2,"name":"Video","item":"https:\/\/www.meydan.tv\/az\/section\/video-2\/"},{"@type":"ListItem","position":3,"name":"Odlar diyar\u0131n\u0131n 20 minlik \u201cqurbanlar\u0131\u201d (V\u0130DEO)"}]},{"@type":"WebSite","@id":"https:\/\/www.meydan.tv\/az\/#website","url":"https:\/\/www.meydan.tv\/az\/","name":"MEYDAN.TV","description":"Meydan TV Az\u0259rbaycan\u0131n media m\u0259kan\u0131ndak\u0131 alternativ s\u0259sidir","publisher":{"@id":"https:\/\/www.meydan.tv\/az\/#organization"},"potentialAction":[{"@type":"SearchAction","target":{"@type":"EntryPoint","urlTemplate":"https:\/\/www.meydan.tv\/az\/?s={search_term_string}"},"query-input":{"@type":"PropertyValueSpecification","valueRequired":true,"valueName":"search_term_string"}}],"inLanguage":"az"},{"@type":"Organization","@id":"https:\/\/www.meydan.tv\/az\/#organization","name":"Meydan TV","url":"https:\/\/www.meydan.tv\/az\/","logo":{"@type":"ImageObject","inLanguage":"az","@id":"https:\/\/www.meydan.tv\/az\/#\/schema\/logo\/image\/","url":"https:\/\/www.meydan.tv\/wp-content\/uploads\/2021\/07\/meydan-logo.svg","contentUrl":"https:\/\/www.meydan.tv\/wp-content\/uploads\/2021\/07\/meydan-logo.svg","width":195,"height":46,"caption":"Meydan TV"},"image":{"@id":"https:\/\/www.meydan.tv\/az\/#\/schema\/logo\/image\/"}},{"@type":"Person","@id":"https:\/\/www.meydan.tv\/az\/#\/schema\/person\/10d11eccf6da3662cf5fdab9806ea91a","name":"user-manager"}]}},"_links":{"self":[{"href":"https:\/\/www.meydan.tv\/az\/wp-json\/wp\/v2\/posts\/171241","targetHints":{"allow":["GET"]}}],"collection":[{"href":"https:\/\/www.meydan.tv\/az\/wp-json\/wp\/v2\/posts"}],"about":[{"href":"https:\/\/www.meydan.tv\/az\/wp-json\/wp\/v2\/types\/post"}],"author":[{"embeddable":true,"href":"https:\/\/www.meydan.tv\/az\/wp-json\/wp\/v2\/users\/11"}],"replies":[{"embeddable":true,"href":"https:\/\/www.meydan.tv\/az\/wp-json\/wp\/v2\/comments?post=171241"}],"version-history":[{"count":0,"href":"https:\/\/www.meydan.tv\/az\/wp-json\/wp\/v2\/posts\/171241\/revisions"}],"wp:featuredmedia":[{"embeddable":true,"href":"https:\/\/www.meydan.tv\/az\/wp-json\/wp\/v2\/media\/38724"}],"wp:attachment":[{"href":"https:\/\/www.meydan.tv\/az\/wp-json\/wp\/v2\/media?parent=171241"}],"wp:term":[{"taxonomy":"category","embeddable":true,"href":"https:\/\/www.meydan.tv\/az\/wp-json\/wp\/v2\/categories?post=171241"},{"taxonomy":"post_tag","embeddable":true,"href":"https:\/\/www.meydan.tv\/az\/wp-json\/wp\/v2\/tags?post=171241"}],"curies":[{"name":"wp","href":"https:\/\/api.w.org\/{rel}","templated":true}]}}