{"id":171227,"date":"2015-11-19T17:39:59","date_gmt":"2015-11-19T17:39:59","guid":{"rendered":"https:\/\/www.meydan.tv\/article\/fovqelade-hallar-nazirliyinin-sobe-reisi-agaclari-qirir-video\/"},"modified":"2015-11-19T17:39:59","modified_gmt":"2015-11-19T17:39:59","slug":"fovqelade-hallar-nazirliyinin-sobe-reisi-agaclari-qirir-video","status":"publish","type":"post","link":"https:\/\/www.meydan.tv\/az\/article\/fovqelade-hallar-nazirliyinin-sobe-reisi-agaclari-qirir-video\/","title":{"rendered":"F\u00f6vq\u0259lad\u0259 Hallar Nazirliyinin \u015f\u00f6b\u0259 r\u0259isi a\u011faclar\u0131 q\u0131r\u0131r (V\u0130DEO)"},"content":{"rendered":"<figure class=\"wp-block-embed is-type-video is-provider-youtube wp-block-embed-youtube wp-embed-aspect-16-9 wp-has-aspect-ratio\">\n<div class=\"wp-block-embed__wrapper\">\n    <iframe loading=\"lazy\"\ttitle=\"\" width=\"1200\" height=\"675\" src=\"https:\/\/www.youtube.com\/embed\/_Y0eWw0BksU\"\tframeborder=\"0\"\tallow=\"accelerometer; autoplay; clipboard-write; encrypted-media; gyroscope; picture-in-picture\" allowfullscreen><\/iframe>\n  <\/div><figcaption><\/figcaption><\/figure>\n<p>\n  Art\u0131q \u00fc\u00e7 h\u0259ft\u0259d\u0259n \u00e7oxdur ki, Yasamal rayonu Mir\u0259li Seyidov k\u00fc\u00e7\u0259si 41 \u00fcnvan\u0131nda yerl\u0259\u015f\u0259n binan\u0131n ya\u015f\u0131ll\u0131q sah\u0259si m\u0259hv edil\u0259r\u0259k, obyekt in\u015fa edilir. H\u0259y\u0259timizi, u\u015faqlar\u0131n, qocalar\u0131n istirah\u0259t yerini z\u0259bt etm\u0259si azm\u0131\u015f kimi video \u00e7\u0259kili\u015fd\u0259n d\u0259 g\u00f6r\u00fcnd\u00fcy\u00fc kimi gec\u0259 s\u0259h\u0259r\u0259d\u0259k a\u011f\u0131r texnika h\u0259y\u0259td\u0259 tikinti i\u015fl\u0259ri apar\u0131r dey\u0259 \u015fikay\u0259t\u00e7i bildirib.\n<\/p>\n<p>\n  Bununla ba\u011fl\u0131 rahatl\u0131\u011f\u0131 pozulan sakinl\u0259r i\u015f icra\u00e7\u0131lar\u0131na d\u0259f\u0259l\u0259rl\u0259 irad\u0131n\u0131 bildirs\u0259 d\u0259 Daxili \u0130\u015fl\u0259r Nazirliyi v\u0259 F\u00f6vq\u0259lad\u0259 Hallar Nazirliyinin n\u00fcmay\u0259nd\u0259l\u0259ri i\u015f icra\u00e7\u0131lar\u0131 il\u0259 s\u00f6hb\u0259t etdikd\u0259n sonra obyektin F\u00f6vq\u0259lad\u0259 Hallar Nazirliyinin \u015f\u00f6b\u0259 r\u0259isi kimi t\u0259qdim edil\u0259n H\u00fcseyn adl\u0131 m\u0259xsus oldu\u011funu qeyd edib v\u0259 tikintini dayand\u0131rmayacaqlar\u0131n\u0131 bildiribl\u0259r.\n<\/p>\n<p>\n  Sakinl\u0259rin dediyin\u0259 g\u00f6r\u0259 art\u0131q \u00fc\u00e7 h\u0259ft\u0259dir ki, \u0259razid\u0259 s\u0259h\u0259r\u0259 q\u0259d\u0259r a\u011f\u0131r texnika i\u015fl\u0259yir. H\u0259r birimizin konstitusion h\u00fcququmuz olan \u201cistirah\u0259t\u201d h\u00fcququmuz kobud \u015f\u0259kild\u0259 pozulur dey\u0259 \u015fikay\u0259t\u00e7il\u0259r bildirib.<\/p>\n","protected":false},"excerpt":{"rendered":"<p>&#8220;Konstitusion h\u00fcququmuz olan \u201cistirah\u0259t\u201d h\u00fcququmuz kobud \u015f\u0259kild\u0259 pozulur&#8221;<\/p>\n","protected":false},"author":11,"featured_media":38673,"comment_status":"closed","ping_status":"open","sticky":false,"template":"","format":"standard","meta":{"_acf_changed":false,"_sitemap_exclude":false,"_sitemap_priority":"","_sitemap_frequency":"","footnotes":""},"categories":[63],"tags":[],"class_list":["post-171227","post","type-post","status-publish","format-standard","has-post-thumbnail","hentry","category-video-2","infinite-scroll-item","generate-columns","tablet-grid-50","mobile-grid-100","grid-parent","grid-33","no-featured-image-padding"],"acf":[],"yoast_head":"<!-- This site is optimized with the Yoast SEO plugin v28.4 - https:\/\/yoast.com\/product\/yoast-seo-wordpress\/ -->\n<title>F\u00f6vq\u0259lad\u0259 Hallar Nazirliyinin \u015f\u00f6b\u0259 r\u0259isi a\u011faclar\u0131 q\u0131r\u0131r (V\u0130DEO) - MEYDAN.TV<\/title>\n<meta name=\"robots\" content=\"index, follow, max-snippet:-1, max-image-preview:large, max-video-preview:-1\" \/>\n<link rel=\"canonical\" href=\"https:\/\/www.meydan.tv\/az\/article\/fovqelade-hallar-nazirliyinin-sobe-reisi-agaclari-qirir-video\/\" \/>\n<meta property=\"og:locale\" content=\"az_AZ\" \/>\n<meta property=\"og:type\" content=\"article\" \/>\n<meta property=\"og:title\" content=\"F\u00f6vq\u0259lad\u0259 Hallar Nazirliyinin \u015f\u00f6b\u0259 r\u0259isi a\u011faclar\u0131 q\u0131r\u0131r (V\u0130DEO) - MEYDAN.TV\" \/>\n<meta property=\"og:description\" content=\"&quot;Konstitusion h\u00fcququmuz olan \u201cistirah\u0259t\u201d h\u00fcququmuz kobud \u015f\u0259kild\u0259 pozulur&quot;\" \/>\n<meta property=\"og:url\" content=\"https:\/\/www.meydan.tv\/az\/article\/fovqelade-hallar-nazirliyinin-sobe-reisi-agaclari-qirir-video\/\" \/>\n<meta property=\"og:site_name\" content=\"MEYDAN.TV\" \/>\n<meta property=\"article:published_time\" content=\"2015-11-19T17:39:59+00:00\" \/>\n<meta property=\"og:image\" content=\"https:\/\/www.meydan.tv\/wp-content\/uploads\/14489-scaled.jpg\" \/>\n\t<meta property=\"og:image:width\" content=\"2560\" \/>\n\t<meta property=\"og:image:height\" content=\"1430\" \/>\n\t<meta property=\"og:image:type\" content=\"image\/jpeg\" \/>\n<meta name=\"twitter:card\" content=\"summary_large_image\" \/>\n<!-- \/ Yoast SEO plugin. -->","yoast_head_json":{"title":"F\u00f6vq\u0259lad\u0259 Hallar Nazirliyinin \u015f\u00f6b\u0259 r\u0259isi a\u011faclar\u0131 q\u0131r\u0131r (V\u0130DEO) - MEYDAN.TV","robots":{"index":"index","follow":"follow","max-snippet":"max-snippet:-1","max-image-preview":"max-image-preview:large","max-video-preview":"max-video-preview:-1"},"canonical":"https:\/\/www.meydan.tv\/az\/article\/fovqelade-hallar-nazirliyinin-sobe-reisi-agaclari-qirir-video\/","og_locale":"az_AZ","og_type":"article","og_title":"F\u00f6vq\u0259lad\u0259 Hallar Nazirliyinin \u015f\u00f6b\u0259 r\u0259isi a\u011faclar\u0131 q\u0131r\u0131r (V\u0130DEO) - MEYDAN.TV","og_description":"\"Konstitusion h\u00fcququmuz olan \u201cistirah\u0259t\u201d h\u00fcququmuz kobud \u015f\u0259kild\u0259 pozulur\"","og_url":"https:\/\/www.meydan.tv\/az\/article\/fovqelade-hallar-nazirliyinin-sobe-reisi-agaclari-qirir-video\/","og_site_name":"MEYDAN.TV","article_published_time":"2015-11-19T17:39:59+00:00","og_image":[{"width":2560,"height":1430,"url":"https:\/\/www.meydan.tv\/wp-content\/uploads\/14489-scaled.jpg","type":"image\/jpeg"}],"twitter_card":"summary_large_image","schema":{"@context":"https:\/\/schema.org","@graph":[{"@type":"Article","@id":"https:\/\/www.meydan.tv\/az\/article\/fovqelade-hallar-nazirliyinin-sobe-reisi-agaclari-qirir-video\/#article","isPartOf":{"@id":"https:\/\/www.meydan.tv\/az\/article\/fovqelade-hallar-nazirliyinin-sobe-reisi-agaclari-qirir-video\/"},"author":{"name":"user-manager","@id":"https:\/\/www.meydan.tv\/az\/#\/schema\/person\/10d11eccf6da3662cf5fdab9806ea91a"},"headline":"F\u00f6vq\u0259lad\u0259 Hallar Nazirliyinin \u015f\u00f6b\u0259 r\u0259isi a\u011faclar\u0131 q\u0131r\u0131r (V\u0130DEO)","datePublished":"2015-11-19T17:39:59+00:00","mainEntityOfPage":{"@id":"https:\/\/www.meydan.tv\/az\/article\/fovqelade-hallar-nazirliyinin-sobe-reisi-agaclari-qirir-video\/"},"wordCount":218,"publisher":{"@id":"https:\/\/www.meydan.tv\/az\/#organization"},"image":{"@id":"https:\/\/www.meydan.tv\/az\/article\/fovqelade-hallar-nazirliyinin-sobe-reisi-agaclari-qirir-video\/#primaryimage"},"thumbnailUrl":"https:\/\/www.meydan.tv\/wp-content\/uploads\/14489-scaled.jpg","articleSection":["Video"],"inLanguage":"az"},{"@type":"WebPage","@id":"https:\/\/www.meydan.tv\/az\/article\/fovqelade-hallar-nazirliyinin-sobe-reisi-agaclari-qirir-video\/","url":"https:\/\/www.meydan.tv\/az\/article\/fovqelade-hallar-nazirliyinin-sobe-reisi-agaclari-qirir-video\/","name":"F\u00f6vq\u0259lad\u0259 Hallar Nazirliyinin \u015f\u00f6b\u0259 r\u0259isi a\u011faclar\u0131 q\u0131r\u0131r (V\u0130DEO) - MEYDAN.TV","isPartOf":{"@id":"https:\/\/www.meydan.tv\/az\/#website"},"primaryImageOfPage":{"@id":"https:\/\/www.meydan.tv\/az\/article\/fovqelade-hallar-nazirliyinin-sobe-reisi-agaclari-qirir-video\/#primaryimage"},"image":{"@id":"https:\/\/www.meydan.tv\/az\/article\/fovqelade-hallar-nazirliyinin-sobe-reisi-agaclari-qirir-video\/#primaryimage"},"thumbnailUrl":"https:\/\/www.meydan.tv\/wp-content\/uploads\/14489-scaled.jpg","datePublished":"2015-11-19T17:39:59+00:00","breadcrumb":{"@id":"https:\/\/www.meydan.tv\/az\/article\/fovqelade-hallar-nazirliyinin-sobe-reisi-agaclari-qirir-video\/#breadcrumb"},"inLanguage":"az","potentialAction":[{"@type":"ReadAction","target":["https:\/\/www.meydan.tv\/az\/article\/fovqelade-hallar-nazirliyinin-sobe-reisi-agaclari-qirir-video\/"]}]},{"@type":"ImageObject","inLanguage":"az","@id":"https:\/\/www.meydan.tv\/az\/article\/fovqelade-hallar-nazirliyinin-sobe-reisi-agaclari-qirir-video\/#primaryimage","url":"https:\/\/www.meydan.tv\/wp-content\/uploads\/14489-scaled.jpg","contentUrl":"https:\/\/www.meydan.tv\/wp-content\/uploads\/14489-scaled.jpg","width":2560,"height":1430,"caption":"Source:"},{"@type":"BreadcrumbList","@id":"https:\/\/www.meydan.tv\/az\/article\/fovqelade-hallar-nazirliyinin-sobe-reisi-agaclari-qirir-video\/#breadcrumb","itemListElement":[{"@type":"ListItem","position":1,"name":"Ana s\u0259hif\u0259","item":"https:\/\/www.meydan.tv\/az\/"},{"@type":"ListItem","position":2,"name":"Video","item":"https:\/\/www.meydan.tv\/az\/section\/video-2\/"},{"@type":"ListItem","position":3,"name":"F\u00f6vq\u0259lad\u0259 Hallar Nazirliyinin \u015f\u00f6b\u0259 r\u0259isi a\u011faclar\u0131 q\u0131r\u0131r (V\u0130DEO)"}]},{"@type":"WebSite","@id":"https:\/\/www.meydan.tv\/az\/#website","url":"https:\/\/www.meydan.tv\/az\/","name":"MEYDAN.TV","description":"Meydan TV Az\u0259rbaycan\u0131n media m\u0259kan\u0131ndak\u0131 alternativ s\u0259sidir","publisher":{"@id":"https:\/\/www.meydan.tv\/az\/#organization"},"potentialAction":[{"@type":"SearchAction","target":{"@type":"EntryPoint","urlTemplate":"https:\/\/www.meydan.tv\/az\/?s={search_term_string}"},"query-input":{"@type":"PropertyValueSpecification","valueRequired":true,"valueName":"search_term_string"}}],"inLanguage":"az"},{"@type":"Organization","@id":"https:\/\/www.meydan.tv\/az\/#organization","name":"Meydan TV","url":"https:\/\/www.meydan.tv\/az\/","logo":{"@type":"ImageObject","inLanguage":"az","@id":"https:\/\/www.meydan.tv\/az\/#\/schema\/logo\/image\/","url":"https:\/\/www.meydan.tv\/wp-content\/uploads\/2021\/07\/meydan-logo.svg","contentUrl":"https:\/\/www.meydan.tv\/wp-content\/uploads\/2021\/07\/meydan-logo.svg","width":195,"height":46,"caption":"Meydan TV"},"image":{"@id":"https:\/\/www.meydan.tv\/az\/#\/schema\/logo\/image\/"}},{"@type":"Person","@id":"https:\/\/www.meydan.tv\/az\/#\/schema\/person\/10d11eccf6da3662cf5fdab9806ea91a","name":"user-manager"}]}},"_links":{"self":[{"href":"https:\/\/www.meydan.tv\/az\/wp-json\/wp\/v2\/posts\/171227","targetHints":{"allow":["GET"]}}],"collection":[{"href":"https:\/\/www.meydan.tv\/az\/wp-json\/wp\/v2\/posts"}],"about":[{"href":"https:\/\/www.meydan.tv\/az\/wp-json\/wp\/v2\/types\/post"}],"author":[{"embeddable":true,"href":"https:\/\/www.meydan.tv\/az\/wp-json\/wp\/v2\/users\/11"}],"replies":[{"embeddable":true,"href":"https:\/\/www.meydan.tv\/az\/wp-json\/wp\/v2\/comments?post=171227"}],"version-history":[{"count":0,"href":"https:\/\/www.meydan.tv\/az\/wp-json\/wp\/v2\/posts\/171227\/revisions"}],"wp:featuredmedia":[{"embeddable":true,"href":"https:\/\/www.meydan.tv\/az\/wp-json\/wp\/v2\/media\/38673"}],"wp:attachment":[{"href":"https:\/\/www.meydan.tv\/az\/wp-json\/wp\/v2\/media?parent=171227"}],"wp:term":[{"taxonomy":"category","embeddable":true,"href":"https:\/\/www.meydan.tv\/az\/wp-json\/wp\/v2\/categories?post=171227"},{"taxonomy":"post_tag","embeddable":true,"href":"https:\/\/www.meydan.tv\/az\/wp-json\/wp\/v2\/tags?post=171227"}],"curies":[{"name":"wp","href":"https:\/\/api.w.org\/{rel}","templated":true}]}}