{"id":171030,"date":"2015-11-10T22:34:41","date_gmt":"2015-11-10T22:34:41","guid":{"rendered":"https:\/\/www.meydan.tv\/article\/ermenilerle-serhedde-bir-gun-video\/"},"modified":"2015-11-10T22:34:41","modified_gmt":"2015-11-10T22:34:41","slug":"ermenilerle-serhedde-bir-gun-video","status":"publish","type":"post","link":"https:\/\/www.meydan.tv\/az\/article\/ermenilerle-serhedde-bir-gun-video\/","title":{"rendered":"Erm\u0259nil\u0259rl\u0259 s\u0259rh\u0259dd\u0259 bir g\u00fcn (V\u0130DEO)"},"content":{"rendered":"<figure class=\"wp-block-embed is-type-video is-provider-youtube wp-block-embed-youtube wp-embed-aspect-16-9 wp-has-aspect-ratio\">\n<div class=\"wp-block-embed__wrapper\">\n    <iframe loading=\"lazy\"\ttitle=\"\" width=\"1200\" height=\"675\" src=\"https:\/\/www.youtube.com\/embed\/xYLM1xWogrk\"\tframeborder=\"0\"\tallow=\"accelerometer; autoplay; clipboard-write; encrypted-media; gyroscope; picture-in-picture\" allowfullscreen><\/iframe>\n  <\/div><figcaption><\/figcaption><\/figure>\n<p>\n  <i><br \/>\n    V\u0259 ya az\u0259rbaycanl\u0131lar\u0131n i\u00e7m\u0259li suyu Erm\u0259nistan me\u015f\u0259l\u0259rind\u0259n g\u0259lir<br \/>\n  <\/i>\n<\/p>\n<figure class=\"wp-block-image size-large\">\n  <img decoding=\"async\" src=\"https:\/\/www.meydan.tv\/az\/37885\/\" alt=\"\" class=\"wp-image-37885\"\/><figcaption><\/figcaption><\/figure>\n<p>\n  <i><br \/>\n    <b><br \/>\n      Sadaxli k\u0259ndin\u0259 ged\u0259n yol<br \/>\n    <\/b><br \/>\n    <br \/>\n  <\/i>\n<\/p>\n<p>\n  \u201cBurda he\u00e7 kim erm\u0259nil\u0259r\u0259 q\u0131z al\u0131b-verm\u0259yib. Sovetin vaxt\u0131ndan bel\u0259 bir hadis\u0259 olmay\u0131b. Haz\u0131rda sakinl\u0259r ondan naraz\u0131l\u0131q edir ki, heyvanlar\u0131n\u0131 otara bilmirl\u0259r. G\u00f6r\u00fcn\u0259n me\u015f\u0259likl\u0259r erm\u0259nil\u0259rin torpa\u011f\u0131d\u0131, onlar da t\u0259bii olaraq bizi qoymur. Qon\u015funun toyu\u011fu m\u0259nim \u00e7\u0259p\u0259rim\u0259 gir\u0259nd\u0259 g\u00f6r\u00fcrs\u0259n deyirik -niy\u0259 girdi? Bu da el\u0259 m\u0259s\u0259l\u0259dir. Erm\u0259nil\u0259r deyir, -bura m\u0259nim yerimdir \u201d.\n<\/p>\n<figure class=\"wp-block-image size-large\">\n  <img decoding=\"async\" src=\"https:\/\/www.meydan.tv\/az\/37888\/\" alt=\"\" class=\"wp-image-37888\"\/><figcaption><\/figcaption><\/figure>\n<p>\n  <i><br \/>\n    <b><br \/>\n      Erm\u0259nistanla s\u0259rh\u0259d m\u0259nt\u0259q\u0259si<br \/>\n    <\/b><br \/>\n  <\/i>\n<\/p>\n<p>\n  G\u00fcrc\u00fcstan\u0131n Marneuli rayonunun Sadaxl\u0131 k\u0259ndi&#8230; O k\u0259nd ki, Erm\u0259nistanla s\u0259rh\u0259dd\u0259 yerl\u0259\u015fir v\u0259 burada ya\u015fayan az\u0259rbaycanl\u0131lar\u0131 erm\u0259nil\u0259rin ya\u015fad\u0131\u011f\u0131 k\u0259ndl\u0259rd\u0259n bir bu ki\u00e7ik s\u0259rh\u0259d-burax\u0131l\u0131\u015f m\u0259nt\u0259q\u0259si, bir d\u0259 g\u00f6r\u00fcn\u0259n me\u015f\u0259likl\u0259r ay\u0131r\u0131r.\n<\/p>\n<figure class=\"wp-block-image size-large\">\n  <img decoding=\"async\" src=\"https:\/\/www.meydan.tv\/az\/37894\/\" alt=\"\" class=\"wp-image-37894\"\/><figcaption><\/figcaption><\/figure>\n<p>\n  <b><br \/>\n    <i><br \/>\n      Sadaxl\u0131 k\u0259ndind\u0259 bir g\u00fcn<br \/>\n    <\/i><br \/>\n  <\/b>\n<\/p>\n<p>\n  \u201cS\u0259rh\u0259ddi ke\u00e7din, sor\u011fu-sual olunmur. Aparacaqlar polis\u0259. He\u00e7 n\u0259 etmirl\u0259r, g\u0259r\u0259k burdan m\u0259lumat ged\u0259 sonra s\u0259ni buraxalar- D\u0259yib dola\u015fan yoxdu. Toy edirik, onlar \u015fadl\u0131q evind\u0259 edir, biz k\u0259ndimizd\u0259. H\u0259r k\u0259s \u00f6z evind\u0259, \u00f6z toyunda, \u00f6z i\u015find\u0259dir\u201d, -deyir, C\u0259mil\u0259 Naibova&#8230;\n<\/p><\/p>\n","protected":false},"excerpt":{"rendered":"<p>V\u0259 ya az\u0259rbaycanl\u0131lar\u0131n i\u00e7m\u0259li suyu Erm\u0259nistan me\u015f\u0259l\u0259rind\u0259n g\u0259lir<\/p>\n","protected":false},"author":11,"featured_media":37882,"comment_status":"closed","ping_status":"open","sticky":false,"template":"","format":"standard","meta":{"_acf_changed":false,"_sitemap_exclude":false,"_sitemap_priority":"","_sitemap_frequency":"","footnotes":""},"categories":[63],"tags":[],"class_list":["post-171030","post","type-post","status-publish","format-standard","has-post-thumbnail","hentry","category-video-2","infinite-scroll-item","generate-columns","tablet-grid-50","mobile-grid-100","grid-parent","grid-33","no-featured-image-padding"],"acf":[],"yoast_head":"<!-- This site is optimized with the Yoast SEO plugin v28.4 - https:\/\/yoast.com\/product\/yoast-seo-wordpress\/ -->\n<title>Erm\u0259nil\u0259rl\u0259 s\u0259rh\u0259dd\u0259 bir g\u00fcn (V\u0130DEO) - MEYDAN.TV<\/title>\n<meta name=\"robots\" content=\"index, follow, max-snippet:-1, max-image-preview:large, max-video-preview:-1\" \/>\n<link rel=\"canonical\" href=\"https:\/\/www.meydan.tv\/az\/article\/ermenilerle-serhedde-bir-gun-video\/\" \/>\n<meta property=\"og:locale\" content=\"az_AZ\" \/>\n<meta property=\"og:type\" content=\"article\" \/>\n<meta property=\"og:title\" content=\"Erm\u0259nil\u0259rl\u0259 s\u0259rh\u0259dd\u0259 bir g\u00fcn (V\u0130DEO) - MEYDAN.TV\" \/>\n<meta property=\"og:description\" content=\"V\u0259 ya az\u0259rbaycanl\u0131lar\u0131n i\u00e7m\u0259li suyu Erm\u0259nistan me\u015f\u0259l\u0259rind\u0259n g\u0259lir\" \/>\n<meta property=\"og:url\" content=\"https:\/\/www.meydan.tv\/az\/article\/ermenilerle-serhedde-bir-gun-video\/\" \/>\n<meta property=\"og:site_name\" content=\"MEYDAN.TV\" \/>\n<meta property=\"article:published_time\" content=\"2015-11-10T22:34:41+00:00\" \/>\n<meta property=\"og:image\" content=\"https:\/\/www.meydan.tv\/wp-content\/uploads\/14201.png\" \/>\n\t<meta property=\"og:image:width\" content=\"636\" \/>\n\t<meta property=\"og:image:height\" content=\"315\" \/>\n\t<meta property=\"og:image:type\" content=\"image\/png\" \/>\n<meta name=\"twitter:card\" content=\"summary_large_image\" \/>\n<!-- \/ Yoast SEO plugin. -->","yoast_head_json":{"title":"Erm\u0259nil\u0259rl\u0259 s\u0259rh\u0259dd\u0259 bir g\u00fcn (V\u0130DEO) - MEYDAN.TV","robots":{"index":"index","follow":"follow","max-snippet":"max-snippet:-1","max-image-preview":"max-image-preview:large","max-video-preview":"max-video-preview:-1"},"canonical":"https:\/\/www.meydan.tv\/az\/article\/ermenilerle-serhedde-bir-gun-video\/","og_locale":"az_AZ","og_type":"article","og_title":"Erm\u0259nil\u0259rl\u0259 s\u0259rh\u0259dd\u0259 bir g\u00fcn (V\u0130DEO) - MEYDAN.TV","og_description":"V\u0259 ya az\u0259rbaycanl\u0131lar\u0131n i\u00e7m\u0259li suyu Erm\u0259nistan me\u015f\u0259l\u0259rind\u0259n g\u0259lir","og_url":"https:\/\/www.meydan.tv\/az\/article\/ermenilerle-serhedde-bir-gun-video\/","og_site_name":"MEYDAN.TV","article_published_time":"2015-11-10T22:34:41+00:00","og_image":[{"width":636,"height":315,"url":"https:\/\/www.meydan.tv\/wp-content\/uploads\/14201.png","type":"image\/png"}],"twitter_card":"summary_large_image","schema":{"@context":"https:\/\/schema.org","@graph":[{"@type":"Article","@id":"https:\/\/www.meydan.tv\/az\/article\/ermenilerle-serhedde-bir-gun-video\/#article","isPartOf":{"@id":"https:\/\/www.meydan.tv\/az\/article\/ermenilerle-serhedde-bir-gun-video\/"},"author":{"name":"user-manager","@id":"https:\/\/www.meydan.tv\/az\/#\/schema\/person\/10d11eccf6da3662cf5fdab9806ea91a"},"headline":"Erm\u0259nil\u0259rl\u0259 s\u0259rh\u0259dd\u0259 bir g\u00fcn (V\u0130DEO)","datePublished":"2015-11-10T22:34:41+00:00","mainEntityOfPage":{"@id":"https:\/\/www.meydan.tv\/az\/article\/ermenilerle-serhedde-bir-gun-video\/"},"wordCount":251,"publisher":{"@id":"https:\/\/www.meydan.tv\/az\/#organization"},"image":{"@id":"https:\/\/www.meydan.tv\/az\/article\/ermenilerle-serhedde-bir-gun-video\/#primaryimage"},"thumbnailUrl":"https:\/\/www.meydan.tv\/wp-content\/uploads\/14201.png","articleSection":["Video"],"inLanguage":"az"},{"@type":"WebPage","@id":"https:\/\/www.meydan.tv\/az\/article\/ermenilerle-serhedde-bir-gun-video\/","url":"https:\/\/www.meydan.tv\/az\/article\/ermenilerle-serhedde-bir-gun-video\/","name":"Erm\u0259nil\u0259rl\u0259 s\u0259rh\u0259dd\u0259 bir g\u00fcn (V\u0130DEO) - MEYDAN.TV","isPartOf":{"@id":"https:\/\/www.meydan.tv\/az\/#website"},"primaryImageOfPage":{"@id":"https:\/\/www.meydan.tv\/az\/article\/ermenilerle-serhedde-bir-gun-video\/#primaryimage"},"image":{"@id":"https:\/\/www.meydan.tv\/az\/article\/ermenilerle-serhedde-bir-gun-video\/#primaryimage"},"thumbnailUrl":"https:\/\/www.meydan.tv\/wp-content\/uploads\/14201.png","datePublished":"2015-11-10T22:34:41+00:00","breadcrumb":{"@id":"https:\/\/www.meydan.tv\/az\/article\/ermenilerle-serhedde-bir-gun-video\/#breadcrumb"},"inLanguage":"az","potentialAction":[{"@type":"ReadAction","target":["https:\/\/www.meydan.tv\/az\/article\/ermenilerle-serhedde-bir-gun-video\/"]}]},{"@type":"ImageObject","inLanguage":"az","@id":"https:\/\/www.meydan.tv\/az\/article\/ermenilerle-serhedde-bir-gun-video\/#primaryimage","url":"https:\/\/www.meydan.tv\/wp-content\/uploads\/14201.png","contentUrl":"https:\/\/www.meydan.tv\/wp-content\/uploads\/14201.png","width":636,"height":315,"caption":"Source:"},{"@type":"BreadcrumbList","@id":"https:\/\/www.meydan.tv\/az\/article\/ermenilerle-serhedde-bir-gun-video\/#breadcrumb","itemListElement":[{"@type":"ListItem","position":1,"name":"Ana s\u0259hif\u0259","item":"https:\/\/www.meydan.tv\/az\/"},{"@type":"ListItem","position":2,"name":"Video","item":"https:\/\/www.meydan.tv\/az\/section\/video-2\/"},{"@type":"ListItem","position":3,"name":"Erm\u0259nil\u0259rl\u0259 s\u0259rh\u0259dd\u0259 bir g\u00fcn (V\u0130DEO)"}]},{"@type":"WebSite","@id":"https:\/\/www.meydan.tv\/az\/#website","url":"https:\/\/www.meydan.tv\/az\/","name":"MEYDAN.TV","description":"Meydan TV Az\u0259rbaycan\u0131n media m\u0259kan\u0131ndak\u0131 alternativ s\u0259sidir","publisher":{"@id":"https:\/\/www.meydan.tv\/az\/#organization"},"potentialAction":[{"@type":"SearchAction","target":{"@type":"EntryPoint","urlTemplate":"https:\/\/www.meydan.tv\/az\/?s={search_term_string}"},"query-input":{"@type":"PropertyValueSpecification","valueRequired":true,"valueName":"search_term_string"}}],"inLanguage":"az"},{"@type":"Organization","@id":"https:\/\/www.meydan.tv\/az\/#organization","name":"Meydan TV","url":"https:\/\/www.meydan.tv\/az\/","logo":{"@type":"ImageObject","inLanguage":"az","@id":"https:\/\/www.meydan.tv\/az\/#\/schema\/logo\/image\/","url":"https:\/\/www.meydan.tv\/wp-content\/uploads\/2021\/07\/meydan-logo.svg","contentUrl":"https:\/\/www.meydan.tv\/wp-content\/uploads\/2021\/07\/meydan-logo.svg","width":195,"height":46,"caption":"Meydan TV"},"image":{"@id":"https:\/\/www.meydan.tv\/az\/#\/schema\/logo\/image\/"}},{"@type":"Person","@id":"https:\/\/www.meydan.tv\/az\/#\/schema\/person\/10d11eccf6da3662cf5fdab9806ea91a","name":"user-manager"}]}},"_links":{"self":[{"href":"https:\/\/www.meydan.tv\/az\/wp-json\/wp\/v2\/posts\/171030","targetHints":{"allow":["GET"]}}],"collection":[{"href":"https:\/\/www.meydan.tv\/az\/wp-json\/wp\/v2\/posts"}],"about":[{"href":"https:\/\/www.meydan.tv\/az\/wp-json\/wp\/v2\/types\/post"}],"author":[{"embeddable":true,"href":"https:\/\/www.meydan.tv\/az\/wp-json\/wp\/v2\/users\/11"}],"replies":[{"embeddable":true,"href":"https:\/\/www.meydan.tv\/az\/wp-json\/wp\/v2\/comments?post=171030"}],"version-history":[{"count":0,"href":"https:\/\/www.meydan.tv\/az\/wp-json\/wp\/v2\/posts\/171030\/revisions"}],"wp:featuredmedia":[{"embeddable":true,"href":"https:\/\/www.meydan.tv\/az\/wp-json\/wp\/v2\/media\/37882"}],"wp:attachment":[{"href":"https:\/\/www.meydan.tv\/az\/wp-json\/wp\/v2\/media?parent=171030"}],"wp:term":[{"taxonomy":"category","embeddable":true,"href":"https:\/\/www.meydan.tv\/az\/wp-json\/wp\/v2\/categories?post=171030"},{"taxonomy":"post_tag","embeddable":true,"href":"https:\/\/www.meydan.tv\/az\/wp-json\/wp\/v2\/tags?post=171030"}],"curies":[{"name":"wp","href":"https:\/\/api.w.org\/{rel}","templated":true}]}}