{"id":170920,"date":"2015-11-04T22:12:18","date_gmt":"2015-11-04T22:12:18","guid":{"rendered":"https:\/\/www.meydan.tv\/article\/aksiyacilara-soz-verildi-inanmadilar-video\/"},"modified":"2015-11-04T22:12:18","modified_gmt":"2015-11-04T22:12:18","slug":"aksiyacilara-soz-verildi-inanmadilar-video","status":"publish","type":"post","link":"https:\/\/www.meydan.tv\/az\/article\/aksiyacilara-soz-verildi-inanmadilar-video\/","title":{"rendered":"Aksiya\u00e7\u0131lara s\u00f6z verildi, inanmad\u0131lar (V\u0130DEO)"},"content":{"rendered":"<figure class=\"wp-block-embed is-type-video is-provider-youtube wp-block-embed-youtube wp-embed-aspect-16-9 wp-has-aspect-ratio\">\n<div class=\"wp-block-embed__wrapper\">\n    <iframe loading=\"lazy\"\ttitle=\"\" width=\"1200\" height=\"675\" src=\"https:\/\/www.youtube.com\/embed\/mz-2B6VjG7M\"\tframeborder=\"0\"\tallow=\"accelerometer; autoplay; clipboard-write; encrypted-media; gyroscope; picture-in-picture\" allowfullscreen><\/iframe>\n  <\/div><figcaption><\/figcaption><\/figure>\n<p>\n  4-5 ayd\u0131r maa\u015flar\u0131n\u0131 ala bilm\u0259y\u0259n \u201cAz\u0259rin\u015faat\u201d MMC-nin i\u015f\u00e7il\u0259ri 4 noyabrda yenid\u0259n \u015firk\u0259tin qar\u015f\u0131s\u0131na topla\u015f\u0131blar. \u015eikay\u0259t\u00e7il\u0259r deyir ki, \u015firk\u0259tin 1500-\u0259 q\u0259d\u0259r i\u015f\u00e7isin\u0259 2 milyon 700 min manat borcu yaran\u0131b. H\u0259r ay onlara qal\u0131q borclar\u0131n \u00f6d\u0259nil\u0259c\u0259yi deyils\u0259 d\u0259, bu tarix n\u00f6vb\u0259ti aylara t\u0259xir\u0259 sal\u0131n\u0131r. \u0130\u015f\u00e7il\u0259r z\u0259hm\u0259thaqlar\u0131n\u0131 almaq \u00fc\u00e7\u00fcn bir ne\u00e7\u0259 g\u00fcnd\u00fcr \u015firk\u0259tin qar\u015f\u0131s\u0131nda gec\u0259l\u0259yirl\u0259r.\n<\/p>\n<p>\n  Etiraz ed\u0259n f\u0259hl\u0259l\u0259rin \u0259ks\u0259riyy\u0259ti rayonlardan g\u0259lib. Onlara sonuncu d\u0259f\u0259 3 noyabrda maa\u015flar\u0131n\u0131n veril\u0259c\u0259yi deyilmi\u015fdi. \u0130\u015f\u00e7il\u0259rin g\u00fcn boyu etiraz\u0131ndan sonra \u201cAz\u0259ryolservis\u201d ASC-nin layih\u0259 idar\u0259etm\u0259 qrupunun direktoru Kamran \u018fzizov\u00a0 \u0259raziy\u0259 g\u0259ldi. O, i\u015f\u00e7il\u0259rin maa\u015flar\u0131n\u0131n bir h\u0259ft\u0259, maksimum 10 g\u00fcn \u0259rzind\u0259 \u00f6d\u0259nil\u0259c\u0259yini bildirdi. Bu, \u015firk\u0259tl\u0259 \u0259m\u0259k m\u00fcqavil\u0259si ba\u011flam\u0131\u015f \u015f\u0259xsl\u0259r\u0259 aiddir. \u018fm\u0259k m\u00fcqavil\u0259si olmayanlar pullar\u0131n ala bilm\u0259y\u0259c\u0259kl\u0259r.<\/p>\n","protected":false},"excerpt":{"rendered":"<p>\u015eirk\u0259tin 1500-\u0259 q\u0259d\u0259r i\u015f\u00e7isin\u0259 2 milyon 700 min manat borcu yaran\u0131b<\/p>\n","protected":false},"author":11,"featured_media":37384,"comment_status":"closed","ping_status":"open","sticky":false,"template":"","format":"standard","meta":{"_acf_changed":false,"_sitemap_exclude":false,"_sitemap_priority":"","_sitemap_frequency":"","footnotes":""},"categories":[63],"tags":[],"class_list":["post-170920","post","type-post","status-publish","format-standard","has-post-thumbnail","hentry","category-video-2","infinite-scroll-item","generate-columns","tablet-grid-50","mobile-grid-100","grid-parent","grid-33","no-featured-image-padding"],"acf":[],"yoast_head":"<!-- This site is optimized with the Yoast SEO plugin v28.4 - https:\/\/yoast.com\/product\/yoast-seo-wordpress\/ -->\n<title>Aksiya\u00e7\u0131lara s\u00f6z verildi, inanmad\u0131lar (V\u0130DEO) - MEYDAN.TV<\/title>\n<meta name=\"robots\" content=\"index, follow, max-snippet:-1, max-image-preview:large, max-video-preview:-1\" \/>\n<link rel=\"canonical\" href=\"https:\/\/www.meydan.tv\/az\/article\/aksiyacilara-soz-verildi-inanmadilar-video\/\" \/>\n<meta property=\"og:locale\" content=\"az_AZ\" \/>\n<meta property=\"og:type\" content=\"article\" \/>\n<meta property=\"og:title\" content=\"Aksiya\u00e7\u0131lara s\u00f6z verildi, inanmad\u0131lar (V\u0130DEO) - MEYDAN.TV\" \/>\n<meta property=\"og:description\" content=\"\u015eirk\u0259tin 1500-\u0259 q\u0259d\u0259r i\u015f\u00e7isin\u0259 2 milyon 700 min manat borcu yaran\u0131b\" \/>\n<meta property=\"og:url\" content=\"https:\/\/www.meydan.tv\/az\/article\/aksiyacilara-soz-verildi-inanmadilar-video\/\" \/>\n<meta property=\"og:site_name\" content=\"MEYDAN.TV\" \/>\n<meta property=\"article:published_time\" content=\"2015-11-04T22:12:18+00:00\" \/>\n<meta property=\"og:image\" content=\"https:\/\/www.meydan.tv\/wp-content\/uploads\/13998.jpg\" \/>\n\t<meta property=\"og:image:width\" content=\"805\" \/>\n\t<meta property=\"og:image:height\" content=\"453\" \/>\n\t<meta property=\"og:image:type\" content=\"image\/jpeg\" \/>\n<meta name=\"twitter:card\" content=\"summary_large_image\" \/>\n<!-- \/ Yoast SEO plugin. -->","yoast_head_json":{"title":"Aksiya\u00e7\u0131lara s\u00f6z verildi, inanmad\u0131lar (V\u0130DEO) - MEYDAN.TV","robots":{"index":"index","follow":"follow","max-snippet":"max-snippet:-1","max-image-preview":"max-image-preview:large","max-video-preview":"max-video-preview:-1"},"canonical":"https:\/\/www.meydan.tv\/az\/article\/aksiyacilara-soz-verildi-inanmadilar-video\/","og_locale":"az_AZ","og_type":"article","og_title":"Aksiya\u00e7\u0131lara s\u00f6z verildi, inanmad\u0131lar (V\u0130DEO) - MEYDAN.TV","og_description":"\u015eirk\u0259tin 1500-\u0259 q\u0259d\u0259r i\u015f\u00e7isin\u0259 2 milyon 700 min manat borcu yaran\u0131b","og_url":"https:\/\/www.meydan.tv\/az\/article\/aksiyacilara-soz-verildi-inanmadilar-video\/","og_site_name":"MEYDAN.TV","article_published_time":"2015-11-04T22:12:18+00:00","og_image":[{"width":805,"height":453,"url":"https:\/\/www.meydan.tv\/wp-content\/uploads\/13998.jpg","type":"image\/jpeg"}],"twitter_card":"summary_large_image","schema":{"@context":"https:\/\/schema.org","@graph":[{"@type":"Article","@id":"https:\/\/www.meydan.tv\/az\/article\/aksiyacilara-soz-verildi-inanmadilar-video\/#article","isPartOf":{"@id":"https:\/\/www.meydan.tv\/az\/article\/aksiyacilara-soz-verildi-inanmadilar-video\/"},"author":{"name":"user-manager","@id":"https:\/\/www.meydan.tv\/az\/#\/schema\/person\/10d11eccf6da3662cf5fdab9806ea91a"},"headline":"Aksiya\u00e7\u0131lara s\u00f6z verildi, inanmad\u0131lar (V\u0130DEO)","datePublished":"2015-11-04T22:12:18+00:00","mainEntityOfPage":{"@id":"https:\/\/www.meydan.tv\/az\/article\/aksiyacilara-soz-verildi-inanmadilar-video\/"},"wordCount":198,"publisher":{"@id":"https:\/\/www.meydan.tv\/az\/#organization"},"image":{"@id":"https:\/\/www.meydan.tv\/az\/article\/aksiyacilara-soz-verildi-inanmadilar-video\/#primaryimage"},"thumbnailUrl":"https:\/\/www.meydan.tv\/wp-content\/uploads\/13998.jpg","articleSection":["Video"],"inLanguage":"az"},{"@type":"WebPage","@id":"https:\/\/www.meydan.tv\/az\/article\/aksiyacilara-soz-verildi-inanmadilar-video\/","url":"https:\/\/www.meydan.tv\/az\/article\/aksiyacilara-soz-verildi-inanmadilar-video\/","name":"Aksiya\u00e7\u0131lara s\u00f6z verildi, inanmad\u0131lar (V\u0130DEO) - MEYDAN.TV","isPartOf":{"@id":"https:\/\/www.meydan.tv\/az\/#website"},"primaryImageOfPage":{"@id":"https:\/\/www.meydan.tv\/az\/article\/aksiyacilara-soz-verildi-inanmadilar-video\/#primaryimage"},"image":{"@id":"https:\/\/www.meydan.tv\/az\/article\/aksiyacilara-soz-verildi-inanmadilar-video\/#primaryimage"},"thumbnailUrl":"https:\/\/www.meydan.tv\/wp-content\/uploads\/13998.jpg","datePublished":"2015-11-04T22:12:18+00:00","breadcrumb":{"@id":"https:\/\/www.meydan.tv\/az\/article\/aksiyacilara-soz-verildi-inanmadilar-video\/#breadcrumb"},"inLanguage":"az","potentialAction":[{"@type":"ReadAction","target":["https:\/\/www.meydan.tv\/az\/article\/aksiyacilara-soz-verildi-inanmadilar-video\/"]}]},{"@type":"ImageObject","inLanguage":"az","@id":"https:\/\/www.meydan.tv\/az\/article\/aksiyacilara-soz-verildi-inanmadilar-video\/#primaryimage","url":"https:\/\/www.meydan.tv\/wp-content\/uploads\/13998.jpg","contentUrl":"https:\/\/www.meydan.tv\/wp-content\/uploads\/13998.jpg","width":805,"height":453,"caption":"Source:"},{"@type":"BreadcrumbList","@id":"https:\/\/www.meydan.tv\/az\/article\/aksiyacilara-soz-verildi-inanmadilar-video\/#breadcrumb","itemListElement":[{"@type":"ListItem","position":1,"name":"Ana s\u0259hif\u0259","item":"https:\/\/www.meydan.tv\/az\/"},{"@type":"ListItem","position":2,"name":"Video","item":"https:\/\/www.meydan.tv\/az\/section\/video-2\/"},{"@type":"ListItem","position":3,"name":"Aksiya\u00e7\u0131lara s\u00f6z verildi, inanmad\u0131lar (V\u0130DEO)"}]},{"@type":"WebSite","@id":"https:\/\/www.meydan.tv\/az\/#website","url":"https:\/\/www.meydan.tv\/az\/","name":"MEYDAN.TV","description":"Meydan TV Az\u0259rbaycan\u0131n media m\u0259kan\u0131ndak\u0131 alternativ s\u0259sidir","publisher":{"@id":"https:\/\/www.meydan.tv\/az\/#organization"},"potentialAction":[{"@type":"SearchAction","target":{"@type":"EntryPoint","urlTemplate":"https:\/\/www.meydan.tv\/az\/?s={search_term_string}"},"query-input":{"@type":"PropertyValueSpecification","valueRequired":true,"valueName":"search_term_string"}}],"inLanguage":"az"},{"@type":"Organization","@id":"https:\/\/www.meydan.tv\/az\/#organization","name":"Meydan TV","url":"https:\/\/www.meydan.tv\/az\/","logo":{"@type":"ImageObject","inLanguage":"az","@id":"https:\/\/www.meydan.tv\/az\/#\/schema\/logo\/image\/","url":"https:\/\/www.meydan.tv\/wp-content\/uploads\/2021\/07\/meydan-logo.svg","contentUrl":"https:\/\/www.meydan.tv\/wp-content\/uploads\/2021\/07\/meydan-logo.svg","width":195,"height":46,"caption":"Meydan TV"},"image":{"@id":"https:\/\/www.meydan.tv\/az\/#\/schema\/logo\/image\/"}},{"@type":"Person","@id":"https:\/\/www.meydan.tv\/az\/#\/schema\/person\/10d11eccf6da3662cf5fdab9806ea91a","name":"user-manager"}]}},"_links":{"self":[{"href":"https:\/\/www.meydan.tv\/az\/wp-json\/wp\/v2\/posts\/170920","targetHints":{"allow":["GET"]}}],"collection":[{"href":"https:\/\/www.meydan.tv\/az\/wp-json\/wp\/v2\/posts"}],"about":[{"href":"https:\/\/www.meydan.tv\/az\/wp-json\/wp\/v2\/types\/post"}],"author":[{"embeddable":true,"href":"https:\/\/www.meydan.tv\/az\/wp-json\/wp\/v2\/users\/11"}],"replies":[{"embeddable":true,"href":"https:\/\/www.meydan.tv\/az\/wp-json\/wp\/v2\/comments?post=170920"}],"version-history":[{"count":0,"href":"https:\/\/www.meydan.tv\/az\/wp-json\/wp\/v2\/posts\/170920\/revisions"}],"wp:featuredmedia":[{"embeddable":true,"href":"https:\/\/www.meydan.tv\/az\/wp-json\/wp\/v2\/media\/37384"}],"wp:attachment":[{"href":"https:\/\/www.meydan.tv\/az\/wp-json\/wp\/v2\/media?parent=170920"}],"wp:term":[{"taxonomy":"category","embeddable":true,"href":"https:\/\/www.meydan.tv\/az\/wp-json\/wp\/v2\/categories?post=170920"},{"taxonomy":"post_tag","embeddable":true,"href":"https:\/\/www.meydan.tv\/az\/wp-json\/wp\/v2\/tags?post=170920"}],"curies":[{"name":"wp","href":"https:\/\/api.w.org\/{rel}","templated":true}]}}