{"id":170918,"date":"2015-11-04T20:51:45","date_gmt":"2015-11-04T20:51:45","guid":{"rendered":"https:\/\/www.meydan.tv\/article\/ilahi-edalet\/"},"modified":"2015-11-04T20:51:45","modified_gmt":"2015-11-04T20:51:45","slug":"ilahi-edalet","status":"publish","type":"post","link":"https:\/\/www.meydan.tv\/az\/article\/ilahi-edalet\/","title":{"rendered":"\u0130lahi \u0259dal\u0259t&#8230;"},"content":{"rendered":"<figure class=\"wp-block-image size-large\">\n  <img decoding=\"async\" src=\"https:\/\/www.meydan.tv\/az\/37393\/\" alt=\"\" class=\"wp-image-37393\"\/><figcaption><\/figcaption><\/figure>\n<figure class=\"wp-block-image size-large\">\n  <img decoding=\"async\" src=\"https:\/\/www.meydan.tv\/az\/37399\/\" alt=\"\" class=\"wp-image-37399\"\/><figcaption><\/figcaption><\/figure>\n<div>\n<div>\n<p>\n        <i><br \/>\n          Neft\u00e7il\u0259r metro stansiyas\u0131n\u0131n yax\u0131nl\u0131\u011f\u0131nda dayan\u0131b avtobus g\u00f6zl\u0259yirdim, bir ya\u015fl\u0131 xan\u0131m\u0131n telefonda dan\u0131\u015fd\u0131\u011f\u0131 \u015f\u0259xs\u0259 \u201cO ki, m\u0259nim pulumu qaytarm\u0131r, onu H\u0259zr\u0259t Abbasa tap\u015f\u0131r\u0131ram\u201d dediyini e\u015fitdim. Bu ifad\u0259 y\u0259qin ki bir \u00e7oxunuza tan\u0131\u015fd\u0131r. B\u0259lk\u0259 siz d\u0259, n\u0259 zamansa, \u00fczl\u0259\u015fdiyiniz haqs\u0131zl\u0131q qar\u015f\u0131s\u0131nda \u00e7ar\u0259sizliyinizi ilahi, metafizik q\u00fcvv\u0259l\u0259rd\u0259n \u0259dal\u0259t axtararaq \u00f6z\u00fcn\u00fcz\u0259 t\u0259skinlik vermisiniz. B\u0259zi insanlar is\u0259 haqs\u0131zl\u0131q qar\u015f\u0131s\u0131nda d\u00f6z\u0259 bilm\u0259yib, haqlar\u0131n\u0131 b\u0259rpa etm\u0259k ist\u0259y\u0259rk\u0259n haqs\u0131z v\u0259ziyy\u0259t\u0259 d\u00fc\u015f\u00fcb, h\u0259bs olunublar. Bel\u0259 hallardan qaynaqlanan y\u00fczl\u0259rl\u0259 cinay\u0259t hadis\u0259si meydana g\u0259lir. M\u0259hk\u0259m\u0259l\u0259r \u0259dal\u0259tli f\u0259aliyy\u0259t g\u00f6st\u0259rs\u0259, \u0259dal\u0259ti b\u0259rpa ed\u0259n qurum olaraq \u00e7al\u0131\u015fsa, \u0259min\u0259m ki, meydana g\u0259l\u0259n bir \u00e7ox cinay\u0259tl\u0259r aradan qalxm\u0131\u015f olar.<br \/>\n        <\/i>\n      <\/p>\n<p>\n        \u0130nsan d\u00fc\u015f\u00fcn\u0259n v\u0259 m\u00fchakim\u0259 ed\u0259n varl\u0131qd\u0131r. \u0130ctimai varl\u0131qlar olaraq biz m\u00fchakim\u0259l\u0259rimizi qavramlarla h\u0259yata ke\u00e7iririk. \u018fdal\u0259tli-\u0259dal\u0259tsiz, do\u011fru-yanl\u0131\u015f, yax\u015f\u0131-pis kimi \u00f6l\u00e7\u00fcl\u0259r bizim g\u00fcnd\u0259lik sosial- ictimai h\u0259yat\u0131m\u0131zda \u015f\u0259xs\u0259n i\u015ftirak etdiyimiz v\u0259 ya dolay\u0131s\u0131yla i\u015ftirak\u00e7\u0131s\u0131 oldu\u011fumuz davran\u0131\u015flar\u0131 m\u00fchakim\u0259 etm\u0259k \u00fc\u00e7\u00fcn m\u00fcraci\u0259t etdiyimiz qavramlard\u0131r.\n      <\/p>\n<p>\n        C\u0259miyy\u0259td\u0259 f\u0259rdl\u0259rin birg\u0259 ya\u015fay\u0131\u015f\u0131n\u0131 m\u00fc\u0259yy\u0259n ed\u0259n h\u00fcquq qaydalar\u0131 m\u00f6vcuddur. Bu qaydalar\u0131n pozulmas\u0131 \u0259dal\u0259tsizlik, pozulan h\u00fcquqlar\u0131n m\u0259hk\u0259m\u0259l\u0259r, \u0259dal\u0259t institutlar\u0131 t\u0259r\u0259find\u0259n b\u0259rpa edilm\u0259m\u0259si is\u0259 xaos yarad\u0131r. F\u0259rdl\u0259r aras\u0131 m\u00fcnasib\u0259tl\u0259ri, f\u0259rdl\u0259r v\u0259 d\u00f6vl\u0259t aras\u0131nda m\u00fcnasib\u0259tl\u0259ri m\u00fc\u0259yy\u0259n ed\u0259n qanunlar\u0131n qorunmas\u0131 v\u0259 bu qanunlar\u0131n pozulmas\u0131 hal\u0131nda meydana g\u0259l\u0259n \u0259dal\u0259tsizliyin m\u0259hk\u0259m\u0259l\u0259r t\u0259r\u0259find\u0259n b\u0259rpa edilm\u0259si birg\u0259 ya\u015fay\u0131\u015f\u0131m\u0131z\u0131, sistem\u0259 olan inam\u0131m\u0131z\u0131 qoruyur.\n      <\/p>\n<p>\n        M\u0259\u015fhur Roma h\u00fcquq\u015f\u00fcnas\u0131 Ulpian \u0259dal\u0259ti \u201ch\u0259r k\u0259s\u0259 \u00f6z pay\u0131na d\u00fc\u015f\u0259ni verm\u0259kl\u0259, davaml\u0131 \u00e7al\u0131\u015fmaq\u201d kimi xarakteriz\u0259 edir. H\u0259r k\u0259sin pay\u0131na d\u00fc\u015f\u0259ni verm\u0259k m\u0259d\u0259ni, inki\u015faf etmi\u015f d\u00fcny\u0259vi d\u00f6vl\u0259tl\u0259rd\u0259 m\u0259hk\u0259m\u0259l\u0259r t\u0259r\u0259find\u0259n h\u0259yata ke\u00e7irilir. F\u0259rdl\u0259rin v\u0259 ya bir qrupun realla\u015fd\u0131rm\u0131\u015f oldu\u011fu \u0259dal\u0259tsiz davran\u0131\u015fa g\u00f6r\u0259 pay\u0131na d\u00fc\u015f\u0259ni \u0259n obyektiv \u015f\u0259kild\u0259 m\u00fc\u0259yy\u0259n etm\u0259k, dem\u0259k olar ki, m\u00fcmk\u00fcns\u00fczd\u00fcr. Bel\u0259 olanda \u0259dal\u0259tin m\u0259hk\u0259m\u0259l\u0259r t\u0259r\u0259find\u0259n m\u00fc\u0259yy\u0259n edilm\u0259si daha z\u0259ruri hala g\u0259lir.\n      <\/p>\n<p>\n        F\u0259rdi \u0259dal\u0259t anlay\u0131\u015f\u0131n\u0131 bir d\u0259y\u0259r olaraq, c\u0259miyy\u0259td\u0259 f\u0259rdl\u0259r t\u0259r\u0259find\u0259n q\u0259bul edilm\u0259si v\u0259 davran\u0131\u015flar\u0131n\u0131n \u00f6l\u00e7\u00fcs\u00fcn\u0259 \u00e7evrilm\u0259si \u00e7ox vacibdir. Lakin f\u0259rdl\u0259r qar\u015f\u0131la\u015fd\u0131qlar\u0131 haqs\u0131zl\u0131\u011fa \u00f6zl\u0259ri c\u0259za m\u00fc\u0259yy\u0259n etm\u0259m\u0259li, qar\u015f\u0131 t\u0259r\u0259fi f\u0259rdi olaraq c\u0259zaland\u0131rma\u011fa \u00e7al\u0131\u015fmamal\u0131d\u0131rlar. \u00c7\u00fcnki m\u0259hk\u0259m\u0259l\u0259rin fundamental funksiyas\u0131 sad\u0259c\u0259 h\u00fcquq pozuntusuna yol vermi\u015f f\u0259rdi c\u0259zaland\u0131rmaq deyil, eyni zamanda h\u0259min f\u0259rdl\u0259rin obyektiv v\u0259 \u0259dal\u0259tli c\u0259zaland\u0131r\u0131lmalar\u0131na da nail olaraq \u0259dal\u0259ti b\u0259rpa etm\u0259kdir.\n      <\/p>\n<p>\n        Az\u0259rbaycanda siyasi korrupsiyala\u015fm\u0131\u015f sistem daxilind\u0259 m\u0259hk\u0259m\u0259 institutlar\u0131 iflasa u\u011fray\u0131b. M\u0259hk\u0259m\u0259l\u0259r \u0259dal\u0259tin b\u0259rpa edildiyi qurum olmaq funksiyas\u0131n\u0131, x\u00fcsusiyy\u0259tini itirib, sad\u0259c\u0259 siyasi iqtidar\u0131n v\u0259 maddi g\u00fcc\u00fc olan f\u0259rdl\u0259rin maraqlar\u0131n\u0131 t\u0259msil ed\u0259n \u00f6z\u0259l \u201c\u015firk\u0259tl\u0259r\u201d\u0259 \u00e7evrilibl\u0259r. \u00d6lk\u0259d\u0259 azad m\u0259tbuat\u0131 t\u0259msil ed\u0259n jurnalistl\u0259r, h\u00fcquq mudafi\u0259\u00e7il\u0259ri bu m\u0259hk\u0259m\u0259 zallar\u0131nda iqtidar t\u0259r\u0259find\u0259n \u00f6z maraqlar\u0131na uy\u011fun formada m\u00fchakim\u0259 edil\u0259r\u0259k 7, 8 v\u0259 b\u0259z\u0259n d\u0259 uzun m\u00fcdd\u0259tlik h\u0259bs edilirl\u0259r. Sistemin \u015f\u0259ffafl\u0131\u011f\u0131n\u0131, hesabatl\u0131l\u0131\u011f\u0131n\u0131 v\u0259 \u0259dal\u0259tli f\u0259aliyy\u0259tini m\u00fcmk\u00fcn ed\u0259n institutlar m\u0259ntiqli formada m\u0259hv edilib.\n      <\/p>\n<p>\n        B\u0259s c\u0259miyy\u0259td\u0259 birg\u0259 ya\u015fay\u0131\u015f\u0131 m\u00fcmk\u00fcn ed\u0259n bu qurumlar i\u015fl\u0259m\u0259y\u0259nd\u0259 n\u0259l\u0259r ba\u015f verir, f\u0259rdler \u00f6z tapdanm\u0131\u015f haqlar\u0131n\u0131 b\u0259rpa etm\u0259k \u00fc\u00e7\u00fcn kim\u0259 m\u00fcraci\u0259t edirl\u0259r?\n      <\/p>\n<p>\n        C\u0259miyy\u0259td\u0259 d\u00fcny\u0259vi h\u00fcquq qaydalar\u0131n\u0131n qoruyucusu olan m\u0259hk\u0259m\u0259l\u0259rin m\u0259hv edilm\u0259si insanlar\u0131 ilahi, metafizik q\u00fcvv\u0259l\u0259rd\u0259 \u0259dal\u0259t axtar\u0131\u015f\u0131na s\u00f6vq edir. Y\u00fcks\u0259k r\u00fctb\u0259li bir m\u0259murun \u00f6vlad\u0131 v\u0259 ya bir yax\u0131n\u0131 q\u0259zada v\u0259fat ed\u0259nd\u0259, v\u0259zif\u0259sind\u0259n uzaqla\u015fd\u0131r\u0131landa h\u0259r k\u0259sin i\u00e7ind\u0259n bir s\u0259s y\u00fcks\u0259lir: \u201c\u0130lahi \u018fdal\u0259t\u201d. Bu kimi hallar\u0131 n\u0259 d\u0259r\u0259c\u0259d\u0259 \u0259dal\u0259tin b\u0259rpas\u0131 olaraq qiym\u0259tl\u0259ndirm\u0259k m\u00fcmk\u00fcnd\u00fcr, buna \u015f\u00fcbh\u0259 edir\u0259m. \u018fdal\u0259tin ba\u015fl\u0131ca \u00f6l\u00e7\u00fcl\u0259rind\u0259n biri cinay\u0259tkar\u0131n n\u0259y\u0259 g\u00f6r\u0259 c\u0259zaland\u0131r\u0131ld\u0131\u011f\u0131n\u0131 bilib, c\u0259zas\u0131n\u0131 \u015f\u00fcurlu formada q\u0259bul etm\u0259sidir. Dig\u0259r halda ba\u015f\u0131na g\u0259l\u0259n hadis\u0259 onun \u00fc\u00e7\u00fcn u\u011fursuz bir q\u0259zadan ba\u015fqa bir \u015fey deyil.\n      <\/p>\n<p>\n        Yapon rejissor Nagisa O\u015fiman\u0131n 1968-ci ild\u0259 \u00e7\u0259kdiyi \u201cAs\u0131laraq \u00d6lm\u0259k\u201d (Death by Hanging) filmi bu bax\u0131mdan maraql\u0131 ola bil\u0259r. Filmin q\u0259hr\u0259man\u0131 Do-yun Yu iki q\u0131za t\u0259cav\u00fcz etdikd\u0259n sonra onlar\u0131 \u00f6ld\u00fcr\u00fcr, m\u0259hk\u0259m\u0259 is\u0259 onu as\u0131laraq \u00f6l\u00fcm\u0259 m\u0259hkum edir. Do-yun Yu as\u0131lark\u0259n t\u0259rslikd\u0259n fiziki \u00f6l\u00fcm\u00fc tam ger\u00e7\u0259kl\u0259\u015fmir. Sad\u0259c\u0259 travmadan dolay\u0131 m\u00fcv\u0259qq\u0259ti yadda\u015f itkisin\u0259 m\u0259ruz qal\u0131r. Cinay\u0259tkar \u00f6z\u00fcn\u0259 g\u0259ldikd\u0259n sonra onu yenid\u0259n asma\u011fa q\u0259rar verirl\u0259r, ancaq Do-yun Yu\u2019nun yadda\u015f\u0131n\u0131 itirdiyinin f\u0259rqin\u0259 var\u0131rlar.\n      <\/p>\n<p>\n        Adamlardan birisi qaydalar\u0131 t\u0259krardan oxuyaraq xat\u0131rlad\u0131r ki cinay\u0259tkar yadda\u015f\u0131n\u0131 itirdiyind\u0259n n\u0259y\u0259 g\u00f6r\u0259 c\u0259zaland\u0131r\u0131ld\u0131\u011f\u0131n\u0131 bilmir, bel\u0259 olan halda biz onu asa bilm\u0259rik. Q\u0131sas\u0131, polis \u0259m\u0259kda\u015flar\u0131, h\u0259kiml\u0259r cinay\u0259t s\u0259hn\u0259sini yenid\u0259n canland\u0131raraq Do-yun Yu\u2019nun yadda\u015f\u0131n\u0131 b\u0259rpa etm\u0259y\u0259 \u00e7al\u0131\u015f\u0131rlar.\n      <\/p>\n<p>\n        \u018fdal\u0259tin b\u0259rpa olunmas\u0131 \u00fc\u00e7\u00fcn cinay\u0259tkar n\u0259y\u0259 g\u00f6r\u0259 c\u0259zaland\u0131r\u0131ld\u0131\u011f\u0131n\u0131 bilm\u0259li v\u0259 q\u0259bul etm\u0259lidir. Eyni zamanda z\u0259r\u0259r \u00e7\u0259k\u0259n t\u0259r\u0259f cinay\u0259tkar\u0131n etdiyi davran\u0131\u015fdan dolay\u0131 m\u00fchakim\u0259 edilib, c\u0259zaland\u0131r\u0131ld\u0131\u011f\u0131na \u015fahid olmal\u0131d\u0131r ki, sistem\u0259 (\u0259dal\u0259t\u0259) olan inam\u0131n\u0131 itirm\u0259sin. \u018fks halda v\u0259t\u0259nda\u015flar ilahi, metafizik q\u00fcvv\u0259l\u0259rin \u0259dal\u0259ti b\u0259rpa ed\u0259c\u0259yini \u00fcmid ed\u0259r\u0259k ya\u015fayacaqlar.\n      <\/p>\n<p>\n        Ming\u0259\u00e7evir \u015f\u0259h\u0259r polis idar\u0259sind\u0259 \u00f6z\u00fcn\u00fc eyvandan ataraq intihar etdiyi deyil\u0259n \u015f\u0259xsin, qeyri-d\u00f6y\u00fc\u015f \u015f\u0259raitind\u0259 \u00f6ld\u00fcr\u00fcl\u0259n \u0259sg\u0259rl\u0259rin niy\u0259 v\u0259 kim(l\u0259r) t\u0259r\u0259find\u0259n \u00f6ld\u00fcr\u00fcld\u00fcy\u00fcn\u00fc valideyinl\u0259ri bilm\u0259y\u0259c\u0259k. \u00d6vladlar\u0131n\u0131n yoxlu\u011fu il\u0259 n\u0259 zamansa ilahi \u0259dal\u0259tin cinay\u0259tkarlar\u0131 c\u0259zaland\u0131raca\u011f\u0131na \u00fcmid ed\u0259r\u0259k, ya\u015fayacaqlar.\n      <\/p>\n<p>\n        Repressiv, avtoritar c\u0259miyy\u0259tl\u0259rd\u0259 v\u0259t\u0259nda\u015flar \u0259dal\u0259ti m\u0259hk\u0259m\u0259l\u0259rd\u0259n yox, ilahi q\u00fcvv\u0259l\u0259rd\u0259n g\u00f6zl\u0259yirl\u0259r. Bu onlar\u0131n yegan\u0259 t\u0259skinlik v\u0259 rahatl\u0131q qaynaqlar\u0131d\u0131r. \u018fg\u0259r biz c\u0259miyy\u0259t olaraq \u00f6z\u00fcm\u00fcz\u00fc Avropa m\u0259d\u0259niyy\u0259ti i\u00e7ind\u0259 g\u00f6r\u00fcr\u00fcks\u0259, \u0259dal\u0259tin Avropa m\u0259d\u0259niyy\u0259tind\u0259 q\u0259bul olunmu\u015f d\u00fcny\u0259vi m\u0259nas\u0131n\u0131 da m\u0259nims\u0259m\u0259liyik, onun qayna\u011f\u0131n\u0131 ilahi q\u00fcvv\u0259l\u0259rd\u0259 yox insan irad\u0259si v\u0259 a\u011fl\u0131nda axtarmal\u0131, \u0259dal\u0259tin dini deyil b\u0259\u015f\u0259ri bir qavram oldu\u011funu q\u0259bul etm\u0259liyik.\n      <\/p>\n<p>\n        \u0130nsan a\u011fl\u0131na v\u0259 irad\u0259sin\u0259 \u0259saslanan, c\u0259miyy\u0259tin rifah\u0131n\u0131 t\u0259min ed\u0259c\u0259k \u0259dal\u0259tli idar\u0259etm\u0259 sistemi qurmal\u0131 v\u0259 dilimizi, ictimai t\u0259f\u0259kk\u00fcr\u00fcm\u00fcz\u00fc bu istiqam\u0259td\u0259 d\u00fcny\u0259vil\u0259\u015fdirm\u0259liyik. El\u0259 bir c\u0259miyy\u0259t qurmal\u0131y\u0131q ki, orada h\u0259r k\u0259s \u00f6z pay\u0131na d\u00fc\u015f\u0259ni ala bilsin.\n      <\/p>\n<p>\n        <b><br \/>\n          Yaz\u0131 m\u00fc\u0259llifin \u015f\u0259xsi m\u00f6vqeyini ifad\u0259 edir&#8230;<br \/>\n        <\/b>\n      <\/p>\n<\/p><\/div>\n<\/p><\/div><\/p>\n","protected":false},"excerpt":{"rendered":"<p>O, niy\u0259 c\u0259zaland\u0131r\u0131ld\u0131\u011f\u0131n\u0131 bilm\u0259lidir\u2026<\/p>\n","protected":false},"author":11,"featured_media":37393,"comment_status":"closed","ping_status":"open","sticky":false,"template":"","format":"standard","meta":{"_acf_changed":false,"_sitemap_exclude":false,"_sitemap_priority":"","_sitemap_frequency":"","footnotes":""},"categories":[57],"tags":[],"class_list":["post-170918","post","type-post","status-publish","format-standard","has-post-thumbnail","hentry","category-menim-fikrimce","infinite-scroll-item","generate-columns","tablet-grid-50","mobile-grid-100","grid-parent","grid-33","no-featured-image-padding"],"acf":[],"yoast_head":"<!-- This site is optimized with the Yoast SEO plugin v27.5 - https:\/\/yoast.com\/product\/yoast-seo-wordpress\/ -->\n<title>\u0130lahi \u0259dal\u0259t... - MEYDAN.TV<\/title>\n<meta name=\"robots\" content=\"index, follow, max-snippet:-1, max-image-preview:large, max-video-preview:-1\" \/>\n<link rel=\"canonical\" href=\"https:\/\/www.meydan.tv\/az\/article\/ilahi-edalet\/\" \/>\n<meta property=\"og:locale\" content=\"az_AZ\" \/>\n<meta property=\"og:type\" content=\"article\" \/>\n<meta property=\"og:title\" content=\"\u0130lahi \u0259dal\u0259t... - MEYDAN.TV\" \/>\n<meta property=\"og:description\" content=\"O, niy\u0259 c\u0259zaland\u0131r\u0131ld\u0131\u011f\u0131n\u0131 bilm\u0259lidir\u2026\" \/>\n<meta property=\"og:url\" content=\"https:\/\/www.meydan.tv\/az\/article\/ilahi-edalet\/\" \/>\n<meta property=\"og:site_name\" content=\"MEYDAN.TV\" \/>\n<meta property=\"article:published_time\" content=\"2015-11-04T20:51:45+00:00\" \/>\n<meta property=\"og:image\" content=\"https:\/\/www.meydan.tv\/wp-content\/uploads\/13994.jpg\" \/>\n\t<meta property=\"og:image:width\" content=\"400\" \/>\n\t<meta property=\"og:image:height\" content=\"400\" \/>\n\t<meta property=\"og:image:type\" content=\"image\/jpeg\" \/>\n<meta name=\"author\" content=\"user-manager\" \/>\n<meta name=\"twitter:card\" content=\"summary_large_image\" \/>\n<script type=\"application\/ld+json\" class=\"yoast-schema-graph\">{\"@context\":\"https:\\\/\\\/schema.org\",\"@graph\":[{\"@type\":\"Article\",\"@id\":\"https:\\\/\\\/www.meydan.tv\\\/az\\\/article\\\/ilahi-edalet\\\/#article\",\"isPartOf\":{\"@id\":\"https:\\\/\\\/www.meydan.tv\\\/az\\\/article\\\/ilahi-edalet\\\/\"},\"author\":{\"name\":\"user-manager\",\"@id\":\"https:\\\/\\\/www.meydan.tv\\\/az\\\/#\\\/schema\\\/person\\\/10d11eccf6da3662cf5fdab9806ea91a\"},\"headline\":\"\u0130lahi \u0259dal\u0259t&#8230;\",\"datePublished\":\"2015-11-04T20:51:45+00:00\",\"mainEntityOfPage\":{\"@id\":\"https:\\\/\\\/www.meydan.tv\\\/az\\\/article\\\/ilahi-edalet\\\/\"},\"wordCount\":1461,\"publisher\":{\"@id\":\"https:\\\/\\\/www.meydan.tv\\\/az\\\/#organization\"},\"image\":{\"@id\":\"https:\\\/\\\/www.meydan.tv\\\/az\\\/article\\\/ilahi-edalet\\\/#primaryimage\"},\"thumbnailUrl\":\"https:\\\/\\\/www.meydan.tv\\\/wp-content\\\/uploads\\\/13994.jpg\",\"articleSection\":[\"M\u0259nim Fikrimc\u0259\"],\"inLanguage\":\"az\"},{\"@type\":\"WebPage\",\"@id\":\"https:\\\/\\\/www.meydan.tv\\\/az\\\/article\\\/ilahi-edalet\\\/\",\"url\":\"https:\\\/\\\/www.meydan.tv\\\/az\\\/article\\\/ilahi-edalet\\\/\",\"name\":\"\u0130lahi \u0259dal\u0259t... - MEYDAN.TV\",\"isPartOf\":{\"@id\":\"https:\\\/\\\/www.meydan.tv\\\/az\\\/#website\"},\"primaryImageOfPage\":{\"@id\":\"https:\\\/\\\/www.meydan.tv\\\/az\\\/article\\\/ilahi-edalet\\\/#primaryimage\"},\"image\":{\"@id\":\"https:\\\/\\\/www.meydan.tv\\\/az\\\/article\\\/ilahi-edalet\\\/#primaryimage\"},\"thumbnailUrl\":\"https:\\\/\\\/www.meydan.tv\\\/wp-content\\\/uploads\\\/13994.jpg\",\"datePublished\":\"2015-11-04T20:51:45+00:00\",\"breadcrumb\":{\"@id\":\"https:\\\/\\\/www.meydan.tv\\\/az\\\/article\\\/ilahi-edalet\\\/#breadcrumb\"},\"inLanguage\":\"az\",\"potentialAction\":[{\"@type\":\"ReadAction\",\"target\":[\"https:\\\/\\\/www.meydan.tv\\\/az\\\/article\\\/ilahi-edalet\\\/\"]}]},{\"@type\":\"ImageObject\",\"inLanguage\":\"az\",\"@id\":\"https:\\\/\\\/www.meydan.tv\\\/az\\\/article\\\/ilahi-edalet\\\/#primaryimage\",\"url\":\"https:\\\/\\\/www.meydan.tv\\\/wp-content\\\/uploads\\\/13994.jpg\",\"contentUrl\":\"https:\\\/\\\/www.meydan.tv\\\/wp-content\\\/uploads\\\/13994.jpg\",\"width\":400,\"height\":400,\"caption\":\"Source:\"},{\"@type\":\"BreadcrumbList\",\"@id\":\"https:\\\/\\\/www.meydan.tv\\\/az\\\/article\\\/ilahi-edalet\\\/#breadcrumb\",\"itemListElement\":[{\"@type\":\"ListItem\",\"position\":1,\"name\":\"Ana s\u0259hif\u0259\",\"item\":\"https:\\\/\\\/www.meydan.tv\\\/az\\\/\"},{\"@type\":\"ListItem\",\"position\":2,\"name\":\"M\u0259nim Fikrimc\u0259\",\"item\":\"https:\\\/\\\/www.meydan.tv\\\/az\\\/section\\\/menim-fikrimce\\\/\"},{\"@type\":\"ListItem\",\"position\":3,\"name\":\"\u0130lahi \u0259dal\u0259t&#8230;\"}]},{\"@type\":\"WebSite\",\"@id\":\"https:\\\/\\\/www.meydan.tv\\\/az\\\/#website\",\"url\":\"https:\\\/\\\/www.meydan.tv\\\/az\\\/\",\"name\":\"MEYDAN.TV\",\"description\":\"Meydan TV Az\u0259rbaycan\u0131n media m\u0259kan\u0131ndak\u0131 alternativ s\u0259sidir\",\"publisher\":{\"@id\":\"https:\\\/\\\/www.meydan.tv\\\/az\\\/#organization\"},\"potentialAction\":[{\"@type\":\"SearchAction\",\"target\":{\"@type\":\"EntryPoint\",\"urlTemplate\":\"https:\\\/\\\/www.meydan.tv\\\/az\\\/?s={search_term_string}\"},\"query-input\":{\"@type\":\"PropertyValueSpecification\",\"valueRequired\":true,\"valueName\":\"search_term_string\"}}],\"inLanguage\":\"az\"},{\"@type\":\"Organization\",\"@id\":\"https:\\\/\\\/www.meydan.tv\\\/az\\\/#organization\",\"name\":\"Meydan TV\",\"url\":\"https:\\\/\\\/www.meydan.tv\\\/az\\\/\",\"logo\":{\"@type\":\"ImageObject\",\"inLanguage\":\"az\",\"@id\":\"https:\\\/\\\/www.meydan.tv\\\/az\\\/#\\\/schema\\\/logo\\\/image\\\/\",\"url\":\"https:\\\/\\\/www.meydan.tv\\\/wp-content\\\/uploads\\\/2021\\\/07\\\/meydan-logo.svg\",\"contentUrl\":\"https:\\\/\\\/www.meydan.tv\\\/wp-content\\\/uploads\\\/2021\\\/07\\\/meydan-logo.svg\",\"width\":195,\"height\":46,\"caption\":\"Meydan TV\"},\"image\":{\"@id\":\"https:\\\/\\\/www.meydan.tv\\\/az\\\/#\\\/schema\\\/logo\\\/image\\\/\"}},{\"@type\":\"Person\",\"@id\":\"https:\\\/\\\/www.meydan.tv\\\/az\\\/#\\\/schema\\\/person\\\/10d11eccf6da3662cf5fdab9806ea91a\",\"name\":\"user-manager\"}]}<\/script>\n<!-- \/ Yoast SEO plugin. -->","yoast_head_json":{"title":"\u0130lahi \u0259dal\u0259t... - MEYDAN.TV","robots":{"index":"index","follow":"follow","max-snippet":"max-snippet:-1","max-image-preview":"max-image-preview:large","max-video-preview":"max-video-preview:-1"},"canonical":"https:\/\/www.meydan.tv\/az\/article\/ilahi-edalet\/","og_locale":"az_AZ","og_type":"article","og_title":"\u0130lahi \u0259dal\u0259t... - MEYDAN.TV","og_description":"O, niy\u0259 c\u0259zaland\u0131r\u0131ld\u0131\u011f\u0131n\u0131 bilm\u0259lidir\u2026","og_url":"https:\/\/www.meydan.tv\/az\/article\/ilahi-edalet\/","og_site_name":"MEYDAN.TV","article_published_time":"2015-11-04T20:51:45+00:00","og_image":[{"width":400,"height":400,"url":"https:\/\/www.meydan.tv\/wp-content\/uploads\/13994.jpg","type":"image\/jpeg"}],"author":"user-manager","twitter_card":"summary_large_image","schema":{"@context":"https:\/\/schema.org","@graph":[{"@type":"Article","@id":"https:\/\/www.meydan.tv\/az\/article\/ilahi-edalet\/#article","isPartOf":{"@id":"https:\/\/www.meydan.tv\/az\/article\/ilahi-edalet\/"},"author":{"name":"user-manager","@id":"https:\/\/www.meydan.tv\/az\/#\/schema\/person\/10d11eccf6da3662cf5fdab9806ea91a"},"headline":"\u0130lahi \u0259dal\u0259t&#8230;","datePublished":"2015-11-04T20:51:45+00:00","mainEntityOfPage":{"@id":"https:\/\/www.meydan.tv\/az\/article\/ilahi-edalet\/"},"wordCount":1461,"publisher":{"@id":"https:\/\/www.meydan.tv\/az\/#organization"},"image":{"@id":"https:\/\/www.meydan.tv\/az\/article\/ilahi-edalet\/#primaryimage"},"thumbnailUrl":"https:\/\/www.meydan.tv\/wp-content\/uploads\/13994.jpg","articleSection":["M\u0259nim Fikrimc\u0259"],"inLanguage":"az"},{"@type":"WebPage","@id":"https:\/\/www.meydan.tv\/az\/article\/ilahi-edalet\/","url":"https:\/\/www.meydan.tv\/az\/article\/ilahi-edalet\/","name":"\u0130lahi \u0259dal\u0259t... - MEYDAN.TV","isPartOf":{"@id":"https:\/\/www.meydan.tv\/az\/#website"},"primaryImageOfPage":{"@id":"https:\/\/www.meydan.tv\/az\/article\/ilahi-edalet\/#primaryimage"},"image":{"@id":"https:\/\/www.meydan.tv\/az\/article\/ilahi-edalet\/#primaryimage"},"thumbnailUrl":"https:\/\/www.meydan.tv\/wp-content\/uploads\/13994.jpg","datePublished":"2015-11-04T20:51:45+00:00","breadcrumb":{"@id":"https:\/\/www.meydan.tv\/az\/article\/ilahi-edalet\/#breadcrumb"},"inLanguage":"az","potentialAction":[{"@type":"ReadAction","target":["https:\/\/www.meydan.tv\/az\/article\/ilahi-edalet\/"]}]},{"@type":"ImageObject","inLanguage":"az","@id":"https:\/\/www.meydan.tv\/az\/article\/ilahi-edalet\/#primaryimage","url":"https:\/\/www.meydan.tv\/wp-content\/uploads\/13994.jpg","contentUrl":"https:\/\/www.meydan.tv\/wp-content\/uploads\/13994.jpg","width":400,"height":400,"caption":"Source:"},{"@type":"BreadcrumbList","@id":"https:\/\/www.meydan.tv\/az\/article\/ilahi-edalet\/#breadcrumb","itemListElement":[{"@type":"ListItem","position":1,"name":"Ana s\u0259hif\u0259","item":"https:\/\/www.meydan.tv\/az\/"},{"@type":"ListItem","position":2,"name":"M\u0259nim Fikrimc\u0259","item":"https:\/\/www.meydan.tv\/az\/section\/menim-fikrimce\/"},{"@type":"ListItem","position":3,"name":"\u0130lahi \u0259dal\u0259t&#8230;"}]},{"@type":"WebSite","@id":"https:\/\/www.meydan.tv\/az\/#website","url":"https:\/\/www.meydan.tv\/az\/","name":"MEYDAN.TV","description":"Meydan TV Az\u0259rbaycan\u0131n media m\u0259kan\u0131ndak\u0131 alternativ s\u0259sidir","publisher":{"@id":"https:\/\/www.meydan.tv\/az\/#organization"},"potentialAction":[{"@type":"SearchAction","target":{"@type":"EntryPoint","urlTemplate":"https:\/\/www.meydan.tv\/az\/?s={search_term_string}"},"query-input":{"@type":"PropertyValueSpecification","valueRequired":true,"valueName":"search_term_string"}}],"inLanguage":"az"},{"@type":"Organization","@id":"https:\/\/www.meydan.tv\/az\/#organization","name":"Meydan TV","url":"https:\/\/www.meydan.tv\/az\/","logo":{"@type":"ImageObject","inLanguage":"az","@id":"https:\/\/www.meydan.tv\/az\/#\/schema\/logo\/image\/","url":"https:\/\/www.meydan.tv\/wp-content\/uploads\/2021\/07\/meydan-logo.svg","contentUrl":"https:\/\/www.meydan.tv\/wp-content\/uploads\/2021\/07\/meydan-logo.svg","width":195,"height":46,"caption":"Meydan TV"},"image":{"@id":"https:\/\/www.meydan.tv\/az\/#\/schema\/logo\/image\/"}},{"@type":"Person","@id":"https:\/\/www.meydan.tv\/az\/#\/schema\/person\/10d11eccf6da3662cf5fdab9806ea91a","name":"user-manager"}]}},"_links":{"self":[{"href":"https:\/\/www.meydan.tv\/az\/wp-json\/wp\/v2\/posts\/170918","targetHints":{"allow":["GET"]}}],"collection":[{"href":"https:\/\/www.meydan.tv\/az\/wp-json\/wp\/v2\/posts"}],"about":[{"href":"https:\/\/www.meydan.tv\/az\/wp-json\/wp\/v2\/types\/post"}],"author":[{"embeddable":true,"href":"https:\/\/www.meydan.tv\/az\/wp-json\/wp\/v2\/users\/11"}],"replies":[{"embeddable":true,"href":"https:\/\/www.meydan.tv\/az\/wp-json\/wp\/v2\/comments?post=170918"}],"version-history":[{"count":0,"href":"https:\/\/www.meydan.tv\/az\/wp-json\/wp\/v2\/posts\/170918\/revisions"}],"wp:featuredmedia":[{"embeddable":true,"href":"https:\/\/www.meydan.tv\/az\/wp-json\/wp\/v2\/media\/37393"}],"wp:attachment":[{"href":"https:\/\/www.meydan.tv\/az\/wp-json\/wp\/v2\/media?parent=170918"}],"wp:term":[{"taxonomy":"category","embeddable":true,"href":"https:\/\/www.meydan.tv\/az\/wp-json\/wp\/v2\/categories?post=170918"},{"taxonomy":"post_tag","embeddable":true,"href":"https:\/\/www.meydan.tv\/az\/wp-json\/wp\/v2\/tags?post=170918"}],"curies":[{"name":"wp","href":"https:\/\/api.w.org\/{rel}","templated":true}]}}