{"id":170698,"date":"2015-10-28T13:54:37","date_gmt":"2015-10-28T13:54:37","guid":{"rendered":"https:\/\/www.meydan.tv\/article\/abirvalq\/"},"modified":"2015-10-28T13:54:37","modified_gmt":"2015-10-28T13:54:37","slug":"abirvalq","status":"publish","type":"post","link":"https:\/\/www.meydan.tv\/az\/article\/abirvalq\/","title":{"rendered":"ABIRVALQ"},"content":{"rendered":"<figure class=\"wp-block-image size-large\">\n  <img decoding=\"async\" src=\"https:\/\/www.meydan.tv\/az\/36564\/\" alt=\"\" class=\"wp-image-36564\"\/><figcaption><\/figcaption><\/figure>\n<figure class=\"wp-block-image size-large\">\n  <img decoding=\"async\" src=\"https:\/\/www.meydan.tv\/az\/36567\/\" alt=\"\" class=\"wp-image-36567\"\/><figcaption><\/figcaption><\/figure>\n<p>\n  Bir ne\u00e7\u0259 g\u00fcn \u0259vv\u0259l be\u015f n\u0259f\u0259rin bir yerd\u0259 y\u0131\u011f\u0131lmas\u0131 m\u00fcmk\u00fcns\u00fcz i\u015f olan Az\u0259rbaycan\u0131n b\u00fct\u00fcn b\u00f6lg\u0259l\u0259rind\u0259, meydanlarda hayq\u0131ran k\u00fctl\u0259ni v\u0259 bu i\u015fin ba\u015f\u0131nda g\u0259nc v\u0259 perspektivli lider Tale Ba\u011f\u0131rzad\u0259ni g\u00f6rd\u00fck. A\u015fura zaman\u0131 bir \u00e7ox b\u00f6lg\u0259l\u0259rd\u0259 Az\u0259rbaycan\u0131n bayra\u011f\u0131 da yek\u0259-yek\u0259 tikilmi\u015f o dir\u0259kl\u0259rd\u0259n endirilibmi\u015f.\n<\/p>\n<p>\n  G\u0259l\u0259c\u0259yimiz parlaq v\u0259 ayd\u0131nd\u0131r \u0259ziz yolda\u015flar v\u0259 v\u0259t\u0259nda\u015flar, h\u00f6rm\u0259tli qarda\u015f-bac\u0131lar. Daha ba\u015fa\u011fr\u0131s\u0131 edib &#8211; &#8220;u\u015faq ba\u015f\u0131 yarmaq inancd\u0131, yoxsa cinay\u0259t?&#8221; &#8211; kimi u\u015faq-mu\u015faq suallar\u0131n\u0131 he\u00e7 vermirik d\u0259 burda. Adama dey\u0259rl\u0259r ki, &#8220;\u0259, u\u015fax m\u0259\u0259mdi \u00f6z\u00fcm bill\u0259m, s\u0259n kims\u0259n \u0259?&#8221;. D\u0259ymi\u015fin dura-dura kal\u0131n t\u00f6k\u00fcl\u0259r.\n<\/p>\n<p>\n  Maraql\u0131d\u0131r ki, el\u0259 o g\u00fcn\u00fcn sabah\u0131 postmodernizmi he\u00e7 edib, bir k\u0259nara tullam\u0131\u015f Az\u0259rbaycan c\u0259miyy\u0259ti \u00fc\u00e7\u00fcn xarakterik ba\u015fqa bir hadis\u0259 d\u0259 ba\u015f verib &#8211; Bak\u0131 Jazz Festival\u0131 2015 \u00e7\u0259r\u00e7iv\u0259sind\u0259 d\u00fcnya jazz musiqisi ulduzu Diana Kroll Heyd\u0259r \u018fliyev Saray\u0131nda \u00e7\u0131x\u0131\u015f edib. \u00c7ox g\u00f6z\u0259l, \u00e7ox pakiz\u0259, demirdil\u0259r tolerant\u0131q? \u018fg\u0259r kims\u0259 \u00e7a\u015f\u0131b sual vers\u0259 ki, &#8220;c\u0259miyy\u0259tin bu q\u0259d\u0259r kontrastla\u015fmas\u0131 nec\u0259 ola bil\u0259r, bu \u00f6lk\u0259 \u00fc\u00e7\u00fcn t\u0259hl\u00fck\u0259 potensial\u0131 deyilmi, b\u0259lk\u0259 el\u0259 o ba\u015fyaranlardan da konsert\u0259 kims\u0259 g\u0259l\u0259si idi?&#8221; cavab\u0131 bu olar ki, &#8220;\u0259, kontrast n\u0259di \u0259, ab\u0131rr\u0131 dan\u0131\u015f, d\u0259d\u0259nd\u00fc kontrast, biz tolerantu\u011f, v\u0259ssalam&#8221;\n<\/p>\n<p>\n  \u018fslind\u0259 burda ekzistensiya b\u00f6hran\u0131ndan-zaddan dan\u0131\u015fmaq yersizdi. Bizd\u0259 ba\u015f ver\u0259nl\u0259rin analizi \u00fc\u00e7\u00fcn Sartr-filan da kara getm\u0259z, fikrimc\u0259 el dilind\u0259 kli\u00e7kas\u0131 &#8220;t\u00fcrm\u0259 r\u0259isi&#8221; olan M\u0259d\u0259t m\u00fc\u0259llimin milli t\u0259hl\u00fck\u0259sizlik probleml\u0259ri il\u0259 m\u0259\u015f\u011ful olaca\u011f\u0131 c\u0259miyy\u0259tin t\u0259hlili \u00fc\u00e7\u00fcn ba\u015fqa bir z\u0131rp\u0131 frans\u0131za, Michel Foucault&#8217;a m\u00fcraci\u0259t etm\u0259k laz\u0131md\u0131r.\n<\/p>\n<p>\n  Frans\u0131z filosofu v\u0259 k\u00fclt\u00fcr n\u0259z\u0259riyy\u0259\u00e7isi Michel Foucault h\u0259l\u0259 1975-ci ild\u0259 yazd\u0131\u011f\u0131 &#8220;N\u0259zar\u0259t v\u0259 C\u0259za: H\u0259bsxanan\u0131n Do\u011fulu\u015fu&#8221; (Surveiller et punir: Naissance de la Prison) \u0259s\u0259rind\u0259 d\u00f6rd ba\u015fl\u0131ca tezis var: i\u015fg\u0259nc\u0259, c\u0259za, intizam v\u0259 h\u0259bsxana. Daha sonra filosof bu tezisl\u0259rin h\u0259r birinin Avropa tarixi v\u0259 fikrind\u0259 tutdu\u011fu yer v\u0259 rolundan, \u0259srl\u0259r \u0259rzind\u0259ki metamorfozas\u0131ndan b\u0259hs edir. \u018flb\u0259tt\u0259 ki, M\u0259d\u0259t m\u00fc\u0259llim bu i\u015fd\u0259 n\u0259inki ona, b\u00fct\u00fcn filosoflara bir yerd\u0259 d\u0259rs ke\u00e7\u0259 bil\u0259r. He\u00e7 \u015f\u00fcbh\u0259miz yoxdu.\n<\/p>\n<p>\n  Amma ki, vallah, bu \u0259s\u0259r\u0259 g\u00f6z atanda adam\u0131n yad\u0131na lap bu Mahmudov m\u00fcsib\u0259ti g\u0259lir. N\u0259 ed\u0259k tay, a\u015f\u0131q g\u00f6rd\u00fcy\u00fcnd\u0259n \u00e7alar valla. Bir zamanlar bu adama salam verm\u0259k \u00fc\u00e7\u00fcn n\u00f6vb\u0259y\u0259 duranlar, indi onun \u0259n yax\u0131nlar\u0131n\u0131 padvala \u00e7a\u011f\u0131rd\u0131r, orda \u00e7\u0131\u011f\u0131rd\u0131r, n\u0259 bilim dolyalar\u0131n\u0131 al\u0131r-neynir.<br \/>\n  <br \/>\n  Amma insaf\u0259n burda da adama dey\u0259rl\u0259r ki, &#8220;ba\u011f\u0131\u015flayuz-ba\u011f\u0131\u015flayuz h\u00f6rm\u0259tli v\u0259t\u0259nda\u015f, sizin he\u00e7 x\u0259b\u0259riv\u00fcz yoxdu, d\u00fcnyada \u00e7ox b\u00f6y\u00fck bir maliyy\u0259 krizisi vardur, odey birjalarda neftin barreli 40-\u0131 ke\u00e7ibd\u00fcr, geosiyasi durum is\u0259 \u00e7oooox g\u0259rigind\u00fcr, can\u0131m s\u0259n\u0259 desin, bel\u0259 tellurokratiya il\u0259 talassokratiya, y\u0259ni d\u0259niz sivilizasiyas\u0131 il\u0259 kontinental sivilizasiya, koro\u00e7e leviafanla begemot \u00f6z\u00fcn\u00fcn taa son sava\u015f\u0131na (Putin m\u0259llim demi\u015fk\u0259n) mistik m\u0259kanda &#8211; Suriyada ba\u015flay\u0131bdur, Az\u0259rbacandan c\u0259mi-c\u00fcm\u00fc min kilometr o t\u0259r\u0259fd\u0259 e! Bu padvala \u00e7a\u011f\u0131r\u0131lanlar is\u0259 uzun ill\u0259r v\u0259zif\u0259d\u0259 oturan b\u00f6y\u00fck korrupsionerl\u0259rd\u00fcr v\u0259 \u00f6lk\u0259 r\u0259hb\u0259rliyi onlardan bu ill\u0259r \u0259rzind\u0259 o\u011furlad\u0131qlar\u0131 v\u0259saitl\u0259r\u00fc xalq\u0131m\u0131z \u00fc\u00e7\u00fcn ian\u0259 etm\u0259y\u0259 \u00e7a\u011f\u0131r\u0131r, \u0259, yan\u0131 neujenni s\u00fcz bel\u0259 prostoy h\u0259qiq\u0259td\u0259ri annam\u0131rsuz?&#8221;\n<\/p>\n<p>\n  \u018flb\u0259tt\u0259 ki, burda adam\u0131n yad\u0131na ist\u0259r-ist\u0259m\u0259z \u00f6lm\u0259z Dzerjinski yoda\u015f g\u0259lir. Sovet yaz\u0131\u00e7\u0131s\u0131 Yuri German\u0131n &#8220;Bir il&#8221; roman\u0131nda t\u0259svir edilir ki, inqilab\u0131n ilk ill\u0259rind\u0259 Q\u0131z\u0131l Ordunun \u0259sg\u0259rl\u0259ri s\u0259ng\u0259rl\u0259rd\u0259 donurmu\u015f, yolda\u015f Dzerjinski g\u00f6z\u00fcn\u0259 d\u00f6nd\u00fcy\u00fcm d\u0259 n\u0259 edir bunun qar\u015f\u0131l\u0131\u011f\u0131nda? Petroqrad\u0131n b\u00fct\u00fcn burjuy kopolular\u0131na m\u0259ktub g\u00f6nd\u0259rib \u0259mr edir ki, ham\u0131s\u0131 opera teatr\u0131na, konkret hans\u0131sa operaya baxma\u011fa g\u0259lsinl\u0259r. O b\u0259dbaxtlar\u0131n da ham\u0131s\u0131 quzu kimi g\u0259lib operaya gir\u0259nd\u0259 Dzerjinski m\u00fc\u0259llim qarderobdak\u0131 bac\u0131lara \u0259mr verir ki, b\u00fct\u00fcn bahal\u0131 k\u00fcrkl\u0259ri y\u0131\u011f\u0131b versinl\u0259r h\u0259\u015f\u0259m\u0259tli &#8220;\u0427\u0435\u043a\u0430&#8221;\u00e7\u0131lara. &#8221; Q\u0131z\u0131l \u0259sg\u0259rl\u0259r d\u0259 o k\u00fcrkl\u0259ri \u015finel \u0259v\u0259zi s\u0259ng\u0259rd\u0259 i\u015fl\u0259dirmi\u015f. G\u00f6r indi! Valla bizim &#8220;bandaddel&#8221; prosdu toya getm\u0259lidi e bu s\u00f6hb\u0259tl\u0259rin yan\u0131nda.\n<\/p>\n<p>\n  \u018fslind\u0259 b\u00fct\u00fcn bu absurd s\u00f6hb\u0259tl\u0259r ham\u0131s\u0131 n\u0259 q\u0259d\u0259r t\u0259\u0259cc\u00fcbl\u00fc olsa da, sanki antik teatr\u0131 xat\u0131rlad\u0131r. Antik drama insanlar \u00fc\u00e7\u00fcn deyildi. Oradak\u0131 i\u015ftirak\u00e7\u0131lar ham\u0131s\u0131 allahlar (tutaq ki, Mahmudov &amp; Co) v\u0259 titanlar (tutaq ki, \u00c7ovdarov &amp; Co), lap uza\u011f\u0131 q\u0259hr\u0259manlar (adamd\u00f6y\u0259nl\u0259r, \u015fill\u0259vuranlar) v\u0259 sehrli varl\u0131qlar (bunu \u00f6z\u00fcn\u00fcz fikirl\u0259\u015fin kim ola bil\u0259r) idi. Bu tama\u015fan\u0131n \u00f6z\u00fc d\u0259 allahlar \u00fc\u00e7\u00fcn apar\u0131l\u0131rd\u0131, tribunalar bo\u015f olanda da tama\u015fa oynan\u0131rd\u0131. Bizim \u00f6lk\u0259d\u0259 d\u0259 \u0259halinin 80% ya k\u00f6l\u0259, ya da turist qismind\u0259 &#8211; t\u0259xmini el\u0259 h\u0259min ba\u015fyaranlarla jazza qulaq asanlar q\u0131sas\u0131 &#8211; h\u0259yat\u0131n\u0131 s\u00fcr\u00fcr , yaln\u0131z qalanlar\u0131 m\u00fcxt\u0259lif obrazlarda bu tama\u015fada i\u015ftirak edir, biz d\u0259 \u0259n yax\u015f\u0131 halda bu oyunun aysberqinin qal\u0131n p\u0259rd\u0259 arxas\u0131ndan izl\u0259yicil\u0259ri ola bil\u0259rik. Y\u0259ni bu teatr bizlik deyil.\n<\/p>\n<p>\n  Odur ki, \u0259zizl\u0259rim, sal\u0131n ba\u015f\u0131v\u0131z\u0131 a\u015fa\u011f\u0131, h\u00f6k\u00fcm\u0259tin-zad\u0131n i\u015fin\u0259 d\u0259 qar\u0131\u015fm\u0131y\u0131n, tutallar sizi. Az qal\u0131b, bir azca da d\u00f6zm\u0259k laz\u0131md\u0131, 2017-ci ild\u0259 deyirl\u0259r art\u0131q birinci d\u0259f\u0259 insan ba\u015f\u0131 k\u00f6\u00e7\u00fcrm\u0259 eksperimenti edil\u0259c\u0259kdir, art\u0131q bir k\u00f6n\u00fcll\u00fc d\u0259 tap\u0131l\u0131b bunun \u00fc\u00e7\u00fcn. Q\u0131sas\u0131 bir adam\u0131n ba\u015f\u0131n\u0131 k\u0259sib yap\u0131\u015fd\u0131racaqlar o birinin b\u0259d\u0259nin\u0259, \u00f6z\u00fc d\u0259 ya\u015famal\u0131d\u0131r. Dem\u0259k, Bulqakovun &#8220;\u0130t \u00fcr\u0259yi&#8221; \u0259s\u0259rind\u0259ki fantasmaqoriya art\u0131q insan \u00fcz\u0259rind\u0259 ba\u015f ver\u0259c\u0259k.\n<\/p>\n<p>\n  Deyir\u0259m, vay o g\u00fcnd\u0259n ki, g\u00f6t\u00fcr\u00fcb bizim h\u00f6rm\u0259tli ba\u015fyaranlar\u0131m\u0131z\u0131n ba\u015f\u0131n\u0131 apar\u0131b o jazza qulaq asanlar\u0131n b\u0259d\u0259nin\u0259 tik\u0259l\u0259r, ya da t\u0259rsin\u0259, Bulqakovun o m\u0259\u015fhur &#8220;Ab\u0131rvalq&#8221;\u0131 he\u00e7 n\u0259 olar bunun yan\u0131nda. &#8220;\u0410\u0431\u044b\u0440\u0432\u0430\u043b\u0433&#8221; &#8211; y\u0259ni ki, t\u0259rsin\u0259 oxunan &#8220;\u0413\u043b\u0430\u0432\u0440\u044b\u0431\u0430&#8221;, bu bal\u0131q sat\u0131lmas\u0131n\u0131 \u00f6z\u00fcnd\u0259 t\u0259m\u0259rk\u00fczl\u0259\u015fdirmi\u015f sovet t\u0259\u015fkilat\u0131n\u0131n abbreviaturas\u0131d\u0131r, sonradan bizd\u0259 m\u00fcst\u0259qillik d\u00f6vr\u00fcnd\u0259 o t\u0259\u015fkilat\u0131n ba\u015f\u0131nda &#8220;bal\u0131q Hafiz&#8221; dururdu. Bu k\u0259lm\u0259 &#8220;\u0130t \u00fcr\u0259yi&#8221; povestind\u0259 professor Preobrajenski t\u0259r\u0259find\u0259n \u015earikovun insan xisl\u0259tind\u0259 t\u0259l\u0259ff\u00fcz etdiyi ilk s\u00f6zd\u00fcr. \u018flb\u0259tt\u0259 bu &#8220;bal\u0131q Hafiz&#8221; &#8211; bizim yerli \u015earikovumuz da bir b\u0259han\u0259dir, ba\u015fqalar\u0131 g\u00fcya ondan n\u0259 il\u0259 f\u0259rql\u0259nir ki?\n<\/p>\n<p>\n  \u018fslind\u0259 o ba\u015ftik\u0259n c\u0259rraha dem\u0259k laz\u0131md\u0131 ki, ax\u0131r\u0131 bu olacaqsa, he\u00e7 o \u0259ziyy\u0259ti \u00e7\u0259km\u0259sin, bizim c\u0259miyy\u0259td\u0259 n\u0259inki &#8220;bal\u0131q Hafiz&#8221;, el\u0259c\u0259 d\u0259 b\u00fct\u00fcn sosial t\u0259b\u0259q\u0259l\u0259r &#8211; m\u0259mur, ziyal\u0131, man\u0131s, c\u0259llad, professor, polis, aktrisa, k\u0259ndli, politoloq, t\u0259l\u0259b\u0259, rejissor, n\u0259 bilim deputat, namiz\u0259d, se\u00e7ici, say\u0131c\u0131, q\u0131r\u0131lm\u0131\u015f\u0131n ham\u0131s\u0131 el\u0259 onsuz da b\u00fct\u00fcn g\u00fcn\u00fc ba\u015fdan-aya\u011fa &#8220;Ab\u0131rvalq&#8221; deyir. &#8220;Ab\u0131rvalq&#8221; il\u0259 gedib-g\u0259lir c\u0259miyy\u0259tin n\u0259f\u0259si.\n<\/p>\n<p>\n  &#8220;Ab\u0131rvalq&#8221; deyir AzTV\/ANS.\n<\/p>\n<p>\n  &#8220;Ab\u0131rvalq&#8221; deyir Zahid-Siyavu\u015f &amp; Co m\u00fc\u0259llim.\n<\/p>\n<p>\n  &#8220;Ab\u0131rvalq&#8221; deyir m\u0259hk\u0259m\u0259l\u0259r-hakiml\u0259r, advokatlar, &#8220;h\u00fcquq m\u00fcdafi\u0259\u00e7il\u0259ri&#8221;, GONGO-lar.\n<\/p>\n<p>\n  &#8220;Ab\u0131rvalq&#8221; deyir m\u0259tbuat, media, jurnalist-publisist, ba\u015f redaktor- metranpaj.\n<\/p>\n<p>\n  &#8220;Ab\u0131rvalq&#8221; deyir xalq \u015fairl\u0259ri-yaz\u0131\u00e7\u0131lar\u0131, xalq artistl\u0259ri, \u0259m\u0259kdar inc\u0259s\u0259n\u0259t xadiml\u0259ri, \u0259m\u0259kdar jurnalistl\u0259r.\n<\/p>\n<p>\n  &#8220;Ab\u0131rvalq&#8221; deyir prezident f\u0259rmanlar\u0131.\n<\/p>\n<p>\n  &#8220;Ab\u0131rvalq&#8221; deyir a\u015fura edib sabah\u0131 g\u00fcn jazz festival ke\u00e7ir\u0259nl\u0259r.\n<\/p>\n<p>\n  P.S. \u018fzizl\u0259rim, inan\u0131n ki, bu s\u00f6hb\u0259tl\u0259r ham\u0131s\u0131 bo\u015f \u015feyl\u0259rdi. M\u00f6vzu budu ki, Kommunist Partiyas\u0131 \u00e7inlil\u0259r\u0259 art\u0131q ikinci u\u015fa\u011f\u0131 do\u011fma\u011fa icaz\u0259 veribdir, dem\u0259k tezlikl\u0259 ordak\u0131 ne\u00e7\u0259 milyard, olacaq filan q\u0259d\u0259r milyard.\n<\/p>\n<p>\n  <b><br \/>\n    Yaz\u0131 m\u00fc\u0259llifin \u015f\u0259xsi m\u00f6vqeyini \u0259ks etdirir&#8230;<br \/>\n  <\/b><\/p>\n","protected":false},"excerpt":{"rendered":"<p>A\u015fura sabah\u0131 jazz festival<\/p>\n","protected":false},"author":11,"featured_media":36564,"comment_status":"closed","ping_status":"open","sticky":false,"template":"","format":"standard","meta":{"_acf_changed":false,"_sitemap_exclude":false,"_sitemap_priority":"","_sitemap_frequency":"","footnotes":""},"categories":[57],"tags":[],"class_list":["post-170698","post","type-post","status-publish","format-standard","has-post-thumbnail","hentry","category-menim-fikrimce","infinite-scroll-item","generate-columns","tablet-grid-50","mobile-grid-100","grid-parent","grid-33","no-featured-image-padding"],"acf":[],"yoast_head":"<!-- This site is optimized with the Yoast SEO plugin v27.5 - https:\/\/yoast.com\/product\/yoast-seo-wordpress\/ -->\n<title>ABIRVALQ - MEYDAN.TV<\/title>\n<meta name=\"robots\" content=\"index, follow, max-snippet:-1, max-image-preview:large, max-video-preview:-1\" \/>\n<link rel=\"canonical\" href=\"https:\/\/www.meydan.tv\/az\/article\/abirvalq\/\" \/>\n<meta property=\"og:locale\" content=\"az_AZ\" \/>\n<meta property=\"og:type\" content=\"article\" \/>\n<meta property=\"og:title\" content=\"ABIRVALQ - MEYDAN.TV\" \/>\n<meta property=\"og:description\" content=\"A\u015fura sabah\u0131 jazz festival\" \/>\n<meta property=\"og:url\" content=\"https:\/\/www.meydan.tv\/az\/article\/abirvalq\/\" \/>\n<meta property=\"og:site_name\" content=\"MEYDAN.TV\" \/>\n<meta property=\"article:published_time\" content=\"2015-10-28T13:54:37+00:00\" \/>\n<meta property=\"og:image\" content=\"https:\/\/www.meydan.tv\/wp-content\/uploads\/13678.jpg\" \/>\n\t<meta property=\"og:image:width\" content=\"360\" \/>\n\t<meta property=\"og:image:height\" content=\"360\" \/>\n\t<meta property=\"og:image:type\" content=\"image\/jpeg\" \/>\n<meta name=\"author\" content=\"user-manager\" \/>\n<meta name=\"twitter:card\" content=\"summary_large_image\" \/>\n<script type=\"application\/ld+json\" class=\"yoast-schema-graph\">{\"@context\":\"https:\\\/\\\/schema.org\",\"@graph\":[{\"@type\":\"Article\",\"@id\":\"https:\\\/\\\/www.meydan.tv\\\/az\\\/article\\\/abirvalq\\\/#article\",\"isPartOf\":{\"@id\":\"https:\\\/\\\/www.meydan.tv\\\/az\\\/article\\\/abirvalq\\\/\"},\"author\":{\"name\":\"user-manager\",\"@id\":\"https:\\\/\\\/www.meydan.tv\\\/az\\\/#\\\/schema\\\/person\\\/10d11eccf6da3662cf5fdab9806ea91a\"},\"headline\":\"ABIRVALQ\",\"datePublished\":\"2015-10-28T13:54:37+00:00\",\"mainEntityOfPage\":{\"@id\":\"https:\\\/\\\/www.meydan.tv\\\/az\\\/article\\\/abirvalq\\\/\"},\"wordCount\":1789,\"publisher\":{\"@id\":\"https:\\\/\\\/www.meydan.tv\\\/az\\\/#organization\"},\"image\":{\"@id\":\"https:\\\/\\\/www.meydan.tv\\\/az\\\/article\\\/abirvalq\\\/#primaryimage\"},\"thumbnailUrl\":\"https:\\\/\\\/www.meydan.tv\\\/wp-content\\\/uploads\\\/13678.jpg\",\"articleSection\":[\"M\u0259nim Fikrimc\u0259\"],\"inLanguage\":\"az\"},{\"@type\":\"WebPage\",\"@id\":\"https:\\\/\\\/www.meydan.tv\\\/az\\\/article\\\/abirvalq\\\/\",\"url\":\"https:\\\/\\\/www.meydan.tv\\\/az\\\/article\\\/abirvalq\\\/\",\"name\":\"ABIRVALQ - MEYDAN.TV\",\"isPartOf\":{\"@id\":\"https:\\\/\\\/www.meydan.tv\\\/az\\\/#website\"},\"primaryImageOfPage\":{\"@id\":\"https:\\\/\\\/www.meydan.tv\\\/az\\\/article\\\/abirvalq\\\/#primaryimage\"},\"image\":{\"@id\":\"https:\\\/\\\/www.meydan.tv\\\/az\\\/article\\\/abirvalq\\\/#primaryimage\"},\"thumbnailUrl\":\"https:\\\/\\\/www.meydan.tv\\\/wp-content\\\/uploads\\\/13678.jpg\",\"datePublished\":\"2015-10-28T13:54:37+00:00\",\"breadcrumb\":{\"@id\":\"https:\\\/\\\/www.meydan.tv\\\/az\\\/article\\\/abirvalq\\\/#breadcrumb\"},\"inLanguage\":\"az\",\"potentialAction\":[{\"@type\":\"ReadAction\",\"target\":[\"https:\\\/\\\/www.meydan.tv\\\/az\\\/article\\\/abirvalq\\\/\"]}]},{\"@type\":\"ImageObject\",\"inLanguage\":\"az\",\"@id\":\"https:\\\/\\\/www.meydan.tv\\\/az\\\/article\\\/abirvalq\\\/#primaryimage\",\"url\":\"https:\\\/\\\/www.meydan.tv\\\/wp-content\\\/uploads\\\/13678.jpg\",\"contentUrl\":\"https:\\\/\\\/www.meydan.tv\\\/wp-content\\\/uploads\\\/13678.jpg\",\"width\":360,\"height\":360,\"caption\":\"Source:\"},{\"@type\":\"BreadcrumbList\",\"@id\":\"https:\\\/\\\/www.meydan.tv\\\/az\\\/article\\\/abirvalq\\\/#breadcrumb\",\"itemListElement\":[{\"@type\":\"ListItem\",\"position\":1,\"name\":\"Ana s\u0259hif\u0259\",\"item\":\"https:\\\/\\\/www.meydan.tv\\\/az\\\/\"},{\"@type\":\"ListItem\",\"position\":2,\"name\":\"M\u0259nim Fikrimc\u0259\",\"item\":\"https:\\\/\\\/www.meydan.tv\\\/az\\\/section\\\/menim-fikrimce\\\/\"},{\"@type\":\"ListItem\",\"position\":3,\"name\":\"ABIRVALQ\"}]},{\"@type\":\"WebSite\",\"@id\":\"https:\\\/\\\/www.meydan.tv\\\/az\\\/#website\",\"url\":\"https:\\\/\\\/www.meydan.tv\\\/az\\\/\",\"name\":\"MEYDAN.TV\",\"description\":\"Meydan TV Az\u0259rbaycan\u0131n media m\u0259kan\u0131ndak\u0131 alternativ s\u0259sidir\",\"publisher\":{\"@id\":\"https:\\\/\\\/www.meydan.tv\\\/az\\\/#organization\"},\"potentialAction\":[{\"@type\":\"SearchAction\",\"target\":{\"@type\":\"EntryPoint\",\"urlTemplate\":\"https:\\\/\\\/www.meydan.tv\\\/az\\\/?s={search_term_string}\"},\"query-input\":{\"@type\":\"PropertyValueSpecification\",\"valueRequired\":true,\"valueName\":\"search_term_string\"}}],\"inLanguage\":\"az\"},{\"@type\":\"Organization\",\"@id\":\"https:\\\/\\\/www.meydan.tv\\\/az\\\/#organization\",\"name\":\"Meydan TV\",\"url\":\"https:\\\/\\\/www.meydan.tv\\\/az\\\/\",\"logo\":{\"@type\":\"ImageObject\",\"inLanguage\":\"az\",\"@id\":\"https:\\\/\\\/www.meydan.tv\\\/az\\\/#\\\/schema\\\/logo\\\/image\\\/\",\"url\":\"https:\\\/\\\/www.meydan.tv\\\/wp-content\\\/uploads\\\/2021\\\/07\\\/meydan-logo.svg\",\"contentUrl\":\"https:\\\/\\\/www.meydan.tv\\\/wp-content\\\/uploads\\\/2021\\\/07\\\/meydan-logo.svg\",\"width\":195,\"height\":46,\"caption\":\"Meydan TV\"},\"image\":{\"@id\":\"https:\\\/\\\/www.meydan.tv\\\/az\\\/#\\\/schema\\\/logo\\\/image\\\/\"}},{\"@type\":\"Person\",\"@id\":\"https:\\\/\\\/www.meydan.tv\\\/az\\\/#\\\/schema\\\/person\\\/10d11eccf6da3662cf5fdab9806ea91a\",\"name\":\"user-manager\"}]}<\/script>\n<!-- \/ Yoast SEO plugin. -->","yoast_head_json":{"title":"ABIRVALQ - MEYDAN.TV","robots":{"index":"index","follow":"follow","max-snippet":"max-snippet:-1","max-image-preview":"max-image-preview:large","max-video-preview":"max-video-preview:-1"},"canonical":"https:\/\/www.meydan.tv\/az\/article\/abirvalq\/","og_locale":"az_AZ","og_type":"article","og_title":"ABIRVALQ - MEYDAN.TV","og_description":"A\u015fura sabah\u0131 jazz festival","og_url":"https:\/\/www.meydan.tv\/az\/article\/abirvalq\/","og_site_name":"MEYDAN.TV","article_published_time":"2015-10-28T13:54:37+00:00","og_image":[{"width":360,"height":360,"url":"https:\/\/www.meydan.tv\/wp-content\/uploads\/13678.jpg","type":"image\/jpeg"}],"author":"user-manager","twitter_card":"summary_large_image","schema":{"@context":"https:\/\/schema.org","@graph":[{"@type":"Article","@id":"https:\/\/www.meydan.tv\/az\/article\/abirvalq\/#article","isPartOf":{"@id":"https:\/\/www.meydan.tv\/az\/article\/abirvalq\/"},"author":{"name":"user-manager","@id":"https:\/\/www.meydan.tv\/az\/#\/schema\/person\/10d11eccf6da3662cf5fdab9806ea91a"},"headline":"ABIRVALQ","datePublished":"2015-10-28T13:54:37+00:00","mainEntityOfPage":{"@id":"https:\/\/www.meydan.tv\/az\/article\/abirvalq\/"},"wordCount":1789,"publisher":{"@id":"https:\/\/www.meydan.tv\/az\/#organization"},"image":{"@id":"https:\/\/www.meydan.tv\/az\/article\/abirvalq\/#primaryimage"},"thumbnailUrl":"https:\/\/www.meydan.tv\/wp-content\/uploads\/13678.jpg","articleSection":["M\u0259nim Fikrimc\u0259"],"inLanguage":"az"},{"@type":"WebPage","@id":"https:\/\/www.meydan.tv\/az\/article\/abirvalq\/","url":"https:\/\/www.meydan.tv\/az\/article\/abirvalq\/","name":"ABIRVALQ - MEYDAN.TV","isPartOf":{"@id":"https:\/\/www.meydan.tv\/az\/#website"},"primaryImageOfPage":{"@id":"https:\/\/www.meydan.tv\/az\/article\/abirvalq\/#primaryimage"},"image":{"@id":"https:\/\/www.meydan.tv\/az\/article\/abirvalq\/#primaryimage"},"thumbnailUrl":"https:\/\/www.meydan.tv\/wp-content\/uploads\/13678.jpg","datePublished":"2015-10-28T13:54:37+00:00","breadcrumb":{"@id":"https:\/\/www.meydan.tv\/az\/article\/abirvalq\/#breadcrumb"},"inLanguage":"az","potentialAction":[{"@type":"ReadAction","target":["https:\/\/www.meydan.tv\/az\/article\/abirvalq\/"]}]},{"@type":"ImageObject","inLanguage":"az","@id":"https:\/\/www.meydan.tv\/az\/article\/abirvalq\/#primaryimage","url":"https:\/\/www.meydan.tv\/wp-content\/uploads\/13678.jpg","contentUrl":"https:\/\/www.meydan.tv\/wp-content\/uploads\/13678.jpg","width":360,"height":360,"caption":"Source:"},{"@type":"BreadcrumbList","@id":"https:\/\/www.meydan.tv\/az\/article\/abirvalq\/#breadcrumb","itemListElement":[{"@type":"ListItem","position":1,"name":"Ana s\u0259hif\u0259","item":"https:\/\/www.meydan.tv\/az\/"},{"@type":"ListItem","position":2,"name":"M\u0259nim Fikrimc\u0259","item":"https:\/\/www.meydan.tv\/az\/section\/menim-fikrimce\/"},{"@type":"ListItem","position":3,"name":"ABIRVALQ"}]},{"@type":"WebSite","@id":"https:\/\/www.meydan.tv\/az\/#website","url":"https:\/\/www.meydan.tv\/az\/","name":"MEYDAN.TV","description":"Meydan TV Az\u0259rbaycan\u0131n media m\u0259kan\u0131ndak\u0131 alternativ s\u0259sidir","publisher":{"@id":"https:\/\/www.meydan.tv\/az\/#organization"},"potentialAction":[{"@type":"SearchAction","target":{"@type":"EntryPoint","urlTemplate":"https:\/\/www.meydan.tv\/az\/?s={search_term_string}"},"query-input":{"@type":"PropertyValueSpecification","valueRequired":true,"valueName":"search_term_string"}}],"inLanguage":"az"},{"@type":"Organization","@id":"https:\/\/www.meydan.tv\/az\/#organization","name":"Meydan TV","url":"https:\/\/www.meydan.tv\/az\/","logo":{"@type":"ImageObject","inLanguage":"az","@id":"https:\/\/www.meydan.tv\/az\/#\/schema\/logo\/image\/","url":"https:\/\/www.meydan.tv\/wp-content\/uploads\/2021\/07\/meydan-logo.svg","contentUrl":"https:\/\/www.meydan.tv\/wp-content\/uploads\/2021\/07\/meydan-logo.svg","width":195,"height":46,"caption":"Meydan TV"},"image":{"@id":"https:\/\/www.meydan.tv\/az\/#\/schema\/logo\/image\/"}},{"@type":"Person","@id":"https:\/\/www.meydan.tv\/az\/#\/schema\/person\/10d11eccf6da3662cf5fdab9806ea91a","name":"user-manager"}]}},"_links":{"self":[{"href":"https:\/\/www.meydan.tv\/az\/wp-json\/wp\/v2\/posts\/170698","targetHints":{"allow":["GET"]}}],"collection":[{"href":"https:\/\/www.meydan.tv\/az\/wp-json\/wp\/v2\/posts"}],"about":[{"href":"https:\/\/www.meydan.tv\/az\/wp-json\/wp\/v2\/types\/post"}],"author":[{"embeddable":true,"href":"https:\/\/www.meydan.tv\/az\/wp-json\/wp\/v2\/users\/11"}],"replies":[{"embeddable":true,"href":"https:\/\/www.meydan.tv\/az\/wp-json\/wp\/v2\/comments?post=170698"}],"version-history":[{"count":0,"href":"https:\/\/www.meydan.tv\/az\/wp-json\/wp\/v2\/posts\/170698\/revisions"}],"wp:featuredmedia":[{"embeddable":true,"href":"https:\/\/www.meydan.tv\/az\/wp-json\/wp\/v2\/media\/36564"}],"wp:attachment":[{"href":"https:\/\/www.meydan.tv\/az\/wp-json\/wp\/v2\/media?parent=170698"}],"wp:term":[{"taxonomy":"category","embeddable":true,"href":"https:\/\/www.meydan.tv\/az\/wp-json\/wp\/v2\/categories?post=170698"},{"taxonomy":"post_tag","embeddable":true,"href":"https:\/\/www.meydan.tv\/az\/wp-json\/wp\/v2\/tags?post=170698"}],"curies":[{"name":"wp","href":"https:\/\/api.w.org\/{rel}","templated":true}]}}