{"id":170688,"date":"2015-10-28T00:52:15","date_gmt":"2015-10-28T00:52:15","guid":{"rendered":"https:\/\/www.meydan.tv\/article\/azerbaycanda-bir-secici-var\/"},"modified":"2015-10-28T00:52:15","modified_gmt":"2015-10-28T00:52:15","slug":"azerbaycanda-bir-secici-var","status":"publish","type":"post","link":"https:\/\/www.meydan.tv\/az\/article\/azerbaycanda-bir-secici-var\/","title":{"rendered":"Az\u0259rbaycanda bir se\u00e7ici var"},"content":{"rendered":"<figure class=\"wp-block-image size-large\">\n  <img decoding=\"async\" src=\"https:\/\/www.meydan.tv\/az\/36524\/\" alt=\"\" class=\"wp-image-36524\"\/><figcaption><\/figcaption><\/figure>\n<figure class=\"wp-block-image size-large\">\n  <img decoding=\"async\" src=\"https:\/\/www.meydan.tv\/az\/36528\/\" alt=\"\" class=\"wp-image-36528\"\/><figcaption><\/figcaption><\/figure>\n<p>\n  &#8220;Az\u0259rbaycanda hakimiyy\u0259tin m\u0259nb\u0259yi xalqd\u0131r.&#8221; Heyd\u0259r \u018fliyev\n<\/p>\n<p>\n  Bu c\u00fcml\u0259 Milli M\u0259clisin sayt\u0131n\u0131n Ana s\u0259hif\u0259sind\u0259 yaz\u0131l\u0131b.\n<\/p>\n<p>\n  T\u0259kpartiyal\u0131 sistem nec\u0259 olur? 21-ci \u0259srd\u0259 t\u0259kpartiyal\u0131 sisteml\u0259r \u00e7oxpartiyal\u0131 sistemin imitasiyas\u0131 il\u0259 m\u0259\u015f\u011fuldurlar. Az\u0259rbaycanda qeydiyyatdan ke\u00e7mi\u015f partiyalar\u0131n say\u0131 55 olsa da, he\u00e7 5 partiya da g\u00f6z\u0259 d\u0259ymir. T\u0259kpartiyal\u0131 sistem az qala d\u00f6vl\u0259t siyas\u0259ti olaraq q\u0259bul edilib. B\u0259rab\u0259r\u015f\u0259raitli r\u0259qab\u0259t m\u00fchitinin olmad\u0131\u011f\u0131 siyasi m\u00fcbariz\u0259d\u0259 \u00e7oxpartiyal\u0131l\u0131q ola bilm\u0259z. M\u00fcxalif\u0259t partiyalar\u0131n\u0131n liderl\u0259ri faktiki dissident h\u0259yat\u0131 ya\u015fay\u0131r. Siyasi, ictimai f\u0259all\u0131q g\u00f6st\u0259r\u0259n muxalifl\u0259rin h\u0259bsd\u0259 oldu\u011fu \u00f6lk\u0259d\u0259 m\u0259nb\u0259yi xalq olan h\u00f6k\u00fcm\u0259td\u0259n s\u00f6z ged\u0259 bilm\u0259z.\n<\/p>\n<p>\n  2010-2015 ill\u0259r aras\u0131nda Milli M\u0259clis adlanan qurumdan n\u0259 x\u0259b\u0259rl\u0259r ald\u0131q, yenid\u0259n xatiriniz\u0259 salmaq ist\u0259dim.\n<\/p>\n<p>\n  \u018fn yadda qalan bir ne\u00e7\u0259 hadis\u0259ni sadalayaq, ke\u00e7\u0259k m\u0259tl\u0259b\u0259.\n<\/p>\n<p>\n  1) \u201cG\u00fcl\u0259rgeyt\u201d; El\u015fad Abdullayevin videolar\u0131nda g\u00f6rd\u00fck ki, Milli M\u0259clis\u0259 se\u00e7ilm\u0259k \u00fc\u00e7\u00fcn h\u00f6k\u00fcm\u0259tin siyah\u0131s\u0131nda yer almaq laz\u0131md\u0131r. Siyah\u0131ya d\u00fc\u015fm\u0259k \u00fc\u00e7\u00fcn k\u00fclli miqdarda pulundan ke\u00e7m\u0259li, \u00f6z\u00fcn\u00fc h\u00f6k\u00fcm\u0259t\u0259 qar\u015f\u0131 &#8220;a\u011f\u0131ll\u0131&#8221; aparmal\u0131san. Bu hadis\u0259d\u0259 \u0259n diqq\u0259t \u00e7\u0259k\u0259n m\u0259qam \u00e7amadan\u0131n &#8220;atvyorka&#8221; il\u0259 a\u00e7\u0131lmas\u0131 oldu. Sosial \u015f\u0259b\u0259k\u0259l\u0259rd\u0259 m\u0259s\u0259l\u0259nin bu x\u0131rda hiss\u0259sind\u0259n \u00e7ox yaz\u0131ld\u0131, la\u011f edildi v\u0259 s.\n<\/p>\n<p>\n  2) S\u0259sverm\u0259; 2013-c\u00fc ild\u0259 Milli M\u0259clisd\u0259 hans\u0131sa qanunun q\u0259bulu il\u0259 ba\u011fl\u0131 s\u0259sverm\u0259d\u0259 deputatlar zalda olmayan h\u0259mkarlar\u0131n\u0131n \u0259v\u0259zind\u0259n s\u0259s verirdil\u0259r. Bu anlar is\u0259 foto v\u0259 video faktlarla ictimaiyy\u0259t\u0259 \u00e7atd\u0131r\u0131ld\u0131. Bu bar\u0259d\u0259 Milli M\u0259clis he\u00e7 bir a\u00e7\u0131qlama verm\u0259di. H\u0259min deputatlarn da buna g\u00f6r\u0259 n\u0259 qanun qar\u015f\u0131s\u0131nda, n\u0259 d\u0259 se\u00e7icil\u0259ri qar\u015f\u0131s\u0131nda cavab verm\u0259sini g\u00f6rm\u0259dik.\n<\/p>\n<p>\n  3) \u201cMolotov kotleti\u201d; Nida\u00e7\u0131lar\u0131n h\u0259bsind\u0259n sonra b\u00fct\u00fcn h\u00f6k\u00fcm\u0259t r\u0259smil\u0259ri g\u0259ncl\u0259rin h\u0259bsin\u0259 haqq qazand\u0131rmaq \u00fc\u00e7\u00fcn min hoqqadan \u00e7\u0131x\u0131rd\u0131lar. \u018fslind\u0259, \u00e7oxunun mara\u011f\u0131nda olan \u015fey h\u00f6k\u00fcm\u0259tin haql\u0131 oldu\u011funu h\u0259r yerd\u0259 dey\u0259r\u0259k &#8220;b\u00f6y\u00fckl\u0259r&#8221; qar\u015f\u0131s\u0131nda \u00fcz\u00fca\u011f olmaq idi. Bunlardan biri d\u0259 YAP deputat\u0131 Siyavu\u015f Novruzov idi. Milli M\u0259clisd\u0259ki \u00e7\u0131x\u0131\u015f\u0131nda &#8220;molotov kokteyli&#8221; \u0259v\u0259zin\u0259 &#8220;molotov kotleti&#8221; ifad\u0259si i\u015fl\u0259tdi. Bu, sosial \u015f\u0259b\u0259k\u0259l\u0259rd\u0259 \u0259n \u00e7ox t\u0259nqid olunan, m\u00fc\u0259lifinin la\u011fa qoyuldu\u011fu hadis\u0259 oldu.\n<\/p>\n<p>\n  \u018fslind\u0259, bu siyah\u0131n\u0131 art\u0131rmaq olar. Son 5 il Az\u0259rbaycan \u00fc\u00e7\u00fcn \u00e7ox a\u011f\u0131r ke\u00e7ib. 2011-ci ild\u0259 20-\u0259 yax\u0131n siyasi f\u0259al h\u0259bs olunub v\u0259 haz\u0131rda 100-\u0259 yax\u0131n siyasi m\u0259hbus var. H\u0259r d\u0259f\u0259 h\u0259bsl\u0259r olark\u0259n Milli M\u0259clisd\u0259n he\u00e7 d\u0259 milli olmayan nitql\u0259r s\u0259sl\u0259ndi. Muxalif\u0259t d\u00fc\u015f\u0259rg\u0259sin\u0259 d\u00fc\u015fm\u0259n g\u00f6z\u00fc il\u0259 baxan deputatlar\u0131n oldu\u011fu Milli M\u0259clis\u0259 se\u00e7kil\u0259r bu il d\u0259 ke\u00e7iril\u0259c\u0259k. \u00d6lk\u0259d\u0259 se\u00e7ki abu-havas\u0131 yoxdur. Milli \u015eura se\u00e7kini boykot edir. Nida da i\u015ftirakdan bu g\u00fcn imtina etdi. Musavat, ReAl se\u00e7kiy\u0259 qat\u0131lmaq bar\u0259d\u0259 q\u0259rar vers\u0259l\u0259r d\u0259, namiz\u0259dl\u0259rinin suni \u015f\u0259kild\u0259 qeyd\u0259 al\u0131nmamas\u0131, imzatoplayanlar\u0131n\u0131n h\u0259bs olunmas\u0131 v\u0259 s. faktlar dem\u0259y\u0259 \u0259sas verir ki, onlardan he\u00e7 biri &#8220;se\u00e7il\u0259&#8221; bilm\u0259y\u0259c\u0259k.\n<\/p>\n<p>\n  Musavat partiyas\u0131 70 n\u0259f\u0259rl\u0259 se\u00e7kiy\u0259 qat\u0131lacaqd\u0131. Onlardan yaln\u0131z 23 n\u0259f\u0259rinin namiz\u0259dliyi qeyd\u0259 al\u0131nd\u0131. Dig\u0259rl\u0259rinin namiz\u0259dliyi is\u0259 m\u00fcxt\u0259lif mane\u0259l\u0259rl\u0259 qeyd\u0259 al\u0131nmad\u0131. M\u00fcsavat partiyas\u0131n\u0131n da se\u00e7kini boykot etm\u0259si ictimaiyy\u0259td\u0259 m\u00fczakir\u0259 olunur. Yax\u0131n g\u00fcnl\u0259rd\u0259 bu bar\u0259d\u0259 yekun q\u0259rar veril\u0259c\u0259yini \u00fcmid edir\u0259m.\n<\/p>\n<p>\n  Bu ay Q\u0131r\u011f\u0131z\u0131standa da parlament se\u00e7kil\u0259ri ke\u00e7irildi. Se\u00e7icil\u0259rin 60%-d\u0259n \u00e7oxunun i\u015ftirak\u0131 il\u0259 ke\u00e7iril\u0259n se\u00e7kid\u0259 hakim partiya qalib g\u0259ldi. Orada diqq\u0259t \u00e7\u0259k\u0259n m\u0259qam is\u0259 s\u0259sverm\u0259d\u0259ki n\u0259tic\u0259l\u0259rdir. Bel\u0259 ki, hakim partiya sad\u0259c\u0259 v\u0259 sad\u0259c\u0259 27,45% s\u0259sl\u0259 qalib g\u0259lib. Ondan sonrak\u0131 ard\u0131c\u0131ll\u0131q is\u0259 bel\u0259dir: 20,13%, 12,81%, 9,3%, 8,44%, 7,74%.\n<\/p>\n<p>\n  Az\u0259rbaycanda is\u0259 son parlament se\u00e7kil\u0259rind\u0259ki r\u0259q\u0259m bel\u0259dir: YAP: 57,6%. Dig\u0259rl\u0259ri bar\u0259d\u0259 m\u0259lumat \u0259ld\u0259 ed\u0259 bilm\u0259dim.\n<\/p>\n<p>\n  Az\u0259rbaycan se\u00e7ici f\u0259all\u0131\u011f\u0131 is\u0259 50%-i ke\u00e7mir. Son prezident se\u00e7kil\u0259rind\u0259 70%-in i\u015ftirak etdiyi yaz\u0131lsa da, bu m\u00fcmk\u00fcn deyil. \u00d6z\u00fcm\u00fcn m\u00fc\u015fahid\u0259\u00e7i oldu\u011fum m\u0259nt\u0259q\u0259d\u0259 se\u00e7ici f\u0259all\u0131\u011f\u0131 40%-i ke\u00e7m\u0259zdi. Parlament se\u00e7kil\u0259rind\u0259 f\u0259all\u0131\u011fa dair r\u0259smi r\u0259q\u0259ml\u0259rd\u0259 is\u0259 durum bel\u0259dir: 2005-42,2%, 2010-49,83%. Q\u0131r\u011f\u0131z\u0131standa is\u0259 60%-d\u0259n \u00e7ox se\u00e7ici fa\u0259ll\u0131\u011f\u0131 olub. 50%-i ke\u00e7m\u0259y\u0259n se\u00e7ici f\u0259all\u0131\u011f\u0131 da yaland\u0131r. Karusel \u0259m\u0259liyyat\u0131n\u0131 n\u0259z\u0259r\u0259 alsaq, he\u00e7 30% d\u0259 deyil. \u00c7ox t\u0259\u0259s\u00fcfl\u0259r olsun ki, Az\u0259rbaycanda bel\u0259 bir t\u0259\u015fkilat yoxdur ki, real r\u0259q\u0259ml\u0259ri biz\u0259 \u00e7atd\u0131rs\u0131n. Demokratik \u0259n\u0259n\u0259si olan h\u0259r \u00f6lk\u0259d\u0259 bir ne\u00e7\u0259 bel\u0259 t\u0259\u015fkilat var.\n<\/p>\n<p>\n  M\u0259s\u0259l\u0259 Q\u0131r\u011f\u0131z\u0131standa ke\u00e7iril\u0259n se\u00e7kid\u0259ki demokratik olub-olmamas\u0131 deyil. Ki, beyn\u0259lxalq t\u0259\u015fkilatlar se\u00e7kid\u0259 saxtakarl\u0131qlar\u0131n olmad\u0131\u011f\u0131n\u0131 deyirl\u0259r. Lakin, xalq\u0131n avtoritar bir partiyan\u0131 se\u00e7m\u0259sin\u0259 t\u0259\u0259cc\u00fcbl\u0259nirl\u0259r. Rusiya t\u0259r\u0259fdar\u0131 olan Almazbek Atambayevin partiyas\u0131n\u0131n n\u00fcfuzlu olmas\u0131ndan getmir s\u00f6hb\u0259t. S\u00f6hb\u0259t xalq\u0131n demokratik \u0259n\u0259n\u0259l\u0259rd\u0259n \u00e7ox uzaqda olmas\u0131n\u0131 g\u00f6st\u0259rir.\n<\/p>\n<p>\n  &#8220;Onsuz da se\u00e7il\u0259c\u0259kl\u0259r&#8221; deyimi onlarda da bizd\u0259ki q\u0259d\u0259r aktuald\u0131r. Xalq\u0131n se\u00e7ki il\u0259 ba\u011fl\u0131 fikri yoxdur. \u0130nanm\u0131rlar ki, se\u00e7ki il\u0259 h\u00f6k\u00fcm\u0259t d\u0259yi\u015f\u0259 bil\u0259r. Bizim prezidentimiz sabah bir tv-d\u0259 \u00e7\u0131x\u0131b des\u0259 ki, parlament se\u00e7kil\u0259rinin demokratik ke\u00e7irilm\u0259sin\u0259 s\u00f6z verir, yen\u0259 d\u0259 xalq se\u00e7kid\u0259 f\u0259al i\u015ftirak etm\u0259y\u0259c\u0259k. \u018fn\u0259n\u0259 yoxdur. Rejim xalq\u0131 bu \u0259n\u0259n\u0259d\u0259n d\u0259 uzaqda saxlay\u0131b. \u0130st\u0259yin\u0259 \u00e7at\u0131b v\u0259 xalq se\u00e7ki dey\u0259 bir f\u0131r\u0131ldaqda i\u015ftirak etmir. Ona g\u00f6r\u0259 karusel \u0259m\u0259liyyat\u0131na ehtiyac olmayacaq bu ilki se\u00e7kid\u0259.\n<\/p>\n<p>\n  2015-2020-ci ill\u0259r aras\u0131nda da Milli M\u0259clisd\u0259n he\u00e7 n\u0259 g\u00f6zl\u0259mirik. \u00d6n\u00fcm\u00fczd\u0259ki 5 ild\u0259, arxada qoydu\u011fumuz 5 ild\u0259kind\u0259n da biab\u0131r\u00e7\u0131 bir Milli M\u0259clis bizi g\u00f6zl\u0259yir. Deputat Qalib Salahzad\u0259nin B\u0259l\u0259diyy\u0259 se\u00e7kil\u0259rind\u0259 dediyi s\u00f6z\u00fc xat\u0131rlad\u0131m; &#8220;Bizim Sabun\u00e7u rayonunu g\u00f6t\u00fcr\u0259k. B\u0259l\u0259diyy\u0259l\u0259rin ham\u0131s\u0131 indid\u0259n se\u00e7ilib. Camaata da deyirl\u0259r, g\u0259lib s\u0259s versinl\u0259r.&#8221; Qalib Salahzad\u0259, \u015eeyx\u00fclislam Allah\u015f\u00fck\u00fcr Pa\u015fazad\u0259nin qudas\u0131d\u0131r.<br \/>\n  \n<\/p>\n<p>\n  \u201cG\u00fcl\u0259rgeyt\u201dd\u0259 bel\u0259 bir c\u00fcml\u0259 var idi; &#8220;\u00d6lk\u0259d\u0259 bir se\u00e7ici var&#8221;. Bir n\u0259f\u0259rin se\u00e7ici oldu\u011fu \u00f6lk\u0259d\u0259 demokratiyadan s\u00f6hb\u0259t bel\u0259 ged\u0259 bilm\u0259z. N\u00f6vb\u0259ti be\u015f ild\u0259 m\u00fcsb\u0259t\u0259 do\u011fru d\u0259yi\u015fikliyin olaca\u011f\u0131n\u0131 g\u00f6zl\u0259m\u0259k bir yana, bu bar\u0259d\u0259 he\u00e7 d\u00fc\u015f\u00fcnm\u00fcr\u00fck. Milli M\u0259clis \u00e7oxdan milliliyini itirib.<\/p>\n","protected":false},"excerpt":{"rendered":"<p>Karusel \u0259m\u0259liyyat\u0131na ehtiyac olmayacaq<\/p>\n","protected":false},"author":11,"featured_media":36524,"comment_status":"closed","ping_status":"open","sticky":false,"template":"","format":"standard","meta":{"_acf_changed":false,"_sitemap_exclude":false,"_sitemap_priority":"","_sitemap_frequency":"","footnotes":""},"categories":[57],"tags":[],"class_list":["post-170688","post","type-post","status-publish","format-standard","has-post-thumbnail","hentry","category-menim-fikrimce","infinite-scroll-item","generate-columns","tablet-grid-50","mobile-grid-100","grid-parent","grid-33","no-featured-image-padding"],"acf":[],"yoast_head":"<!-- This site is optimized with the Yoast SEO plugin v27.5 - https:\/\/yoast.com\/product\/yoast-seo-wordpress\/ -->\n<title>Az\u0259rbaycanda bir se\u00e7ici var - MEYDAN.TV<\/title>\n<meta name=\"robots\" content=\"index, follow, max-snippet:-1, max-image-preview:large, max-video-preview:-1\" \/>\n<link rel=\"canonical\" href=\"https:\/\/www.meydan.tv\/az\/article\/azerbaycanda-bir-secici-var\/\" \/>\n<meta property=\"og:locale\" content=\"az_AZ\" \/>\n<meta property=\"og:type\" content=\"article\" \/>\n<meta property=\"og:title\" content=\"Az\u0259rbaycanda bir se\u00e7ici var - MEYDAN.TV\" \/>\n<meta property=\"og:description\" content=\"Karusel \u0259m\u0259liyyat\u0131na ehtiyac olmayacaq\" \/>\n<meta property=\"og:url\" content=\"https:\/\/www.meydan.tv\/az\/article\/azerbaycanda-bir-secici-var\/\" \/>\n<meta property=\"og:site_name\" content=\"MEYDAN.TV\" \/>\n<meta property=\"article:published_time\" content=\"2015-10-28T00:52:15+00:00\" \/>\n<meta property=\"og:image\" content=\"https:\/\/www.meydan.tv\/wp-content\/uploads\/13666.jpg\" \/>\n\t<meta property=\"og:image:width\" content=\"500\" \/>\n\t<meta property=\"og:image:height\" content=\"500\" \/>\n\t<meta property=\"og:image:type\" content=\"image\/jpeg\" \/>\n<meta name=\"author\" content=\"user-manager\" \/>\n<meta name=\"twitter:card\" content=\"summary_large_image\" \/>\n<script type=\"application\/ld+json\" class=\"yoast-schema-graph\">{\"@context\":\"https:\\\/\\\/schema.org\",\"@graph\":[{\"@type\":\"Article\",\"@id\":\"https:\\\/\\\/www.meydan.tv\\\/az\\\/article\\\/azerbaycanda-bir-secici-var\\\/#article\",\"isPartOf\":{\"@id\":\"https:\\\/\\\/www.meydan.tv\\\/az\\\/article\\\/azerbaycanda-bir-secici-var\\\/\"},\"author\":{\"name\":\"user-manager\",\"@id\":\"https:\\\/\\\/www.meydan.tv\\\/az\\\/#\\\/schema\\\/person\\\/10d11eccf6da3662cf5fdab9806ea91a\"},\"headline\":\"Az\u0259rbaycanda bir se\u00e7ici var\",\"datePublished\":\"2015-10-28T00:52:15+00:00\",\"mainEntityOfPage\":{\"@id\":\"https:\\\/\\\/www.meydan.tv\\\/az\\\/article\\\/azerbaycanda-bir-secici-var\\\/\"},\"wordCount\":1291,\"publisher\":{\"@id\":\"https:\\\/\\\/www.meydan.tv\\\/az\\\/#organization\"},\"image\":{\"@id\":\"https:\\\/\\\/www.meydan.tv\\\/az\\\/article\\\/azerbaycanda-bir-secici-var\\\/#primaryimage\"},\"thumbnailUrl\":\"https:\\\/\\\/www.meydan.tv\\\/wp-content\\\/uploads\\\/13666.jpg\",\"articleSection\":[\"M\u0259nim Fikrimc\u0259\"],\"inLanguage\":\"az\"},{\"@type\":\"WebPage\",\"@id\":\"https:\\\/\\\/www.meydan.tv\\\/az\\\/article\\\/azerbaycanda-bir-secici-var\\\/\",\"url\":\"https:\\\/\\\/www.meydan.tv\\\/az\\\/article\\\/azerbaycanda-bir-secici-var\\\/\",\"name\":\"Az\u0259rbaycanda bir se\u00e7ici var - MEYDAN.TV\",\"isPartOf\":{\"@id\":\"https:\\\/\\\/www.meydan.tv\\\/az\\\/#website\"},\"primaryImageOfPage\":{\"@id\":\"https:\\\/\\\/www.meydan.tv\\\/az\\\/article\\\/azerbaycanda-bir-secici-var\\\/#primaryimage\"},\"image\":{\"@id\":\"https:\\\/\\\/www.meydan.tv\\\/az\\\/article\\\/azerbaycanda-bir-secici-var\\\/#primaryimage\"},\"thumbnailUrl\":\"https:\\\/\\\/www.meydan.tv\\\/wp-content\\\/uploads\\\/13666.jpg\",\"datePublished\":\"2015-10-28T00:52:15+00:00\",\"breadcrumb\":{\"@id\":\"https:\\\/\\\/www.meydan.tv\\\/az\\\/article\\\/azerbaycanda-bir-secici-var\\\/#breadcrumb\"},\"inLanguage\":\"az\",\"potentialAction\":[{\"@type\":\"ReadAction\",\"target\":[\"https:\\\/\\\/www.meydan.tv\\\/az\\\/article\\\/azerbaycanda-bir-secici-var\\\/\"]}]},{\"@type\":\"ImageObject\",\"inLanguage\":\"az\",\"@id\":\"https:\\\/\\\/www.meydan.tv\\\/az\\\/article\\\/azerbaycanda-bir-secici-var\\\/#primaryimage\",\"url\":\"https:\\\/\\\/www.meydan.tv\\\/wp-content\\\/uploads\\\/13666.jpg\",\"contentUrl\":\"https:\\\/\\\/www.meydan.tv\\\/wp-content\\\/uploads\\\/13666.jpg\",\"width\":500,\"height\":500,\"caption\":\"Source:\"},{\"@type\":\"BreadcrumbList\",\"@id\":\"https:\\\/\\\/www.meydan.tv\\\/az\\\/article\\\/azerbaycanda-bir-secici-var\\\/#breadcrumb\",\"itemListElement\":[{\"@type\":\"ListItem\",\"position\":1,\"name\":\"Ana s\u0259hif\u0259\",\"item\":\"https:\\\/\\\/www.meydan.tv\\\/az\\\/\"},{\"@type\":\"ListItem\",\"position\":2,\"name\":\"M\u0259nim Fikrimc\u0259\",\"item\":\"https:\\\/\\\/www.meydan.tv\\\/az\\\/section\\\/menim-fikrimce\\\/\"},{\"@type\":\"ListItem\",\"position\":3,\"name\":\"Az\u0259rbaycanda bir se\u00e7ici var\"}]},{\"@type\":\"WebSite\",\"@id\":\"https:\\\/\\\/www.meydan.tv\\\/az\\\/#website\",\"url\":\"https:\\\/\\\/www.meydan.tv\\\/az\\\/\",\"name\":\"MEYDAN.TV\",\"description\":\"Meydan TV Az\u0259rbaycan\u0131n media m\u0259kan\u0131ndak\u0131 alternativ s\u0259sidir\",\"publisher\":{\"@id\":\"https:\\\/\\\/www.meydan.tv\\\/az\\\/#organization\"},\"potentialAction\":[{\"@type\":\"SearchAction\",\"target\":{\"@type\":\"EntryPoint\",\"urlTemplate\":\"https:\\\/\\\/www.meydan.tv\\\/az\\\/?s={search_term_string}\"},\"query-input\":{\"@type\":\"PropertyValueSpecification\",\"valueRequired\":true,\"valueName\":\"search_term_string\"}}],\"inLanguage\":\"az\"},{\"@type\":\"Organization\",\"@id\":\"https:\\\/\\\/www.meydan.tv\\\/az\\\/#organization\",\"name\":\"Meydan TV\",\"url\":\"https:\\\/\\\/www.meydan.tv\\\/az\\\/\",\"logo\":{\"@type\":\"ImageObject\",\"inLanguage\":\"az\",\"@id\":\"https:\\\/\\\/www.meydan.tv\\\/az\\\/#\\\/schema\\\/logo\\\/image\\\/\",\"url\":\"https:\\\/\\\/www.meydan.tv\\\/wp-content\\\/uploads\\\/2021\\\/07\\\/meydan-logo.svg\",\"contentUrl\":\"https:\\\/\\\/www.meydan.tv\\\/wp-content\\\/uploads\\\/2021\\\/07\\\/meydan-logo.svg\",\"width\":195,\"height\":46,\"caption\":\"Meydan TV\"},\"image\":{\"@id\":\"https:\\\/\\\/www.meydan.tv\\\/az\\\/#\\\/schema\\\/logo\\\/image\\\/\"}},{\"@type\":\"Person\",\"@id\":\"https:\\\/\\\/www.meydan.tv\\\/az\\\/#\\\/schema\\\/person\\\/10d11eccf6da3662cf5fdab9806ea91a\",\"name\":\"user-manager\"}]}<\/script>\n<!-- \/ Yoast SEO plugin. -->","yoast_head_json":{"title":"Az\u0259rbaycanda bir se\u00e7ici var - MEYDAN.TV","robots":{"index":"index","follow":"follow","max-snippet":"max-snippet:-1","max-image-preview":"max-image-preview:large","max-video-preview":"max-video-preview:-1"},"canonical":"https:\/\/www.meydan.tv\/az\/article\/azerbaycanda-bir-secici-var\/","og_locale":"az_AZ","og_type":"article","og_title":"Az\u0259rbaycanda bir se\u00e7ici var - MEYDAN.TV","og_description":"Karusel \u0259m\u0259liyyat\u0131na ehtiyac olmayacaq","og_url":"https:\/\/www.meydan.tv\/az\/article\/azerbaycanda-bir-secici-var\/","og_site_name":"MEYDAN.TV","article_published_time":"2015-10-28T00:52:15+00:00","og_image":[{"width":500,"height":500,"url":"https:\/\/www.meydan.tv\/wp-content\/uploads\/13666.jpg","type":"image\/jpeg"}],"author":"user-manager","twitter_card":"summary_large_image","schema":{"@context":"https:\/\/schema.org","@graph":[{"@type":"Article","@id":"https:\/\/www.meydan.tv\/az\/article\/azerbaycanda-bir-secici-var\/#article","isPartOf":{"@id":"https:\/\/www.meydan.tv\/az\/article\/azerbaycanda-bir-secici-var\/"},"author":{"name":"user-manager","@id":"https:\/\/www.meydan.tv\/az\/#\/schema\/person\/10d11eccf6da3662cf5fdab9806ea91a"},"headline":"Az\u0259rbaycanda bir se\u00e7ici var","datePublished":"2015-10-28T00:52:15+00:00","mainEntityOfPage":{"@id":"https:\/\/www.meydan.tv\/az\/article\/azerbaycanda-bir-secici-var\/"},"wordCount":1291,"publisher":{"@id":"https:\/\/www.meydan.tv\/az\/#organization"},"image":{"@id":"https:\/\/www.meydan.tv\/az\/article\/azerbaycanda-bir-secici-var\/#primaryimage"},"thumbnailUrl":"https:\/\/www.meydan.tv\/wp-content\/uploads\/13666.jpg","articleSection":["M\u0259nim Fikrimc\u0259"],"inLanguage":"az"},{"@type":"WebPage","@id":"https:\/\/www.meydan.tv\/az\/article\/azerbaycanda-bir-secici-var\/","url":"https:\/\/www.meydan.tv\/az\/article\/azerbaycanda-bir-secici-var\/","name":"Az\u0259rbaycanda bir se\u00e7ici var - MEYDAN.TV","isPartOf":{"@id":"https:\/\/www.meydan.tv\/az\/#website"},"primaryImageOfPage":{"@id":"https:\/\/www.meydan.tv\/az\/article\/azerbaycanda-bir-secici-var\/#primaryimage"},"image":{"@id":"https:\/\/www.meydan.tv\/az\/article\/azerbaycanda-bir-secici-var\/#primaryimage"},"thumbnailUrl":"https:\/\/www.meydan.tv\/wp-content\/uploads\/13666.jpg","datePublished":"2015-10-28T00:52:15+00:00","breadcrumb":{"@id":"https:\/\/www.meydan.tv\/az\/article\/azerbaycanda-bir-secici-var\/#breadcrumb"},"inLanguage":"az","potentialAction":[{"@type":"ReadAction","target":["https:\/\/www.meydan.tv\/az\/article\/azerbaycanda-bir-secici-var\/"]}]},{"@type":"ImageObject","inLanguage":"az","@id":"https:\/\/www.meydan.tv\/az\/article\/azerbaycanda-bir-secici-var\/#primaryimage","url":"https:\/\/www.meydan.tv\/wp-content\/uploads\/13666.jpg","contentUrl":"https:\/\/www.meydan.tv\/wp-content\/uploads\/13666.jpg","width":500,"height":500,"caption":"Source:"},{"@type":"BreadcrumbList","@id":"https:\/\/www.meydan.tv\/az\/article\/azerbaycanda-bir-secici-var\/#breadcrumb","itemListElement":[{"@type":"ListItem","position":1,"name":"Ana s\u0259hif\u0259","item":"https:\/\/www.meydan.tv\/az\/"},{"@type":"ListItem","position":2,"name":"M\u0259nim Fikrimc\u0259","item":"https:\/\/www.meydan.tv\/az\/section\/menim-fikrimce\/"},{"@type":"ListItem","position":3,"name":"Az\u0259rbaycanda bir se\u00e7ici var"}]},{"@type":"WebSite","@id":"https:\/\/www.meydan.tv\/az\/#website","url":"https:\/\/www.meydan.tv\/az\/","name":"MEYDAN.TV","description":"Meydan TV Az\u0259rbaycan\u0131n media m\u0259kan\u0131ndak\u0131 alternativ s\u0259sidir","publisher":{"@id":"https:\/\/www.meydan.tv\/az\/#organization"},"potentialAction":[{"@type":"SearchAction","target":{"@type":"EntryPoint","urlTemplate":"https:\/\/www.meydan.tv\/az\/?s={search_term_string}"},"query-input":{"@type":"PropertyValueSpecification","valueRequired":true,"valueName":"search_term_string"}}],"inLanguage":"az"},{"@type":"Organization","@id":"https:\/\/www.meydan.tv\/az\/#organization","name":"Meydan TV","url":"https:\/\/www.meydan.tv\/az\/","logo":{"@type":"ImageObject","inLanguage":"az","@id":"https:\/\/www.meydan.tv\/az\/#\/schema\/logo\/image\/","url":"https:\/\/www.meydan.tv\/wp-content\/uploads\/2021\/07\/meydan-logo.svg","contentUrl":"https:\/\/www.meydan.tv\/wp-content\/uploads\/2021\/07\/meydan-logo.svg","width":195,"height":46,"caption":"Meydan TV"},"image":{"@id":"https:\/\/www.meydan.tv\/az\/#\/schema\/logo\/image\/"}},{"@type":"Person","@id":"https:\/\/www.meydan.tv\/az\/#\/schema\/person\/10d11eccf6da3662cf5fdab9806ea91a","name":"user-manager"}]}},"_links":{"self":[{"href":"https:\/\/www.meydan.tv\/az\/wp-json\/wp\/v2\/posts\/170688","targetHints":{"allow":["GET"]}}],"collection":[{"href":"https:\/\/www.meydan.tv\/az\/wp-json\/wp\/v2\/posts"}],"about":[{"href":"https:\/\/www.meydan.tv\/az\/wp-json\/wp\/v2\/types\/post"}],"author":[{"embeddable":true,"href":"https:\/\/www.meydan.tv\/az\/wp-json\/wp\/v2\/users\/11"}],"replies":[{"embeddable":true,"href":"https:\/\/www.meydan.tv\/az\/wp-json\/wp\/v2\/comments?post=170688"}],"version-history":[{"count":0,"href":"https:\/\/www.meydan.tv\/az\/wp-json\/wp\/v2\/posts\/170688\/revisions"}],"wp:featuredmedia":[{"embeddable":true,"href":"https:\/\/www.meydan.tv\/az\/wp-json\/wp\/v2\/media\/36524"}],"wp:attachment":[{"href":"https:\/\/www.meydan.tv\/az\/wp-json\/wp\/v2\/media?parent=170688"}],"wp:term":[{"taxonomy":"category","embeddable":true,"href":"https:\/\/www.meydan.tv\/az\/wp-json\/wp\/v2\/categories?post=170688"},{"taxonomy":"post_tag","embeddable":true,"href":"https:\/\/www.meydan.tv\/az\/wp-json\/wp\/v2\/tags?post=170688"}],"curies":[{"name":"wp","href":"https:\/\/api.w.org\/{rel}","templated":true}]}}