{"id":170640,"date":"2015-10-26T15:28:42","date_gmt":"2015-10-26T15:28:42","guid":{"rendered":"https:\/\/www.meydan.tv\/article\/banklar-ve-bizimkiler\/"},"modified":"2015-10-26T15:28:42","modified_gmt":"2015-10-26T15:28:42","slug":"banklar-ve-bizimkiler","status":"publish","type":"post","link":"https:\/\/www.meydan.tv\/az\/article\/banklar-ve-bizimkiler\/","title":{"rendered":"Banklar v\u0259 bizimkil\u0259r"},"content":{"rendered":"<figure class=\"wp-block-image size-large\">\n  <img decoding=\"async\" src=\"https:\/\/www.meydan.tv\/az\/36368\/\" alt=\"\" class=\"wp-image-36368\"\/><figcaption><\/figcaption><\/figure>\n<figure class=\"wp-block-image size-large\">\n  <img decoding=\"async\" src=\"https:\/\/www.meydan.tv\/az\/36365\/\" alt=\"\" class=\"wp-image-36365\"\/><figcaption><\/figcaption><\/figure>\n<p>\n  Bank kreditl\u0259ri problemi b\u00fct\u00fcn G\u00fcrc\u00fcstan\u0131, x\u00fcsusil\u0259 d\u0259 az\u0259rbaycanl\u0131lar\u0131n s\u0131x ya\u015fad\u0131\u011f\u0131 Marneulini x\u0259r\u00e7\u0259ng kimi b\u00fcr\u00fcy\u00fcb. Burda insanlar r\u0259sm\u0259n banklar\u0131n \u0259sril\u0259rin\u0259 \u00e7evrilibl\u0259r. Bu b\u00f6lg\u0259d\u0259 problem ikqat a\u011f\u0131rd\u0131r. Indi bunun s\u0259b\u0259bini yazaca\u011fam.\n<\/p>\n<p>\n  Dem\u0259li, Marneuli dem\u0259k olar ki, G\u00fcrc\u00fcstanda \u0259hali ba\u015f\u0131na \u0259n \u00e7ox bank filliallar\u0131 v\u0259 lonbardlar\u0131n oldugu rayondur. H\u0259r k\u0259sin q\u0259bul el\u0259diyi bir h\u0259qiq\u0259t var ki, Marneuli pullu, \u0259halisi varl\u0131 rayondur. N\u0259z\u0259r\u0259 alsaq ki, rayonun r\u0259sm\u0259n \u0259halisinin 85% etnik Azerbaycanl\u0131lard\u0131r, o zaman m\u0259lum olur ki, bank kreditl\u0259rind\u0259n \u0259n \u00e7ox \u0259ziyy\u0259t \u00e7\u0259k\u0259n d\u0259 onlard\u0131r.\n<\/p>\n<p>\n  Problemin iki t\u0259r\u0259fi var. Birincisi, \u0259halinin b\u00f6y\u00fck qisminin s\u0259n\u0259d i\u015fl\u0259rind\u0259n ba\u015f\u0131 \u00e7\u0131xmamas\u0131, g\u00fcrc\u00fc dilini bilm\u0259m\u0259si. \u0130kinci d\u0259, bu bilgisizlikd\u0259n istifad\u0259 ed\u0259r\u0259k, bank\u0131n insanlar\u0131 istismar etm\u0259si. \u00dcst\u0259g\u0259l, bunlara susan d\u00f6vl\u0259t. Ad\u0131n\u0131 mill\u0259t v\u0259kili qoymu\u015f amma xalq\u0131n\u0131n haqq\u0131n\u0131n tapdanmas\u0131na g\u00f6z yuman deputatlar v\u0259 yerli m\u0259murlar.\n<\/p>\n<p>\n  \u018fhali o q\u0259d\u0259r sad\u0259l\u00f6vhd\u00fcr ki, h\u0259r \u015fey \u00fc\u00e7\u00fcn kredit\u0259 girir. Q\u0131za cehiz verm\u0259k \u00fc\u00e7\u00fcn, qon\u015funun ald\u0131\u011f\u0131 mebeld\u0259n almaq \u00fc\u00e7\u00fcn, ham\u0131da ma\u015f\u0131n var, onlarda niy\u0259 olmas\u0131n dey\u0259 h\u0259r \u015fey \u00fc\u00e7\u00fcn kredit\u0259 girirl\u0259r. He\u00e7 bir riski d\u00fc\u015f\u00fcnm\u0259d\u0259n, evini, torpa\u011f\u0131n\u0131, mal-qaras\u0131n\u0131 girov qoyur. \u00d6z\u00fcnd\u0259 olmayanda da qon\u015funun ma\u015f\u0131n\u0131n, mal-qaras\u0131n g\u00f6st\u0259rir. Bank m\u0259murlar\u0131 deyirl\u0259r ki, biz \u00e7ox vaxt bel\u0259 adamlar\u0131n yalan dediyini bilirik, amma \u00fcst\u00fcn vurmuruq. Onsuz da olan onlara olacaq, n\u0259tic\u0259d\u0259 onlar \u00f6d\u0259y\u0259c\u0259kl\u0259r krediti.\n<\/p>\n<p>\n  Daha pis olan \u015feyl\u0259rd\u0259n biri d\u0259 budur ki, insnalar \u00e7ox vaxt qohum-qon\u015funu, dostu-tan\u0131\u015f\u0131 \u00f6z\u00fcn\u0259 zamin g\u00f6st\u0259rir. Bir-biril\u0259rin\u0259 deyirl\u0259r ki, m\u0259n\u0259 \u201c\u015fahid\u201d dur. \u201c\u015eahid\u201d duran da anlam\u0131r ki, \u015fahidlikl\u0259 zamin durma\u011f\u0131n aras\u0131nda ciddi f\u0259rq var. Zamin duranda s\u0259n d\u0259 m\u0259suliyy\u0259t da\u015f\u0131y\u0131rsan, sabah o adam krediti \u00f6d\u0259y\u0259 bilm\u0259s\u0259, s\u0259n m\u0259cbur qalacaqsan \u00f6d\u0259m\u0259y\u0259. B\u0259z\u0259n bel\u0259 d\u0259 olur. Ayl\u0131q kredit verilm\u0259y\u0259nd\u0259 ya da gecik\u0259nd\u0259, banklar d\u00fc\u015f\u00fcr zamin duran\u0131n \u00fcst\u00fcn\u0259. N\u0259tic\u0259d\u0259 d\u0259 qon\u015fu, qohum, tayfa davas\u0131 ba\u015flay\u0131r.\n<\/p>\n<p>\n  D\u00fczd\u00fcr, bu da var ki, Az\u0259rbaycandak\u0131 kimi, kredit verilm\u0259y\u0259nd\u0259, adam g\u0259tirib, kredit verm\u0259li olan adam\u0131 d\u00f6yd\u00fcrm\u00fcrl\u0259r.\n<\/p>\n<p>\n  Probemin daha bir ciddi t\u0259r\u0259fi budur ki, \u0259halinin \u00e7oxu g\u00fcrc\u00fc dilini bilmir. Buna g\u00f6r\u0259 d\u0259 bankla aralar\u0131nda olan anla\u015fman\u0131 oxuya, \u015f\u0259rtl\u0259ri \u00f6yr\u0259n\u0259 bilmirl\u0259r. bilmirl\u0259r ki, faizi hans\u0131 \u015f\u0259rtl\u0259rl\u0259 \u00f6d\u0259y\u0259c\u0259kl\u0259r: infilyasiyadan dolay\u0131 illik faiz, illik effektiv faiz yoxsa nec\u0259. \u00d6zl\u0259ri dedikl\u0259ri kimi, el\u0259c\u0259n\u0259 imza at\u0131rlar v\u0259 n\u0259tic\u0259d\u0259 b\u0259\u0259zn 3 faiz \u0259v\u0259zin\u0259 25, b\u0259z\u0259n d\u0259 lap 40 faiz olur. Soru\u015fanda da deyirl\u0259r ki, daha n\u0259 ed\u0259k, imzalam\u0131\u015f\u0131q.\n<\/p>\n<p>\n  N\u0259tic\u0259d\u0259 d\u0259 bank qanlar\u0131n\u0131 sorur. H\u00fcquqi savads\u0131zl\u0131qdan dolay\u0131 bunu da bilmirl\u0259r ki, qanunla banklar\u0131 m\u0259hk\u0259m\u0259y\u0259 ver\u0259 v\u0259 anlamad\u0131qlar\u0131 dild\u0259 imza atd\u0131qlar\u0131 s\u0259n\u0259din m\u0259hk\u0259m\u0259 yolu il\u0259 etibars\u0131z say\u0131lmas\u0131na nail ola bil\u0259rl\u0259r. H\u0259tta t\u0259zminat da ala bil\u0259rl\u0259r. Banklar is\u0259 qanunsuz \u0259m\u0259liyyata g\u00f6r\u0259 c\u0259za ala bil\u0259rl\u0259r.\n<\/p>\n<p>\n  Maraql\u0131 da budur ki, banklar\u0131n v\u0259t\u0259nda\u015f\u0131n anlamad\u0131\u011f\u0131 dild\u0259 onunla m\u00fcqavil\u0259 ba\u011flamas\u0131na d\u00f6vl\u0259t g\u00f6z yumur, Marneulinin yerli QHT-l\u0259ri bununla ba\u011fl\u0131 he\u00e7 bir maarifl\u0259ndirici t\u0259dbirl\u0259r ke\u00e7irmir, insanlar\u0131 maarifl\u0259ndirmirl\u0259r. Mill\u0259t v\u0259kill\u0259ri v\u0259 m\u0259murlar, x\u00fcsusil\u0259 d\u0259, etnik Azerbaycanl\u0131 m\u0259murlar bu m\u0259s\u0259l\u0259ni problem kimi qald\u0131rm\u0131rlar. H\u0259mi\u015f\u0259 s\u0259l\u0259min g\u00fcnah oldu\u011funu ba\u011f\u0131ran dini qurumlar da bu m\u0259s\u0259l\u0259y\u0259 laqeyddirl\u0259r.\n<\/p>\n<p>\n  Niy\u0259? Bu m\u0259s\u0259l\u0259ni g\u00fcnd\u0259m\u0259 g\u0259tirm\u0259yin onlara xeyri yoxdur? B\u0259lk\u0259 icaz\u0259 veril\u0259n sah\u0259l\u0259rd\u0259n k\u0259nara \u00e7\u0131xma\u011fa qorxurlar?\n<\/p>\n<p>\n  <b><br \/>\n    Yaz\u0131 m\u00fc\u0259llifin \u015f\u0259xsi m\u00f6vqeyini \u0259ks etdirir&#8230;<br \/>\n  <\/b>\n<\/p><\/p>\n","protected":false},"excerpt":{"rendered":"<p>Zaminlikl\u0259 \u015fahidliyin f\u0259rqi<\/p>\n","protected":false},"author":11,"featured_media":36368,"comment_status":"closed","ping_status":"open","sticky":false,"template":"","format":"standard","meta":{"_acf_changed":false,"_sitemap_exclude":false,"_sitemap_priority":"","_sitemap_frequency":"","footnotes":""},"categories":[57],"tags":[],"class_list":["post-170640","post","type-post","status-publish","format-standard","has-post-thumbnail","hentry","category-menim-fikrimce","infinite-scroll-item","generate-columns","tablet-grid-50","mobile-grid-100","grid-parent","grid-33","no-featured-image-padding"],"acf":[],"yoast_head":"<!-- This site is optimized with the Yoast SEO plugin v27.5 - https:\/\/yoast.com\/product\/yoast-seo-wordpress\/ -->\n<title>Banklar v\u0259 bizimkil\u0259r - MEYDAN.TV<\/title>\n<meta name=\"robots\" content=\"index, follow, max-snippet:-1, max-image-preview:large, max-video-preview:-1\" \/>\n<link rel=\"canonical\" href=\"https:\/\/www.meydan.tv\/az\/article\/banklar-ve-bizimkiler\/\" \/>\n<meta property=\"og:locale\" content=\"az_AZ\" \/>\n<meta property=\"og:type\" content=\"article\" \/>\n<meta property=\"og:title\" content=\"Banklar v\u0259 bizimkil\u0259r - MEYDAN.TV\" \/>\n<meta property=\"og:description\" content=\"Zaminlikl\u0259 \u015fahidliyin f\u0259rqi\" \/>\n<meta property=\"og:url\" content=\"https:\/\/www.meydan.tv\/az\/article\/banklar-ve-bizimkiler\/\" \/>\n<meta property=\"og:site_name\" content=\"MEYDAN.TV\" \/>\n<meta property=\"article:published_time\" content=\"2015-10-26T15:28:42+00:00\" \/>\n<meta property=\"og:image\" content=\"https:\/\/www.meydan.tv\/wp-content\/uploads\/13606.jpg\" \/>\n\t<meta property=\"og:image:width\" content=\"500\" \/>\n\t<meta property=\"og:image:height\" content=\"500\" \/>\n\t<meta property=\"og:image:type\" content=\"image\/jpeg\" \/>\n<meta name=\"author\" content=\"user-manager\" \/>\n<meta name=\"twitter:card\" content=\"summary_large_image\" \/>\n<script type=\"application\/ld+json\" class=\"yoast-schema-graph\">{\"@context\":\"https:\\\/\\\/schema.org\",\"@graph\":[{\"@type\":\"Article\",\"@id\":\"https:\\\/\\\/www.meydan.tv\\\/az\\\/article\\\/banklar-ve-bizimkiler\\\/#article\",\"isPartOf\":{\"@id\":\"https:\\\/\\\/www.meydan.tv\\\/az\\\/article\\\/banklar-ve-bizimkiler\\\/\"},\"author\":{\"name\":\"user-manager\",\"@id\":\"https:\\\/\\\/www.meydan.tv\\\/az\\\/#\\\/schema\\\/person\\\/10d11eccf6da3662cf5fdab9806ea91a\"},\"headline\":\"Banklar v\u0259 bizimkil\u0259r\",\"datePublished\":\"2015-10-26T15:28:42+00:00\",\"mainEntityOfPage\":{\"@id\":\"https:\\\/\\\/www.meydan.tv\\\/az\\\/article\\\/banklar-ve-bizimkiler\\\/\"},\"wordCount\":746,\"publisher\":{\"@id\":\"https:\\\/\\\/www.meydan.tv\\\/az\\\/#organization\"},\"image\":{\"@id\":\"https:\\\/\\\/www.meydan.tv\\\/az\\\/article\\\/banklar-ve-bizimkiler\\\/#primaryimage\"},\"thumbnailUrl\":\"https:\\\/\\\/www.meydan.tv\\\/wp-content\\\/uploads\\\/13606.jpg\",\"articleSection\":[\"M\u0259nim Fikrimc\u0259\"],\"inLanguage\":\"az\"},{\"@type\":\"WebPage\",\"@id\":\"https:\\\/\\\/www.meydan.tv\\\/az\\\/article\\\/banklar-ve-bizimkiler\\\/\",\"url\":\"https:\\\/\\\/www.meydan.tv\\\/az\\\/article\\\/banklar-ve-bizimkiler\\\/\",\"name\":\"Banklar v\u0259 bizimkil\u0259r - MEYDAN.TV\",\"isPartOf\":{\"@id\":\"https:\\\/\\\/www.meydan.tv\\\/az\\\/#website\"},\"primaryImageOfPage\":{\"@id\":\"https:\\\/\\\/www.meydan.tv\\\/az\\\/article\\\/banklar-ve-bizimkiler\\\/#primaryimage\"},\"image\":{\"@id\":\"https:\\\/\\\/www.meydan.tv\\\/az\\\/article\\\/banklar-ve-bizimkiler\\\/#primaryimage\"},\"thumbnailUrl\":\"https:\\\/\\\/www.meydan.tv\\\/wp-content\\\/uploads\\\/13606.jpg\",\"datePublished\":\"2015-10-26T15:28:42+00:00\",\"breadcrumb\":{\"@id\":\"https:\\\/\\\/www.meydan.tv\\\/az\\\/article\\\/banklar-ve-bizimkiler\\\/#breadcrumb\"},\"inLanguage\":\"az\",\"potentialAction\":[{\"@type\":\"ReadAction\",\"target\":[\"https:\\\/\\\/www.meydan.tv\\\/az\\\/article\\\/banklar-ve-bizimkiler\\\/\"]}]},{\"@type\":\"ImageObject\",\"inLanguage\":\"az\",\"@id\":\"https:\\\/\\\/www.meydan.tv\\\/az\\\/article\\\/banklar-ve-bizimkiler\\\/#primaryimage\",\"url\":\"https:\\\/\\\/www.meydan.tv\\\/wp-content\\\/uploads\\\/13606.jpg\",\"contentUrl\":\"https:\\\/\\\/www.meydan.tv\\\/wp-content\\\/uploads\\\/13606.jpg\",\"width\":500,\"height\":500,\"caption\":\"Source:\"},{\"@type\":\"BreadcrumbList\",\"@id\":\"https:\\\/\\\/www.meydan.tv\\\/az\\\/article\\\/banklar-ve-bizimkiler\\\/#breadcrumb\",\"itemListElement\":[{\"@type\":\"ListItem\",\"position\":1,\"name\":\"Ana s\u0259hif\u0259\",\"item\":\"https:\\\/\\\/www.meydan.tv\\\/az\\\/\"},{\"@type\":\"ListItem\",\"position\":2,\"name\":\"M\u0259nim Fikrimc\u0259\",\"item\":\"https:\\\/\\\/www.meydan.tv\\\/az\\\/section\\\/menim-fikrimce\\\/\"},{\"@type\":\"ListItem\",\"position\":3,\"name\":\"Banklar v\u0259 bizimkil\u0259r\"}]},{\"@type\":\"WebSite\",\"@id\":\"https:\\\/\\\/www.meydan.tv\\\/az\\\/#website\",\"url\":\"https:\\\/\\\/www.meydan.tv\\\/az\\\/\",\"name\":\"MEYDAN.TV\",\"description\":\"Meydan TV Az\u0259rbaycan\u0131n media m\u0259kan\u0131ndak\u0131 alternativ s\u0259sidir\",\"publisher\":{\"@id\":\"https:\\\/\\\/www.meydan.tv\\\/az\\\/#organization\"},\"potentialAction\":[{\"@type\":\"SearchAction\",\"target\":{\"@type\":\"EntryPoint\",\"urlTemplate\":\"https:\\\/\\\/www.meydan.tv\\\/az\\\/?s={search_term_string}\"},\"query-input\":{\"@type\":\"PropertyValueSpecification\",\"valueRequired\":true,\"valueName\":\"search_term_string\"}}],\"inLanguage\":\"az\"},{\"@type\":\"Organization\",\"@id\":\"https:\\\/\\\/www.meydan.tv\\\/az\\\/#organization\",\"name\":\"Meydan TV\",\"url\":\"https:\\\/\\\/www.meydan.tv\\\/az\\\/\",\"logo\":{\"@type\":\"ImageObject\",\"inLanguage\":\"az\",\"@id\":\"https:\\\/\\\/www.meydan.tv\\\/az\\\/#\\\/schema\\\/logo\\\/image\\\/\",\"url\":\"https:\\\/\\\/www.meydan.tv\\\/wp-content\\\/uploads\\\/2021\\\/07\\\/meydan-logo.svg\",\"contentUrl\":\"https:\\\/\\\/www.meydan.tv\\\/wp-content\\\/uploads\\\/2021\\\/07\\\/meydan-logo.svg\",\"width\":195,\"height\":46,\"caption\":\"Meydan TV\"},\"image\":{\"@id\":\"https:\\\/\\\/www.meydan.tv\\\/az\\\/#\\\/schema\\\/logo\\\/image\\\/\"}},{\"@type\":\"Person\",\"@id\":\"https:\\\/\\\/www.meydan.tv\\\/az\\\/#\\\/schema\\\/person\\\/10d11eccf6da3662cf5fdab9806ea91a\",\"name\":\"user-manager\"}]}<\/script>\n<!-- \/ Yoast SEO plugin. -->","yoast_head_json":{"title":"Banklar v\u0259 bizimkil\u0259r - MEYDAN.TV","robots":{"index":"index","follow":"follow","max-snippet":"max-snippet:-1","max-image-preview":"max-image-preview:large","max-video-preview":"max-video-preview:-1"},"canonical":"https:\/\/www.meydan.tv\/az\/article\/banklar-ve-bizimkiler\/","og_locale":"az_AZ","og_type":"article","og_title":"Banklar v\u0259 bizimkil\u0259r - MEYDAN.TV","og_description":"Zaminlikl\u0259 \u015fahidliyin f\u0259rqi","og_url":"https:\/\/www.meydan.tv\/az\/article\/banklar-ve-bizimkiler\/","og_site_name":"MEYDAN.TV","article_published_time":"2015-10-26T15:28:42+00:00","og_image":[{"width":500,"height":500,"url":"https:\/\/www.meydan.tv\/wp-content\/uploads\/13606.jpg","type":"image\/jpeg"}],"author":"user-manager","twitter_card":"summary_large_image","schema":{"@context":"https:\/\/schema.org","@graph":[{"@type":"Article","@id":"https:\/\/www.meydan.tv\/az\/article\/banklar-ve-bizimkiler\/#article","isPartOf":{"@id":"https:\/\/www.meydan.tv\/az\/article\/banklar-ve-bizimkiler\/"},"author":{"name":"user-manager","@id":"https:\/\/www.meydan.tv\/az\/#\/schema\/person\/10d11eccf6da3662cf5fdab9806ea91a"},"headline":"Banklar v\u0259 bizimkil\u0259r","datePublished":"2015-10-26T15:28:42+00:00","mainEntityOfPage":{"@id":"https:\/\/www.meydan.tv\/az\/article\/banklar-ve-bizimkiler\/"},"wordCount":746,"publisher":{"@id":"https:\/\/www.meydan.tv\/az\/#organization"},"image":{"@id":"https:\/\/www.meydan.tv\/az\/article\/banklar-ve-bizimkiler\/#primaryimage"},"thumbnailUrl":"https:\/\/www.meydan.tv\/wp-content\/uploads\/13606.jpg","articleSection":["M\u0259nim Fikrimc\u0259"],"inLanguage":"az"},{"@type":"WebPage","@id":"https:\/\/www.meydan.tv\/az\/article\/banklar-ve-bizimkiler\/","url":"https:\/\/www.meydan.tv\/az\/article\/banklar-ve-bizimkiler\/","name":"Banklar v\u0259 bizimkil\u0259r - MEYDAN.TV","isPartOf":{"@id":"https:\/\/www.meydan.tv\/az\/#website"},"primaryImageOfPage":{"@id":"https:\/\/www.meydan.tv\/az\/article\/banklar-ve-bizimkiler\/#primaryimage"},"image":{"@id":"https:\/\/www.meydan.tv\/az\/article\/banklar-ve-bizimkiler\/#primaryimage"},"thumbnailUrl":"https:\/\/www.meydan.tv\/wp-content\/uploads\/13606.jpg","datePublished":"2015-10-26T15:28:42+00:00","breadcrumb":{"@id":"https:\/\/www.meydan.tv\/az\/article\/banklar-ve-bizimkiler\/#breadcrumb"},"inLanguage":"az","potentialAction":[{"@type":"ReadAction","target":["https:\/\/www.meydan.tv\/az\/article\/banklar-ve-bizimkiler\/"]}]},{"@type":"ImageObject","inLanguage":"az","@id":"https:\/\/www.meydan.tv\/az\/article\/banklar-ve-bizimkiler\/#primaryimage","url":"https:\/\/www.meydan.tv\/wp-content\/uploads\/13606.jpg","contentUrl":"https:\/\/www.meydan.tv\/wp-content\/uploads\/13606.jpg","width":500,"height":500,"caption":"Source:"},{"@type":"BreadcrumbList","@id":"https:\/\/www.meydan.tv\/az\/article\/banklar-ve-bizimkiler\/#breadcrumb","itemListElement":[{"@type":"ListItem","position":1,"name":"Ana s\u0259hif\u0259","item":"https:\/\/www.meydan.tv\/az\/"},{"@type":"ListItem","position":2,"name":"M\u0259nim Fikrimc\u0259","item":"https:\/\/www.meydan.tv\/az\/section\/menim-fikrimce\/"},{"@type":"ListItem","position":3,"name":"Banklar v\u0259 bizimkil\u0259r"}]},{"@type":"WebSite","@id":"https:\/\/www.meydan.tv\/az\/#website","url":"https:\/\/www.meydan.tv\/az\/","name":"MEYDAN.TV","description":"Meydan TV Az\u0259rbaycan\u0131n media m\u0259kan\u0131ndak\u0131 alternativ s\u0259sidir","publisher":{"@id":"https:\/\/www.meydan.tv\/az\/#organization"},"potentialAction":[{"@type":"SearchAction","target":{"@type":"EntryPoint","urlTemplate":"https:\/\/www.meydan.tv\/az\/?s={search_term_string}"},"query-input":{"@type":"PropertyValueSpecification","valueRequired":true,"valueName":"search_term_string"}}],"inLanguage":"az"},{"@type":"Organization","@id":"https:\/\/www.meydan.tv\/az\/#organization","name":"Meydan TV","url":"https:\/\/www.meydan.tv\/az\/","logo":{"@type":"ImageObject","inLanguage":"az","@id":"https:\/\/www.meydan.tv\/az\/#\/schema\/logo\/image\/","url":"https:\/\/www.meydan.tv\/wp-content\/uploads\/2021\/07\/meydan-logo.svg","contentUrl":"https:\/\/www.meydan.tv\/wp-content\/uploads\/2021\/07\/meydan-logo.svg","width":195,"height":46,"caption":"Meydan TV"},"image":{"@id":"https:\/\/www.meydan.tv\/az\/#\/schema\/logo\/image\/"}},{"@type":"Person","@id":"https:\/\/www.meydan.tv\/az\/#\/schema\/person\/10d11eccf6da3662cf5fdab9806ea91a","name":"user-manager"}]}},"_links":{"self":[{"href":"https:\/\/www.meydan.tv\/az\/wp-json\/wp\/v2\/posts\/170640","targetHints":{"allow":["GET"]}}],"collection":[{"href":"https:\/\/www.meydan.tv\/az\/wp-json\/wp\/v2\/posts"}],"about":[{"href":"https:\/\/www.meydan.tv\/az\/wp-json\/wp\/v2\/types\/post"}],"author":[{"embeddable":true,"href":"https:\/\/www.meydan.tv\/az\/wp-json\/wp\/v2\/users\/11"}],"replies":[{"embeddable":true,"href":"https:\/\/www.meydan.tv\/az\/wp-json\/wp\/v2\/comments?post=170640"}],"version-history":[{"count":0,"href":"https:\/\/www.meydan.tv\/az\/wp-json\/wp\/v2\/posts\/170640\/revisions"}],"wp:featuredmedia":[{"embeddable":true,"href":"https:\/\/www.meydan.tv\/az\/wp-json\/wp\/v2\/media\/36368"}],"wp:attachment":[{"href":"https:\/\/www.meydan.tv\/az\/wp-json\/wp\/v2\/media?parent=170640"}],"wp:term":[{"taxonomy":"category","embeddable":true,"href":"https:\/\/www.meydan.tv\/az\/wp-json\/wp\/v2\/categories?post=170640"},{"taxonomy":"post_tag","embeddable":true,"href":"https:\/\/www.meydan.tv\/az\/wp-json\/wp\/v2\/tags?post=170640"}],"curies":[{"name":"wp","href":"https:\/\/api.w.org\/{rel}","templated":true}]}}