{"id":170631,"date":"2015-10-25T20:49:47","date_gmt":"2015-10-25T20:49:47","guid":{"rendered":"https:\/\/www.meydan.tv\/article\/gurcustanda-dogulmagim-meni-xilas-edib\/"},"modified":"2015-10-25T20:49:47","modified_gmt":"2015-10-25T20:49:47","slug":"gurcustanda-dogulmagim-meni-xilas-edib","status":"publish","type":"post","link":"https:\/\/www.meydan.tv\/az\/article\/gurcustanda-dogulmagim-meni-xilas-edib\/","title":{"rendered":"G\u00fcrc\u00fcstanda do\u011fulma\u011f\u0131m m\u0259ni xilas edib&#8230;"},"content":{"rendered":"<figure class=\"wp-block-image size-large\">\n  <img decoding=\"async\" src=\"https:\/\/www.meydan.tv\/az\/36322\/\" alt=\"\" class=\"wp-image-36322\"\/><figcaption><\/figcaption><\/figure>\n<figure class=\"wp-block-image size-large\">\n  <img decoding=\"async\" src=\"https:\/\/www.meydan.tv\/az\/36323\/\" alt=\"\" class=\"wp-image-36323\"\/><figcaption><\/figcaption><\/figure>\n<\/p>\n<p>\n  Masa arxas\u0131nda oturub sakitc\u0259 onu izl\u0259yirdim. O ev y\u0131\u011f\u0131\u015fd\u0131r\u0131r, bir t\u0259r\u0259fd\u0259n u\u015fa\u011fa bax\u0131r, o bir t\u0259r\u0259fd\u0259n qonaqlara qulluq edir, o biri yandan i\u015fi il\u0259 maraqlan\u0131r, z\u0259ngl\u0259r\u0259 cavab verir, eyni zamanda da qarda\u015flar\u0131n\u0131n h\u0259psi m\u0259suliyy\u0259ti \u00fcr\u0259yini s\u0131x\u0131r ona dinclik vermirdi. \u015e\u00f6vk\u0259t xan\u0131m (G\u00fcnel xan\u0131m\u0131n anas\u0131) is\u0259 hirsli add\u0131mlarla evd\u0259 dola\u015f\u0131r, sual dolu g\u00f6zl\u0259rini G\u00fcnel\u0259 zill\u0259yir, bu hadis\u0259d\u0259 onun g\u00fcnahkar oldu\u011funu d\u0259f\u0259l\u0259rl\u0259 ona s\u00fcbut etm\u0259k \u00fc\u00e7\u00fcn daha a\u011f\u0131r n\u0259z\u0259rl\u0259rl\u0259 onu durmadan y\u00fckl\u0259yirdi. G\u00fcnel is\u0259 ba\u015f\u0131n\u0131 bulay\u0131r, g\u00f6z\u00fcn tavana zill\u0259yir, b\u0259z\u0259n d\u0259 \u0259li il\u0259 \u00fcz\u00fcn\u00fc ovxalay\u0131r, k\u00f6ks\u00fcn\u00fc \u00f6t\u00fcr\u00fcr, sonra da ironik g\u00fcl\u00fc\u015fl\u0259 g\u00fcl\u00fcb \u00e7iyinl\u0259rini \u00e7\u0259kirdi&#8230;<br \/>\n  <br \/>\n  ***<br \/>\n  <br \/>\n  M\u00fcharib\u0259 qurban\u0131 ol, qa\u00e7q\u0131n h\u0259yat\u0131 s\u00fcr, \u0259ziyy\u0259tl\u0259rl\u0259 h\u0259yatda tutunma\u011fa \u00e7al\u0131\u015f, ail\u0259d\u0259 t\u0259zyiql\u0259r\u0259 m\u0259ruz qal, ideyan, inand\u0131\u011f\u0131n d\u0259y\u0259rl\u0259r u\u011frunda xalq t\u0259r\u0259find\u0259n s\u00f6y\u00fcl, q\u0131naq obyekti ol, d\u00f6vl\u0259t t\u0259r\u0259find\u0259n s\u0131x\u0131\u015fd\u0131r\u0131l, m\u00fchacir h\u0259yat\u0131 ya\u015fama\u011fa m\u0259cbur qal, bunun \u00fcz\u0259rin\u0259 d\u0259 azm\u0131\u015f kimi ail\u0259 \u00fczvl\u0259rinin h\u0259yatda qala bilm\u0259 m\u0259suliyy\u0259tini d\u0259 boynuna qoysunlar.\n<\/p>\n<p>\n  \u00d6vlad yeti\u015fdir, h\u0259yat yolda\u015f\u0131na qulluq et, h\u0259r d\u0259qiq\u0259 ba\u015f\u0131na bir i\u015f g\u0259l\u0259c\u0259yi qorxusuyla ya\u015fa, \u00fcst\u0259lik d\u0259 qarda\u015flar\u0131n\u0131 h\u0259bs edib onlar\u0131n ail\u0259sinin, ba\u015fs\u0131z qalan \u00f6vladlar\u0131n\u0131n m\u0259suliyy\u0259tini d\u0259 boynuna y\u00fckl\u0259sinl\u0259r. Anan\u0131n kinay\u0259li bax\u0131\u015flar\u0131, qohumlar\u0131n q\u0131na\u011f\u0131&#8230;\u00dcst\u0259lik, vicdan\u0131ndak\u0131 a\u011f\u0131rl\u0131q qad\u0131n \u00fc\u00e7\u00fcn b\u0259lk\u0259 d\u0259 qald\u0131ra bilm\u0259y\u0259c\u0259yi \u0259n b\u00f6y\u00fck y\u00fckd\u00fcr. V\u0259 b\u00fct\u00fcn bunlar sad\u0259c\u0259 \u00f6z i\u015fini g\u00f6rd\u00fcy\u00fcn, h\u0259qiq\u0259ti dediyin \u00fc\u00e7\u00fcn olsun.\n<\/p>\n<p>\n  Evd\u0259ki dialoq bundan ibar\u0259t idi: \u201cfilank\u0259si tutublar\u201d, \u201ch\u0259, e\u015fitdim\u201d, \u201co birin d\u0259 tutublar da\u201d, \u201cfilank\u0259sl\u0259ri d\u0259 tutacaqlar\u201d, \u201cfilank\u0259s \u00e7oxdan tutulub\u201d&#8230;Onlar \u00e7ox adi halm\u0131\u015f kimi h\u0259bs olunanlar\u0131n adlar\u0131n\u0131 bir-bir sadalay\u0131rd\u0131lar. Az\u0259rbaycan hakimiyy\u0259tinin h\u0259yata ke\u00e7irdiyi g\u00fcn\u0259 bir h\u0259bs kompaniyas\u0131n\u0131n k\u00f6m\u0259kliyi il\u0259 insanlar\u0131n h\u0259bs olma\u011f\u0131 onlar \u00fc\u00e7\u00fcn g\u00f6zl\u0259nil\u0259n v\u0259 qar\u015f\u0131s\u0131 al\u0131nmayacaq bir hala \u00e7evrilibdir.<br \/>\n  <br \/>\n  ***<br \/>\n  <br \/>\n  \u0130ll\u0259r \u00f6nc\u0259 fikrin\u0259 h\u00f6rm\u0259t etdiyim adamlardan biri \u201caz\u0259rbaycan xalq\u0131 savadl\u0131 insan\u0131n d\u00fc\u015fm\u0259nidir\u201d- fikrini s\u00f6yl\u0259y\u0259nd\u0259 onu q\u0131nam\u0131\u015fd\u0131m. S\u0259ni ax\u0131r n\u0259f\u0259sin\u0259 kimi s\u0131nay\u0131rlar, belin s\u0131nana kimi y\u00fck verirl\u0259r s\u0131rt\u0131na. \u018fli s\u0259n\u0259 \u00e7atm\u0131r qohumlar\u0131ndan yap\u0131\u015f\u0131r, qohumlar\u0131na \u00e7atm\u0131r, \u0259cdadlar\u0131ndan tutur. Y\u0259ni s\u00f6z, q\u0259l\u0259m adam\u0131sansa Az\u0259rbaycanda do\u011fulmaq s\u0259nin do\u011fu\u015fdan b\u0259db\u0259xt oldu\u011funun g\u00f6st\u0259ricisidir.<br \/>\n  <br \/>\n  ***<br \/>\n  <br \/>\n  Az\u0259rbaycanl\u0131 olma\u011f\u0131ma baxmayaraq b\u0259xtim onda g\u0259tirib ki, G\u00fcrc\u00fcstan v\u0259t\u0259nda\u015f\u0131yam v\u0259 Tiflisd\u0259 ya\u015fay\u0131ram. \u00c7\u00fcnki y\u0259qinki ziyal\u0131s\u0131n\u0131, alimini, akademikini, jurnalistini, r\u0259ssam\u0131n\u0131, xalq\u0131n i\u00e7ind\u0259n say se\u00e7m\u0259 azad d\u00fc\u015f\u00fcnc\u0259li v\u0259t\u0259nda\u015flar\u0131n\u0131 muhacir h\u0259yat\u0131 ya\u015fama\u011fa m\u0259cbur ed\u0259n bir d\u00f6vl\u0259td\u0259n bir g\u00fcn m\u0259n d\u0259 qa\u00e7\u0131b yen\u0259 Tiflisin k\u00fc\u00e7\u0259l\u0259rin\u0259 s\u0131\u011f\u0131nma\u011fa m\u0259cbur qalacaqd\u0131m.\n<\/p>\n<p>\n  Tiflisin k\u00fc\u00e7\u0259l\u0259rind\u0259 Az\u0259rbaycandan g\u0259l\u0259n t\u0259l\u0259b\u0259l\u0259rin, i\u015f adamlar\u0131n\u0131n, ayd\u0131n g\u0259ncl\u0259rin sayi getdikc\u0259 art\u0131r. Bu q\u0259d\u0259r m\u00fclk\u00fc olan \u00f6lk\u0259d\u0259n canlar\u0131n\u0131 xilas etm\u0259y\u0259 f\u00fcrs\u0259t axtar\u0131rlar. Rahat n\u0259f\u0259s almaq \u00fc\u00e7\u00fcn \u00f6z<br \/>\n  <br \/>\n  v\u0259t\u0259nl\u0259rind\u0259n qa\u00e7\u0131b G\u00fcrc\u00fcstana g\u0259lirl\u0259r.\n<\/p>\n<p>\n  Y\u00fcks\u0259k s\u0259sl\u0259 prezdentinin ad\u0131n\u0131 \u00e7\u0259kib haqq\u0131nda fikir s\u00f6yl\u0259nm\u0259si qada\u011fan olan bir d\u00f6vl\u0259td\u0259 b\u00fct\u00fcn v\u0259h\u015filikl\u0259r, \u0259ziyy\u0259tl\u0259r, qar\u015f\u0131durmalar maksimumuyla g\u00f6zl\u0259nil\u0259n hallard\u0131r. Son ill\u0259r Az\u0259rbaycan hakimiyy\u0259tinin \u00f6z ayd\u0131n v\u0259t\u0259nda\u015flar\u0131na tutdu\u011fu divan\u0131 seyr etdikc\u0259 bu insanlarla eyni dili dan\u0131\u015fd\u0131\u011f\u0131m \u00fc\u00e7\u00fcn \u00f6z\u00fcmd\u0259n utan\u0131ram. Ax\u0131 nec\u0259 olur ki, bu q\u0259d\u0259r z\u00fclm\u00fcn, \u0259ziyy\u0259tin, v\u0259h\u015filiyin qar\u015f\u0131s\u0131nda insanlar rahat evind\u0259 oturub \u00e7\u00f6r\u0259yini yeyib, gec\u0259 yast\u0131\u011f\u0131a ba\u015f qoyub rahat yata bilir?\n<\/p>\n<p>\n  Nec\u0259 olur ki, h\u0259ft\u0259d\u0259 bir \u0259sg\u0259ri v\u0259h\u015fic\u0259sin\u0259 \u00f6ld\u00fcr\u00fcl\u0259n, milyonlarla insan\u0131n haqq\u0131 tapdalanan, qad\u0131nlar\u0131 zorlanan, d\u00f6y\u00fcl\u0259n, ki\u015fil\u0259ri al\u00e7ald\u0131lan, s\u00f6y\u00fcl\u0259n, u\u015faqlar\u0131 susdurulan bir d\u00f6vl\u0259td\u0259 insanlar rahat \u015f\u0259kild\u0259 toy edir, bir-birin\u0259 qonaq gedib rahat yeyir, i\u00e7ir, bahal\u0131 ma\u015f\u0131nlara minir, restoranlarda doyunca \u015f\u0259nl\u0259nir, \u0259yl\u0259nirl\u0259r?! \u00d6lk\u0259d\u0259 monarxiyad\u0131r v\u0259 hakimiyy\u0259t diktatura sistemiyl\u0259 \u00f6lk\u0259ni idar\u0259 edir. Q\u0259zetl\u0259r kirminaldan ba\u015fqa he\u00e7 bir ciddi x\u0259b\u0259r vermir, \u00f6lk\u0259d\u0259 bir d\u0259n\u0259 d\u0259 azad media orqan\u0131 yoxdur. Median\u0131n \u00f6lk\u0259 siyas\u0259tind\u0259n x\u0259b\u0259ri yoxdur. 24 saat saz, tar, zurna \u00e7al\u0131b oynay\u0131rlar. Ax\u0131 n\u0259 q\u0259d\u0259r bayram etm\u0259k olar, n\u0259 q\u0259d\u0259r \u00e7al\u0131b oynamaq olar?! B\u0259s deyilmi bu ars\u0131zl\u0131q, bu soyuqqanl\u0131l\u0131q? Ax\u0131 b\u00fct\u00fcn bu v\u0259h\u015filikl\u0259r sizin \u00f6lk\u0259nizd\u0259 ba\u015f verm\u0259kd\u0259dir. Bu q\u0259d\u0259r bigan\u0259 qalmaq m\u00fcmk\u00fcnd\u00fcrm\u00fc? Bu insanlar ya\u015fama\u011f\u0131 nec\u0259 bacar\u0131rlar? H\u0259l\u0259 d\u0259 d\u0259rk ed\u0259 bilmir\u0259m.<br \/>\n  <br \/>\n  ***<br \/>\n  <br \/>\n  M\u0259n g\u00fcrc\u00fc az\u0259rbaycanl\u0131s\u0131yam. Amma bu sonuncu m\u0259nim ad\u0131ma yap\u0131\u015fd\u0131rma k\u0259lim\u0259ni bir d\u0259f\u0259lik silib atmaq hirsi m\u0259ni yet\u0259rinc\u0259 zara g\u0259tirib. \u00c7\u00fcnki say\u0131 \u00fc\u00e7 d\u0259f\u0259 bizd\u0259n az olan xalq sovetd\u0259n sonra d\u00f6vl\u0259t ba\u015f\u0131na g\u0259l\u0259n b\u00fct\u00fcn siyas\u0259t\u00e7il\u0259rin balaca s\u0259hvini onlara ba\u011f\u0131\u015flamay\u0131blar. G\u00fcrc\u00fcstan\u0131n avrointeqrasiya yolunda s\u00fcr\u0259tl\u0259 ir\u0259lil\u0259m\u0259sin\u0259 imkan yaradan Saaka\u015fvilini ilk s\u0259hvind\u0259n v\u0259t\u0259nda\u015flar\u0131 etiraz aksiyas\u0131 at\u0259\u015fin\u0259 tutdular. H\u0259r ail\u0259d\u0259n h\u0259bsd\u0259 yatan bir g\u0259ncin yar\u0131m h\u0259yat\u0131n\u0131 ona ba\u011f\u0131\u015flamad\u0131lar. Analar \u00e7\u0131xd\u0131 \u00fcsyan etdi, qohumlar\u0131, sev\u0259nl\u0259ri aya\u011fa qalxd\u0131, b\u00fct\u00f6v g\u00fcrc\u00fc xalq\u0131 bir a\u011f\u0131zla k\u00fc\u00e7\u0259l\u0259r\u0259 t\u00f6k\u00fcld\u00fc, etiraz etdi, \u00fcsyan etdi v\u0259 qazand\u0131&#8230;\n<\/p>\n<p>\n  Az\u0259rbaycanda o\u011fullar\u0131 \u00f6l\u0259n \u0259sg\u0259rl\u0259rin analar\u0131 pulla susdurulanda G\u00fcrc\u00fcstanda h\u0259bsxanalarda zorlanan o\u011fullar\u0131n analar\u0131 hakimiyy\u0259ti s\u00fcp\u00fcrg\u0259yl\u0259 qovurdu. Az\u0259rbaycanda yaz\u0131\u00e7\u0131s\u0131, ziyal\u0131s\u0131 d\u00f6y\u00fcl\u00fcb-s\u00f6y\u00fcl\u0259nd\u0259, G\u00fcrc\u00fcstanda camahat ziyal\u0131dan avtoqraf toplay\u0131r. Az\u0259rbaycanda bir \u00e7oxlar\u0131 teatr\u0131 fahi\u015f\u0259xana, aktirisan\u0131 fahi\u015f\u0259 adland\u0131randa G\u00fcrc\u00fcstanda inc\u0259s\u0259n\u0259t adam\u0131n\u0131n \u0259lind\u0259n \u00f6p\u00fcrl\u0259r, tama\u015falara baxma\u011fa n\u00f6vb\u0259yl\u0259 1 ay \u0259vv\u0259ld\u0259n yaz\u0131l\u0131rlar.\n<\/p>\n<p>\n  Az\u0259rbaycanda h\u00f6km s\u00fcr\u0259n rejimin s\u00f6z adamlar\u0131n\u0131 susdurmaq \u00fc\u00e7\u00fcn ke\u00e7irdiyi t\u0259zyiql\u0259r h\u0259ddini a\u015f\u0131b. Rafiq Ta\u011f\u0131 g\u00fcl\u0259l\u0259l\u0259nib, \u018fkr\u0259m \u018fylislinin ba\u015f\u0131na g\u0259lm\u0259y\u0259n i\u015f qalmad\u0131, G\u00fcnel M\u00f6vluddan anas\u0131 imtina edib, Emin Millid\u0259n qohumlar\u0131 imtina edib, X\u0259dic\u0259 \u0130smay\u0131l h\u0259bsd\u0259, Nida\u00e7\u0131lar&#8230;\n<\/p>\n<p>\n  \u015e\u00fcbh\u0259siz ki, indi h\u00f6km s\u00fcr\u0259n rejim b\u00fct\u00fcn \u0259dal\u0259tsizlikl\u0259rin qayna\u011f\u0131d\u0131r, amma b\u00fct\u00fcn bu \u0259dal\u0259tsizlikl\u0259r\u0259 imkan yaradan \u00f6z\u00fcn\u00fc maksimum istifad\u0259 olunma\u011fa, haqq\u0131n\u0131n tapdalanmas\u0131na, ruhunun sat\u0131n al\u0131nmas\u0131na, milyonlar\u0131n\u0131n yeyilm\u0259sin\u0259, \u00f6vladlar\u0131n\u0131n orduda \u00f6ld\u00fcr\u00fclm\u0259sin\u0259 \u015f\u0259rait yaradan 30 ildir bu rejim\u0259 ba\u015f \u0259y\u0259n, onu sevib, s\u0259s ver\u0259n Az\u0259rbaycan xalq\u0131n\u0131n \u00f6z\u00fcd\u00fcr.\n<\/p>\n<p>\n  <b><br \/>\n    Yaz\u0131 m\u00fc\u0259llifin \u015f\u0259xsi m\u00f6vqeyini \u0259ks etdirir&#8230;<br \/>\n  <\/b><\/p>\n","protected":false},"excerpt":{"rendered":"<p>Yoxsa  m\u0259n d\u0259 Tiflis\u0259 s\u0131\u011f\u0131nanlardan olard\u0131m&#8230;<\/p>\n","protected":false},"author":11,"featured_media":36322,"comment_status":"closed","ping_status":"open","sticky":false,"template":"","format":"standard","meta":{"_acf_changed":false,"_sitemap_exclude":false,"_sitemap_priority":"","_sitemap_frequency":"","footnotes":""},"categories":[57],"tags":[],"class_list":["post-170631","post","type-post","status-publish","format-standard","has-post-thumbnail","hentry","category-menim-fikrimce","infinite-scroll-item","generate-columns","tablet-grid-50","mobile-grid-100","grid-parent","grid-33","no-featured-image-padding"],"acf":[],"yoast_head":"<!-- This site is optimized with the Yoast SEO plugin v27.5 - https:\/\/yoast.com\/product\/yoast-seo-wordpress\/ -->\n<title>G\u00fcrc\u00fcstanda do\u011fulma\u011f\u0131m m\u0259ni xilas edib... - MEYDAN.TV<\/title>\n<meta name=\"robots\" content=\"index, follow, max-snippet:-1, max-image-preview:large, max-video-preview:-1\" \/>\n<link rel=\"canonical\" href=\"https:\/\/www.meydan.tv\/az\/article\/gurcustanda-dogulmagim-meni-xilas-edib\/\" \/>\n<meta property=\"og:locale\" content=\"az_AZ\" \/>\n<meta property=\"og:type\" content=\"article\" \/>\n<meta property=\"og:title\" content=\"G\u00fcrc\u00fcstanda do\u011fulma\u011f\u0131m m\u0259ni xilas edib... - MEYDAN.TV\" \/>\n<meta property=\"og:description\" content=\"Yoxsa m\u0259n d\u0259 Tiflis\u0259 s\u0131\u011f\u0131nanlardan olard\u0131m...\" \/>\n<meta property=\"og:url\" content=\"https:\/\/www.meydan.tv\/az\/article\/gurcustanda-dogulmagim-meni-xilas-edib\/\" \/>\n<meta property=\"og:site_name\" content=\"MEYDAN.TV\" \/>\n<meta property=\"article:published_time\" content=\"2015-10-25T20:49:47+00:00\" \/>\n<meta property=\"og:image\" content=\"https:\/\/www.meydan.tv\/wp-content\/uploads\/13592.jpg\" \/>\n\t<meta property=\"og:image:width\" content=\"400\" \/>\n\t<meta property=\"og:image:height\" content=\"400\" \/>\n\t<meta property=\"og:image:type\" content=\"image\/jpeg\" \/>\n<meta name=\"author\" content=\"user-manager\" \/>\n<meta name=\"twitter:card\" content=\"summary_large_image\" \/>\n<script type=\"application\/ld+json\" class=\"yoast-schema-graph\">{\"@context\":\"https:\\\/\\\/schema.org\",\"@graph\":[{\"@type\":\"Article\",\"@id\":\"https:\\\/\\\/www.meydan.tv\\\/az\\\/article\\\/gurcustanda-dogulmagim-meni-xilas-edib\\\/#article\",\"isPartOf\":{\"@id\":\"https:\\\/\\\/www.meydan.tv\\\/az\\\/article\\\/gurcustanda-dogulmagim-meni-xilas-edib\\\/\"},\"author\":{\"name\":\"user-manager\",\"@id\":\"https:\\\/\\\/www.meydan.tv\\\/az\\\/#\\\/schema\\\/person\\\/10d11eccf6da3662cf5fdab9806ea91a\"},\"headline\":\"G\u00fcrc\u00fcstanda do\u011fulma\u011f\u0131m m\u0259ni xilas edib&#8230;\",\"datePublished\":\"2015-10-25T20:49:47+00:00\",\"mainEntityOfPage\":{\"@id\":\"https:\\\/\\\/www.meydan.tv\\\/az\\\/article\\\/gurcustanda-dogulmagim-meni-xilas-edib\\\/\"},\"wordCount\":1394,\"publisher\":{\"@id\":\"https:\\\/\\\/www.meydan.tv\\\/az\\\/#organization\"},\"image\":{\"@id\":\"https:\\\/\\\/www.meydan.tv\\\/az\\\/article\\\/gurcustanda-dogulmagim-meni-xilas-edib\\\/#primaryimage\"},\"thumbnailUrl\":\"https:\\\/\\\/www.meydan.tv\\\/wp-content\\\/uploads\\\/13592.jpg\",\"articleSection\":[\"M\u0259nim Fikrimc\u0259\"],\"inLanguage\":\"az\"},{\"@type\":\"WebPage\",\"@id\":\"https:\\\/\\\/www.meydan.tv\\\/az\\\/article\\\/gurcustanda-dogulmagim-meni-xilas-edib\\\/\",\"url\":\"https:\\\/\\\/www.meydan.tv\\\/az\\\/article\\\/gurcustanda-dogulmagim-meni-xilas-edib\\\/\",\"name\":\"G\u00fcrc\u00fcstanda do\u011fulma\u011f\u0131m m\u0259ni xilas edib... - MEYDAN.TV\",\"isPartOf\":{\"@id\":\"https:\\\/\\\/www.meydan.tv\\\/az\\\/#website\"},\"primaryImageOfPage\":{\"@id\":\"https:\\\/\\\/www.meydan.tv\\\/az\\\/article\\\/gurcustanda-dogulmagim-meni-xilas-edib\\\/#primaryimage\"},\"image\":{\"@id\":\"https:\\\/\\\/www.meydan.tv\\\/az\\\/article\\\/gurcustanda-dogulmagim-meni-xilas-edib\\\/#primaryimage\"},\"thumbnailUrl\":\"https:\\\/\\\/www.meydan.tv\\\/wp-content\\\/uploads\\\/13592.jpg\",\"datePublished\":\"2015-10-25T20:49:47+00:00\",\"breadcrumb\":{\"@id\":\"https:\\\/\\\/www.meydan.tv\\\/az\\\/article\\\/gurcustanda-dogulmagim-meni-xilas-edib\\\/#breadcrumb\"},\"inLanguage\":\"az\",\"potentialAction\":[{\"@type\":\"ReadAction\",\"target\":[\"https:\\\/\\\/www.meydan.tv\\\/az\\\/article\\\/gurcustanda-dogulmagim-meni-xilas-edib\\\/\"]}]},{\"@type\":\"ImageObject\",\"inLanguage\":\"az\",\"@id\":\"https:\\\/\\\/www.meydan.tv\\\/az\\\/article\\\/gurcustanda-dogulmagim-meni-xilas-edib\\\/#primaryimage\",\"url\":\"https:\\\/\\\/www.meydan.tv\\\/wp-content\\\/uploads\\\/13592.jpg\",\"contentUrl\":\"https:\\\/\\\/www.meydan.tv\\\/wp-content\\\/uploads\\\/13592.jpg\",\"width\":400,\"height\":400,\"caption\":\"Source:\"},{\"@type\":\"BreadcrumbList\",\"@id\":\"https:\\\/\\\/www.meydan.tv\\\/az\\\/article\\\/gurcustanda-dogulmagim-meni-xilas-edib\\\/#breadcrumb\",\"itemListElement\":[{\"@type\":\"ListItem\",\"position\":1,\"name\":\"Ana s\u0259hif\u0259\",\"item\":\"https:\\\/\\\/www.meydan.tv\\\/az\\\/\"},{\"@type\":\"ListItem\",\"position\":2,\"name\":\"M\u0259nim Fikrimc\u0259\",\"item\":\"https:\\\/\\\/www.meydan.tv\\\/az\\\/section\\\/menim-fikrimce\\\/\"},{\"@type\":\"ListItem\",\"position\":3,\"name\":\"G\u00fcrc\u00fcstanda do\u011fulma\u011f\u0131m m\u0259ni xilas edib&#8230;\"}]},{\"@type\":\"WebSite\",\"@id\":\"https:\\\/\\\/www.meydan.tv\\\/az\\\/#website\",\"url\":\"https:\\\/\\\/www.meydan.tv\\\/az\\\/\",\"name\":\"MEYDAN.TV\",\"description\":\"Meydan TV Az\u0259rbaycan\u0131n media m\u0259kan\u0131ndak\u0131 alternativ s\u0259sidir\",\"publisher\":{\"@id\":\"https:\\\/\\\/www.meydan.tv\\\/az\\\/#organization\"},\"potentialAction\":[{\"@type\":\"SearchAction\",\"target\":{\"@type\":\"EntryPoint\",\"urlTemplate\":\"https:\\\/\\\/www.meydan.tv\\\/az\\\/?s={search_term_string}\"},\"query-input\":{\"@type\":\"PropertyValueSpecification\",\"valueRequired\":true,\"valueName\":\"search_term_string\"}}],\"inLanguage\":\"az\"},{\"@type\":\"Organization\",\"@id\":\"https:\\\/\\\/www.meydan.tv\\\/az\\\/#organization\",\"name\":\"Meydan TV\",\"url\":\"https:\\\/\\\/www.meydan.tv\\\/az\\\/\",\"logo\":{\"@type\":\"ImageObject\",\"inLanguage\":\"az\",\"@id\":\"https:\\\/\\\/www.meydan.tv\\\/az\\\/#\\\/schema\\\/logo\\\/image\\\/\",\"url\":\"https:\\\/\\\/www.meydan.tv\\\/wp-content\\\/uploads\\\/2021\\\/07\\\/meydan-logo.svg\",\"contentUrl\":\"https:\\\/\\\/www.meydan.tv\\\/wp-content\\\/uploads\\\/2021\\\/07\\\/meydan-logo.svg\",\"width\":195,\"height\":46,\"caption\":\"Meydan TV\"},\"image\":{\"@id\":\"https:\\\/\\\/www.meydan.tv\\\/az\\\/#\\\/schema\\\/logo\\\/image\\\/\"}},{\"@type\":\"Person\",\"@id\":\"https:\\\/\\\/www.meydan.tv\\\/az\\\/#\\\/schema\\\/person\\\/10d11eccf6da3662cf5fdab9806ea91a\",\"name\":\"user-manager\"}]}<\/script>\n<!-- \/ Yoast SEO plugin. -->","yoast_head_json":{"title":"G\u00fcrc\u00fcstanda do\u011fulma\u011f\u0131m m\u0259ni xilas edib... - MEYDAN.TV","robots":{"index":"index","follow":"follow","max-snippet":"max-snippet:-1","max-image-preview":"max-image-preview:large","max-video-preview":"max-video-preview:-1"},"canonical":"https:\/\/www.meydan.tv\/az\/article\/gurcustanda-dogulmagim-meni-xilas-edib\/","og_locale":"az_AZ","og_type":"article","og_title":"G\u00fcrc\u00fcstanda do\u011fulma\u011f\u0131m m\u0259ni xilas edib... - MEYDAN.TV","og_description":"Yoxsa m\u0259n d\u0259 Tiflis\u0259 s\u0131\u011f\u0131nanlardan olard\u0131m...","og_url":"https:\/\/www.meydan.tv\/az\/article\/gurcustanda-dogulmagim-meni-xilas-edib\/","og_site_name":"MEYDAN.TV","article_published_time":"2015-10-25T20:49:47+00:00","og_image":[{"width":400,"height":400,"url":"https:\/\/www.meydan.tv\/wp-content\/uploads\/13592.jpg","type":"image\/jpeg"}],"author":"user-manager","twitter_card":"summary_large_image","schema":{"@context":"https:\/\/schema.org","@graph":[{"@type":"Article","@id":"https:\/\/www.meydan.tv\/az\/article\/gurcustanda-dogulmagim-meni-xilas-edib\/#article","isPartOf":{"@id":"https:\/\/www.meydan.tv\/az\/article\/gurcustanda-dogulmagim-meni-xilas-edib\/"},"author":{"name":"user-manager","@id":"https:\/\/www.meydan.tv\/az\/#\/schema\/person\/10d11eccf6da3662cf5fdab9806ea91a"},"headline":"G\u00fcrc\u00fcstanda do\u011fulma\u011f\u0131m m\u0259ni xilas edib&#8230;","datePublished":"2015-10-25T20:49:47+00:00","mainEntityOfPage":{"@id":"https:\/\/www.meydan.tv\/az\/article\/gurcustanda-dogulmagim-meni-xilas-edib\/"},"wordCount":1394,"publisher":{"@id":"https:\/\/www.meydan.tv\/az\/#organization"},"image":{"@id":"https:\/\/www.meydan.tv\/az\/article\/gurcustanda-dogulmagim-meni-xilas-edib\/#primaryimage"},"thumbnailUrl":"https:\/\/www.meydan.tv\/wp-content\/uploads\/13592.jpg","articleSection":["M\u0259nim Fikrimc\u0259"],"inLanguage":"az"},{"@type":"WebPage","@id":"https:\/\/www.meydan.tv\/az\/article\/gurcustanda-dogulmagim-meni-xilas-edib\/","url":"https:\/\/www.meydan.tv\/az\/article\/gurcustanda-dogulmagim-meni-xilas-edib\/","name":"G\u00fcrc\u00fcstanda do\u011fulma\u011f\u0131m m\u0259ni xilas edib... - MEYDAN.TV","isPartOf":{"@id":"https:\/\/www.meydan.tv\/az\/#website"},"primaryImageOfPage":{"@id":"https:\/\/www.meydan.tv\/az\/article\/gurcustanda-dogulmagim-meni-xilas-edib\/#primaryimage"},"image":{"@id":"https:\/\/www.meydan.tv\/az\/article\/gurcustanda-dogulmagim-meni-xilas-edib\/#primaryimage"},"thumbnailUrl":"https:\/\/www.meydan.tv\/wp-content\/uploads\/13592.jpg","datePublished":"2015-10-25T20:49:47+00:00","breadcrumb":{"@id":"https:\/\/www.meydan.tv\/az\/article\/gurcustanda-dogulmagim-meni-xilas-edib\/#breadcrumb"},"inLanguage":"az","potentialAction":[{"@type":"ReadAction","target":["https:\/\/www.meydan.tv\/az\/article\/gurcustanda-dogulmagim-meni-xilas-edib\/"]}]},{"@type":"ImageObject","inLanguage":"az","@id":"https:\/\/www.meydan.tv\/az\/article\/gurcustanda-dogulmagim-meni-xilas-edib\/#primaryimage","url":"https:\/\/www.meydan.tv\/wp-content\/uploads\/13592.jpg","contentUrl":"https:\/\/www.meydan.tv\/wp-content\/uploads\/13592.jpg","width":400,"height":400,"caption":"Source:"},{"@type":"BreadcrumbList","@id":"https:\/\/www.meydan.tv\/az\/article\/gurcustanda-dogulmagim-meni-xilas-edib\/#breadcrumb","itemListElement":[{"@type":"ListItem","position":1,"name":"Ana s\u0259hif\u0259","item":"https:\/\/www.meydan.tv\/az\/"},{"@type":"ListItem","position":2,"name":"M\u0259nim Fikrimc\u0259","item":"https:\/\/www.meydan.tv\/az\/section\/menim-fikrimce\/"},{"@type":"ListItem","position":3,"name":"G\u00fcrc\u00fcstanda do\u011fulma\u011f\u0131m m\u0259ni xilas edib&#8230;"}]},{"@type":"WebSite","@id":"https:\/\/www.meydan.tv\/az\/#website","url":"https:\/\/www.meydan.tv\/az\/","name":"MEYDAN.TV","description":"Meydan TV Az\u0259rbaycan\u0131n media m\u0259kan\u0131ndak\u0131 alternativ s\u0259sidir","publisher":{"@id":"https:\/\/www.meydan.tv\/az\/#organization"},"potentialAction":[{"@type":"SearchAction","target":{"@type":"EntryPoint","urlTemplate":"https:\/\/www.meydan.tv\/az\/?s={search_term_string}"},"query-input":{"@type":"PropertyValueSpecification","valueRequired":true,"valueName":"search_term_string"}}],"inLanguage":"az"},{"@type":"Organization","@id":"https:\/\/www.meydan.tv\/az\/#organization","name":"Meydan TV","url":"https:\/\/www.meydan.tv\/az\/","logo":{"@type":"ImageObject","inLanguage":"az","@id":"https:\/\/www.meydan.tv\/az\/#\/schema\/logo\/image\/","url":"https:\/\/www.meydan.tv\/wp-content\/uploads\/2021\/07\/meydan-logo.svg","contentUrl":"https:\/\/www.meydan.tv\/wp-content\/uploads\/2021\/07\/meydan-logo.svg","width":195,"height":46,"caption":"Meydan TV"},"image":{"@id":"https:\/\/www.meydan.tv\/az\/#\/schema\/logo\/image\/"}},{"@type":"Person","@id":"https:\/\/www.meydan.tv\/az\/#\/schema\/person\/10d11eccf6da3662cf5fdab9806ea91a","name":"user-manager"}]}},"_links":{"self":[{"href":"https:\/\/www.meydan.tv\/az\/wp-json\/wp\/v2\/posts\/170631","targetHints":{"allow":["GET"]}}],"collection":[{"href":"https:\/\/www.meydan.tv\/az\/wp-json\/wp\/v2\/posts"}],"about":[{"href":"https:\/\/www.meydan.tv\/az\/wp-json\/wp\/v2\/types\/post"}],"author":[{"embeddable":true,"href":"https:\/\/www.meydan.tv\/az\/wp-json\/wp\/v2\/users\/11"}],"replies":[{"embeddable":true,"href":"https:\/\/www.meydan.tv\/az\/wp-json\/wp\/v2\/comments?post=170631"}],"version-history":[{"count":0,"href":"https:\/\/www.meydan.tv\/az\/wp-json\/wp\/v2\/posts\/170631\/revisions"}],"wp:featuredmedia":[{"embeddable":true,"href":"https:\/\/www.meydan.tv\/az\/wp-json\/wp\/v2\/media\/36322"}],"wp:attachment":[{"href":"https:\/\/www.meydan.tv\/az\/wp-json\/wp\/v2\/media?parent=170631"}],"wp:term":[{"taxonomy":"category","embeddable":true,"href":"https:\/\/www.meydan.tv\/az\/wp-json\/wp\/v2\/categories?post=170631"},{"taxonomy":"post_tag","embeddable":true,"href":"https:\/\/www.meydan.tv\/az\/wp-json\/wp\/v2\/tags?post=170631"}],"curies":[{"name":"wp","href":"https:\/\/api.w.org\/{rel}","templated":true}]}}