{"id":170628,"date":"2015-10-25T13:06:58","date_gmt":"2015-10-25T13:06:58","guid":{"rendered":"https:\/\/www.meydan.tv\/article\/azerbaycan-bele-idare-olunur\/"},"modified":"2015-10-25T13:06:58","modified_gmt":"2015-10-25T13:06:58","slug":"azerbaycan-bele-idare-olunur","status":"publish","type":"post","link":"https:\/\/www.meydan.tv\/az\/article\/azerbaycan-bele-idare-olunur\/","title":{"rendered":"Az\u0259rbaycan bel\u0259 idar\u0259 olunur"},"content":{"rendered":"<figure class=\"wp-block-image size-large\">\n  <img decoding=\"async\" src=\"https:\/\/www.meydan.tv\/az\/36307\/\" alt=\"\" class=\"wp-image-36307\"\/><figcaption><\/figcaption><\/figure>\n<figure class=\"wp-block-image size-large\">\n  <img decoding=\"async\" src=\"https:\/\/www.meydan.tv\/az\/36313\/\" alt=\"\" class=\"wp-image-36313\"\/><figcaption><\/figcaption><\/figure>\n<p>\n  H\u0259r d\u0259f\u0259 bu hadis\u0259 yad\u0131ma d\u00fc\u015f\u0259nd\u0259 b\u00fct\u00fcn Az\u0259rbaycan g\u00f6z\u00fcm\u00fcn qaba\u011f\u0131na g\u0259lir. H\u0259qiq\u0259t\u0259n, \u00e7ox d\u0259h\u015f\u0259tli hadis\u0259dir. Bu hadis\u0259l\u0259rin oldu\u011fu ilin \u00fcst\u00fcnd\u0259n ill\u0259r ke\u00e7ib, amma indi d\u0259 m\u0259nim \u00fc\u00e7\u00fcn \u00e7ox ciddi m\u0259s\u0259l\u0259dir. \u0130ndi yazaca\u011f\u0131m hadis\u0259l\u0259r Az\u0259rbaycanda olan t\u0259hsil ocaqlar\u0131n\u0131n birind\u0259 ba\u015f verib.\n<\/p>\n<p>\n  H\u0259min t\u0259hsil oca\u011f\u0131na getdiyim ilk g\u00fcn akt zal\u0131nda b\u00f6y\u00fck bir t\u0259dbir oldu. T\u0259dbird\u0259 \u00e7\u0131x\u0131\u015f ed\u0259n \u015f\u0259xsl\u0259rin \u0259n \u00e7ox vur\u011fulad\u0131\u011f\u0131 m\u0259s\u0259l\u0259 orada r\u00fc\u015fv\u0259tin olmamas\u0131 idi. \u018flb\u0259tt\u0259, u\u015faqlar art\u0131q oran\u0131 bitir\u0259n t\u0259l\u0259b\u0259l\u0259rd\u0259n \u00e7oxdan m\u0259lumat alm\u0131\u015fd\u0131lar. R\u00fc\u015fv\u0259tin olmayaca\u011f\u0131 m\u0259s\u0259l\u0259sin\u0259 he\u00e7 kim inanm\u0131rd\u0131. Amma zamanla h\u0259r yeni g\u0259l\u0259n m\u00fc\u0259llim imtahan d\u00f6vr\u00fcn\u0259 q\u0259d\u0259r bu s\u00f6zl\u0259ri t\u0259krarlad\u0131: \u201cBurada r\u00fc\u015fv\u0259t yoxdu, d\u0259rsl\u0259ri oxuyun.\u201d\n<\/p>\n<p>\n  \u00c7ox adam buna inanm\u0131\u015fd\u0131, amma n\u0259 inananlar, n\u0259 d\u0259 inanmayanlar d\u0259rs oxumurdu. G\u00fclm\u0259li hadis\u0259 idi, he\u00e7 kim m\u00fc\u0259lliml\u0259ri ciddiy\u0259 alm\u0131rd\u0131, sanki qabaqcadan olacaqlar\u0131 g\u00f6r\u00fcrd\u00fcl\u0259r.\n<\/p>\n<p>\n  Q\u0131saca deyim, h\u0259min il birinci imtahan d\u00f6vr\u00fcn\u00fc t\u0259l\u0259b\u0259l\u0259r imtahan\u0131 r\u00fc\u015fv\u0259tl\u0259 ke\u00e7dil\u0259r. \u018fn d\u0259h\u015f\u0259tli hadis\u0259l\u0259r is\u0259 ikinci imtahan d\u00f6vr\u00fcnd\u0259 oldu.<br \/>\n  <br \/>\n  \u0130kinci imtahan d\u00f6vr\u00fcn\u0259 say\u0131l\u0131 g\u00fcnl\u0259r qalm\u0131\u015fd\u0131 ki, direktor, onun m\u00fcavini, dekanlar bir s\u00f6zl\u0259, v\u0259zif\u0259 sahibi olan h\u0259r k\u0259s h\u0259y\u0259can i\u00e7ind\u0259 idi. T\u0259hsil nazirliyind\u0259n yoxlama g\u0259l\u0259c\u0259yi x\u0259b\u0259ri yay\u0131lm\u0131\u015fd\u0131. G\u00fcnl\u0259rin biri d\u0259rs zaman\u0131 ota\u011fa bir n\u0259f\u0259r girdi. \u00dcz\u00fcn\u00fc \u00e7ox az g\u00f6rd\u00fcy\u00fcm\u00fcz, direktor m\u00fcavini olan bir xan\u0131m. Hicabl\u0131 idi. Bunu xususi qeyd etm\u0259yim\u0259 s\u0259b\u0259b var.\n<\/p>\n<p>\n  H\u0259r k\u0259si salamlad\u0131qdan sonra dan\u0131\u015fma\u011fa ba\u015flad\u0131:\n<\/p>\n<p>\n  \u201cBu g\u00fcn\u0259 q\u0259d\u0259r olan r\u00fc\u015fv\u0259t s\u00f6hb\u0259tl\u0259rin\u0259 g\u00f6r\u0259 \u00e7ox \u00fcz\u00fcl\u00fcr\u0259m, inan\u0131n ki, bundan he\u00e7 kimin x\u0259b\u0259ri olmay\u0131b. Bundan sonra sizd\u0259n r\u00fc\u015fv\u0259t alan\u0131n da, sizd\u0259n biz\u0259 r\u00fc\u015fv\u0259t t\u0259klif ed\u0259nin d\u0259 atas\u0131na l\u0259n\u0259t. M\u0259n \u00f6z\u00fcm namaz q\u0131lan, ibad\u0259t ed\u0259n insanam. M\u0259n\u0259 inan\u0131n!\u201d\n<\/p>\n<p>\n  Otaqdan \u00e7\u0131xd\u0131, \u00e7\u0131xan kimi qrupda imtahan pullar\u0131n\u0131 y\u0131\u011fan qrup yolda\u015f\u0131m\u0131z xan\u0131m aya\u011fa durdu. H\u0259r \u015feyin yalan oldu\u011funu, imtahana pul y\u0131\u011f\u0131ld\u0131\u011f\u0131n\u0131 v\u0259 tezlikl\u0259 pullar\u0131n g\u0259tirilm\u0259li oldu\u011funu dedi.\n<\/p>\n<p>\n  H\u0259r k\u0259s buna t\u0259\u0259cc\u00fcbl\u0259 yana\u015fd\u0131. Sonradan u\u015faqlar bir-bir h\u0259min hicabl\u0131 xan\u0131m\u0131n yan\u0131na getdil\u0259r ki, b\u0259s bizd\u0259n pul ist\u0259yirl\u0259r. Onun da \u00e7ox \u201cg\u00f6z\u0259l\u201d cavab\u0131 olmu\u015fdu: \u201cOxumam\u0131s\u0131n\u0131zsa, g\u0259tirin verin da, d\u0259d\u0259niz\u0259 borcumuzmu var sizin?!\u201d\n<\/p>\n<p>\n  H\u0259, bel\u0259c\u0259 u\u015faqlardan pul y\u0131\u011f\u0131ld\u0131. M\u0259n \u00f6z n\u00f6vb\u0259md\u0259 qrup u\u015faqlar\u0131na etiraz etm\u0259yimiz laz\u0131m oldu\u011funu bildirdim. Kim ki, pul verm\u0259d\u0259n imtahandan ke\u00e7m\u0259k ist\u0259yir, sabah s\u0259h\u0259r d\u0259rs ba\u015flamam\u0131\u015f binan\u0131n qar\u015f\u0131s\u0131nda etiraz ed\u0259k dedim. M\u00fc\u0259yy\u0259n edilmi\u015f saata q\u0259d\u0259r h\u0259r \u015feyin plan\u0131 qurulmu\u015fdu. Amma \u00e7ox ke\u00e7m\u0259di h\u0259min qrup yolda\u015f\u0131m\u0131z, pul y\u0131\u011fan q\u0131z bu x\u0259b\u0259ri direktora v\u0259 m\u00fcavinin\u0259 \u00e7atd\u0131rd\u0131. X\u0259b\u0259ri e\u015fid\u0259nd\u0259 m\u0259ni qovmaq ist\u0259yirdil\u0259r, amma qovulma\u011f\u0131m\u0131n bir add\u0131ml\u0131\u011f\u0131nda xilas oldum. O da ki, u\u015faqlar\u0131n \u0259riz\u0259 yazaraq h\u0259r \u015feyin yalan oldu\u011funu bildirm\u0259si n\u0259tic\u0259sind\u0259.\n<\/p>\n<p>\n  \u0130mtahan d\u00f6vr\u00fc g\u0259ldi, nazirliyin yoxlamalar\u0131 da g\u0259ldil\u0259r v\u0259 getdil\u0259r. \u0130mtahandan sonra e\u015fitdik ki, r\u00fc\u015fv\u0259t alana da, ver\u0259n\u0259 d\u0259 s\u00f6y\u0259n, amma \u00f6z ota\u011f\u0131nda r\u00fc\u015fv\u0259t ist\u0259y\u0259n qad\u0131n, direktor v\u0259 iki dekan oradan qovuldular. Daha sonra x\u0259b\u0259r g\u0259ldi ki, nazirlikd\u0259n t\u0259hsil oca\u011f\u0131n\u0131 yoxlamaq \u00fc\u00e7\u00fcn g\u0259l\u0259n yolda\u015flardan biri yeni v\u0259zif\u0259y\u0259 g\u0259tirilib &#8211; dekan olub. G\u0259l\u0259n kimi d\u0259 ilk v\u0259zif\u0259si imtahan \u00fc\u00e7\u00fcn y\u0131\u011f\u0131lan r\u00fc\u015fv\u0259ti qald\u0131rmaq oldu.\n<\/p>\n<p>\n  Bel\u0259c\u0259, susa-susa h\u0259r k\u0259s o kollecd\u0259n diplom ald\u0131. Yaln\u0131z bizim qrupda pul y\u0131\u011fan xan\u0131mdan ba\u015fqa. Sonradan m\u0259lum oldu ki, onun pul y\u0131\u011fmas\u0131 v\u0259 qrupda olanlar\u0131 x\u0259b\u0259r kimi direktora \u00e7atd\u0131rmas\u0131 qar\u015f\u0131l\u0131\u011f\u0131nda \u00f6z\u00fcn\u0259 r\u00fc\u015fv\u0259t verm\u0259d\u0259n diplom almas\u0131 v\u0259i verilib. M\u0259s\u0259l\u0259n, m\u0259nim etiraz etm\u0259yimi, u\u015faqlar\u0131 t\u0259hsil oca\u011f\u0131n\u0131n qar\u015f\u0131s\u0131nda k\u00fctl\u0259vi etiraz etm\u0259k \u00fc\u00e7\u00fcn y\u0131\u011fmaq ist\u0259m\u0259yim x\u0259b\u0259rini \u00e7atd\u0131rmas\u0131 kimi bir i\u015fin qar\u015f\u0131l\u0131\u011f\u0131nda.\n<\/p>\n<p>\n  Bu \u00f6z\u00fc \u00e7ox d\u0259h\u015f\u0259tli hadis\u0259 idi, onun \u00f6z\u00fcnd\u0259n ne\u00e7\u0259 ild\u0259 verm\u0259diyi pulu t\u0259l\u0259b edirdil\u0259r. E\u015fitdiyim\u0259 g\u00f6r\u0259, h\u0259l\u0259 d\u0259 diplom almay\u0131b.\n<\/p>\n<p>\n  Bax\u0131n, Az\u0259rbaycan bel\u0259 idar\u0259 olunur, haqs\u0131zl\u0131qlara boyun \u0259y\u0259nl\u0259r d\u0259, haqs\u0131zl\u0131q ed\u0259nl\u0259r d\u0259 bir g\u00fcn onlardan daha \u00e7ox haqs\u0131zl\u0131q ed\u0259 bil\u0259n k\u0259sl\u0259rin qurban\u0131 olur. Az\u0259rbaycan bu hakimiyy\u0259tin qurban\u0131 olub. M\u0259nc\u0259 bu hadis\u0259l\u0259r b\u00fct\u00fcn Az\u0259rbaycan\u0131 izah edir. Siz d\u0259 \u00f6z n\u00f6vb\u0259nizd\u0259 b\u00fct\u00fcn etdiyiniz haqs\u0131zl\u0131qlar\u0131n qurban\u0131 olacaqs\u0131n\u0131z ya da olmusunuz. Sistemin saxtakarl\u0131\u011f\u0131 b\u00fct\u00fcn v\u0259tanda\u015flara aiddir. Bunu unutmay\u0131n!\n<\/p>\n<\/p>\n<p>\n  <b><br \/>\n    Yaz\u0131 m\u00fc\u0259llifin \u015f\u0259xsi m\u00f6vqeyini \u0259ks etdirir&#8230;<br \/>\n  <\/b><\/p>\n","protected":false},"excerpt":{"rendered":"<p>Bizim t\u0259hsil sistemi<\/p>\n","protected":false},"author":11,"featured_media":36307,"comment_status":"closed","ping_status":"open","sticky":false,"template":"","format":"standard","meta":{"_acf_changed":false,"_sitemap_exclude":false,"_sitemap_priority":"","_sitemap_frequency":"","footnotes":""},"categories":[57],"tags":[],"class_list":["post-170628","post","type-post","status-publish","format-standard","has-post-thumbnail","hentry","category-menim-fikrimce","infinite-scroll-item","generate-columns","tablet-grid-50","mobile-grid-100","grid-parent","grid-33","no-featured-image-padding"],"acf":[],"yoast_head":"<!-- This site is optimized with the Yoast SEO plugin v27.5 - https:\/\/yoast.com\/product\/yoast-seo-wordpress\/ -->\n<title>Az\u0259rbaycan bel\u0259 idar\u0259 olunur - MEYDAN.TV<\/title>\n<meta name=\"robots\" content=\"index, follow, max-snippet:-1, max-image-preview:large, max-video-preview:-1\" \/>\n<link rel=\"canonical\" href=\"https:\/\/www.meydan.tv\/az\/article\/azerbaycan-bele-idare-olunur\/\" \/>\n<meta property=\"og:locale\" content=\"az_AZ\" \/>\n<meta property=\"og:type\" content=\"article\" \/>\n<meta property=\"og:title\" content=\"Az\u0259rbaycan bel\u0259 idar\u0259 olunur - MEYDAN.TV\" \/>\n<meta property=\"og:description\" content=\"Bizim t\u0259hsil sistemi\" \/>\n<meta property=\"og:url\" content=\"https:\/\/www.meydan.tv\/az\/article\/azerbaycan-bele-idare-olunur\/\" \/>\n<meta property=\"og:site_name\" content=\"MEYDAN.TV\" \/>\n<meta property=\"article:published_time\" content=\"2015-10-25T13:06:58+00:00\" \/>\n<meta property=\"og:image\" content=\"https:\/\/www.meydan.tv\/wp-content\/uploads\/13586.jpg\" \/>\n\t<meta property=\"og:image:width\" content=\"500\" \/>\n\t<meta property=\"og:image:height\" content=\"500\" \/>\n\t<meta property=\"og:image:type\" content=\"image\/jpeg\" \/>\n<meta name=\"author\" content=\"user-manager\" \/>\n<meta name=\"twitter:card\" content=\"summary_large_image\" \/>\n<script type=\"application\/ld+json\" class=\"yoast-schema-graph\">{\"@context\":\"https:\\\/\\\/schema.org\",\"@graph\":[{\"@type\":\"Article\",\"@id\":\"https:\\\/\\\/www.meydan.tv\\\/az\\\/article\\\/azerbaycan-bele-idare-olunur\\\/#article\",\"isPartOf\":{\"@id\":\"https:\\\/\\\/www.meydan.tv\\\/az\\\/article\\\/azerbaycan-bele-idare-olunur\\\/\"},\"author\":{\"name\":\"user-manager\",\"@id\":\"https:\\\/\\\/www.meydan.tv\\\/az\\\/#\\\/schema\\\/person\\\/10d11eccf6da3662cf5fdab9806ea91a\"},\"headline\":\"Az\u0259rbaycan bel\u0259 idar\u0259 olunur\",\"datePublished\":\"2015-10-25T13:06:58+00:00\",\"mainEntityOfPage\":{\"@id\":\"https:\\\/\\\/www.meydan.tv\\\/az\\\/article\\\/azerbaycan-bele-idare-olunur\\\/\"},\"wordCount\":998,\"publisher\":{\"@id\":\"https:\\\/\\\/www.meydan.tv\\\/az\\\/#organization\"},\"image\":{\"@id\":\"https:\\\/\\\/www.meydan.tv\\\/az\\\/article\\\/azerbaycan-bele-idare-olunur\\\/#primaryimage\"},\"thumbnailUrl\":\"https:\\\/\\\/www.meydan.tv\\\/wp-content\\\/uploads\\\/13586.jpg\",\"articleSection\":[\"M\u0259nim Fikrimc\u0259\"],\"inLanguage\":\"az\"},{\"@type\":\"WebPage\",\"@id\":\"https:\\\/\\\/www.meydan.tv\\\/az\\\/article\\\/azerbaycan-bele-idare-olunur\\\/\",\"url\":\"https:\\\/\\\/www.meydan.tv\\\/az\\\/article\\\/azerbaycan-bele-idare-olunur\\\/\",\"name\":\"Az\u0259rbaycan bel\u0259 idar\u0259 olunur - MEYDAN.TV\",\"isPartOf\":{\"@id\":\"https:\\\/\\\/www.meydan.tv\\\/az\\\/#website\"},\"primaryImageOfPage\":{\"@id\":\"https:\\\/\\\/www.meydan.tv\\\/az\\\/article\\\/azerbaycan-bele-idare-olunur\\\/#primaryimage\"},\"image\":{\"@id\":\"https:\\\/\\\/www.meydan.tv\\\/az\\\/article\\\/azerbaycan-bele-idare-olunur\\\/#primaryimage\"},\"thumbnailUrl\":\"https:\\\/\\\/www.meydan.tv\\\/wp-content\\\/uploads\\\/13586.jpg\",\"datePublished\":\"2015-10-25T13:06:58+00:00\",\"breadcrumb\":{\"@id\":\"https:\\\/\\\/www.meydan.tv\\\/az\\\/article\\\/azerbaycan-bele-idare-olunur\\\/#breadcrumb\"},\"inLanguage\":\"az\",\"potentialAction\":[{\"@type\":\"ReadAction\",\"target\":[\"https:\\\/\\\/www.meydan.tv\\\/az\\\/article\\\/azerbaycan-bele-idare-olunur\\\/\"]}]},{\"@type\":\"ImageObject\",\"inLanguage\":\"az\",\"@id\":\"https:\\\/\\\/www.meydan.tv\\\/az\\\/article\\\/azerbaycan-bele-idare-olunur\\\/#primaryimage\",\"url\":\"https:\\\/\\\/www.meydan.tv\\\/wp-content\\\/uploads\\\/13586.jpg\",\"contentUrl\":\"https:\\\/\\\/www.meydan.tv\\\/wp-content\\\/uploads\\\/13586.jpg\",\"width\":500,\"height\":500,\"caption\":\"Source:\"},{\"@type\":\"BreadcrumbList\",\"@id\":\"https:\\\/\\\/www.meydan.tv\\\/az\\\/article\\\/azerbaycan-bele-idare-olunur\\\/#breadcrumb\",\"itemListElement\":[{\"@type\":\"ListItem\",\"position\":1,\"name\":\"Ana s\u0259hif\u0259\",\"item\":\"https:\\\/\\\/www.meydan.tv\\\/az\\\/\"},{\"@type\":\"ListItem\",\"position\":2,\"name\":\"M\u0259nim Fikrimc\u0259\",\"item\":\"https:\\\/\\\/www.meydan.tv\\\/az\\\/section\\\/menim-fikrimce\\\/\"},{\"@type\":\"ListItem\",\"position\":3,\"name\":\"Az\u0259rbaycan bel\u0259 idar\u0259 olunur\"}]},{\"@type\":\"WebSite\",\"@id\":\"https:\\\/\\\/www.meydan.tv\\\/az\\\/#website\",\"url\":\"https:\\\/\\\/www.meydan.tv\\\/az\\\/\",\"name\":\"MEYDAN.TV\",\"description\":\"Meydan TV Az\u0259rbaycan\u0131n media m\u0259kan\u0131ndak\u0131 alternativ s\u0259sidir\",\"publisher\":{\"@id\":\"https:\\\/\\\/www.meydan.tv\\\/az\\\/#organization\"},\"potentialAction\":[{\"@type\":\"SearchAction\",\"target\":{\"@type\":\"EntryPoint\",\"urlTemplate\":\"https:\\\/\\\/www.meydan.tv\\\/az\\\/?s={search_term_string}\"},\"query-input\":{\"@type\":\"PropertyValueSpecification\",\"valueRequired\":true,\"valueName\":\"search_term_string\"}}],\"inLanguage\":\"az\"},{\"@type\":\"Organization\",\"@id\":\"https:\\\/\\\/www.meydan.tv\\\/az\\\/#organization\",\"name\":\"Meydan TV\",\"url\":\"https:\\\/\\\/www.meydan.tv\\\/az\\\/\",\"logo\":{\"@type\":\"ImageObject\",\"inLanguage\":\"az\",\"@id\":\"https:\\\/\\\/www.meydan.tv\\\/az\\\/#\\\/schema\\\/logo\\\/image\\\/\",\"url\":\"https:\\\/\\\/www.meydan.tv\\\/wp-content\\\/uploads\\\/2021\\\/07\\\/meydan-logo.svg\",\"contentUrl\":\"https:\\\/\\\/www.meydan.tv\\\/wp-content\\\/uploads\\\/2021\\\/07\\\/meydan-logo.svg\",\"width\":195,\"height\":46,\"caption\":\"Meydan TV\"},\"image\":{\"@id\":\"https:\\\/\\\/www.meydan.tv\\\/az\\\/#\\\/schema\\\/logo\\\/image\\\/\"}},{\"@type\":\"Person\",\"@id\":\"https:\\\/\\\/www.meydan.tv\\\/az\\\/#\\\/schema\\\/person\\\/10d11eccf6da3662cf5fdab9806ea91a\",\"name\":\"user-manager\"}]}<\/script>\n<!-- \/ Yoast SEO plugin. -->","yoast_head_json":{"title":"Az\u0259rbaycan bel\u0259 idar\u0259 olunur - MEYDAN.TV","robots":{"index":"index","follow":"follow","max-snippet":"max-snippet:-1","max-image-preview":"max-image-preview:large","max-video-preview":"max-video-preview:-1"},"canonical":"https:\/\/www.meydan.tv\/az\/article\/azerbaycan-bele-idare-olunur\/","og_locale":"az_AZ","og_type":"article","og_title":"Az\u0259rbaycan bel\u0259 idar\u0259 olunur - MEYDAN.TV","og_description":"Bizim t\u0259hsil sistemi","og_url":"https:\/\/www.meydan.tv\/az\/article\/azerbaycan-bele-idare-olunur\/","og_site_name":"MEYDAN.TV","article_published_time":"2015-10-25T13:06:58+00:00","og_image":[{"width":500,"height":500,"url":"https:\/\/www.meydan.tv\/wp-content\/uploads\/13586.jpg","type":"image\/jpeg"}],"author":"user-manager","twitter_card":"summary_large_image","schema":{"@context":"https:\/\/schema.org","@graph":[{"@type":"Article","@id":"https:\/\/www.meydan.tv\/az\/article\/azerbaycan-bele-idare-olunur\/#article","isPartOf":{"@id":"https:\/\/www.meydan.tv\/az\/article\/azerbaycan-bele-idare-olunur\/"},"author":{"name":"user-manager","@id":"https:\/\/www.meydan.tv\/az\/#\/schema\/person\/10d11eccf6da3662cf5fdab9806ea91a"},"headline":"Az\u0259rbaycan bel\u0259 idar\u0259 olunur","datePublished":"2015-10-25T13:06:58+00:00","mainEntityOfPage":{"@id":"https:\/\/www.meydan.tv\/az\/article\/azerbaycan-bele-idare-olunur\/"},"wordCount":998,"publisher":{"@id":"https:\/\/www.meydan.tv\/az\/#organization"},"image":{"@id":"https:\/\/www.meydan.tv\/az\/article\/azerbaycan-bele-idare-olunur\/#primaryimage"},"thumbnailUrl":"https:\/\/www.meydan.tv\/wp-content\/uploads\/13586.jpg","articleSection":["M\u0259nim Fikrimc\u0259"],"inLanguage":"az"},{"@type":"WebPage","@id":"https:\/\/www.meydan.tv\/az\/article\/azerbaycan-bele-idare-olunur\/","url":"https:\/\/www.meydan.tv\/az\/article\/azerbaycan-bele-idare-olunur\/","name":"Az\u0259rbaycan bel\u0259 idar\u0259 olunur - MEYDAN.TV","isPartOf":{"@id":"https:\/\/www.meydan.tv\/az\/#website"},"primaryImageOfPage":{"@id":"https:\/\/www.meydan.tv\/az\/article\/azerbaycan-bele-idare-olunur\/#primaryimage"},"image":{"@id":"https:\/\/www.meydan.tv\/az\/article\/azerbaycan-bele-idare-olunur\/#primaryimage"},"thumbnailUrl":"https:\/\/www.meydan.tv\/wp-content\/uploads\/13586.jpg","datePublished":"2015-10-25T13:06:58+00:00","breadcrumb":{"@id":"https:\/\/www.meydan.tv\/az\/article\/azerbaycan-bele-idare-olunur\/#breadcrumb"},"inLanguage":"az","potentialAction":[{"@type":"ReadAction","target":["https:\/\/www.meydan.tv\/az\/article\/azerbaycan-bele-idare-olunur\/"]}]},{"@type":"ImageObject","inLanguage":"az","@id":"https:\/\/www.meydan.tv\/az\/article\/azerbaycan-bele-idare-olunur\/#primaryimage","url":"https:\/\/www.meydan.tv\/wp-content\/uploads\/13586.jpg","contentUrl":"https:\/\/www.meydan.tv\/wp-content\/uploads\/13586.jpg","width":500,"height":500,"caption":"Source:"},{"@type":"BreadcrumbList","@id":"https:\/\/www.meydan.tv\/az\/article\/azerbaycan-bele-idare-olunur\/#breadcrumb","itemListElement":[{"@type":"ListItem","position":1,"name":"Ana s\u0259hif\u0259","item":"https:\/\/www.meydan.tv\/az\/"},{"@type":"ListItem","position":2,"name":"M\u0259nim Fikrimc\u0259","item":"https:\/\/www.meydan.tv\/az\/section\/menim-fikrimce\/"},{"@type":"ListItem","position":3,"name":"Az\u0259rbaycan bel\u0259 idar\u0259 olunur"}]},{"@type":"WebSite","@id":"https:\/\/www.meydan.tv\/az\/#website","url":"https:\/\/www.meydan.tv\/az\/","name":"MEYDAN.TV","description":"Meydan TV Az\u0259rbaycan\u0131n media m\u0259kan\u0131ndak\u0131 alternativ s\u0259sidir","publisher":{"@id":"https:\/\/www.meydan.tv\/az\/#organization"},"potentialAction":[{"@type":"SearchAction","target":{"@type":"EntryPoint","urlTemplate":"https:\/\/www.meydan.tv\/az\/?s={search_term_string}"},"query-input":{"@type":"PropertyValueSpecification","valueRequired":true,"valueName":"search_term_string"}}],"inLanguage":"az"},{"@type":"Organization","@id":"https:\/\/www.meydan.tv\/az\/#organization","name":"Meydan TV","url":"https:\/\/www.meydan.tv\/az\/","logo":{"@type":"ImageObject","inLanguage":"az","@id":"https:\/\/www.meydan.tv\/az\/#\/schema\/logo\/image\/","url":"https:\/\/www.meydan.tv\/wp-content\/uploads\/2021\/07\/meydan-logo.svg","contentUrl":"https:\/\/www.meydan.tv\/wp-content\/uploads\/2021\/07\/meydan-logo.svg","width":195,"height":46,"caption":"Meydan TV"},"image":{"@id":"https:\/\/www.meydan.tv\/az\/#\/schema\/logo\/image\/"}},{"@type":"Person","@id":"https:\/\/www.meydan.tv\/az\/#\/schema\/person\/10d11eccf6da3662cf5fdab9806ea91a","name":"user-manager"}]}},"_links":{"self":[{"href":"https:\/\/www.meydan.tv\/az\/wp-json\/wp\/v2\/posts\/170628","targetHints":{"allow":["GET"]}}],"collection":[{"href":"https:\/\/www.meydan.tv\/az\/wp-json\/wp\/v2\/posts"}],"about":[{"href":"https:\/\/www.meydan.tv\/az\/wp-json\/wp\/v2\/types\/post"}],"author":[{"embeddable":true,"href":"https:\/\/www.meydan.tv\/az\/wp-json\/wp\/v2\/users\/11"}],"replies":[{"embeddable":true,"href":"https:\/\/www.meydan.tv\/az\/wp-json\/wp\/v2\/comments?post=170628"}],"version-history":[{"count":0,"href":"https:\/\/www.meydan.tv\/az\/wp-json\/wp\/v2\/posts\/170628\/revisions"}],"wp:featuredmedia":[{"embeddable":true,"href":"https:\/\/www.meydan.tv\/az\/wp-json\/wp\/v2\/media\/36307"}],"wp:attachment":[{"href":"https:\/\/www.meydan.tv\/az\/wp-json\/wp\/v2\/media?parent=170628"}],"wp:term":[{"taxonomy":"category","embeddable":true,"href":"https:\/\/www.meydan.tv\/az\/wp-json\/wp\/v2\/categories?post=170628"},{"taxonomy":"post_tag","embeddable":true,"href":"https:\/\/www.meydan.tv\/az\/wp-json\/wp\/v2\/tags?post=170628"}],"curies":[{"name":"wp","href":"https:\/\/api.w.org\/{rel}","templated":true}]}}