{"id":170555,"date":"2015-10-22T00:22:34","date_gmt":"2015-10-22T00:22:34","guid":{"rendered":"https:\/\/www.meydan.tv\/article\/opuse-bilmeyenlerin-faciesi\/"},"modified":"2015-10-22T00:22:34","modified_gmt":"2015-10-22T00:22:34","slug":"opuse-bilmeyenlerin-faciesi","status":"publish","type":"post","link":"https:\/\/www.meydan.tv\/az\/article\/opuse-bilmeyenlerin-faciesi\/","title":{"rendered":"\u00d6p\u00fc\u015f\u0259 bilm\u0259y\u0259nl\u0259rin faci\u0259si"},"content":{"rendered":"<figure class=\"wp-block-image size-large\">\n  <img decoding=\"async\" src=\"https:\/\/www.meydan.tv\/az\/36039\/\" alt=\"\" class=\"wp-image-36039\"\/><figcaption><\/figcaption><\/figure>\n<figure class=\"wp-block-image size-large\">\n  <img decoding=\"async\" src=\"https:\/\/www.meydan.tv\/az\/36045\/\" alt=\"\" class=\"wp-image-36045\"\/><figcaption><\/figcaption><\/figure>\n<p>\n  B\u00fct\u00fcn d\u00f6vrl\u0259rd\u0259 insanlara qar\u015f\u0131 edil\u0259n qada\u011falar onu g\u00f6st\u0259rib ki, qada\u011falar\u0131n yaratd\u0131\u011f\u0131 n\u0259tic\u0259l\u0259r sonunda c\u0259miyy\u0259ti sars\u0131d\u0131r. \u00d6zl\u0259ri d\u0259 bilm\u0259d\u0259n zamanla h\u0259min qada\u011falar \u00f6zl\u0259rin\u0259 qar\u015f\u0131 tu\u015flanm\u0131\u015f silaha \u00e7evrilir. Az\u0259rbaycanda g\u0259ncl\u0259rin adi \u00f6p\u00fc\u015fm\u0259si bel\u0259 \u00f6l\u00fcm\u00fcn\u0259 s\u0259b\u0259b olur. El\u0259 bu g\u00fcn ya\u015fananlar kimi&#8230;\n<\/p>\n<p>\n  C\u0259miyy\u0259tin \u00e7\u00fcr\u00fck \u0259n\u0259n\u0259l\u0259ri g\u0259ncl\u0259ri bel\u0259 qada\u011falarla m\u0259hv edir.\n<\/p>\n<p>\n  Rayonlarda insanlar itl\u0259, \u00e7aqqalla d\u00f6y\u00fc\u015f\u0259-d\u00f6y\u00fc\u015f\u0259 me\u015f\u0259l\u0259rd\u0259 sevi\u015fir. Bu kim\u0259s\u0259 g\u00fclm\u0259li g\u0259l\u0259 bil\u0259r. Amma h\u0259qiq\u0259tdir.G\u0259ncl\u0259rin \u00e7oxu m\u0259kt\u0259b binalar\u0131nda sevi\u015fir. A\u011f\u0131la g\u0259lm\u0259y\u0259n, g\u00f6z\u0259 g\u00f6r\u00fcnm\u0259y\u0259n h\u0259r yerd\u0259 bizim g\u0259ncl\u0259rin faci\u0259sil\u0259 qar\u015f\u0131la\u015fmaq olar. Paytaxt\u0131m\u0131z da el\u0259 b\u00f6lg\u0259l\u0259rimizl\u0259 eyni hadis\u0259l\u0259rin \u015fahidi olur. Polisd\u0259n qorxurlar, ail\u0259d\u0259n qorxurlar, qon\u015fudan qorxurlar, qohumdan qorxurlar.\n<\/p>\n<p>\n  H\u0259l\u0259 bunlar azm\u0131\u015f kimi, he\u00e7 tan\u0131mad\u0131qlar\u0131 birinin d\u0259 onlara z\u0259r\u0259r yetir\u0259c\u0259yind\u0259n qorxurlar. N\u0259tic\u0259d\u0259 bu g\u00fcn ald\u0131\u011f\u0131m\u0131z x\u0259b\u0259r kimi ac\u0131nacaql\u0131 hadis\u0259l\u0259r ba\u015f verir.\n<\/p>\n<p>\n  D\u00fcn\u0259n Bak\u0131da q\u0131zla o\u011flan transformatorun qap\u0131s\u0131n\u0131 a\u00e7\u0131b, i\u00e7in\u0259 giribl\u0259r. H\u0259r ikisi a\u011f\u0131r x\u0259sar\u0259t al\u0131b. X\u0259b\u0259r \u00e7\u0131xanda h\u0259l\u0259 onlar\u0131n ora girm\u0259 s\u0259b\u0259bi m\u0259lum deyildi, amma sonradan m\u0259lum oldu ki, o g\u0259ncl\u0259r sevgili olublar v\u0259 ora sevi\u015fm\u0259k \u00fc\u00e7\u00fcn giribl\u0259r. Bunlar\u0131 qon\u015fular dan\u0131\u015f\u0131b, el\u0259 hadis\u0259 d\u0259 h\u0259r ikisinin ya\u015fad\u0131\u011f\u0131 m\u0259h\u0259ll\u0259d\u0259 ba\u015f verib. H\u0259tta qon\u015fular\u0131n biri onlar\u0131 ba\u015fqa yer tapmamaqda q\u0131nay\u0131b. \u00c7ox d\u0259h\u015f\u0259tli \u00f6lk\u0259d\u0259 ya\u015fay\u0131r\u0131q, o q\u0259d\u0259r insan oturub d\u00fc\u015f\u00fcn\u0259 bilm\u0259yib ki, g\u0259ncl\u0259rin indi d\u00fc\u015fd\u00fcy\u00fc hala onlar \u00f6z\u00fc \u015f\u0259rait yarad\u0131b. \u018fg\u0259r onlar transformatorun i\u00e7ind\u0259 sa\u011flam tap\u0131lsayd\u0131, indi b\u00fct\u00fcn m\u0259h\u0259ll\u0259 o g\u0259ncl\u0259ri t\u0259rbiyy\u0259sizlikd\u0259 g\u00fcnahland\u0131racaqd\u0131lar.\n<\/p>\n<p>\n  Bilm\u0259k olmaz, b\u0259lk\u0259 d\u0259 bir \u201cqeyr\u0259tp\u0259r\u0259st\u201d \u00e7\u0131x\u0131b, onlar\u0131 d\u00f6y\u0259rdi, b\u0131\u00e7aqlayard\u0131, bir az da \u201cqeyr\u0259ti\u201d \u00e7ox olsa, \u00f6ld\u00fcr\u0259rdi. \u0130ndi q\u0131z\u0131n valideyinl\u0259ri x\u0259st\u0259xanada \u00f6vladlar\u0131 \u00fc\u00e7\u00fcn dua edir. Amma onlar sa\u011f-salamat oradan \u00e7\u0131xsayd\u0131lar, b\u0259lk\u0259 d\u0259 \u00e7oxdan \u00f6zl\u0259ri \u00f6ld\u00fcrm\u00fc\u015fd\u00fc ya da evd\u0259n qovmu\u015fdular.<br \/>\n  <br \/>\n  Bir \u00e7ox yerd\u0259 bel\u0259 hadis\u0259 oldu\u011funu e\u015fitmi\u015f\u0259m, e\u015fitdikl\u0259rim d\u0259 sevi\u015fm\u0259 s\u0259b\u0259bind\u0259n olub. Birini d\u0259 el\u0259 bu yax\u0131n da e\u015fitdim, amma iki o\u011flan olublar. Deyil\u0259n\u0259 d\u00f6r\u0259, onlar\u0131n a\u011f\u0131r v\u0259ziyy\u0259tind\u0259 he\u00e7 yax\u0131n duran da olmay\u0131b. Az\u0259rbaycanda g\u0259ncl\u0259rin h\u0259l\u0259 d\u0259 ev problemi var. Bu boyda \u00f6lk\u0259d\u0259 \u00f6p\u00fc\u015fm\u0259y\u0259 yer tapa bilmirl\u0259r. H\u0259l\u0259 d\u0259 g\u0259ncl\u0259rin sevi\u015fm\u0259si onlara h\u0259yat\u0131 bahas\u0131na ba\u015fa g\u0259lir. Lap transformatorun i\u00e7i olmas\u0131n, ev ya k\u00fc\u00e7\u0259 olsun. \u0130st\u0259r ail\u0259sind\u0259n, ist\u0259r yad bir insan yen\u0259 d\u0259 onlara \u00f6l\u00fcm\u0259 b\u0259rab\u0259r x\u0259sar\u0259t yetir\u0259 bil\u0259rl\u0259r, ya da el\u0259 \u00f6ld\u00fcr\u0259rl\u0259r.\n<\/p>\n<p>\n  \u018fg\u0259r bel\u0259 hadis\u0259 birinci d\u0259f\u0259 olsayd\u0131, b\u00fct\u00fcn c\u0259miyy\u0259tin onlar\u0131 q\u0131nama haqq\u0131 olard\u0131, amma birinci deyil v\u0259 s\u0259b\u0259bkar da el\u0259 c\u0259miyy\u0259tdi. Amma h\u0259r iki halda yen\u0259 d\u0259 ham\u0131 onlar\u0131 q\u0131nayacaq v\u0259 q\u0131nay\u0131r. \u00c7\u00fcnki \u00f6z s\u0259hvl\u0259rini bilmirl\u0259r. El\u0259 anormall\u0131q da budur. \u0130ndi dey\u0259c\u0259kl\u0259r: &#8220;\u015e\u00fck\u00fcr \u00f6lm\u0259yibl\u0259r, \u00f6l\u0259 d\u0259 bil\u0259rdil\u0259r.&#8221; Sonra bir ne\u00e7\u0259si d\u0259 o transformatorun i\u00e7ind\u0259 x\u0259sar\u0259t alacaq, amma \u00f6lm\u0259y\u0259c\u0259k. Daha sonra is\u0259 transformatorlar inanc yeri olacaq, evl\u0259n\u0259nd\u0259 b\u0259yl\u0259 g\u0259lin transformator oyuncaqlar\u0131n alt\u0131ndan ke\u00e7\u0259c\u0259kl\u0259r, ya da transformatora b\u0259nz\u0259r \u015fadl\u0131q saraylar\u0131 tikil\u0259c\u0259k.\n<\/p>\n<p>\n  \u018fn d\u0259h\u015f\u0259tlisi is\u0259 indi h\u0259r k\u0259sin transformatorun qap\u0131s\u0131n\u0131n a\u00e7\u0131q olmas\u0131na etiraz etm\u0259sidir. G\u0259ncl\u0259ri \u00f6ld\u00fcrm\u0259y\u0259 haz\u0131rd\u0131lar, amma \u00f6z s\u0259hvl\u0259rini d\u00fc\u015f\u00fcnm\u0259y\u0259 haz\u0131r deyill\u0259r. Onlar n\u0259 q\u0259d\u0259r d\u00fc\u015f\u00fcn\u0259 bilmirl\u0259rs\u0259, o q\u0259d\u0259r bel\u0259 hadis\u0259l\u0259r ba\u015f ver\u0259c\u0259k&#8230;\n<\/p>\n<p>\n  <b><br \/>\n    Yaz\u0131 m\u00fc\u0259llifin \u015f\u0259xsi m\u00f6vqeyini \u0259ks etdirir<br \/>\n  <\/b>\n<\/p><\/p>\n","protected":false},"excerpt":{"rendered":"<p>M\u00fcasir \u201c\u018fsli v\u0259 K\u0259r\u0259m\u201d hekay\u0259ti\u2026<\/p>\n","protected":false},"author":11,"featured_media":36039,"comment_status":"closed","ping_status":"open","sticky":false,"template":"","format":"standard","meta":{"_acf_changed":false,"_sitemap_exclude":false,"_sitemap_priority":"","_sitemap_frequency":"","footnotes":""},"categories":[57],"tags":[],"class_list":["post-170555","post","type-post","status-publish","format-standard","has-post-thumbnail","hentry","category-menim-fikrimce","infinite-scroll-item","generate-columns","tablet-grid-50","mobile-grid-100","grid-parent","grid-33","no-featured-image-padding"],"acf":[],"yoast_head":"<!-- This site is optimized with the Yoast SEO plugin v27.5 - https:\/\/yoast.com\/product\/yoast-seo-wordpress\/ -->\n<title>\u00d6p\u00fc\u015f\u0259 bilm\u0259y\u0259nl\u0259rin faci\u0259si - MEYDAN.TV<\/title>\n<meta name=\"robots\" content=\"index, follow, max-snippet:-1, max-image-preview:large, max-video-preview:-1\" \/>\n<link rel=\"canonical\" href=\"https:\/\/www.meydan.tv\/az\/article\/opuse-bilmeyenlerin-faciesi\/\" \/>\n<meta property=\"og:locale\" content=\"az_AZ\" \/>\n<meta property=\"og:type\" content=\"article\" \/>\n<meta property=\"og:title\" content=\"\u00d6p\u00fc\u015f\u0259 bilm\u0259y\u0259nl\u0259rin faci\u0259si - MEYDAN.TV\" \/>\n<meta property=\"og:description\" content=\"M\u00fcasir \u201c\u018fsli v\u0259 K\u0259r\u0259m\u201d hekay\u0259ti\u2026\" \/>\n<meta property=\"og:url\" content=\"https:\/\/www.meydan.tv\/az\/article\/opuse-bilmeyenlerin-faciesi\/\" \/>\n<meta property=\"og:site_name\" content=\"MEYDAN.TV\" \/>\n<meta property=\"article:published_time\" content=\"2015-10-22T00:22:34+00:00\" \/>\n<meta property=\"og:image\" content=\"https:\/\/www.meydan.tv\/wp-content\/uploads\/13487.jpg\" \/>\n\t<meta property=\"og:image:width\" content=\"500\" \/>\n\t<meta property=\"og:image:height\" content=\"500\" \/>\n\t<meta property=\"og:image:type\" content=\"image\/jpeg\" \/>\n<meta name=\"author\" content=\"user-manager\" \/>\n<meta name=\"twitter:card\" content=\"summary_large_image\" \/>\n<script type=\"application\/ld+json\" class=\"yoast-schema-graph\">{\"@context\":\"https:\\\/\\\/schema.org\",\"@graph\":[{\"@type\":\"Article\",\"@id\":\"https:\\\/\\\/www.meydan.tv\\\/az\\\/article\\\/opuse-bilmeyenlerin-faciesi\\\/#article\",\"isPartOf\":{\"@id\":\"https:\\\/\\\/www.meydan.tv\\\/az\\\/article\\\/opuse-bilmeyenlerin-faciesi\\\/\"},\"author\":{\"name\":\"user-manager\",\"@id\":\"https:\\\/\\\/www.meydan.tv\\\/az\\\/#\\\/schema\\\/person\\\/10d11eccf6da3662cf5fdab9806ea91a\"},\"headline\":\"\u00d6p\u00fc\u015f\u0259 bilm\u0259y\u0259nl\u0259rin faci\u0259si\",\"datePublished\":\"2015-10-22T00:22:34+00:00\",\"mainEntityOfPage\":{\"@id\":\"https:\\\/\\\/www.meydan.tv\\\/az\\\/article\\\/opuse-bilmeyenlerin-faciesi\\\/\"},\"wordCount\":787,\"publisher\":{\"@id\":\"https:\\\/\\\/www.meydan.tv\\\/az\\\/#organization\"},\"image\":{\"@id\":\"https:\\\/\\\/www.meydan.tv\\\/az\\\/article\\\/opuse-bilmeyenlerin-faciesi\\\/#primaryimage\"},\"thumbnailUrl\":\"https:\\\/\\\/www.meydan.tv\\\/wp-content\\\/uploads\\\/13487.jpg\",\"articleSection\":[\"M\u0259nim Fikrimc\u0259\"],\"inLanguage\":\"az\"},{\"@type\":\"WebPage\",\"@id\":\"https:\\\/\\\/www.meydan.tv\\\/az\\\/article\\\/opuse-bilmeyenlerin-faciesi\\\/\",\"url\":\"https:\\\/\\\/www.meydan.tv\\\/az\\\/article\\\/opuse-bilmeyenlerin-faciesi\\\/\",\"name\":\"\u00d6p\u00fc\u015f\u0259 bilm\u0259y\u0259nl\u0259rin faci\u0259si - MEYDAN.TV\",\"isPartOf\":{\"@id\":\"https:\\\/\\\/www.meydan.tv\\\/az\\\/#website\"},\"primaryImageOfPage\":{\"@id\":\"https:\\\/\\\/www.meydan.tv\\\/az\\\/article\\\/opuse-bilmeyenlerin-faciesi\\\/#primaryimage\"},\"image\":{\"@id\":\"https:\\\/\\\/www.meydan.tv\\\/az\\\/article\\\/opuse-bilmeyenlerin-faciesi\\\/#primaryimage\"},\"thumbnailUrl\":\"https:\\\/\\\/www.meydan.tv\\\/wp-content\\\/uploads\\\/13487.jpg\",\"datePublished\":\"2015-10-22T00:22:34+00:00\",\"breadcrumb\":{\"@id\":\"https:\\\/\\\/www.meydan.tv\\\/az\\\/article\\\/opuse-bilmeyenlerin-faciesi\\\/#breadcrumb\"},\"inLanguage\":\"az\",\"potentialAction\":[{\"@type\":\"ReadAction\",\"target\":[\"https:\\\/\\\/www.meydan.tv\\\/az\\\/article\\\/opuse-bilmeyenlerin-faciesi\\\/\"]}]},{\"@type\":\"ImageObject\",\"inLanguage\":\"az\",\"@id\":\"https:\\\/\\\/www.meydan.tv\\\/az\\\/article\\\/opuse-bilmeyenlerin-faciesi\\\/#primaryimage\",\"url\":\"https:\\\/\\\/www.meydan.tv\\\/wp-content\\\/uploads\\\/13487.jpg\",\"contentUrl\":\"https:\\\/\\\/www.meydan.tv\\\/wp-content\\\/uploads\\\/13487.jpg\",\"width\":500,\"height\":500,\"caption\":\"Source:\"},{\"@type\":\"BreadcrumbList\",\"@id\":\"https:\\\/\\\/www.meydan.tv\\\/az\\\/article\\\/opuse-bilmeyenlerin-faciesi\\\/#breadcrumb\",\"itemListElement\":[{\"@type\":\"ListItem\",\"position\":1,\"name\":\"Ana s\u0259hif\u0259\",\"item\":\"https:\\\/\\\/www.meydan.tv\\\/az\\\/\"},{\"@type\":\"ListItem\",\"position\":2,\"name\":\"M\u0259nim Fikrimc\u0259\",\"item\":\"https:\\\/\\\/www.meydan.tv\\\/az\\\/section\\\/menim-fikrimce\\\/\"},{\"@type\":\"ListItem\",\"position\":3,\"name\":\"\u00d6p\u00fc\u015f\u0259 bilm\u0259y\u0259nl\u0259rin faci\u0259si\"}]},{\"@type\":\"WebSite\",\"@id\":\"https:\\\/\\\/www.meydan.tv\\\/az\\\/#website\",\"url\":\"https:\\\/\\\/www.meydan.tv\\\/az\\\/\",\"name\":\"MEYDAN.TV\",\"description\":\"Meydan TV Az\u0259rbaycan\u0131n media m\u0259kan\u0131ndak\u0131 alternativ s\u0259sidir\",\"publisher\":{\"@id\":\"https:\\\/\\\/www.meydan.tv\\\/az\\\/#organization\"},\"potentialAction\":[{\"@type\":\"SearchAction\",\"target\":{\"@type\":\"EntryPoint\",\"urlTemplate\":\"https:\\\/\\\/www.meydan.tv\\\/az\\\/?s={search_term_string}\"},\"query-input\":{\"@type\":\"PropertyValueSpecification\",\"valueRequired\":true,\"valueName\":\"search_term_string\"}}],\"inLanguage\":\"az\"},{\"@type\":\"Organization\",\"@id\":\"https:\\\/\\\/www.meydan.tv\\\/az\\\/#organization\",\"name\":\"Meydan TV\",\"url\":\"https:\\\/\\\/www.meydan.tv\\\/az\\\/\",\"logo\":{\"@type\":\"ImageObject\",\"inLanguage\":\"az\",\"@id\":\"https:\\\/\\\/www.meydan.tv\\\/az\\\/#\\\/schema\\\/logo\\\/image\\\/\",\"url\":\"https:\\\/\\\/www.meydan.tv\\\/wp-content\\\/uploads\\\/2021\\\/07\\\/meydan-logo.svg\",\"contentUrl\":\"https:\\\/\\\/www.meydan.tv\\\/wp-content\\\/uploads\\\/2021\\\/07\\\/meydan-logo.svg\",\"width\":195,\"height\":46,\"caption\":\"Meydan TV\"},\"image\":{\"@id\":\"https:\\\/\\\/www.meydan.tv\\\/az\\\/#\\\/schema\\\/logo\\\/image\\\/\"}},{\"@type\":\"Person\",\"@id\":\"https:\\\/\\\/www.meydan.tv\\\/az\\\/#\\\/schema\\\/person\\\/10d11eccf6da3662cf5fdab9806ea91a\",\"name\":\"user-manager\"}]}<\/script>\n<!-- \/ Yoast SEO plugin. -->","yoast_head_json":{"title":"\u00d6p\u00fc\u015f\u0259 bilm\u0259y\u0259nl\u0259rin faci\u0259si - MEYDAN.TV","robots":{"index":"index","follow":"follow","max-snippet":"max-snippet:-1","max-image-preview":"max-image-preview:large","max-video-preview":"max-video-preview:-1"},"canonical":"https:\/\/www.meydan.tv\/az\/article\/opuse-bilmeyenlerin-faciesi\/","og_locale":"az_AZ","og_type":"article","og_title":"\u00d6p\u00fc\u015f\u0259 bilm\u0259y\u0259nl\u0259rin faci\u0259si - MEYDAN.TV","og_description":"M\u00fcasir \u201c\u018fsli v\u0259 K\u0259r\u0259m\u201d hekay\u0259ti\u2026","og_url":"https:\/\/www.meydan.tv\/az\/article\/opuse-bilmeyenlerin-faciesi\/","og_site_name":"MEYDAN.TV","article_published_time":"2015-10-22T00:22:34+00:00","og_image":[{"width":500,"height":500,"url":"https:\/\/www.meydan.tv\/wp-content\/uploads\/13487.jpg","type":"image\/jpeg"}],"author":"user-manager","twitter_card":"summary_large_image","schema":{"@context":"https:\/\/schema.org","@graph":[{"@type":"Article","@id":"https:\/\/www.meydan.tv\/az\/article\/opuse-bilmeyenlerin-faciesi\/#article","isPartOf":{"@id":"https:\/\/www.meydan.tv\/az\/article\/opuse-bilmeyenlerin-faciesi\/"},"author":{"name":"user-manager","@id":"https:\/\/www.meydan.tv\/az\/#\/schema\/person\/10d11eccf6da3662cf5fdab9806ea91a"},"headline":"\u00d6p\u00fc\u015f\u0259 bilm\u0259y\u0259nl\u0259rin faci\u0259si","datePublished":"2015-10-22T00:22:34+00:00","mainEntityOfPage":{"@id":"https:\/\/www.meydan.tv\/az\/article\/opuse-bilmeyenlerin-faciesi\/"},"wordCount":787,"publisher":{"@id":"https:\/\/www.meydan.tv\/az\/#organization"},"image":{"@id":"https:\/\/www.meydan.tv\/az\/article\/opuse-bilmeyenlerin-faciesi\/#primaryimage"},"thumbnailUrl":"https:\/\/www.meydan.tv\/wp-content\/uploads\/13487.jpg","articleSection":["M\u0259nim Fikrimc\u0259"],"inLanguage":"az"},{"@type":"WebPage","@id":"https:\/\/www.meydan.tv\/az\/article\/opuse-bilmeyenlerin-faciesi\/","url":"https:\/\/www.meydan.tv\/az\/article\/opuse-bilmeyenlerin-faciesi\/","name":"\u00d6p\u00fc\u015f\u0259 bilm\u0259y\u0259nl\u0259rin faci\u0259si - MEYDAN.TV","isPartOf":{"@id":"https:\/\/www.meydan.tv\/az\/#website"},"primaryImageOfPage":{"@id":"https:\/\/www.meydan.tv\/az\/article\/opuse-bilmeyenlerin-faciesi\/#primaryimage"},"image":{"@id":"https:\/\/www.meydan.tv\/az\/article\/opuse-bilmeyenlerin-faciesi\/#primaryimage"},"thumbnailUrl":"https:\/\/www.meydan.tv\/wp-content\/uploads\/13487.jpg","datePublished":"2015-10-22T00:22:34+00:00","breadcrumb":{"@id":"https:\/\/www.meydan.tv\/az\/article\/opuse-bilmeyenlerin-faciesi\/#breadcrumb"},"inLanguage":"az","potentialAction":[{"@type":"ReadAction","target":["https:\/\/www.meydan.tv\/az\/article\/opuse-bilmeyenlerin-faciesi\/"]}]},{"@type":"ImageObject","inLanguage":"az","@id":"https:\/\/www.meydan.tv\/az\/article\/opuse-bilmeyenlerin-faciesi\/#primaryimage","url":"https:\/\/www.meydan.tv\/wp-content\/uploads\/13487.jpg","contentUrl":"https:\/\/www.meydan.tv\/wp-content\/uploads\/13487.jpg","width":500,"height":500,"caption":"Source:"},{"@type":"BreadcrumbList","@id":"https:\/\/www.meydan.tv\/az\/article\/opuse-bilmeyenlerin-faciesi\/#breadcrumb","itemListElement":[{"@type":"ListItem","position":1,"name":"Ana s\u0259hif\u0259","item":"https:\/\/www.meydan.tv\/az\/"},{"@type":"ListItem","position":2,"name":"M\u0259nim Fikrimc\u0259","item":"https:\/\/www.meydan.tv\/az\/section\/menim-fikrimce\/"},{"@type":"ListItem","position":3,"name":"\u00d6p\u00fc\u015f\u0259 bilm\u0259y\u0259nl\u0259rin faci\u0259si"}]},{"@type":"WebSite","@id":"https:\/\/www.meydan.tv\/az\/#website","url":"https:\/\/www.meydan.tv\/az\/","name":"MEYDAN.TV","description":"Meydan TV Az\u0259rbaycan\u0131n media m\u0259kan\u0131ndak\u0131 alternativ s\u0259sidir","publisher":{"@id":"https:\/\/www.meydan.tv\/az\/#organization"},"potentialAction":[{"@type":"SearchAction","target":{"@type":"EntryPoint","urlTemplate":"https:\/\/www.meydan.tv\/az\/?s={search_term_string}"},"query-input":{"@type":"PropertyValueSpecification","valueRequired":true,"valueName":"search_term_string"}}],"inLanguage":"az"},{"@type":"Organization","@id":"https:\/\/www.meydan.tv\/az\/#organization","name":"Meydan TV","url":"https:\/\/www.meydan.tv\/az\/","logo":{"@type":"ImageObject","inLanguage":"az","@id":"https:\/\/www.meydan.tv\/az\/#\/schema\/logo\/image\/","url":"https:\/\/www.meydan.tv\/wp-content\/uploads\/2021\/07\/meydan-logo.svg","contentUrl":"https:\/\/www.meydan.tv\/wp-content\/uploads\/2021\/07\/meydan-logo.svg","width":195,"height":46,"caption":"Meydan TV"},"image":{"@id":"https:\/\/www.meydan.tv\/az\/#\/schema\/logo\/image\/"}},{"@type":"Person","@id":"https:\/\/www.meydan.tv\/az\/#\/schema\/person\/10d11eccf6da3662cf5fdab9806ea91a","name":"user-manager"}]}},"_links":{"self":[{"href":"https:\/\/www.meydan.tv\/az\/wp-json\/wp\/v2\/posts\/170555","targetHints":{"allow":["GET"]}}],"collection":[{"href":"https:\/\/www.meydan.tv\/az\/wp-json\/wp\/v2\/posts"}],"about":[{"href":"https:\/\/www.meydan.tv\/az\/wp-json\/wp\/v2\/types\/post"}],"author":[{"embeddable":true,"href":"https:\/\/www.meydan.tv\/az\/wp-json\/wp\/v2\/users\/11"}],"replies":[{"embeddable":true,"href":"https:\/\/www.meydan.tv\/az\/wp-json\/wp\/v2\/comments?post=170555"}],"version-history":[{"count":0,"href":"https:\/\/www.meydan.tv\/az\/wp-json\/wp\/v2\/posts\/170555\/revisions"}],"wp:featuredmedia":[{"embeddable":true,"href":"https:\/\/www.meydan.tv\/az\/wp-json\/wp\/v2\/media\/36039"}],"wp:attachment":[{"href":"https:\/\/www.meydan.tv\/az\/wp-json\/wp\/v2\/media?parent=170555"}],"wp:term":[{"taxonomy":"category","embeddable":true,"href":"https:\/\/www.meydan.tv\/az\/wp-json\/wp\/v2\/categories?post=170555"},{"taxonomy":"post_tag","embeddable":true,"href":"https:\/\/www.meydan.tv\/az\/wp-json\/wp\/v2\/tags?post=170555"}],"curies":[{"name":"wp","href":"https:\/\/api.w.org\/{rel}","templated":true}]}}