{"id":170514,"date":"2015-10-19T16:56:58","date_gmt":"2015-10-19T16:56:58","guid":{"rendered":"https:\/\/www.meydan.tv\/article\/menim-qardaslarim\/"},"modified":"2015-10-19T16:56:58","modified_gmt":"2015-10-19T16:56:58","slug":"menim-qardaslarim","status":"publish","type":"post","link":"https:\/\/www.meydan.tv\/az\/article\/menim-qardaslarim\/","title":{"rendered":"M\u0259nim qarda\u015flar\u0131m"},"content":{"rendered":"<figure class=\"wp-block-image size-large\">\n  <img decoding=\"async\" src=\"https:\/\/www.meydan.tv\/az\/35861\/\" alt=\"\" class=\"wp-image-35861\"\/><figcaption><\/figcaption><\/figure>\n<figure class=\"wp-block-image size-large\">\n  <img decoding=\"async\" src=\"https:\/\/www.meydan.tv\/az\/35729\/\" alt=\"\" class=\"wp-image-35729\"\/><figcaption><\/figcaption><\/figure>\n<p>\n  Qarda\u015flar\u0131mla he\u00e7 vaxt aram yax\u015f\u0131 olmay\u0131b. \u015e\u0259xsi he\u00e7 bir s\u0259b\u0259bi yoxdur \u2013 onlar mentalitet, \u0259n\u0259n\u0259, el adamlar\u0131d\u0131lar. Orta statistik az\u0259rbaycanl\u0131d\u0131rlar. Buna g\u00f6r\u0259 d\u0259, n\u0259 m\u0259ni ba\u015fa d\u00fc\u015f\u0259 bilibl\u0259r, n\u0259 d\u0259 t\u0259qdir ed\u0259 bilibl\u0259r. 30 il boyunca birt\u0259h\u0259r, \u00f6l\u00fcm-z\u00fcl\u00fcml\u0259 m\u00fcnasib\u0259tl\u0259rimizi davam etdirmi\u015fik. N\u0259 yaz\u0131lar\u0131m\u0131 oxuyublar, n\u0259 i\u015fl\u0259rimd\u0259n x\u0259b\u0259r tutublar. Ordan-burdan, oxuyan adamlardan t\u0259hrif olunmu\u015f \u015f\u0259kild\u0259 qulaqlar\u0131na \u00e7at\u0131b ki, he\u00e7 d\u0259 yax\u015f\u0131 \u015feyl\u0259r yazm\u0131ram, el\u0259mir\u0259m. B\u0259z\u0259n m\u0259n\u0259 el\u0259 sual veribl\u0259r ki, o sual\u0131 e\u015fitdiyim\u0259 g\u00f6r\u0259, m\u0259n utanm\u0131\u015fam onlar\u0131n yerin\u0259&#8230;\n<\/p>\n<p>\n  \u0130ndi rejim m\u0259nim yaz\u0131lar\u0131m\u0131 oxumayan, d\u0259st\u0259kl\u0259m\u0259y\u0259n, \u00f6m\u00fcrl\u0259rind\u0259 siyas\u0259t\u0259 qar\u0131\u015fmayan iki qarda\u015f\u0131m\u0131 h\u0259bs edib. G\u00f6zl\u0259nil\u0259n idi. \u00c7\u00fcnki, ham\u0131m\u0131z bilirik ki, v\u0259ziyy\u0259t n\u0259 yerd\u0259dir. Amma bu h\u0259bs rejimin n\u0259y\u0259 qadir oldu\u011fundan ba\u015fqa, ikinci bir h\u0259qiq\u0259ti d\u0259 a\u015fkar g\u00f6st\u0259rdi.\n<\/p>\n<p>\n  Qarda\u015flar\u0131m\u0131n h\u0259bs x\u0259b\u0259rini e\u015fid\u0259n bir b\u00fct\u00fcn qohum-\u0259qraba onlar\u0131 g\u00fcnahs\u0131z yer\u0259, b\u00f6htanla h\u0259bs ed\u0259n rejimi deyil, m\u0259ni, Meydan TV-ni, Emin Millini, burda i\u015fl\u0259y\u0259n insanlar\u0131 l\u0259n\u0259tl\u0259m\u0259y\u0259 ba\u015flad\u0131. Bir insan azac\u0131q da olsa anlamad\u0131 ki, Meydan v\u0259 jurnalistl\u0259ri \u00f6z i\u015fl\u0259rini g\u00f6r\u00fcr, m\u0259n \u00f6z i\u015fimi g\u00f6r\u00fcr\u0259m, biz he\u00e7 kimin h\u0259bsind\u0259, he\u00e7 kim\u0259 olan t\u0259zyiqd\u0259 g\u00fcnahkar deyilik.\n<\/p>\n<p>\n  Amma ham\u0131 bizi l\u0259n\u0259tl\u0259di. O media orqan\u0131n\u0131 ki, onlar\u0131n o\u011furlanm\u0131\u015f milyonlar\u0131ndan yaz\u0131r. Onlar\u0131n orduda \u00f6ld\u00fcr\u00fcl\u0259n balalar\u0131n\u0131n q\u0259tlini gizl\u0259tm\u0259y\u0259 imkan vermir. Onlar\u0131n tapdanan haqlar\u0131ndan, s\u00f6k\u00fcl\u0259n evl\u0259rind\u0259n yaz\u0131r. O media orqan\u0131 ki, ba\u015flar\u0131na bir i\u015f g\u0259l\u0259nd\u0259, h\u0259r yerd\u0259n \u0259ll\u0259ri \u00fcz\u00fcl\u0259nd\u0259 onun \u00fcst\u00fcn\u0259 qa\u00e7\u0131rlar.\n<\/p>\n<p>\n  Y\u0259ni m\u0259n s\u0259nin tapdanan haqq\u0131ndan yaz\u0131m, s\u0259n d\u0259 o\u011fluna b\u00f6htan atan rejimi deyil, m\u0259ni l\u0259n\u0259tl\u0259.\n<\/p>\n<p>\n  M\u0259n qarda\u015flar\u0131m\u0131n \u00fcst\u00fcn\u0259 marixuana atan polisi, b\u00f6htan \u0259sas\u0131nda qurulmu\u015f ittihama \u0259sas\u0259n onlara h\u0259bs k\u0259s\u0259n hakimi, iki fa\u011f\u0131r, avam, d\u00fcnyadan x\u0259b\u0259ri olmayan u\u015fa\u011f\u0131 d\u0259xli olmad\u0131\u011f\u0131 i\u015fl\u0259r\u0259 g\u00f6r\u0259 h\u0259bs\u0259 atan sistemi he\u00e7 d\u0259 daha \u00e7ox g\u00fcnahkar bilmir\u0259m. M\u0259nim \u00fc\u00e7\u00fcn qarda\u015f\u0131m\u0131n cibin\u0259 marixuana atan polisl\u0259, i\u015fin n\u0259 yerd\u0259 oldu\u011funu bildiyi halda, rejimi deyil, vicdanl\u0131 insanlar\u0131 l\u0259n\u0259tl\u0259y\u0259n adamlar eyni d\u0259r\u0259c\u0259d\u0259 g\u00fcnahkard\u0131rlar. Onlar\u0131n \u00f6zl\u0259rini \u00f6z do\u011fma \u00f6lk\u0259l\u0259rind\u0259 kiray\u0259\u015fin kimi aparmaqlar\u0131n\u0131n, tapdanan haqlar\u0131na susmaqlar\u0131n\u0131n n\u0259tic\u0259sidir bu h\u0259bsl\u0259r.\n<\/p>\n<p>\n  M\u0259nim \u00fc\u00e7\u00fcn ikisi d\u0259 eyni d\u0259r\u0259c\u0259d\u0259 g\u00fcnahkard\u0131r: m\u0259sum insan\u0131 \u015f\u0259rl\u0259y\u0259n rejim v\u0259 \u00f6z haqq\u0131n\u0131n tapdanma\u011f\u0131na raz\u0131 olan insan.<br \/>\n  <br \/>\n  V\u0259 vaxt g\u0259l\u0259c\u0259k, b\u0259lk\u0259 d\u0259 cib\u0259 narkotik atan polisi, \u0259dal\u0259tsiz h\u00f6km k\u0259s\u0259n hakimi bir az da olsa, ba\u011f\u0131\u015flayacam, anlayaca\u011fam ki, onlar \u0259mr yerin\u0259 yetiribl\u0259r. Amma \u00f6z\u00fcn\u00fcn tapdanan haqq\u0131na susan insan\u0131 ba\u011f\u0131\u015flamaq m\u00fcmk\u00fcn deyil. He\u00e7 kim s\u0259n\u0259 tapdanan haqq\u0131na g\u00f6r\u0259 susma\u011f\u0131 \u0259mr ed\u0259 bilm\u0259z.\n<\/p>\n<p>\n  <b><br \/>\n    Yaz\u0131 m\u00fc\u0259llifin \u015f\u0259xsi m\u00f6vqeyini \u0259ks etdirir&#8230;<br \/>\n  <\/b><\/p>\n","protected":false},"excerpt":{"rendered":"<p>O polis d\u0259, o hakim d\u0259&#8230;<\/p>\n","protected":false},"author":11,"featured_media":35861,"comment_status":"closed","ping_status":"open","sticky":false,"template":"","format":"standard","meta":{"_acf_changed":false,"_sitemap_exclude":false,"_sitemap_priority":"","_sitemap_frequency":"","footnotes":""},"categories":[57],"tags":[],"class_list":["post-170514","post","type-post","status-publish","format-standard","has-post-thumbnail","hentry","category-menim-fikrimce","infinite-scroll-item","generate-columns","tablet-grid-50","mobile-grid-100","grid-parent","grid-33","no-featured-image-padding"],"acf":[],"yoast_head":"<!-- This site is optimized with the Yoast SEO plugin v27.5 - https:\/\/yoast.com\/product\/yoast-seo-wordpress\/ -->\n<title>M\u0259nim qarda\u015flar\u0131m - MEYDAN.TV<\/title>\n<meta name=\"robots\" content=\"index, follow, max-snippet:-1, max-image-preview:large, max-video-preview:-1\" \/>\n<link rel=\"canonical\" href=\"https:\/\/www.meydan.tv\/az\/article\/menim-qardaslarim\/\" \/>\n<meta property=\"og:locale\" content=\"az_AZ\" \/>\n<meta property=\"og:type\" content=\"article\" \/>\n<meta property=\"og:title\" content=\"M\u0259nim qarda\u015flar\u0131m - MEYDAN.TV\" \/>\n<meta property=\"og:description\" content=\"O polis d\u0259, o hakim d\u0259...\" \/>\n<meta property=\"og:url\" content=\"https:\/\/www.meydan.tv\/az\/article\/menim-qardaslarim\/\" \/>\n<meta property=\"og:site_name\" content=\"MEYDAN.TV\" \/>\n<meta property=\"article:published_time\" content=\"2015-10-19T16:56:58+00:00\" \/>\n<meta property=\"og:image\" content=\"https:\/\/www.meydan.tv\/wp-content\/uploads\/13418.jpg\" \/>\n\t<meta property=\"og:image:width\" content=\"500\" \/>\n\t<meta property=\"og:image:height\" content=\"500\" \/>\n\t<meta property=\"og:image:type\" content=\"image\/jpeg\" \/>\n<meta name=\"author\" content=\"user-manager\" \/>\n<meta name=\"twitter:card\" content=\"summary_large_image\" \/>\n<script type=\"application\/ld+json\" class=\"yoast-schema-graph\">{\"@context\":\"https:\\\/\\\/schema.org\",\"@graph\":[{\"@type\":\"Article\",\"@id\":\"https:\\\/\\\/www.meydan.tv\\\/az\\\/article\\\/menim-qardaslarim\\\/#article\",\"isPartOf\":{\"@id\":\"https:\\\/\\\/www.meydan.tv\\\/az\\\/article\\\/menim-qardaslarim\\\/\"},\"author\":{\"name\":\"user-manager\",\"@id\":\"https:\\\/\\\/www.meydan.tv\\\/az\\\/#\\\/schema\\\/person\\\/10d11eccf6da3662cf5fdab9806ea91a\"},\"headline\":\"M\u0259nim qarda\u015flar\u0131m\",\"datePublished\":\"2015-10-19T16:56:58+00:00\",\"mainEntityOfPage\":{\"@id\":\"https:\\\/\\\/www.meydan.tv\\\/az\\\/article\\\/menim-qardaslarim\\\/\"},\"wordCount\":615,\"publisher\":{\"@id\":\"https:\\\/\\\/www.meydan.tv\\\/az\\\/#organization\"},\"image\":{\"@id\":\"https:\\\/\\\/www.meydan.tv\\\/az\\\/article\\\/menim-qardaslarim\\\/#primaryimage\"},\"thumbnailUrl\":\"https:\\\/\\\/www.meydan.tv\\\/wp-content\\\/uploads\\\/13418.jpg\",\"articleSection\":[\"M\u0259nim Fikrimc\u0259\"],\"inLanguage\":\"az\"},{\"@type\":\"WebPage\",\"@id\":\"https:\\\/\\\/www.meydan.tv\\\/az\\\/article\\\/menim-qardaslarim\\\/\",\"url\":\"https:\\\/\\\/www.meydan.tv\\\/az\\\/article\\\/menim-qardaslarim\\\/\",\"name\":\"M\u0259nim qarda\u015flar\u0131m - MEYDAN.TV\",\"isPartOf\":{\"@id\":\"https:\\\/\\\/www.meydan.tv\\\/az\\\/#website\"},\"primaryImageOfPage\":{\"@id\":\"https:\\\/\\\/www.meydan.tv\\\/az\\\/article\\\/menim-qardaslarim\\\/#primaryimage\"},\"image\":{\"@id\":\"https:\\\/\\\/www.meydan.tv\\\/az\\\/article\\\/menim-qardaslarim\\\/#primaryimage\"},\"thumbnailUrl\":\"https:\\\/\\\/www.meydan.tv\\\/wp-content\\\/uploads\\\/13418.jpg\",\"datePublished\":\"2015-10-19T16:56:58+00:00\",\"breadcrumb\":{\"@id\":\"https:\\\/\\\/www.meydan.tv\\\/az\\\/article\\\/menim-qardaslarim\\\/#breadcrumb\"},\"inLanguage\":\"az\",\"potentialAction\":[{\"@type\":\"ReadAction\",\"target\":[\"https:\\\/\\\/www.meydan.tv\\\/az\\\/article\\\/menim-qardaslarim\\\/\"]}]},{\"@type\":\"ImageObject\",\"inLanguage\":\"az\",\"@id\":\"https:\\\/\\\/www.meydan.tv\\\/az\\\/article\\\/menim-qardaslarim\\\/#primaryimage\",\"url\":\"https:\\\/\\\/www.meydan.tv\\\/wp-content\\\/uploads\\\/13418.jpg\",\"contentUrl\":\"https:\\\/\\\/www.meydan.tv\\\/wp-content\\\/uploads\\\/13418.jpg\",\"width\":500,\"height\":500,\"caption\":\"Source:\"},{\"@type\":\"BreadcrumbList\",\"@id\":\"https:\\\/\\\/www.meydan.tv\\\/az\\\/article\\\/menim-qardaslarim\\\/#breadcrumb\",\"itemListElement\":[{\"@type\":\"ListItem\",\"position\":1,\"name\":\"Ana s\u0259hif\u0259\",\"item\":\"https:\\\/\\\/www.meydan.tv\\\/az\\\/\"},{\"@type\":\"ListItem\",\"position\":2,\"name\":\"M\u0259nim Fikrimc\u0259\",\"item\":\"https:\\\/\\\/www.meydan.tv\\\/az\\\/section\\\/menim-fikrimce\\\/\"},{\"@type\":\"ListItem\",\"position\":3,\"name\":\"M\u0259nim qarda\u015flar\u0131m\"}]},{\"@type\":\"WebSite\",\"@id\":\"https:\\\/\\\/www.meydan.tv\\\/az\\\/#website\",\"url\":\"https:\\\/\\\/www.meydan.tv\\\/az\\\/\",\"name\":\"MEYDAN.TV\",\"description\":\"Meydan TV Az\u0259rbaycan\u0131n media m\u0259kan\u0131ndak\u0131 alternativ s\u0259sidir\",\"publisher\":{\"@id\":\"https:\\\/\\\/www.meydan.tv\\\/az\\\/#organization\"},\"potentialAction\":[{\"@type\":\"SearchAction\",\"target\":{\"@type\":\"EntryPoint\",\"urlTemplate\":\"https:\\\/\\\/www.meydan.tv\\\/az\\\/?s={search_term_string}\"},\"query-input\":{\"@type\":\"PropertyValueSpecification\",\"valueRequired\":true,\"valueName\":\"search_term_string\"}}],\"inLanguage\":\"az\"},{\"@type\":\"Organization\",\"@id\":\"https:\\\/\\\/www.meydan.tv\\\/az\\\/#organization\",\"name\":\"Meydan TV\",\"url\":\"https:\\\/\\\/www.meydan.tv\\\/az\\\/\",\"logo\":{\"@type\":\"ImageObject\",\"inLanguage\":\"az\",\"@id\":\"https:\\\/\\\/www.meydan.tv\\\/az\\\/#\\\/schema\\\/logo\\\/image\\\/\",\"url\":\"https:\\\/\\\/www.meydan.tv\\\/wp-content\\\/uploads\\\/2021\\\/07\\\/meydan-logo.svg\",\"contentUrl\":\"https:\\\/\\\/www.meydan.tv\\\/wp-content\\\/uploads\\\/2021\\\/07\\\/meydan-logo.svg\",\"width\":195,\"height\":46,\"caption\":\"Meydan TV\"},\"image\":{\"@id\":\"https:\\\/\\\/www.meydan.tv\\\/az\\\/#\\\/schema\\\/logo\\\/image\\\/\"}},{\"@type\":\"Person\",\"@id\":\"https:\\\/\\\/www.meydan.tv\\\/az\\\/#\\\/schema\\\/person\\\/10d11eccf6da3662cf5fdab9806ea91a\",\"name\":\"user-manager\"}]}<\/script>\n<!-- \/ Yoast SEO plugin. -->","yoast_head_json":{"title":"M\u0259nim qarda\u015flar\u0131m - MEYDAN.TV","robots":{"index":"index","follow":"follow","max-snippet":"max-snippet:-1","max-image-preview":"max-image-preview:large","max-video-preview":"max-video-preview:-1"},"canonical":"https:\/\/www.meydan.tv\/az\/article\/menim-qardaslarim\/","og_locale":"az_AZ","og_type":"article","og_title":"M\u0259nim qarda\u015flar\u0131m - MEYDAN.TV","og_description":"O polis d\u0259, o hakim d\u0259...","og_url":"https:\/\/www.meydan.tv\/az\/article\/menim-qardaslarim\/","og_site_name":"MEYDAN.TV","article_published_time":"2015-10-19T16:56:58+00:00","og_image":[{"width":500,"height":500,"url":"https:\/\/www.meydan.tv\/wp-content\/uploads\/13418.jpg","type":"image\/jpeg"}],"author":"user-manager","twitter_card":"summary_large_image","schema":{"@context":"https:\/\/schema.org","@graph":[{"@type":"Article","@id":"https:\/\/www.meydan.tv\/az\/article\/menim-qardaslarim\/#article","isPartOf":{"@id":"https:\/\/www.meydan.tv\/az\/article\/menim-qardaslarim\/"},"author":{"name":"user-manager","@id":"https:\/\/www.meydan.tv\/az\/#\/schema\/person\/10d11eccf6da3662cf5fdab9806ea91a"},"headline":"M\u0259nim qarda\u015flar\u0131m","datePublished":"2015-10-19T16:56:58+00:00","mainEntityOfPage":{"@id":"https:\/\/www.meydan.tv\/az\/article\/menim-qardaslarim\/"},"wordCount":615,"publisher":{"@id":"https:\/\/www.meydan.tv\/az\/#organization"},"image":{"@id":"https:\/\/www.meydan.tv\/az\/article\/menim-qardaslarim\/#primaryimage"},"thumbnailUrl":"https:\/\/www.meydan.tv\/wp-content\/uploads\/13418.jpg","articleSection":["M\u0259nim Fikrimc\u0259"],"inLanguage":"az"},{"@type":"WebPage","@id":"https:\/\/www.meydan.tv\/az\/article\/menim-qardaslarim\/","url":"https:\/\/www.meydan.tv\/az\/article\/menim-qardaslarim\/","name":"M\u0259nim qarda\u015flar\u0131m - MEYDAN.TV","isPartOf":{"@id":"https:\/\/www.meydan.tv\/az\/#website"},"primaryImageOfPage":{"@id":"https:\/\/www.meydan.tv\/az\/article\/menim-qardaslarim\/#primaryimage"},"image":{"@id":"https:\/\/www.meydan.tv\/az\/article\/menim-qardaslarim\/#primaryimage"},"thumbnailUrl":"https:\/\/www.meydan.tv\/wp-content\/uploads\/13418.jpg","datePublished":"2015-10-19T16:56:58+00:00","breadcrumb":{"@id":"https:\/\/www.meydan.tv\/az\/article\/menim-qardaslarim\/#breadcrumb"},"inLanguage":"az","potentialAction":[{"@type":"ReadAction","target":["https:\/\/www.meydan.tv\/az\/article\/menim-qardaslarim\/"]}]},{"@type":"ImageObject","inLanguage":"az","@id":"https:\/\/www.meydan.tv\/az\/article\/menim-qardaslarim\/#primaryimage","url":"https:\/\/www.meydan.tv\/wp-content\/uploads\/13418.jpg","contentUrl":"https:\/\/www.meydan.tv\/wp-content\/uploads\/13418.jpg","width":500,"height":500,"caption":"Source:"},{"@type":"BreadcrumbList","@id":"https:\/\/www.meydan.tv\/az\/article\/menim-qardaslarim\/#breadcrumb","itemListElement":[{"@type":"ListItem","position":1,"name":"Ana s\u0259hif\u0259","item":"https:\/\/www.meydan.tv\/az\/"},{"@type":"ListItem","position":2,"name":"M\u0259nim Fikrimc\u0259","item":"https:\/\/www.meydan.tv\/az\/section\/menim-fikrimce\/"},{"@type":"ListItem","position":3,"name":"M\u0259nim qarda\u015flar\u0131m"}]},{"@type":"WebSite","@id":"https:\/\/www.meydan.tv\/az\/#website","url":"https:\/\/www.meydan.tv\/az\/","name":"MEYDAN.TV","description":"Meydan TV Az\u0259rbaycan\u0131n media m\u0259kan\u0131ndak\u0131 alternativ s\u0259sidir","publisher":{"@id":"https:\/\/www.meydan.tv\/az\/#organization"},"potentialAction":[{"@type":"SearchAction","target":{"@type":"EntryPoint","urlTemplate":"https:\/\/www.meydan.tv\/az\/?s={search_term_string}"},"query-input":{"@type":"PropertyValueSpecification","valueRequired":true,"valueName":"search_term_string"}}],"inLanguage":"az"},{"@type":"Organization","@id":"https:\/\/www.meydan.tv\/az\/#organization","name":"Meydan TV","url":"https:\/\/www.meydan.tv\/az\/","logo":{"@type":"ImageObject","inLanguage":"az","@id":"https:\/\/www.meydan.tv\/az\/#\/schema\/logo\/image\/","url":"https:\/\/www.meydan.tv\/wp-content\/uploads\/2021\/07\/meydan-logo.svg","contentUrl":"https:\/\/www.meydan.tv\/wp-content\/uploads\/2021\/07\/meydan-logo.svg","width":195,"height":46,"caption":"Meydan TV"},"image":{"@id":"https:\/\/www.meydan.tv\/az\/#\/schema\/logo\/image\/"}},{"@type":"Person","@id":"https:\/\/www.meydan.tv\/az\/#\/schema\/person\/10d11eccf6da3662cf5fdab9806ea91a","name":"user-manager"}]}},"_links":{"self":[{"href":"https:\/\/www.meydan.tv\/az\/wp-json\/wp\/v2\/posts\/170514","targetHints":{"allow":["GET"]}}],"collection":[{"href":"https:\/\/www.meydan.tv\/az\/wp-json\/wp\/v2\/posts"}],"about":[{"href":"https:\/\/www.meydan.tv\/az\/wp-json\/wp\/v2\/types\/post"}],"author":[{"embeddable":true,"href":"https:\/\/www.meydan.tv\/az\/wp-json\/wp\/v2\/users\/11"}],"replies":[{"embeddable":true,"href":"https:\/\/www.meydan.tv\/az\/wp-json\/wp\/v2\/comments?post=170514"}],"version-history":[{"count":0,"href":"https:\/\/www.meydan.tv\/az\/wp-json\/wp\/v2\/posts\/170514\/revisions"}],"wp:featuredmedia":[{"embeddable":true,"href":"https:\/\/www.meydan.tv\/az\/wp-json\/wp\/v2\/media\/35861"}],"wp:attachment":[{"href":"https:\/\/www.meydan.tv\/az\/wp-json\/wp\/v2\/media?parent=170514"}],"wp:term":[{"taxonomy":"category","embeddable":true,"href":"https:\/\/www.meydan.tv\/az\/wp-json\/wp\/v2\/categories?post=170514"},{"taxonomy":"post_tag","embeddable":true,"href":"https:\/\/www.meydan.tv\/az\/wp-json\/wp\/v2\/tags?post=170514"}],"curies":[{"name":"wp","href":"https:\/\/api.w.org\/{rel}","templated":true}]}}