{"id":170509,"date":"2015-10-18T21:20:45","date_gmt":"2015-10-18T21:20:45","guid":{"rendered":"https:\/\/www.meydan.tv\/article\/anti-suverenliye-qarsi\/"},"modified":"2015-10-18T21:20:45","modified_gmt":"2015-10-18T21:20:45","slug":"anti-suverenliye-qarsi","status":"publish","type":"post","link":"https:\/\/www.meydan.tv\/az\/article\/anti-suverenliye-qarsi\/","title":{"rendered":"Anti-suverenliy\u0259 qar\u015f\u0131"},"content":{"rendered":"<figure class=\"wp-block-image size-large\">\n  <img decoding=\"async\" src=\"https:\/\/www.meydan.tv\/az\/35792\/\" alt=\"\" class=\"wp-image-35792\"\/><figcaption><\/figcaption><\/figure>\n<figure class=\"wp-block-image size-large\">\n  <img decoding=\"async\" src=\"https:\/\/www.meydan.tv\/az\/35798\/\" alt=\"\" class=\"wp-image-35798\"\/><figcaption><\/figcaption><\/figure>\n<p>\n  \n<\/p>\n<p>\n  <b><br \/>\n    &#8220;M\u00fcst\u0259qiliks\u0259, niy\u0259 \u0259zilirik?!&#8221; t\u0259b\u0259dd\u00fclatlar\u0131 haqda:<br \/>\n  <\/b>\n<\/p>\n<p>\n  Suverenlik toplumsal t\u0259r\u0259qqinin \u0259dal\u0259t axtar\u0131\u015f\u0131ndak\u0131 m\u00fch\u00fcm tap\u0131nt\u0131s\u0131d\u0131r. F\u0259ls\u0259fi h\u0259d\u0259fi d\u0259 &#8220;insan azadl\u0131\u011f\u0131na qar\u015f\u0131&#8221; yox, &#8220;insan azadl\u0131\u011f\u0131 namin\u0259&#8221;dir. Suverenlik insan azadl\u0131qlar\u0131n\u0131n t\u0259minat\u00e7\u0131s\u0131 olan m\u00fcst\u0259qil m\u0259hk\u0259m\u0259nin, azad se\u00e7kinin, toplum maraqlar\u0131n\u0131n ifad\u0259\u00e7isi olan idar\u0259etm\u0259nin (suveren d\u00f6vl\u0259tin) ilkin \u015f\u0259rtidir. Suverenlik olmadan \u00e7al\u0131\u015fan demokratik sistem m\u00f6vcud ola bilm\u0259z. D\u00fcnyada \u201csuveren deyil, amma insanlar\u0131 azadd\u0131r\u201d dey\u0259 bil\u0259c\u0259yimiz toplum yoxdur. D\u00fcnyada &#8220;Suveren&#8221;dir (d\u00f6vl\u0259t), amma toplum azad deyil\u201d dey\u0259 bil\u0259c\u0259yimiz \u00e7ox sayda toplumun olmas\u0131, &#8220;Suverenlik azadl\u0131\u011fa qar\u015f\u0131d\u0131r&#8221; m\u0259ntiqini yaratm\u0131r, yarada bilm\u0259z.\n<\/p>\n<p>\n  O zaman g\u0259r\u0259k &#8220;bizim polis bizi \u015f\u0259rl\u0259yir, dem\u0259li, polis t\u0259hl\u00fck\u0259sizliyin d\u00fc\u015fm\u0259nidir&#8221; m\u0259ntiqini do\u011fru sayaq.\n<\/p>\n<p>\n  Suverenlik geni\u015f anlamda, h\u0259m d\u0259 q\u0259ti \u015f\u0259kild\u0259 topluma, (xalqdan v\u0259 ya xalqlardan ibar\u0259t) daha do\u011frusu, &#8220;super suverenliyi&#8221; \u0259lind\u0259 tutan topluma aid legitim \u00dcSTd\u00fcr. Suverenliyin f\u0259ls\u0259f\u0259sind\u0259 &#8220;super suveren&#8221; olan, \u201ckimlik\u201dv\u0259 ya \u201ctitul\u201d deyil. \u018fzici \u00e7oxluq v\u0259 ya SE\u00c7\u0130LM\u0130\u015e azl\u0131q da deyil. V\u0259 ya hans\u0131sa etnik kimliyin &#8220;m\u0259n hegemonam&#8221; duy\u011fusunun m\u00fctl\u0259q hakimliyi d\u0259 deyil. Bunun ad\u0131, bir halda, \u00e7oxlu\u011fun ,dig\u0259r halda kral\u0131n , indiki halda (20-21 \u0259sr) \u201cModern Diktator\u201dun super suverenliyidir.\n<\/p>\n<p>\n  <b><br \/>\n    Kral suverenliyind\u0259n xalq suverenliyin\u0259<br \/>\n  <\/b>\n<\/p>\n<p>\n  Suverenliyin ger\u00e7\u0259k t\u0259rifini ver\u0259 bilm\u0259k \u00fc\u00e7\u00fcn \u0259vv\u0259l bu anlay\u0131\u015fla \u0259laq\u0259dar m\u00fczakir\u0259l\u0259rin tarixi proses i\u00e7ind\u0259ki seyrini ara\u015fd\u0131rmaq, daha sonra da suverenlik il\u0259 n\u0259yin n\u0259z\u0259rd\u0259 tutuldu\u011funu; bir f\u0259rziyy\u0259nin ideoloji d\u0259rkin d\u0259lilmi q\u0131l\u0131nd\u0131\u011f\u0131n\u0131, yoxsa he\u00e7 bir h\u00fcquq sisteminin bigan\u0259 qalmayaca\u011f\u0131 bir h\u00fcquqi reall\u0131\u011f\u0131m\u0131 g\u00f6st\u0259rdiyini ortaya qoymaq laz\u0131m olacaq.\n<\/p>\n<p>\n  Suverenliyi d\u00f6vl\u0259t q\u00fcdr\u0259tinin bir x\u00fcsusiyy\u0259ti olaraq q\u0259bul ed\u0259n yana\u015fmaya g\u00f6r\u0259, suverenlik tamamil\u0259 m\u0259nfi bir konseptual m\u0259zmuna sahibdir.Suveren olan d\u00f6vl\u0259t, \u00f6lk\u0259si i\u00e7ind\u0259 m\u00fctl\u0259q bir \u00fcst\u00fcnl\u00fcy\u0259 sahib olub, \u00f6z\u00fcnd\u0259n \u00fcst\u00fcn v\u0259 ya b\u0259rab\u0259r s\u0259viyy\u0259d\u0259 ba\u015fqa h\u0259r hans\u0131 bir iqtidar\u0131 &#8220;tan\u0131m\u0131r&#8221;. D\u00f6vl\u0259tin hakim oldu\u011fu \u0259traf i\u00e7ind\u0259ki b\u00fct\u00fcn iqtidarlar d\u00f6vl\u0259t q\u00fcdr\u0259tin\u0259, n\u00fcfuzuna ba\u011fl\u0131d\u0131r. D\u00f6vl\u0259t \u00f6lk\u0259si xaricind\u0259 d\u0259 suverenlik xarakteri etibaril\u0259 dig\u0259r d\u00f6vl\u0259tl\u0259r\u0259 qar\u015f\u0131 m\u00fctl\u0259q bir m\u00fcst\u0259qilliy\u0259 sahibidir.\n<\/p>\n<p>\n  Bu halda d\u00f6vl\u0259t q\u00fcdr\u0259tinin suverenlik x\u00fcsusiyy\u0259ti, onun h\u0259r hans\u0131 bir n\u00fcfuza tabe olmad\u0131\u011f\u0131n\u0131 &#8211; \u00f6lk\u0259 i\u00e7ind\u0259 \u0259n \u00fcst\u00fcn, \u00f6lk\u0259 xaricind\u0259 m\u00fcst\u0259qil oldu\u011funu ifad\u0259 etm\u0259kd\u0259dir. Hans\u0131 ki, ir\u0259lid\u0259 d\u0259 b\u0259hs ed\u0259c\u0259yimiz kimi, suverenlik anlay\u0131\u015f\u0131n\u0131n tarixi t\u0259kam\u00fcl m\u00fcdd\u0259ti i\u00e7ind\u0259 bu g\u00f6r\u00fc\u015f, y\u0259ni \u201csuverenlikd\u0259 m\u0259qs\u0259d d\u00f6vl\u0259t q\u00fcdr\u0259tinin bir xarakteri oldu\u011funu\u201d ir\u0259li s\u00fcr\u0259n yana\u015fma, ideoloji olaraq, Frans\u0131z Kral\u0131n\u0131n i\u00e7\u0259rid\u0259 bir qism imtiyazlarla onun h\u00f6kmranl\u0131q haqlar\u0131n\u0131 m\u0259hdudla\u015fd\u0131ran feodal b\u0259yl\u0259r\u0259, \u00e7\u00f6ld\u0259 d\u0259 Papa v\u0259 Roma imperatoruna qar\u015f\u0131 istifad\u0259 edilib. Bu anlay\u0131\u015f suverenliyin ilk v\u0259 \u0259sl m\u0259nas\u0131n\u0131 t\u0259\u015fkil edir.\n<\/p>\n<p>\n  Suverenlik anlay\u0131\u015f\u0131n\u0131n t\u0259yin olunmas\u0131ndak\u0131 bir ba\u015fqa yana\u015fmaya g\u00f6r\u0259 is\u0259 suverenlik, d\u00f6vl\u0259t hakimiyy\u0259ti (q\u00fcdr\u0259ti) m\u0259nas\u0131na g\u0259lm\u0259kd\u0259; d\u00f6vl\u0259t q\u00fcdr\u0259tinin \u00f6z\u00fcn\u00fc, m\u0259zmununu, \u0259hat\u0259sini, q\u0131saca d\u00f6vl\u0259tin daxild\u0259 v\u0259 xaricd\u0259 istifad\u0259 s\u0259lahiyy\u0259tl\u0259rinin ham\u0131s\u0131n\u0131 ehtiva edir.<br \/>\n  <br \/>\n  Tarixi proses i\u00e7\u0259risind\u0259 suverenlik s\u00f6z\u00fcn\u00fcn f\u0259rqli m\u0259nalar\u0131 bunlard\u0131r:\n<\/p>\n<p>\n  a) H\u00fcquqi H\u00f6kmran: \u00f6lk\u0259nin tabe oldu\u011fu h\u00fcquqa g\u00f6r\u0259 qanunvericilik ya da h\u00f6kum\u0259tin idar\u0259si v\u0259zif\u0259sini boynuna g\u00f6t\u00fcr\u0259n adam ya da k\u0259sl\u0259r.\n<\/p>\n<p>\n  b) Siyasi, ya da konstitusiyal\u0131 H\u00f6kmran: h\u0259r hans\u0131 bir anda ger\u00e7\u0259k n\u00fcfuzun son olaraq \u00f6zl\u0259rind\u0259 qald\u0131\u011f\u0131 k\u0259sl\u0259r birliyi (super suverenliyin xalqa m\u0259xsuslu\u011fu).\n<\/p>\n<p>\n  Q\u0131sacas\u0131, suverenlik, qanun istehsal\u0131nda, idar\u0259, icra v\u0259 m\u0259hk\u0259m\u0259 sah\u0259sind\u0259 m\u00fctl\u0259q g\u00fcc\u0259 sahib olmaqd\u0131r. M\u0259s\u0259l\u0259n, \u0130ngilis Parlamentinin suverenliyi bunun bir n\u00fcmun\u0259si olaraq g\u00f6st\u0259ril\u0259 bil\u0259r. Ancaq h\u00fcquq\u00e7ular v\u0259 siyas\u0259t elmi m\u00fct\u0259x\u0259ssisl\u0259ri insanlar, ya da t\u0259\u015fkilatlarla \u0259laq\u0259dar olaraq bu g\u00fcc\u00fcn tam m\u0259nas\u0131yla harada oldu\u011fu, bu m\u00fctl\u0259q g\u00fcc\u0259 ger\u00e7\u0259kd\u0259 kimin sahib oldu\u011funu tapmaqda \u00e7\u0259tinlik \u00e7\u0259kirl\u0259r.Toplumda suverenliyin b\u00fct\u00fcn x\u00fcsusiyy\u0259tl\u0259rini \u00f6z\u00fcnd\u0259 c\u0259ml\u0259y\u0259c\u0259k bir \u015f\u0259xsi h\u0259l\u0259 tapmay\u0131blar (\u201csuper suverenlik\u201d \u015f\u0259xsin \u00fcz\u0259rind\u0259 c\u0259ml\u0259\u015fdirilm\u0259yib).\n<\/p>\n<p>\n  Aristotel\u0259 g\u00f6r\u0259, v\u0259t\u0259nda\u015flar\u0131n \u00fcmumi olaraq q\u0259bul etdiyi d\u00f6vl\u0259td\u0259 \u0259n y\u00fcks\u0259k g\u00fcc bir, bir ne\u00e7\u0259 v\u0259 ya bir \u00e7ox adama t\u0259slim edil\u0259 bil\u0259r.Onun g\u00f6r\u00fc\u015f\u00fcnd\u0259 d\u00f6vl\u0259tin \u0259sl ay\u0131rdedici istiqam\u0259ti \u00f6z-\u00f6z\u00fcn\u0259 yet\u0259rliliyidir, suverenliyi deyil. Orta \u00e7a\u011flarda Roma qanunlar\u0131n\u0131n t\u0259siriyl\u0259 m\u00fctl\u0259q suverenlik n\u0259z\u0259riyy\u0259si h\u00fcquq\u00e7ular\u0131n\u0131n yaz\u0131lar\u0131nda da \u0259sas istiqam\u0259t kimi &#8220;imperator h\u00f6kmrand\u0131r&#8221; \u015f\u0259klind\u0259 \u00fcmumil\u0259\u015fir. Ancaq imperiyan\u0131n g\u00fcc\u00fc z\u0259ifl\u0259diyind\u0259 yeni bir h\u00f6kmranl\u0131q \u00f6l\u00e7\u00fcs\u00fc q\u0259bul edildi: xaric\u0259 qar\u015f\u0131 m\u00fcst\u0259qillik.\n<\/p>\n<p>\n  M\u00fcbariz\u0259 \u00fc\u00e7 g\u00fcc aras\u0131nda idi: Kils\u0259, Roma \u0130mperatorlu\u011fu (D\u00f6vl\u0259t) v\u0259 b\u00f6y\u00fck torpaq sahibl\u0259ri (v\u0259 ya h\u00fcquqi \u015f\u0259xsl\u0259r, \u015firk\u0259tl\u0259r).\n<\/p>\n<p>\n  Suverenliyin ictimai m\u00fcqavil\u0259d\u0259n qaynaqland\u0131\u011f\u0131 \u015f\u0259klind\u0259ki populyar n\u0259z\u0259riyy\u0259 is\u0259 Hobbes, Rousseau v\u0259 Lockenin g\u00f6r\u00fc\u015fl\u0259ridir. Bu halda suverenlik c\u0259miyy\u0259tin t\u0259\u015fkil olmu\u015f \u015f\u0259kli ya da \u00fcmumi irad\u0259si olaraq ortaya \u00e7\u0131x\u0131r, krallar ya da parlamentl\u0259r bu irad\u0259nin s\u00fckan\u0131 kimi q\u0259bul edilir.<br \/>\n  <br \/>\n  Platon v\u0259 Aristotel is\u0259 qanunun suverenliyind\u0259n b\u0259hs edir. Platon deyir: &#8220;Qanunun idar\u0259\u00e7il\u0259rd\u0259n \u00fcst\u00fcn, idar\u0259\u00e7il\u0259rin qanundan a\u015fa\u011f\u0131 oldu\u011fu \u00f6lk\u0259ni toplumun nicat\u0131 kimi d\u00fc\u015f\u00fcn\u0259r\u0259m&#8221;.\n<\/p>\n<p>\n  Eyni g\u00f6r\u00fc\u015f bir \u00e7ox Alman h\u00fcquq\u00e7ular\u0131 t\u0259r\u0259find\u0259n da ifad\u0259 edilib (Yaln\u0131z qanunda varl\u0131\u011f\u0131n\u0131 tapan, qanun i\u00e7ind\u0259 var olan; yaln\u0131z h\u00fcquqi nizam t\u0259r\u0259find\u0259n t\u0259\u015fkil edil\u0259n d\u00f6vl\u0259t fikri). A\u00e7\u0131l\u0131\u015f\u0131 t\u0259xmin\u0259n bel\u0259dir: Siyas\u0259t terminologiyas\u0131nda suverenlik, t\u0259k adam, ya da bir t\u0259\u015fkilat t\u0259r\u0259find\u0259n insanlar\u0131n n\u0259zar\u0259t alt\u0131nda tutulmas\u0131d\u0131r. &#8220;Suveren&#8221; olanlar\u0131n s\u00f6zl\u0259ri qanundur; qanuni olaraq h\u0259r \u015f\u0259rt alt\u0131nda onlara ita\u0259t etm\u0259k m\u0259cburiyy\u0259tind\u0259 olan insanlar \u00fcz\u0259rind\u0259 \u0259mr v\u0259 qanunlar\u0131n\u0131 zorla q\u0259bul etdirm\u0259 y\u00f6n\u00fcnd\u0259 qar\u015f\u0131 g\u0259lin\u0259m\u0259z h\u00fcquqlara sahibdirl\u0259r. Bu \u0259mrl\u0259ri pozmaq, ya da qar\u015f\u0131 \u00e7\u0131xmaq y\u00f6n\u00fcnd\u0259 he\u00e7 kims\u0259 qanuni bir g\u00fcc\u0259 sahib deyildir. B\u00fct\u00fcn h\u00fcquqlar suverenin (toplumun) arzular\u0131na ba\u011fl\u0131 olaraq verilir, ya da al\u0131n\u0131r. Dig\u0259r bir ifad\u0259yl\u0259, qanunvericinin verdiyi h\u00fcquqlardan ba\u015fqa haqq yoxdur!..\n<\/p>\n<p>\n  Qanunlar suveren olanlar\u0131n ist\u0259yi il\u0259 \u0259m\u0259l\u0259 g\u0259lir v\u0259 ya l\u0259\u011fv edilir; b\u00fct\u00fcn v\u0259t\u0259nda\u015flar bu qanunlara ita\u0259t etm\u0259k m\u0259cburiyy\u0259tind\u0259dirl\u0259r, ancaq suverenlik he\u00e7 bir qanuna ba\u011fl\u0131 deyildir.\u00c7\u00fcnki O, super suverendir. H\u0259tta &#8220;onun&#8221; davran\u0131\u015flar\u0131 yax\u015f\u0131 v\u0259 pis, do\u011fru v\u0259 yanl\u0131\u015f olman\u0131n kriteriyas\u0131d\u0131r&#8230;..Huquq\u00e7ular\u0131n bax\u0131\u015f\u0131na g\u00f6r\u0259 suverenlik anlay\u0131\u015f\u0131n\u0131n m\u0259nas\u0131 v\u0259 mahiyy\u0259ti budur.\n<\/p>\n<p>\n  Daha sonralar demokratik anlay\u0131\u015f\u0131n c\u0259miyy\u0259tl\u0259rin d\u00fc\u015f\u00fcnc\u0259sind\u0259 inki\u015faf\u0131 n\u0259tic\u0259sind\u0259 h\u00f6kmdar v\u0259 ya pad\u015fah\u0131n suverenliyi fikri t\u0259rk edilib, yerin\u0259 mill\u0259tin suverenliyi (milli suverenlik) ya da xalq\u0131n suverenliyi (xalq suverenliyi) fikri m\u00f6hk\u0259ml\u0259nib.\n<\/p>\n<p>\n  G\u00f6r\u00fcnd\u00fcy\u00fc kimi, suverenlik t\u0259rifl\u0259rinin ortaq n\u00f6qt\u0259l\u0259rini ver\u0259n bu yana\u015fmalar anlay\u0131\u015f\u0131n \u00f6z\u00fc v\u0259 m\u0259zmununu \u0259ks etdirm\u0259kd\u0259n daha \u00e7ox suverenlik s\u00f6z\u00fc d\u00f6vl\u0259t\u0259 ya da onun orqanlar\u0131na aid edildiyind\u0259 n\u0259yin n\u0259z\u0259rd\u0259 tutuldu\u011funu g\u00f6st\u0259rm\u0259y\u0259 istiqam\u0259t verir.<br \/>\n  <br \/>\n  M\u0259nim vur\u011fulamaq ist\u0259diyin is\u0259 odur ki, suverenliyin inki\u015faf tarixi &#8220;\u0259dal\u0259t\u0259 do\u011fru&#8221; tendensiyadad\u0131r v\u0259 &#8220;\u0259dal\u0259tli c\u0259miyy\u0259t&#8221; arzular\u0131n\u0131n realla\u015fmas\u0131 \u00fc\u00e7\u00fcn m\u00fch\u00fcm instrumentdir.\n<\/p>\n<p>\n  Bu m\u0259nada, m\u0259s\u0259l\u0259n \u0259vv\u0259lki &#8220;mill\u0259t-d\u00f6vl\u0259tl\u0259rin&#8221; A\u0130-d\u0259 birl\u0259\u015fm\u0259sin\u0259 &#8220;azadl\u0131qlar namin\u0259 art\u0131q suverenlikd\u0259n imtina edirl\u0259r&#8221; yana\u015fmas\u0131 kimi baxmaq k\u00f6k\u00fcnd\u0259n yanl\u0131\u015fd\u0131r. A\u0130 &#8220;super suverenliyi&#8221; \u0259lind\u0259 tutan topluma (xalqalardan ibar\u0259t) aid SUVERENlikdir: &#8220;az&#8221; suveren d\u00f6vl\u0259tl\u0259rin, &#8220;\u00e7ox&#8221; suveren birliyi.\n<\/p>\n<p>\n  <b><br \/>\n    Yaz\u0131 m\u00fc\u0259llifin \u015f\u0259xsi m\u00f6vqeyini \u0259ks etdirir&#8230;<br \/>\n  <\/b><\/p>\n","protected":false},"excerpt":{"rendered":"<p>(m\u00fcst\u0259qilliyin b\u0259rpas\u0131n\u0131n 24 illiyin\u0259)<\/p>\n","protected":false},"author":11,"featured_media":35792,"comment_status":"closed","ping_status":"open","sticky":false,"template":"","format":"standard","meta":{"_acf_changed":false,"_sitemap_exclude":false,"_sitemap_priority":"","_sitemap_frequency":"","footnotes":""},"categories":[57],"tags":[],"class_list":["post-170509","post","type-post","status-publish","format-standard","has-post-thumbnail","hentry","category-menim-fikrimce","infinite-scroll-item","generate-columns","tablet-grid-50","mobile-grid-100","grid-parent","grid-33","no-featured-image-padding"],"acf":[],"yoast_head":"<!-- This site is optimized with the Yoast SEO plugin v27.5 - https:\/\/yoast.com\/product\/yoast-seo-wordpress\/ -->\n<title>Anti-suverenliy\u0259 qar\u015f\u0131 - MEYDAN.TV<\/title>\n<meta name=\"robots\" content=\"index, follow, max-snippet:-1, max-image-preview:large, max-video-preview:-1\" \/>\n<link rel=\"canonical\" href=\"https:\/\/www.meydan.tv\/az\/article\/anti-suverenliye-qarsi\/\" \/>\n<meta property=\"og:locale\" content=\"az_AZ\" \/>\n<meta property=\"og:type\" content=\"article\" \/>\n<meta property=\"og:title\" content=\"Anti-suverenliy\u0259 qar\u015f\u0131 - MEYDAN.TV\" \/>\n<meta property=\"og:description\" content=\"(m\u00fcst\u0259qilliyin b\u0259rpas\u0131n\u0131n 24 illiyin\u0259)\" \/>\n<meta property=\"og:url\" content=\"https:\/\/www.meydan.tv\/az\/article\/anti-suverenliye-qarsi\/\" \/>\n<meta property=\"og:site_name\" content=\"MEYDAN.TV\" \/>\n<meta property=\"article:published_time\" content=\"2015-10-18T21:20:45+00:00\" \/>\n<meta property=\"og:image\" content=\"https:\/\/www.meydan.tv\/wp-content\/uploads\/13412.jpg\" \/>\n\t<meta property=\"og:image:width\" content=\"400\" \/>\n\t<meta property=\"og:image:height\" content=\"400\" \/>\n\t<meta property=\"og:image:type\" content=\"image\/jpeg\" \/>\n<meta name=\"author\" content=\"user-manager\" \/>\n<meta name=\"twitter:card\" content=\"summary_large_image\" \/>\n<script type=\"application\/ld+json\" class=\"yoast-schema-graph\">{\"@context\":\"https:\\\/\\\/schema.org\",\"@graph\":[{\"@type\":\"Article\",\"@id\":\"https:\\\/\\\/www.meydan.tv\\\/az\\\/article\\\/anti-suverenliye-qarsi\\\/#article\",\"isPartOf\":{\"@id\":\"https:\\\/\\\/www.meydan.tv\\\/az\\\/article\\\/anti-suverenliye-qarsi\\\/\"},\"author\":{\"name\":\"user-manager\",\"@id\":\"https:\\\/\\\/www.meydan.tv\\\/az\\\/#\\\/schema\\\/person\\\/10d11eccf6da3662cf5fdab9806ea91a\"},\"headline\":\"Anti-suverenliy\u0259 qar\u015f\u0131\",\"datePublished\":\"2015-10-18T21:20:45+00:00\",\"mainEntityOfPage\":{\"@id\":\"https:\\\/\\\/www.meydan.tv\\\/az\\\/article\\\/anti-suverenliye-qarsi\\\/\"},\"wordCount\":1548,\"publisher\":{\"@id\":\"https:\\\/\\\/www.meydan.tv\\\/az\\\/#organization\"},\"image\":{\"@id\":\"https:\\\/\\\/www.meydan.tv\\\/az\\\/article\\\/anti-suverenliye-qarsi\\\/#primaryimage\"},\"thumbnailUrl\":\"https:\\\/\\\/www.meydan.tv\\\/wp-content\\\/uploads\\\/13412.jpg\",\"articleSection\":[\"M\u0259nim Fikrimc\u0259\"],\"inLanguage\":\"az\"},{\"@type\":\"WebPage\",\"@id\":\"https:\\\/\\\/www.meydan.tv\\\/az\\\/article\\\/anti-suverenliye-qarsi\\\/\",\"url\":\"https:\\\/\\\/www.meydan.tv\\\/az\\\/article\\\/anti-suverenliye-qarsi\\\/\",\"name\":\"Anti-suverenliy\u0259 qar\u015f\u0131 - MEYDAN.TV\",\"isPartOf\":{\"@id\":\"https:\\\/\\\/www.meydan.tv\\\/az\\\/#website\"},\"primaryImageOfPage\":{\"@id\":\"https:\\\/\\\/www.meydan.tv\\\/az\\\/article\\\/anti-suverenliye-qarsi\\\/#primaryimage\"},\"image\":{\"@id\":\"https:\\\/\\\/www.meydan.tv\\\/az\\\/article\\\/anti-suverenliye-qarsi\\\/#primaryimage\"},\"thumbnailUrl\":\"https:\\\/\\\/www.meydan.tv\\\/wp-content\\\/uploads\\\/13412.jpg\",\"datePublished\":\"2015-10-18T21:20:45+00:00\",\"breadcrumb\":{\"@id\":\"https:\\\/\\\/www.meydan.tv\\\/az\\\/article\\\/anti-suverenliye-qarsi\\\/#breadcrumb\"},\"inLanguage\":\"az\",\"potentialAction\":[{\"@type\":\"ReadAction\",\"target\":[\"https:\\\/\\\/www.meydan.tv\\\/az\\\/article\\\/anti-suverenliye-qarsi\\\/\"]}]},{\"@type\":\"ImageObject\",\"inLanguage\":\"az\",\"@id\":\"https:\\\/\\\/www.meydan.tv\\\/az\\\/article\\\/anti-suverenliye-qarsi\\\/#primaryimage\",\"url\":\"https:\\\/\\\/www.meydan.tv\\\/wp-content\\\/uploads\\\/13412.jpg\",\"contentUrl\":\"https:\\\/\\\/www.meydan.tv\\\/wp-content\\\/uploads\\\/13412.jpg\",\"width\":400,\"height\":400,\"caption\":\"Source:\"},{\"@type\":\"BreadcrumbList\",\"@id\":\"https:\\\/\\\/www.meydan.tv\\\/az\\\/article\\\/anti-suverenliye-qarsi\\\/#breadcrumb\",\"itemListElement\":[{\"@type\":\"ListItem\",\"position\":1,\"name\":\"Ana s\u0259hif\u0259\",\"item\":\"https:\\\/\\\/www.meydan.tv\\\/az\\\/\"},{\"@type\":\"ListItem\",\"position\":2,\"name\":\"M\u0259nim Fikrimc\u0259\",\"item\":\"https:\\\/\\\/www.meydan.tv\\\/az\\\/section\\\/menim-fikrimce\\\/\"},{\"@type\":\"ListItem\",\"position\":3,\"name\":\"Anti-suverenliy\u0259 qar\u015f\u0131\"}]},{\"@type\":\"WebSite\",\"@id\":\"https:\\\/\\\/www.meydan.tv\\\/az\\\/#website\",\"url\":\"https:\\\/\\\/www.meydan.tv\\\/az\\\/\",\"name\":\"MEYDAN.TV\",\"description\":\"Meydan TV Az\u0259rbaycan\u0131n media m\u0259kan\u0131ndak\u0131 alternativ s\u0259sidir\",\"publisher\":{\"@id\":\"https:\\\/\\\/www.meydan.tv\\\/az\\\/#organization\"},\"potentialAction\":[{\"@type\":\"SearchAction\",\"target\":{\"@type\":\"EntryPoint\",\"urlTemplate\":\"https:\\\/\\\/www.meydan.tv\\\/az\\\/?s={search_term_string}\"},\"query-input\":{\"@type\":\"PropertyValueSpecification\",\"valueRequired\":true,\"valueName\":\"search_term_string\"}}],\"inLanguage\":\"az\"},{\"@type\":\"Organization\",\"@id\":\"https:\\\/\\\/www.meydan.tv\\\/az\\\/#organization\",\"name\":\"Meydan TV\",\"url\":\"https:\\\/\\\/www.meydan.tv\\\/az\\\/\",\"logo\":{\"@type\":\"ImageObject\",\"inLanguage\":\"az\",\"@id\":\"https:\\\/\\\/www.meydan.tv\\\/az\\\/#\\\/schema\\\/logo\\\/image\\\/\",\"url\":\"https:\\\/\\\/www.meydan.tv\\\/wp-content\\\/uploads\\\/2021\\\/07\\\/meydan-logo.svg\",\"contentUrl\":\"https:\\\/\\\/www.meydan.tv\\\/wp-content\\\/uploads\\\/2021\\\/07\\\/meydan-logo.svg\",\"width\":195,\"height\":46,\"caption\":\"Meydan TV\"},\"image\":{\"@id\":\"https:\\\/\\\/www.meydan.tv\\\/az\\\/#\\\/schema\\\/logo\\\/image\\\/\"}},{\"@type\":\"Person\",\"@id\":\"https:\\\/\\\/www.meydan.tv\\\/az\\\/#\\\/schema\\\/person\\\/10d11eccf6da3662cf5fdab9806ea91a\",\"name\":\"user-manager\"}]}<\/script>\n<!-- \/ Yoast SEO plugin. -->","yoast_head_json":{"title":"Anti-suverenliy\u0259 qar\u015f\u0131 - MEYDAN.TV","robots":{"index":"index","follow":"follow","max-snippet":"max-snippet:-1","max-image-preview":"max-image-preview:large","max-video-preview":"max-video-preview:-1"},"canonical":"https:\/\/www.meydan.tv\/az\/article\/anti-suverenliye-qarsi\/","og_locale":"az_AZ","og_type":"article","og_title":"Anti-suverenliy\u0259 qar\u015f\u0131 - MEYDAN.TV","og_description":"(m\u00fcst\u0259qilliyin b\u0259rpas\u0131n\u0131n 24 illiyin\u0259)","og_url":"https:\/\/www.meydan.tv\/az\/article\/anti-suverenliye-qarsi\/","og_site_name":"MEYDAN.TV","article_published_time":"2015-10-18T21:20:45+00:00","og_image":[{"width":400,"height":400,"url":"https:\/\/www.meydan.tv\/wp-content\/uploads\/13412.jpg","type":"image\/jpeg"}],"author":"user-manager","twitter_card":"summary_large_image","schema":{"@context":"https:\/\/schema.org","@graph":[{"@type":"Article","@id":"https:\/\/www.meydan.tv\/az\/article\/anti-suverenliye-qarsi\/#article","isPartOf":{"@id":"https:\/\/www.meydan.tv\/az\/article\/anti-suverenliye-qarsi\/"},"author":{"name":"user-manager","@id":"https:\/\/www.meydan.tv\/az\/#\/schema\/person\/10d11eccf6da3662cf5fdab9806ea91a"},"headline":"Anti-suverenliy\u0259 qar\u015f\u0131","datePublished":"2015-10-18T21:20:45+00:00","mainEntityOfPage":{"@id":"https:\/\/www.meydan.tv\/az\/article\/anti-suverenliye-qarsi\/"},"wordCount":1548,"publisher":{"@id":"https:\/\/www.meydan.tv\/az\/#organization"},"image":{"@id":"https:\/\/www.meydan.tv\/az\/article\/anti-suverenliye-qarsi\/#primaryimage"},"thumbnailUrl":"https:\/\/www.meydan.tv\/wp-content\/uploads\/13412.jpg","articleSection":["M\u0259nim Fikrimc\u0259"],"inLanguage":"az"},{"@type":"WebPage","@id":"https:\/\/www.meydan.tv\/az\/article\/anti-suverenliye-qarsi\/","url":"https:\/\/www.meydan.tv\/az\/article\/anti-suverenliye-qarsi\/","name":"Anti-suverenliy\u0259 qar\u015f\u0131 - MEYDAN.TV","isPartOf":{"@id":"https:\/\/www.meydan.tv\/az\/#website"},"primaryImageOfPage":{"@id":"https:\/\/www.meydan.tv\/az\/article\/anti-suverenliye-qarsi\/#primaryimage"},"image":{"@id":"https:\/\/www.meydan.tv\/az\/article\/anti-suverenliye-qarsi\/#primaryimage"},"thumbnailUrl":"https:\/\/www.meydan.tv\/wp-content\/uploads\/13412.jpg","datePublished":"2015-10-18T21:20:45+00:00","breadcrumb":{"@id":"https:\/\/www.meydan.tv\/az\/article\/anti-suverenliye-qarsi\/#breadcrumb"},"inLanguage":"az","potentialAction":[{"@type":"ReadAction","target":["https:\/\/www.meydan.tv\/az\/article\/anti-suverenliye-qarsi\/"]}]},{"@type":"ImageObject","inLanguage":"az","@id":"https:\/\/www.meydan.tv\/az\/article\/anti-suverenliye-qarsi\/#primaryimage","url":"https:\/\/www.meydan.tv\/wp-content\/uploads\/13412.jpg","contentUrl":"https:\/\/www.meydan.tv\/wp-content\/uploads\/13412.jpg","width":400,"height":400,"caption":"Source:"},{"@type":"BreadcrumbList","@id":"https:\/\/www.meydan.tv\/az\/article\/anti-suverenliye-qarsi\/#breadcrumb","itemListElement":[{"@type":"ListItem","position":1,"name":"Ana s\u0259hif\u0259","item":"https:\/\/www.meydan.tv\/az\/"},{"@type":"ListItem","position":2,"name":"M\u0259nim Fikrimc\u0259","item":"https:\/\/www.meydan.tv\/az\/section\/menim-fikrimce\/"},{"@type":"ListItem","position":3,"name":"Anti-suverenliy\u0259 qar\u015f\u0131"}]},{"@type":"WebSite","@id":"https:\/\/www.meydan.tv\/az\/#website","url":"https:\/\/www.meydan.tv\/az\/","name":"MEYDAN.TV","description":"Meydan TV Az\u0259rbaycan\u0131n media m\u0259kan\u0131ndak\u0131 alternativ s\u0259sidir","publisher":{"@id":"https:\/\/www.meydan.tv\/az\/#organization"},"potentialAction":[{"@type":"SearchAction","target":{"@type":"EntryPoint","urlTemplate":"https:\/\/www.meydan.tv\/az\/?s={search_term_string}"},"query-input":{"@type":"PropertyValueSpecification","valueRequired":true,"valueName":"search_term_string"}}],"inLanguage":"az"},{"@type":"Organization","@id":"https:\/\/www.meydan.tv\/az\/#organization","name":"Meydan TV","url":"https:\/\/www.meydan.tv\/az\/","logo":{"@type":"ImageObject","inLanguage":"az","@id":"https:\/\/www.meydan.tv\/az\/#\/schema\/logo\/image\/","url":"https:\/\/www.meydan.tv\/wp-content\/uploads\/2021\/07\/meydan-logo.svg","contentUrl":"https:\/\/www.meydan.tv\/wp-content\/uploads\/2021\/07\/meydan-logo.svg","width":195,"height":46,"caption":"Meydan TV"},"image":{"@id":"https:\/\/www.meydan.tv\/az\/#\/schema\/logo\/image\/"}},{"@type":"Person","@id":"https:\/\/www.meydan.tv\/az\/#\/schema\/person\/10d11eccf6da3662cf5fdab9806ea91a","name":"user-manager"}]}},"_links":{"self":[{"href":"https:\/\/www.meydan.tv\/az\/wp-json\/wp\/v2\/posts\/170509","targetHints":{"allow":["GET"]}}],"collection":[{"href":"https:\/\/www.meydan.tv\/az\/wp-json\/wp\/v2\/posts"}],"about":[{"href":"https:\/\/www.meydan.tv\/az\/wp-json\/wp\/v2\/types\/post"}],"author":[{"embeddable":true,"href":"https:\/\/www.meydan.tv\/az\/wp-json\/wp\/v2\/users\/11"}],"replies":[{"embeddable":true,"href":"https:\/\/www.meydan.tv\/az\/wp-json\/wp\/v2\/comments?post=170509"}],"version-history":[{"count":0,"href":"https:\/\/www.meydan.tv\/az\/wp-json\/wp\/v2\/posts\/170509\/revisions"}],"wp:featuredmedia":[{"embeddable":true,"href":"https:\/\/www.meydan.tv\/az\/wp-json\/wp\/v2\/media\/35792"}],"wp:attachment":[{"href":"https:\/\/www.meydan.tv\/az\/wp-json\/wp\/v2\/media?parent=170509"}],"wp:term":[{"taxonomy":"category","embeddable":true,"href":"https:\/\/www.meydan.tv\/az\/wp-json\/wp\/v2\/categories?post=170509"},{"taxonomy":"post_tag","embeddable":true,"href":"https:\/\/www.meydan.tv\/az\/wp-json\/wp\/v2\/tags?post=170509"}],"curies":[{"name":"wp","href":"https:\/\/api.w.org\/{rel}","templated":true}]}}