{"id":170502,"date":"2015-10-17T20:51:46","date_gmt":"2015-10-17T20:51:46","guid":{"rendered":"https:\/\/www.meydan.tv\/article\/qanadlarindan-xebersiz-bocek\/"},"modified":"2015-10-17T20:51:46","modified_gmt":"2015-10-17T20:51:46","slug":"qanadlarindan-xebersiz-bocek","status":"publish","type":"post","link":"https:\/\/www.meydan.tv\/az\/article\/qanadlarindan-xebersiz-bocek\/","title":{"rendered":"Qanadlar\u0131ndan x\u0259b\u0259rsiz  b\u00f6c\u0259k"},"content":{"rendered":"<figure class=\"wp-block-image size-large\">\n  <img decoding=\"async\" src=\"https:\/\/www.meydan.tv\/az\/35810\/\" alt=\"\" class=\"wp-image-35810\"\/><figcaption><\/figcaption><\/figure>\n<figure class=\"wp-block-image size-large\">\n  <img decoding=\"async\" src=\"https:\/\/www.meydan.tv\/az\/35813\/\" alt=\"\" class=\"wp-image-35813\"\/><figcaption><\/figcaption><\/figure>\n<p>\n  <br \/>\n  Bu g\u00fcn s\u00f6hb\u0259ti Az\u0259rbaycanda ba\u015f ver\u0259n (qeyri-)ictimai hadis\u0259l\u0259rd\u0259n bir q\u0259d\u0259r k\u0259narda, \u0259d\u0259biyyatla ba\u015flamaq ist\u0259yir\u0259m, h\u0259r\u00e7\u0259nd ki, \u00f6nc\u0259l\u0259r dediyim kimi \u00f6lk\u0259mizd\u0259 ba\u015f ver\u0259nl\u0259r ist\u0259nil\u0259n inc\u0259s\u0259n\u0259t n\u00f6v\u00fcn\u00fc qatday\u0131b qoyub dizinin alt\u0131nda.\n<\/p>\n<p>\n  D\u00fcz 100 il bundan \u00f6nc\u0259, 1915-ci ild\u0259 b\u00fct\u00fcn g\u0259l\u0259c\u0259k m\u0259d\u0259niyy\u0259td\u0259 (ist\u0259r XX \u0259sr, ist\u0259r XXI) \u00f6z d\u0259rin izini qoyacaq hadis\u0259 ba\u015f vermi\u015fdi. D\u00fcnya M\u00fcharib\u0259sinn \u00e7ox a\u011f\u0131r, ikinci ili ged\u0259rk\u0259n y\u0259hudi \u0259silli Praqa alman qrupunun n\u00fcmay\u0259nd\u0259si, Franz Kafkan\u0131n, y\u0259qin ki, d\u00fcnya \u0259d\u0259biyyat\u0131n\u0131n \u0259n m\u0259\u015fhur hekay\u0259si v\u0259 XX \u0259srin b\u0259lk\u0259 d\u0259 \u0259n b\u00f6y\u00fck \u00f6nc\u0259g\u00f6rm\u0259si olan &#8220;\u00c7evrilm\u0259&#8221; d\u0259rc edilmi\u015fdi.\n<\/p>\n<p>\n  XX \u0259sr \u00e7ox antiutopiyalar yarad\u0131b: ilkl\u0259rd\u0259n olan Yevgeni Zamyatin (&#8220;Biz&#8221; roman\u0131), sonra m\u0259\u015fhur ingilis fantast\u0131 Herbert Wells (&#8220;Zaman ma\u015f\u0131n\u0131&#8221; v\u0259 &#8220;Yatanlar oyananda&#8221; romanlar\u0131), t\u0259qdimata ehtiyac\u0131 duyulmayan George Orwell (&#8220;1984&#8221; v\u0259 &#8220;Heyvanat ba\u011f\u00e7as\u0131&#8221; romanlar\u0131), m\u0259\u015fhur amerikan fantastlar\u0131 Ray Bradbury (&#8220;Fahrenheit &#8211; 451&#8221; roman\u0131) v\u0259 Robert Sheckley (bir \u00e7ox hekay\u0259l\u0259ri), m\u0259\u015fhur polyak futuroloq v\u0259 filosofu Stanis\u0142aw Lem (&#8220;Ulduzlardan D\u00f6n\u00fc\u015f&#8221; roman\u0131), bundan ba\u015fqa az qala b\u00fct\u00fcn XX \u0259sr boyu qapal\u0131 \u00f6lk\u0259 olmu\u015f Sovet \u0130ttifaq\u0131nda yaz\u0131b-yaradan Arkadi v\u0259 Boris Struqatski qarda\u015flar\u0131 v\u0259 \u0130van Yefremov da antiutopik \u0259s\u0259rl\u0259r yaratm\u0131\u015flar. Antiutopiya t\u0259sviri inc\u0259s\u0259n\u0259t v\u0259 kinematoqrafda kifay\u0259t q\u0259d\u0259r geni\u015f dair\u0259d\u0259 t\u0259sdiqini tap\u0131b.\n<\/p>\n<p>\n  Bel\u0259c\u0259 yaz\u0131\u00e7\u0131lar v\u0259 \u00fcmumiyy\u0259tl\u0259 s\u0259n\u0259t adamlar\u0131 b\u00fct\u00fcn XX \u0259sr boyu antiutopik \u0259s\u0259rl\u0259r yaratmaqla daima Kassandra kompleksi ya\u015fam\u0131\u015flar. N\u0259 idi buradak\u0131 Kassandra kompleksi? Antik \u0259fsan\u0259y\u0259 g\u00f6r\u0259, Troya \u00e7ar\u0131 Priamusun q\u0131z\u0131 Kassandra Apollonu \u00f6z g\u00f6z\u0259lliyi il\u0259 heyran edir v\u0259 ondan h\u0259diyy\u0259 kimi \u00f6nc\u0259g\u00f6rm\u0259 vergisi al\u0131r. Lakin onu r\u0259dd etdiyind\u0259n Apollonun q\u0259z\u0259bin\u0259 tu\u015f g\u0259lir v\u0259 onun t\u0259r\u0259find\u0259n l\u0259n\u0259tl\u0259nir. L\u0259n\u0259tin mahiyy\u0259ti bu idi ki, Kassandra he\u00e7 bir zaman \u00f6z m\u00fcst\u0259sna vergisind\u0259n istifad\u0259 ed\u0259 bilm\u0259sin. Kassandran\u0131n l\u0259n\u0259ti \u00f6nc\u0259d\u0259n ba\u015f ver\u0259c\u0259k hadis\u0259l\u0259rin olaca\u011f\u0131na he\u00e7 bir kims\u0259ni buna inand\u0131rmaq, bu proqnozlar\u0131n h\u0259qiqiliyini anlatmaq m\u00fcmk\u00fcns\u00fczl\u00fcy\u00fc, hadis\u0259l\u0259rin gedi\u015fin\u0259 v\u0259 n\u0259tic\u0259sin\u0259 is\u0259 \u0259sla t\u0259sir ed\u0259 bilm\u0259m\u0259sind\u0259 idi. Kassandra kompleksi &#8211; g\u0259l\u0259c\u0259yi bil\u0259n, \u00f6nc\u0259g\u00f6rm\u0259si olan, lakin ba\u015f ver\u0259c\u0259k hadis\u0259l\u0259ri he\u00e7 c\u00fcr \u0259ng\u0259ll\u0259y\u0259 v\u0259 verdiyi proqnozlar\u0131n real oldu\u011funu ba\u015fqalar\u0131na inand\u0131ra bilm\u0259y\u0259n insan\u0131n l\u0259n\u0259ti kimi tarix\u0259 yaz\u0131lm\u0131\u015fd\u0131r.\n<\/p>\n<p>\n  Lakin b\u00fct\u00fcn bunlar\u0131n ba\u015flan\u011f\u0131c\u0131 m\u0259hz Kafkan\u0131n &#8220;\u00c7evrilm\u0259&#8221; hekay\u0259si idi.\n<\/p>\n<p>\n  N\u0259 ba\u015f verir bu hekay\u0259d\u0259? \u018fs\u0259rin ba\u015f q\u0259hr\u0259man\u0131, adi kommivoyaj\u00f6r i\u015fl\u0259y\u0259n Qreqor Zamza bir g\u00fcn s\u0259h\u0259r yuxudan ay\u0131lark\u0259n \u00f6z\u00fcn\u00fcn b\u00f6y\u00fck bir eyb\u0259c\u0259r h\u0259\u015f\u0259rata (yazar onun m\u0259hz hans\u0131 h\u0259\u015f\u0259rata \u00e7evrilm\u0259sinin d\u0259qiq t\u0259fsilat\u0131n\u0131 vermir) \u00e7evrildiyini g\u00f6r\u00fcr. Bir adam \u00f6z\u00fc d\u0259 x\u0259b\u0259rsiz, \u00e7evrilib h\u0259\u015f\u0259rat olmu\u015fdur. Prosesi nec\u0259 ba\u015f verdiyi yaz\u0131lm\u0131r, biz\u0259 veril\u0259n yaln\u0131z n\u0259tic\u0259dir.\n<\/p>\n<p>\n  Bu g\u00fcnl\u0259rd\u0259 m\u0259tbuatda ilginc bir m\u0259lumata rastlad\u0131m &#8211; \u00d6zb\u0259kistan\u0131n F\u0259rqan\u0259 vilay\u0259tind\u0259 insanlar\u0131 y\u0131\u011f\u0131lm\u0131\u015f pamb\u0131\u011f\u0131 yap\u0131\u015fqanla yenid\u0259n kollara yap\u0131\u015fd\u0131rmaq g\u00f6st\u0259ri\u015fi verilmi\u015fdi. \u00c7\u00fcnki oraya \u00f6lk\u0259nin ba\u015f naziri t\u0259\u015frif buyuracaqm\u0131\u015f. Vilay\u0259tin hakimi nazirin g\u00f6z\u00fcn\u0259 pamb\u0131q dolu g\u00f6z\u0259l tarlalar g\u00f6st\u0259rilm\u0259si \u00fc\u00e7\u00fcn d\u0259rhal bu \u0259mri verib, camaat da icra edib, y\u0131\u011f\u0131lm\u0131\u015f pamb\u0131\u011f\u0131 yap\u0131\u015fd\u0131r\u0131b yenid\u0259n kollara. Burada m\u0259\u015fhur &#8220;N\u0259 g\u00fcnd\u0259s\u0259n Niyam\u0259tdin?&#8221; sual\u0131 g\u00fcnd\u0259m\u0259 g\u0259lir. Bunlar nec\u0259 bu g\u00fcn\u0259 g\u0259lib \u00e7\u0131x\u0131blar, Kafkan\u0131n &#8220;\u00c7evrilm\u0259si&#8221; kimi qar\u015f\u0131m\u0131zda yaln\u0131z fakt durur, bu yolun nec\u0259 olmas\u0131 haqda is\u0259 minl\u0259rl\u0259 fikir ola bil\u0259r. \u018fn maraql\u0131s\u0131 da sonda olur &#8211; ba\u015f nazir \u00fcmumiyy\u0259tl\u0259 ora g\u0259lmir. P\u0259rd\u0259 enir, son. Heyf, Beckett d\u0259 cavan getdi, yoxsa bunu e\u015fidib xarakiri el\u0259rdi, uspet el\u0259m\u0259di, hay\u0131f, hay\u0131f, min hay\u0131f.\n<\/p>\n<p>\n  Qay\u0131daq hekay\u0259y\u0259. \u0130st\u0259nil\u0259n \u0259s\u0259r alleqoriyalardan ibar\u0259tdir, deyilmi? Dem\u0259k, Qreqor h\u0259\u015f\u0259rata \u00e7evrilir, bu zamana q\u0259d\u0259r onun m\u0259vacibi il\u0259 dolanan ail\u0259 \u00fczvl\u0259ri bundan d\u0259h\u015f\u0259tl\u0259nir, ondan iyr\u0259nir, ona nifr\u0259t edirl\u0259r. \u018fvv\u0259l atas\u0131 onu yaralay\u0131r, ona at\u0131lm\u0131\u015f almalar belind\u0259 \u00e7\u00fcr\u00fcy\u00fcb iyr\u0259nc iy verir, sonra is\u0259, ev\u0259 kiray\u0259ni\u015finl\u0259r (y\u0259ni alleqorik des\u0259k, xaricil\u0259r) g\u0259lir. \u00d6nc\u0259l\u0259r bir q\u0259d\u0259r d\u0259 olsa, m\u0259rh\u0259m\u0259tl\u0259 yana\u015fan bac\u0131s\u0131 bel\u0259 ona nifr\u0259t edir. \u018fs\u0259rd\u0259 ona nisb\u0259t\u0259n yum\u015faq yana\u015fan v\u0259 ona bir az yem\u0259k verm\u0259y\u0259 iyr\u0259nm\u0259y\u0259n qulluq\u00e7u qad\u0131n (y\u0259ni c\u0259miyy\u0259tin a\u015fa\u011f\u0131 t\u0259b\u0259q\u0259si) olur. Qreqor Zamza bu hekay\u0259d\u0259 \u00f6l\u00fcm\u00fcn\u0259 q\u0259d\u0259r qapal\u0131 bir otaqda, \u00e7ox a\u011f\u0131r m\u0259n\u0259vi-fiziki v\u0259ziy\u0259td\u0259 ya\u015famal\u0131 olur. Yaln\u0131z onun \u00f6l\u00fcm\u00fcnd\u0259n sonra ham\u0131 rahatl\u0131q tap\u0131r, ata Zamza da deyir: &#8220;Bax, indi biz Allaha \u015f\u00fck\u00fcr ed\u0259 bil\u0259rik&#8221;.\n<\/p>\n<p>\n  G\u00f6r\u0259s\u0259n, burada hans\u0131 alleqoriyan\u0131 g\u00f6r\u00fcr\u00fck? Ba\u015f q\u0259hr\u0259man\u0131n obraz\u0131n\u0131 t\u0259c\u0259ss\u00fcm\u00fc pamb\u0131\u011f\u0131 yenid\u0259n kollara yap\u0131\u015fd\u0131raraq ali t\u0259b\u0259q\u0259nin b\u00fct\u00fcn nifr\u0259t v\u0259 eyni zamanda \u00e7im\u00e7\u0259\u015fm\u0259k hissini \u00f6z\u00fcnd\u0259 c\u0259ml\u0259\u015fdirmi\u015f xalq deyilmi? &#8220;Xalq demokratiyaya haz\u0131r deyil&#8221;, &#8220;Bizim s\u0259viyy\u0259miz ona \u00e7atm\u0131r&#8221;, &#8220;Hakimiyy\u0259t xalq\u0131n milli mentalitetin\u0259 uy\u011fun olaraq, onu idar\u0259 edir&#8221; &#8211; bu s\u00f6hb\u0259tl\u0259ri ne\u00e7\u0259 ill\u0259rdir e\u015fidirsiniz? Alt mesaj\u0131 &#8220;siz\u0259 yax\u015f\u0131 olur, siz\u0259 bundan da \u00e7ox edilm\u0259lidir&#8221; olan s\u00f6hb\u0259tl\u0259ri hakim dair\u0259l\u0259rd\u0259n ba\u015fqa el\u0259 xalq\u0131n \u00f6z\u00fcn\u00fcn \u0259n parlaq, \u0259n a\u011f\u0131ll\u0131 ziyal\u0131lar\u0131 s\u0259sl\u0259ndirmirdimi uzun ill\u0259r? Sabah bizimkil\u0259r\u0259 d\u0259 y\u0131\u011f\u0131lm\u0131\u015f pamb\u0131\u011f\u0131 kollara yenid\u0259n yap\u0131\u015fd\u0131rmaq \u0259mri verils\u0259 (zat\u0259n el\u0259 verilmi\u015f kimidir), bunun haman icra edil\u0259c\u0259yin\u0259 kimins\u0259 \u015f\u00fcbh\u0259si var? Bu s\u00f6hb\u0259ti \u0259sasland\u0131ran b\u0259s kim olacaq, y\u0259ni ona da \u015f\u00fcbh\u0259niz var?\n<\/p>\n<p>\n  Hekay\u0259d\u0259 \u00e7evrilm\u0259sini g\u00f6r\u00fcb-anlayan ba\u015f q\u0259hr\u0259man: \u201cM\u0259n\u0259, g\u00f6r\u0259s\u0259n, n\u0259 olub?\u201d &#8211; d\u00fc\u015f\u00fcn\u00fcr. Bu, yuxu deyildi.\n<\/p>\n<p>\n  Bizim c\u0259miyy\u0259timizd\u0259n n\u0259s\u0259 yazmaq art\u0131q \u00e7ox \u00e7\u0259tindir, \u00e7\u00fcnki bizim &#8220;\u00c7evrilm\u0259&#8221; art\u0131q ba\u015f verib. \u0130yr\u0259nm\u0259 m\u0259rh\u0259l\u0259sini h\u0259l\u0259 d\u0259 ya\u015fay\u0131r\u0131q, kiray\u0259ni\u015finl\u0259r d\u0259 g\u0259lib-getdi, s\u00f6hb\u0259t d\u0259 dey\u0259s\u0259n finala yax\u0131nla\u015fmaqdad\u0131r ax\u0131&#8230;\n<\/p>\n<p>\n  P.S. Yuxar\u0131da qeyd etdiyimiz kimi, Kafka \u00f6z q\u0259hr\u0259man\u0131n\u0131 m\u0259hz hans\u0131 h\u0259\u015f\u0259rata \u00e7evrilm\u0259sinin d\u0259qiq t\u0259fsilat\u0131n\u0131 vermir, o \u00fczd\u0259n bu m\u0259s\u0259l\u0259 \u0259d\u0259biyyat\u015f\u00fcnasl\u0131qda \u00e7ox m\u00fcbahis\u0259l\u0259r\u0259 s\u0259b\u0259b olmu\u015fdu, \u00e7\u00fcnki b\u0259zil\u0259ri bunun sad\u0259c\u0259 tarakan oldu\u011funu iddia edir, etimologiyada ba\u015f\u0131 \u00e7\u0131xan Nabokov is\u0259 bunun c\u0259f\u0259ngiyyat oldu\u011funu, yaz\u0131\u00e7\u0131n\u0131n t\u0259xmini t\u0259svirl\u0259rin\u0259 g\u00f6r\u0259 b\u00f6c\u0259k oldu\u011funu demi\u015fdi. Bunu da \u0259s\u0259rin ideyas\u0131 il\u0259 \u0259sasland\u0131r\u0131rd\u0131, \u00e7\u00fcnki Qreqor Zamza b\u00f6c\u0259k oldu\u011funu bils\u0259ydi, onun qanadlar\u0131 olar v\u0259 n\u0259hay\u0259td\u0259 \u00f6z\u00fc-\u00f6z\u00fcnd\u0259n bu q\u0259d\u0259r d\u0259h\u015f\u0259t\u0259 g\u0259lm\u0259z, u\u00e7ub harasa ba\u015fqa yer\u0259 ged\u0259rdi. Nabokova g\u00f6r\u0259 bu \u0259s\u0259rin h\u0259qiqi d\u0259h\u015f\u0259ti d\u0259 m\u0259hz bu istifad\u0259 edilm\u0259y\u0259n imkanlarda idi&#8230;\n<\/p>\n<p>\n  P.P.S. \u018fn maraql\u0131s\u0131 is\u0259 &#8220;\u00c7evrilm\u0259&#8221; \u0259s\u0259ri d\u0259rc edildikd\u0259n sonra c\u0259miyy\u0259t\u0259 o q\u0259d\u0259r d\u0259rind\u0259n t\u0259sir etmi\u015f olur ki, g\u0259nc \u015fair Karl Brandt bu hekay\u0259nin ard\u0131n\u0131 yaz\u0131r &#8220;Qreqor Zamzan\u0131n geriy\u0259 \u00e7evrilm\u0259si&#8221; (R\u00fcckverwandlung des Gregor Samsa, 1916). Kral Brandt\u0131n bu hekay\u0259sind\u0259 dirilm\u0259 ideyalar\u0131 \u00f6z \u0259ksini tap\u0131r, o bu \u0259s\u0259rd\u0259 q\u0259hr\u0259man\u0131 bir prototip kimi yenid\u0259n h\u0259yata qaytar\u0131r. Novellan\u0131n sonunda yenid\u0259n insan qisimi (v\u0259 eyni zamanda cismini) alm\u0131\u015f Qreqor, &#8220;Qalx. \u0130ndi is\u0259 get!&#8221; s\u0259sini e\u015fidir. Brandt\u0131n bu \u0259s\u0259ri dilimiz\u0259 t\u0259rc\u00fcm\u0259 edilm\u0259yib, amma g\u00f6r\u00fcn\u00fcr b\u0259rayi-ehtiyac\u0131 var&#8230;\n<\/p>\n<p>\n  <b><br \/>\n    Yaz\u0131 m\u00fc\u0259llifin \u015f\u0259xsi m\u00f6vqeyini \u0259ks etdirir&#8230;<br \/>\n  <\/b><\/p>\n","protected":false},"excerpt":{"rendered":"<p>Geriy\u0259 \u00e7evrilm\u0259 z\u0259rur\u0259ti?<\/p>\n","protected":false},"author":11,"featured_media":35810,"comment_status":"closed","ping_status":"open","sticky":false,"template":"","format":"standard","meta":{"_acf_changed":false,"_sitemap_exclude":false,"_sitemap_priority":"","_sitemap_frequency":"","footnotes":""},"categories":[57],"tags":[],"class_list":["post-170502","post","type-post","status-publish","format-standard","has-post-thumbnail","hentry","category-menim-fikrimce","infinite-scroll-item","generate-columns","tablet-grid-50","mobile-grid-100","grid-parent","grid-33","no-featured-image-padding"],"acf":[],"yoast_head":"<!-- This site is optimized with the Yoast SEO plugin v27.5 - https:\/\/yoast.com\/product\/yoast-seo-wordpress\/ -->\n<title>Qanadlar\u0131ndan x\u0259b\u0259rsiz b\u00f6c\u0259k - MEYDAN.TV<\/title>\n<meta name=\"robots\" content=\"index, follow, max-snippet:-1, max-image-preview:large, max-video-preview:-1\" \/>\n<link rel=\"canonical\" href=\"https:\/\/www.meydan.tv\/az\/article\/qanadlarindan-xebersiz-bocek\/\" \/>\n<meta property=\"og:locale\" content=\"az_AZ\" \/>\n<meta property=\"og:type\" content=\"article\" \/>\n<meta property=\"og:title\" content=\"Qanadlar\u0131ndan x\u0259b\u0259rsiz b\u00f6c\u0259k - MEYDAN.TV\" \/>\n<meta property=\"og:description\" content=\"Geriy\u0259 \u00e7evrilm\u0259 z\u0259rur\u0259ti?\" \/>\n<meta property=\"og:url\" content=\"https:\/\/www.meydan.tv\/az\/article\/qanadlarindan-xebersiz-bocek\/\" \/>\n<meta property=\"og:site_name\" content=\"MEYDAN.TV\" \/>\n<meta property=\"article:published_time\" content=\"2015-10-17T20:51:46+00:00\" \/>\n<meta property=\"og:image\" content=\"https:\/\/www.meydan.tv\/wp-content\/uploads\/13400.jpg\" \/>\n\t<meta property=\"og:image:width\" content=\"360\" \/>\n\t<meta property=\"og:image:height\" content=\"360\" \/>\n\t<meta property=\"og:image:type\" content=\"image\/jpeg\" \/>\n<meta name=\"author\" content=\"user-manager\" \/>\n<meta name=\"twitter:card\" content=\"summary_large_image\" \/>\n<script type=\"application\/ld+json\" class=\"yoast-schema-graph\">{\"@context\":\"https:\\\/\\\/schema.org\",\"@graph\":[{\"@type\":\"Article\",\"@id\":\"https:\\\/\\\/www.meydan.tv\\\/az\\\/article\\\/qanadlarindan-xebersiz-bocek\\\/#article\",\"isPartOf\":{\"@id\":\"https:\\\/\\\/www.meydan.tv\\\/az\\\/article\\\/qanadlarindan-xebersiz-bocek\\\/\"},\"author\":{\"name\":\"user-manager\",\"@id\":\"https:\\\/\\\/www.meydan.tv\\\/az\\\/#\\\/schema\\\/person\\\/10d11eccf6da3662cf5fdab9806ea91a\"},\"headline\":\"Qanadlar\u0131ndan x\u0259b\u0259rsiz b\u00f6c\u0259k\",\"datePublished\":\"2015-10-17T20:51:46+00:00\",\"mainEntityOfPage\":{\"@id\":\"https:\\\/\\\/www.meydan.tv\\\/az\\\/article\\\/qanadlarindan-xebersiz-bocek\\\/\"},\"wordCount\":1516,\"publisher\":{\"@id\":\"https:\\\/\\\/www.meydan.tv\\\/az\\\/#organization\"},\"image\":{\"@id\":\"https:\\\/\\\/www.meydan.tv\\\/az\\\/article\\\/qanadlarindan-xebersiz-bocek\\\/#primaryimage\"},\"thumbnailUrl\":\"https:\\\/\\\/www.meydan.tv\\\/wp-content\\\/uploads\\\/13400.jpg\",\"articleSection\":[\"M\u0259nim Fikrimc\u0259\"],\"inLanguage\":\"az\"},{\"@type\":\"WebPage\",\"@id\":\"https:\\\/\\\/www.meydan.tv\\\/az\\\/article\\\/qanadlarindan-xebersiz-bocek\\\/\",\"url\":\"https:\\\/\\\/www.meydan.tv\\\/az\\\/article\\\/qanadlarindan-xebersiz-bocek\\\/\",\"name\":\"Qanadlar\u0131ndan x\u0259b\u0259rsiz b\u00f6c\u0259k - MEYDAN.TV\",\"isPartOf\":{\"@id\":\"https:\\\/\\\/www.meydan.tv\\\/az\\\/#website\"},\"primaryImageOfPage\":{\"@id\":\"https:\\\/\\\/www.meydan.tv\\\/az\\\/article\\\/qanadlarindan-xebersiz-bocek\\\/#primaryimage\"},\"image\":{\"@id\":\"https:\\\/\\\/www.meydan.tv\\\/az\\\/article\\\/qanadlarindan-xebersiz-bocek\\\/#primaryimage\"},\"thumbnailUrl\":\"https:\\\/\\\/www.meydan.tv\\\/wp-content\\\/uploads\\\/13400.jpg\",\"datePublished\":\"2015-10-17T20:51:46+00:00\",\"breadcrumb\":{\"@id\":\"https:\\\/\\\/www.meydan.tv\\\/az\\\/article\\\/qanadlarindan-xebersiz-bocek\\\/#breadcrumb\"},\"inLanguage\":\"az\",\"potentialAction\":[{\"@type\":\"ReadAction\",\"target\":[\"https:\\\/\\\/www.meydan.tv\\\/az\\\/article\\\/qanadlarindan-xebersiz-bocek\\\/\"]}]},{\"@type\":\"ImageObject\",\"inLanguage\":\"az\",\"@id\":\"https:\\\/\\\/www.meydan.tv\\\/az\\\/article\\\/qanadlarindan-xebersiz-bocek\\\/#primaryimage\",\"url\":\"https:\\\/\\\/www.meydan.tv\\\/wp-content\\\/uploads\\\/13400.jpg\",\"contentUrl\":\"https:\\\/\\\/www.meydan.tv\\\/wp-content\\\/uploads\\\/13400.jpg\",\"width\":360,\"height\":360,\"caption\":\"Source:\"},{\"@type\":\"BreadcrumbList\",\"@id\":\"https:\\\/\\\/www.meydan.tv\\\/az\\\/article\\\/qanadlarindan-xebersiz-bocek\\\/#breadcrumb\",\"itemListElement\":[{\"@type\":\"ListItem\",\"position\":1,\"name\":\"Ana s\u0259hif\u0259\",\"item\":\"https:\\\/\\\/www.meydan.tv\\\/az\\\/\"},{\"@type\":\"ListItem\",\"position\":2,\"name\":\"M\u0259nim Fikrimc\u0259\",\"item\":\"https:\\\/\\\/www.meydan.tv\\\/az\\\/section\\\/menim-fikrimce\\\/\"},{\"@type\":\"ListItem\",\"position\":3,\"name\":\"Qanadlar\u0131ndan x\u0259b\u0259rsiz b\u00f6c\u0259k\"}]},{\"@type\":\"WebSite\",\"@id\":\"https:\\\/\\\/www.meydan.tv\\\/az\\\/#website\",\"url\":\"https:\\\/\\\/www.meydan.tv\\\/az\\\/\",\"name\":\"MEYDAN.TV\",\"description\":\"Meydan TV Az\u0259rbaycan\u0131n media m\u0259kan\u0131ndak\u0131 alternativ s\u0259sidir\",\"publisher\":{\"@id\":\"https:\\\/\\\/www.meydan.tv\\\/az\\\/#organization\"},\"potentialAction\":[{\"@type\":\"SearchAction\",\"target\":{\"@type\":\"EntryPoint\",\"urlTemplate\":\"https:\\\/\\\/www.meydan.tv\\\/az\\\/?s={search_term_string}\"},\"query-input\":{\"@type\":\"PropertyValueSpecification\",\"valueRequired\":true,\"valueName\":\"search_term_string\"}}],\"inLanguage\":\"az\"},{\"@type\":\"Organization\",\"@id\":\"https:\\\/\\\/www.meydan.tv\\\/az\\\/#organization\",\"name\":\"Meydan TV\",\"url\":\"https:\\\/\\\/www.meydan.tv\\\/az\\\/\",\"logo\":{\"@type\":\"ImageObject\",\"inLanguage\":\"az\",\"@id\":\"https:\\\/\\\/www.meydan.tv\\\/az\\\/#\\\/schema\\\/logo\\\/image\\\/\",\"url\":\"https:\\\/\\\/www.meydan.tv\\\/wp-content\\\/uploads\\\/2021\\\/07\\\/meydan-logo.svg\",\"contentUrl\":\"https:\\\/\\\/www.meydan.tv\\\/wp-content\\\/uploads\\\/2021\\\/07\\\/meydan-logo.svg\",\"width\":195,\"height\":46,\"caption\":\"Meydan TV\"},\"image\":{\"@id\":\"https:\\\/\\\/www.meydan.tv\\\/az\\\/#\\\/schema\\\/logo\\\/image\\\/\"}},{\"@type\":\"Person\",\"@id\":\"https:\\\/\\\/www.meydan.tv\\\/az\\\/#\\\/schema\\\/person\\\/10d11eccf6da3662cf5fdab9806ea91a\",\"name\":\"user-manager\"}]}<\/script>\n<!-- \/ Yoast SEO plugin. -->","yoast_head_json":{"title":"Qanadlar\u0131ndan x\u0259b\u0259rsiz b\u00f6c\u0259k - MEYDAN.TV","robots":{"index":"index","follow":"follow","max-snippet":"max-snippet:-1","max-image-preview":"max-image-preview:large","max-video-preview":"max-video-preview:-1"},"canonical":"https:\/\/www.meydan.tv\/az\/article\/qanadlarindan-xebersiz-bocek\/","og_locale":"az_AZ","og_type":"article","og_title":"Qanadlar\u0131ndan x\u0259b\u0259rsiz b\u00f6c\u0259k - MEYDAN.TV","og_description":"Geriy\u0259 \u00e7evrilm\u0259 z\u0259rur\u0259ti?","og_url":"https:\/\/www.meydan.tv\/az\/article\/qanadlarindan-xebersiz-bocek\/","og_site_name":"MEYDAN.TV","article_published_time":"2015-10-17T20:51:46+00:00","og_image":[{"width":360,"height":360,"url":"https:\/\/www.meydan.tv\/wp-content\/uploads\/13400.jpg","type":"image\/jpeg"}],"author":"user-manager","twitter_card":"summary_large_image","schema":{"@context":"https:\/\/schema.org","@graph":[{"@type":"Article","@id":"https:\/\/www.meydan.tv\/az\/article\/qanadlarindan-xebersiz-bocek\/#article","isPartOf":{"@id":"https:\/\/www.meydan.tv\/az\/article\/qanadlarindan-xebersiz-bocek\/"},"author":{"name":"user-manager","@id":"https:\/\/www.meydan.tv\/az\/#\/schema\/person\/10d11eccf6da3662cf5fdab9806ea91a"},"headline":"Qanadlar\u0131ndan x\u0259b\u0259rsiz b\u00f6c\u0259k","datePublished":"2015-10-17T20:51:46+00:00","mainEntityOfPage":{"@id":"https:\/\/www.meydan.tv\/az\/article\/qanadlarindan-xebersiz-bocek\/"},"wordCount":1516,"publisher":{"@id":"https:\/\/www.meydan.tv\/az\/#organization"},"image":{"@id":"https:\/\/www.meydan.tv\/az\/article\/qanadlarindan-xebersiz-bocek\/#primaryimage"},"thumbnailUrl":"https:\/\/www.meydan.tv\/wp-content\/uploads\/13400.jpg","articleSection":["M\u0259nim Fikrimc\u0259"],"inLanguage":"az"},{"@type":"WebPage","@id":"https:\/\/www.meydan.tv\/az\/article\/qanadlarindan-xebersiz-bocek\/","url":"https:\/\/www.meydan.tv\/az\/article\/qanadlarindan-xebersiz-bocek\/","name":"Qanadlar\u0131ndan x\u0259b\u0259rsiz b\u00f6c\u0259k - MEYDAN.TV","isPartOf":{"@id":"https:\/\/www.meydan.tv\/az\/#website"},"primaryImageOfPage":{"@id":"https:\/\/www.meydan.tv\/az\/article\/qanadlarindan-xebersiz-bocek\/#primaryimage"},"image":{"@id":"https:\/\/www.meydan.tv\/az\/article\/qanadlarindan-xebersiz-bocek\/#primaryimage"},"thumbnailUrl":"https:\/\/www.meydan.tv\/wp-content\/uploads\/13400.jpg","datePublished":"2015-10-17T20:51:46+00:00","breadcrumb":{"@id":"https:\/\/www.meydan.tv\/az\/article\/qanadlarindan-xebersiz-bocek\/#breadcrumb"},"inLanguage":"az","potentialAction":[{"@type":"ReadAction","target":["https:\/\/www.meydan.tv\/az\/article\/qanadlarindan-xebersiz-bocek\/"]}]},{"@type":"ImageObject","inLanguage":"az","@id":"https:\/\/www.meydan.tv\/az\/article\/qanadlarindan-xebersiz-bocek\/#primaryimage","url":"https:\/\/www.meydan.tv\/wp-content\/uploads\/13400.jpg","contentUrl":"https:\/\/www.meydan.tv\/wp-content\/uploads\/13400.jpg","width":360,"height":360,"caption":"Source:"},{"@type":"BreadcrumbList","@id":"https:\/\/www.meydan.tv\/az\/article\/qanadlarindan-xebersiz-bocek\/#breadcrumb","itemListElement":[{"@type":"ListItem","position":1,"name":"Ana s\u0259hif\u0259","item":"https:\/\/www.meydan.tv\/az\/"},{"@type":"ListItem","position":2,"name":"M\u0259nim Fikrimc\u0259","item":"https:\/\/www.meydan.tv\/az\/section\/menim-fikrimce\/"},{"@type":"ListItem","position":3,"name":"Qanadlar\u0131ndan x\u0259b\u0259rsiz b\u00f6c\u0259k"}]},{"@type":"WebSite","@id":"https:\/\/www.meydan.tv\/az\/#website","url":"https:\/\/www.meydan.tv\/az\/","name":"MEYDAN.TV","description":"Meydan TV Az\u0259rbaycan\u0131n media m\u0259kan\u0131ndak\u0131 alternativ s\u0259sidir","publisher":{"@id":"https:\/\/www.meydan.tv\/az\/#organization"},"potentialAction":[{"@type":"SearchAction","target":{"@type":"EntryPoint","urlTemplate":"https:\/\/www.meydan.tv\/az\/?s={search_term_string}"},"query-input":{"@type":"PropertyValueSpecification","valueRequired":true,"valueName":"search_term_string"}}],"inLanguage":"az"},{"@type":"Organization","@id":"https:\/\/www.meydan.tv\/az\/#organization","name":"Meydan TV","url":"https:\/\/www.meydan.tv\/az\/","logo":{"@type":"ImageObject","inLanguage":"az","@id":"https:\/\/www.meydan.tv\/az\/#\/schema\/logo\/image\/","url":"https:\/\/www.meydan.tv\/wp-content\/uploads\/2021\/07\/meydan-logo.svg","contentUrl":"https:\/\/www.meydan.tv\/wp-content\/uploads\/2021\/07\/meydan-logo.svg","width":195,"height":46,"caption":"Meydan TV"},"image":{"@id":"https:\/\/www.meydan.tv\/az\/#\/schema\/logo\/image\/"}},{"@type":"Person","@id":"https:\/\/www.meydan.tv\/az\/#\/schema\/person\/10d11eccf6da3662cf5fdab9806ea91a","name":"user-manager"}]}},"_links":{"self":[{"href":"https:\/\/www.meydan.tv\/az\/wp-json\/wp\/v2\/posts\/170502","targetHints":{"allow":["GET"]}}],"collection":[{"href":"https:\/\/www.meydan.tv\/az\/wp-json\/wp\/v2\/posts"}],"about":[{"href":"https:\/\/www.meydan.tv\/az\/wp-json\/wp\/v2\/types\/post"}],"author":[{"embeddable":true,"href":"https:\/\/www.meydan.tv\/az\/wp-json\/wp\/v2\/users\/11"}],"replies":[{"embeddable":true,"href":"https:\/\/www.meydan.tv\/az\/wp-json\/wp\/v2\/comments?post=170502"}],"version-history":[{"count":0,"href":"https:\/\/www.meydan.tv\/az\/wp-json\/wp\/v2\/posts\/170502\/revisions"}],"wp:featuredmedia":[{"embeddable":true,"href":"https:\/\/www.meydan.tv\/az\/wp-json\/wp\/v2\/media\/35810"}],"wp:attachment":[{"href":"https:\/\/www.meydan.tv\/az\/wp-json\/wp\/v2\/media?parent=170502"}],"wp:term":[{"taxonomy":"category","embeddable":true,"href":"https:\/\/www.meydan.tv\/az\/wp-json\/wp\/v2\/categories?post=170502"},{"taxonomy":"post_tag","embeddable":true,"href":"https:\/\/www.meydan.tv\/az\/wp-json\/wp\/v2\/tags?post=170502"}],"curies":[{"name":"wp","href":"https:\/\/api.w.org\/{rel}","templated":true}]}}