{"id":170483,"date":"2015-10-17T02:01:01","date_gmt":"2015-10-17T02:01:01","guid":{"rendered":"https:\/\/www.meydan.tv\/article\/olu-zona\/"},"modified":"2015-10-17T02:01:01","modified_gmt":"2015-10-17T02:01:01","slug":"olu-zona","status":"publish","type":"post","link":"https:\/\/www.meydan.tv\/az\/article\/olu-zona\/","title":{"rendered":"\u00d6l\u00fc zona"},"content":{"rendered":"<figure class=\"wp-block-image size-large\">\n  <img decoding=\"async\" src=\"https:\/\/www.meydan.tv\/az\/35537\/\" alt=\"\" class=\"wp-image-35537\"\/><figcaption><\/figcaption><\/figure>\n<figure class=\"wp-block-image size-large\">\n  <img decoding=\"async\" src=\"https:\/\/www.meydan.tv\/az\/35540\/\" alt=\"\" class=\"wp-image-35540\"\/><figcaption><\/figcaption><\/figure>\n<p>\n  Bu yax\u0131nda anam \u00fcz\u00fcnt\u00fc il\u0259 \u00fcz\u00fcm\u0259 bax\u0131b, \u201cKa\u015f, \u0259lil arabas\u0131nda olmayayd\u0131n\u201d dedi. Ona t\u0259s\u0259lli verdim v\u0259 dedim ki, \u201cH\u0259r i\u015fd\u0259 bir xeyir var. D\u00fc\u015f\u00fcn ki, b\u0259lk\u0259 d\u0259 indi arabada olmasayd\u0131m ya h\u0259bsd\u0259, ya da q\u0259bird\u0259ydim. M\u0259n \u00fcz\u00fclm\u00fcr\u0259m, s\u0259n d\u0259 \u00fcz\u00fclm\u0259! Bu c\u00fcr daha xeyirli insan olaca\u011f\u0131m\u0131 d\u00fc\u015f\u00fcn\u00fcr\u0259m. Yax\u015f\u0131 olacaq!\u201d Anam s\u0259mimi v\u0259 \u00fcr\u0259kd\u0259n dediyim fikirl\u0259rl\u0259 raz\u0131la\u015fd\u0131 v\u0259 g\u00fcl\u00fcms\u0259di. Hiss edir\u0259m ki, anam h\u0259min s\u00f6hb\u0259td\u0259n sonra reall\u0131\u011f\u0131 daha rahat q\u0259bul edir v\u0259 el\u0259 d\u0259 \u00e7ox dar\u0131xm\u0131r. Bu, m\u0259nim \u00fc\u00e7\u00fcn d\u00fcnyalard\u0131r. O yax\u015f\u0131 bilir ki, m\u0259n nec\u0259 davakar v\u0259 hiperaktiv biri idim. \u018flillik m\u0259ni m\u00fc\u0259yy\u0259n q\u0259d\u0259r islah el\u0259di.\n<\/p>\n<p>\n  \u0130ndi daha yax\u015f\u0131 d\u0259rk edir\u0259m ki, he\u00e7 kimi \u00fczm\u0259y\u0259 haqq\u0131m yoxdur. Maksimum \u00e7al\u0131\u015f\u0131ram b\u0259d\u0259nimd\u0259ki a\u011fr\u0131lar\u0131 v\u0259 psixoloji s\u0131x\u0131nt\u0131lar\u0131m\u0131 da h\u0259mi\u015f\u0259 valideynl\u0259rimd\u0259n gizl\u0259d\u0259m. Zat\u0259n 19 ya\u015f\u0131mda ke\u00e7irdiyim q\u0259zadan sonra ald\u0131qlar\u0131 v\u0259 bu g\u00fcn d\u0259 i\u00e7l\u0259rind\u0259 ya\u015fatd\u0131qlar\u0131 ruhi-psixoloji sars\u0131nt\u0131 onlara \u00f6m\u00fcrl\u0259rinin ax\u0131r\u0131na q\u0259d\u0259r b\u0259s ed\u0259c\u0259k. Ona g\u00f6r\u0259 onlar\u0131n \u00fcz\u00fclm\u0259m\u0259sin\u0259 \u00e7ox h\u0259ssas yana\u015f\u0131r v\u0259 xeyirli \u00f6vlad kimi \u00f6z\u00fcm\u00fc do\u011frultma\u011fa \u00e7al\u0131\u015f\u0131ram.\n<\/p>\n<p>\n  \u0130ndi \u0259n sevdiyim yaz\u0131\u00e7\u0131 Stephen Kingin (Stiven Kinq) m\u0259\u015fhur bestselleri \u201cThe dead zone\u201d (\u201c\u00d6l\u00fc zona\u201d) roman\u0131ndan bir hiss\u0259 yad\u0131ma d\u00fc\u015fd\u00fc.Dem\u0259li, \u0259s\u0259rin q\u0259hr\u0259man\u0131 Johnny Smith (Conni Smit) ke\u00e7irdiyi a\u011f\u0131r avtomobil q\u0259zas\u0131ndan sonra 5 il\u0259 yax\u0131n x\u0259st\u0259xanada komada yat\u0131b, oyand\u0131qdan sonra f\u00f6vq\u0259lt\u0259bii g\u00fcc\u0259 malik oldu\u011funu m\u00fc\u0259yy\u0259n edir. O komada oldu\u011fu m\u00fcdd\u0259td\u0259 h\u0259kiml\u0259rd\u0259n ba\u015fqa sevdiyi q\u0131z v\u0259 Conninin atas\u0131 onun he\u00e7 vaxt \u00f6z\u00fcn\u0259 g\u0259lib, oyanaca\u011f\u0131na inanm\u0131rlar. Ancaq Conninin fanatik dindar anas\u0131 \u00fcmidl\u0259 o\u011flunun sa\u011falaca\u011f\u0131na inan\u0131r.\n<\/p>\n<p>\n  Conni oyand\u0131qdan sonra ilk d\u0259f\u0259 ona toxunan tibb bac\u0131s\u0131n\u0131n o\u011flunun bir g\u00f6z\u00fcn\u00fcn tutuldu\u011funu v\u0259 \u0259m\u0259liyyatdan sonra a\u00e7\u0131laca\u011f\u0131n\u0131 hiss edib, g\u00f6rd\u00fcy\u00fcn\u00fc dey\u0259nd\u0259 onun s\u00f6zl\u0259rin\u0259 \u0259h\u0259miyy\u0259t vermirl\u0259r. Ba\u015f\u0131ndan ald\u0131\u011f\u0131 travma il\u0259 ba\u011fl\u0131 bir \u015fey hesab edirl\u0259r. Daha sonra onu m\u00fcayin\u0259 ed\u0259n h\u0259kim il\u0259 \u0259l s\u0131x\u0131\u015fd\u0131qda h\u0259kimi Veyzak\u0131n u\u015faq vaxt\u0131 2-ci d\u00fcnya m\u00fcharib\u0259si d\u00f6vr\u00fcnd\u0259 Pol\u015fada itkin d\u00fc\u015fd\u00fcy\u00fcn\u00fc v\u0259 h\u0259kimin \u00f6l\u00fc sayd\u0131\u011f\u0131 anas\u0131n\u0131n sa\u011f oldu\u011funu, Kaliforniyada ya\u015fad\u0131\u011f\u0131 \u00fcnvan\u0131 g\u00f6r\u00fcr.\n<\/p>\n<p>\n  Ona inanmayan h\u0259kim h\u0259min \u00fcnvana uy\u011fun n\u00f6mr\u0259ni tap\u0131b, z\u0259ng ed\u0259r\u0259k ger\u00e7\u0259kd\u0259n anas\u0131n\u0131n sa\u011f oldu\u011funa \u0259min olur. Bundan sonra x\u0259st\u0259xanaya ax\u0131\u015fan jurnalistl\u0259r Connini suallarla bezdirirl\u0259r. Onda \u0259sl \u00f6nc\u0259g\u00f6r\u00fcc\u00fcl\u00fck yaran\u0131r. Ke\u00e7mi\u015fi v\u0259 g\u0259l\u0259c\u0259yi insanlar\u0131n \u00f6zl\u0259rin\u0259 v\u0259 \u0259\u015fyalar\u0131na toxunaraq g\u00f6r\u0259n v\u0259 hiss ed\u0259n Conni hadis\u0259l\u0259rin c\u0259r\u0259yan etdiyi co\u011frafi x\u00fcsusisiyy\u0259tl\u0259ri, t\u0259qvimi v\u0259 n\u00f6mr\u0259l\u0259ri g\u00f6r\u0259 bilmir ki, h\u0259min qapal\u0131 v\u0259 qaranl\u0131q m\u0259kan\u0131 \u201c\u00f6l\u00fc zona\u201d adland\u0131r\u0131r.\n<\/p>\n<p>\n  Yad\u0131ma m\u0259hz \u00f6l\u00fcm aya\u011f\u0131nda olan Conninin anas\u0131n\u0131n o\u011fluna olan s\u00f6zl\u0259ri d\u00fc\u015f\u00fcr. \u201cBu f\u00f6vq\u0259lt\u0259bii q\u00fcvv\u0259 s\u0259n\u0259 Allahdan b\u0259x\u015f olunmu\u015f m\u00fcq\u0259dd\u0259s vergidir o s\u0259ni m\u00fc\u0259yy\u0259n missiyan\u0131 yerin\u0259 yetirm\u0259k \u00fc\u00e7\u00fcn h\u0259yata yenid\u0259n qaytard\u0131\u201d(!).\n<\/p>\n<p>\n  Conni ham\u0131 kimi adi h\u0259yat s\u00fcrm\u0259y\u0259 \u00e7al\u0131\u015f\u0131r. Amma onun qeyri-adi qabiliyy\u0259ti haqq\u0131nda x\u0259b\u0259r tutan \u015ferif Bannerman Connid\u0259n silsil\u0259 q\u0259tll\u0259r t\u00f6r\u0259d\u0259n qatili tapma\u011f\u0131 xahi\u015f edir. Coni \u00f6z f\u00f6vq\u0259lt\u0259bii g\u00fcc\u00fc hesab\u0131na ill\u0259rdir q\u0131zlar\u0131-qad\u0131nlar\u0131 zorlay\u0131b, \u00f6ld\u00fcr\u0259n manyak\u0131n \u015f\u0259xsiyy\u0259tini m\u00fc\u0259yy\u0259n edir. Bu \u015ferif Banerman\u0131n yan\u0131nda \u00e7al\u0131\u015fan v\u0259 he\u00e7 kimin \u015f\u00fcbh\u0259l\u0259nm\u0259diyi polis Frenk Dodd olur ki, if\u015fa olunandan sonra intihar edir. He\u00e7 d\u0259 yax\u015f\u0131 insan olmayan, u\u011furlu biznesmen, ya\u015fad\u0131qlar\u0131 Ricuey \u015f\u0259h\u0259rinin meri Qreq Stilson ba\u015fqa biznesmenl\u0259ri onlar\u0131n intim fotolar\u0131 il\u0259 \u015fantaj edir, fiziki t\u0259zyiql\u0259r edib k\u00fclli miqdarda pul al\u0131r v\u0259 xalq aras\u0131nda yaratd\u0131\u011f\u0131 n\u00fcfuzla AB\u015e n\u00fcmay\u0259nd\u0259l\u0259r palatas\u0131na girir.\n<\/p>\n<p>\n  H\u0259min \u0259r\u0259f\u0259d\u0259 qalmaqall\u0131 \u015f\u0259xs kimi obraz yaradan Connini q\u0259zadan \u0259vv\u0259l i\u015fl\u0259diyi m\u0259kt\u0259b r\u0259hb\u0259rliyi m\u00fc\u0259llim kimi i\u015f\u0259 t\u0259yin etm\u0259kd\u0259n imtina edirl\u0259r. Xo\u015fb\u0259xtlikd\u0259n, varl\u0131 biznesmen \u00f6z o\u011flu \u00c7ak \u00fc\u00e7\u00fcn Connini repetitor kimi villas\u0131nda i\u015f\u0259 g\u00f6t\u00fcr\u00fcr. \u00c7ak\u0131n m\u0259zun g\u00fcn\u00fc onu qucaqlayan Conni hiss edir ki, \u00c7ak v\u0259 onlar\u0131n m\u0259kt\u0259bl\u0259rind\u0259n m\u0259zun olan \u015fagirdl\u0259rin \u00e7oxu m\u0259zun gec\u0259si \u00fc\u00e7\u00fcn ged\u0259c\u0259kl\u0259ri restoranda g\u00fccl\u00fc yan\u011f\u0131n n\u0259tic\u0259sind\u0259 h\u0259lak olurlar. Conni \u00f6z \u015fagirdini qorumaq \u00fc\u00e7\u00fcn onun ora getm\u0259sinin qar\u015f\u0131s\u0131n\u0131 al\u0131r. \u00c7ak\u0131n atas\u0131 \u00e7\u0259tinlikl\u0259 d\u0259 olsa, o\u011flunun evd\u0259 qalmas\u0131na raz\u0131 olur. Ax\u015fam x\u0259b\u0259rl\u0259rind\u0259 is\u0259 h\u0259min restoran\u0131n dam\u0131na \u00e7axan \u015fim\u015f\u0259k n\u0259tic\u0259sind\u0259 g\u00fccl\u00fc yan\u011f\u0131n ba\u015f verdiyini v\u0259 \u00e7oxlu insan\u0131n \u00f6l\u00fcb-yaraland\u0131\u011f\u0131 x\u0259b\u0259rini e\u015fidirl\u0259r.\n<\/p>\n<p>\n  Conni siyas\u0259tl\u0259 maraqlanma\u011fa ba\u015flay\u0131r. Tez-tez siyasi xadiml\u0259rin xalqla g\u00f6r\u00fc\u015f\u00fc zaman\u0131 siyas\u0259t\u00e7il\u0259rin \u0259lini s\u0131x\u0131r v\u0259 onlar\u0131n g\u0259l\u0259c\u0259yi bar\u0259d\u0259 m\u00fc\u0259yy\u0259n informasiyalar \u0259ld\u0259 edir. H\u0259tta 1974-c\u00fc ild\u0259ki se\u00e7ki kompaniyas\u0131 \u0259r\u0259f\u0259sind\u0259 namiz\u0259dl\u0259rd\u0259n Cimmi Karterl\u0259 \u0259l s\u0131x\u0131\u015f\u0131b, salamla\u015fanda onun 1976-c\u00fc il prezident se\u00e7kil\u0259rind\u0259 qalib g\u0259l\u0259c\u0259yini g\u00f6r\u00fcr. Siyasi arenada v\u0259 xalq aras\u0131nda getdikc\u0259 daha da n\u00fcfuz qazanan Qreq Stilson \u00f6z mitinqi zaman\u0131 Conni il\u0259 \u0259l s\u0131x\u0131\u015fark\u0259n onun g\u0259l\u0259c\u0259kd\u0259 prezident se\u00e7ildiyini v\u0259 n\u00fcv\u0259 silah\u0131ndan istifad\u0259 ed\u0259r\u0259k 3-c\u00fc D\u00fcnya M\u00fcharib\u0259sin\u0259 s\u0259b\u0259b oldu\u011funu g\u00f6r\u00fcr. Q.Stilsonun ke\u00e7mi\u015fi v\u0259 yeni \u0259m\u0259ll\u0259ri bar\u0259d\u0259 t\u0259hqiqat aparan FTB agenti m\u00fc\u0259mmal\u0131 \u015f\u0259kild\u0259 \u00f6l\u00fcr. Bundan sonra is\u0259 Conni q\u0259rara g\u0259lir ki, g\u0259l\u0259c\u0259kd\u0259 milyonlarla insan\u0131n \u00f6l\u00fcm\u00fcn\u0259 s\u0259b\u0259b olacaq Qreq Stilsonu \u00f6ld\u00fcrs\u00fcn. \u018fs\u0259rin ax\u0131r\u0131 bar\u0259d\u0259 he\u00e7 n\u0259 yazm\u0131ram ki, maraql\u0131 olsun.\n<\/p>\n<p>\n  Kitab\u0131 \u00f6z\u00fcn\u00fcz tap\u0131n, oxuyun!\n<\/p>\n<p>\n  M\u00fc\u0259llifin yazd\u0131\u011f\u0131 \u0259s\u0259rl\u0259r i\u00e7ind\u0259 \u0259n \u00e7ox b\u0259y\u0259ndiyi \u201c\u00d6l\u00fc zona\u201d 4 qavray\u0131\u015f m\u0259rh\u0259l\u0259sind\u0259n ibar\u0259tdir: simvolik, tarixi, \u015f\u0259xsi-psixoloji v\u0259 siyasi. \u018fs\u0259rin \u0259sas janr\u0131 siyasi-trillerdir. Bundan ba\u015fqa orda dedektiv v\u0259 horror(d\u0259h\u015f\u0259t) elementl\u0259ri d\u0259 var. \u0130lk d\u0259f\u0259 1979-cu ild\u0259 kitab hal\u0131nda n\u0259\u015fr olunan roman bir \u00e7ox m\u00fckafatlara layiq g\u00f6r\u00fclm\u0259kl\u0259 yana\u015f\u0131 \u201cThe New Times\u201d q\u0259zetinin bestseller romanlar siyah\u0131s\u0131nda ilk pill\u0259l\u0259rd\u0259 yer al\u0131r. Daha sonra m\u0259\u015fhur rejisor David Crondenberg (Devid Kronenberq) 1983-c\u00fc ild\u0259 \u0259s\u0259ri film kimi ekranla\u015fd\u0131r\u0131r.\n<\/p>\n<p>\n  Filmd\u0259 Conninin rolunu \u0259n sevdiyim Hollywood aktyorlar\u0131ndan biri olan Critopher Walken (Kristofer Uolken) oynay\u0131r. O bu rola \u00e7ox yara\u015f\u0131rd\u0131 v\u0259 \u00f6hd\u0259sind\u0259n \u00e7ox g\u00f6z\u0259l g\u0259lib. Romandak\u0131 bir \u00e7ox hiss\u0259 ixtisara sal\u0131nd\u0131\u011f\u0131 v\u0259 b\u0259zi hadis\u0259l\u0259r tamamil\u0259 ba\u015fqa s\u00fcjetl\u0259 ekranla\u015fd\u0131r\u0131ld\u0131\u011f\u0131 \u00fc\u00e7\u00fcn, o q\u0259d\u0259r d\u0259 b\u0259y\u0259nm\u0259dim. Amma h\u0259min roman \u0259sas\u0131nda 2002-2007-ci ild\u0259 ekranla\u015fd\u0131r\u0131lm\u0131\u015f teleserialdan \u00e7ox-\u00e7ox yax\u015f\u0131d\u0131r.\n<\/p>\n<p>\n  D\u00fc\u015f\u00fcn\u00fcr\u0259m ki, m\u0259n d\u0259 m\u0259hz \u0259lillik qazand\u0131qdan sonra daha xeyirli olmu\u015fam. Yox, el\u0259 ba\u015fa d\u00fc\u015fm\u0259yin ki, bu \u00f6z\u00fcn\u00fc t\u0259rifl\u0259m\u0259kdir. M\u0259n \u201c\u00d6l\u00fc zona\u201dn\u0131n q\u0259hr\u0259man\u0131 Conni kimi \u0130sa pey\u011f\u0259mb\u0259r tipind\u0259 xilaskar biri deyil\u0259m. Amma \u00f6z \u00f6lk\u0259md\u0259 dar \u00e7\u0259r\u00e7iv\u0259d\u0259 v\u0259 a\u011f\u0131r \u015f\u0259rtl\u0259r alt\u0131nda \u0259lilliyi olan \u015f\u0259xsl\u0259rin psixoloji, fiziki v\u0259 sosial-ictimai probleml\u0259rind\u0259n yaz\u0131b, onlar\u0131n h\u0259lli yolunda m\u00fcbariz\u0259 apar\u0131ram. Az m\u00fcdd\u0259t \u0259rzind\u0259 c\u0259miyy\u0259t\u0259 v\u0259 oxuculara az da olsa, t\u00f6hv\u0259d\u0259 bulunmu\u015famsa n\u0259 mutlu m\u0259n\u0259!\n<\/p>\n<p>\n  <b><br \/>\n    Yaz\u0131 m\u00fc\u0259llifin \u015f\u0259xsi m\u00f6vqeyini \u0259ks etdirir&#8230;<br \/>\n  <\/b><\/p>\n","protected":false},"excerpt":{"rendered":"<p>\u018flillik qazanandan sonra daha xeyirli olmu\u015fam<\/p>\n","protected":false},"author":11,"featured_media":35537,"comment_status":"closed","ping_status":"open","sticky":false,"template":"","format":"standard","meta":{"_acf_changed":false,"_sitemap_exclude":false,"_sitemap_priority":"","_sitemap_frequency":"","footnotes":""},"categories":[57],"tags":[],"class_list":["post-170483","post","type-post","status-publish","format-standard","has-post-thumbnail","hentry","category-menim-fikrimce","infinite-scroll-item","generate-columns","tablet-grid-50","mobile-grid-100","grid-parent","grid-33","no-featured-image-padding"],"acf":[],"yoast_head":"<!-- This site is optimized with the Yoast SEO plugin v27.5 - https:\/\/yoast.com\/product\/yoast-seo-wordpress\/ -->\n<title>\u00d6l\u00fc zona - MEYDAN.TV<\/title>\n<meta name=\"robots\" content=\"index, follow, max-snippet:-1, max-image-preview:large, max-video-preview:-1\" \/>\n<link rel=\"canonical\" href=\"https:\/\/www.meydan.tv\/az\/article\/olu-zona\/\" \/>\n<meta property=\"og:locale\" content=\"az_AZ\" \/>\n<meta property=\"og:type\" content=\"article\" \/>\n<meta property=\"og:title\" content=\"\u00d6l\u00fc zona - MEYDAN.TV\" \/>\n<meta property=\"og:description\" content=\"\u018flillik qazanandan sonra daha xeyirli olmu\u015fam\" \/>\n<meta property=\"og:url\" content=\"https:\/\/www.meydan.tv\/az\/article\/olu-zona\/\" \/>\n<meta property=\"og:site_name\" content=\"MEYDAN.TV\" \/>\n<meta property=\"article:published_time\" content=\"2015-10-17T02:01:01+00:00\" \/>\n<meta property=\"og:image\" content=\"https:\/\/www.meydan.tv\/wp-content\/uploads\/13375.jpg\" \/>\n\t<meta property=\"og:image:width\" content=\"500\" \/>\n\t<meta property=\"og:image:height\" content=\"500\" \/>\n\t<meta property=\"og:image:type\" content=\"image\/jpeg\" \/>\n<meta name=\"author\" content=\"user-manager\" \/>\n<meta name=\"twitter:card\" content=\"summary_large_image\" \/>\n<script type=\"application\/ld+json\" class=\"yoast-schema-graph\">{\"@context\":\"https:\\\/\\\/schema.org\",\"@graph\":[{\"@type\":\"Article\",\"@id\":\"https:\\\/\\\/www.meydan.tv\\\/az\\\/article\\\/olu-zona\\\/#article\",\"isPartOf\":{\"@id\":\"https:\\\/\\\/www.meydan.tv\\\/az\\\/article\\\/olu-zona\\\/\"},\"author\":{\"name\":\"user-manager\",\"@id\":\"https:\\\/\\\/www.meydan.tv\\\/az\\\/#\\\/schema\\\/person\\\/10d11eccf6da3662cf5fdab9806ea91a\"},\"headline\":\"\u00d6l\u00fc zona\",\"datePublished\":\"2015-10-17T02:01:01+00:00\",\"mainEntityOfPage\":{\"@id\":\"https:\\\/\\\/www.meydan.tv\\\/az\\\/article\\\/olu-zona\\\/\"},\"wordCount\":1480,\"publisher\":{\"@id\":\"https:\\\/\\\/www.meydan.tv\\\/az\\\/#organization\"},\"image\":{\"@id\":\"https:\\\/\\\/www.meydan.tv\\\/az\\\/article\\\/olu-zona\\\/#primaryimage\"},\"thumbnailUrl\":\"https:\\\/\\\/www.meydan.tv\\\/wp-content\\\/uploads\\\/13375.jpg\",\"articleSection\":[\"M\u0259nim Fikrimc\u0259\"],\"inLanguage\":\"az\"},{\"@type\":\"WebPage\",\"@id\":\"https:\\\/\\\/www.meydan.tv\\\/az\\\/article\\\/olu-zona\\\/\",\"url\":\"https:\\\/\\\/www.meydan.tv\\\/az\\\/article\\\/olu-zona\\\/\",\"name\":\"\u00d6l\u00fc zona - MEYDAN.TV\",\"isPartOf\":{\"@id\":\"https:\\\/\\\/www.meydan.tv\\\/az\\\/#website\"},\"primaryImageOfPage\":{\"@id\":\"https:\\\/\\\/www.meydan.tv\\\/az\\\/article\\\/olu-zona\\\/#primaryimage\"},\"image\":{\"@id\":\"https:\\\/\\\/www.meydan.tv\\\/az\\\/article\\\/olu-zona\\\/#primaryimage\"},\"thumbnailUrl\":\"https:\\\/\\\/www.meydan.tv\\\/wp-content\\\/uploads\\\/13375.jpg\",\"datePublished\":\"2015-10-17T02:01:01+00:00\",\"breadcrumb\":{\"@id\":\"https:\\\/\\\/www.meydan.tv\\\/az\\\/article\\\/olu-zona\\\/#breadcrumb\"},\"inLanguage\":\"az\",\"potentialAction\":[{\"@type\":\"ReadAction\",\"target\":[\"https:\\\/\\\/www.meydan.tv\\\/az\\\/article\\\/olu-zona\\\/\"]}]},{\"@type\":\"ImageObject\",\"inLanguage\":\"az\",\"@id\":\"https:\\\/\\\/www.meydan.tv\\\/az\\\/article\\\/olu-zona\\\/#primaryimage\",\"url\":\"https:\\\/\\\/www.meydan.tv\\\/wp-content\\\/uploads\\\/13375.jpg\",\"contentUrl\":\"https:\\\/\\\/www.meydan.tv\\\/wp-content\\\/uploads\\\/13375.jpg\",\"width\":500,\"height\":500,\"caption\":\"Source:\"},{\"@type\":\"BreadcrumbList\",\"@id\":\"https:\\\/\\\/www.meydan.tv\\\/az\\\/article\\\/olu-zona\\\/#breadcrumb\",\"itemListElement\":[{\"@type\":\"ListItem\",\"position\":1,\"name\":\"Ana s\u0259hif\u0259\",\"item\":\"https:\\\/\\\/www.meydan.tv\\\/az\\\/\"},{\"@type\":\"ListItem\",\"position\":2,\"name\":\"M\u0259nim Fikrimc\u0259\",\"item\":\"https:\\\/\\\/www.meydan.tv\\\/az\\\/section\\\/menim-fikrimce\\\/\"},{\"@type\":\"ListItem\",\"position\":3,\"name\":\"\u00d6l\u00fc zona\"}]},{\"@type\":\"WebSite\",\"@id\":\"https:\\\/\\\/www.meydan.tv\\\/az\\\/#website\",\"url\":\"https:\\\/\\\/www.meydan.tv\\\/az\\\/\",\"name\":\"MEYDAN.TV\",\"description\":\"Meydan TV Az\u0259rbaycan\u0131n media m\u0259kan\u0131ndak\u0131 alternativ s\u0259sidir\",\"publisher\":{\"@id\":\"https:\\\/\\\/www.meydan.tv\\\/az\\\/#organization\"},\"potentialAction\":[{\"@type\":\"SearchAction\",\"target\":{\"@type\":\"EntryPoint\",\"urlTemplate\":\"https:\\\/\\\/www.meydan.tv\\\/az\\\/?s={search_term_string}\"},\"query-input\":{\"@type\":\"PropertyValueSpecification\",\"valueRequired\":true,\"valueName\":\"search_term_string\"}}],\"inLanguage\":\"az\"},{\"@type\":\"Organization\",\"@id\":\"https:\\\/\\\/www.meydan.tv\\\/az\\\/#organization\",\"name\":\"Meydan TV\",\"url\":\"https:\\\/\\\/www.meydan.tv\\\/az\\\/\",\"logo\":{\"@type\":\"ImageObject\",\"inLanguage\":\"az\",\"@id\":\"https:\\\/\\\/www.meydan.tv\\\/az\\\/#\\\/schema\\\/logo\\\/image\\\/\",\"url\":\"https:\\\/\\\/www.meydan.tv\\\/wp-content\\\/uploads\\\/2021\\\/07\\\/meydan-logo.svg\",\"contentUrl\":\"https:\\\/\\\/www.meydan.tv\\\/wp-content\\\/uploads\\\/2021\\\/07\\\/meydan-logo.svg\",\"width\":195,\"height\":46,\"caption\":\"Meydan TV\"},\"image\":{\"@id\":\"https:\\\/\\\/www.meydan.tv\\\/az\\\/#\\\/schema\\\/logo\\\/image\\\/\"}},{\"@type\":\"Person\",\"@id\":\"https:\\\/\\\/www.meydan.tv\\\/az\\\/#\\\/schema\\\/person\\\/10d11eccf6da3662cf5fdab9806ea91a\",\"name\":\"user-manager\"}]}<\/script>\n<!-- \/ Yoast SEO plugin. -->","yoast_head_json":{"title":"\u00d6l\u00fc zona - MEYDAN.TV","robots":{"index":"index","follow":"follow","max-snippet":"max-snippet:-1","max-image-preview":"max-image-preview:large","max-video-preview":"max-video-preview:-1"},"canonical":"https:\/\/www.meydan.tv\/az\/article\/olu-zona\/","og_locale":"az_AZ","og_type":"article","og_title":"\u00d6l\u00fc zona - MEYDAN.TV","og_description":"\u018flillik qazanandan sonra daha xeyirli olmu\u015fam","og_url":"https:\/\/www.meydan.tv\/az\/article\/olu-zona\/","og_site_name":"MEYDAN.TV","article_published_time":"2015-10-17T02:01:01+00:00","og_image":[{"width":500,"height":500,"url":"https:\/\/www.meydan.tv\/wp-content\/uploads\/13375.jpg","type":"image\/jpeg"}],"author":"user-manager","twitter_card":"summary_large_image","schema":{"@context":"https:\/\/schema.org","@graph":[{"@type":"Article","@id":"https:\/\/www.meydan.tv\/az\/article\/olu-zona\/#article","isPartOf":{"@id":"https:\/\/www.meydan.tv\/az\/article\/olu-zona\/"},"author":{"name":"user-manager","@id":"https:\/\/www.meydan.tv\/az\/#\/schema\/person\/10d11eccf6da3662cf5fdab9806ea91a"},"headline":"\u00d6l\u00fc zona","datePublished":"2015-10-17T02:01:01+00:00","mainEntityOfPage":{"@id":"https:\/\/www.meydan.tv\/az\/article\/olu-zona\/"},"wordCount":1480,"publisher":{"@id":"https:\/\/www.meydan.tv\/az\/#organization"},"image":{"@id":"https:\/\/www.meydan.tv\/az\/article\/olu-zona\/#primaryimage"},"thumbnailUrl":"https:\/\/www.meydan.tv\/wp-content\/uploads\/13375.jpg","articleSection":["M\u0259nim Fikrimc\u0259"],"inLanguage":"az"},{"@type":"WebPage","@id":"https:\/\/www.meydan.tv\/az\/article\/olu-zona\/","url":"https:\/\/www.meydan.tv\/az\/article\/olu-zona\/","name":"\u00d6l\u00fc zona - MEYDAN.TV","isPartOf":{"@id":"https:\/\/www.meydan.tv\/az\/#website"},"primaryImageOfPage":{"@id":"https:\/\/www.meydan.tv\/az\/article\/olu-zona\/#primaryimage"},"image":{"@id":"https:\/\/www.meydan.tv\/az\/article\/olu-zona\/#primaryimage"},"thumbnailUrl":"https:\/\/www.meydan.tv\/wp-content\/uploads\/13375.jpg","datePublished":"2015-10-17T02:01:01+00:00","breadcrumb":{"@id":"https:\/\/www.meydan.tv\/az\/article\/olu-zona\/#breadcrumb"},"inLanguage":"az","potentialAction":[{"@type":"ReadAction","target":["https:\/\/www.meydan.tv\/az\/article\/olu-zona\/"]}]},{"@type":"ImageObject","inLanguage":"az","@id":"https:\/\/www.meydan.tv\/az\/article\/olu-zona\/#primaryimage","url":"https:\/\/www.meydan.tv\/wp-content\/uploads\/13375.jpg","contentUrl":"https:\/\/www.meydan.tv\/wp-content\/uploads\/13375.jpg","width":500,"height":500,"caption":"Source:"},{"@type":"BreadcrumbList","@id":"https:\/\/www.meydan.tv\/az\/article\/olu-zona\/#breadcrumb","itemListElement":[{"@type":"ListItem","position":1,"name":"Ana s\u0259hif\u0259","item":"https:\/\/www.meydan.tv\/az\/"},{"@type":"ListItem","position":2,"name":"M\u0259nim Fikrimc\u0259","item":"https:\/\/www.meydan.tv\/az\/section\/menim-fikrimce\/"},{"@type":"ListItem","position":3,"name":"\u00d6l\u00fc zona"}]},{"@type":"WebSite","@id":"https:\/\/www.meydan.tv\/az\/#website","url":"https:\/\/www.meydan.tv\/az\/","name":"MEYDAN.TV","description":"Meydan TV Az\u0259rbaycan\u0131n media m\u0259kan\u0131ndak\u0131 alternativ s\u0259sidir","publisher":{"@id":"https:\/\/www.meydan.tv\/az\/#organization"},"potentialAction":[{"@type":"SearchAction","target":{"@type":"EntryPoint","urlTemplate":"https:\/\/www.meydan.tv\/az\/?s={search_term_string}"},"query-input":{"@type":"PropertyValueSpecification","valueRequired":true,"valueName":"search_term_string"}}],"inLanguage":"az"},{"@type":"Organization","@id":"https:\/\/www.meydan.tv\/az\/#organization","name":"Meydan TV","url":"https:\/\/www.meydan.tv\/az\/","logo":{"@type":"ImageObject","inLanguage":"az","@id":"https:\/\/www.meydan.tv\/az\/#\/schema\/logo\/image\/","url":"https:\/\/www.meydan.tv\/wp-content\/uploads\/2021\/07\/meydan-logo.svg","contentUrl":"https:\/\/www.meydan.tv\/wp-content\/uploads\/2021\/07\/meydan-logo.svg","width":195,"height":46,"caption":"Meydan TV"},"image":{"@id":"https:\/\/www.meydan.tv\/az\/#\/schema\/logo\/image\/"}},{"@type":"Person","@id":"https:\/\/www.meydan.tv\/az\/#\/schema\/person\/10d11eccf6da3662cf5fdab9806ea91a","name":"user-manager"}]}},"_links":{"self":[{"href":"https:\/\/www.meydan.tv\/az\/wp-json\/wp\/v2\/posts\/170483","targetHints":{"allow":["GET"]}}],"collection":[{"href":"https:\/\/www.meydan.tv\/az\/wp-json\/wp\/v2\/posts"}],"about":[{"href":"https:\/\/www.meydan.tv\/az\/wp-json\/wp\/v2\/types\/post"}],"author":[{"embeddable":true,"href":"https:\/\/www.meydan.tv\/az\/wp-json\/wp\/v2\/users\/11"}],"replies":[{"embeddable":true,"href":"https:\/\/www.meydan.tv\/az\/wp-json\/wp\/v2\/comments?post=170483"}],"version-history":[{"count":0,"href":"https:\/\/www.meydan.tv\/az\/wp-json\/wp\/v2\/posts\/170483\/revisions"}],"wp:featuredmedia":[{"embeddable":true,"href":"https:\/\/www.meydan.tv\/az\/wp-json\/wp\/v2\/media\/35537"}],"wp:attachment":[{"href":"https:\/\/www.meydan.tv\/az\/wp-json\/wp\/v2\/media?parent=170483"}],"wp:term":[{"taxonomy":"category","embeddable":true,"href":"https:\/\/www.meydan.tv\/az\/wp-json\/wp\/v2\/categories?post=170483"},{"taxonomy":"post_tag","embeddable":true,"href":"https:\/\/www.meydan.tv\/az\/wp-json\/wp\/v2\/tags?post=170483"}],"curies":[{"name":"wp","href":"https:\/\/api.w.org\/{rel}","templated":true}]}}