{"id":170461,"date":"2015-10-15T23:56:54","date_gmt":"2015-10-15T23:56:54","guid":{"rendered":"https:\/\/www.meydan.tv\/article\/xedice-ismayilin-vesatetleri-yene-temin-olunmadi-video\/"},"modified":"2015-10-15T23:56:54","modified_gmt":"2015-10-15T23:56:54","slug":"xedice-ismayilin-vesatetleri-yene-temin-olunmadi-video","status":"publish","type":"post","link":"https:\/\/www.meydan.tv\/az\/article\/xedice-ismayilin-vesatetleri-yene-temin-olunmadi-video\/","title":{"rendered":"X\u0259dic\u0259 \u0130smay\u0131l\u0131n v\u0259sat\u0259tl\u0259ri yen\u0259  t\u0259min olunmad\u0131 (V\u0130DEO)"},"content":{"rendered":"<figure class=\"wp-block-embed is-type-video is-provider-youtube wp-block-embed-youtube wp-embed-aspect-16-9 wp-has-aspect-ratio\">\n<div class=\"wp-block-embed__wrapper\">\n    <iframe loading=\"lazy\"\ttitle=\"\" width=\"1200\" height=\"675\" src=\"https:\/\/www.youtube.com\/embed\/pTrQ_KrblOk\"\tframeborder=\"0\"\tallow=\"accelerometer; autoplay; clipboard-write; encrypted-media; gyroscope; picture-in-picture\" allowfullscreen><\/iframe>\n  <\/div><figcaption><\/figcaption><\/figure>\n<p>\n  Oktyabr\u0131n 15-d\u0259 Bak\u0131 Apellyasiya M\u0259hk\u0259m\u0259sind\u0259 hakim \u0130lqar Murquzovun s\u0259drliyi il\u0259 ara\u015fd\u0131rma\u00e7\u0131-jurnalist X\u0259dic\u0259 \u0130smay\u0131l\u0131n \u015fikay\u0259tin\u0259 bax\u0131l\u0131b.<br \/>\n  <br \/>\n  Prosesi Avropa Birliyi, Norve\u00e7, \u0130ngilt\u0259r\u0259 v\u0259 AB\u015e s\u0259firlikl\u0259rinin n\u00fcmay\u0259nd\u0259l\u0259ri d\u0259 m\u00fc\u015fahid\u0259 edib.\n<\/p>\n<p>\n  Prosesin ba\u015flan\u011f\u0131c\u0131nda hakim X\u0259dic\u0259 \u0130smay\u0131ldan m\u0259hk\u0259m\u0259 hey\u0259tin\u0259 etiraz\u0131n\u0131n olub-olmamas\u0131n\u0131 sual edib. M\u0259hbus jurnalist &#8220;Az\u0259rbaycan m\u0259hk\u0259m\u0259 sistemind\u0259 \u0259dal\u0259tli hakim olmad\u0131\u011f\u0131 \u00fc\u00e7\u00fcn m\u0259nim \u00fc\u00e7\u00fcn he\u00e7 bir f\u0259rqi yoxdur&#8221; dey\u0259 cavab verib.\n<\/p>\n<p>\n  V\u0259kil F\u0259xr\u0259ddin Mehdiyev jurnalistin \u015f\u00fc\u015f\u0259 q\u0259f\u0259sd\u0259n \u00e7\u0131xar\u0131lmas\u0131, ev dustaql\u0131\u011f\u0131na burax\u0131lmas\u0131 v\u0259 yenid\u0259n m\u0259hk\u0259m\u0259 istintaq\u0131n\u0131n getm\u0259si il\u0259 ba\u011fl\u0131 v\u0259sat\u0259t qald\u0131r\u0131b. He\u00e7 bir v\u0259sat\u0259t q\u0259bul olunmay\u0131b. R\u0259dd edil\u0259n dig\u0259r v\u0259sat\u0259t is\u0259 Yal\u00e7\u0131n \u0130manovun yenid\u0259n jurnalistin m\u00fcdafi\u0259sin\u0259 qay\u0131tmas\u0131 il\u0259 ba\u011fl\u0131 v\u0259sat\u0259t olub.\n<\/p>\n<p>\n  Prosesi izl\u0259y\u0259n AXCP s\u0259dri \u018fli K\u0259rimli m\u0259hk\u0259m\u0259ni \u015f\u0259rh ed\u0259rk\u0259n deyib ki, Az\u0259rbaycanda m\u0259hk\u0259m\u0259 sistemini diz \u00e7\u00f6kd\u00fcr\u00fcbl\u0259r.\n<\/p>\n<p>\n  Proses oktyabr\u0131n 29-a q\u0259d\u0259r t\u0259xir\u0259 sal\u0131n\u0131b.<\/p>\n","protected":false},"excerpt":{"rendered":"<p>&#8220;Az\u0259rbaycanda m\u0259hk\u0259m\u0259 sistemini diz \u00e7\u00f6kd\u00fcr\u00fcbl\u0259r&#8221;.<\/p>\n","protected":false},"author":11,"featured_media":35579,"comment_status":"closed","ping_status":"open","sticky":false,"template":"","format":"standard","meta":{"_acf_changed":false,"_sitemap_exclude":false,"_sitemap_priority":"","_sitemap_frequency":"","footnotes":""},"categories":[63],"tags":[],"class_list":["post-170461","post","type-post","status-publish","format-standard","has-post-thumbnail","hentry","category-video-2","infinite-scroll-item","generate-columns","tablet-grid-50","mobile-grid-100","grid-parent","grid-33","no-featured-image-padding"],"acf":[],"yoast_head":"<!-- This site is optimized with the Yoast SEO plugin v28.4 - https:\/\/yoast.com\/product\/yoast-seo-wordpress\/ -->\n<title>X\u0259dic\u0259 \u0130smay\u0131l\u0131n v\u0259sat\u0259tl\u0259ri yen\u0259 t\u0259min olunmad\u0131 (V\u0130DEO) - MEYDAN.TV<\/title>\n<meta name=\"robots\" content=\"index, follow, max-snippet:-1, max-image-preview:large, max-video-preview:-1\" \/>\n<link rel=\"canonical\" href=\"https:\/\/www.meydan.tv\/az\/article\/xedice-ismayilin-vesatetleri-yene-temin-olunmadi-video\/\" \/>\n<meta property=\"og:locale\" content=\"az_AZ\" \/>\n<meta property=\"og:type\" content=\"article\" \/>\n<meta property=\"og:title\" content=\"X\u0259dic\u0259 \u0130smay\u0131l\u0131n v\u0259sat\u0259tl\u0259ri yen\u0259 t\u0259min olunmad\u0131 (V\u0130DEO) - MEYDAN.TV\" \/>\n<meta property=\"og:description\" content=\"&quot;Az\u0259rbaycanda m\u0259hk\u0259m\u0259 sistemini diz \u00e7\u00f6kd\u00fcr\u00fcbl\u0259r&quot;.\" \/>\n<meta property=\"og:url\" content=\"https:\/\/www.meydan.tv\/az\/article\/xedice-ismayilin-vesatetleri-yene-temin-olunmadi-video\/\" \/>\n<meta property=\"og:site_name\" content=\"MEYDAN.TV\" \/>\n<meta property=\"article:published_time\" content=\"2015-10-15T23:56:54+00:00\" \/>\n<meta property=\"og:image\" content=\"https:\/\/www.meydan.tv\/wp-content\/uploads\/13317.png\" \/>\n\t<meta property=\"og:image:width\" content=\"1830\" \/>\n\t<meta property=\"og:image:height\" content=\"1425\" \/>\n\t<meta property=\"og:image:type\" content=\"image\/png\" \/>\n<meta name=\"twitter:card\" content=\"summary_large_image\" \/>\n<!-- \/ Yoast SEO plugin. -->","yoast_head_json":{"title":"X\u0259dic\u0259 \u0130smay\u0131l\u0131n v\u0259sat\u0259tl\u0259ri yen\u0259 t\u0259min olunmad\u0131 (V\u0130DEO) - MEYDAN.TV","robots":{"index":"index","follow":"follow","max-snippet":"max-snippet:-1","max-image-preview":"max-image-preview:large","max-video-preview":"max-video-preview:-1"},"canonical":"https:\/\/www.meydan.tv\/az\/article\/xedice-ismayilin-vesatetleri-yene-temin-olunmadi-video\/","og_locale":"az_AZ","og_type":"article","og_title":"X\u0259dic\u0259 \u0130smay\u0131l\u0131n v\u0259sat\u0259tl\u0259ri yen\u0259 t\u0259min olunmad\u0131 (V\u0130DEO) - MEYDAN.TV","og_description":"\"Az\u0259rbaycanda m\u0259hk\u0259m\u0259 sistemini diz \u00e7\u00f6kd\u00fcr\u00fcbl\u0259r\".","og_url":"https:\/\/www.meydan.tv\/az\/article\/xedice-ismayilin-vesatetleri-yene-temin-olunmadi-video\/","og_site_name":"MEYDAN.TV","article_published_time":"2015-10-15T23:56:54+00:00","og_image":[{"width":1830,"height":1425,"url":"https:\/\/www.meydan.tv\/wp-content\/uploads\/13317.png","type":"image\/png"}],"twitter_card":"summary_large_image","schema":{"@context":"https:\/\/schema.org","@graph":[{"@type":"Article","@id":"https:\/\/www.meydan.tv\/az\/article\/xedice-ismayilin-vesatetleri-yene-temin-olunmadi-video\/#article","isPartOf":{"@id":"https:\/\/www.meydan.tv\/az\/article\/xedice-ismayilin-vesatetleri-yene-temin-olunmadi-video\/"},"author":{"name":"user-manager","@id":"https:\/\/www.meydan.tv\/az\/#\/schema\/person\/10d11eccf6da3662cf5fdab9806ea91a"},"headline":"X\u0259dic\u0259 \u0130smay\u0131l\u0131n v\u0259sat\u0259tl\u0259ri yen\u0259 t\u0259min olunmad\u0131 (V\u0130DEO)","datePublished":"2015-10-15T23:56:54+00:00","mainEntityOfPage":{"@id":"https:\/\/www.meydan.tv\/az\/article\/xedice-ismayilin-vesatetleri-yene-temin-olunmadi-video\/"},"wordCount":229,"publisher":{"@id":"https:\/\/www.meydan.tv\/az\/#organization"},"image":{"@id":"https:\/\/www.meydan.tv\/az\/article\/xedice-ismayilin-vesatetleri-yene-temin-olunmadi-video\/#primaryimage"},"thumbnailUrl":"https:\/\/www.meydan.tv\/wp-content\/uploads\/13317.png","articleSection":["Video"],"inLanguage":"az"},{"@type":"WebPage","@id":"https:\/\/www.meydan.tv\/az\/article\/xedice-ismayilin-vesatetleri-yene-temin-olunmadi-video\/","url":"https:\/\/www.meydan.tv\/az\/article\/xedice-ismayilin-vesatetleri-yene-temin-olunmadi-video\/","name":"X\u0259dic\u0259 \u0130smay\u0131l\u0131n v\u0259sat\u0259tl\u0259ri yen\u0259 t\u0259min olunmad\u0131 (V\u0130DEO) - MEYDAN.TV","isPartOf":{"@id":"https:\/\/www.meydan.tv\/az\/#website"},"primaryImageOfPage":{"@id":"https:\/\/www.meydan.tv\/az\/article\/xedice-ismayilin-vesatetleri-yene-temin-olunmadi-video\/#primaryimage"},"image":{"@id":"https:\/\/www.meydan.tv\/az\/article\/xedice-ismayilin-vesatetleri-yene-temin-olunmadi-video\/#primaryimage"},"thumbnailUrl":"https:\/\/www.meydan.tv\/wp-content\/uploads\/13317.png","datePublished":"2015-10-15T23:56:54+00:00","breadcrumb":{"@id":"https:\/\/www.meydan.tv\/az\/article\/xedice-ismayilin-vesatetleri-yene-temin-olunmadi-video\/#breadcrumb"},"inLanguage":"az","potentialAction":[{"@type":"ReadAction","target":["https:\/\/www.meydan.tv\/az\/article\/xedice-ismayilin-vesatetleri-yene-temin-olunmadi-video\/"]}]},{"@type":"ImageObject","inLanguage":"az","@id":"https:\/\/www.meydan.tv\/az\/article\/xedice-ismayilin-vesatetleri-yene-temin-olunmadi-video\/#primaryimage","url":"https:\/\/www.meydan.tv\/wp-content\/uploads\/13317.png","contentUrl":"https:\/\/www.meydan.tv\/wp-content\/uploads\/13317.png","width":1830,"height":1425,"caption":"Source:"},{"@type":"BreadcrumbList","@id":"https:\/\/www.meydan.tv\/az\/article\/xedice-ismayilin-vesatetleri-yene-temin-olunmadi-video\/#breadcrumb","itemListElement":[{"@type":"ListItem","position":1,"name":"Ana s\u0259hif\u0259","item":"https:\/\/www.meydan.tv\/az\/"},{"@type":"ListItem","position":2,"name":"Video","item":"https:\/\/www.meydan.tv\/az\/section\/video-2\/"},{"@type":"ListItem","position":3,"name":"X\u0259dic\u0259 \u0130smay\u0131l\u0131n v\u0259sat\u0259tl\u0259ri yen\u0259 t\u0259min olunmad\u0131 (V\u0130DEO)"}]},{"@type":"WebSite","@id":"https:\/\/www.meydan.tv\/az\/#website","url":"https:\/\/www.meydan.tv\/az\/","name":"MEYDAN.TV","description":"Meydan TV Az\u0259rbaycan\u0131n media m\u0259kan\u0131ndak\u0131 alternativ s\u0259sidir","publisher":{"@id":"https:\/\/www.meydan.tv\/az\/#organization"},"potentialAction":[{"@type":"SearchAction","target":{"@type":"EntryPoint","urlTemplate":"https:\/\/www.meydan.tv\/az\/?s={search_term_string}"},"query-input":{"@type":"PropertyValueSpecification","valueRequired":true,"valueName":"search_term_string"}}],"inLanguage":"az"},{"@type":"Organization","@id":"https:\/\/www.meydan.tv\/az\/#organization","name":"Meydan TV","url":"https:\/\/www.meydan.tv\/az\/","logo":{"@type":"ImageObject","inLanguage":"az","@id":"https:\/\/www.meydan.tv\/az\/#\/schema\/logo\/image\/","url":"https:\/\/www.meydan.tv\/wp-content\/uploads\/2021\/07\/meydan-logo.svg","contentUrl":"https:\/\/www.meydan.tv\/wp-content\/uploads\/2021\/07\/meydan-logo.svg","width":195,"height":46,"caption":"Meydan TV"},"image":{"@id":"https:\/\/www.meydan.tv\/az\/#\/schema\/logo\/image\/"}},{"@type":"Person","@id":"https:\/\/www.meydan.tv\/az\/#\/schema\/person\/10d11eccf6da3662cf5fdab9806ea91a","name":"user-manager"}]}},"_links":{"self":[{"href":"https:\/\/www.meydan.tv\/az\/wp-json\/wp\/v2\/posts\/170461","targetHints":{"allow":["GET"]}}],"collection":[{"href":"https:\/\/www.meydan.tv\/az\/wp-json\/wp\/v2\/posts"}],"about":[{"href":"https:\/\/www.meydan.tv\/az\/wp-json\/wp\/v2\/types\/post"}],"author":[{"embeddable":true,"href":"https:\/\/www.meydan.tv\/az\/wp-json\/wp\/v2\/users\/11"}],"replies":[{"embeddable":true,"href":"https:\/\/www.meydan.tv\/az\/wp-json\/wp\/v2\/comments?post=170461"}],"version-history":[{"count":0,"href":"https:\/\/www.meydan.tv\/az\/wp-json\/wp\/v2\/posts\/170461\/revisions"}],"wp:featuredmedia":[{"embeddable":true,"href":"https:\/\/www.meydan.tv\/az\/wp-json\/wp\/v2\/media\/35579"}],"wp:attachment":[{"href":"https:\/\/www.meydan.tv\/az\/wp-json\/wp\/v2\/media?parent=170461"}],"wp:term":[{"taxonomy":"category","embeddable":true,"href":"https:\/\/www.meydan.tv\/az\/wp-json\/wp\/v2\/categories?post=170461"},{"taxonomy":"post_tag","embeddable":true,"href":"https:\/\/www.meydan.tv\/az\/wp-json\/wp\/v2\/tags?post=170461"}],"curies":[{"name":"wp","href":"https:\/\/api.w.org\/{rel}","templated":true}]}}