{"id":170433,"date":"2015-10-14T22:26:26","date_gmt":"2015-10-14T22:26:26","guid":{"rendered":"https:\/\/www.meydan.tv\/article\/edebiyyatimizi-mehv-etmek-isteyirler\/"},"modified":"2015-10-14T22:26:26","modified_gmt":"2015-10-14T22:26:26","slug":"edebiyyatimizi-mehv-etmek-isteyirler","status":"publish","type":"post","link":"https:\/\/www.meydan.tv\/az\/article\/edebiyyatimizi-mehv-etmek-isteyirler\/","title":{"rendered":"\u018fd\u0259biyyat\u0131m\u0131z\u0131 m\u0259hv etm\u0259k ist\u0259yirl\u0259r"},"content":{"rendered":"<figure class=\"wp-block-image size-large\">\n  <img decoding=\"async\" src=\"https:\/\/www.meydan.tv\/az\/35471\/\" alt=\"\" class=\"wp-image-35471\"\/><figcaption><\/figcaption><\/figure>\n<figure class=\"wp-block-image size-large\">\n  <img decoding=\"async\" src=\"https:\/\/www.meydan.tv\/az\/35477\/\" alt=\"\" class=\"wp-image-35477\"\/><figcaption><\/figcaption><\/figure>\n<p>\n  D\u00fcn\u0259n gec\u0259 ald\u0131\u011f\u0131m 2 x\u0259b\u0259r m\u0259ni yatma\u011fa qoymurdu, bo\u011furdu el\u0259 bil. Yata\u011f\u0131mdan qalxd\u0131m, dedim bunlar\u0131 yazmal\u0131yam, amma hans\u0131 birind\u0259n ba\u015flay\u0131m, o q\u0259d\u0259r d\u0259rdimiz var. Uzun yaz\u0131rsan, deyirl\u0259r \u00e7\u00fcr\u00fck\u00e7\u00fcd\u00fcr, q\u0131sa yaz\u0131rsan, olanlar\u0131 s\u0131\u011f\u0131\u015fd\u0131rmaq olmur bir k\u00f6\u015f\u0259 yaz\u0131s\u0131na.\n<\/p>\n<p>\n  \u0130stanbulda Orhan Pamukun \u201cMasumiyyet m\u00fczesi\u201d roman\u0131n\u0131n \u0259sas\u0131nda yarad\u0131lm\u0131\u015f eyniadl\u0131 m\u00fczey var. \u00c7ox t\u0259kidl\u0259 deyir\u0259m ki, \u0130stanbula ged\u0259nd\u0259 m\u00fctl\u0259q orda olun, \u0259d\u0259biyyat\u0131 ya\u015fad\u0131blar, can veribl\u0259r bir evd\u0259, romana el\u0259 bil qan, \u00f6l\u00fcms\u00fczl\u00fck \u015f\u0259rb\u0259ti veribl\u0259r v\u0259 deyibl\u0259r ki: \u201c\u018fd\u0259biyyat ya\u015fas\u0131n, onun m\u0259hvi bir xalq\u0131n m\u0259hvi dem\u0259kdir.\u201d H\u0259m d\u0259 orda bir stend var idi, orada Orhan Pamukun \u0259s\u0259rl\u0259rini nec\u0259 yazmas\u0131n\u0131 s\u0259rgil\u0259yirdil\u0259r. Onun \u0259l yaz\u0131lar\u0131na baxd\u0131m, heyr\u0259tl\u0259nm\u0259m\u0259k m\u00fcmk\u00fcn deyildi. Yazar romanlar\u0131n\u0131 sxeml\u0259rl\u0259 yaz\u0131rd\u0131, h\u0259 h\u0259 bildiyiniz h\u0259nd\u0259si fiqurlar filan. Y\u0259ni s\u00f6zl\u0259rd\u0259n \u00e7ox sxeml\u0259r var idi v\u0259 yazar bunlar\u0131 \u00e7\u0259kdikd\u0259n sonra \u0259n son bunlar\u0131 c\u00fcml\u0259l\u0259r hal\u0131na g\u0259tirib, kitaba k\u00f6\u00e7\u00fcr\u00fcrm\u00fc\u015f. M\u0259n \u00f6z\u00fcm\u0259 yazar demir\u0259m, n\u0259 d\u0259 Nobel m\u00fckafat\u0131 alm\u0131\u015f Orhan Pamuk deyil\u0259m. Sad\u0259c\u0259 dedim, yoxlay\u0131m onun \u00fcsulunu. M\u0259n d\u0259 g\u00f6t\u00fcrd\u00fcm bir ka\u011f\u0131z, q\u0259l\u0259m, ba\u015flad\u0131m sxeml\u0259r \u00e7\u0259km\u0259y\u0259..\n<\/p>\n<p>\n  D\u00f6rdbucaq \u00e7\u0259kdim, ortaya 23 il yazd\u0131m, bucaqlara da bunlar\u0131 yazd\u0131m, \u201cT\u0259hsil, S\u0259hiyy\u0259, Ordu, H\u00fcquq sistemi.\u201d Sonra dedim indi bunlar\u0131 yaz\u0131ya k\u00f6\u00e7\u00fcr, bel\u0259 bir \u015fey al\u0131nd\u0131:\n<\/p>\n<p>\n  T\u0259hsilin g\u0259ldiyi son v\u0259ziyy\u0259t bel\u0259dir, h\u0259r se\u00e7kid\u0259 tumanlar\u0131ndan b\u00fclleten \u00e7\u0131xaran m\u00fc\u0259llim\u0259l\u0259r kim, pul il\u0259 universitet\u0259 q\u0259bul olan t\u0259l\u0259b\u0259l\u0259r kim, bayramlarda \u015firinlik \u00fc\u00e7\u00fcn h\u0259r cild\u0259 gir\u0259n kim&#8230; Pulsuz m\u00fc\u0259llimliy\u0259 q\u0259bul olmaq m\u00fcmk\u00fcns\u00fcz kimi bir \u015feydir, q\u0259bul olsan da, s\u0259ni g\u00f6nd\u0259rirl\u0259r \u0259n ucqar k\u0259nd\u0259, bu c\u0259za kimi n\u0259z\u0259rd\u0259 tutulur sistemd\u0259. Pul verm\u0259mis\u0259n, indi \u00e7\u0259k \u0259ziyy\u0259tini o b\u0259rbad g\u00fcnd\u0259 olan m\u0259kt\u0259bl\u0259rd\u0259.\n<\/p>\n<p>\n  S\u0259hiyy\u0259 sistemind\u0259n bir misal verim. \u00c7ox yax\u0131n qohumumun yenic\u0259 u\u015fa\u011f\u0131 do\u011fulmu\u015fdu, d\u00f6vl\u0259t x\u0259st\u0259xanas\u0131nda dedil\u0259r bu u\u015faq \u00f6l\u0259c\u0259k, he\u00e7 bir yer\u0259 d\u0259 g\u00f6st\u0259rm\u0259k laz\u0131m deyil, u\u015fa\u011f\u0131 \u00f6l\u00fcm\u0259 t\u0259rk etdil\u0259r. Valideynl\u0259ri \u00fcmid kimi Bak\u0131dak\u0131 \u00f6z\u0259l klinikalar\u0131n birin\u0259 g\u0259l\u0259n m\u00fcv\u0259qq\u0259ti yunan h\u0259kim\u0259 g\u00f6st\u0259rdil\u0259r, u\u015fa\u011f\u0131 \u0259m\u0259liyyat el\u0259di v\u0259 u\u015faq sa\u011fald\u0131, top kimidir indi. Seymur Baycan demi\u015fk\u0259n, bu a\u011f xalatl\u0131 c\u0259lladlarla doludu s\u0259hiyy\u0259 sistemi, xalatlar\u0131n\u0131n h\u0259r t\u0259r\u0259fin\u0259 cib tik\u0259rl\u0259r utanmasalar. H\u00f6kum\u0259t d\u0259 bu c\u0259lladlar\u0131n arxas\u0131nda da\u011f kimi dayan\u0131r, \u00f6lk\u0259d\u0259 saxta d\u0259rmanlarla bil\u0259r\u0259k xalq\u0131 q\u0131r\u0131rlar. M\u00fc\u0259llim v\u0259 h\u0259kim \u00f6lk\u0259d\u0259 \u0259n az maa\u015f al\u0131r, amma h\u00f6kum\u0259tl\u0259 el\u0259 qucaqla\u015f\u0131b, bir yerd\u0259 xalq\u0131 m\u0259hv edirl\u0259r ki, qal\u0131rsan mat-m\u0259\u0259tt\u0259l. El\u0259 bil bunlara az maa\u015f ver\u0259n xalqd\u0131r, h\u0259m t\u0259hsilini, h\u0259m can\u0131n\u0131 o\u011furlay\u0131rlar xalq\u0131n.\n<\/p>\n<p>\n  Orduda h\u0259r il 100-\u0259 yax\u0131n h\u0259rb\u00e7i h\u0259yat\u0131n\u0131 itirir, \u00e7oxu da qeyri-d\u00f6y\u00fc\u015f \u015f\u0259raitind\u0259. 23 ild\u0259 1 santimetr torpaq da al\u0131nmay\u0131b, h\u0259r il n\u0259s\u0259 ciddi siyasi oyun olanda \u00f6lk\u0259d\u0259, c\u0259bh\u0259d\u0259 v\u0259ziyy\u0259ti bil\u0259r\u0259kd\u0259n q\u0131z\u0131\u015fd\u0131r\u0131rlar, yaz\u0131q kas\u0131b\u0131n balas\u0131 da orada \u015f\u0259hid olur, bunlar\u0131n siyasi oyunlar\u0131n\u0131n qurban\u0131 olur. \u00d6lk\u0259d\u0259 23 ildir bu v\u0259ziyy\u0259ti saxlamaqda s\u0259b\u0259b, bir \u015fey olan kimi \u201cQaraba\u011f boyda d\u0259rdimiz var\u201d deyib, insanlar\u0131 yerin\u0259 oturtmaqd\u0131. Qaraba\u011f boyda d\u0259rdl\u0259ri filan yoxdur, teatrd\u0131r ham\u0131s\u0131, d\u0259rd orduda \u0259sg\u0259rin yem\u0259yind\u0259n o\u011furlamaqd\u0131r, maa\u015f\u0131n\u0131 \u0259lind\u0259n almaqd\u0131r, \u0259sg\u0259ri, zabiti \u0259n h\u00f6rm\u0259tsiz v\u0259ziyy\u0259td\u0259 saxlamaqd\u0131r, kas\u0131b\u0131n balas\u0131n\u0131 qaba\u011fa verib, azca pul ver\u0259nin balas\u0131n\u0131 h\u0259rbiy\u0259 aparmamaqd\u0131r d\u0259rd. \u201c\u018fsg\u0259rimiz \u00f6lm\u0259sin!\u201d dey\u0259n, 8 g\u0259ncin h\u0259yat\u0131n\u0131n \u0259n g\u00f6z\u0259l ill\u0259rini o\u011furlay\u0131b, \u015f\u0259rl\u0259yib h\u0259bs\u0259 salmaqd\u0131r d\u0259rd.\n<\/p>\n<p>\n  Az\u0259rbaycanda h\u00fcquq ayaqlar alt\u0131ndad\u0131, insan h\u00fcquqlar\u0131 s\u0131ralamas\u0131nda d\u00fcnyada \u0259n sonlarday\u0131q, 100-\u0259 yax\u0131n siyasi m\u0259hbus var, m\u0259hk\u0259m\u0259 sistemi iflic, sifari\u015fl\u0259, z\u0259ngl\u0259 q\u0259rarlar \u00e7\u0131xar\u0131r, pulun varsa, h\u00fcquq sistemind\u0259 i\u015fin gedir, yoxdusa \u00f6ld\u00fcn, batd\u0131n m\u0259hk\u0259m\u0259 yollar\u0131nda. \u00d6z\u00fcm h\u00fcquq bitirmi\u015f\u0259m, bu bar\u0259d\u0259 n\u0259 q\u0259d\u0259r ist\u0259s\u0259m, uzada bil\u0259r\u0259m amma ke\u00e7ir\u0259m yaz\u0131n\u0131n \u0259sas m\u0259\u011fzin\u0259.\n<\/p>\n<p>\n  D\u00fcn\u0259n 1 \u015fairi, h\u00f6kum\u0259ti h\u0259mi\u015f\u0259 satirik \u015ferl\u0259rl\u0259 t\u0259nqid ed\u0259n Tofiq H\u0259s\u0259nlini o\u011furlay\u0131b, h\u0259bs edibl\u0259r. Sonra is\u0259 x\u0259b\u0259r tutduq ki, h\u00f6kum\u0259ti yaz\u0131lar\u0131nda t\u0259nqid ed\u0259n \u015fair-yazar G\u00fcnel M\u00f6vludun 2 qarda\u015f\u0131n\u0131 m\u0259\u015fhur \u015f\u0259rl\u0259m\u0259 madd\u0259si narkotikl\u0259 h\u0259bs edibl\u0259r. \u00d6z\u00fc \u00f6lk\u0259d\u0259 olsa, \u0259minlikl\u0259 dey\u0259rdim, \u00f6z\u00fcn\u00fc h\u0259bs ed\u0259rdil\u0259r, \u00e7\u00fcnki o \u0259xlaq onlar da yoxdur ki, qad\u0131n\u0131 \u015f\u0259rl\u0259m\u0259sinl\u0259r, 2 qad\u0131n siyasi m\u0259hbusumuz var.\n<\/p>\n<p>\n  M\u0259s\u0259l\u0259 n\u0259dir, bunlar yuxar\u0131da sadalad\u0131\u011f\u0131m h\u0259r \u015feyin sonuna \u00e7\u0131x\u0131blar 23 ild\u0259, indi ke\u00e7ibl\u0259r \u0259d\u0259biyyata. Art\u0131q xalq\u0131n varl\u0131\u011f\u0131n\u0131 qoruya bil\u0259c\u0259k t\u0259k qalas\u0131 \u0259d\u0259biyyat\u0131 da o\u011furlamaq ist\u0259yirl\u0259r ki, m\u0259hv olaq, ged\u0259k. \u018fslind\u0259 \u0259d\u0259biyyat\u0131 o\u011furlama\u011fa \u00e7oxdan ba\u015flay\u0131blar, h\u0259r d\u0259f\u0259 yaz\u0131\u00e7\u0131lar birliyin\u0259 se\u00e7kid\u0259 m\u0259ddahl\u0131q etdirm\u0259kl\u0259, yazarlara siyasi sifari\u015fl\u0259 yaz\u0131 yazd\u0131rmaqla. \u0130ndi d\u0259 ke\u00e7ibl\u0259r a\u00e7\u0131q repressiyaya.\n<\/p>\n<p>\n  G\u00fcnel M\u00f6vludun futbol haqq\u0131nda fikirl\u0259rini sevm\u0259s\u0259m d\u0259, o, \u0259d\u0259biyyat\u00e7\u0131d\u0131r, \u0259d\u0259biyyatda fikirl\u0259ri vacibdir. H\u0259l\u0259 ki, bir iki dik duran, Anar\u0131n \u0259linin alt\u0131nda m\u0259ddahl\u0131q etm\u0259y\u0259n yaz\u0131\u00e7\u0131lar\u0131m\u0131z qal\u0131b, onlar\u0131 qorumaq laz\u0131md\u0131r. \u018fd\u0259biyyat\u0131 m\u0259hv olma\u011fa qoymaq olmaz, he\u00e7 \u00e7ar rusiyas\u0131, Stalin m\u0259hv ed\u0259 bilm\u0259di.. Dik dur, \u018fd\u0259biyyat, m\u00f6hk\u0259m ol, az qal\u0131b!\n<\/p>\n<p>\n  <b><br \/>\n    Yaz\u0131 m\u00fc\u0259llifin \u015f\u0259xsi m\u00f6vqeyini \u0259ks etdirir&#8230;<br \/>\n  <\/b><\/p>\n","protected":false},"excerpt":{"rendered":"<p>Xalq\u0131 m\u0259hv edirl\u0259r<\/p>\n","protected":false},"author":11,"featured_media":35471,"comment_status":"closed","ping_status":"open","sticky":false,"template":"","format":"standard","meta":{"_acf_changed":false,"_sitemap_exclude":false,"_sitemap_priority":"","_sitemap_frequency":"","footnotes":""},"categories":[57],"tags":[],"class_list":["post-170433","post","type-post","status-publish","format-standard","has-post-thumbnail","hentry","category-menim-fikrimce","infinite-scroll-item","generate-columns","tablet-grid-50","mobile-grid-100","grid-parent","grid-33","no-featured-image-padding"],"acf":[],"yoast_head":"<!-- This site is optimized with the Yoast SEO plugin v27.5 - https:\/\/yoast.com\/product\/yoast-seo-wordpress\/ -->\n<title>\u018fd\u0259biyyat\u0131m\u0131z\u0131 m\u0259hv etm\u0259k ist\u0259yirl\u0259r - MEYDAN.TV<\/title>\n<meta name=\"robots\" content=\"index, follow, max-snippet:-1, max-image-preview:large, max-video-preview:-1\" \/>\n<link rel=\"canonical\" href=\"https:\/\/www.meydan.tv\/az\/article\/edebiyyatimizi-mehv-etmek-isteyirler\/\" \/>\n<meta property=\"og:locale\" content=\"az_AZ\" \/>\n<meta property=\"og:type\" content=\"article\" \/>\n<meta property=\"og:title\" content=\"\u018fd\u0259biyyat\u0131m\u0131z\u0131 m\u0259hv etm\u0259k ist\u0259yirl\u0259r - MEYDAN.TV\" \/>\n<meta property=\"og:description\" content=\"Xalq\u0131 m\u0259hv edirl\u0259r\" \/>\n<meta property=\"og:url\" content=\"https:\/\/www.meydan.tv\/az\/article\/edebiyyatimizi-mehv-etmek-isteyirler\/\" \/>\n<meta property=\"og:site_name\" content=\"MEYDAN.TV\" \/>\n<meta property=\"article:published_time\" content=\"2015-10-14T22:26:26+00:00\" \/>\n<meta property=\"og:image\" content=\"https:\/\/www.meydan.tv\/wp-content\/uploads\/13268.jpg\" \/>\n\t<meta property=\"og:image:width\" content=\"500\" \/>\n\t<meta property=\"og:image:height\" content=\"500\" \/>\n\t<meta property=\"og:image:type\" content=\"image\/jpeg\" \/>\n<meta name=\"author\" content=\"user-manager\" \/>\n<meta name=\"twitter:card\" content=\"summary_large_image\" \/>\n<script type=\"application\/ld+json\" class=\"yoast-schema-graph\">{\"@context\":\"https:\\\/\\\/schema.org\",\"@graph\":[{\"@type\":\"Article\",\"@id\":\"https:\\\/\\\/www.meydan.tv\\\/az\\\/article\\\/edebiyyatimizi-mehv-etmek-isteyirler\\\/#article\",\"isPartOf\":{\"@id\":\"https:\\\/\\\/www.meydan.tv\\\/az\\\/article\\\/edebiyyatimizi-mehv-etmek-isteyirler\\\/\"},\"author\":{\"name\":\"user-manager\",\"@id\":\"https:\\\/\\\/www.meydan.tv\\\/az\\\/#\\\/schema\\\/person\\\/10d11eccf6da3662cf5fdab9806ea91a\"},\"headline\":\"\u018fd\u0259biyyat\u0131m\u0131z\u0131 m\u0259hv etm\u0259k ist\u0259yirl\u0259r\",\"datePublished\":\"2015-10-14T22:26:26+00:00\",\"mainEntityOfPage\":{\"@id\":\"https:\\\/\\\/www.meydan.tv\\\/az\\\/article\\\/edebiyyatimizi-mehv-etmek-isteyirler\\\/\"},\"wordCount\":1144,\"publisher\":{\"@id\":\"https:\\\/\\\/www.meydan.tv\\\/az\\\/#organization\"},\"image\":{\"@id\":\"https:\\\/\\\/www.meydan.tv\\\/az\\\/article\\\/edebiyyatimizi-mehv-etmek-isteyirler\\\/#primaryimage\"},\"thumbnailUrl\":\"https:\\\/\\\/www.meydan.tv\\\/wp-content\\\/uploads\\\/13268.jpg\",\"articleSection\":[\"M\u0259nim Fikrimc\u0259\"],\"inLanguage\":\"az\"},{\"@type\":\"WebPage\",\"@id\":\"https:\\\/\\\/www.meydan.tv\\\/az\\\/article\\\/edebiyyatimizi-mehv-etmek-isteyirler\\\/\",\"url\":\"https:\\\/\\\/www.meydan.tv\\\/az\\\/article\\\/edebiyyatimizi-mehv-etmek-isteyirler\\\/\",\"name\":\"\u018fd\u0259biyyat\u0131m\u0131z\u0131 m\u0259hv etm\u0259k ist\u0259yirl\u0259r - MEYDAN.TV\",\"isPartOf\":{\"@id\":\"https:\\\/\\\/www.meydan.tv\\\/az\\\/#website\"},\"primaryImageOfPage\":{\"@id\":\"https:\\\/\\\/www.meydan.tv\\\/az\\\/article\\\/edebiyyatimizi-mehv-etmek-isteyirler\\\/#primaryimage\"},\"image\":{\"@id\":\"https:\\\/\\\/www.meydan.tv\\\/az\\\/article\\\/edebiyyatimizi-mehv-etmek-isteyirler\\\/#primaryimage\"},\"thumbnailUrl\":\"https:\\\/\\\/www.meydan.tv\\\/wp-content\\\/uploads\\\/13268.jpg\",\"datePublished\":\"2015-10-14T22:26:26+00:00\",\"breadcrumb\":{\"@id\":\"https:\\\/\\\/www.meydan.tv\\\/az\\\/article\\\/edebiyyatimizi-mehv-etmek-isteyirler\\\/#breadcrumb\"},\"inLanguage\":\"az\",\"potentialAction\":[{\"@type\":\"ReadAction\",\"target\":[\"https:\\\/\\\/www.meydan.tv\\\/az\\\/article\\\/edebiyyatimizi-mehv-etmek-isteyirler\\\/\"]}]},{\"@type\":\"ImageObject\",\"inLanguage\":\"az\",\"@id\":\"https:\\\/\\\/www.meydan.tv\\\/az\\\/article\\\/edebiyyatimizi-mehv-etmek-isteyirler\\\/#primaryimage\",\"url\":\"https:\\\/\\\/www.meydan.tv\\\/wp-content\\\/uploads\\\/13268.jpg\",\"contentUrl\":\"https:\\\/\\\/www.meydan.tv\\\/wp-content\\\/uploads\\\/13268.jpg\",\"width\":500,\"height\":500,\"caption\":\"Source:\"},{\"@type\":\"BreadcrumbList\",\"@id\":\"https:\\\/\\\/www.meydan.tv\\\/az\\\/article\\\/edebiyyatimizi-mehv-etmek-isteyirler\\\/#breadcrumb\",\"itemListElement\":[{\"@type\":\"ListItem\",\"position\":1,\"name\":\"Ana s\u0259hif\u0259\",\"item\":\"https:\\\/\\\/www.meydan.tv\\\/az\\\/\"},{\"@type\":\"ListItem\",\"position\":2,\"name\":\"M\u0259nim Fikrimc\u0259\",\"item\":\"https:\\\/\\\/www.meydan.tv\\\/az\\\/section\\\/menim-fikrimce\\\/\"},{\"@type\":\"ListItem\",\"position\":3,\"name\":\"\u018fd\u0259biyyat\u0131m\u0131z\u0131 m\u0259hv etm\u0259k ist\u0259yirl\u0259r\"}]},{\"@type\":\"WebSite\",\"@id\":\"https:\\\/\\\/www.meydan.tv\\\/az\\\/#website\",\"url\":\"https:\\\/\\\/www.meydan.tv\\\/az\\\/\",\"name\":\"MEYDAN.TV\",\"description\":\"Meydan TV Az\u0259rbaycan\u0131n media m\u0259kan\u0131ndak\u0131 alternativ s\u0259sidir\",\"publisher\":{\"@id\":\"https:\\\/\\\/www.meydan.tv\\\/az\\\/#organization\"},\"potentialAction\":[{\"@type\":\"SearchAction\",\"target\":{\"@type\":\"EntryPoint\",\"urlTemplate\":\"https:\\\/\\\/www.meydan.tv\\\/az\\\/?s={search_term_string}\"},\"query-input\":{\"@type\":\"PropertyValueSpecification\",\"valueRequired\":true,\"valueName\":\"search_term_string\"}}],\"inLanguage\":\"az\"},{\"@type\":\"Organization\",\"@id\":\"https:\\\/\\\/www.meydan.tv\\\/az\\\/#organization\",\"name\":\"Meydan TV\",\"url\":\"https:\\\/\\\/www.meydan.tv\\\/az\\\/\",\"logo\":{\"@type\":\"ImageObject\",\"inLanguage\":\"az\",\"@id\":\"https:\\\/\\\/www.meydan.tv\\\/az\\\/#\\\/schema\\\/logo\\\/image\\\/\",\"url\":\"https:\\\/\\\/www.meydan.tv\\\/wp-content\\\/uploads\\\/2021\\\/07\\\/meydan-logo.svg\",\"contentUrl\":\"https:\\\/\\\/www.meydan.tv\\\/wp-content\\\/uploads\\\/2021\\\/07\\\/meydan-logo.svg\",\"width\":195,\"height\":46,\"caption\":\"Meydan TV\"},\"image\":{\"@id\":\"https:\\\/\\\/www.meydan.tv\\\/az\\\/#\\\/schema\\\/logo\\\/image\\\/\"}},{\"@type\":\"Person\",\"@id\":\"https:\\\/\\\/www.meydan.tv\\\/az\\\/#\\\/schema\\\/person\\\/10d11eccf6da3662cf5fdab9806ea91a\",\"name\":\"user-manager\"}]}<\/script>\n<!-- \/ Yoast SEO plugin. -->","yoast_head_json":{"title":"\u018fd\u0259biyyat\u0131m\u0131z\u0131 m\u0259hv etm\u0259k ist\u0259yirl\u0259r - MEYDAN.TV","robots":{"index":"index","follow":"follow","max-snippet":"max-snippet:-1","max-image-preview":"max-image-preview:large","max-video-preview":"max-video-preview:-1"},"canonical":"https:\/\/www.meydan.tv\/az\/article\/edebiyyatimizi-mehv-etmek-isteyirler\/","og_locale":"az_AZ","og_type":"article","og_title":"\u018fd\u0259biyyat\u0131m\u0131z\u0131 m\u0259hv etm\u0259k ist\u0259yirl\u0259r - MEYDAN.TV","og_description":"Xalq\u0131 m\u0259hv edirl\u0259r","og_url":"https:\/\/www.meydan.tv\/az\/article\/edebiyyatimizi-mehv-etmek-isteyirler\/","og_site_name":"MEYDAN.TV","article_published_time":"2015-10-14T22:26:26+00:00","og_image":[{"width":500,"height":500,"url":"https:\/\/www.meydan.tv\/wp-content\/uploads\/13268.jpg","type":"image\/jpeg"}],"author":"user-manager","twitter_card":"summary_large_image","schema":{"@context":"https:\/\/schema.org","@graph":[{"@type":"Article","@id":"https:\/\/www.meydan.tv\/az\/article\/edebiyyatimizi-mehv-etmek-isteyirler\/#article","isPartOf":{"@id":"https:\/\/www.meydan.tv\/az\/article\/edebiyyatimizi-mehv-etmek-isteyirler\/"},"author":{"name":"user-manager","@id":"https:\/\/www.meydan.tv\/az\/#\/schema\/person\/10d11eccf6da3662cf5fdab9806ea91a"},"headline":"\u018fd\u0259biyyat\u0131m\u0131z\u0131 m\u0259hv etm\u0259k ist\u0259yirl\u0259r","datePublished":"2015-10-14T22:26:26+00:00","mainEntityOfPage":{"@id":"https:\/\/www.meydan.tv\/az\/article\/edebiyyatimizi-mehv-etmek-isteyirler\/"},"wordCount":1144,"publisher":{"@id":"https:\/\/www.meydan.tv\/az\/#organization"},"image":{"@id":"https:\/\/www.meydan.tv\/az\/article\/edebiyyatimizi-mehv-etmek-isteyirler\/#primaryimage"},"thumbnailUrl":"https:\/\/www.meydan.tv\/wp-content\/uploads\/13268.jpg","articleSection":["M\u0259nim Fikrimc\u0259"],"inLanguage":"az"},{"@type":"WebPage","@id":"https:\/\/www.meydan.tv\/az\/article\/edebiyyatimizi-mehv-etmek-isteyirler\/","url":"https:\/\/www.meydan.tv\/az\/article\/edebiyyatimizi-mehv-etmek-isteyirler\/","name":"\u018fd\u0259biyyat\u0131m\u0131z\u0131 m\u0259hv etm\u0259k ist\u0259yirl\u0259r - MEYDAN.TV","isPartOf":{"@id":"https:\/\/www.meydan.tv\/az\/#website"},"primaryImageOfPage":{"@id":"https:\/\/www.meydan.tv\/az\/article\/edebiyyatimizi-mehv-etmek-isteyirler\/#primaryimage"},"image":{"@id":"https:\/\/www.meydan.tv\/az\/article\/edebiyyatimizi-mehv-etmek-isteyirler\/#primaryimage"},"thumbnailUrl":"https:\/\/www.meydan.tv\/wp-content\/uploads\/13268.jpg","datePublished":"2015-10-14T22:26:26+00:00","breadcrumb":{"@id":"https:\/\/www.meydan.tv\/az\/article\/edebiyyatimizi-mehv-etmek-isteyirler\/#breadcrumb"},"inLanguage":"az","potentialAction":[{"@type":"ReadAction","target":["https:\/\/www.meydan.tv\/az\/article\/edebiyyatimizi-mehv-etmek-isteyirler\/"]}]},{"@type":"ImageObject","inLanguage":"az","@id":"https:\/\/www.meydan.tv\/az\/article\/edebiyyatimizi-mehv-etmek-isteyirler\/#primaryimage","url":"https:\/\/www.meydan.tv\/wp-content\/uploads\/13268.jpg","contentUrl":"https:\/\/www.meydan.tv\/wp-content\/uploads\/13268.jpg","width":500,"height":500,"caption":"Source:"},{"@type":"BreadcrumbList","@id":"https:\/\/www.meydan.tv\/az\/article\/edebiyyatimizi-mehv-etmek-isteyirler\/#breadcrumb","itemListElement":[{"@type":"ListItem","position":1,"name":"Ana s\u0259hif\u0259","item":"https:\/\/www.meydan.tv\/az\/"},{"@type":"ListItem","position":2,"name":"M\u0259nim Fikrimc\u0259","item":"https:\/\/www.meydan.tv\/az\/section\/menim-fikrimce\/"},{"@type":"ListItem","position":3,"name":"\u018fd\u0259biyyat\u0131m\u0131z\u0131 m\u0259hv etm\u0259k ist\u0259yirl\u0259r"}]},{"@type":"WebSite","@id":"https:\/\/www.meydan.tv\/az\/#website","url":"https:\/\/www.meydan.tv\/az\/","name":"MEYDAN.TV","description":"Meydan TV Az\u0259rbaycan\u0131n media m\u0259kan\u0131ndak\u0131 alternativ s\u0259sidir","publisher":{"@id":"https:\/\/www.meydan.tv\/az\/#organization"},"potentialAction":[{"@type":"SearchAction","target":{"@type":"EntryPoint","urlTemplate":"https:\/\/www.meydan.tv\/az\/?s={search_term_string}"},"query-input":{"@type":"PropertyValueSpecification","valueRequired":true,"valueName":"search_term_string"}}],"inLanguage":"az"},{"@type":"Organization","@id":"https:\/\/www.meydan.tv\/az\/#organization","name":"Meydan TV","url":"https:\/\/www.meydan.tv\/az\/","logo":{"@type":"ImageObject","inLanguage":"az","@id":"https:\/\/www.meydan.tv\/az\/#\/schema\/logo\/image\/","url":"https:\/\/www.meydan.tv\/wp-content\/uploads\/2021\/07\/meydan-logo.svg","contentUrl":"https:\/\/www.meydan.tv\/wp-content\/uploads\/2021\/07\/meydan-logo.svg","width":195,"height":46,"caption":"Meydan TV"},"image":{"@id":"https:\/\/www.meydan.tv\/az\/#\/schema\/logo\/image\/"}},{"@type":"Person","@id":"https:\/\/www.meydan.tv\/az\/#\/schema\/person\/10d11eccf6da3662cf5fdab9806ea91a","name":"user-manager"}]}},"_links":{"self":[{"href":"https:\/\/www.meydan.tv\/az\/wp-json\/wp\/v2\/posts\/170433","targetHints":{"allow":["GET"]}}],"collection":[{"href":"https:\/\/www.meydan.tv\/az\/wp-json\/wp\/v2\/posts"}],"about":[{"href":"https:\/\/www.meydan.tv\/az\/wp-json\/wp\/v2\/types\/post"}],"author":[{"embeddable":true,"href":"https:\/\/www.meydan.tv\/az\/wp-json\/wp\/v2\/users\/11"}],"replies":[{"embeddable":true,"href":"https:\/\/www.meydan.tv\/az\/wp-json\/wp\/v2\/comments?post=170433"}],"version-history":[{"count":0,"href":"https:\/\/www.meydan.tv\/az\/wp-json\/wp\/v2\/posts\/170433\/revisions"}],"wp:featuredmedia":[{"embeddable":true,"href":"https:\/\/www.meydan.tv\/az\/wp-json\/wp\/v2\/media\/35471"}],"wp:attachment":[{"href":"https:\/\/www.meydan.tv\/az\/wp-json\/wp\/v2\/media?parent=170433"}],"wp:term":[{"taxonomy":"category","embeddable":true,"href":"https:\/\/www.meydan.tv\/az\/wp-json\/wp\/v2\/categories?post=170433"},{"taxonomy":"post_tag","embeddable":true,"href":"https:\/\/www.meydan.tv\/az\/wp-json\/wp\/v2\/tags?post=170433"}],"curies":[{"name":"wp","href":"https:\/\/api.w.org\/{rel}","templated":true}]}}