{"id":170416,"date":"2015-10-14T00:51:19","date_gmt":"2015-10-14T00:51:19","guid":{"rendered":"https:\/\/www.meydan.tv\/article\/jurnalist-texniki-sehve-gore-bandotdele-cagirilib-video\/"},"modified":"2015-10-14T00:51:19","modified_gmt":"2015-10-14T00:51:19","slug":"jurnalist-texniki-sehve-gore-bandotdele-cagirilib-video","status":"publish","type":"post","link":"https:\/\/www.meydan.tv\/az\/article\/jurnalist-texniki-sehve-gore-bandotdele-cagirilib-video\/","title":{"rendered":"Jurnalist &#8221;texniki s\u0259hv&#8221;\u0259 g\u00f6r\u0259 &#8221;Bandotdel&#8221;\u0259 \u00e7a\u011f\u0131r\u0131l\u0131b (V\u0130DEO)"},"content":{"rendered":"<figure class=\"wp-block-embed is-type-video is-provider-youtube wp-block-embed-youtube wp-embed-aspect-16-9 wp-has-aspect-ratio\">\n<div class=\"wp-block-embed__wrapper\">\n    <iframe loading=\"lazy\"\ttitle=\"\" width=\"1200\" height=\"675\" src=\"https:\/\/www.youtube.com\/embed\/qHfhb1nCkl8\"\tframeborder=\"0\"\tallow=\"accelerometer; autoplay; clipboard-write; encrypted-media; gyroscope; picture-in-picture\" allowfullscreen><\/iframe>\n  <\/div><figcaption><\/figcaption><\/figure>\n<p>\n  \u201cD\u00fcn\u0259n \u015f\u0259xsiyy\u0259t v\u0259siq\u0259si \u00fc\u00e7\u00fcn Asan Xidm\u0259t\u0259 m\u00fcraci\u0259t etmi\u015fdim. Oradan m\u0259ni Sumqay\u0131tda yerl\u0259\u015f\u0259n 3 sayl\u0131 Polis B\u00f6lm\u0259sin\u0259 aparm\u0131\u015fd\u0131lar. Polis d\u0259 Ba\u015f M\u00fct\u0259\u015f\u0259kkil Cinay\u0259tkarl\u0131qla M\u00fcbariz\u0259 \u0130dar\u0259si il\u0259 dan\u0131\u015fm\u0131\u015fd\u0131 v\u0259 dan\u0131\u015fandan sonra dilimd\u0259n iltizam alm\u0131\u015fd\u0131lar ki, bu g\u00fcn saat 3-d\u0259 (15:00) idar\u0259y\u0259 g\u0259l\u0259c\u0259m. \u0130dar\u0259d\u0259 r\u0259smi \u015f\u0259xsl\u0259rd\u0259n biri g\u0259ldi ki, \u201ctexniki s\u0259hv\u201d olub. H\u0259min texniki s\u0259hv\u0259 g\u00f6r\u0259 idar\u0259y\u0259 \u00e7a\u011f\u0131r\u0131lm\u0131\u015fam. Bundan sonra yenid\u0259n Asan Xidm\u0259t\u0259 m\u00fcraci\u0259t ed\u0259 bil\u0259r\u0259m v\u0259 m\u0259n\u0259 \u015f\u0259xsiyy\u0259t v\u0259siq\u0259si veril\u0259c\u0259k. Bildirdil\u0259r ki, yenid\u0259n sistemd\u0259 \u201cstop\u201d g\u00f6st\u0259rils\u0259, t\u0259z\u0259d\u0259n yoxlas\u0131nlar. Dedil\u0259r, s\u0259n\u0259d alma\u011f\u0131mda problem olmayacaq. Soru\u015fdum ki, d\u00fcn\u0259n Polis B\u00f6lm\u0259sind\u0259n sizinl\u0259 \u0259laq\u0259 saxlayanda deyilm\u0259yib ki, idar\u0259y\u0259 \u00e7a\u011f\u0131r\u0131lmamal\u0131yam. Cavab verdil\u0259r ki, bu, prosedur qaydas\u0131d\u0131r, sizin ad\u0131n\u0131z\u0131n qar\u015f\u0131s\u0131nda \u201cstop\u201d varsa, polis\u0259 apar\u0131lmal\u0131s\u0131n\u0131z, amma niy\u0259 polis\u0259 bura g\u0259tirilm\u0259m\u0259kl\u0259 ba\u011fl\u0131 deyilm\u0259diyi haqda he\u00e7 n\u0259 s\u00f6yl\u0259m\u0259dil\u0259r\u201d- m\u00fcst\u0259qil jurnalist Ayt\u0259n F\u0259rhadova bildirib.\n<\/p>\n<p>\n  Bu, xan\u0131m jurnalistin \u0130dar\u0259y\u0259 3-c\u00fc g\u0259li\u015fidir. O, 19 sentyabrda Ukraynadan qay\u0131dark\u0259n Heyd\u0259r \u018fliyev ad\u0131na Hava Liman\u0131ndan gec\u0259 saatlar\u0131nda \u201cBandotdel\u201d\u0259 g\u0259tirilib v\u0259 8 saat orada saxlan\u0131l\u0131b. Jurnalistd\u0259n izahat al\u0131nandan sonra s\u0259rb\u0259st burax\u0131l\u0131b. \u00a021 sentyabrda jurnalist yenid\u0259n \u0130dar\u0259y\u0259 \u00e7a\u011f\u0131r\u0131l\u0131b v\u0259 m\u0259tbuata verdiyi m\u00fcsahib\u0259l\u0259rd\u0259 diqq\u0259tli olmas\u0131 tap\u015f\u0131r\u0131l\u0131b. Jurnalist Meydan TV v\u0259 Ming\u0259\u00e7evird\u0259 B\u0259hruz Hac\u0131yevin \u00f6l\u00fcm\u00fcnd\u0259n sonra ba\u015f ver\u0259n hadis\u0259l\u0259r\u0259 g\u00f6r\u0259 dindirilib.<\/p>\n","protected":false},"excerpt":{"rendered":"<p>\u0130dar\u0259d\u0259 r\u0259smi \u015f\u0259xsl\u0259rd\u0259n biri g\u0259ldi ki, \u201ctexniki s\u0259hv\u201d olub. H\u0259min texniki s\u0259hv\u0259 g\u00f6r\u0259 idar\u0259y\u0259 \u00e7a\u011f\u0131r\u0131lm\u0131\u015fam<\/p>\n","protected":false},"author":11,"featured_media":35399,"comment_status":"closed","ping_status":"open","sticky":false,"template":"","format":"standard","meta":{"_acf_changed":false,"_sitemap_exclude":false,"_sitemap_priority":"","_sitemap_frequency":"","footnotes":""},"categories":[63],"tags":[],"class_list":["post-170416","post","type-post","status-publish","format-standard","has-post-thumbnail","hentry","category-video-2","infinite-scroll-item","generate-columns","tablet-grid-50","mobile-grid-100","grid-parent","grid-33","no-featured-image-padding"],"acf":[],"yoast_head":"<!-- This site is optimized with the Yoast SEO plugin v28.4 - https:\/\/yoast.com\/product\/yoast-seo-wordpress\/ -->\n<title>Jurnalist &#039;&#039;texniki s\u0259hv&#039;&#039;\u0259 g\u00f6r\u0259 &#039;&#039;Bandotdel&#039;&#039;\u0259 \u00e7a\u011f\u0131r\u0131l\u0131b (V\u0130DEO) - MEYDAN.TV<\/title>\n<meta name=\"robots\" content=\"index, follow, max-snippet:-1, max-image-preview:large, max-video-preview:-1\" \/>\n<link rel=\"canonical\" href=\"https:\/\/www.meydan.tv\/az\/article\/jurnalist-texniki-sehve-gore-bandotdele-cagirilib-video\/\" \/>\n<meta property=\"og:locale\" content=\"az_AZ\" \/>\n<meta property=\"og:type\" content=\"article\" \/>\n<meta property=\"og:title\" content=\"Jurnalist &#039;&#039;texniki s\u0259hv&#039;&#039;\u0259 g\u00f6r\u0259 &#039;&#039;Bandotdel&#039;&#039;\u0259 \u00e7a\u011f\u0131r\u0131l\u0131b (V\u0130DEO) - MEYDAN.TV\" \/>\n<meta property=\"og:description\" content=\"\u0130dar\u0259d\u0259 r\u0259smi \u015f\u0259xsl\u0259rd\u0259n biri g\u0259ldi ki, \u201ctexniki s\u0259hv\u201d olub. H\u0259min texniki s\u0259hv\u0259 g\u00f6r\u0259 idar\u0259y\u0259 \u00e7a\u011f\u0131r\u0131lm\u0131\u015fam\" \/>\n<meta property=\"og:url\" content=\"https:\/\/www.meydan.tv\/az\/article\/jurnalist-texniki-sehve-gore-bandotdele-cagirilib-video\/\" \/>\n<meta property=\"og:site_name\" content=\"MEYDAN.TV\" \/>\n<meta property=\"article:published_time\" content=\"2015-10-14T00:51:19+00:00\" \/>\n<meta property=\"og:image\" content=\"https:\/\/www.meydan.tv\/wp-content\/uploads\/13247.jpg\" \/>\n\t<meta property=\"og:image:width\" content=\"757\" \/>\n\t<meta property=\"og:image:height\" content=\"427\" \/>\n\t<meta property=\"og:image:type\" content=\"image\/jpeg\" \/>\n<meta name=\"twitter:card\" content=\"summary_large_image\" \/>\n<!-- \/ Yoast SEO plugin. -->","yoast_head_json":{"title":"Jurnalist ''texniki s\u0259hv''\u0259 g\u00f6r\u0259 ''Bandotdel''\u0259 \u00e7a\u011f\u0131r\u0131l\u0131b (V\u0130DEO) - MEYDAN.TV","robots":{"index":"index","follow":"follow","max-snippet":"max-snippet:-1","max-image-preview":"max-image-preview:large","max-video-preview":"max-video-preview:-1"},"canonical":"https:\/\/www.meydan.tv\/az\/article\/jurnalist-texniki-sehve-gore-bandotdele-cagirilib-video\/","og_locale":"az_AZ","og_type":"article","og_title":"Jurnalist ''texniki s\u0259hv''\u0259 g\u00f6r\u0259 ''Bandotdel''\u0259 \u00e7a\u011f\u0131r\u0131l\u0131b (V\u0130DEO) - MEYDAN.TV","og_description":"\u0130dar\u0259d\u0259 r\u0259smi \u015f\u0259xsl\u0259rd\u0259n biri g\u0259ldi ki, \u201ctexniki s\u0259hv\u201d olub. H\u0259min texniki s\u0259hv\u0259 g\u00f6r\u0259 idar\u0259y\u0259 \u00e7a\u011f\u0131r\u0131lm\u0131\u015fam","og_url":"https:\/\/www.meydan.tv\/az\/article\/jurnalist-texniki-sehve-gore-bandotdele-cagirilib-video\/","og_site_name":"MEYDAN.TV","article_published_time":"2015-10-14T00:51:19+00:00","og_image":[{"width":757,"height":427,"url":"https:\/\/www.meydan.tv\/wp-content\/uploads\/13247.jpg","type":"image\/jpeg"}],"twitter_card":"summary_large_image","schema":{"@context":"https:\/\/schema.org","@graph":[{"@type":"Article","@id":"https:\/\/www.meydan.tv\/az\/article\/jurnalist-texniki-sehve-gore-bandotdele-cagirilib-video\/#article","isPartOf":{"@id":"https:\/\/www.meydan.tv\/az\/article\/jurnalist-texniki-sehve-gore-bandotdele-cagirilib-video\/"},"author":{"name":"user-manager","@id":"https:\/\/www.meydan.tv\/az\/#\/schema\/person\/10d11eccf6da3662cf5fdab9806ea91a"},"headline":"Jurnalist &#8221;texniki s\u0259hv&#8221;\u0259 g\u00f6r\u0259 &#8221;Bandotdel&#8221;\u0259 \u00e7a\u011f\u0131r\u0131l\u0131b (V\u0130DEO)","datePublished":"2015-10-14T00:51:19+00:00","mainEntityOfPage":{"@id":"https:\/\/www.meydan.tv\/az\/article\/jurnalist-texniki-sehve-gore-bandotdele-cagirilib-video\/"},"wordCount":337,"publisher":{"@id":"https:\/\/www.meydan.tv\/az\/#organization"},"image":{"@id":"https:\/\/www.meydan.tv\/az\/article\/jurnalist-texniki-sehve-gore-bandotdele-cagirilib-video\/#primaryimage"},"thumbnailUrl":"https:\/\/www.meydan.tv\/wp-content\/uploads\/13247.jpg","articleSection":["Video"],"inLanguage":"az"},{"@type":"WebPage","@id":"https:\/\/www.meydan.tv\/az\/article\/jurnalist-texniki-sehve-gore-bandotdele-cagirilib-video\/","url":"https:\/\/www.meydan.tv\/az\/article\/jurnalist-texniki-sehve-gore-bandotdele-cagirilib-video\/","name":"Jurnalist ''texniki s\u0259hv''\u0259 g\u00f6r\u0259 ''Bandotdel''\u0259 \u00e7a\u011f\u0131r\u0131l\u0131b (V\u0130DEO) - MEYDAN.TV","isPartOf":{"@id":"https:\/\/www.meydan.tv\/az\/#website"},"primaryImageOfPage":{"@id":"https:\/\/www.meydan.tv\/az\/article\/jurnalist-texniki-sehve-gore-bandotdele-cagirilib-video\/#primaryimage"},"image":{"@id":"https:\/\/www.meydan.tv\/az\/article\/jurnalist-texniki-sehve-gore-bandotdele-cagirilib-video\/#primaryimage"},"thumbnailUrl":"https:\/\/www.meydan.tv\/wp-content\/uploads\/13247.jpg","datePublished":"2015-10-14T00:51:19+00:00","breadcrumb":{"@id":"https:\/\/www.meydan.tv\/az\/article\/jurnalist-texniki-sehve-gore-bandotdele-cagirilib-video\/#breadcrumb"},"inLanguage":"az","potentialAction":[{"@type":"ReadAction","target":["https:\/\/www.meydan.tv\/az\/article\/jurnalist-texniki-sehve-gore-bandotdele-cagirilib-video\/"]}]},{"@type":"ImageObject","inLanguage":"az","@id":"https:\/\/www.meydan.tv\/az\/article\/jurnalist-texniki-sehve-gore-bandotdele-cagirilib-video\/#primaryimage","url":"https:\/\/www.meydan.tv\/wp-content\/uploads\/13247.jpg","contentUrl":"https:\/\/www.meydan.tv\/wp-content\/uploads\/13247.jpg","width":757,"height":427,"caption":"Source:"},{"@type":"BreadcrumbList","@id":"https:\/\/www.meydan.tv\/az\/article\/jurnalist-texniki-sehve-gore-bandotdele-cagirilib-video\/#breadcrumb","itemListElement":[{"@type":"ListItem","position":1,"name":"Ana s\u0259hif\u0259","item":"https:\/\/www.meydan.tv\/az\/"},{"@type":"ListItem","position":2,"name":"Video","item":"https:\/\/www.meydan.tv\/az\/section\/video-2\/"},{"@type":"ListItem","position":3,"name":"Jurnalist &#8221;texniki s\u0259hv&#8221;\u0259 g\u00f6r\u0259 &#8221;Bandotdel&#8221;\u0259 \u00e7a\u011f\u0131r\u0131l\u0131b (V\u0130DEO)"}]},{"@type":"WebSite","@id":"https:\/\/www.meydan.tv\/az\/#website","url":"https:\/\/www.meydan.tv\/az\/","name":"MEYDAN.TV","description":"Meydan TV Az\u0259rbaycan\u0131n media m\u0259kan\u0131ndak\u0131 alternativ s\u0259sidir","publisher":{"@id":"https:\/\/www.meydan.tv\/az\/#organization"},"potentialAction":[{"@type":"SearchAction","target":{"@type":"EntryPoint","urlTemplate":"https:\/\/www.meydan.tv\/az\/?s={search_term_string}"},"query-input":{"@type":"PropertyValueSpecification","valueRequired":true,"valueName":"search_term_string"}}],"inLanguage":"az"},{"@type":"Organization","@id":"https:\/\/www.meydan.tv\/az\/#organization","name":"Meydan TV","url":"https:\/\/www.meydan.tv\/az\/","logo":{"@type":"ImageObject","inLanguage":"az","@id":"https:\/\/www.meydan.tv\/az\/#\/schema\/logo\/image\/","url":"https:\/\/www.meydan.tv\/wp-content\/uploads\/2021\/07\/meydan-logo.svg","contentUrl":"https:\/\/www.meydan.tv\/wp-content\/uploads\/2021\/07\/meydan-logo.svg","width":195,"height":46,"caption":"Meydan TV"},"image":{"@id":"https:\/\/www.meydan.tv\/az\/#\/schema\/logo\/image\/"}},{"@type":"Person","@id":"https:\/\/www.meydan.tv\/az\/#\/schema\/person\/10d11eccf6da3662cf5fdab9806ea91a","name":"user-manager"}]}},"_links":{"self":[{"href":"https:\/\/www.meydan.tv\/az\/wp-json\/wp\/v2\/posts\/170416","targetHints":{"allow":["GET"]}}],"collection":[{"href":"https:\/\/www.meydan.tv\/az\/wp-json\/wp\/v2\/posts"}],"about":[{"href":"https:\/\/www.meydan.tv\/az\/wp-json\/wp\/v2\/types\/post"}],"author":[{"embeddable":true,"href":"https:\/\/www.meydan.tv\/az\/wp-json\/wp\/v2\/users\/11"}],"replies":[{"embeddable":true,"href":"https:\/\/www.meydan.tv\/az\/wp-json\/wp\/v2\/comments?post=170416"}],"version-history":[{"count":0,"href":"https:\/\/www.meydan.tv\/az\/wp-json\/wp\/v2\/posts\/170416\/revisions"}],"wp:featuredmedia":[{"embeddable":true,"href":"https:\/\/www.meydan.tv\/az\/wp-json\/wp\/v2\/media\/35399"}],"wp:attachment":[{"href":"https:\/\/www.meydan.tv\/az\/wp-json\/wp\/v2\/media?parent=170416"}],"wp:term":[{"taxonomy":"category","embeddable":true,"href":"https:\/\/www.meydan.tv\/az\/wp-json\/wp\/v2\/categories?post=170416"},{"taxonomy":"post_tag","embeddable":true,"href":"https:\/\/www.meydan.tv\/az\/wp-json\/wp\/v2\/tags?post=170416"}],"curies":[{"name":"wp","href":"https:\/\/api.w.org\/{rel}","templated":true}]}}