{"id":170415,"date":"2015-10-14T00:22:22","date_gmt":"2015-10-14T00:22:22","guid":{"rendered":"https:\/\/www.meydan.tv\/article\/agalar-quta-cavab-2\/"},"modified":"2015-10-14T00:22:22","modified_gmt":"2015-10-14T00:22:22","slug":"agalar-quta-cavab-2","status":"publish","type":"post","link":"https:\/\/www.meydan.tv\/az\/article\/agalar-quta-cavab-2\/","title":{"rendered":"A\u011falar Quta cavab"},"content":{"rendered":"<figure class=\"wp-block-image size-large\">\n  <img decoding=\"async\" src=\"https:\/\/www.meydan.tv\/az\/35402\/\" alt=\"\" class=\"wp-image-35402\"\/><figcaption><\/figcaption><\/figure>\n<figure class=\"wp-block-image size-large\">\n  <img decoding=\"async\" src=\"https:\/\/www.meydan.tv\/az\/35405\/\" alt=\"\" class=\"wp-image-35405\"\/><figcaption><\/figcaption><\/figure>\n<p>\n  H\u00f6rm\u0259tli A\u011falar Qutun yazm\u0131\u015f oldu\u011fu \u201c\u0130pi k\u0259sib bizi quyuya at\u0131b ged\u0259n qarda\u015f\u0131m\u0131z haqq\u0131nda\u201d m\u0259qal\u0259si il\u0259 ba\u011fl\u0131 a\u015fa\u011f\u0131dak\u0131 fikirl\u0259ri diqq\u0259tiniz\u0259 \u00e7atd\u0131r\u0131ram.\n<\/p>\n<p>\n  Almaniyadak\u0131 \u201cbir xalq \u2013 iki d\u00f6vl\u0259t\u201d (\u201cEin Volk \u2013 zwei Staaten\u201d) \u015f\u00fcar\u0131ndan f\u0259rqli olaraq T\u00fcrkiy\u0259 v\u0259 Az\u0259rbaycan aras\u0131nda daha \u00e7ox \u201cbir mill\u0259t &#8211; iki d\u00f6vl\u0259t\u201d kimi s\u0259sl\u0259ndirilmi\u015fdir. Burada anlay\u0131\u015flar\u0131n leksik m\u0259nalar\u0131n\u0131 izah etm\u0259k niyy\u0259tind\u0259 deyil\u0259m, ancaq bildirim ki, \u201cmill\u0259t\u201d v\u0259 \u201cxalq\u201d anlay\u0131\u015flar\u0131 sosial m\u0259nada sinonim kimi i\u015fl\u0259n\u0259 bils\u0259 d\u0259, politologiyada bunlar f\u0259rqli m\u0259nalar da\u015f\u0131y\u0131r. Bu bax\u0131mdan, bu \u015f\u00fcarlar\u0131n \u00f6z\u00fcnd\u0259 ehtiva etdiyi diplomatik mahiyy\u0259tl\u0259ri bel\u0259 bir-birind\u0259n f\u0259rqlidir.\n<\/p>\n<p>\n  Bel\u0259 ki, \u201cbir xalq \u2013 iki d\u00f6vl\u0259t\u201d ideyas\u0131 f\u0259rqli sisteml\u0259r\u0259 malik bir d\u00f6vl\u0259tin par\u00e7alanm\u0131\u015f hiss\u0259l\u0259rinin birl\u0259\u015fdirilm\u0259sini h\u0259d\u0259fl\u0259yirdis\u0259, \u201cbir mill\u0259t &#8211; iki d\u00f6vl\u0259t\u201d ideyas\u0131 iki f\u0259rqli d\u00f6vl\u0259tin strateji m\u00fctt\u0259fiqliyini h\u0259d\u0259fl\u0259yirdi. Lap el\u0259 bu ideya ba\u015fqa bir \u015f\u0259xs t\u0259r\u0259find\u0259n deyilmi\u015f olsa bel\u0259, H. \u018fliyevin liderlik x\u00fcsusiyy\u0259tl\u0259ri onda idi ki, o bu ideyan\u0131 \u0259m\u0259li f\u0259aliyy\u0259t\u0259 \u00e7evirdi. Y\u0259ni, h\u0259r hans\u0131 \u015f\u00fcar\u0131n birinci kimin s\u0259sl\u0259ndirm\u0259si onun m\u00fc\u0259llifi olmaq \u00fc\u00e7\u00fcn \u0259sas deyil, \u00f6n\u0259mli olan h\u0259min \u015f\u00fcar\u0131 kimin praktikada t\u0259tbiq ed\u0259 bildiyi v\u0259 h\u0259min \u015f\u00fcar\u0131 strateji h\u0259d\u0259f kimi kimin formala\u015fd\u0131rd\u0131\u011f\u0131d\u0131r.\n<\/p>\n<p>\n  Regionun bir n\u00fcmay\u0259nd\u0259si kimi qeyd ed\u0259 bil\u0259r\u0259m ki, Nax\u00e7\u0131van\u0131n Az\u0259rbaycan \u0259razisi kimi \u00f6z m\u00f6vcudlu\u011funu saxlamas\u0131,T\u00fcrkiy\u0259 il\u0259 \u0259m\u0259kda\u015fl\u0131\u011f\u0131n strateji mahiyy\u0259t almas\u0131 v\u0259 s. bu ideyan\u0131n iki d\u00f6vl\u0259tin \u0259m\u0259kda\u015fl\u0131\u011f\u0131na verdiyi m\u00fch\u00fcm t\u00f6hv\u0259l\u0259rdir.. Bu m\u0259nada \u201cbir mill\u0259t iki d\u00f6vl\u0259t\u201d ideyas\u0131n\u0131n m\u00fc\u0259llifi m\u0259hz H. \u018fliyevdir. Sad\u0259c\u0259, bu ideyaya 2015-ci ild\u0259n geriy\u0259 baxmaqla sad\u0259 bir b\u0259nz\u0259tm\u0259 kimi mahiyy\u0259t verm\u0259k olar b\u0259lk\u0259, ancaq o zamank\u0131 m\u00f6vcud situasiyaya bax\u0131m\u0131ndan s\u00f6z\u00fcn \u0259sl m\u0259nas\u0131nda h\u0259yati \u0259h\u0259miyy\u0259tli diplomatik u\u011fur idi.\n<\/p>\n<p>\n  Bilirsiniz, tarix faktlarla t\u0259hlil olunur, subyektiv fikirl\u0259rl\u0259, pafoslu s\u00f6zl\u0259rl\u0259 deyil. Tarixin m\u0259qs\u0259di, m\u0259ram\u0131 d\u00fc\u015fm\u0259n qazanmaq \u00fc\u00e7\u00fcn d\u0259 deyil, tarix n\u0259tic\u0259 \u00e7\u0131xarmaq \u00fc\u00e7\u00fcn laz\u0131md\u0131r. S\u00f6z\u00fc \u00e7ox uzatmadan, birba\u015fa m\u00fc\u0259llifin fikirl\u0259rin\u0259 m\u00fcnasib\u0259t bildirm\u0259k ist\u0259yir\u0259m.\n<\/p>\n<p>\n  1) \u201cXVI y\u00fczillikd\u0259 Az\u0259rbaycan xalq\u0131n\u0131n irad\u0259sini t\u0259msil ed\u0259n S\u0259f\u0259vil\u0259r d\u00f6vl\u0259tini Osmanl\u0131 d\u00f6vl\u0259ti Avropadan ald\u0131qlar\u0131 toplar\u0131n g\u00fcc\u00fcyl\u0259 da\u011f\u0131d\u0131b, T\u0259briz\u0259 girdi, insanlar\u0131m\u0131z\u0131 q\u0131r\u0131b-\u00e7atd\u0131, \u00f6z\u00fcm\u00fcz\u00fc t\u0259hqir, torpaqlar\u0131m\u0131z\u0131 da ilhaq etdi. Bel\u0259likl\u0259, bizd\u0259n torpaq qamarlayan qon\u015fular\u0131m\u0131z \u2013 t\u0259kc\u0259 erm\u0259nil\u0259r, g\u00fcrc\u00fcl\u0259r, ruslar, farslar (h\u0259tta \u0259r\u0259bl\u0259r) deyildir, h\u0259m d\u0259 qarda\u015flar\u0131m\u0131z sayd\u0131\u011f\u0131m\u0131z t\u00fcrkiy\u0259lil\u0259rdir\u201d.\n<\/p>\n<p>\n  Tarixi prosesl\u0259r\u0259 qiym\u0259t ver\u0259r\u0259k\u0259n faktlara b\u00fct\u00f6v \u015f\u0259kild\u0259 baxmaq v\u0259 prosesl\u0259rin ba\u015f verdiyi d\u00f6vrd\u0259 m\u00f6vcud sitasiyan\u0131 da n\u0259z\u0259r\u0259 almaq laz\u0131md\u0131r. Bel\u0259 ki, s\u00f6z\u00fcged\u0259n d\u00f6vrl\u0259rd\u0259 Osmanl\u0131 d\u00f6vl\u0259ti Avropan\u0131 l\u0259rz\u0259y\u0259 salmaqda idi. Q\u00fcdr\u0259tli ikinci t\u00fcrk-m\u00fcs\u0259lman d\u00f6vl\u0259tinin yaranmas\u0131 Avropan\u0131 bundan istifad\u0259 \u00fc\u00e7\u00fcn h\u0259r\u0259k\u0259t\u0259 ke\u00e7irdi. H\u0259tta, Roma papas\u0131 Avropa d\u00f6vl\u0259t ba\u015f\u00e7\u0131lar\u0131na m\u0259ktub yazaraq S\u0259f\u0259vi d\u00f6vl\u0259tini \u201cAllah\u0131n xristian d\u00f6vl\u0259ti \u00fc\u00e7\u00fcn yaratd\u0131\u011f\u0131 bir f\u00fcrs\u0259t\u201d kimi qiym\u0259tl\u0259ndirirdi. 1510-cu ild\u0259 S\u0259f\u0259vi diplomat\u0131 \u018fli b\u0259y \u0130taliyaya getdi, Portuqaliyadan silah v\u0259 top m\u00fct\u0259x\u0259ssisl\u0259ri g\u0259tirm\u0259y\u0259, eyni zamanda Roma papas\u0131 il\u0259 \u0259laq\u0259l\u0259r yaratma\u011fa \u00e7al\u0131\u015f\u0131ld\u0131.\n<\/p>\n<p>\n  Osmanl\u0131ya qar\u015f\u0131 m\u0259qs\u0259dl\u0259ri realla\u015fd\u0131rmaq \u00fc\u00e7\u00fcn Portuqaliya donanmas\u0131n\u0131n \u0130ran k\u00f6rf\u0259zind\u0259 m\u00f6hk\u0259ml\u0259ndirdi, daha sonra Portuqaliya S\u0259f\u0259vil\u0259rin Hind okean\u0131na \u00e7\u0131xmas\u0131na imkan verm\u0259di (onu da qeyd edim ki, Sah \u0130smay\u0131l\u0131n bu s\u0259hvini d\u00fcz\u0259ltm\u0259k \u00fc\u00e7\u00fc onun s\u0259l\u0259fl\u0259rin\u0259 1 \u0259srd\u0259n \u00e7ox vaxt laz\u0131m oldu). Eyni zamanda, I Sultan S\u0259lim S\u0259f\u0259vil\u0259r\u0259 qar\u015f\u0131 m\u00f6hk\u0259ml\u0259nm\u0259k \u00fc\u00e7\u00fcn B\u00f6y\u00fck Moskva Knyazl\u0131\u011f\u0131, Macar\u0131stan, Modaviya v\u0259 s. kimi \u00f6lk\u0259l\u0259rl\u0259 s\u00fclh m\u00fcqavil\u0259l\u0259ri ba\u011flad\u0131. Avropan\u0131n hiyl\u0259si v\u0259 fitn\u0259si il\u0259 bu c\u00fcr formala\u015fm\u0131\u015f S\u0259f\u0259vi-Osmanl\u0131 m\u00fcnasib\u0259tl\u0259ri el\u0259 k\u0259nar q\u00fcvv\u0259l\u0259rin s\u0259yi il\u0259 d\u0259 bu c\u00fcr davam etdi.\n<\/p>\n<p>\n  Az\u0259rbaycan v\u0259 T\u00fcrkiy\u0259nin m\u00fcasir tarix\u00e7il\u0259ri d\u0259 yekdillikl\u0259 S\u0259v\u0259fi-Osmanl\u0131 m\u00fcharib\u0259l\u0259rind\u0259 uduzan t\u0259r\u0259fin m\u00fcs\u0259lman-t\u00fcrk d\u00fcnyas\u0131 oldu\u011funu qeyd etm\u0259kd\u0259dirl\u0259r. Y\u0259ni bu m\u00fcnaqi\u015f\u0259l\u0259rd\u0259 h\u0259r iki t\u0259r\u0259fin kifay\u0259t q\u0259d\u0259r x\u0259talar\u0131 olmu\u015fdur. Ancaq, \u0259sas m\u0259s\u0259l\u0259 odur ki, art\u0131q bu g\u00fcn\u00fcn perspektivind\u0259n orta \u0259srl\u0259r d\u00f6vr\u00fcnd\u0259 ba\u015f vermi\u015f m\u00fcharib\u0259l\u0259r\u0259 bir x\u0259yan\u0259t g\u00f6st\u0259ricisi kimi baxmaq, \u0259slind\u0259 \u00f6z arqumentl\u0259rini s\u00fcbut etm\u0259k \u00fc\u00e7\u00fcn g\u00fcl\u00fc\u015f do\u011furan bir tarixi saxtala\u015fd\u0131rmaq c\u0259hdidir. M\u0259s\u0259l\u0259n, tarixd\u0259 \u0259n qanl\u0131 m\u00fcharib\u0259l\u0259r Avropada olmu\u015f, \u0259n uzun m\u00fcharib\u0259 \u0130ngilt\u0259r\u0259 v\u0259 Fransa aras\u0131nda 115 il davam etmi\u015fdir, bu bax\u0131mdan m\u00fc\u0259llifin yana\u015fmas\u0131 il\u0259 baxsaq, bu g\u00fcn he\u00e7 Avropa \u0130ttifaq\u0131 adl\u0131 bir qurum da m\u00f6vcud olmamal\u0131 idi.\n<\/p>\n<p>\n  2) \u201cOsmanl\u0131n\u0131n xain h\u00fccumundan 400 il sonra, \u00f6t\u0259n y\u00fczilliyin ba\u015flar\u0131nda azac\u0131q dir\u00e7\u0259lib, m\u00fcst\u0259qil d\u00f6vl\u0259t quruculu\u011funa ba\u015flad\u0131q. Ancaq h\u0259min bu t\u00fcrkiy\u0259li qarda\u015flar\u0131m\u0131z ruslarla gizlinc\u0259 dilbirlik edib, ba\u015faldatd\u0131 oyunu il\u0259 Q\u0131z\u0131l Ordunu Bak\u0131ya soxdular\u2026\u2026O ill\u0259rd\u0259 bol\u015fevikl\u0259rd\u0259n qa\u00e7\u0131b T\u00fcrkiy\u0259y\u0259 s\u0131\u011f\u0131nmaq ist\u0259y\u0259n az\u0259rbaycanl\u0131lar\u0131 el\u0259 s\u0259rh\u0259dd\u0259c\u0259 g\u00fcll\u0259l\u0259yirdil\u0259r, yen\u0259 Atat\u00fcrk\u00fcn buyru\u011fu il\u0259.\u201d\n<\/p>\n<p>\n  Bu iddia is\u0259 tarixi faktlarla \u00f6z isbat\u0131n\u0131 tapmayan, ba\u015fdan-ba\u015fa yanl\u0131\u015f bir fikirdir. Bu d\u00f6vrl\u0259rd\u0259 Atat\u00fcrk he\u00e7 vaxt Q\u0131z\u0131l Ordunun Anadoluya g\u0259lm\u0259sini ist\u0259mirdi. Bunu iddia ed\u0259n, n\u0259y\u0259 \u0259sas\u0259n iddia edir? Yoxsa, M.\u018f.R\u0259sulzad\u0259 o zamank\u0131 geosiyasi v\u0259ziyy\u0259ti qiym\u0259tl\u0259ndir\u0259 bilmirdi ki, bel\u0259 bir t\u0259klif\u0259 raz\u0131l\u0131q verib v\u0259 ya R\u0259sulzad\u0259 Q\u0131z\u0131l Ordunun m\u0259qs\u0259dini tam ba\u015fa d\u00fc\u015f\u0259 bilmirdi? Hans\u0131 ki, bunun \u00fc\u00e7\u00fcn M.\u018f.R\u0259sulzad\u0259nin parlamentd\u0259ki son \u00e7\u0131x\u0131\u015f\u0131nda q\u0131sa bir hiss\u0259y\u0259 n\u0259z\u0259r salmaq kifay\u0259tdir : \u201c\u2026.Rusiyadan g\u0259l\u0259n bu m\u00f6t\u0259caviz ordu t\u0259xmin edirl\u0259r ki, h\u0259yat v\u0259 m\u0259mat m\u00fccadil\u0259sind\u0259 qalan T\u00fcrkiy\u0259nin xilas\u0131 \u00fc\u00e7\u00fcn gedir. Yaland\u0131r. G\u0259l\u0259n ordu rus ordusudur\u2026\u201d. T\u00fcrkiy\u0259y\u0259 s\u0131\u011f\u0131nmaq ist\u0259y\u0259n az\u0259rbaycanl\u0131lar\u0131 el\u0259 s\u0259rh\u0259dd\u0259c\u0259 g\u00fcll\u0259l\u0259nm\u0259si il\u0259 ba\u011fl\u0131 Atat\u00fcrk\u00fcn h\u0259r hans\u0131 tap\u015f\u0131r\u0131\u011f\u0131 olmam\u0131\u015fd\u0131r. M\u0259nc\u0259, m\u00fc\u0259llif burada m\u00fc\u0259yy\u0259n tarixi prosesl\u0259ri qar\u0131\u015fd\u0131rm\u0131\u015fd\u0131r.\n<\/p>\n<p>\n  3) \u201cDa\u015fnaklar 1918-ci ild\u0259 Az\u0259rbaycanda t\u00f6r\u0259tdikl\u0259ri q\u0131r\u011f\u0131nlar\u0131 1915-ci ild\u0259 Osmanl\u0131da ba\u015f vermi\u015f erm\u0259ni q\u0131r\u011f\u0131nlar\u0131n\u0131n qisas\u0131 kimi h\u0259yata ke\u00e7irdirdil\u0259r. Ba\u015fqa s\u00f6zl\u0259, 1918-ci ild\u0259 Az\u0259rbaycanda \u00f6ld\u00fcr\u00fcl\u0259n on minl\u0259rl\u0259 az\u0259rbaycanl\u0131 Osmanl\u0131 siyas\u0259tinin qurbanlar\u0131 idil\u0259r\u2026.\u201d\n<\/p>\n<p>\n  Osmanl\u0131 imperiyas\u0131n\u0131n t\u0259rkibind\u0259ki erm\u0259nil\u0259r xarici q\u00fcvv\u0259l\u0259rin t\u0259siri il\u0259 m\u0259rk\u0259zi hakimiyy\u0259t\u0259 qar\u015f\u0131 qald\u0131rd\u0131qlar\u0131 \u00fcsyan\u0131n yat\u0131r\u0131lmas\u0131 il\u0259 1918-ci il mart soyq\u0131r\u0131m\u0131n\u0131 eynil\u0259\u015fdirm\u0259k, tarixi subyektivl\u0259\u015fdirm\u0259k ist\u0259yind\u0259n qaynaqlanmaqdad\u0131r. Bel\u0259 ki, 1918-ci il mart soyq\u0131r\u0131m\u0131n\u0131n bol\u015fevikl\u0259rin \u0259lalt\u0131s\u0131 da\u015fnaklar\u0131 m\u00f6hk\u0259ml\u0259ndirm\u0259k m\u0259qs\u0259dil\u0259 \u201cM\u00fcsavat\u201d partiyas\u0131n\u0131n xalq aras\u0131nda sosial bazas\u0131n\u0131 z\u0259ifl\u0259tm\u0259k, xalqda \u00f6z\u00fcn\u00fcd\u0259rk prosesini, milli azadl\u0131q h\u0259r\u0259kat\u0131n\u0131 bo\u011fmaq kimi 1915-ci ill\u0259 \u0259laq\u0259li olmayan bir s\u0131ra ciddi siyasi m\u0259qs\u0259dl\u0259ri h\u0259d\u0259fl\u0259mi\u015fdir. Tarixi arxivl\u0259rd\u0259 \u015eaumyan\u0131n Lenin\u0259 m\u0259ktubu, da\u015fnaqlar\u0131n lideri Ka\u00e7aznunini \u00f6z\u00fcn\u00fcn etiraflar\u0131n\u0131 bunlar\u0131 a\u00e7\u0131q s\u00fcbut etm\u0259kd\u0259dir.\n<\/p>\n<p>\n  4) \u201cXocal\u0131 faci\u0259sini uzun ill\u0259r birc\u0259 d\u0259f\u0259 d\u0259 a\u011f\u0131zlar\u0131na al\u0131b, beyn\u0259lxalq arenada s\u0259sl\u0259ndirm\u0259dil\u0259r, ancaq son bir ne\u00e7\u0259 ild\u0259 1915-ci il hadis\u0259l\u0259rin\u0259 g\u00f6r\u0259 d\u00fcnya bunlar\u0131n bo\u011faz\u0131ndan tutub s\u0131xanda, ba\u015flad\u0131lar bizim Xocal\u0131 fakt\u0131ndan \u00f6z probleml\u0259rinin h\u0259lli \u00fc\u00e7\u00fcn sui-istifad\u0259 etm\u0259y\u0259\u2026.\u201d\n<\/p>\n<p>\n  Bu subyektiv, he\u00e7 bir fakta \u0259saslanmayan, q\u0259r\u0259zli bir fikirdir. Xocal\u0131 faci\u0259si Az\u0259rbaycan t\u0259r\u0259fd\u0259n beyn\u0259lxalq al\u0259m\u0259 t\u0259qdim olunma\u011fa ba\u015flayan kimi T\u00fcrkiy\u0259 d\u0259 \u00f6lk\u0259nin birinci \u015f\u0259xsi timsal\u0131nda buna adekvat m\u00fcnasib\u0259t bildirdi, T\u00fcrkiy\u0259d\u0259n ba\u015fqa hans\u0131 \u00f6lk\u0259ni m\u00fc\u0259llif n\u00fcmun\u0259 g\u00f6st\u0259r\u0259 bil\u0259r ki, h\u0259min \u00f6lk\u0259nin birinci \u015f\u0259xsi Xocal\u0131 faci\u0259sin\u0259 bel\u0259 d\u0259qiq m\u00f6vqe bildirsin?!\n<\/p>\n<p>\n  5) \u201cG\u00fcney Az\u0259rbaycan m\u0259s\u0259l\u0259sinin beyn\u0259lxalq arenada qald\u0131r\u0131lmas\u0131n\u0131n h\u0259r c\u00fcr vasit\u0259 il\u0259 qar\u015f\u0131s\u0131n\u0131 alan birinci d\u00f6vl\u0259t \u0130ran yox, T\u00fcrkiy\u0259dir\u2026.\u201d \u2013 Tam \u0259minlikl\u0259 s\u00f6yl\u0259y\u0259 bil\u0259r\u0259m ki, d\u00fcnyada m\u00fc\u0259llifd\u0259n ba\u015fqa ikinci \u015f\u0259xs olmaz ki, PKK v\u0259 C\u0259nubi Az\u0259rbaycan m\u0259s\u0259l\u0259l\u0259rini eyni mahiyy\u0259tli g\u00f6rs\u00fcn. C\u0259nubi Az\u0259rbaycan m\u0259s\u0259l\u0259si T\u00fcrkiy\u0259d\u0259n \u00e7ox Az\u0259rbaycanla ba\u011fl\u0131 m\u0259s\u0259l\u0259dir, diplomatiyan\u0131n qanunlar\u0131na g\u00f6r\u0259 m\u00fctt\u0259fiqlik Az\u0259rbaycanla ba\u011fl\u0131 m\u0259s\u0259l\u0259l\u0259rd\u0259 Az\u0259rbaycan\u0131n m\u00f6vqeyini d\u0259st\u0259kl\u0259m\u0259k v\u0259 buna uy\u011fun diplomatik gedi\u015fl\u0259r getm\u0259kdir. H\u0259r k\u0259s d\u0259 bunu t\u0259sdiq ed\u0259r ki, Az\u0259rbaycanla ba\u011fl\u0131 m\u0259s\u0259l\u0259y\u0259 Az\u0259rbaycan\u0131n m\u00f6vqeyini g\u00f6zard\u0131 ed\u0259r\u0259k siyas\u0259t aparmaq diplomatiyada m\u00fctt\u0259fiqlik hesab olunmur.\n<\/p>\n<p>\n  6) \u018f.El\u00e7ib\u0259y iqtidar\u0131 zaman\u0131 Az\u0259rbaycan d\u00f6vl\u0259ti S.D\u0259mir\u0259l iqtidar\u0131ndan ist\u0259nilmi\u015f vertolyotun veril\u0259 bilm\u0259m\u0259sinin diplomatik s\u0259b\u0259bl\u0259rini, T\u00fcrkiy\u0259daxili v\u0259 xarici situasiyan\u0131 n\u0259z\u0259r\u0259 alaraq d\u0259qiq ara\u015fd\u0131rmaq olar. Ancaq, Avropada bir \u0259sr\u0259 yax\u0131n davam ed\u0259n m\u00fcharib\u0259l\u0259rd\u0259n dan\u0131\u015fd\u0131\u011f\u0131m\u0131z halda, indi bir vertolyot verilm\u0259m\u0259sini x\u0259yan\u0259t kimi yozma\u011f\u0131n hans\u0131 d\u00fc\u015f\u00fcnc\u0259 t\u0259rzin\u0259 s\u0131\u011fd\u0131\u011f\u0131n\u0131 anlamaq \u00e7\u0259tindir.\n<\/p>\n<p>\n  <br \/>\n  Dig\u0259r fikirl\u0259r is\u0259 subyektiv, q\u0259r\u0259zli, he\u00e7 bir fakta \u0259saslanmayan, \u00fcmumixarakterli fikirl\u0259rdir. M\u0259s\u0259l\u0259n, deyir: \u201cAncaq bunun ba\u015fqa bir s\u0259b\u0259bi d\u0259 var. S\u0259b\u0259b \u2013 az\u0259rbaycanl\u0131lar\u0131n q\u0259rb\u00e7iliyidir. Az\u0259rbaycan \u00fcz\u00fcn\u00fc Q\u0259rb\u0259, Avropaya tutdu\u011fu \u00fc\u00e7\u00fcn T\u00fcrkiy\u0259y\u0259 ox\u015fama\u011fa, t\u00fcrkiy\u0259c\u0259 dan\u0131\u015fma\u011f\u0131 yams\u0131lama\u011fa \u00e7al\u0131\u015f\u0131r.\u201d Guya T\u00fckiy\u0259 il\u0259 qarda\u015fl\u0131\u011f\u0131n \u0259sas s\u0259b\u0259bi Avropaya ox\u015famaq kimi tam izah olunmayan bir fikir s\u00f6yl\u0259yir. Tarix subyektiv yana\u015fmalarla yox, yaln\u0131z faktlar t\u0259hlil edilm\u0259li oldu\u011fu fikrini \u0259sas alaraq birc\u0259 tarixi fakt g\u00f6st\u0259rim: 1722-ci ild\u0259 z\u0259ifl\u0259mi\u015f S\u0259f\u0259vi d\u00f6vl\u0259tin\u0259 Rusiyan\u0131n h\u00fccuma haz\u0131rla\u015fma\u011f\u0131n\u0131 e\u015fid\u0259n \u0130r\u0259van az\u0259rbaycanl\u0131lar\u0131 \u018frzurum pa\u015fas\u0131na yaz\u0131rlar: \u201cNiy\u0259 oturmusunuz? Siz d\u0259 t\u00fcrks\u00fcn\u00fcz, biz d\u0259.Gavurun \u0259lin\u0259 d\u00fc\u015fm\u0259kd\u0259ns\u0259, sizin \u0259liniz\u0259 d\u00fc\u015fm\u0259k yax\u015f\u0131d\u0131r. Vaxt\u0131nda g\u0259lin, \u015f\u0259h\u0259ri z\u0259bt edin v\u0259 rusu \u015f\u0259h\u0259r\u0259 buraxmay\u0131n\u201d. \u00c7oxsayl\u0131 bel\u0259 tarixi faktlar onu g\u00f6st\u0259rirdi ki, Az\u0259rbaycan-T\u00fcrk qarda\u015fl\u0131\u011f\u0131 Avropaya getm\u0259k, Asiyaya getm\u0259k yox, mill\u0259tin qan\u0131nda, fitr\u0259tind\u0259 olan bir faktordur ki, tarixin h\u0259r bir m\u0259rh\u0259l\u0259sind\u0259 m\u00f6vcud olmu\u015fdur. Dig\u0259r t\u0259r\u0259fd\u0259n, Fransaca, \u018fr\u0259bistanca, Amerikaca kimi bir dil olmad\u0131\u011f\u0131 kimi, T\u00fcrkiy\u0259c\u0259 adl\u0131 bir dil d\u0259 yoxdur, bunu ad\u0131 T\u00fcrk dilidir.\n<\/p>\n<p>\n  Az\u0259rbaycan -T\u00fcrkiy\u0259 tarixind\u0259 m\u00fc\u0259yy\u0259n m\u0259qamlar tapmaq olar ki, t\u0259r\u0259fl\u0259rin yaln\u0131\u015fl\u0131qlar\u0131 var, ancaq \u00e7\u0131xan n\u0259tic\u0259 budur ki, qazanan h\u0259r zaman dig\u0259r \u00e7irkin niyy\u0259tli q\u00fcvv\u0259l\u0259r olmu\u015fdur. B\u0259li, art\u0131q Az\u0259rbaycan-T\u00fcrkiy\u0259 tarixd\u0259n g\u00f6z\u0259l n\u0259tic\u0259 \u00e7\u0131xaraq strateji m\u00fctt\u0259fiqdirl\u0259r. Son zamanlar h\u0259yata ke\u00e7iril\u0259n enerli layih\u0259l\u0259ri strateji m\u00fctt\u0259fiqliyi iqtisadi \u0259saslara da s\u00f6yk\u0259mi\u015fdir.\n<\/p>\n<p>\n  Dig\u0259r t\u0259r\u0259fd\u0259n, tarixi nifr\u0259t hissi v\u0259 q\u0259r\u0259zli yana\u015fmalara t\u0259hlil etm\u0259k m\u00fcmk\u00fcn deyil, tarix h\u0259rt\u0259r\u0259fli tarixi faktlar\u0131 \u0259sas alaraq ayd\u0131nla\u015fd\u0131r\u0131la v\u0259 m\u00fc\u0259yy\u0259n n\u0259tic\u0259l\u0259r \u0259ld\u0259 edil\u0259 bil\u0259r. H\u0259m\u00e7inin, tarix\u0259 jurnalistsaya\u011f\u0131 yana\u015faraq \u00f6z arqumentl\u0259rini isbat etm\u0259k \u00fc\u00e7\u00fcn vasit\u0259 kimi g\u00f6rm\u0259k d\u0259 (h\u0259r n\u0259 q\u0259d\u0259r b\u0259zil\u0259ri s\u00f6z azadl\u0131\u011f\u0131 dey\u0259r\u0259k buna b\u0259ra\u0259t qazand\u0131rma\u011fa \u00e7al\u0131\u015fsalar da) \u00e7ox yaln\u0131\u015f add\u0131md\u0131r.\n<\/p>\n<p>\n  N\u0259tic\u0259d\u0259, Az\u0259rbaycan &#8211; T\u00fcrkiy\u0259 tarixi ki\u00e7ik yaln\u0131\u015fl\u0131qlarla birlikd\u0259 d\u00fcnyada \u0259n aln\u0131a\u00e7\u0131q tarixdir.<br \/>\n  <br \/>\n  M\u0259qal\u0259 uzunm\u00fcdd\u0259tli tarixi d\u00f6vr\u00fc \u0259hat\u0259 etdiyi \u00fc\u00e7\u00fcn q\u0131sa yaz\u0131lma\u011fa \u00e7al\u0131\u015f\u0131ld\u0131 v\u0259 \u0259g\u0259r laz\u0131m g\u0259l\u0259rs\u0259 h\u0259r bir hadis\u0259 ki\u00e7ik ayr\u0131nt\u0131lar\u0131 il\u0259 ayd\u0131nla\u015fd\u0131r\u0131la bil\u0259r.\n<\/p>\n<p>\n  <b><br \/>\n    Yaz\u0131 m\u00fc\u0259llifin \u015f\u0259xsi m\u00f6vqeyini \u0259ks etdirir&#8230;<br \/>\n  <\/b>\n<\/p><\/p>\n","protected":false},"excerpt":{"rendered":"<p>T\u00fcrkiy\u0259nin aln\u0131 a\u00e7\u0131qd\u0131r&#8230;<\/p>\n","protected":false},"author":11,"featured_media":35402,"comment_status":"closed","ping_status":"open","sticky":false,"template":"","format":"standard","meta":{"_acf_changed":false,"_sitemap_exclude":false,"_sitemap_priority":"","_sitemap_frequency":"","footnotes":""},"categories":[57],"tags":[],"class_list":["post-170415","post","type-post","status-publish","format-standard","has-post-thumbnail","hentry","category-menim-fikrimce","infinite-scroll-item","generate-columns","tablet-grid-50","mobile-grid-100","grid-parent","grid-33","no-featured-image-padding"],"acf":[],"yoast_head":"<!-- This site is optimized with the Yoast SEO plugin v27.5 - https:\/\/yoast.com\/product\/yoast-seo-wordpress\/ -->\n<title>A\u011falar Quta cavab - MEYDAN.TV<\/title>\n<meta name=\"robots\" content=\"index, follow, max-snippet:-1, max-image-preview:large, max-video-preview:-1\" \/>\n<link rel=\"canonical\" href=\"https:\/\/www.meydan.tv\/az\/article\/agalar-quta-cavab-2\/\" \/>\n<meta property=\"og:locale\" content=\"az_AZ\" \/>\n<meta property=\"og:type\" content=\"article\" \/>\n<meta property=\"og:title\" content=\"A\u011falar Quta cavab - MEYDAN.TV\" \/>\n<meta property=\"og:description\" content=\"T\u00fcrkiy\u0259nin aln\u0131 a\u00e7\u0131qd\u0131r...\" \/>\n<meta property=\"og:url\" content=\"https:\/\/www.meydan.tv\/az\/article\/agalar-quta-cavab-2\/\" \/>\n<meta property=\"og:site_name\" content=\"MEYDAN.TV\" \/>\n<meta property=\"article:published_time\" content=\"2015-10-14T00:22:22+00:00\" \/>\n<meta property=\"og:image\" content=\"https:\/\/www.meydan.tv\/wp-content\/uploads\/13245.jpg\" \/>\n\t<meta property=\"og:image:width\" content=\"500\" \/>\n\t<meta property=\"og:image:height\" content=\"500\" \/>\n\t<meta property=\"og:image:type\" content=\"image\/jpeg\" \/>\n<meta name=\"author\" content=\"user-manager\" \/>\n<meta name=\"twitter:card\" content=\"summary_large_image\" \/>\n<script type=\"application\/ld+json\" class=\"yoast-schema-graph\">{\"@context\":\"https:\\\/\\\/schema.org\",\"@graph\":[{\"@type\":\"Article\",\"@id\":\"https:\\\/\\\/www.meydan.tv\\\/az\\\/article\\\/agalar-quta-cavab-2\\\/#article\",\"isPartOf\":{\"@id\":\"https:\\\/\\\/www.meydan.tv\\\/az\\\/article\\\/agalar-quta-cavab-2\\\/\"},\"author\":{\"name\":\"user-manager\",\"@id\":\"https:\\\/\\\/www.meydan.tv\\\/az\\\/#\\\/schema\\\/person\\\/10d11eccf6da3662cf5fdab9806ea91a\"},\"headline\":\"A\u011falar Quta cavab\",\"datePublished\":\"2015-10-14T00:22:22+00:00\",\"mainEntityOfPage\":{\"@id\":\"https:\\\/\\\/www.meydan.tv\\\/az\\\/article\\\/agalar-quta-cavab-2\\\/\"},\"wordCount\":2407,\"publisher\":{\"@id\":\"https:\\\/\\\/www.meydan.tv\\\/az\\\/#organization\"},\"image\":{\"@id\":\"https:\\\/\\\/www.meydan.tv\\\/az\\\/article\\\/agalar-quta-cavab-2\\\/#primaryimage\"},\"thumbnailUrl\":\"https:\\\/\\\/www.meydan.tv\\\/wp-content\\\/uploads\\\/13245.jpg\",\"articleSection\":[\"M\u0259nim Fikrimc\u0259\"],\"inLanguage\":\"az\"},{\"@type\":\"WebPage\",\"@id\":\"https:\\\/\\\/www.meydan.tv\\\/az\\\/article\\\/agalar-quta-cavab-2\\\/\",\"url\":\"https:\\\/\\\/www.meydan.tv\\\/az\\\/article\\\/agalar-quta-cavab-2\\\/\",\"name\":\"A\u011falar Quta cavab - MEYDAN.TV\",\"isPartOf\":{\"@id\":\"https:\\\/\\\/www.meydan.tv\\\/az\\\/#website\"},\"primaryImageOfPage\":{\"@id\":\"https:\\\/\\\/www.meydan.tv\\\/az\\\/article\\\/agalar-quta-cavab-2\\\/#primaryimage\"},\"image\":{\"@id\":\"https:\\\/\\\/www.meydan.tv\\\/az\\\/article\\\/agalar-quta-cavab-2\\\/#primaryimage\"},\"thumbnailUrl\":\"https:\\\/\\\/www.meydan.tv\\\/wp-content\\\/uploads\\\/13245.jpg\",\"datePublished\":\"2015-10-14T00:22:22+00:00\",\"breadcrumb\":{\"@id\":\"https:\\\/\\\/www.meydan.tv\\\/az\\\/article\\\/agalar-quta-cavab-2\\\/#breadcrumb\"},\"inLanguage\":\"az\",\"potentialAction\":[{\"@type\":\"ReadAction\",\"target\":[\"https:\\\/\\\/www.meydan.tv\\\/az\\\/article\\\/agalar-quta-cavab-2\\\/\"]}]},{\"@type\":\"ImageObject\",\"inLanguage\":\"az\",\"@id\":\"https:\\\/\\\/www.meydan.tv\\\/az\\\/article\\\/agalar-quta-cavab-2\\\/#primaryimage\",\"url\":\"https:\\\/\\\/www.meydan.tv\\\/wp-content\\\/uploads\\\/13245.jpg\",\"contentUrl\":\"https:\\\/\\\/www.meydan.tv\\\/wp-content\\\/uploads\\\/13245.jpg\",\"width\":500,\"height\":500,\"caption\":\"Source:\"},{\"@type\":\"BreadcrumbList\",\"@id\":\"https:\\\/\\\/www.meydan.tv\\\/az\\\/article\\\/agalar-quta-cavab-2\\\/#breadcrumb\",\"itemListElement\":[{\"@type\":\"ListItem\",\"position\":1,\"name\":\"Ana s\u0259hif\u0259\",\"item\":\"https:\\\/\\\/www.meydan.tv\\\/az\\\/\"},{\"@type\":\"ListItem\",\"position\":2,\"name\":\"M\u0259nim Fikrimc\u0259\",\"item\":\"https:\\\/\\\/www.meydan.tv\\\/az\\\/section\\\/menim-fikrimce\\\/\"},{\"@type\":\"ListItem\",\"position\":3,\"name\":\"A\u011falar Quta cavab\"}]},{\"@type\":\"WebSite\",\"@id\":\"https:\\\/\\\/www.meydan.tv\\\/az\\\/#website\",\"url\":\"https:\\\/\\\/www.meydan.tv\\\/az\\\/\",\"name\":\"MEYDAN.TV\",\"description\":\"Meydan TV Az\u0259rbaycan\u0131n media m\u0259kan\u0131ndak\u0131 alternativ s\u0259sidir\",\"publisher\":{\"@id\":\"https:\\\/\\\/www.meydan.tv\\\/az\\\/#organization\"},\"potentialAction\":[{\"@type\":\"SearchAction\",\"target\":{\"@type\":\"EntryPoint\",\"urlTemplate\":\"https:\\\/\\\/www.meydan.tv\\\/az\\\/?s={search_term_string}\"},\"query-input\":{\"@type\":\"PropertyValueSpecification\",\"valueRequired\":true,\"valueName\":\"search_term_string\"}}],\"inLanguage\":\"az\"},{\"@type\":\"Organization\",\"@id\":\"https:\\\/\\\/www.meydan.tv\\\/az\\\/#organization\",\"name\":\"Meydan TV\",\"url\":\"https:\\\/\\\/www.meydan.tv\\\/az\\\/\",\"logo\":{\"@type\":\"ImageObject\",\"inLanguage\":\"az\",\"@id\":\"https:\\\/\\\/www.meydan.tv\\\/az\\\/#\\\/schema\\\/logo\\\/image\\\/\",\"url\":\"https:\\\/\\\/www.meydan.tv\\\/wp-content\\\/uploads\\\/2021\\\/07\\\/meydan-logo.svg\",\"contentUrl\":\"https:\\\/\\\/www.meydan.tv\\\/wp-content\\\/uploads\\\/2021\\\/07\\\/meydan-logo.svg\",\"width\":195,\"height\":46,\"caption\":\"Meydan TV\"},\"image\":{\"@id\":\"https:\\\/\\\/www.meydan.tv\\\/az\\\/#\\\/schema\\\/logo\\\/image\\\/\"}},{\"@type\":\"Person\",\"@id\":\"https:\\\/\\\/www.meydan.tv\\\/az\\\/#\\\/schema\\\/person\\\/10d11eccf6da3662cf5fdab9806ea91a\",\"name\":\"user-manager\"}]}<\/script>\n<!-- \/ Yoast SEO plugin. -->","yoast_head_json":{"title":"A\u011falar Quta cavab - MEYDAN.TV","robots":{"index":"index","follow":"follow","max-snippet":"max-snippet:-1","max-image-preview":"max-image-preview:large","max-video-preview":"max-video-preview:-1"},"canonical":"https:\/\/www.meydan.tv\/az\/article\/agalar-quta-cavab-2\/","og_locale":"az_AZ","og_type":"article","og_title":"A\u011falar Quta cavab - MEYDAN.TV","og_description":"T\u00fcrkiy\u0259nin aln\u0131 a\u00e7\u0131qd\u0131r...","og_url":"https:\/\/www.meydan.tv\/az\/article\/agalar-quta-cavab-2\/","og_site_name":"MEYDAN.TV","article_published_time":"2015-10-14T00:22:22+00:00","og_image":[{"width":500,"height":500,"url":"https:\/\/www.meydan.tv\/wp-content\/uploads\/13245.jpg","type":"image\/jpeg"}],"author":"user-manager","twitter_card":"summary_large_image","schema":{"@context":"https:\/\/schema.org","@graph":[{"@type":"Article","@id":"https:\/\/www.meydan.tv\/az\/article\/agalar-quta-cavab-2\/#article","isPartOf":{"@id":"https:\/\/www.meydan.tv\/az\/article\/agalar-quta-cavab-2\/"},"author":{"name":"user-manager","@id":"https:\/\/www.meydan.tv\/az\/#\/schema\/person\/10d11eccf6da3662cf5fdab9806ea91a"},"headline":"A\u011falar Quta cavab","datePublished":"2015-10-14T00:22:22+00:00","mainEntityOfPage":{"@id":"https:\/\/www.meydan.tv\/az\/article\/agalar-quta-cavab-2\/"},"wordCount":2407,"publisher":{"@id":"https:\/\/www.meydan.tv\/az\/#organization"},"image":{"@id":"https:\/\/www.meydan.tv\/az\/article\/agalar-quta-cavab-2\/#primaryimage"},"thumbnailUrl":"https:\/\/www.meydan.tv\/wp-content\/uploads\/13245.jpg","articleSection":["M\u0259nim Fikrimc\u0259"],"inLanguage":"az"},{"@type":"WebPage","@id":"https:\/\/www.meydan.tv\/az\/article\/agalar-quta-cavab-2\/","url":"https:\/\/www.meydan.tv\/az\/article\/agalar-quta-cavab-2\/","name":"A\u011falar Quta cavab - MEYDAN.TV","isPartOf":{"@id":"https:\/\/www.meydan.tv\/az\/#website"},"primaryImageOfPage":{"@id":"https:\/\/www.meydan.tv\/az\/article\/agalar-quta-cavab-2\/#primaryimage"},"image":{"@id":"https:\/\/www.meydan.tv\/az\/article\/agalar-quta-cavab-2\/#primaryimage"},"thumbnailUrl":"https:\/\/www.meydan.tv\/wp-content\/uploads\/13245.jpg","datePublished":"2015-10-14T00:22:22+00:00","breadcrumb":{"@id":"https:\/\/www.meydan.tv\/az\/article\/agalar-quta-cavab-2\/#breadcrumb"},"inLanguage":"az","potentialAction":[{"@type":"ReadAction","target":["https:\/\/www.meydan.tv\/az\/article\/agalar-quta-cavab-2\/"]}]},{"@type":"ImageObject","inLanguage":"az","@id":"https:\/\/www.meydan.tv\/az\/article\/agalar-quta-cavab-2\/#primaryimage","url":"https:\/\/www.meydan.tv\/wp-content\/uploads\/13245.jpg","contentUrl":"https:\/\/www.meydan.tv\/wp-content\/uploads\/13245.jpg","width":500,"height":500,"caption":"Source:"},{"@type":"BreadcrumbList","@id":"https:\/\/www.meydan.tv\/az\/article\/agalar-quta-cavab-2\/#breadcrumb","itemListElement":[{"@type":"ListItem","position":1,"name":"Ana s\u0259hif\u0259","item":"https:\/\/www.meydan.tv\/az\/"},{"@type":"ListItem","position":2,"name":"M\u0259nim Fikrimc\u0259","item":"https:\/\/www.meydan.tv\/az\/section\/menim-fikrimce\/"},{"@type":"ListItem","position":3,"name":"A\u011falar Quta cavab"}]},{"@type":"WebSite","@id":"https:\/\/www.meydan.tv\/az\/#website","url":"https:\/\/www.meydan.tv\/az\/","name":"MEYDAN.TV","description":"Meydan TV Az\u0259rbaycan\u0131n media m\u0259kan\u0131ndak\u0131 alternativ s\u0259sidir","publisher":{"@id":"https:\/\/www.meydan.tv\/az\/#organization"},"potentialAction":[{"@type":"SearchAction","target":{"@type":"EntryPoint","urlTemplate":"https:\/\/www.meydan.tv\/az\/?s={search_term_string}"},"query-input":{"@type":"PropertyValueSpecification","valueRequired":true,"valueName":"search_term_string"}}],"inLanguage":"az"},{"@type":"Organization","@id":"https:\/\/www.meydan.tv\/az\/#organization","name":"Meydan TV","url":"https:\/\/www.meydan.tv\/az\/","logo":{"@type":"ImageObject","inLanguage":"az","@id":"https:\/\/www.meydan.tv\/az\/#\/schema\/logo\/image\/","url":"https:\/\/www.meydan.tv\/wp-content\/uploads\/2021\/07\/meydan-logo.svg","contentUrl":"https:\/\/www.meydan.tv\/wp-content\/uploads\/2021\/07\/meydan-logo.svg","width":195,"height":46,"caption":"Meydan TV"},"image":{"@id":"https:\/\/www.meydan.tv\/az\/#\/schema\/logo\/image\/"}},{"@type":"Person","@id":"https:\/\/www.meydan.tv\/az\/#\/schema\/person\/10d11eccf6da3662cf5fdab9806ea91a","name":"user-manager"}]}},"_links":{"self":[{"href":"https:\/\/www.meydan.tv\/az\/wp-json\/wp\/v2\/posts\/170415","targetHints":{"allow":["GET"]}}],"collection":[{"href":"https:\/\/www.meydan.tv\/az\/wp-json\/wp\/v2\/posts"}],"about":[{"href":"https:\/\/www.meydan.tv\/az\/wp-json\/wp\/v2\/types\/post"}],"author":[{"embeddable":true,"href":"https:\/\/www.meydan.tv\/az\/wp-json\/wp\/v2\/users\/11"}],"replies":[{"embeddable":true,"href":"https:\/\/www.meydan.tv\/az\/wp-json\/wp\/v2\/comments?post=170415"}],"version-history":[{"count":0,"href":"https:\/\/www.meydan.tv\/az\/wp-json\/wp\/v2\/posts\/170415\/revisions"}],"wp:featuredmedia":[{"embeddable":true,"href":"https:\/\/www.meydan.tv\/az\/wp-json\/wp\/v2\/media\/35402"}],"wp:attachment":[{"href":"https:\/\/www.meydan.tv\/az\/wp-json\/wp\/v2\/media?parent=170415"}],"wp:term":[{"taxonomy":"category","embeddable":true,"href":"https:\/\/www.meydan.tv\/az\/wp-json\/wp\/v2\/categories?post=170415"},{"taxonomy":"post_tag","embeddable":true,"href":"https:\/\/www.meydan.tv\/az\/wp-json\/wp\/v2\/tags?post=170415"}],"curies":[{"name":"wp","href":"https:\/\/api.w.org\/{rel}","templated":true}]}}