{"id":170382,"date":"2015-10-13T00:29:53","date_gmt":"2015-10-13T00:29:53","guid":{"rendered":"https:\/\/www.meydan.tv\/article\/soz-sehrlidir\/"},"modified":"2015-10-13T00:29:53","modified_gmt":"2015-10-13T00:29:53","slug":"soz-sehrlidir","status":"publish","type":"post","link":"https:\/\/www.meydan.tv\/az\/article\/soz-sehrlidir\/","title":{"rendered":"S\u00f6z sehrlidir!"},"content":{"rendered":"<figure class=\"wp-block-image size-large\">\n  <img decoding=\"async\" src=\"https:\/\/www.meydan.tv\/az\/35222\/\" alt=\"\" class=\"wp-image-35222\"\/><figcaption><\/figcaption><\/figure>\n<figure class=\"wp-block-image size-large\">\n  <img decoding=\"async\" src=\"https:\/\/www.meydan.tv\/az\/35225\/\" alt=\"\" class=\"wp-image-35225\"\/><figcaption><\/figcaption><\/figure>\n<p>\n  <br \/>\n  Tarix boyu \u0259ks\u0259r tiranlar \u00f6z hakimiyy\u0259tini b\u0259rkitm\u0259k \u00fc\u00e7\u00fcn ba\u015f i\u015fl\u0259tm\u0259k \u0259v\u0259zin\u0259, \u00e7ox m\u00fcrt\u0259ce bir \u00fcsula \u0259l at\u0131r, \u00f6lk\u0259d\u0259 bir n\u0259f\u0259r d\u0259 olsa, l\u0259yaq\u0259tli insan\u0131n qalmamas\u0131na \u00e7al\u0131\u015f\u0131rlar. \u00c7oxlar\u0131 bunu \u0259n b\u0259sit yollarla, y\u0259ni m\u0259rd insanlar\u0131 fiziki m\u0259hv, h\u0259bs v\u0259 ya s\u00fcrg\u00fcn etm\u0259kl\u0259 h\u0259yata ke\u00e7irdiyi halda, tarixd\u0259 el\u0259 tiranlar da olub ki, t\u0259b\u0259\u0259l\u0259r \u00fc\u00e7\u00fcn anla\u015f\u0131lmaz hiyl\u0259l\u0259rd\u0259n istifad\u0259 etmi\u015fl\u0259r.\n<\/p>\n<p>\n  M\u0259s\u0259l\u0259n, Lidiyan\u0131 tutduqdan sonra Kir lidiyal\u0131lar\u0131n \u00e7ar\u0131 Krezi \u0259sir g\u00f6t\u00fcr\u00fcb \u00f6z\u00fc il\u0259 apar\u0131r. Bir m\u00fcdd\u0259t sonra ona x\u0259b\u0259r \u00e7atd\u0131r\u0131l\u0131r ki, lidiyal\u0131lar yenid\u0259n ba\u015f qald\u0131r\u0131b. Kir \u00fcsyan\u0131 yat\u0131r\u0131r, amma bu g\u00f6z\u0259l \u015f\u0259h\u0259ri viran qoymaq v\u0259 ya \u015f\u0259h\u0259ri \u0259ld\u0259 saxlamaq \u00fc\u00e7\u00fcn b\u00f6y\u00fck ordu yerl\u0259\u015fdirm\u0259k \u0259v\u0259zin\u0259, ba\u015fqa \u00fcsul fikirl\u0259\u015fir. \u015e\u0259h\u0259rd\u0259 \u00e7oxlu \u0259yl\u0259nc\u0259 yerl\u0259ri, meyxanalar, fahi\u015f\u0259xanalar, tama\u015fa s\u0259hn\u0259l\u0259ri qurdurub, b\u00fct\u00fcn bunlar\u0131 c\u0259mi sakinl\u0259r \u00fc\u00e7\u00fcn a\u00e7\u0131q elan edir. Bu \u00fcsul o q\u0259d\u0259r s\u0259m\u0259r\u0259li oldu ki, ondan sonra Kir bir daha lidiyal\u0131larla vuru\u015fmal\u0131 olmad\u0131. Nadan \u015f\u0259h\u0259r sakinl\u0259ri f\u0259rqin\u0259 \u00e7ox da varmadan \u0259yl\u0259nc\u0259nin \u0259sirin\u0259 \u00e7evrilib, g\u00fcnl\u0259rini yeni-yeni oyunlar yaratmaqla ke\u00e7irirdil\u0259r.\n<\/p>\n<p>\n  \u0130st\u0259r sosial \u015f\u0259b\u0259k\u0259l\u0259rd\u0259, ist\u0259r real h\u0259yatda xalq\u0131m\u0131z\u0131, el\u0259 \u00f6z xalq\u0131m\u0131z\u0131n bir \u00e7ox n\u00fcmay\u0259nd\u0259l\u0259ri \u0259n pis ifad\u0259l\u0259rl\u0259 t\u0259hqir edirl\u0259r. Onlar \u201canaliz n\u0259tic\u0259si\u201d olaraq, qan\u0131m\u0131zda v\u0259 sidiyimizd\u0259 \u201cr\u00fc\u015fv\u0259t al\u0131b-verm\u0259yi\u201d m\u00fc\u0259yy\u0259n edir, bizi he\u00e7 bir f\u00f6vq\u0259l g\u00fcc\u00fcn d\u0259 yax\u015f\u0131 istiqam\u0259t\u0259 d\u0259yi\u015fdir\u0259 bilm\u0259y\u0259c\u0259yini iddia ed\u0259r\u0259k, sosioloji-politoloji proqnozla \u2013\u201cbel\u0259 g\u0259lib, bel\u0259 d\u0259 ged\u0259c\u0259yik\u201d, \u201che\u00e7 vaxt d\u00fcz\u0259l\u0259n deyilik\u201d r\u0259yl\u0259rini bildirirl\u0259r.<br \/>\n  <br \/>\n  Bel\u0259 bir m\u0259\u015fhur deyim var: \u201cM\u0259rdi qova-qova nam\u0259rd el\u0259m\u0259k.. Bax, beli q\u0131r\u0131lm\u0131\u015f t\u0259hsilin oldu\u011fu m\u0259ml\u0259k\u0259td\u0259 a\u015f\u0131r\u0131 dozada olan t\u0259nqid xalq\u0131 h\u0259min \u201cnam\u0259rdliy\u0259\u201d g\u0259tirib \u00e7\u0131xar\u0131r. \u018fg\u0259r xarakterc\u0259 z\u0259if bir insana dayanmadan \u201cs\u0259n pis insansan\u201d des\u0259n, o insan getdikc\u0259 pis adama \u00e7eviril\u0259c\u0259k. S\u00f6z sehrlidir. Onun t\u0259sir g\u00fcc\u00fc fantastik effektl\u0259r verir. S\u00f6zl\u0259 m\u00fcharib\u0259l\u0259r ba\u015flan\u0131r, s\u00f6zl\u0259 m\u00fcharib\u0259l\u0259r yat\u0131r\u0131l\u0131r. Az\u0259rbaycan kimi formala\u015fmam\u0131\u015f c\u0259miyy\u0259tl\u0259rd\u0259 h\u0259tta inki\u015faf namin\u0259 s\u00f6z i\u015fl\u0259dil\u0259nd\u0259, g\u0259r\u0259k, diqq\u0259tli olasan. Bu, \u0259n \u00e7ox geni\u015f auditoriyas\u0131 olan ictimai adamlara aiddir. Onlar ictimai r\u0259yin formala\u015fmas\u0131nda \u0259sas v\u0259 bilavasit\u0259 rol oynay\u0131r.\n<\/p>\n<p>\n  Bir filmd\u0259 g\u00f6rm\u00fc\u015fd\u00fcm, qad\u0131n \u00f6z h\u0259yat yolda\u015f\u0131na tez-tez onu ba\u015fqa qad\u0131nla aldatd\u0131\u011f\u0131n\u0131 v\u0259 onu ataca\u011f\u0131n\u0131 deyir. Ki\u015fi n\u0259 qad\u0131na x\u0259yan\u0259t edir, n\u0259 d\u0259 yolda\u015f\u0131nda \u015f\u00fcbh\u0259 do\u011furacaq h\u0259r\u0259k\u0259tl\u0259r\u0259 yol verir. Sad\u0259c\u0259 qad\u0131n \u00f6z\u00fc q\u0259lbiqara v\u0259 \u00e7ox emosianal olur. Bir m\u00fcdd\u0259t sonra qad\u0131n\u0131n \u201cd\u0131\u011f-d\u0131\u011f\u0131ndan\u201d bez\u0259n ki\u015fi onu t\u0259rk edir v\u0259 ba\u015fqa qad\u0131nla m\u00fcnasib\u0259t yarad\u0131r. Bu da \u201cnam\u0259rdliy\u0259\u201d t\u0259hrik etm\u0259 formalar\u0131ndan biridir.<br \/>\n  <br \/>\n  Bu d\u0259qiq\u0259 insanlara h\u0259r f\u00fcrs\u0259td\u0259 azad d\u00fc\u015f\u00fcnc\u0259nin, b\u00fct\u00f6vl\u00fckd\u0259 azadl\u0131\u011f\u0131n nec\u0259 \u015firin nem\u0259t oldu\u011funu v\u0259 indiki \u00e7\u0259tin durumda onu nec\u0259 qoruyub saxlama\u011f\u0131n yollar\u0131n\u0131 t\u0259qdim etm\u0259k laz\u0131md\u0131r. \u018fg\u0259r s\u0259n daxil\u0259n azad biris\u0259ns\u0259 v\u0259 reall\u0131\u011f\u0131 g\u00f6r\u00fcrs\u0259ns\u0259, b\u0259y\u0259nm\u0259diyin c\u0259miyy\u0259t\u0259 nifrin t\u00f6km\u0259k \u0259v\u0259zin\u0259, \u00fcmumi maraqlara xidm\u0259t ed\u0259c\u0259k n\u00fcmun\u0259vi v\u0259 faydal\u0131 bir \u015feyl\u0259r et. Bunu ed\u0259 bilm\u0259k ixtiyar\u0131nda deyils\u0259ns\u0259, sad\u0259c\u0259 SUS!\n<\/p>\n<p>\n  16-c\u0131 \u0259srd\u0259 ya\u015fay\u0131b-yaratm\u0131\u015f Frans\u0131z yaz\u0131\u00e7\u0131 v\u0259 filosof \u00c9tienne de La Bo\u00e9tie (Etyen de la Boesi) k\u00f6n\u00fcll\u00fc k\u00f6l\u0259lik haqq\u0131nda m\u00fchakim\u0259sind\u0259 bunlar\u0131 yaz\u0131b: \u201cAzadl\u0131\u011f\u0131n t\u0259bii nem\u0259t oldu\u011funu m\u00fczakir\u0259 etm\u0259y\u0259 ehtiyac bel\u0259 yoxdur, \u00e7\u00fcnki k\u00f6l\u0259liy\u0259 d\u00fc\u00e7ar olan kims\u0259 onun do\u011furdu\u011fu iztirablar\u0131 hiss etm\u0259y\u0259 bilm\u0259z; k\u00f6l\u0259 kimi al\u00e7ald\u0131lmaq son d\u0259r\u0259c\u0259 d\u00f6z\u00fclm\u0259zdir. Etiraf olunmal\u0131 ki, azadl\u0131q t\u0259biidir v\u0259 h\u0259r k\u0259s\u0259 anadang\u0259lm\u0259 olaraq n\u0259inki azadl\u0131q haqq\u0131, habel\u0259 onu qorumaq \u00f6hd\u0259liyi verilib. B\u00fct\u00fcn bunlara dair h\u0259r hans\u0131 \u015f\u00fcbh\u0259 varsa, yaxud \u00f6z nem\u0259timizi d\u0259rk etm\u0259y\u0259c\u0259k q\u0259d\u0259r nadan\u0131qsa, bunu he\u00e7 olmazsa, yabani heyvanlardan \u00f6yr\u0259n\u0259 bil\u0259rik. \u018fg\u0259r heyvanlar\u0131n bizim kimi dili olsayd\u0131, \u201cYa\u015fas\u0131n azadl\u0131q!\u201d dey\u0259n hayq\u0131rt\u0131lar\u0131n\u0131 e\u015fid\u0259rdik.\n<\/p>\n<p>\n  Onlar\u0131n bir \u00e7oxu m\u0259hz azadl\u0131qdan m\u0259hrum oldu\u011fu \u00fc\u00e7\u00fcn t\u0259l\u0259f olur. \u0130st\u0259r b\u00f6y\u00fck, ist\u0259r balaca bir heyvan\u0131 ovlayanda, onlar b\u00fct\u00fcn g\u00fccl\u0259ri il\u0259, di\u015fl\u0259, caynaqla, buynuzla m\u00fcqavim\u0259t g\u00f6st\u0259rir, bununla \u0259yan edirl\u0259r ki, \u00e7ox qiym\u0259tli bir \u015feyi itirirl\u0259r, itirm\u0259k ist\u0259mirl\u0259r. \u018fsirliy\u0259 d\u00fc\u015f\u00fcnc\u0259 onlar\u0131n davran\u0131\u015f\u0131ndan \u00f6zl\u0259rini n\u0259 q\u0259d\u0259r B\u0259db\u0259xt hiss etm\u0259l\u0259ri a\u00e7\u0131q-a\u015fkar g\u00f6r\u00fcn\u00fcr v\u0259 bundan sonrak\u0131 h\u0259yatlar\u0131n\u0131 k\u00f6l\u0259liy\u0259 boyun \u0259ym\u0259kl\u0259 deyil, itkinin xiff\u0259tini \u00e7\u0259k\u0259r\u0259k ba\u015fa vururlar. Biz day\u00e7alar\u0131 do\u011fuldu\u011fu ilk g\u00fcnl\u0259rd\u0259n ita\u0259t\u0259 al\u0131\u015fd\u0131r\u0131r\u0131q, amma onu n\u0259 q\u0259d\u0259r \u0259zizl\u0259s\u0259k d\u0259, b\u00f6y\u00fcy\u00fcb xidm\u0259t etm\u0259k \u00e7a\u011f\u0131na yeti\u015fdikd\u0259 ba\u015f\u0131na ke\u00e7iril\u0259n y\u00fcy\u0259ni g\u0259mirm\u0259y\u0259 ba\u015flay\u0131r, dart\u0131n\u0131b \u0259ld\u0259n \u00e7\u0131xmaq ist\u0259yir, bununla bir n\u00f6v g\u00f6st\u0259rir ki, ita\u0259t\u0259 ram olmaq niyy\u0259ti yoxdur, xidm\u0259t ed\u0259c\u0259ks\u0259, bunu \u00f6z xo\u015fu il\u0259 deyil, \u00e7ar\u0259sizlik ucbat\u0131ndan ed\u0259c\u0259kdir\u201d.\n<\/p>\n<p>\n  Filosof \u00f6z m\u00fchakim\u0259si il\u0259 bizl\u0259r\u0259 anlatma\u011fa \u00e7al\u0131\u015f\u0131r ki,azadl\u0131q h\u0259r canl\u0131 \u00fc\u00e7\u00fcn hava v\u0259 su kimi \u0259h\u0259miyy\u0259tlidir. Bir s\u00f6zl\u0259, hissiyat\u0131 olan, ita\u0259tin yamanl\u0131\u011f\u0131n\u0131 duyan b\u00fct\u00fcn canl\u0131lar azadl\u0131\u011fa can at\u0131rlar. K\u00f6l\u0259 ail\u0259sind\u0259 d\u00fcnyaya g\u0259lib t\u0259rbiy\u0259 olunan v\u0259 bu \u00fczd\u0259n, g\u00f6z a\u00e7d\u0131\u011f\u0131 \u015f\u0259raiti t\u0259bii q\u0259bul ed\u0259n insanlar h\u0259yat\u0131n bu t\u0259rzi il\u0259 raz\u0131la\u015f\u0131r, malik olduqlar\u0131 c\u00fczi haqq v\u0259 nem\u0259tl\u0259rd\u0259n \u0259lav\u0259 n\u0259y\u0259s\u0259 nail olma\u011f\u0131 a\u011f\u0131llar\u0131na bel\u0259, g\u0259tirmirl\u0259r. Y\u0259ni ki, \u201cba\u015f\u0131n\u0131 a\u015fa\u011f\u0131 sal, bir tik\u0259 \u00e7\u00f6r\u0259yini qazan\u201d.\n<\/p>\n<p>\n  Ax\u0131 insan o\u011flu n\u0259 q\u0259d\u0259r israf\u00e7\u0131 v\u0259 etinas\u0131z olsa da, \u00f6z v\u0259ziyyy\u0259tin\u0259 bir n\u0259z\u0259r salmal\u0131d\u0131r, g\u00f6rs\u00fcn, b\u00fct\u00fcn haqlar\u0131ndan istifad\u0259 edirmi, onun v\u0259 ya onun s\u0259l\u0259finin \u0259lind\u0259n n\u0259yis\u0259 almay\u0131blar ki? B\u0259li, v\u0259rdi\u015fin insan \u00fcz\u0259rind\u0259 \u00fcmum\u0259n b\u00f6y\u00fck hakimiyy\u0259ti var v\u0259 \u00e7ox g\u00fcman, insan\u0131 k\u00f6l\u0259liy\u0259 al\u0131\u015fd\u0131rmaq, ona k\u00f6l\u0259liyin ac\u0131 z\u0259h\u0259rini xo\u015fhall\u0131qla i\u00e7m\u0259yi \u00f6yr\u0259tm\u0259k q\u00fcdr\u0259ti hakimiyy\u0259tin zirv\u0259sidir.<br \/>\n  <br \/>\n  \u0130nsan \u00fc\u00e7\u00fcn azad olmaq v\u0259 bunu arzu etm\u0259k t\u0259biidir, bununla bel\u0259, onun xisl\u0259ti el\u0259dir ki, \u00e7ox \u015fey\u0259 v\u0259rdi\u015f etm\u0259yi bacar\u0131r&#8230; Bel\u0259 n\u0259tic\u0259 \u00e7\u0131x\u0131r, insan \u00fc\u00e7\u00fcn onun v\u0259rdi\u015f ed\u0259 bildiyi h\u0259r \u015fey t\u0259biidir.\n<\/p>\n<p>\n  Dem\u0259li, k\u00f6n\u00fcll\u00fc k\u00f6l\u0259liyin ba\u015fda duran s\u0259b\u0259bi v\u0259rdi\u015fdir. H\u0259min v\u0259rdi\u015f ki, atlar\u0131 \u0259vv\u0259l y\u00fcy\u0259ni g\u0259mirm\u0259y\u0259, sonradan onunla oynay\u0131b \u0259yl\u0259nm\u0259y\u0259 vadar edir, \u0259vv\u0259l qo\u015fqu y\u0259h\u0259rind\u0259n dart\u0131n\u0131b qurtulma\u011fa \u00e7al\u0131\u015f\u0131r, sonralar y\u0259h\u0259r alt\u0131nda sanki f\u0259xrl\u0259 nazlan\u0131rlar. K\u00f6n\u00fcll\u00fc k\u00f6l\u0259liyinin ba\u015fl\u0131ca s\u0259b\u0259bi &#8211; insanlar\u0131n bu v\u0259ziyy\u0259td\u0259 do\u011fulub t\u0259rbiy\u0259 olunmas\u0131 &#8211; ikinci bir s\u0259b\u0259bin qayna\u011f\u0131na \u00e7evrilir. Bel\u0259 ki, tiranlar\u0131n hakimiyy\u0259ti alt\u0131nda insanlar qorxaq v\u0259 m\u0259zlum k\u00fctl\u0259y\u0259 \u00e7evrilir.\n<\/p>\n<p>\n  Bu g\u00fcn haqs\u0131zl\u0131q qar\u015f\u0131s\u0131nda susanlar ordusu m\u0259hz Sovet t\u0259f\u0259kk\u00fcr\u00fcnd\u0259 yeti\u015fmi\u015f ita\u0259tkar valideynl\u0259rimiz v\u0259 n\u0259n\u0259-babalar\u0131m\u0131z\u0131n hesab\u0131na formala\u015f\u0131b. Bax\u0131n, yen\u0259 d\u0259 idar\u0259 etm\u0259d\u0259n s\u00f6hb\u0259t gedir. 10 il \u0259vv\u0259l G\u00fcrc\u00fcstanda adam\u0131 avtomobili il\u0259 bir yerd\u0259 o\u011furlay\u0131rd\u0131lar. G\u00fcrc\u00fcl\u0259r Qafqazda \u0259n o\u011fru mill\u0259t kimi obraz yaratm\u0131\u015fd\u0131. Saaka\u015fvili 2004-c\u00fc ild\u0259 hakimiyy\u0259t\u0259 g\u0259l\u0259nd\u0259n sonra geni\u015f islahatlar apararaq, ciddi nizam yaratd\u0131. \u00d6lk\u0259nin \u00fcz\u0259rini qara bulud kimi \u00f6rt\u0259n r\u00fc\u015fv\u0259ti y\u0131\u011f\u0131\u015fd\u0131rd\u0131 v\u0259 v\u0259t\u0259nda\u015flara azadl\u0131\u011f\u0131 dadd\u0131rd\u0131.G\u00fcrc\u00fcstanda olan dost-tan\u0131\u015flardan da indi insanlar\u0131n v\u0259 qurulu\u015fun nec\u0259 oldu\u011funu soru\u015fa bil\u0259rsiniz.\n<\/p>\n<p>\n  Ba\u015fqa bir misal\u0131 is\u0259 eyni mill\u0259t olub, ayr\u0131 respublikalara malik koreyal\u0131lardan \u00e7\u0259kim. \u015eimali Koreyada \u00f6z\u00fcn\u00fc Tanr\u0131 z\u0259nn ed\u0259n zal\u0131m prezidentin hakimiyy\u0259ti alt\u0131nda \u0259zil\u0259n kas\u0131b, k\u00f6l\u0259 v\u0259t\u0259nda\u015flar, a\u015fa\u011f\u0131da is\u0259 b\u00fct\u00fcn d\u00fcnyan\u0131 texnoloji m\u0259mulatlarla t\u0259chiz etm\u0259kl\u0259 yana\u015f\u0131, ya\u015famaq \u00fc\u00e7\u00fcn h\u0259yat s\u0259viyy\u0259sinin \u0259n y\u00fcks\u0259k oldu\u011fu \u00f6lk\u0259l\u0259rd\u0259n biri hesab olunan C\u0259nubi Koreya v\u0259t\u0259nda\u015flar\u0131 ya\u015fay\u0131r.\n<\/p>\n<p>\n  H\u0259l\u0259lik, bu q\u0259d\u0259r! Yaz\u0131dan n\u0259tic\u0259 \u00e7\u0131xarmaq siz\u0259 qal\u0131r.\n<\/p>\n<p>\n  <b><br \/>\n    Yaz\u0131dak\u0131 fikirl\u0259r m\u00fc\u0259llifin \u015f\u0259xsi m\u00fclahiz\u0259l\u0259ridir&#8230;<br \/>\n  <\/b>\n<\/p><\/p>\n","protected":false},"excerpt":{"rendered":"<p>K\u00f6n\u00fcll\u00fc k\u00f6l\u0259lik bar\u0259d\u0259 tarixi-f\u0259ls\u0259fi ekskurs<\/p>\n","protected":false},"author":11,"featured_media":35222,"comment_status":"closed","ping_status":"open","sticky":false,"template":"","format":"standard","meta":{"_acf_changed":false,"_sitemap_exclude":false,"_sitemap_priority":"","_sitemap_frequency":"","footnotes":""},"categories":[57],"tags":[],"class_list":["post-170382","post","type-post","status-publish","format-standard","has-post-thumbnail","hentry","category-menim-fikrimce","infinite-scroll-item","generate-columns","tablet-grid-50","mobile-grid-100","grid-parent","grid-33","no-featured-image-padding"],"acf":[],"yoast_head":"<!-- This site is optimized with the Yoast SEO plugin v27.5 - https:\/\/yoast.com\/product\/yoast-seo-wordpress\/ -->\n<title>S\u00f6z sehrlidir! - MEYDAN.TV<\/title>\n<meta name=\"robots\" content=\"index, follow, max-snippet:-1, max-image-preview:large, max-video-preview:-1\" \/>\n<link rel=\"canonical\" href=\"https:\/\/www.meydan.tv\/az\/article\/soz-sehrlidir\/\" \/>\n<meta property=\"og:locale\" content=\"az_AZ\" \/>\n<meta property=\"og:type\" content=\"article\" \/>\n<meta property=\"og:title\" content=\"S\u00f6z sehrlidir! - MEYDAN.TV\" \/>\n<meta property=\"og:description\" content=\"K\u00f6n\u00fcll\u00fc k\u00f6l\u0259lik bar\u0259d\u0259 tarixi-f\u0259ls\u0259fi ekskurs\" \/>\n<meta property=\"og:url\" content=\"https:\/\/www.meydan.tv\/az\/article\/soz-sehrlidir\/\" \/>\n<meta property=\"og:site_name\" content=\"MEYDAN.TV\" \/>\n<meta property=\"article:published_time\" content=\"2015-10-13T00:29:53+00:00\" \/>\n<meta property=\"og:image\" content=\"https:\/\/www.meydan.tv\/wp-content\/uploads\/13208.jpg\" \/>\n\t<meta property=\"og:image:width\" content=\"500\" \/>\n\t<meta property=\"og:image:height\" content=\"500\" \/>\n\t<meta property=\"og:image:type\" content=\"image\/jpeg\" \/>\n<meta name=\"author\" content=\"user-manager\" \/>\n<meta name=\"twitter:card\" content=\"summary_large_image\" \/>\n<script type=\"application\/ld+json\" class=\"yoast-schema-graph\">{\"@context\":\"https:\\\/\\\/schema.org\",\"@graph\":[{\"@type\":\"Article\",\"@id\":\"https:\\\/\\\/www.meydan.tv\\\/az\\\/article\\\/soz-sehrlidir\\\/#article\",\"isPartOf\":{\"@id\":\"https:\\\/\\\/www.meydan.tv\\\/az\\\/article\\\/soz-sehrlidir\\\/\"},\"author\":{\"name\":\"user-manager\",\"@id\":\"https:\\\/\\\/www.meydan.tv\\\/az\\\/#\\\/schema\\\/person\\\/10d11eccf6da3662cf5fdab9806ea91a\"},\"headline\":\"S\u00f6z sehrlidir!\",\"datePublished\":\"2015-10-13T00:29:53+00:00\",\"mainEntityOfPage\":{\"@id\":\"https:\\\/\\\/www.meydan.tv\\\/az\\\/article\\\/soz-sehrlidir\\\/\"},\"wordCount\":1696,\"publisher\":{\"@id\":\"https:\\\/\\\/www.meydan.tv\\\/az\\\/#organization\"},\"image\":{\"@id\":\"https:\\\/\\\/www.meydan.tv\\\/az\\\/article\\\/soz-sehrlidir\\\/#primaryimage\"},\"thumbnailUrl\":\"https:\\\/\\\/www.meydan.tv\\\/wp-content\\\/uploads\\\/13208.jpg\",\"articleSection\":[\"M\u0259nim Fikrimc\u0259\"],\"inLanguage\":\"az\"},{\"@type\":\"WebPage\",\"@id\":\"https:\\\/\\\/www.meydan.tv\\\/az\\\/article\\\/soz-sehrlidir\\\/\",\"url\":\"https:\\\/\\\/www.meydan.tv\\\/az\\\/article\\\/soz-sehrlidir\\\/\",\"name\":\"S\u00f6z sehrlidir! - MEYDAN.TV\",\"isPartOf\":{\"@id\":\"https:\\\/\\\/www.meydan.tv\\\/az\\\/#website\"},\"primaryImageOfPage\":{\"@id\":\"https:\\\/\\\/www.meydan.tv\\\/az\\\/article\\\/soz-sehrlidir\\\/#primaryimage\"},\"image\":{\"@id\":\"https:\\\/\\\/www.meydan.tv\\\/az\\\/article\\\/soz-sehrlidir\\\/#primaryimage\"},\"thumbnailUrl\":\"https:\\\/\\\/www.meydan.tv\\\/wp-content\\\/uploads\\\/13208.jpg\",\"datePublished\":\"2015-10-13T00:29:53+00:00\",\"breadcrumb\":{\"@id\":\"https:\\\/\\\/www.meydan.tv\\\/az\\\/article\\\/soz-sehrlidir\\\/#breadcrumb\"},\"inLanguage\":\"az\",\"potentialAction\":[{\"@type\":\"ReadAction\",\"target\":[\"https:\\\/\\\/www.meydan.tv\\\/az\\\/article\\\/soz-sehrlidir\\\/\"]}]},{\"@type\":\"ImageObject\",\"inLanguage\":\"az\",\"@id\":\"https:\\\/\\\/www.meydan.tv\\\/az\\\/article\\\/soz-sehrlidir\\\/#primaryimage\",\"url\":\"https:\\\/\\\/www.meydan.tv\\\/wp-content\\\/uploads\\\/13208.jpg\",\"contentUrl\":\"https:\\\/\\\/www.meydan.tv\\\/wp-content\\\/uploads\\\/13208.jpg\",\"width\":500,\"height\":500,\"caption\":\"Source:\"},{\"@type\":\"BreadcrumbList\",\"@id\":\"https:\\\/\\\/www.meydan.tv\\\/az\\\/article\\\/soz-sehrlidir\\\/#breadcrumb\",\"itemListElement\":[{\"@type\":\"ListItem\",\"position\":1,\"name\":\"Ana s\u0259hif\u0259\",\"item\":\"https:\\\/\\\/www.meydan.tv\\\/az\\\/\"},{\"@type\":\"ListItem\",\"position\":2,\"name\":\"M\u0259nim Fikrimc\u0259\",\"item\":\"https:\\\/\\\/www.meydan.tv\\\/az\\\/section\\\/menim-fikrimce\\\/\"},{\"@type\":\"ListItem\",\"position\":3,\"name\":\"S\u00f6z sehrlidir!\"}]},{\"@type\":\"WebSite\",\"@id\":\"https:\\\/\\\/www.meydan.tv\\\/az\\\/#website\",\"url\":\"https:\\\/\\\/www.meydan.tv\\\/az\\\/\",\"name\":\"MEYDAN.TV\",\"description\":\"Meydan TV Az\u0259rbaycan\u0131n media m\u0259kan\u0131ndak\u0131 alternativ s\u0259sidir\",\"publisher\":{\"@id\":\"https:\\\/\\\/www.meydan.tv\\\/az\\\/#organization\"},\"potentialAction\":[{\"@type\":\"SearchAction\",\"target\":{\"@type\":\"EntryPoint\",\"urlTemplate\":\"https:\\\/\\\/www.meydan.tv\\\/az\\\/?s={search_term_string}\"},\"query-input\":{\"@type\":\"PropertyValueSpecification\",\"valueRequired\":true,\"valueName\":\"search_term_string\"}}],\"inLanguage\":\"az\"},{\"@type\":\"Organization\",\"@id\":\"https:\\\/\\\/www.meydan.tv\\\/az\\\/#organization\",\"name\":\"Meydan TV\",\"url\":\"https:\\\/\\\/www.meydan.tv\\\/az\\\/\",\"logo\":{\"@type\":\"ImageObject\",\"inLanguage\":\"az\",\"@id\":\"https:\\\/\\\/www.meydan.tv\\\/az\\\/#\\\/schema\\\/logo\\\/image\\\/\",\"url\":\"https:\\\/\\\/www.meydan.tv\\\/wp-content\\\/uploads\\\/2021\\\/07\\\/meydan-logo.svg\",\"contentUrl\":\"https:\\\/\\\/www.meydan.tv\\\/wp-content\\\/uploads\\\/2021\\\/07\\\/meydan-logo.svg\",\"width\":195,\"height\":46,\"caption\":\"Meydan TV\"},\"image\":{\"@id\":\"https:\\\/\\\/www.meydan.tv\\\/az\\\/#\\\/schema\\\/logo\\\/image\\\/\"}},{\"@type\":\"Person\",\"@id\":\"https:\\\/\\\/www.meydan.tv\\\/az\\\/#\\\/schema\\\/person\\\/10d11eccf6da3662cf5fdab9806ea91a\",\"name\":\"user-manager\"}]}<\/script>\n<!-- \/ Yoast SEO plugin. -->","yoast_head_json":{"title":"S\u00f6z sehrlidir! - MEYDAN.TV","robots":{"index":"index","follow":"follow","max-snippet":"max-snippet:-1","max-image-preview":"max-image-preview:large","max-video-preview":"max-video-preview:-1"},"canonical":"https:\/\/www.meydan.tv\/az\/article\/soz-sehrlidir\/","og_locale":"az_AZ","og_type":"article","og_title":"S\u00f6z sehrlidir! - MEYDAN.TV","og_description":"K\u00f6n\u00fcll\u00fc k\u00f6l\u0259lik bar\u0259d\u0259 tarixi-f\u0259ls\u0259fi ekskurs","og_url":"https:\/\/www.meydan.tv\/az\/article\/soz-sehrlidir\/","og_site_name":"MEYDAN.TV","article_published_time":"2015-10-13T00:29:53+00:00","og_image":[{"width":500,"height":500,"url":"https:\/\/www.meydan.tv\/wp-content\/uploads\/13208.jpg","type":"image\/jpeg"}],"author":"user-manager","twitter_card":"summary_large_image","schema":{"@context":"https:\/\/schema.org","@graph":[{"@type":"Article","@id":"https:\/\/www.meydan.tv\/az\/article\/soz-sehrlidir\/#article","isPartOf":{"@id":"https:\/\/www.meydan.tv\/az\/article\/soz-sehrlidir\/"},"author":{"name":"user-manager","@id":"https:\/\/www.meydan.tv\/az\/#\/schema\/person\/10d11eccf6da3662cf5fdab9806ea91a"},"headline":"S\u00f6z sehrlidir!","datePublished":"2015-10-13T00:29:53+00:00","mainEntityOfPage":{"@id":"https:\/\/www.meydan.tv\/az\/article\/soz-sehrlidir\/"},"wordCount":1696,"publisher":{"@id":"https:\/\/www.meydan.tv\/az\/#organization"},"image":{"@id":"https:\/\/www.meydan.tv\/az\/article\/soz-sehrlidir\/#primaryimage"},"thumbnailUrl":"https:\/\/www.meydan.tv\/wp-content\/uploads\/13208.jpg","articleSection":["M\u0259nim Fikrimc\u0259"],"inLanguage":"az"},{"@type":"WebPage","@id":"https:\/\/www.meydan.tv\/az\/article\/soz-sehrlidir\/","url":"https:\/\/www.meydan.tv\/az\/article\/soz-sehrlidir\/","name":"S\u00f6z sehrlidir! - MEYDAN.TV","isPartOf":{"@id":"https:\/\/www.meydan.tv\/az\/#website"},"primaryImageOfPage":{"@id":"https:\/\/www.meydan.tv\/az\/article\/soz-sehrlidir\/#primaryimage"},"image":{"@id":"https:\/\/www.meydan.tv\/az\/article\/soz-sehrlidir\/#primaryimage"},"thumbnailUrl":"https:\/\/www.meydan.tv\/wp-content\/uploads\/13208.jpg","datePublished":"2015-10-13T00:29:53+00:00","breadcrumb":{"@id":"https:\/\/www.meydan.tv\/az\/article\/soz-sehrlidir\/#breadcrumb"},"inLanguage":"az","potentialAction":[{"@type":"ReadAction","target":["https:\/\/www.meydan.tv\/az\/article\/soz-sehrlidir\/"]}]},{"@type":"ImageObject","inLanguage":"az","@id":"https:\/\/www.meydan.tv\/az\/article\/soz-sehrlidir\/#primaryimage","url":"https:\/\/www.meydan.tv\/wp-content\/uploads\/13208.jpg","contentUrl":"https:\/\/www.meydan.tv\/wp-content\/uploads\/13208.jpg","width":500,"height":500,"caption":"Source:"},{"@type":"BreadcrumbList","@id":"https:\/\/www.meydan.tv\/az\/article\/soz-sehrlidir\/#breadcrumb","itemListElement":[{"@type":"ListItem","position":1,"name":"Ana s\u0259hif\u0259","item":"https:\/\/www.meydan.tv\/az\/"},{"@type":"ListItem","position":2,"name":"M\u0259nim Fikrimc\u0259","item":"https:\/\/www.meydan.tv\/az\/section\/menim-fikrimce\/"},{"@type":"ListItem","position":3,"name":"S\u00f6z sehrlidir!"}]},{"@type":"WebSite","@id":"https:\/\/www.meydan.tv\/az\/#website","url":"https:\/\/www.meydan.tv\/az\/","name":"MEYDAN.TV","description":"Meydan TV Az\u0259rbaycan\u0131n media m\u0259kan\u0131ndak\u0131 alternativ s\u0259sidir","publisher":{"@id":"https:\/\/www.meydan.tv\/az\/#organization"},"potentialAction":[{"@type":"SearchAction","target":{"@type":"EntryPoint","urlTemplate":"https:\/\/www.meydan.tv\/az\/?s={search_term_string}"},"query-input":{"@type":"PropertyValueSpecification","valueRequired":true,"valueName":"search_term_string"}}],"inLanguage":"az"},{"@type":"Organization","@id":"https:\/\/www.meydan.tv\/az\/#organization","name":"Meydan TV","url":"https:\/\/www.meydan.tv\/az\/","logo":{"@type":"ImageObject","inLanguage":"az","@id":"https:\/\/www.meydan.tv\/az\/#\/schema\/logo\/image\/","url":"https:\/\/www.meydan.tv\/wp-content\/uploads\/2021\/07\/meydan-logo.svg","contentUrl":"https:\/\/www.meydan.tv\/wp-content\/uploads\/2021\/07\/meydan-logo.svg","width":195,"height":46,"caption":"Meydan TV"},"image":{"@id":"https:\/\/www.meydan.tv\/az\/#\/schema\/logo\/image\/"}},{"@type":"Person","@id":"https:\/\/www.meydan.tv\/az\/#\/schema\/person\/10d11eccf6da3662cf5fdab9806ea91a","name":"user-manager"}]}},"_links":{"self":[{"href":"https:\/\/www.meydan.tv\/az\/wp-json\/wp\/v2\/posts\/170382","targetHints":{"allow":["GET"]}}],"collection":[{"href":"https:\/\/www.meydan.tv\/az\/wp-json\/wp\/v2\/posts"}],"about":[{"href":"https:\/\/www.meydan.tv\/az\/wp-json\/wp\/v2\/types\/post"}],"author":[{"embeddable":true,"href":"https:\/\/www.meydan.tv\/az\/wp-json\/wp\/v2\/users\/11"}],"replies":[{"embeddable":true,"href":"https:\/\/www.meydan.tv\/az\/wp-json\/wp\/v2\/comments?post=170382"}],"version-history":[{"count":0,"href":"https:\/\/www.meydan.tv\/az\/wp-json\/wp\/v2\/posts\/170382\/revisions"}],"wp:featuredmedia":[{"embeddable":true,"href":"https:\/\/www.meydan.tv\/az\/wp-json\/wp\/v2\/media\/35222"}],"wp:attachment":[{"href":"https:\/\/www.meydan.tv\/az\/wp-json\/wp\/v2\/media?parent=170382"}],"wp:term":[{"taxonomy":"category","embeddable":true,"href":"https:\/\/www.meydan.tv\/az\/wp-json\/wp\/v2\/categories?post=170382"},{"taxonomy":"post_tag","embeddable":true,"href":"https:\/\/www.meydan.tv\/az\/wp-json\/wp\/v2\/tags?post=170382"}],"curies":[{"name":"wp","href":"https:\/\/api.w.org\/{rel}","templated":true}]}}