{"id":170361,"date":"2015-10-11T22:32:20","date_gmt":"2015-10-11T22:32:20","guid":{"rendered":"https:\/\/www.meydan.tv\/article\/menim-balami-kontura-gore-oldurubler-video\/"},"modified":"2015-10-11T22:32:20","modified_gmt":"2015-10-11T22:32:20","slug":"menim-balami-kontura-gore-oldurubler-video","status":"publish","type":"post","link":"https:\/\/www.meydan.tv\/az\/article\/menim-balami-kontura-gore-oldurubler-video\/","title":{"rendered":"&#8221;M\u0259nim balam\u0131 kontura g\u00f6r\u0259 \u00f6ld\u00fcr\u00fcbl\u0259r&#8221; (V\u0130DEO)"},"content":{"rendered":"<figure class=\"wp-block-embed is-type-video is-provider-youtube wp-block-embed-youtube wp-embed-aspect-16-9 wp-has-aspect-ratio\">\n<div class=\"wp-block-embed__wrapper\">\n    <iframe loading=\"lazy\"\ttitle=\"\" width=\"1200\" height=\"675\" src=\"https:\/\/www.youtube.com\/embed\/zQpvfcco_5I\"\tframeborder=\"0\"\tallow=\"accelerometer; autoplay; clipboard-write; encrypted-media; gyroscope; picture-in-picture\" allowfullscreen><\/iframe>\n  <\/div><figcaption><\/figcaption><\/figure>\n<p>\n  Goranboydak\u0131 N sayl\u0131 h\u0259rbi hiss\u0259d\u0259n bir h\u0259ft\u0259dir yoxa \u00e7\u0131xan \u0259sg\u0259r Murad \u018flizad\u0259 o\u011flu \u018fliyevin meyiti tap\u0131l\u0131b. Murad\u0131n anas\u0131 T\u0259ran\u0259 M\u0259mm\u0259dovan\u0131n s\u00f6zl\u0259rin\u0259 g\u00f6r\u0259, o\u011flu il\u0259 sonuncu d\u0259f\u0259 oktyabr\u0131n 4-d\u0259 gec\u0259 12 rad\u0259l\u0259rind\u0259 telefonla dan\u0131\u015f\u0131b. O\u011flu narahat oldu\u011funu, tez yataca\u011f\u0131n\u0131 deyib v\u0259 kontur ist\u0259yib. N\u00f6vb\u0259ti d\u0259f\u0259 z\u0259ng ed\u0259nd\u0259 is\u0259 telefonu ba\u015fqas\u0131 g\u00f6t\u00fcr\u00fcb. H\u0259min \u015f\u0259xs \u00f6z\u00fcn\u00fc \u0259sg\u0259r kimi t\u0259qdim edib. Anas\u0131n\u0131n s\u00f6zl\u0259rin\u0259 g\u00f6r\u0259, h\u0259min n\u00f6mr\u0259y\u0259 uzun m\u00fcdd\u0259t kontur g\u00f6nd\u0259rirmi\u015fl\u0259r. H\u0259min adam is\u0259 maxe imi\u015f.\n<\/p>\n<p>\n  Murad\u0131n n\u0259n\u0259si Tahir\u0259 xan\u0131m is\u0259 n\u0259v\u0259sinin \u00f6ld\u00fcr\u00fcld\u00fcy\u00fcn\u00fc v\u0259 Murad\u0131n meydinin onlara g\u00f6st\u0259rilm\u0259diyini deyir.\n<\/p>\n<p>\n  M\u00fcdafi\u0259 Nazirliyinin m\u0259tbuat xidm\u0259tind\u0259n veril\u0259n m\u0259lumata g\u00f6r\u0259, oktyabr\u0131n 6-da h\u0259rbi qulluq\u00e7u, \u0259sg\u0259r Murad \u018flizad\u0259 o\u011flu \u018fliyev xidm\u0259t yerini \u00f6zba\u015f\u0131na t\u0259rk edib. H\u0259yata ke\u00e7iril\u0259n axtar\u0131\u015f t\u0259dbirl\u0259ri n\u0259tic\u0259sind\u0259 oktyabr\u0131n 9-da ax\u015fam saatlar\u0131nda \u0259sg\u0259r Murad \u018fliyevin meyiti tap\u0131l\u0131b. Hadis\u0259 il\u0259 ba\u011fl\u0131 cinay\u0259t i\u015fi ba\u015flan\u0131b. H\u0259rbi Prokurorluq t\u0259r\u0259find\u0259n faktla \u0259laq\u0259dar ara\u015fd\u0131rma apar\u0131l\u0131r.\n<\/p><\/p>\n","protected":false},"excerpt":{"rendered":"<p>&#8220;Erm\u0259nil\u0259r \u00f6ld\u00fcrm\u00fcr, \u00f6z\u00fcm\u00fczk\u00fcl\u0259r \u00f6ld\u00fcr\u00fcr, kamandirl\u0259r pul ist\u0259yir&#8221;<\/p>\n","protected":false},"author":11,"featured_media":35228,"comment_status":"closed","ping_status":"open","sticky":false,"template":"","format":"standard","meta":{"_acf_changed":false,"_sitemap_exclude":false,"_sitemap_priority":"","_sitemap_frequency":"","footnotes":""},"categories":[63],"tags":[],"class_list":["post-170361","post","type-post","status-publish","format-standard","has-post-thumbnail","hentry","category-video-2","infinite-scroll-item","generate-columns","tablet-grid-50","mobile-grid-100","grid-parent","grid-33","no-featured-image-padding"],"acf":[],"yoast_head":"<!-- This site is optimized with the Yoast SEO plugin v28.4 - https:\/\/yoast.com\/product\/yoast-seo-wordpress\/ -->\n<title>&#039;&#039;M\u0259nim balam\u0131 kontura g\u00f6r\u0259 \u00f6ld\u00fcr\u00fcbl\u0259r&#039;&#039; (V\u0130DEO) - MEYDAN.TV<\/title>\n<meta name=\"robots\" content=\"index, follow, max-snippet:-1, max-image-preview:large, max-video-preview:-1\" \/>\n<link rel=\"canonical\" href=\"https:\/\/www.meydan.tv\/az\/article\/menim-balami-kontura-gore-oldurubler-video\/\" \/>\n<meta property=\"og:locale\" content=\"az_AZ\" \/>\n<meta property=\"og:type\" content=\"article\" \/>\n<meta property=\"og:title\" content=\"&#039;&#039;M\u0259nim balam\u0131 kontura g\u00f6r\u0259 \u00f6ld\u00fcr\u00fcbl\u0259r&#039;&#039; (V\u0130DEO) - MEYDAN.TV\" \/>\n<meta property=\"og:description\" content=\"&quot;Erm\u0259nil\u0259r \u00f6ld\u00fcrm\u00fcr, \u00f6z\u00fcm\u00fczk\u00fcl\u0259r \u00f6ld\u00fcr\u00fcr, kamandirl\u0259r pul ist\u0259yir&quot;\" \/>\n<meta property=\"og:url\" content=\"https:\/\/www.meydan.tv\/az\/article\/menim-balami-kontura-gore-oldurubler-video\/\" \/>\n<meta property=\"og:site_name\" content=\"MEYDAN.TV\" \/>\n<meta property=\"article:published_time\" content=\"2015-10-11T22:32:20+00:00\" \/>\n<meta property=\"og:image\" content=\"https:\/\/www.meydan.tv\/wp-content\/uploads\/13179-1200x675.png\" \/>\n\t<meta property=\"og:image:width\" content=\"1200\" \/>\n\t<meta property=\"og:image:height\" content=\"675\" \/>\n\t<meta property=\"og:image:type\" content=\"image\/png\" \/>\n<meta name=\"twitter:card\" content=\"summary_large_image\" \/>\n<!-- \/ Yoast SEO plugin. -->","yoast_head_json":{"title":"''M\u0259nim balam\u0131 kontura g\u00f6r\u0259 \u00f6ld\u00fcr\u00fcbl\u0259r'' (V\u0130DEO) - MEYDAN.TV","robots":{"index":"index","follow":"follow","max-snippet":"max-snippet:-1","max-image-preview":"max-image-preview:large","max-video-preview":"max-video-preview:-1"},"canonical":"https:\/\/www.meydan.tv\/az\/article\/menim-balami-kontura-gore-oldurubler-video\/","og_locale":"az_AZ","og_type":"article","og_title":"''M\u0259nim balam\u0131 kontura g\u00f6r\u0259 \u00f6ld\u00fcr\u00fcbl\u0259r'' (V\u0130DEO) - MEYDAN.TV","og_description":"\"Erm\u0259nil\u0259r \u00f6ld\u00fcrm\u00fcr, \u00f6z\u00fcm\u00fczk\u00fcl\u0259r \u00f6ld\u00fcr\u00fcr, kamandirl\u0259r pul ist\u0259yir\"","og_url":"https:\/\/www.meydan.tv\/az\/article\/menim-balami-kontura-gore-oldurubler-video\/","og_site_name":"MEYDAN.TV","article_published_time":"2015-10-11T22:32:20+00:00","og_image":[{"width":1200,"height":675,"url":"https:\/\/www.meydan.tv\/wp-content\/uploads\/13179-1200x675.png","type":"image\/png"}],"twitter_card":"summary_large_image","schema":{"@context":"https:\/\/schema.org","@graph":[{"@type":"Article","@id":"https:\/\/www.meydan.tv\/az\/article\/menim-balami-kontura-gore-oldurubler-video\/#article","isPartOf":{"@id":"https:\/\/www.meydan.tv\/az\/article\/menim-balami-kontura-gore-oldurubler-video\/"},"author":{"name":"user-manager","@id":"https:\/\/www.meydan.tv\/az\/#\/schema\/person\/10d11eccf6da3662cf5fdab9806ea91a"},"headline":"&#8221;M\u0259nim balam\u0131 kontura g\u00f6r\u0259 \u00f6ld\u00fcr\u00fcbl\u0259r&#8221; (V\u0130DEO)","datePublished":"2015-10-11T22:32:20+00:00","mainEntityOfPage":{"@id":"https:\/\/www.meydan.tv\/az\/article\/menim-balami-kontura-gore-oldurubler-video\/"},"wordCount":254,"publisher":{"@id":"https:\/\/www.meydan.tv\/az\/#organization"},"image":{"@id":"https:\/\/www.meydan.tv\/az\/article\/menim-balami-kontura-gore-oldurubler-video\/#primaryimage"},"thumbnailUrl":"https:\/\/www.meydan.tv\/wp-content\/uploads\/13179.png","articleSection":["Video"],"inLanguage":"az"},{"@type":"WebPage","@id":"https:\/\/www.meydan.tv\/az\/article\/menim-balami-kontura-gore-oldurubler-video\/","url":"https:\/\/www.meydan.tv\/az\/article\/menim-balami-kontura-gore-oldurubler-video\/","name":"''M\u0259nim balam\u0131 kontura g\u00f6r\u0259 \u00f6ld\u00fcr\u00fcbl\u0259r'' (V\u0130DEO) - MEYDAN.TV","isPartOf":{"@id":"https:\/\/www.meydan.tv\/az\/#website"},"primaryImageOfPage":{"@id":"https:\/\/www.meydan.tv\/az\/article\/menim-balami-kontura-gore-oldurubler-video\/#primaryimage"},"image":{"@id":"https:\/\/www.meydan.tv\/az\/article\/menim-balami-kontura-gore-oldurubler-video\/#primaryimage"},"thumbnailUrl":"https:\/\/www.meydan.tv\/wp-content\/uploads\/13179.png","datePublished":"2015-10-11T22:32:20+00:00","breadcrumb":{"@id":"https:\/\/www.meydan.tv\/az\/article\/menim-balami-kontura-gore-oldurubler-video\/#breadcrumb"},"inLanguage":"az","potentialAction":[{"@type":"ReadAction","target":["https:\/\/www.meydan.tv\/az\/article\/menim-balami-kontura-gore-oldurubler-video\/"]}]},{"@type":"ImageObject","inLanguage":"az","@id":"https:\/\/www.meydan.tv\/az\/article\/menim-balami-kontura-gore-oldurubler-video\/#primaryimage","url":"https:\/\/www.meydan.tv\/wp-content\/uploads\/13179.png","contentUrl":"https:\/\/www.meydan.tv\/wp-content\/uploads\/13179.png","width":1920,"height":1080,"caption":"Source:"},{"@type":"BreadcrumbList","@id":"https:\/\/www.meydan.tv\/az\/article\/menim-balami-kontura-gore-oldurubler-video\/#breadcrumb","itemListElement":[{"@type":"ListItem","position":1,"name":"Ana s\u0259hif\u0259","item":"https:\/\/www.meydan.tv\/az\/"},{"@type":"ListItem","position":2,"name":"Video","item":"https:\/\/www.meydan.tv\/az\/section\/video-2\/"},{"@type":"ListItem","position":3,"name":"&#8221;M\u0259nim balam\u0131 kontura g\u00f6r\u0259 \u00f6ld\u00fcr\u00fcbl\u0259r&#8221; (V\u0130DEO)"}]},{"@type":"WebSite","@id":"https:\/\/www.meydan.tv\/az\/#website","url":"https:\/\/www.meydan.tv\/az\/","name":"MEYDAN.TV","description":"Meydan TV Az\u0259rbaycan\u0131n media m\u0259kan\u0131ndak\u0131 alternativ s\u0259sidir","publisher":{"@id":"https:\/\/www.meydan.tv\/az\/#organization"},"potentialAction":[{"@type":"SearchAction","target":{"@type":"EntryPoint","urlTemplate":"https:\/\/www.meydan.tv\/az\/?s={search_term_string}"},"query-input":{"@type":"PropertyValueSpecification","valueRequired":true,"valueName":"search_term_string"}}],"inLanguage":"az"},{"@type":"Organization","@id":"https:\/\/www.meydan.tv\/az\/#organization","name":"Meydan TV","url":"https:\/\/www.meydan.tv\/az\/","logo":{"@type":"ImageObject","inLanguage":"az","@id":"https:\/\/www.meydan.tv\/az\/#\/schema\/logo\/image\/","url":"https:\/\/www.meydan.tv\/wp-content\/uploads\/2021\/07\/meydan-logo.svg","contentUrl":"https:\/\/www.meydan.tv\/wp-content\/uploads\/2021\/07\/meydan-logo.svg","width":195,"height":46,"caption":"Meydan TV"},"image":{"@id":"https:\/\/www.meydan.tv\/az\/#\/schema\/logo\/image\/"}},{"@type":"Person","@id":"https:\/\/www.meydan.tv\/az\/#\/schema\/person\/10d11eccf6da3662cf5fdab9806ea91a","name":"user-manager"}]}},"_links":{"self":[{"href":"https:\/\/www.meydan.tv\/az\/wp-json\/wp\/v2\/posts\/170361","targetHints":{"allow":["GET"]}}],"collection":[{"href":"https:\/\/www.meydan.tv\/az\/wp-json\/wp\/v2\/posts"}],"about":[{"href":"https:\/\/www.meydan.tv\/az\/wp-json\/wp\/v2\/types\/post"}],"author":[{"embeddable":true,"href":"https:\/\/www.meydan.tv\/az\/wp-json\/wp\/v2\/users\/11"}],"replies":[{"embeddable":true,"href":"https:\/\/www.meydan.tv\/az\/wp-json\/wp\/v2\/comments?post=170361"}],"version-history":[{"count":0,"href":"https:\/\/www.meydan.tv\/az\/wp-json\/wp\/v2\/posts\/170361\/revisions"}],"wp:featuredmedia":[{"embeddable":true,"href":"https:\/\/www.meydan.tv\/az\/wp-json\/wp\/v2\/media\/35228"}],"wp:attachment":[{"href":"https:\/\/www.meydan.tv\/az\/wp-json\/wp\/v2\/media?parent=170361"}],"wp:term":[{"taxonomy":"category","embeddable":true,"href":"https:\/\/www.meydan.tv\/az\/wp-json\/wp\/v2\/categories?post=170361"},{"taxonomy":"post_tag","embeddable":true,"href":"https:\/\/www.meydan.tv\/az\/wp-json\/wp\/v2\/tags?post=170361"}],"curies":[{"name":"wp","href":"https:\/\/api.w.org\/{rel}","templated":true}]}}