{"id":170315,"date":"2015-10-09T02:27:13","date_gmt":"2015-10-09T02:27:13","guid":{"rendered":"https:\/\/www.meydan.tv\/article\/siyasi-mehbuslarin-azadligi-ucun\/"},"modified":"2015-10-09T02:27:13","modified_gmt":"2015-10-09T02:27:13","slug":"siyasi-mehbuslarin-azadligi-ucun","status":"publish","type":"post","link":"https:\/\/www.meydan.tv\/az\/article\/siyasi-mehbuslarin-azadligi-ucun\/","title":{"rendered":"Siyasi m\u0259hbuslar\u0131n azadl\u0131\u011f\u0131 \u00fc\u00e7\u00fcn&#8230;"},"content":{"rendered":"<figure class=\"wp-block-image size-large\">\n  <img decoding=\"async\" src=\"https:\/\/www.meydan.tv\/az\/35039\/\" alt=\"\" class=\"wp-image-35039\"\/><figcaption><\/figcaption><\/figure>\n<figure class=\"wp-block-image size-large\">\n  <img decoding=\"async\" src=\"https:\/\/www.meydan.tv\/az\/35036\/\" alt=\"\" class=\"wp-image-35036\"\/><figcaption><\/figcaption><\/figure>\n<p>\n  Son bir ild\u0259 hakimiyy\u0259tin v\u0259t\u0259nda\u015f c\u0259miyy\u0259ti institutlar\u0131na, ictimai- siyasi f\u0259allara qar\u015f\u0131 apard\u0131\u011f\u0131 repressiyalar \u00f6z\u00fcn\u00fcn kulminasiya n\u00f6qt\u0259sin\u0259 \u00e7at\u0131b. M\u0259hz ke\u00e7\u0259n ilin avqust ay\u0131ndan ba\u015flanan n\u00f6vb\u0259ti h\u0259bs dal\u011fas\u0131 tan\u0131nm\u0131\u015f h\u00fcquq m\u00fcdafi\u0259\u00e7il\u0259ri Leyla v\u0259 Arif Yunusun, \u0130ntiqam \u018fliyevin, R\u0259sul C\u0259f\u0259rovun, jurnalist Rauf Mirq\u0259dirovun, sonrak\u0131 m\u0259rh\u0259l\u0259d\u0259 X\u0259dic\u0259 \u0130smay\u0131l\u0131n, ictimai f\u0259al Elvin Abdullayevin, h\u00fcquq m\u00fcdafi\u0259\u00e7isi Taleh Xasm\u0259mm\u0259dovun v\u0259 dig\u0259rl\u0259rinin h\u0259bsi il\u0259 davam etdi.\n<\/p>\n<p>\n  Az\u0259rbaycan hakimiyy\u0259ti beyn\u0259lxalq t\u0259\u015fkilatlar\u0131, x\u00fcsus\u0259n donor t\u0259\u015fkilatlar\u0131 \u00f6lk\u0259d\u0259n qovduqdan sonra v\u0259t\u0259nda\u015f c\u0259miyy\u0259tini tam susdurmaq \u00fc\u00e7\u00fcn m\u00fcst\u0259qil QHT- l\u0259rin bank hesablar\u0131na h\u0259bs qoydu, onlar\u0131 \u0259sass\u0131z vergi yoxlamalar\u0131na c\u0259lb etdi. Bir s\u0131ra QHT r\u0259hb\u0259rl\u0259ri haqq\u0131nda cinay\u0259t i\u015fi a\u00e7d\u0131, onlar\u0131n \u00f6lk\u0259d\u0259n \u00e7\u0131x\u015f\u0131n\u0131 yasaqlad\u0131, b\u0259zil\u0259rini \u00f6lk\u0259ni t\u0259rk etm\u0259k m\u0259cburiyy\u0259ti il\u0259 \u00fcz- \u00fcz\u0259 qoydu. \u00d6lk\u0259nin s\u0259rv\u0259tl\u0259rini, milyonlar\u0131n\u0131 talan edib m\u0259nims\u0259y\u0259n m\u0259murlar\u0131n talan\u00e7\u0131l\u0131\u011f\u0131na g\u00f6z yumdu\u011fu halda, QHT- l\u0259rin q\u0259pik- quru\u015funu sayma\u011fa ba\u015flad\u0131. \u018fslind\u0259, b\u00fct\u00fcn bunlar Az\u0259rbaycanda m\u00fcst\u0259qil v\u0259t\u0259nda\u015f c\u0259miyy\u0259tini m\u0259hv etm\u0259k, hakimiyy\u0259tin dili il\u0259 des\u0259k, \u201c5- ci kolon\u201d-u tam s\u0131radan \u00e7\u0131xarmaq \u00fc\u00e7\u00fcn at\u0131lan silsil\u0259 add\u0131mlar idi.\n<\/p>\n<p>\n  <b><br \/>\n    Se\u00e7kid\u0259n imtina- siyasi m\u0259hbuslara d\u0259st\u0259k&#8230;<br \/>\n  <\/b>\n<\/p>\n<p>\n  Haz\u0131rda \u00f6lk\u0259d\u0259 azad m\u0259tbuat, m\u00fcst\u0259qil v\u0259t\u0259nda\u015f c\u0259miyy\u0259ti institutlar\u0131 s\u0131radan \u00e7\u0131xar\u0131l\u0131b. Bir \u00e7ox ictimai f\u0259al, h\u00fcquq m\u00fcdafi\u0259\u00e7il\u0259ri, jurnalistl\u0259r qanunsuz h\u0259bs h\u0259yat\u0131 ya\u015fay\u0131r. \u00d6lk\u0259miz d\u00fcnyan\u0131n \u0259n \u00e7ox siyasi v\u0259 vicdan m\u0259hbuslar\u0131 olan \u00f6lk\u0259l\u0259rind\u0259n biridir. R\u0259smi m\u0259lumatlara g\u00f6r\u0259, onlar\u0131n say\u0131 80 civar\u0131nda olsa da, \u0259slind\u0259 bu r\u0259q\u0259m daha \u00e7oxdur. H\u0259tta Avropan\u0131n son avtoritar \u00f6lk\u0259l\u0259rind\u0259n hesab olunan Belorusiyada d\u00f6vl\u0259t ba\u015f\u00e7\u0131s\u0131 Luko\u015fenko \u00f6z s\u0259r\u0259ncam\u0131 il\u0259 ax\u0131r\u0131nc\u0131 6 siyasi m\u0259hbusu da azadl\u0131\u011fa buraxd\u0131.\n<\/p>\n<p>\n  Amma Az\u0259rbaycanda siyasi m\u0259hbus problemi n\u0259inki h\u0259ll olunmur, \u0259ksin\u0259 onlar\u0131n h\u0259bsd\u0259n \u00e7\u0131xan h\u0259mkarlar\u0131n\u0131n yerin\u0259 yenil\u0259ri \u015f\u0259rl\u0259nib h\u0259bs\u0259 at\u0131l\u0131r. Yeri g\u0259lmi\u015fk\u0259n qeyd ed\u0259k ki, \u00f6lk\u0259d\u0259 ifad\u0259 azadl\u0131\u011f\u0131n\u0131n bo\u011fuldu\u011fu, anti- demokratik m\u00fchitin h\u00f6km s\u00fcrd\u00fcy\u00fc, v\u0259t\u0259nda\u015f c\u0259miyy\u0259tinin q\u0259tlin\u0259 f\u0259rman verildiyi indiki m\u0259qamda siyasi m\u0259hbuslar\u0131n azadl\u0131\u011fa burax\u0131lmad\u0131\u011f\u0131n\u0131 \u0259sas g\u0259tir\u0259n Demokratik Q\u00fcvv\u0259l\u0259rin Milli \u015euras\u0131 qar\u015f\u0131dan g\u0259l\u0259n 1 noyabr parlament se\u00e7kil\u0259rind\u0259 i\u015ftirakdan imtina bar\u0259d\u0259 q\u0259rar q\u0259bul edib.\n<\/p>\n<p>\n  Bu q\u0259rar reall\u0131qdan do\u011fan d\u00fczg\u00fcn q\u0259rar olmaqla siyasi bax\u0131\u015flar\u0131na g\u00f6r\u0259 \u015f\u0259rl\u0259n\u0259r\u0259k h\u0259bs olunmu\u015f \u015f\u0259xsl\u0259rin azadl\u0131\u011f\u0131 ugrunda apar\u0131lan m\u00fcbariz\u0259y\u0259 g\u00f6st\u0259ril\u0259n \u0259n b\u00f6y\u00fck ehtiram v\u0259 d\u0259st\u0259kdir. Avropa Parlamentinin 10 sentyabr tarixli m\u0259lum q\u0259tnam\u0259si, el\u0259c\u0259 d\u0259 AT\u018fT- in DT\u0130HB- nun se\u00e7kil\u0259rin m\u00fc\u015fahid\u0259\u00e7iliyind\u0259n imtina q\u0259rar\u0131 v\u0259 bu q\u0259rar\u0131n AB\u015e D\u00f6vl\u0259t Departamenti t\u0259r\u0259find\u0259n d\u0259st\u0259kl\u0259nm\u0259si Milli \u015euran\u0131n m\u00f6vqeyinin do\u011fru oldu\u011funu bir daha ortaya qoydu.\n<\/p>\n<p>\n  Az\u0259rbaycanda insan haqlar\u0131na, s\u00f6z-m\u0259tbuat azadl\u0131\u011f\u0131na, demokratik inki\u015faf \u00fc\u00e7\u00fcn Avropa Parlamentinin timsal\u0131nda beyn\u0259lxalq d\u0259st\u0259yin ifad\u0259 olundu\u011fu haz\u0131rki d\u00f6vrd\u0259 demokratik q\u00fcvv\u0259l\u0259rin \u00fcz\u0259rin\u0259 d\u00fc\u015f\u0259n \u0259sas v\u0259zif\u0259 avtoritarizm\u0259 qar\u015f\u0131 xalq\u0131n milli m\u00fcqavim\u0259t g\u00fcc\u00fcn\u00fc art\u0131raraq onu m\u00fcbariz\u0259y\u0259 ruhland\u0131rmaq v\u0259 \u00f6z ard\u0131nca aparmaqd\u0131r.\n<\/p>\n<p>\n  G\u00f6r\u00fcl\u0259c\u0259k \u0259sas i\u015fl\u0259rd\u0259n biri yerli v\u0259 beyn\u0259lxalq ictimaiyy\u0259tin diqq\u0259tini v\u0259t\u0259nda\u015f c\u0259miyy\u0259tin\u0259 qar\u015f\u0131 olan respressiyalara, siyasi m\u0259hbuslara v\u0259 onlar\u0131n azad olunmas\u0131na y\u00f6n\u0259ltm\u0259kdir. Etiraf etm\u0259k laz\u0131md\u0131r ki, bu g\u00fcn c\u0259miyy\u0259td\u0259 bir \u00e7ox problem\u0259, o c\u00fcml\u0259d\u0259n siyasi m\u0259hbus problemin\u0259 qar\u015f\u0131 \u00fcmumi bir s\u00fcstl\u00fck, laqeydlik var. T\u0259kc\u0259 bir fakt dey\u0259k; 1 noyabrda Milli M\u0259clis\u0259 ke\u00e7iril\u0259c\u0259k se\u00e7kil\u0259rl\u0259 ba\u011fl\u0131 haz\u0131rda se\u00e7ki kampaniyas\u0131n\u0131n n\u0259z\u0259ri bax\u0131mdan q\u0131z\u011f\u0131n vaxt\u0131d\u0131r. Amma \u00f6lk\u0259d\u0259 h\u0259r hans\u0131 ciddi se\u00e7ki ab\u0131-havas\u0131 hiss olunmur.\n<\/p>\n<p>\n  T\u0259bii ki, bu v\u0259ziyy\u0259ti, h\u0259r bir xalq\u0131n taleyind\u0259 m\u00fch\u00fcm rol oynayan se\u00e7kil\u0259r\u0259 laqeyd m\u00fcnasib\u0259ti iqtidar yarad\u0131b. Ant\u0131- demokratik se\u00e7ki m\u00fchitinin m\u00f6vcud oldu\u011fu indiki m\u0259qamda bundan art\u0131q se\u00e7ki ab\u0131- havas\u0131 da g\u00f6zl\u0259m\u0259k m\u00fcmk\u00fcn deyil. V\u0259ziyy\u0259ti d\u0259yi\u015fdirm\u0259k, xalq\u0131 \u00f6z haqq\u0131 ugrunda m\u00fcbariz\u0259y\u0259 qald\u0131rma\u011f\u0131n \u0259n \u00f6n\u0259mli \u00fcs\u00fcllar\u0131ndan biri toplumun aras\u0131nda siyasi maarif\u00e7ilik i\u015fi aparmaq, xalq\u0131 bu m\u00fcbariz\u0259y\u0259 inand\u0131rmaqd\u0131r. M\u0259hz hakimiyy\u0259t bu i\u015fin apar\u0131lmas\u0131ndan qorxdu\u011fu \u00fc\u00e7\u00fcn naraz\u0131 xalq k\u00fctl\u0259l\u0259rinin aras\u0131na ictimai f\u0259allar\u0131n \u00e7\u0131xmas\u0131n\u0131 ist\u0259mir v\u0259 h\u0259mi\u015f\u0259 bunu m\u00fcxt\u0259lif yollarla \u0259ng\u0259ll\u0259m\u0259y\u0259 \u00e7al\u0131\u015f\u0131r. Biz bu hal\u0131 2013- c\u00fc ild\u0259 \u0130smay\u0131ll\u0131 hadis\u0259l\u0259ri zaman\u0131 \u0130lqar M\u0259mm\u0259dov v\u0259 Tofiq Yaqublunun h\u0259tta m\u0259lum hadis\u0259d\u0259n sonra ad\u0131 \u00e7\u0259kil\u0259n rayona s\u0259f\u0259r etm\u0259l\u0259ri, el\u0259c\u0259 d\u0259 bir ne\u00e7\u0259 ay \u00f6nc\u0259 Ming\u0259\u00e7evird\u0259 polis \u015f\u00f6b\u0259sind\u0259 q\u0259tl\u0259 yetiril\u0259n g\u0259ncin \u00f6l\u00fcm\u00fcn\u0259 etiraz \u0259lam\u0259ti olaraq insanlar\u0131n k\u00fc\u00e7\u0259l\u0259r\u0259 \u00e7\u0131xmas\u0131 v\u0259 bu hadis\u0259l\u0259r zaman\u0131 hakimiyy\u0259tin t\u0259la\u015f v\u0259 qorxu i\u00e7ind\u0259 g\u00f6st\u0259rdiyi zorak\u0131 adekvat reaksiyada g\u00f6rd\u00fck.\n<\/p>\n<p>\n  <b><br \/>\n    Birg\u0259 \u0130\u015f\u00e7i Qrupun bir ili&#8230;<br \/>\n  <\/b>\n<\/p>\n<p>\n  Siyasi m\u0259hbuslar\u0131n azadl\u0131\u011fa burax\u0131lmas\u0131 \u00fc\u00e7\u00fcn artan beyn\u0259lxalq t\u0259pkil\u0259ri s\u0259ngitm\u0259k m\u0259qs\u0259di il\u0259 hakimiyy\u0259t bir il bundan \u00f6nc\u0259 \u0130nsan haqlar\u0131 il\u0259 ba\u011fl\u0131 Birg\u0259 \u0130\u015f\u00e7i Qrup yaratd\u0131. Qrupa Prezident Adiminstrasiyas\u0131n\u0131n, b\u0259zi nazirlik v\u0259 komit\u0259l\u0259rin n\u00fcmay\u0259nd\u0259l\u0259ri il\u0259 yana\u015f\u0131, Milli M\u0259clis \u00fczvl\u0259ri, el\u0259c\u0259 d\u0259 v\u0259t\u0259nda\u015f c\u0259miyy\u0259tinin t\u0259msil\u00e7il\u0259ri d\u0259 t\u0259yin olundu. H\u0259l\u0259 o zaman bildirdik ki, siyasi m\u0259hbuslar\u0131n azad olunmas\u0131 \u00fc\u00e7\u00fcn bu kimi qruplar\u0131n yarad\u0131lmas\u0131na ehtiyac yoxdur. Bel\u0259 qurumlar\u0131n yarad\u0131lmas\u0131 hakimiyy\u0259tin manevr v\u0259 imitasiya imkanlar\u0131n\u0131 geni\u015fl\u0259ndirm\u0259y\u0259 xidm\u0259t edir. \u00c7a\u011f\u0131r\u0131\u015f etdik ki, he\u00e7 olmasa v\u0259t\u0259nda\u015f c\u0259miyy\u0259ti t\u0259msil\u00e7il\u0259ri ad\u0131 alt\u0131nda b\u0259zi h\u00fcquq m\u00fcdafi\u0259\u00e7il\u0259ri h\u00f6k\u00fcm\u0259tin bu imitasiya oyununda i\u015ftirak etm\u0259sinl\u0259r. \u018fksin\u0259 h\u0259min insanlar bildirdil\u0259r ki, imkan v\u0259 vaxt verin biz bu probleml\u0259ri h\u0259ll ed\u0259c\u0259yik.\n<\/p>\n<p>\n  \u00d6t\u0259n bir il g\u00f6st\u0259rdi ki, h\u0259qiq\u0259t\u0259n \u0130nsan haqlar\u0131 il\u0259 ba\u011fl\u0131 yarad\u0131lan Birg\u0259 \u0130\u015f\u00e7i Qrup geni\u015f s\u0259lahiyy\u0259tli kontigent\u0259 malik olmas\u0131na baxmayaraq, \u00f6lk\u0259d\u0259 siyasi m\u0259hbus probleminin h\u0259ll edilm\u0259si, el\u0259c\u0259 d\u0259 insan haqlar\u0131n\u0131n m\u00fcdafi\u0259si il\u0259 ba\u011fl\u0131 h\u0259r hans\u0131 ciddi i\u015f g\u00f6r\u0259 bilm\u0259di. D\u00fczd\u00fcr, quruma daxil olan b\u0259zi ayr\u0131- ayr\u0131 \u015f\u0259xsl\u0259r problemin \u00e7\u00f6z\u00fclm\u0259si istiqam\u0259tind\u0259 m\u00fc\u0259yy\u0259n t\u0259\u015f\u0259bb\u00fcsl\u0259r g\u00f6st\u0259rdil\u0259r. Lakin bu t\u0259\u015f\u0259bb\u00fcsl\u0259r qar\u015f\u0131ya qoyulan missiyan\u0131n yerin\u0259 yetirilm\u0259si \u00fc\u00e7\u00fcn yet\u0259rli olmad\u0131. \u00c7\u00fcnki h\u0259mi\u015f\u0259 dediyimiz bu fikri yen\u0259 t\u0259krarlayaraq bildir\u0259k ki, Az\u0259rbaycanda siyasi m\u0259hbus probleminin m\u00f6vcudlu\u011fu bu hakimiyy\u0259tin mahiyy\u0259ti, varl\u0131\u011f\u0131 il\u0259 s\u0131x ba\u011fl\u0131d\u0131r. G\u00fccl\u00fc t\u0259sirl\u0259rin fonunda siyasi irad\u0259 n\u00fcmayi\u015f olunmasa, \u0259n y\u00fcks\u0259k s\u0259viyy\u0259l\u0259rd\u0259 bel\u0259 yarad\u0131lm\u0131\u015f qurumlar \u00f6lk\u0259d\u0259 insan haqlar\u0131, siyasi m\u0259hbuslarla ba\u011fl\u0131 problemi h\u0259ll ed\u0259 bilm\u0259z.\n<\/p>\n<p>\n  <b><br \/>\n    Siyasi m\u0259hbuslara qar\u015f\u0131 qisas\u00e7\u0131 v\u0259 amans\u0131z m\u00fcnasib\u0259t&#8230;<br \/>\n  <\/b>\n<\/p>\n<p>\n  Hakimiyy\u0259tin siyasi m\u0259hbuslara g\u00f6st\u0259rdiyi m\u00fcnasib\u0259t ortadad\u0131r. Hakimiyy\u0259t etm\u0259diyi cinay\u0259t\u0259 g\u00f6r\u0259 ictimai f\u0259allar\u0131 \u015f\u0259rl\u0259y\u0259r\u0259k h\u0259bs edir, onlara qar\u015f\u0131 cinay\u0259t m\u0259c\u0259ll\u0259sinin a\u011f\u0131rla\u015fd\u0131r\u0131c\u0131 madd\u0259l\u0259ri il\u0259 cinay\u0259t i\u015fi a\u00e7\u0131r. \u018fdal\u0259tsiz m\u0259hk\u0259m\u0259 h\u00f6km\u00fc il\u0259 fantastik v\u0259 a\u011f\u0131r c\u0259za t\u0259yin edir. Amma anoloji cinay\u0259ti t\u00f6r\u0259d\u0259n dig\u0259r insanlara, x\u00fcsus\u0259n d\u00f6vl\u0259t \u0259mlak\u0131n\u0131 v\u0259 b\u00fcdc\u0259sini m\u0259nims\u0259y\u0259n v\u0259zif\u0259li korrupsioner \u015f\u0259xsl\u0259r\u0259, h\u0259tta adam \u00f6l\u00fcm\u00fc il\u0259 n\u0259tic\u0259l\u0259n\u0259n m\u0259mur \u00f6vladlar\u0131n\u0131n m\u0259suliyy\u0259tsiz h\u0259r\u0259k\u0259tl\u0259rin\u0259 g\u00f6r\u0259 ya y\u00fcng\u00fcl, ya da \u015f\u0259rti c\u0259za t\u0259yin olunur. D\u00f6vl\u0259t ba\u015f\u00e7\u0131s\u0131 t\u0259r\u0259find\u0259n imzalanan \u0259fv s\u0259r\u0259ncamlar\u0131nda is\u0259 daha \u00e7ox bu katqoriyadan olan m\u0259hkumlar azadl\u0131\u011fa burax\u0131l\u0131r. Yeri g\u0259lmi\u015fk\u0259n sonuncu d\u0259f\u0259 imzalanan \u0259fv s\u0259r\u0259ncam\u0131 7 ay bundan \u00f6nc\u0259 olub.\n<\/p>\n<p>\n  C\u0259mi bir ne\u00e7\u0259 siyasi m\u0259hbusun ad\u0131n\u0131n yer ald\u0131\u011f\u0131 h\u0259min \u0259fv siyah\u0131s\u0131nda 101 m\u0259hkumun yar\u0131dan \u00e7oxu (59 n\u0259f\u0259r) a\u011f\u0131r cinay\u0259t t\u00f6r\u0259tm\u0259kd\u0259 ittiham olunaraq Bak\u0131 v\u0259 regionlarda yerl\u0259\u015f\u0259n A\u011f\u0131r Cinay\u0259tl\u0259r M\u0259hk\u0259m\u0259sinin h\u00f6km\u00fc il\u0259 azadl\u0131qdan m\u0259hrum olunublar (bax;<br \/>\n  <a href=\"http:\/\/www.president.az\/articles\/14580\"><br \/>\n    http:\/\/www.president.az\/articles\/14580<br \/>\n  <\/a><br \/>\n  ). Onlar\u0131n bir \u00e7oxlar\u0131 haqq\u0131nda m\u0259hk\u0259m\u0259 h\u00f6km\u00fc yeni idi- 2013 v\u0259 2014- c\u00fc il&#8230; Y\u0259ni o \u015f\u0259xsl\u0259r he\u00e7 c\u0259zalar\u0131n\u0131n 1\/3- ni, 1\/4- ni bel\u0259 \u00e7\u0259km\u0259yibl\u0259r. Hakimiyy\u0259t siyasi m\u0259hbuslara qar\u015f\u0131 a\u00e7\u0131qca ayr\u0131- se\u00e7kilik, k\u0259skin qisas\u00e7\u0131 v\u0259 amans\u0131z r\u0259ftar n\u00fcmayi\u015f etdirir. T\u0259kc\u0259 60 ya\u015fl\u0131 ah\u0131l qad\u0131n, tan\u0131nm\u0131\u015f h\u00fcquq m\u00fcdafi\u0259\u00e7isi Leyla Yunusa veril\u0259n i\u015fg\u0259nc\u0259l\u0259r, onun s\u0259hh\u0259tin\u0259 olan laqeyd m\u00fcnasib\u0259t bu r\u0259ftar\u0131n s\u0259viyy\u0259sini v\u0259 d\u0259r\u0259c\u0259sini g\u00f6st\u0259r\u0259 bil\u0259r. V\u0259 yaxud Erm\u0259nistan m\u00fcxalif\u0259tinin Qriqoriyan adl\u0131 geydirm\u0259 liderini, hans\u0131sa erm\u0259ni d\u0131\u011fas\u0131n\u0131 t\u0259m- taraqla Bak\u0131ya g\u0259tirib, s\u0131\u011f\u0131nacaq ver\u0259n, onu evl\u0259, yem\u0259kl\u0259 t\u0259min edib t\u0259hl\u00fck\u0259sizliyini qoruyan Az\u0259rbaycan hakimiyy\u0259ti Tofiq Yaqublunun, Asif Yusiflinin timsal\u0131nda erm\u0259nil\u0259r\u0259 g\u00fcll\u0259 atan Qaraba\u011f qazil\u0259rini- \u00f6z v\u0259t\u0259nda\u015flar\u0131n\u0131 h\u0259bsxanada \u00e7\u00fcr\u00fcd\u00fcr. Onlara gen d\u00fcnyan\u0131 dar edir, ugrunda can\u0131n\u0131 qoydu\u011fu \u00f6lk\u0259d\u0259 ail\u0259si il\u0259 birg\u0259 adam kimi ya\u015fama\u011fa imkan vermir.\n<\/p>\n<p>\n  <b><br \/>\n    Siyasi m\u0259hbuslar\u0131n azadl\u0131\u011f\u0131 \u00fc\u00e7\u00fcn&#8230;<br \/>\n  <\/b>\n<\/p>\n<p>\n  Siyasi m\u0259hbuslar toplumun bir hiss\u0259sidir. Onlar\u0131 xalqdan ayr\u0131 t\u0259s\u0259vv\u00fcr etm\u0259k qeyri- m\u00fcmk\u00fcnd\u00fcr. \u0259ksin\u0259 onlar\u0131n b\u00f6y\u00fck \u0259ks\u0259riyy\u0259ti ictimai d\u0259y\u0259rl\u0259r ugrunda apard\u0131qlar\u0131 m\u00fcbariz\u0259y\u0259 g\u00f6r\u0259 \u015f\u0259rl\u0259n\u0259r\u0259k h\u0259bs olunublar. Onlar\u0131n azadl\u0131\u011fa \u00e7\u0131xmas\u0131 h\u0259m d\u0259 toplumun \u00fcmumi maraqlar\u0131na uy\u011fundur. Y\u0259ni onlar\u0131n azadl\u0131\u011f\u0131 m\u0259s\u0259l\u0259si toplumun mara\u011f\u0131nda olmal\u0131d\u0131r. Amma g\u0259lin ki\u00e7ik bir r\u0259y sor\u011fusu ke\u00e7ir\u0259k, g\u00f6r\u0259k \u00f6lk\u0259 \u0259halisinin ne\u00e7\u0259 faizi haz\u0131rda h\u0259bsd\u0259 olan siyasi m\u0259hbuslar\u0131 tan\u0131y\u0131r. Kims\u0259 iddia ed\u0259 bil\u0259r ki, siyasi m\u0259hbuslar c\u0259miyy\u0259t\u0259 kifay\u0259t q\u0259d\u0259r tan\u0131d\u0131lm\u0131r. Amma etiraf etm\u0259k laz\u0131md\u0131r ki, c\u0259miyy\u0259t d\u0259 onlar\u0131 tan\u0131ma\u011fa kifay\u0259t q\u0259d\u0259r maraq g\u00f6st\u0259rmir.\n<\/p>\n<p>\n  Deyil\u0259nl\u0259rd\u0259n bu n\u0259tic\u0259y\u0259 g\u0259lm\u0259k olar ki, toplum h\u0259l\u0259 onun maraqlar\u0131na uy\u011fun m\u0259s\u0259l\u0259l\u0259r\u0259 v\u0259 \u015f\u0259xsl\u0259r\u0259 kifay\u0259t q\u0259d\u0259r adekvat deyil. Toplumun siyasi c\u0259h\u0259td\u0259n maarifl\u0259nm\u0259sin\u0259 ehtiyac var. Azad olmayan v\u0259 \u00f6z\u00fcn\u00fc azad ed\u0259 bilm\u0259y\u0259n c\u0259miyy\u0259tin onun maraqlar\u0131n\u0131 m\u00fcdafi\u0259 ed\u0259n hans\u0131sa t\u0259b\u0259q\u0259ni v\u0259 ya \u015f\u0259xsl\u0259ri azad etm\u0259si \u00e7ox \u00e7\u0259tindir. Ona g\u00f6r\u0259 d\u0259 toplumun azad olunmas\u0131 \u00f6n plana \u00e7\u0131x\u0131r. Toplumun azad olunmas\u0131 h\u0259m d\u0259 siyasi m\u0259hbuslar\u0131n azad olunmas\u0131d\u0131r. Toplum \u00f6z\u00fc qorxu v\u0259 \u0259sar\u0259t y\u00fck\u00fcnd\u0259n azad olunanda d\u0259rk ed\u0259 bil\u0259r ki, Azadl\u0131q b\u00f6y\u00fck nem\u0259tdir. Onu da d\u0259rk ed\u0259c\u0259k ki, onun azadl\u0131\u011fa u\u011frunda indiy\u0259 q\u0259d\u0259r m\u00fcbariz\u0259 aparanlar\u0131n \u00f6n\u0259mli v\u0259 \u0259h\u0259miyy\u0259tli bir hiss\u0259si d\u0259 bu g\u00fcn h\u0259bsd\u0259 olan siyasi m\u0259hbuslard\u0131r.\n<\/p>\n<p>\n  Toplum azadl\u0131\u011f\u0131n n\u0259 oldu\u011funu d\u0259rk ed\u0259nd\u0259 onun m\u00f6vcudlu\u011fu v\u0259 qorunmas\u0131 ugrunda daha q\u0259tiyy\u0259tli m\u00fcbariz\u0259 aparacaq. \u0130ndiki halda bizim \u0259sas v\u0259zif\u0259l\u0259rimizd\u0259n biri toplumu h\u0259qiqi azadl\u0131\u011fa \u00e7atd\u0131rmaq, onun n\u0259 q\u0259d\u0259r vacib v\u0259 \u0259h\u0259miyy\u0259tli bir nem\u0259t oldu\u011funu ona d\u0259rk etdirm\u0259kdir. Toplum azad olanda \u00f6lk\u0259d\u0259 siyasi m\u0259hbus problemi d\u0259 olmayacaq. \u00c7\u00fcnki azadl\u0131q \u0259ld\u0259 ed\u0259n toplumda, c\u0259miyy\u0259td\u0259 s\u00fcni \u015f\u0259kild\u0259 insan azadl\u0131\u011f\u0131n\u0131n m\u0259hdudla\u015fd\u0131r\u0131lmas\u0131 kimi probleml\u0259rin m\u00f6vcudlu\u011fu \u00e7\u0259tin olacaq. Ona g\u00f6r\u0259 d\u0259 siyasi m\u0259hbuslar\u0131n azadl\u0131\u011f\u0131na ged\u0259n yol h\u0259m d\u0259 toplumun azadl\u0131\u011f\u0131ndan ke\u00e7ir. Toplumun azadl\u0131\u011f\u0131na ged\u0259n yol is\u0259 siyasi maarif\u00e7ilikd\u0259n v\u0259 t\u0259\u015fkilat\u00e7\u0131l\u0131qdan ke\u00e7ir.\n<\/p>\n<p>\n  &#8230;Siyasi m\u0259hbuslar\u0131n azadl\u0131\u011f\u0131 ugrunda m\u00fcbariz\u0259 aparmaq h\u0259r bir insan\u0131n h\u0259m d\u0259 vicdan borcudur. \u00c7\u00fcnki onlar ba\u015fqalar\u0131n\u0131n haqq\u0131 v\u0259 azadl\u0131\u011f\u0131 ugrunda m\u00fcbariz\u0259 aparark\u0259n \u00f6z azadl\u0131qlar\u0131n\u0131 qurban veribl\u0259r. Onlar\u0131n azadl\u0131\u011fa \u00e7\u0131xma\u011f\u0131 h\u0259m d\u0259 bizl\u0259rin apard\u0131\u011f\u0131 m\u00fcbariz\u0259nin effektind\u0259n v\u0259 g\u00fcc\u00fcnd\u0259n, toplumun maarifl\u0259nm\u0259sind\u0259n v\u0259 t\u0259\u015fkilatlanmas\u0131ndan as\u0131l\u0131d\u0131r. G\u0259lin siyasi m\u0259hbuslar\u0131n azadl\u0131\u011f\u0131 ugrunda m\u00fcbariz\u0259mizi birl\u0259\u015fdir\u0259k v\u0259 g\u00fccl\u0259ndir\u0259k! Bu problem bizd\u0259n sonrak\u0131 n\u0259sil\u0259 buraxmayaraq. Unutmayaq ki, \u201csiyasi m\u0259hbuslars\u0131z Az\u0259rbaycan\u201d- da ya\u015famaq h\u0259m d\u0259 normal, demokratik, sivil c\u0259miyy\u0259td\u0259, \u00f6lk\u0259d\u0259 ya\u015fama\u011f\u0131n \u0259sas \u015f\u0259rtl\u0259rind\u0259n biridir.\n<\/p>\n<p>\n  <i><br \/>\n    <b><br \/>\n      Yaz\u0131 m\u00fc\u0259llifin \u015f\u0259xsi fikirl\u0259rini \u0259ks etdirir&#8230;<br \/>\n    <\/b><br \/>\n  <\/i><\/p>\n","protected":false},"excerpt":{"rendered":"<p>\u0130nsan\u0131n vicdan borcu<\/p>\n","protected":false},"author":11,"featured_media":35039,"comment_status":"closed","ping_status":"open","sticky":false,"template":"","format":"standard","meta":{"_acf_changed":false,"_sitemap_exclude":false,"_sitemap_priority":"","_sitemap_frequency":"","footnotes":""},"categories":[57],"tags":[],"class_list":["post-170315","post","type-post","status-publish","format-standard","has-post-thumbnail","hentry","category-menim-fikrimce","infinite-scroll-item","generate-columns","tablet-grid-50","mobile-grid-100","grid-parent","grid-33","no-featured-image-padding"],"acf":[],"yoast_head":"<!-- This site is optimized with the Yoast SEO plugin v27.5 - https:\/\/yoast.com\/product\/yoast-seo-wordpress\/ -->\n<title>Siyasi m\u0259hbuslar\u0131n azadl\u0131\u011f\u0131 \u00fc\u00e7\u00fcn... - MEYDAN.TV<\/title>\n<meta name=\"robots\" content=\"index, follow, max-snippet:-1, max-image-preview:large, max-video-preview:-1\" \/>\n<link rel=\"canonical\" href=\"https:\/\/www.meydan.tv\/az\/article\/siyasi-mehbuslarin-azadligi-ucun\/\" \/>\n<meta property=\"og:locale\" content=\"az_AZ\" \/>\n<meta property=\"og:type\" content=\"article\" \/>\n<meta property=\"og:title\" content=\"Siyasi m\u0259hbuslar\u0131n azadl\u0131\u011f\u0131 \u00fc\u00e7\u00fcn... - MEYDAN.TV\" \/>\n<meta property=\"og:description\" content=\"\u0130nsan\u0131n vicdan borcu\" \/>\n<meta property=\"og:url\" content=\"https:\/\/www.meydan.tv\/az\/article\/siyasi-mehbuslarin-azadligi-ucun\/\" \/>\n<meta property=\"og:site_name\" content=\"MEYDAN.TV\" \/>\n<meta property=\"article:published_time\" content=\"2015-10-09T02:27:13+00:00\" \/>\n<meta property=\"og:image\" content=\"https:\/\/www.meydan.tv\/wp-content\/uploads\/13109.jpg\" \/>\n\t<meta property=\"og:image:width\" content=\"400\" \/>\n\t<meta property=\"og:image:height\" content=\"400\" \/>\n\t<meta property=\"og:image:type\" content=\"image\/jpeg\" \/>\n<meta name=\"author\" content=\"user-manager\" \/>\n<meta name=\"twitter:card\" content=\"summary_large_image\" \/>\n<script type=\"application\/ld+json\" class=\"yoast-schema-graph\">{\"@context\":\"https:\\\/\\\/schema.org\",\"@graph\":[{\"@type\":\"Article\",\"@id\":\"https:\\\/\\\/www.meydan.tv\\\/az\\\/article\\\/siyasi-mehbuslarin-azadligi-ucun\\\/#article\",\"isPartOf\":{\"@id\":\"https:\\\/\\\/www.meydan.tv\\\/az\\\/article\\\/siyasi-mehbuslarin-azadligi-ucun\\\/\"},\"author\":{\"name\":\"user-manager\",\"@id\":\"https:\\\/\\\/www.meydan.tv\\\/az\\\/#\\\/schema\\\/person\\\/10d11eccf6da3662cf5fdab9806ea91a\"},\"headline\":\"Siyasi m\u0259hbuslar\u0131n azadl\u0131\u011f\u0131 \u00fc\u00e7\u00fcn&#8230;\",\"datePublished\":\"2015-10-09T02:27:13+00:00\",\"mainEntityOfPage\":{\"@id\":\"https:\\\/\\\/www.meydan.tv\\\/az\\\/article\\\/siyasi-mehbuslarin-azadligi-ucun\\\/\"},\"wordCount\":2494,\"publisher\":{\"@id\":\"https:\\\/\\\/www.meydan.tv\\\/az\\\/#organization\"},\"image\":{\"@id\":\"https:\\\/\\\/www.meydan.tv\\\/az\\\/article\\\/siyasi-mehbuslarin-azadligi-ucun\\\/#primaryimage\"},\"thumbnailUrl\":\"https:\\\/\\\/www.meydan.tv\\\/wp-content\\\/uploads\\\/13109.jpg\",\"articleSection\":[\"M\u0259nim Fikrimc\u0259\"],\"inLanguage\":\"az\"},{\"@type\":\"WebPage\",\"@id\":\"https:\\\/\\\/www.meydan.tv\\\/az\\\/article\\\/siyasi-mehbuslarin-azadligi-ucun\\\/\",\"url\":\"https:\\\/\\\/www.meydan.tv\\\/az\\\/article\\\/siyasi-mehbuslarin-azadligi-ucun\\\/\",\"name\":\"Siyasi m\u0259hbuslar\u0131n azadl\u0131\u011f\u0131 \u00fc\u00e7\u00fcn... - MEYDAN.TV\",\"isPartOf\":{\"@id\":\"https:\\\/\\\/www.meydan.tv\\\/az\\\/#website\"},\"primaryImageOfPage\":{\"@id\":\"https:\\\/\\\/www.meydan.tv\\\/az\\\/article\\\/siyasi-mehbuslarin-azadligi-ucun\\\/#primaryimage\"},\"image\":{\"@id\":\"https:\\\/\\\/www.meydan.tv\\\/az\\\/article\\\/siyasi-mehbuslarin-azadligi-ucun\\\/#primaryimage\"},\"thumbnailUrl\":\"https:\\\/\\\/www.meydan.tv\\\/wp-content\\\/uploads\\\/13109.jpg\",\"datePublished\":\"2015-10-09T02:27:13+00:00\",\"breadcrumb\":{\"@id\":\"https:\\\/\\\/www.meydan.tv\\\/az\\\/article\\\/siyasi-mehbuslarin-azadligi-ucun\\\/#breadcrumb\"},\"inLanguage\":\"az\",\"potentialAction\":[{\"@type\":\"ReadAction\",\"target\":[\"https:\\\/\\\/www.meydan.tv\\\/az\\\/article\\\/siyasi-mehbuslarin-azadligi-ucun\\\/\"]}]},{\"@type\":\"ImageObject\",\"inLanguage\":\"az\",\"@id\":\"https:\\\/\\\/www.meydan.tv\\\/az\\\/article\\\/siyasi-mehbuslarin-azadligi-ucun\\\/#primaryimage\",\"url\":\"https:\\\/\\\/www.meydan.tv\\\/wp-content\\\/uploads\\\/13109.jpg\",\"contentUrl\":\"https:\\\/\\\/www.meydan.tv\\\/wp-content\\\/uploads\\\/13109.jpg\",\"width\":400,\"height\":400,\"caption\":\"Source:\"},{\"@type\":\"BreadcrumbList\",\"@id\":\"https:\\\/\\\/www.meydan.tv\\\/az\\\/article\\\/siyasi-mehbuslarin-azadligi-ucun\\\/#breadcrumb\",\"itemListElement\":[{\"@type\":\"ListItem\",\"position\":1,\"name\":\"Ana s\u0259hif\u0259\",\"item\":\"https:\\\/\\\/www.meydan.tv\\\/az\\\/\"},{\"@type\":\"ListItem\",\"position\":2,\"name\":\"M\u0259nim Fikrimc\u0259\",\"item\":\"https:\\\/\\\/www.meydan.tv\\\/az\\\/section\\\/menim-fikrimce\\\/\"},{\"@type\":\"ListItem\",\"position\":3,\"name\":\"Siyasi m\u0259hbuslar\u0131n azadl\u0131\u011f\u0131 \u00fc\u00e7\u00fcn&#8230;\"}]},{\"@type\":\"WebSite\",\"@id\":\"https:\\\/\\\/www.meydan.tv\\\/az\\\/#website\",\"url\":\"https:\\\/\\\/www.meydan.tv\\\/az\\\/\",\"name\":\"MEYDAN.TV\",\"description\":\"Meydan TV Az\u0259rbaycan\u0131n media m\u0259kan\u0131ndak\u0131 alternativ s\u0259sidir\",\"publisher\":{\"@id\":\"https:\\\/\\\/www.meydan.tv\\\/az\\\/#organization\"},\"potentialAction\":[{\"@type\":\"SearchAction\",\"target\":{\"@type\":\"EntryPoint\",\"urlTemplate\":\"https:\\\/\\\/www.meydan.tv\\\/az\\\/?s={search_term_string}\"},\"query-input\":{\"@type\":\"PropertyValueSpecification\",\"valueRequired\":true,\"valueName\":\"search_term_string\"}}],\"inLanguage\":\"az\"},{\"@type\":\"Organization\",\"@id\":\"https:\\\/\\\/www.meydan.tv\\\/az\\\/#organization\",\"name\":\"Meydan TV\",\"url\":\"https:\\\/\\\/www.meydan.tv\\\/az\\\/\",\"logo\":{\"@type\":\"ImageObject\",\"inLanguage\":\"az\",\"@id\":\"https:\\\/\\\/www.meydan.tv\\\/az\\\/#\\\/schema\\\/logo\\\/image\\\/\",\"url\":\"https:\\\/\\\/www.meydan.tv\\\/wp-content\\\/uploads\\\/2021\\\/07\\\/meydan-logo.svg\",\"contentUrl\":\"https:\\\/\\\/www.meydan.tv\\\/wp-content\\\/uploads\\\/2021\\\/07\\\/meydan-logo.svg\",\"width\":195,\"height\":46,\"caption\":\"Meydan TV\"},\"image\":{\"@id\":\"https:\\\/\\\/www.meydan.tv\\\/az\\\/#\\\/schema\\\/logo\\\/image\\\/\"}},{\"@type\":\"Person\",\"@id\":\"https:\\\/\\\/www.meydan.tv\\\/az\\\/#\\\/schema\\\/person\\\/10d11eccf6da3662cf5fdab9806ea91a\",\"name\":\"user-manager\"}]}<\/script>\n<!-- \/ Yoast SEO plugin. -->","yoast_head_json":{"title":"Siyasi m\u0259hbuslar\u0131n azadl\u0131\u011f\u0131 \u00fc\u00e7\u00fcn... - MEYDAN.TV","robots":{"index":"index","follow":"follow","max-snippet":"max-snippet:-1","max-image-preview":"max-image-preview:large","max-video-preview":"max-video-preview:-1"},"canonical":"https:\/\/www.meydan.tv\/az\/article\/siyasi-mehbuslarin-azadligi-ucun\/","og_locale":"az_AZ","og_type":"article","og_title":"Siyasi m\u0259hbuslar\u0131n azadl\u0131\u011f\u0131 \u00fc\u00e7\u00fcn... - MEYDAN.TV","og_description":"\u0130nsan\u0131n vicdan borcu","og_url":"https:\/\/www.meydan.tv\/az\/article\/siyasi-mehbuslarin-azadligi-ucun\/","og_site_name":"MEYDAN.TV","article_published_time":"2015-10-09T02:27:13+00:00","og_image":[{"width":400,"height":400,"url":"https:\/\/www.meydan.tv\/wp-content\/uploads\/13109.jpg","type":"image\/jpeg"}],"author":"user-manager","twitter_card":"summary_large_image","schema":{"@context":"https:\/\/schema.org","@graph":[{"@type":"Article","@id":"https:\/\/www.meydan.tv\/az\/article\/siyasi-mehbuslarin-azadligi-ucun\/#article","isPartOf":{"@id":"https:\/\/www.meydan.tv\/az\/article\/siyasi-mehbuslarin-azadligi-ucun\/"},"author":{"name":"user-manager","@id":"https:\/\/www.meydan.tv\/az\/#\/schema\/person\/10d11eccf6da3662cf5fdab9806ea91a"},"headline":"Siyasi m\u0259hbuslar\u0131n azadl\u0131\u011f\u0131 \u00fc\u00e7\u00fcn&#8230;","datePublished":"2015-10-09T02:27:13+00:00","mainEntityOfPage":{"@id":"https:\/\/www.meydan.tv\/az\/article\/siyasi-mehbuslarin-azadligi-ucun\/"},"wordCount":2494,"publisher":{"@id":"https:\/\/www.meydan.tv\/az\/#organization"},"image":{"@id":"https:\/\/www.meydan.tv\/az\/article\/siyasi-mehbuslarin-azadligi-ucun\/#primaryimage"},"thumbnailUrl":"https:\/\/www.meydan.tv\/wp-content\/uploads\/13109.jpg","articleSection":["M\u0259nim Fikrimc\u0259"],"inLanguage":"az"},{"@type":"WebPage","@id":"https:\/\/www.meydan.tv\/az\/article\/siyasi-mehbuslarin-azadligi-ucun\/","url":"https:\/\/www.meydan.tv\/az\/article\/siyasi-mehbuslarin-azadligi-ucun\/","name":"Siyasi m\u0259hbuslar\u0131n azadl\u0131\u011f\u0131 \u00fc\u00e7\u00fcn... - MEYDAN.TV","isPartOf":{"@id":"https:\/\/www.meydan.tv\/az\/#website"},"primaryImageOfPage":{"@id":"https:\/\/www.meydan.tv\/az\/article\/siyasi-mehbuslarin-azadligi-ucun\/#primaryimage"},"image":{"@id":"https:\/\/www.meydan.tv\/az\/article\/siyasi-mehbuslarin-azadligi-ucun\/#primaryimage"},"thumbnailUrl":"https:\/\/www.meydan.tv\/wp-content\/uploads\/13109.jpg","datePublished":"2015-10-09T02:27:13+00:00","breadcrumb":{"@id":"https:\/\/www.meydan.tv\/az\/article\/siyasi-mehbuslarin-azadligi-ucun\/#breadcrumb"},"inLanguage":"az","potentialAction":[{"@type":"ReadAction","target":["https:\/\/www.meydan.tv\/az\/article\/siyasi-mehbuslarin-azadligi-ucun\/"]}]},{"@type":"ImageObject","inLanguage":"az","@id":"https:\/\/www.meydan.tv\/az\/article\/siyasi-mehbuslarin-azadligi-ucun\/#primaryimage","url":"https:\/\/www.meydan.tv\/wp-content\/uploads\/13109.jpg","contentUrl":"https:\/\/www.meydan.tv\/wp-content\/uploads\/13109.jpg","width":400,"height":400,"caption":"Source:"},{"@type":"BreadcrumbList","@id":"https:\/\/www.meydan.tv\/az\/article\/siyasi-mehbuslarin-azadligi-ucun\/#breadcrumb","itemListElement":[{"@type":"ListItem","position":1,"name":"Ana s\u0259hif\u0259","item":"https:\/\/www.meydan.tv\/az\/"},{"@type":"ListItem","position":2,"name":"M\u0259nim Fikrimc\u0259","item":"https:\/\/www.meydan.tv\/az\/section\/menim-fikrimce\/"},{"@type":"ListItem","position":3,"name":"Siyasi m\u0259hbuslar\u0131n azadl\u0131\u011f\u0131 \u00fc\u00e7\u00fcn&#8230;"}]},{"@type":"WebSite","@id":"https:\/\/www.meydan.tv\/az\/#website","url":"https:\/\/www.meydan.tv\/az\/","name":"MEYDAN.TV","description":"Meydan TV Az\u0259rbaycan\u0131n media m\u0259kan\u0131ndak\u0131 alternativ s\u0259sidir","publisher":{"@id":"https:\/\/www.meydan.tv\/az\/#organization"},"potentialAction":[{"@type":"SearchAction","target":{"@type":"EntryPoint","urlTemplate":"https:\/\/www.meydan.tv\/az\/?s={search_term_string}"},"query-input":{"@type":"PropertyValueSpecification","valueRequired":true,"valueName":"search_term_string"}}],"inLanguage":"az"},{"@type":"Organization","@id":"https:\/\/www.meydan.tv\/az\/#organization","name":"Meydan TV","url":"https:\/\/www.meydan.tv\/az\/","logo":{"@type":"ImageObject","inLanguage":"az","@id":"https:\/\/www.meydan.tv\/az\/#\/schema\/logo\/image\/","url":"https:\/\/www.meydan.tv\/wp-content\/uploads\/2021\/07\/meydan-logo.svg","contentUrl":"https:\/\/www.meydan.tv\/wp-content\/uploads\/2021\/07\/meydan-logo.svg","width":195,"height":46,"caption":"Meydan TV"},"image":{"@id":"https:\/\/www.meydan.tv\/az\/#\/schema\/logo\/image\/"}},{"@type":"Person","@id":"https:\/\/www.meydan.tv\/az\/#\/schema\/person\/10d11eccf6da3662cf5fdab9806ea91a","name":"user-manager"}]}},"_links":{"self":[{"href":"https:\/\/www.meydan.tv\/az\/wp-json\/wp\/v2\/posts\/170315","targetHints":{"allow":["GET"]}}],"collection":[{"href":"https:\/\/www.meydan.tv\/az\/wp-json\/wp\/v2\/posts"}],"about":[{"href":"https:\/\/www.meydan.tv\/az\/wp-json\/wp\/v2\/types\/post"}],"author":[{"embeddable":true,"href":"https:\/\/www.meydan.tv\/az\/wp-json\/wp\/v2\/users\/11"}],"replies":[{"embeddable":true,"href":"https:\/\/www.meydan.tv\/az\/wp-json\/wp\/v2\/comments?post=170315"}],"version-history":[{"count":0,"href":"https:\/\/www.meydan.tv\/az\/wp-json\/wp\/v2\/posts\/170315\/revisions"}],"wp:featuredmedia":[{"embeddable":true,"href":"https:\/\/www.meydan.tv\/az\/wp-json\/wp\/v2\/media\/35039"}],"wp:attachment":[{"href":"https:\/\/www.meydan.tv\/az\/wp-json\/wp\/v2\/media?parent=170315"}],"wp:term":[{"taxonomy":"category","embeddable":true,"href":"https:\/\/www.meydan.tv\/az\/wp-json\/wp\/v2\/categories?post=170315"},{"taxonomy":"post_tag","embeddable":true,"href":"https:\/\/www.meydan.tv\/az\/wp-json\/wp\/v2\/tags?post=170315"}],"curies":[{"name":"wp","href":"https:\/\/api.w.org\/{rel}","templated":true}]}}