{"id":170308,"date":"2015-10-08T17:51:50","date_gmt":"2015-10-08T17:51:50","guid":{"rendered":"https:\/\/www.meydan.tv\/article\/eclafligin-rasionallasdirilmasi\/"},"modified":"2015-10-08T17:51:50","modified_gmt":"2015-10-08T17:51:50","slug":"eclafligin-rasionallasdirilmasi","status":"publish","type":"post","link":"https:\/\/www.meydan.tv\/az\/article\/eclafligin-rasionallasdirilmasi\/","title":{"rendered":"\u018fclafl\u0131\u011f\u0131n rasionalla\u015fd\u0131r\u0131lmas\u0131"},"content":{"rendered":"<figure class=\"wp-block-image size-large\">\n  <img decoding=\"async\" src=\"https:\/\/www.meydan.tv\/az\/33844\/\" alt=\"\" class=\"wp-image-33844\"\/><figcaption><\/figcaption><\/figure>\n<figure class=\"wp-block-image size-large\">\n  <img decoding=\"async\" src=\"https:\/\/www.meydan.tv\/az\/34226\/\" alt=\"\" class=\"wp-image-34226\"\/><figcaption><\/figcaption><\/figure>\n<p>\n  S\u0259h\u0259r saat 10:00-da A\u011f\u0131r Cinay\u0259tl\u0259r M\u0259hk\u0259m\u0259sind\u0259 h\u00fcquq\u00e7ular\u0131n \u201cm\u00fc\u0259llim\u201d dey\u0259 xitab etdiyi, \u00f6lk\u0259nin \u0259n tan\u0131nm\u0131\u015f h\u00fcquq m\u00fcdafi\u0259\u00e7isi \u0130ntiqam \u018fliyevin m\u0259hk\u0259m\u0259 prosesidir. Yol boyu ancaq \u00f6lk\u0259d\u0259ki v\u0259ziyy\u0259ti d\u00fc\u015f\u00fcn\u00fcr, a\u011fl\u0131ma min bir fikir g\u0259lir, hiss edir\u0259m ki, g\u00fcn ke\u00e7dikc\u0259 daha da pessimistl\u0259\u015fir\u0259m. Ba\u015f ver\u0259nl\u0259rin d\u0259h\u015f\u0259ti il\u0259 insanlar\u0131n laqeydliyi aras\u0131ndak\u0131 paradoks \u00a0vahim\u0259 yarad\u0131r.\n<\/p>\n<p>\n  M\u0259hk\u0259m\u0259nin qar\u015f\u0131s\u0131 insanlarla doludur, ham\u0131 absurd teatr\u0131 izl\u0259m\u0259k \u00fc\u00e7\u00fcn buraya topla\u015f\u0131b. Tan\u0131d\u0131q simalard\u0131r. H\u0259rd\u0259n d\u00fc\u015f\u00fcn\u00fcr\u0259m, Az\u0259rbaycanda sa\u011flam d\u00fc\u015f\u00fcnd\u00fcy\u00fcn\u00fc hesab el\u0259diyim adamlar\u0131n hams\u0131s\u0131n\u0131 tan\u0131y\u0131ram. Do\u011furdan da, saylar\u0131 \u00e7ox azd\u0131r.\n<\/p>\n<p>\n  M\u0259hk\u0259m\u0259, prosesin \u0259vv\u0259lind\u0259n sonuna kimi saxta, uydurma oldu\u011fu, i\u00e7ind\u0259 bir az \u015f\u00fcbh\u0259si olanlar \u00fc\u00e7\u00fcn d\u0259 m\u0259lum olur. Ham\u0131 ba\u015f ver\u0259nl\u0259rd\u0259n \u00fcmidsizc\u0259sin\u0259 q\u0259z\u0259bli, hirslidir. Biz k\u0259d\u0259rl\u0259 olanlar\u0131 izl\u0259yir, ba\u015f ver\u0259nl\u0259rin d\u0259h\u015f\u0259tini \u00f6z\u00fcm\u00fcz \u00fc\u00e7\u00fcn ayd\u0131nla\u015fd\u0131rma\u011fa \u00e7al\u0131\u015f\u0131r\u0131q. Amma m\u0259n\u0259 maraql\u0131 g\u0259l\u0259n, ir\u0259li s\u00fcr\u00fcl\u0259n absurd, m\u0259ntiqsiz, he\u00e7 bir sa\u011flam a\u011f\u0131la s\u0131\u011fmayan ittihamlar deyil, bu ittihamlar\u0131 ir\u0259li s\u00fcr\u0259n prokuror, onu m\u00fcdafi\u0259 ed\u0259n hakiml\u0259rdir. Arada q\u0131sa \u015f\u0259kild\u0259 romantizm\u0259 dal\u0131b, prokurorun q\u0259fil fikrini d\u0259yi\u015fib, ittiham\u0131n saxta oldu\u011funu dey\u0259c\u0259yini x\u0259yal ed\u0259c\u0259k q\u0259d\u0259r s\u0259feh\u0259m. Prokurorun is\u0259 prosesin \u0259vv\u0259lind\u0259n sonuna kimi m\u00fcthi\u015f \u00f6z\u00fcn\u0259 inaml\u0131 \u00e7\u0131x\u0131\u015f\u0131, ir\u0259li s\u00fcr\u00fcl\u0259n ittiham\u0131 q\u0131z\u011f\u0131nl\u0131qla m\u00fcdafi\u0259 etm\u0259si ham\u0131 kimi m\u0259ni d\u0259 d\u0259rind\u0259n sars\u0131d\u0131r. Prokurorun bu h\u0259r\u0259k\u0259tl\u0259rin\u0259 anlam ver\u0259 bilmir\u0259m.\u00a0 O, a\u00e7\u0131q-a\u015fkar yalan\u0131 m\u00fcdafi\u0259 edir, tamamil\u0259 yalan dan\u0131\u015f\u0131r, amma arada m\u0259n\u0259 el\u0259 g\u0259lir, o dan\u0131\u015fd\u0131\u011f\u0131 yalanlar\u0131na m\u00f6hk\u0259m\u00a0 inan\u0131r.\n<\/p>\n<p>\n  <b><br \/>\n    A\u011f\u0131l\u0131n sakitl\u0259\u015fdirilm\u0259si<br \/>\n  <\/b>\n<\/p>\n<p>\n  8 May 1919-c\u00fc ild\u0259 Rusiyada anadan olub, sonradan Amerikaya miqrasiya ed\u0259n Leon Festinger psixologiya sah\u0259sind\u0259 yeniliy\u0259 imza at\u0131r. Onun 1957-ci ild\u0259 yazd\u0131\u011f\u0131 (\u201cThe Theory of Cognitive Dissonance\u201d) \u201cKoqnitiv Dissonans\u0131n n\u0259z\u0259riyy\u0259si\u201d i\u015fi b\u00fct\u00fcn d\u00fcnyada m\u0259\u015fhurla\u015f\u0131r. Festinger yaz\u0131rd\u0131: \u201cF\u0259rdd\u0259 m\u00fcxt\u0259lif, uy\u011funsuz ideyalar\u0131n eyni anda m\u00f6vcud olmas\u0131, insanda motivasiya g\u00fcc\u00fc yarad\u0131r. Bu g\u00fcc vasit\u0259sil\u0259 insanlar \u00f6z h\u0259r\u0259k\u0259tl\u0259rini ideyalar\u0131na uy\u011funla\u015fd\u0131rmaq \u0259v\u0259zin\u0259, m\u00fcvafiq h\u0259yat \u015f\u0259raitl\u0259ri daxilind\u0259 ideyalar\u0131n\u0131 \u00f6z h\u0259r\u0259k\u0259tl\u0259rin\u0259 uy\u011funla\u015fd\u0131rma\u011fa \u00e7al\u0131\u015f\u0131rlar\u201d.\n<\/p>\n<p>\n  Festinger \u00e7ox inad\u00e7\u0131 eksprimentor olub. O, Koqnitiv Dissonans n\u0259z\u0259riyy\u0259sini s\u00fcbut etm\u0259k \u00fc\u00e7\u00fcn son d\u0259r\u0259c\u0259 m\u00fcr\u0259kk\u0259b t\u0259cr\u00fcb\u0259l\u0259r ke\u00e7irdib. Bu t\u0259cr\u00fcb\u0259l\u0259r n\u0259tic\u0259sind\u0259 o, insan a\u011fl\u0131n\u0131n rasionalla\u015fd\u0131r\u0131lma\u011fa meyilli oldu\u011funu a\u015fkarlay\u0131b.\n<\/p>\n<p>\n  Qeyd : Rasionalla\u015fd\u0131rma \u2013 psixoloji m\u00fcdafi\u0259 m\u00fcxanizmi kimi \u00e7ox geni\u015f yay\u0131l\u0131b. Bu mexanizm vasit\u0259sil\u0259 insan, \u0259slind\u0259 do\u011fru olmayan, reall\u0131qdan uzaq fikirl\u0259rin\u0259, hissl\u0259rin\u0259, h\u0259r\u0259k\u0259tl\u0259rin\u0259 haqq qazand\u0131rma\u011fa, onlar\u0131 \u0259n uy\u011fun yoldan izah etm\u0259y\u0259 c\u0259hd edir. Rasionalla\u015fd\u0131rma \u00f6z\u00fcn\u0259 h\u00f6rm\u0259ti qoruma\u011fa, m\u0259suliyy\u0259td\u0259n yay\u0131nma\u011fa v\u0259 g\u00fcnah hissi ke\u00e7irtm\u0259m\u0259y\u0259 k\u00f6m\u0259k edir.\n<\/p>\n<p>\n  Ke\u00e7iril\u0259n t\u0259cr\u00fcb\u0259l\u0259rin birind\u0259 insanlar\u0131n bir qismin\u0259 bir dollar, dig\u0259rin\u0259 iyirmi dollar verilir ki, onlar yalan dan\u0131\u015fs\u0131n. T\u0259cr\u00fcb\u0259nin sonunda m\u0259lum olur ki, bir dollar alan insanlar dedikl\u0259ri yalanlara iyirmi dollar alanlardan daha \u00e7ox inan\u0131r, onlar\u0131 daha q\u0131z\u011f\u0131nl\u0131qla m\u00fcdafi\u0259 edir. Bu t\u0259cr\u00fcb\u0259 bir \u00e7ox ba\u015fqa \u00f6lk\u0259l\u0259rd\u0259 d\u0259 ke\u00e7irilir, n\u0259tic\u0259 yen\u0259 a\u015fa\u011f\u0131-yuxar\u0131 eyni olur. Bu, niy\u0259 bel\u0259 olur?\n<\/p>\n<p>\n  Festinger izah edir ki, bir dollara g\u00f6r\u0259 \u00f6z yalan\u0131na haqq qazand\u0131rmaq asan deyil: ax\u0131, siz \u0259vv\u0259l-ax\u0131r a\u011f\u0131ll\u0131 v\u0259 praktik insans\u0131z. A\u011f\u0131ll\u0131 v\u0259 praktik insanlar is\u0259 ciddi \u0259saslar olmadan xo\u015fag\u0259lm\u0259z h\u0259r\u0259k\u0259tl\u0259r t\u00f6r\u0259tmirl\u0259r. N\u0259tic\u0259d\u0259, siz \u00f6z s\u00f6zl\u0259rinizi geri g\u00f6t\u00fcr\u0259 bilm\u0259diyinizd\u0259n, pulu &#8211; q\u0259pik-quru\u015f &#8211; ald\u0131\u011f\u0131n\u0131zdan, \u00f6z fikirl\u0259rinizi h\u0259r\u0259k\u0259tl\u0259riniz\u0259 uy\u011funla\u015fd\u0131rma\u011fa \u00e7al\u0131\u015f\u0131rs\u0131z. Bunu etm\u0259kd\u0259 m\u0259qs\u0259diniz is\u0259, \u00f6z\u00fcn\u00fcz haqda olan t\u0259s\u0259vv\u00fcrl\u0259, etdiyiniz h\u0259r\u0259k\u0259tin uy\u011funsuzlu\u011funu (dissonans\u0131n\u0131) yum\u015faltma\u011fa \u00e7al\u0131\u015fmaqd\u0131r. Maraql\u0131d\u0131r ki, iyirmi dollar alanlar sonradan deyirdil\u0259r ki, \u201cB\u0259li, m\u0259n yalan demi\u015f\u0259m, yalan dediyimin d\u0259 f\u0259rqind\u0259 idim, amma ax\u0131, buna g\u00f6r\u0259 biz\u0259 iyirmi dollar veribl\u0259r\u201d. \u0130yirmi dollar alanlar daha az dissonans hiss edibl\u0259r. Onlar \u00f6z yalanlar\u0131na pulun \u00e7oxlu\u011fu il\u0259 haqq qazand\u0131r\u0131blar.\n<\/p>\n<p>\n  Festingerin bu n\u0259z\u0259riy\u0259si insanlar\u0131n bir \u00e7ox ziddiy\u0259tli t\u0259r\u0259fl\u0259rini izah edirdi. Festingerin n\u0259z\u0259riyy\u0259si haqq\u0131nda kitab\u0131n m\u00fc\u0259llifi, psixoloq Lorin Sleyter yaz\u0131rd\u0131: \u201cFeystinger, bu n\u0259z\u0259riyy\u0259 vasit\u0259sil\u0259 o g\u00fcn\u0259 q\u0259d\u0259r ham\u0131ya sirr qalan bir hadis\u0259y\u0259 a\u00e7ar tapd\u0131. Koreya m\u00fcharib\u0259sind\u0259 \u00e7inlil\u0259r t\u0259r\u0259find\u0259n \u0259sir g\u00f6t\u00fcr\u00fcl\u0259n amerikal\u0131 \u0259sg\u0259rl\u0259r \u00e7ox asanl\u0131qla kommunizm\u0259 inanma\u011fa ba\u015flay\u0131r. Bunun \u00fc\u00e7\u00fcn \u00e7inlil\u0259r he\u00e7 bir i\u015fg\u0259nc\u0259y\u0259, t\u0259yziq\u0259 yol verm\u0259d\u0259n, amerikal\u0131 \u0259sg\u0259rl\u0259rd\u0259n anti-amerikan essel\u0259r yazma\u011f\u0131 t\u0259l\u0259b edir. Bunu yazan amerikal\u0131 \u0259sg\u0259rl\u0259r\u0259 bir az d\u00fcy\u00fc v\u0259 ki\u00e7ik \u015fokalad diliml\u0259ri verirl\u0259r. Bel\u0259 yaz\u0131lar yazan amerikal\u0131 \u0259sg\u0259rl\u0259r sonradan kommunist ideyalar\u0131na tap\u0131nma\u011fa ba\u015flay\u0131rlar.\n<\/p>\n<p>\n  Bu fenomen \u00e7oxlar\u0131na q\u0259rib\u0259 g\u0259lir, \u00e7\u00fcnki ham\u0131 inan\u0131r ki, beynin yuyulmas\u0131 \u00fc\u00e7\u00fcn ciddi t\u0259bli\u011fat aparmaq v\u0259 ya b\u00f6y\u00fck m\u0259bl\u0259\u011fd\u0259 r\u00fc\u015fv\u0259tl\u0259r verm\u0259k laz\u0131md\u0131r. Amma dissonans n\u0259z\u0259riyy\u0259si s\u00fcbut edir ki, insan onun fikirl\u0259ri il\u0259 uy\u011fun g\u0259lm\u0259y\u0259n h\u0259r\u0259k\u0259tl\u0259rinin qar\u015f\u0131l\u0131\u011f\u0131nda n\u0259 q\u0259d\u0259r az m\u00fckafat al\u0131rsa, o, bir o q\u0259d\u0259r fikirl\u0259rini d\u0259yi\u015fm\u0259y\u0259 meyilli olur. \u00a0B\u00fct\u00fcn bunlarda n\u0259s\u0259 insan\u0131 al\u00e7aldan bir m\u0259ntiq var. \u018fg\u0259r siz bir par\u00e7a \u015fokalada, bir qutu siqaret\u0259, bir ovuc d\u00fcy\u00fcy\u0259 g\u00f6r\u0259 sat\u0131l\u0131rs\u0131zsa, o zaman siz, bu axmaq h\u0259r\u0259k\u0259tiniz\u0259 haqq qazand\u0131rmaq \u00fc\u00e7\u00fcn inand\u0131r\u0131c\u0131 s\u0259b\u0259b tapmal\u0131s\u0131z, ax\u0131 he\u00e7 kim \u00f6z\u00fcn\u00fc axmaq hesab el\u0259m\u0259k ist\u0259mir\u201d.\n<\/p>\n<p>\n  B\u00fct\u00fcn bu t\u0259cr\u00fcb\u0259l\u0259r\u0259n sonra insanl\u0131\u011fa qar\u015f\u0131 inam\u0131n\u0131 itir\u0259n Festinger yaz\u0131rd\u0131: \u201c\u0130nsanlar \u00f6z iki\u00fczl\u00fckl\u0259rin\u0259 haqq qazand\u0131rmaq \u00fc\u00e7\u00fcn inan\u0131lmaz d\u00fc\u015f\u00fcnc\u0259 gimnastikas\u0131 il\u0259 m\u0259\u015f\u011ful olurlar\u201d. Festinger\u0259 g\u00f6r\u0259 insan rasional varl\u0131q deyil, rasionalla\u015fd\u0131ran varl\u0131qd\u0131r. Festinger bu tap\u0131nt\u0131lar\u0131n\u0131n sonunda insanl\u0131\u011f\u0131na olan inam\u0131n\u0131 itirir.\n<\/p>\n<p>\n  Amma maraql\u0131d\u0131r ki, onun apard\u0131\u011f\u0131 t\u0259cr\u00fcb\u0259l\u0259rd\u0259 b\u00f6y\u00fck \u00e7oxluq eyni davransa da, \u00e7ox az qism insan f\u0259rqli davran\u0131r. H\u0259min bu insanlar yeni paradiqma yaradan, \u015f\u00fcbh\u0259 ed\u0259n, d\u00fc\u015f\u00fcnc\u0259sini \u015f\u0259rait\u0259 g\u00f6r\u0259 yox, \u015f\u0259raiti d\u00fc\u015f\u00fcnc\u0259sin\u0259 (ideyas\u0131na) g\u00f6r\u0259 d\u0259yi\u015f\u0259nl\u0259rdir. Onar lap azd\u0131r, bax, h\u0259min o m\u0259hk\u0259m\u0259nin qar\u015f\u0131s\u0131na g\u0259l\u0259nl\u0259rdir.\n<\/p>\n<p>\n  Az\u0259rbaycanda c\u0259miyy\u0259tin b\u00f6y\u00fck qismi, m\u0259hz bu koqnitiv dissonansdan \u0259ziyy\u0259t \u00e7\u0259kir. \u0130nsanlar eyni anda bir-birin\u0259 t\u0259m\u0259lind\u0259 ziddi olan fikirl\u0259ri, ideyalar\u0131 da\u015f\u0131y\u0131r, \u00e7ox asanl\u0131qla bu ideyalar\u0131 da m\u00f6vcud \u015f\u0259rtl\u0259r\u0259 qurban verir. Festingerin dediyi kimi, onlar rasional varl\u0131qlar deyil, rasionalla\u015fd\u0131ran varl\u0131qlard\u0131r. Festingerin t\u0259cr\u00fcb\u0259sind\u0259ki \u201cbir dollarl\u0131q insanlar\u201d c\u0259miyy\u0259timizd\u0259 a\u011f\u0131rl\u0131q t\u0259\u015fkil edir. \u00d6lk\u0259d\u0259 yeyil\u0259n milyardlarla pulun qar\u015f\u0131l\u0131\u011f\u0131nda, t\u0259bii ki, min dollar el\u0259 bir dollar kimi bir \u015feydir. B\u00fct\u00fcn bu \u201cbir dollarl\u0131q\u201d prokurorlar, hakiml\u0259r, h\u0259kiml\u0259r, m\u00fc\u0259lliml\u0259r\u00a0 v\u0259 dig\u0259r sosial qruplar \u00f6zl\u0259rin\u0259 h\u00f6rm\u0259t hissini qorumaq, m\u0259suliyy\u0259td\u0259n yaxa qurtarmaq, \u00f6z iki\u00fczl\u00fckl\u0259rin\u0259 haqq qazand\u0131rmaq \u00fc\u00e7\u00fcn h\u0259r\u0259k\u0259tl\u0259rini rasionalla\u015fd\u0131rmaqla m\u0259\u015f\u011fuldurlar.\u00a0 \u018fks halda, ald\u0131qlar\u0131 x\u0131rda-xuru\u015flara nec\u0259 haqq qazand\u0131ra bil\u0259rl\u0259r ki?!\n<\/p>\n<p>\n  Ona g\u00f6r\u0259 d\u0259, iyirmi ild\u0259n \u00e7ox koqnitiv dissonans ya\u015fad\u0131qdan sonra \u201cinqlab\u00e7\u0131 s\u0259fir\u201d \u00fcnvan\u0131n\u0131 alan insanlara inana bilm\u0259r\u0259m. Bu insanlar n\u0259 q\u0259d\u0259r savadl\u0131 olsalar da, ideya adam\u0131 deyill\u0259r, onlar asanl\u0131qla \u015f\u0259rait\u0259 uy\u011funla\u015f\u0131b, iki\u00fczl\u00fc davran\u0131\u015f\u0131n\u0131 rasionalla\u015fd\u0131rmaqla m\u0259\u015f\u011ful olublar. \u0130yirmi il eyni davranan insan\u0131n q\u0259fil fikir d\u0259yi\u015fm\u0259si \u0259lb\u0259t ki, \u015f\u0259raitin d\u0259yi\u015fm\u0259si il\u0259 ba\u011fl\u0131d\u0131r.\n<\/p>\n<p>\n  Tarixd\u0259 dissonansdan yaxa qurtarma\u011fa \u00e7a\u011f\u0131ran insanlar az olmay\u0131b, amma \u0259n g\u00f6z\u0259lini Z\u0259rd\u00fc\u015ft m\u00fc\u0259yy\u0259n edib: D\u00fc\u015f\u00fcnc\u0259nin, s\u00f6z\u00fcn v\u0259 h\u0259r\u0259k\u0259tl\u0259rin uy\u011funlu\u011fu.\n<\/p>\n<p>\n  Allah, t\u0259bi\u0259t ana, kosmos he\u00e7 kimi \u015f\u00fcbh\u0259d\u0259n m\u0259hrum etm\u0259sin! \u0130nsanlar d\u0259y\u0259rl\u0259rini, ideyalar\u0131n\u0131 \u015f\u0259rait\u0259 t\u0259slim etm\u0259sin. Amin!\n<\/p>\n<p>\n  <i><br \/>\n    <b><br \/>\n      Yaz\u0131 m\u00fc\u0259llifin \u015f\u0259xsi fikirl\u0259rini \u0259ks etdirir&#8230;<br \/>\n    <\/b><br \/>\n  <\/i><\/p>\n","protected":false},"excerpt":{"rendered":"<p>Koqnitiv dissonansdan \u201cinqilab\u00e7\u0131 s\u0259fir\u201dliy\u0259&#8230;<\/p>\n","protected":false},"author":11,"featured_media":33844,"comment_status":"closed","ping_status":"open","sticky":false,"template":"","format":"standard","meta":{"_acf_changed":false,"_sitemap_exclude":false,"_sitemap_priority":"","_sitemap_frequency":"","footnotes":""},"categories":[57],"tags":[],"class_list":["post-170308","post","type-post","status-publish","format-standard","has-post-thumbnail","hentry","category-menim-fikrimce","infinite-scroll-item","generate-columns","tablet-grid-50","mobile-grid-100","grid-parent","grid-33","no-featured-image-padding"],"acf":[],"yoast_head":"<!-- This site is optimized with the Yoast SEO plugin v27.5 - https:\/\/yoast.com\/product\/yoast-seo-wordpress\/ -->\n<title>\u018fclafl\u0131\u011f\u0131n rasionalla\u015fd\u0131r\u0131lmas\u0131 - MEYDAN.TV<\/title>\n<meta name=\"robots\" content=\"index, follow, max-snippet:-1, max-image-preview:large, max-video-preview:-1\" \/>\n<link rel=\"canonical\" href=\"https:\/\/www.meydan.tv\/az\/article\/eclafligin-rasionallasdirilmasi\/\" \/>\n<meta property=\"og:locale\" content=\"az_AZ\" \/>\n<meta property=\"og:type\" content=\"article\" \/>\n<meta property=\"og:title\" content=\"\u018fclafl\u0131\u011f\u0131n rasionalla\u015fd\u0131r\u0131lmas\u0131 - MEYDAN.TV\" \/>\n<meta property=\"og:description\" content=\"Koqnitiv dissonansdan \u201cinqilab\u00e7\u0131 s\u0259fir\u201dliy\u0259...\" \/>\n<meta property=\"og:url\" content=\"https:\/\/www.meydan.tv\/az\/article\/eclafligin-rasionallasdirilmasi\/\" \/>\n<meta property=\"og:site_name\" content=\"MEYDAN.TV\" \/>\n<meta property=\"article:published_time\" content=\"2015-10-08T17:51:50+00:00\" \/>\n<meta property=\"og:image\" content=\"https:\/\/www.meydan.tv\/wp-content\/uploads\/12687.jpg\" \/>\n\t<meta property=\"og:image:width\" content=\"500\" \/>\n\t<meta property=\"og:image:height\" content=\"500\" \/>\n\t<meta property=\"og:image:type\" content=\"image\/jpeg\" \/>\n<meta name=\"author\" content=\"user-manager\" \/>\n<meta name=\"twitter:card\" content=\"summary_large_image\" \/>\n<script type=\"application\/ld+json\" class=\"yoast-schema-graph\">{\"@context\":\"https:\\\/\\\/schema.org\",\"@graph\":[{\"@type\":\"Article\",\"@id\":\"https:\\\/\\\/www.meydan.tv\\\/az\\\/article\\\/eclafligin-rasionallasdirilmasi\\\/#article\",\"isPartOf\":{\"@id\":\"https:\\\/\\\/www.meydan.tv\\\/az\\\/article\\\/eclafligin-rasionallasdirilmasi\\\/\"},\"author\":{\"name\":\"user-manager\",\"@id\":\"https:\\\/\\\/www.meydan.tv\\\/az\\\/#\\\/schema\\\/person\\\/10d11eccf6da3662cf5fdab9806ea91a\"},\"headline\":\"\u018fclafl\u0131\u011f\u0131n rasionalla\u015fd\u0131r\u0131lmas\u0131\",\"datePublished\":\"2015-10-08T17:51:50+00:00\",\"mainEntityOfPage\":{\"@id\":\"https:\\\/\\\/www.meydan.tv\\\/az\\\/article\\\/eclafligin-rasionallasdirilmasi\\\/\"},\"wordCount\":1654,\"publisher\":{\"@id\":\"https:\\\/\\\/www.meydan.tv\\\/az\\\/#organization\"},\"image\":{\"@id\":\"https:\\\/\\\/www.meydan.tv\\\/az\\\/article\\\/eclafligin-rasionallasdirilmasi\\\/#primaryimage\"},\"thumbnailUrl\":\"https:\\\/\\\/www.meydan.tv\\\/wp-content\\\/uploads\\\/12687.jpg\",\"articleSection\":[\"M\u0259nim Fikrimc\u0259\"],\"inLanguage\":\"az\"},{\"@type\":\"WebPage\",\"@id\":\"https:\\\/\\\/www.meydan.tv\\\/az\\\/article\\\/eclafligin-rasionallasdirilmasi\\\/\",\"url\":\"https:\\\/\\\/www.meydan.tv\\\/az\\\/article\\\/eclafligin-rasionallasdirilmasi\\\/\",\"name\":\"\u018fclafl\u0131\u011f\u0131n rasionalla\u015fd\u0131r\u0131lmas\u0131 - MEYDAN.TV\",\"isPartOf\":{\"@id\":\"https:\\\/\\\/www.meydan.tv\\\/az\\\/#website\"},\"primaryImageOfPage\":{\"@id\":\"https:\\\/\\\/www.meydan.tv\\\/az\\\/article\\\/eclafligin-rasionallasdirilmasi\\\/#primaryimage\"},\"image\":{\"@id\":\"https:\\\/\\\/www.meydan.tv\\\/az\\\/article\\\/eclafligin-rasionallasdirilmasi\\\/#primaryimage\"},\"thumbnailUrl\":\"https:\\\/\\\/www.meydan.tv\\\/wp-content\\\/uploads\\\/12687.jpg\",\"datePublished\":\"2015-10-08T17:51:50+00:00\",\"breadcrumb\":{\"@id\":\"https:\\\/\\\/www.meydan.tv\\\/az\\\/article\\\/eclafligin-rasionallasdirilmasi\\\/#breadcrumb\"},\"inLanguage\":\"az\",\"potentialAction\":[{\"@type\":\"ReadAction\",\"target\":[\"https:\\\/\\\/www.meydan.tv\\\/az\\\/article\\\/eclafligin-rasionallasdirilmasi\\\/\"]}]},{\"@type\":\"ImageObject\",\"inLanguage\":\"az\",\"@id\":\"https:\\\/\\\/www.meydan.tv\\\/az\\\/article\\\/eclafligin-rasionallasdirilmasi\\\/#primaryimage\",\"url\":\"https:\\\/\\\/www.meydan.tv\\\/wp-content\\\/uploads\\\/12687.jpg\",\"contentUrl\":\"https:\\\/\\\/www.meydan.tv\\\/wp-content\\\/uploads\\\/12687.jpg\",\"width\":500,\"height\":500,\"caption\":\"Source:\"},{\"@type\":\"BreadcrumbList\",\"@id\":\"https:\\\/\\\/www.meydan.tv\\\/az\\\/article\\\/eclafligin-rasionallasdirilmasi\\\/#breadcrumb\",\"itemListElement\":[{\"@type\":\"ListItem\",\"position\":1,\"name\":\"Ana s\u0259hif\u0259\",\"item\":\"https:\\\/\\\/www.meydan.tv\\\/az\\\/\"},{\"@type\":\"ListItem\",\"position\":2,\"name\":\"M\u0259nim Fikrimc\u0259\",\"item\":\"https:\\\/\\\/www.meydan.tv\\\/az\\\/section\\\/menim-fikrimce\\\/\"},{\"@type\":\"ListItem\",\"position\":3,\"name\":\"\u018fclafl\u0131\u011f\u0131n rasionalla\u015fd\u0131r\u0131lmas\u0131\"}]},{\"@type\":\"WebSite\",\"@id\":\"https:\\\/\\\/www.meydan.tv\\\/az\\\/#website\",\"url\":\"https:\\\/\\\/www.meydan.tv\\\/az\\\/\",\"name\":\"MEYDAN.TV\",\"description\":\"Meydan TV Az\u0259rbaycan\u0131n media m\u0259kan\u0131ndak\u0131 alternativ s\u0259sidir\",\"publisher\":{\"@id\":\"https:\\\/\\\/www.meydan.tv\\\/az\\\/#organization\"},\"potentialAction\":[{\"@type\":\"SearchAction\",\"target\":{\"@type\":\"EntryPoint\",\"urlTemplate\":\"https:\\\/\\\/www.meydan.tv\\\/az\\\/?s={search_term_string}\"},\"query-input\":{\"@type\":\"PropertyValueSpecification\",\"valueRequired\":true,\"valueName\":\"search_term_string\"}}],\"inLanguage\":\"az\"},{\"@type\":\"Organization\",\"@id\":\"https:\\\/\\\/www.meydan.tv\\\/az\\\/#organization\",\"name\":\"Meydan TV\",\"url\":\"https:\\\/\\\/www.meydan.tv\\\/az\\\/\",\"logo\":{\"@type\":\"ImageObject\",\"inLanguage\":\"az\",\"@id\":\"https:\\\/\\\/www.meydan.tv\\\/az\\\/#\\\/schema\\\/logo\\\/image\\\/\",\"url\":\"https:\\\/\\\/www.meydan.tv\\\/wp-content\\\/uploads\\\/2021\\\/07\\\/meydan-logo.svg\",\"contentUrl\":\"https:\\\/\\\/www.meydan.tv\\\/wp-content\\\/uploads\\\/2021\\\/07\\\/meydan-logo.svg\",\"width\":195,\"height\":46,\"caption\":\"Meydan TV\"},\"image\":{\"@id\":\"https:\\\/\\\/www.meydan.tv\\\/az\\\/#\\\/schema\\\/logo\\\/image\\\/\"}},{\"@type\":\"Person\",\"@id\":\"https:\\\/\\\/www.meydan.tv\\\/az\\\/#\\\/schema\\\/person\\\/10d11eccf6da3662cf5fdab9806ea91a\",\"name\":\"user-manager\"}]}<\/script>\n<!-- \/ Yoast SEO plugin. -->","yoast_head_json":{"title":"\u018fclafl\u0131\u011f\u0131n rasionalla\u015fd\u0131r\u0131lmas\u0131 - MEYDAN.TV","robots":{"index":"index","follow":"follow","max-snippet":"max-snippet:-1","max-image-preview":"max-image-preview:large","max-video-preview":"max-video-preview:-1"},"canonical":"https:\/\/www.meydan.tv\/az\/article\/eclafligin-rasionallasdirilmasi\/","og_locale":"az_AZ","og_type":"article","og_title":"\u018fclafl\u0131\u011f\u0131n rasionalla\u015fd\u0131r\u0131lmas\u0131 - MEYDAN.TV","og_description":"Koqnitiv dissonansdan \u201cinqilab\u00e7\u0131 s\u0259fir\u201dliy\u0259...","og_url":"https:\/\/www.meydan.tv\/az\/article\/eclafligin-rasionallasdirilmasi\/","og_site_name":"MEYDAN.TV","article_published_time":"2015-10-08T17:51:50+00:00","og_image":[{"width":500,"height":500,"url":"https:\/\/www.meydan.tv\/wp-content\/uploads\/12687.jpg","type":"image\/jpeg"}],"author":"user-manager","twitter_card":"summary_large_image","schema":{"@context":"https:\/\/schema.org","@graph":[{"@type":"Article","@id":"https:\/\/www.meydan.tv\/az\/article\/eclafligin-rasionallasdirilmasi\/#article","isPartOf":{"@id":"https:\/\/www.meydan.tv\/az\/article\/eclafligin-rasionallasdirilmasi\/"},"author":{"name":"user-manager","@id":"https:\/\/www.meydan.tv\/az\/#\/schema\/person\/10d11eccf6da3662cf5fdab9806ea91a"},"headline":"\u018fclafl\u0131\u011f\u0131n rasionalla\u015fd\u0131r\u0131lmas\u0131","datePublished":"2015-10-08T17:51:50+00:00","mainEntityOfPage":{"@id":"https:\/\/www.meydan.tv\/az\/article\/eclafligin-rasionallasdirilmasi\/"},"wordCount":1654,"publisher":{"@id":"https:\/\/www.meydan.tv\/az\/#organization"},"image":{"@id":"https:\/\/www.meydan.tv\/az\/article\/eclafligin-rasionallasdirilmasi\/#primaryimage"},"thumbnailUrl":"https:\/\/www.meydan.tv\/wp-content\/uploads\/12687.jpg","articleSection":["M\u0259nim Fikrimc\u0259"],"inLanguage":"az"},{"@type":"WebPage","@id":"https:\/\/www.meydan.tv\/az\/article\/eclafligin-rasionallasdirilmasi\/","url":"https:\/\/www.meydan.tv\/az\/article\/eclafligin-rasionallasdirilmasi\/","name":"\u018fclafl\u0131\u011f\u0131n rasionalla\u015fd\u0131r\u0131lmas\u0131 - MEYDAN.TV","isPartOf":{"@id":"https:\/\/www.meydan.tv\/az\/#website"},"primaryImageOfPage":{"@id":"https:\/\/www.meydan.tv\/az\/article\/eclafligin-rasionallasdirilmasi\/#primaryimage"},"image":{"@id":"https:\/\/www.meydan.tv\/az\/article\/eclafligin-rasionallasdirilmasi\/#primaryimage"},"thumbnailUrl":"https:\/\/www.meydan.tv\/wp-content\/uploads\/12687.jpg","datePublished":"2015-10-08T17:51:50+00:00","breadcrumb":{"@id":"https:\/\/www.meydan.tv\/az\/article\/eclafligin-rasionallasdirilmasi\/#breadcrumb"},"inLanguage":"az","potentialAction":[{"@type":"ReadAction","target":["https:\/\/www.meydan.tv\/az\/article\/eclafligin-rasionallasdirilmasi\/"]}]},{"@type":"ImageObject","inLanguage":"az","@id":"https:\/\/www.meydan.tv\/az\/article\/eclafligin-rasionallasdirilmasi\/#primaryimage","url":"https:\/\/www.meydan.tv\/wp-content\/uploads\/12687.jpg","contentUrl":"https:\/\/www.meydan.tv\/wp-content\/uploads\/12687.jpg","width":500,"height":500,"caption":"Source:"},{"@type":"BreadcrumbList","@id":"https:\/\/www.meydan.tv\/az\/article\/eclafligin-rasionallasdirilmasi\/#breadcrumb","itemListElement":[{"@type":"ListItem","position":1,"name":"Ana s\u0259hif\u0259","item":"https:\/\/www.meydan.tv\/az\/"},{"@type":"ListItem","position":2,"name":"M\u0259nim Fikrimc\u0259","item":"https:\/\/www.meydan.tv\/az\/section\/menim-fikrimce\/"},{"@type":"ListItem","position":3,"name":"\u018fclafl\u0131\u011f\u0131n rasionalla\u015fd\u0131r\u0131lmas\u0131"}]},{"@type":"WebSite","@id":"https:\/\/www.meydan.tv\/az\/#website","url":"https:\/\/www.meydan.tv\/az\/","name":"MEYDAN.TV","description":"Meydan TV Az\u0259rbaycan\u0131n media m\u0259kan\u0131ndak\u0131 alternativ s\u0259sidir","publisher":{"@id":"https:\/\/www.meydan.tv\/az\/#organization"},"potentialAction":[{"@type":"SearchAction","target":{"@type":"EntryPoint","urlTemplate":"https:\/\/www.meydan.tv\/az\/?s={search_term_string}"},"query-input":{"@type":"PropertyValueSpecification","valueRequired":true,"valueName":"search_term_string"}}],"inLanguage":"az"},{"@type":"Organization","@id":"https:\/\/www.meydan.tv\/az\/#organization","name":"Meydan TV","url":"https:\/\/www.meydan.tv\/az\/","logo":{"@type":"ImageObject","inLanguage":"az","@id":"https:\/\/www.meydan.tv\/az\/#\/schema\/logo\/image\/","url":"https:\/\/www.meydan.tv\/wp-content\/uploads\/2021\/07\/meydan-logo.svg","contentUrl":"https:\/\/www.meydan.tv\/wp-content\/uploads\/2021\/07\/meydan-logo.svg","width":195,"height":46,"caption":"Meydan TV"},"image":{"@id":"https:\/\/www.meydan.tv\/az\/#\/schema\/logo\/image\/"}},{"@type":"Person","@id":"https:\/\/www.meydan.tv\/az\/#\/schema\/person\/10d11eccf6da3662cf5fdab9806ea91a","name":"user-manager"}]}},"_links":{"self":[{"href":"https:\/\/www.meydan.tv\/az\/wp-json\/wp\/v2\/posts\/170308","targetHints":{"allow":["GET"]}}],"collection":[{"href":"https:\/\/www.meydan.tv\/az\/wp-json\/wp\/v2\/posts"}],"about":[{"href":"https:\/\/www.meydan.tv\/az\/wp-json\/wp\/v2\/types\/post"}],"author":[{"embeddable":true,"href":"https:\/\/www.meydan.tv\/az\/wp-json\/wp\/v2\/users\/11"}],"replies":[{"embeddable":true,"href":"https:\/\/www.meydan.tv\/az\/wp-json\/wp\/v2\/comments?post=170308"}],"version-history":[{"count":0,"href":"https:\/\/www.meydan.tv\/az\/wp-json\/wp\/v2\/posts\/170308\/revisions"}],"wp:featuredmedia":[{"embeddable":true,"href":"https:\/\/www.meydan.tv\/az\/wp-json\/wp\/v2\/media\/33844"}],"wp:attachment":[{"href":"https:\/\/www.meydan.tv\/az\/wp-json\/wp\/v2\/media?parent=170308"}],"wp:term":[{"taxonomy":"category","embeddable":true,"href":"https:\/\/www.meydan.tv\/az\/wp-json\/wp\/v2\/categories?post=170308"},{"taxonomy":"post_tag","embeddable":true,"href":"https:\/\/www.meydan.tv\/az\/wp-json\/wp\/v2\/tags?post=170308"}],"curies":[{"name":"wp","href":"https:\/\/api.w.org\/{rel}","templated":true}]}}