{"id":170307,"date":"2015-10-08T19:54:21","date_gmt":"2015-10-08T19:54:21","guid":{"rendered":"https:\/\/www.meydan.tv\/article\/sabiq-mudafie-naziri-ilham-eliyevi-ittiham-edir-video\/"},"modified":"2015-10-08T19:54:21","modified_gmt":"2015-10-08T19:54:21","slug":"sabiq-mudafie-naziri-ilham-eliyevi-ittiham-edir-video","status":"publish","type":"post","link":"https:\/\/www.meydan.tv\/az\/article\/sabiq-mudafie-naziri-ilham-eliyevi-ittiham-edir-video\/","title":{"rendered":"Sabiq m\u00fcdafi\u0259 naziri \u0130lham \u018fliyevi ittiham edir (V\u0130DEO)"},"content":{"rendered":"<figure class=\"wp-block-embed is-type-video is-provider-youtube wp-block-embed-youtube wp-embed-aspect-16-9 wp-has-aspect-ratio\">\n<div class=\"wp-block-embed__wrapper\">\n    <iframe loading=\"lazy\"\ttitle=\"\" width=\"1200\" height=\"675\" src=\"https:\/\/www.youtube.com\/embed\/D8ruZI-xxf4\"\tframeborder=\"0\"\tallow=\"accelerometer; autoplay; clipboard-write; encrypted-media; gyroscope; picture-in-picture\" allowfullscreen><\/iframe>\n  <\/div><figcaption><\/figcaption><\/figure>\n<p>\n  Oktyabr\u0131n 8-d\u0259 sabiq m\u00fcdafi\u0259 naziri R\u0259him Qaz\u0131yev ya\u015fad\u0131\u011f\u0131 m\u0259nzild\u0259 brifinq ke\u00e7irib. Sabiq nazir 39 il ya\u015fad\u0131\u011f\u0131 binan\u0131n sakinl\u0259rinin 90 faizinin m\u0259nzill\u0259rini \u00f6z\u0259ll\u0259\u015fdirdiyini, amma onun bu imkandan m\u0259hrum edildiyini deyib. Onun s\u00f6zl\u0259rin\u0259 g\u00f6r\u0259 ya\u015fad\u0131\u011f\u0131 bina sovet d\u00f6vr\u00fcnd\u0259 Politexnik \u0130nstitununun kooperativi ad\u0131yla qeyd\u0259 al\u0131n\u0131b. Bina sakinl\u0259rinin \u0259ks\u0259riyy\u0259ti m\u0259nzilini \u00f6z\u0259ll\u0259\u015fdirib. Sabiq nazir ASAN-Xidm\u0259tin Yasamal rayon idar\u0259sin\u0259 laz\u0131mi s\u0259n\u0259dl\u0259ri t\u0259qdim ed\u0259rk\u0259n ona deyibl\u0259r ki, bir h\u0259ft\u0259 sonra g\u0259lib s\u0259n\u0259dl\u0259ri g\u00f6t\u00fcr\u0259 bil\u0259r.\n<\/p>\n<p>\n  <a href=\"\/az\/article\/rehim-qaziyev-evini-ozellesdire-bilmir\/\"><br \/>\n    <b><br \/>\n      R\u0259him Qaz\u0131yevin s\u00f6zl\u0259rin\u0259 g\u00f6r\u0259 onun h\u00fcquqlar\u0131n\u0131 birba\u015fa \u00f6lk\u0259 ba\u015f\u00e7\u0131s\u0131 \u0130lham \u018fliyev pozur.<br \/>\n    <\/b><br \/>\n  <\/a><\/p>\n","protected":false},"excerpt":{"rendered":"<p>R\u0259him Qaz\u0131yevin s\u00f6zl\u0259rin\u0259 g\u00f6r\u0259 onun h\u00fcquqlar\u0131n\u0131 birba\u015fa \u00f6lk\u0259 ba\u015f\u00e7\u0131s\u0131 \u0130lham \u018fliyev pozur<\/p>\n","protected":false},"author":11,"featured_media":35009,"comment_status":"closed","ping_status":"open","sticky":false,"template":"","format":"standard","meta":{"_acf_changed":false,"_sitemap_exclude":false,"_sitemap_priority":"","_sitemap_frequency":"","footnotes":""},"categories":[63],"tags":[],"class_list":["post-170307","post","type-post","status-publish","format-standard","has-post-thumbnail","hentry","category-video-2","infinite-scroll-item","generate-columns","tablet-grid-50","mobile-grid-100","grid-parent","grid-33","no-featured-image-padding"],"acf":[],"yoast_head":"<!-- This site is optimized with the Yoast SEO plugin v28.4 - https:\/\/yoast.com\/product\/yoast-seo-wordpress\/ -->\n<title>Sabiq m\u00fcdafi\u0259 naziri \u0130lham \u018fliyevi ittiham edir (V\u0130DEO) - MEYDAN.TV<\/title>\n<meta name=\"robots\" content=\"index, follow, max-snippet:-1, max-image-preview:large, max-video-preview:-1\" \/>\n<link rel=\"canonical\" href=\"https:\/\/www.meydan.tv\/az\/article\/sabiq-mudafie-naziri-ilham-eliyevi-ittiham-edir-video\/\" \/>\n<meta property=\"og:locale\" content=\"az_AZ\" \/>\n<meta property=\"og:type\" content=\"article\" \/>\n<meta property=\"og:title\" content=\"Sabiq m\u00fcdafi\u0259 naziri \u0130lham \u018fliyevi ittiham edir (V\u0130DEO) - MEYDAN.TV\" \/>\n<meta property=\"og:description\" content=\"R\u0259him Qaz\u0131yevin s\u00f6zl\u0259rin\u0259 g\u00f6r\u0259 onun h\u00fcquqlar\u0131n\u0131 birba\u015fa \u00f6lk\u0259 ba\u015f\u00e7\u0131s\u0131 \u0130lham \u018fliyev pozur\" \/>\n<meta property=\"og:url\" content=\"https:\/\/www.meydan.tv\/az\/article\/sabiq-mudafie-naziri-ilham-eliyevi-ittiham-edir-video\/\" \/>\n<meta property=\"og:site_name\" content=\"MEYDAN.TV\" \/>\n<meta property=\"article:published_time\" content=\"2015-10-08T19:54:21+00:00\" \/>\n<meta property=\"og:image\" content=\"https:\/\/www.meydan.tv\/wp-content\/uploads\/13099.jpg\" \/>\n\t<meta property=\"og:image:width\" content=\"2464\" \/>\n\t<meta property=\"og:image:height\" content=\"1385\" \/>\n\t<meta property=\"og:image:type\" content=\"image\/jpeg\" \/>\n<meta name=\"twitter:card\" content=\"summary_large_image\" \/>\n<!-- \/ Yoast SEO plugin. -->","yoast_head_json":{"title":"Sabiq m\u00fcdafi\u0259 naziri \u0130lham \u018fliyevi ittiham edir (V\u0130DEO) - MEYDAN.TV","robots":{"index":"index","follow":"follow","max-snippet":"max-snippet:-1","max-image-preview":"max-image-preview:large","max-video-preview":"max-video-preview:-1"},"canonical":"https:\/\/www.meydan.tv\/az\/article\/sabiq-mudafie-naziri-ilham-eliyevi-ittiham-edir-video\/","og_locale":"az_AZ","og_type":"article","og_title":"Sabiq m\u00fcdafi\u0259 naziri \u0130lham \u018fliyevi ittiham edir (V\u0130DEO) - MEYDAN.TV","og_description":"R\u0259him Qaz\u0131yevin s\u00f6zl\u0259rin\u0259 g\u00f6r\u0259 onun h\u00fcquqlar\u0131n\u0131 birba\u015fa \u00f6lk\u0259 ba\u015f\u00e7\u0131s\u0131 \u0130lham \u018fliyev pozur","og_url":"https:\/\/www.meydan.tv\/az\/article\/sabiq-mudafie-naziri-ilham-eliyevi-ittiham-edir-video\/","og_site_name":"MEYDAN.TV","article_published_time":"2015-10-08T19:54:21+00:00","og_image":[{"width":2464,"height":1385,"url":"https:\/\/www.meydan.tv\/wp-content\/uploads\/13099.jpg","type":"image\/jpeg"}],"twitter_card":"summary_large_image","schema":{"@context":"https:\/\/schema.org","@graph":[{"@type":"Article","@id":"https:\/\/www.meydan.tv\/az\/article\/sabiq-mudafie-naziri-ilham-eliyevi-ittiham-edir-video\/#article","isPartOf":{"@id":"https:\/\/www.meydan.tv\/az\/article\/sabiq-mudafie-naziri-ilham-eliyevi-ittiham-edir-video\/"},"author":{"name":"user-manager","@id":"https:\/\/www.meydan.tv\/az\/#\/schema\/person\/10d11eccf6da3662cf5fdab9806ea91a"},"headline":"Sabiq m\u00fcdafi\u0259 naziri \u0130lham \u018fliyevi ittiham edir (V\u0130DEO)","datePublished":"2015-10-08T19:54:21+00:00","mainEntityOfPage":{"@id":"https:\/\/www.meydan.tv\/az\/article\/sabiq-mudafie-naziri-ilham-eliyevi-ittiham-edir-video\/"},"wordCount":144,"publisher":{"@id":"https:\/\/www.meydan.tv\/az\/#organization"},"image":{"@id":"https:\/\/www.meydan.tv\/az\/article\/sabiq-mudafie-naziri-ilham-eliyevi-ittiham-edir-video\/#primaryimage"},"thumbnailUrl":"https:\/\/www.meydan.tv\/wp-content\/uploads\/13099.jpg","articleSection":["Video"],"inLanguage":"az"},{"@type":"WebPage","@id":"https:\/\/www.meydan.tv\/az\/article\/sabiq-mudafie-naziri-ilham-eliyevi-ittiham-edir-video\/","url":"https:\/\/www.meydan.tv\/az\/article\/sabiq-mudafie-naziri-ilham-eliyevi-ittiham-edir-video\/","name":"Sabiq m\u00fcdafi\u0259 naziri \u0130lham \u018fliyevi ittiham edir (V\u0130DEO) - MEYDAN.TV","isPartOf":{"@id":"https:\/\/www.meydan.tv\/az\/#website"},"primaryImageOfPage":{"@id":"https:\/\/www.meydan.tv\/az\/article\/sabiq-mudafie-naziri-ilham-eliyevi-ittiham-edir-video\/#primaryimage"},"image":{"@id":"https:\/\/www.meydan.tv\/az\/article\/sabiq-mudafie-naziri-ilham-eliyevi-ittiham-edir-video\/#primaryimage"},"thumbnailUrl":"https:\/\/www.meydan.tv\/wp-content\/uploads\/13099.jpg","datePublished":"2015-10-08T19:54:21+00:00","breadcrumb":{"@id":"https:\/\/www.meydan.tv\/az\/article\/sabiq-mudafie-naziri-ilham-eliyevi-ittiham-edir-video\/#breadcrumb"},"inLanguage":"az","potentialAction":[{"@type":"ReadAction","target":["https:\/\/www.meydan.tv\/az\/article\/sabiq-mudafie-naziri-ilham-eliyevi-ittiham-edir-video\/"]}]},{"@type":"ImageObject","inLanguage":"az","@id":"https:\/\/www.meydan.tv\/az\/article\/sabiq-mudafie-naziri-ilham-eliyevi-ittiham-edir-video\/#primaryimage","url":"https:\/\/www.meydan.tv\/wp-content\/uploads\/13099.jpg","contentUrl":"https:\/\/www.meydan.tv\/wp-content\/uploads\/13099.jpg","width":2464,"height":1385,"caption":"Source:"},{"@type":"BreadcrumbList","@id":"https:\/\/www.meydan.tv\/az\/article\/sabiq-mudafie-naziri-ilham-eliyevi-ittiham-edir-video\/#breadcrumb","itemListElement":[{"@type":"ListItem","position":1,"name":"Ana s\u0259hif\u0259","item":"https:\/\/www.meydan.tv\/az\/"},{"@type":"ListItem","position":2,"name":"Video","item":"https:\/\/www.meydan.tv\/az\/section\/video-2\/"},{"@type":"ListItem","position":3,"name":"Sabiq m\u00fcdafi\u0259 naziri \u0130lham \u018fliyevi ittiham edir (V\u0130DEO)"}]},{"@type":"WebSite","@id":"https:\/\/www.meydan.tv\/az\/#website","url":"https:\/\/www.meydan.tv\/az\/","name":"MEYDAN.TV","description":"Meydan TV Az\u0259rbaycan\u0131n media m\u0259kan\u0131ndak\u0131 alternativ s\u0259sidir","publisher":{"@id":"https:\/\/www.meydan.tv\/az\/#organization"},"potentialAction":[{"@type":"SearchAction","target":{"@type":"EntryPoint","urlTemplate":"https:\/\/www.meydan.tv\/az\/?s={search_term_string}"},"query-input":{"@type":"PropertyValueSpecification","valueRequired":true,"valueName":"search_term_string"}}],"inLanguage":"az"},{"@type":"Organization","@id":"https:\/\/www.meydan.tv\/az\/#organization","name":"Meydan TV","url":"https:\/\/www.meydan.tv\/az\/","logo":{"@type":"ImageObject","inLanguage":"az","@id":"https:\/\/www.meydan.tv\/az\/#\/schema\/logo\/image\/","url":"https:\/\/www.meydan.tv\/wp-content\/uploads\/2021\/07\/meydan-logo.svg","contentUrl":"https:\/\/www.meydan.tv\/wp-content\/uploads\/2021\/07\/meydan-logo.svg","width":195,"height":46,"caption":"Meydan TV"},"image":{"@id":"https:\/\/www.meydan.tv\/az\/#\/schema\/logo\/image\/"}},{"@type":"Person","@id":"https:\/\/www.meydan.tv\/az\/#\/schema\/person\/10d11eccf6da3662cf5fdab9806ea91a","name":"user-manager"}]}},"_links":{"self":[{"href":"https:\/\/www.meydan.tv\/az\/wp-json\/wp\/v2\/posts\/170307","targetHints":{"allow":["GET"]}}],"collection":[{"href":"https:\/\/www.meydan.tv\/az\/wp-json\/wp\/v2\/posts"}],"about":[{"href":"https:\/\/www.meydan.tv\/az\/wp-json\/wp\/v2\/types\/post"}],"author":[{"embeddable":true,"href":"https:\/\/www.meydan.tv\/az\/wp-json\/wp\/v2\/users\/11"}],"replies":[{"embeddable":true,"href":"https:\/\/www.meydan.tv\/az\/wp-json\/wp\/v2\/comments?post=170307"}],"version-history":[{"count":0,"href":"https:\/\/www.meydan.tv\/az\/wp-json\/wp\/v2\/posts\/170307\/revisions"}],"wp:featuredmedia":[{"embeddable":true,"href":"https:\/\/www.meydan.tv\/az\/wp-json\/wp\/v2\/media\/35009"}],"wp:attachment":[{"href":"https:\/\/www.meydan.tv\/az\/wp-json\/wp\/v2\/media?parent=170307"}],"wp:term":[{"taxonomy":"category","embeddable":true,"href":"https:\/\/www.meydan.tv\/az\/wp-json\/wp\/v2\/categories?post=170307"},{"taxonomy":"post_tag","embeddable":true,"href":"https:\/\/www.meydan.tv\/az\/wp-json\/wp\/v2\/tags?post=170307"}],"curies":[{"name":"wp","href":"https:\/\/api.w.org\/{rel}","templated":true}]}}