{"id":170201,"date":"2015-10-01T02:29:18","date_gmt":"2015-10-01T02:29:18","guid":{"rendered":"https:\/\/www.meydan.tv\/article\/bir-dasla-iki-qus\/"},"modified":"2015-10-01T02:29:18","modified_gmt":"2015-10-01T02:29:18","slug":"bir-dasla-iki-qus","status":"publish","type":"post","link":"https:\/\/www.meydan.tv\/az\/article\/bir-dasla-iki-qus\/","title":{"rendered":"Bir da\u015fla iki qu\u015f"},"content":{"rendered":"<figure class=\"wp-block-image size-large\">\n  <img decoding=\"async\" src=\"https:\/\/www.meydan.tv\/az\/34620\/\" alt=\"\" class=\"wp-image-34620\"\/><figcaption><\/figcaption><\/figure>\n<figure class=\"wp-block-image size-large\">\n  <img decoding=\"async\" src=\"https:\/\/www.meydan.tv\/az\/34623\/\" alt=\"\" class=\"wp-image-34623\"\/><figcaption><\/figcaption><\/figure>\n<p>\n  Rusiyaya ba\u011fl\u0131 yar\u0131mh\u0259rbi birl\u0259\u015fm\u0259l\u0259rin h\u00fccuma ba\u015flamas\u0131 \u00f6lk\u0259 daxilind\u0259 v\u0259ziyy\u0259ti g\u0259rginl\u0259\u015fdirirdi. 33 batalyona birba\u015fa r\u0259hb\u0259rlik ed\u0259n AXC hakimiyy\u0259ti bu q\u00fcvv\u0259l\u0259rd\u0259n yaln\u0131z erm\u0259ni t\u0259cav\u00fcz\u00fcn\u00fc neytralla\u015fd\u0131rmaq \u00fc\u00e7\u00fcn istifad\u0259 edirdi. Bu, S\u00fcr\u0259t H\u00fcseynovun daha qabar\u0131q liderliyi il\u0259 ba\u015flayan qiyam\u00e7\u0131 qruplar\u0131 h\u0259v\u0259sl\u0259ndirirdi.\n<\/p>\n<p>\n  Onlar prezident El\u00e7ib\u0259yin daxili intriqalara meylli olmayan xarakterinin bir f\u00fcrs\u0259t yaratd\u0131\u011f\u0131n\u0131 d\u00fc\u015f\u00fcn\u00fcrd\u00fcl\u0259r. Amma prosesin siyasi lideri yox idi. Bu \u015f\u0259raitd\u0259 bel\u0259 bir missiyan\u0131 kim \u00f6z \u00fcz\u0259rin\u0259 g\u00f6t\u00fcr\u0259 bil\u0259rdi? Rusiyan\u0131n 20 Yanvarda Bak\u0131da v\u0259 26 fevralda Xocal\u0131da etdikl\u0259rini kim unutmu\u015fdu ki?! B\u00fct\u00fcn bunlar Kreml t\u0259r\u0259f\u0259 g\u00fcl\u00fcms\u0259y\u0259n h\u0259r k\u0259si ni\u015fangaha g\u0259tir\u0259 bil\u0259rdi.\n<\/p>\n<p>\n  Rusiyan\u0131n qiyam\u0131na liderlik etm\u0259k bu arzuda olan \u00e7ox adam\u0131n yemi deyildi. Bunu ancaq Kremld\u0259n uzun zaman \u0259mr alm\u0131\u015f v\u0259 bu \u0259mrl\u0259ri h\u0259v\u0259sl\u0259 h\u0259yata ke\u00e7irmi\u015f biri bacara bil\u0259rdi. Bel\u0259 biri Heyd\u0259r \u018fliyev idi. \u00c7\u00fcnki onun l\u00fc\u011f\u0259tind\u0259\u00a0 \u201cictimai r\u0259y\u201d s\u00f6z\u00fc yox idi. Heyd\u0259r \u018fliyev bir siyas\u0259t\u00e7i kimi bu bar\u0259d\u0259 d\u00fc\u015f\u00fcn\u00fcrd\u00fcm\u00fc ? \u018flb\u0259tt\u0259, yox. O, bir \u0259m\u0259liyyat\u00e7\u0131 kimi tap\u015f\u0131r\u0131\u011f\u0131 icra edib, \u0259v\u0259zind\u0259 h\u0259diyy\u0259sini almaq \u00fc\u00e7\u00fcn \u0259lind\u0259n g\u0259l\u0259ni edirdi.\n<\/p>\n<p>\n  Onun ilkin add\u0131mlar\u0131 da \u00f6z\u00fc \u00fc\u00e7\u00fcn ayd\u0131n idi. Ona g\u00f6r\u0259 d\u0259 qiyam\u0131n \u00e7iban effekti il\u0259 partlamas\u0131n\u0131 g\u00f6zl\u0259di. Moskva onun \u00fc\u00e7\u00fcn h\u0259r \u015feyi etdi. Birc\u0259 qald\u0131 onun \u00f6z rolunu oynama\u011fa ba\u015flamas\u0131. \u00d6lk\u0259nin m\u00fcharib\u0259 i\u00e7ind\u0259 olmas\u0131 Rusiyan\u0131n bu plan\u0131 ba\u015f tutmasa, Bak\u0131n\u0131 Qrozn\u0131ya \u00e7evirm\u0259k planlar\u0131 v\u0259 AXC hakimiyy\u0259tinin d\u0259 durumu tam do\u011fru d\u0259y\u0259rl\u0259ndir\u0259 bilm\u0259m\u0259si k\u0259mf\u00fcrs\u0259t \u00fc\u00e7\u00fcn f\u00fcrs\u0259t oldu. \u018fliyev parlament yolu il\u0259 hakimiyy\u0259t\u0259 g\u0259ldi. (AXC hakimiyy\u0259tinin \u0259sas s\u0259hvl\u0259rind\u0259n biri 1990-c\u0131 ild\u0259 se\u00e7ilmi\u015f, t\u0259yin edilmi\u015f parlamenti buraxmamas\u0131 v\u0259 kommunistl\u0259r \u00fc\u00e7\u00fcn s\u0131\u00e7rama taxtas\u0131 siyasi t\u0259kan imkan\u0131 saxlamas\u0131 idi).\n<\/p>\n<p>\n  Amma davam etm\u0259kd\u0259 olan Qaraba\u011f sava\u015f\u0131 onu \u00f6z hakimiyy\u0259tini b\u0259rkitm\u0259y\u0259 imkan vermirdi. \u018fliyev \u00f6z\u00fc \u00fc\u00e7\u00fcn bir n\u00f6mr\u0259li t\u0259hl\u00fck\u0259 kimi AXC-nin 33 batalyonunu g\u00f6r\u00fcrd\u00fc. Halbuki, bu batalyonlar erm\u0259ni qo\u015funlar\u0131 il\u0259 t\u0259mas hal\u0131nda idil\u0259r v\u0259 m\u0259rk\u0259zd\u0259 siyas\u0259t\u0259 qar\u0131\u015fm\u0131rd\u0131lar. Amma Heyd\u0259r \u018fliyev h\u0259m d\u0259 Kreml\u0259 hakimiyy\u0259t \u00fc\u00e7\u00fcn s\u00f6z verdiyi depoziti verm\u0259li idi. Bu da bir-birinin ard\u0131nca i\u015f\u011fal olunan 7 rayon idi. Bunun \u00fc\u00e7\u00fcn ilk add\u0131m h\u0259min 33 batalyonu l\u0259\u011fv etm\u0259k oldu.\n<\/p>\n<p>\n  Bir da\u015fla iki qu\u015f vuruldu, h\u0259m torpaqlar verildi, h\u0259m d\u0259 AXC-y\u0259 m\u0259n\u0259vi ba\u011fl\u0131 olan taburlar l\u0259\u011fv edildi. Bununla o, h\u0259m hakimiyy\u0259tinin depozitini \u00f6d\u0259di, h\u0259m d\u0259 ona potensial t\u0259hl\u00fck\u0259 saya\u011f\u0131 q\u00fcvv\u0259l\u0259ri s\u0131radan \u00e7\u0131xard\u0131. Bu i\u015f\u011fal t\u0259kc\u0259 bu m\u0259qs\u0259dl\u0259r\u0259 yaramad\u0131. \u018fliyev \u00f6z\u00fc \u00fc\u00e7\u00fcn s\u0259rv\u0259t toplamaq ist\u0259y\u0259rk\u0259n m\u00fcharib\u0259 ed\u0259 bilm\u0259zdi. B\u0259s, xalq? Onu torpaqlardan vaz ke\u00e7m\u0259y\u0259 n\u0259 raz\u0131 sala bil\u0259rdi? G\u00fcman ki, sizin \u00fc\u00e7\u00fcn d\u0259 maraql\u0131d\u0131r. \u0130\u015f\u011fal bu m\u0259rh\u0259l\u0259d\u0259 nec\u0259 rol oynay\u0131b ? Baxaq.<\/p>\n<p>  <b><br \/>\n    P.S. Bu m\u0259qal\u0259 Az\u0259rbaycan\u0131n 1991-2002, 2002-2014-c\u00fc ill\u0259rind\u0259n b\u0259hs ed\u0259n \u201cAntiqay\u0131d\u0131\u015f\u201d s\u0259n\u0259dli filminin ssenarisidir. Ard\u0131 var&#8230;<br \/>\n  <\/b>\n<\/p>\n<p>\n  <b><br \/>\n    Yaz\u0131dak\u0131 fikril\u0259r m\u00fc\u0259llifin \u015f\u0259xsi m\u00f6vqeyini \u0259ks etdirir.<br \/>\n  <\/b><\/p>\n","protected":false},"excerpt":{"rendered":"<p>G\u00fcman ki, siz\u0259 maraql\u0131d\u0131r&#8230;<\/p>\n","protected":false},"author":11,"featured_media":34620,"comment_status":"closed","ping_status":"open","sticky":false,"template":"","format":"standard","meta":{"_acf_changed":false,"_sitemap_exclude":false,"_sitemap_priority":"","_sitemap_frequency":"","footnotes":""},"categories":[57],"tags":[],"class_list":["post-170201","post","type-post","status-publish","format-standard","has-post-thumbnail","hentry","category-menim-fikrimce","infinite-scroll-item","generate-columns","tablet-grid-50","mobile-grid-100","grid-parent","grid-33","no-featured-image-padding"],"acf":[],"yoast_head":"<!-- This site is optimized with the Yoast SEO plugin v27.5 - https:\/\/yoast.com\/product\/yoast-seo-wordpress\/ -->\n<title>Bir da\u015fla iki qu\u015f - MEYDAN.TV<\/title>\n<meta name=\"robots\" content=\"index, follow, max-snippet:-1, max-image-preview:large, max-video-preview:-1\" \/>\n<link rel=\"canonical\" href=\"https:\/\/www.meydan.tv\/az\/article\/bir-dasla-iki-qus\/\" \/>\n<meta property=\"og:locale\" content=\"az_AZ\" \/>\n<meta property=\"og:type\" content=\"article\" \/>\n<meta property=\"og:title\" content=\"Bir da\u015fla iki qu\u015f - MEYDAN.TV\" \/>\n<meta property=\"og:description\" content=\"G\u00fcman ki, siz\u0259 maraql\u0131d\u0131r...\" \/>\n<meta property=\"og:url\" content=\"https:\/\/www.meydan.tv\/az\/article\/bir-dasla-iki-qus\/\" \/>\n<meta property=\"og:site_name\" content=\"MEYDAN.TV\" \/>\n<meta property=\"article:published_time\" content=\"2015-10-01T02:29:18+00:00\" \/>\n<meta property=\"og:image\" content=\"https:\/\/www.meydan.tv\/wp-content\/uploads\/12942.jpg\" \/>\n\t<meta property=\"og:image:width\" content=\"500\" \/>\n\t<meta property=\"og:image:height\" content=\"500\" \/>\n\t<meta property=\"og:image:type\" content=\"image\/jpeg\" \/>\n<meta name=\"author\" content=\"user-manager\" \/>\n<meta name=\"twitter:card\" content=\"summary_large_image\" \/>\n<script type=\"application\/ld+json\" class=\"yoast-schema-graph\">{\"@context\":\"https:\\\/\\\/schema.org\",\"@graph\":[{\"@type\":\"Article\",\"@id\":\"https:\\\/\\\/www.meydan.tv\\\/az\\\/article\\\/bir-dasla-iki-qus\\\/#article\",\"isPartOf\":{\"@id\":\"https:\\\/\\\/www.meydan.tv\\\/az\\\/article\\\/bir-dasla-iki-qus\\\/\"},\"author\":{\"name\":\"user-manager\",\"@id\":\"https:\\\/\\\/www.meydan.tv\\\/az\\\/#\\\/schema\\\/person\\\/10d11eccf6da3662cf5fdab9806ea91a\"},\"headline\":\"Bir da\u015fla iki qu\u015f\",\"datePublished\":\"2015-10-01T02:29:18+00:00\",\"mainEntityOfPage\":{\"@id\":\"https:\\\/\\\/www.meydan.tv\\\/az\\\/article\\\/bir-dasla-iki-qus\\\/\"},\"wordCount\":620,\"publisher\":{\"@id\":\"https:\\\/\\\/www.meydan.tv\\\/az\\\/#organization\"},\"image\":{\"@id\":\"https:\\\/\\\/www.meydan.tv\\\/az\\\/article\\\/bir-dasla-iki-qus\\\/#primaryimage\"},\"thumbnailUrl\":\"https:\\\/\\\/www.meydan.tv\\\/wp-content\\\/uploads\\\/12942.jpg\",\"articleSection\":[\"M\u0259nim Fikrimc\u0259\"],\"inLanguage\":\"az\"},{\"@type\":\"WebPage\",\"@id\":\"https:\\\/\\\/www.meydan.tv\\\/az\\\/article\\\/bir-dasla-iki-qus\\\/\",\"url\":\"https:\\\/\\\/www.meydan.tv\\\/az\\\/article\\\/bir-dasla-iki-qus\\\/\",\"name\":\"Bir da\u015fla iki qu\u015f - MEYDAN.TV\",\"isPartOf\":{\"@id\":\"https:\\\/\\\/www.meydan.tv\\\/az\\\/#website\"},\"primaryImageOfPage\":{\"@id\":\"https:\\\/\\\/www.meydan.tv\\\/az\\\/article\\\/bir-dasla-iki-qus\\\/#primaryimage\"},\"image\":{\"@id\":\"https:\\\/\\\/www.meydan.tv\\\/az\\\/article\\\/bir-dasla-iki-qus\\\/#primaryimage\"},\"thumbnailUrl\":\"https:\\\/\\\/www.meydan.tv\\\/wp-content\\\/uploads\\\/12942.jpg\",\"datePublished\":\"2015-10-01T02:29:18+00:00\",\"breadcrumb\":{\"@id\":\"https:\\\/\\\/www.meydan.tv\\\/az\\\/article\\\/bir-dasla-iki-qus\\\/#breadcrumb\"},\"inLanguage\":\"az\",\"potentialAction\":[{\"@type\":\"ReadAction\",\"target\":[\"https:\\\/\\\/www.meydan.tv\\\/az\\\/article\\\/bir-dasla-iki-qus\\\/\"]}]},{\"@type\":\"ImageObject\",\"inLanguage\":\"az\",\"@id\":\"https:\\\/\\\/www.meydan.tv\\\/az\\\/article\\\/bir-dasla-iki-qus\\\/#primaryimage\",\"url\":\"https:\\\/\\\/www.meydan.tv\\\/wp-content\\\/uploads\\\/12942.jpg\",\"contentUrl\":\"https:\\\/\\\/www.meydan.tv\\\/wp-content\\\/uploads\\\/12942.jpg\",\"width\":500,\"height\":500,\"caption\":\"Source:\"},{\"@type\":\"BreadcrumbList\",\"@id\":\"https:\\\/\\\/www.meydan.tv\\\/az\\\/article\\\/bir-dasla-iki-qus\\\/#breadcrumb\",\"itemListElement\":[{\"@type\":\"ListItem\",\"position\":1,\"name\":\"Ana s\u0259hif\u0259\",\"item\":\"https:\\\/\\\/www.meydan.tv\\\/az\\\/\"},{\"@type\":\"ListItem\",\"position\":2,\"name\":\"M\u0259nim Fikrimc\u0259\",\"item\":\"https:\\\/\\\/www.meydan.tv\\\/az\\\/section\\\/menim-fikrimce\\\/\"},{\"@type\":\"ListItem\",\"position\":3,\"name\":\"Bir da\u015fla iki qu\u015f\"}]},{\"@type\":\"WebSite\",\"@id\":\"https:\\\/\\\/www.meydan.tv\\\/az\\\/#website\",\"url\":\"https:\\\/\\\/www.meydan.tv\\\/az\\\/\",\"name\":\"MEYDAN.TV\",\"description\":\"Meydan TV Az\u0259rbaycan\u0131n media m\u0259kan\u0131ndak\u0131 alternativ s\u0259sidir\",\"publisher\":{\"@id\":\"https:\\\/\\\/www.meydan.tv\\\/az\\\/#organization\"},\"potentialAction\":[{\"@type\":\"SearchAction\",\"target\":{\"@type\":\"EntryPoint\",\"urlTemplate\":\"https:\\\/\\\/www.meydan.tv\\\/az\\\/?s={search_term_string}\"},\"query-input\":{\"@type\":\"PropertyValueSpecification\",\"valueRequired\":true,\"valueName\":\"search_term_string\"}}],\"inLanguage\":\"az\"},{\"@type\":\"Organization\",\"@id\":\"https:\\\/\\\/www.meydan.tv\\\/az\\\/#organization\",\"name\":\"Meydan TV\",\"url\":\"https:\\\/\\\/www.meydan.tv\\\/az\\\/\",\"logo\":{\"@type\":\"ImageObject\",\"inLanguage\":\"az\",\"@id\":\"https:\\\/\\\/www.meydan.tv\\\/az\\\/#\\\/schema\\\/logo\\\/image\\\/\",\"url\":\"https:\\\/\\\/www.meydan.tv\\\/wp-content\\\/uploads\\\/2021\\\/07\\\/meydan-logo.svg\",\"contentUrl\":\"https:\\\/\\\/www.meydan.tv\\\/wp-content\\\/uploads\\\/2021\\\/07\\\/meydan-logo.svg\",\"width\":195,\"height\":46,\"caption\":\"Meydan TV\"},\"image\":{\"@id\":\"https:\\\/\\\/www.meydan.tv\\\/az\\\/#\\\/schema\\\/logo\\\/image\\\/\"}},{\"@type\":\"Person\",\"@id\":\"https:\\\/\\\/www.meydan.tv\\\/az\\\/#\\\/schema\\\/person\\\/10d11eccf6da3662cf5fdab9806ea91a\",\"name\":\"user-manager\"}]}<\/script>\n<!-- \/ Yoast SEO plugin. -->","yoast_head_json":{"title":"Bir da\u015fla iki qu\u015f - MEYDAN.TV","robots":{"index":"index","follow":"follow","max-snippet":"max-snippet:-1","max-image-preview":"max-image-preview:large","max-video-preview":"max-video-preview:-1"},"canonical":"https:\/\/www.meydan.tv\/az\/article\/bir-dasla-iki-qus\/","og_locale":"az_AZ","og_type":"article","og_title":"Bir da\u015fla iki qu\u015f - MEYDAN.TV","og_description":"G\u00fcman ki, siz\u0259 maraql\u0131d\u0131r...","og_url":"https:\/\/www.meydan.tv\/az\/article\/bir-dasla-iki-qus\/","og_site_name":"MEYDAN.TV","article_published_time":"2015-10-01T02:29:18+00:00","og_image":[{"width":500,"height":500,"url":"https:\/\/www.meydan.tv\/wp-content\/uploads\/12942.jpg","type":"image\/jpeg"}],"author":"user-manager","twitter_card":"summary_large_image","schema":{"@context":"https:\/\/schema.org","@graph":[{"@type":"Article","@id":"https:\/\/www.meydan.tv\/az\/article\/bir-dasla-iki-qus\/#article","isPartOf":{"@id":"https:\/\/www.meydan.tv\/az\/article\/bir-dasla-iki-qus\/"},"author":{"name":"user-manager","@id":"https:\/\/www.meydan.tv\/az\/#\/schema\/person\/10d11eccf6da3662cf5fdab9806ea91a"},"headline":"Bir da\u015fla iki qu\u015f","datePublished":"2015-10-01T02:29:18+00:00","mainEntityOfPage":{"@id":"https:\/\/www.meydan.tv\/az\/article\/bir-dasla-iki-qus\/"},"wordCount":620,"publisher":{"@id":"https:\/\/www.meydan.tv\/az\/#organization"},"image":{"@id":"https:\/\/www.meydan.tv\/az\/article\/bir-dasla-iki-qus\/#primaryimage"},"thumbnailUrl":"https:\/\/www.meydan.tv\/wp-content\/uploads\/12942.jpg","articleSection":["M\u0259nim Fikrimc\u0259"],"inLanguage":"az"},{"@type":"WebPage","@id":"https:\/\/www.meydan.tv\/az\/article\/bir-dasla-iki-qus\/","url":"https:\/\/www.meydan.tv\/az\/article\/bir-dasla-iki-qus\/","name":"Bir da\u015fla iki qu\u015f - MEYDAN.TV","isPartOf":{"@id":"https:\/\/www.meydan.tv\/az\/#website"},"primaryImageOfPage":{"@id":"https:\/\/www.meydan.tv\/az\/article\/bir-dasla-iki-qus\/#primaryimage"},"image":{"@id":"https:\/\/www.meydan.tv\/az\/article\/bir-dasla-iki-qus\/#primaryimage"},"thumbnailUrl":"https:\/\/www.meydan.tv\/wp-content\/uploads\/12942.jpg","datePublished":"2015-10-01T02:29:18+00:00","breadcrumb":{"@id":"https:\/\/www.meydan.tv\/az\/article\/bir-dasla-iki-qus\/#breadcrumb"},"inLanguage":"az","potentialAction":[{"@type":"ReadAction","target":["https:\/\/www.meydan.tv\/az\/article\/bir-dasla-iki-qus\/"]}]},{"@type":"ImageObject","inLanguage":"az","@id":"https:\/\/www.meydan.tv\/az\/article\/bir-dasla-iki-qus\/#primaryimage","url":"https:\/\/www.meydan.tv\/wp-content\/uploads\/12942.jpg","contentUrl":"https:\/\/www.meydan.tv\/wp-content\/uploads\/12942.jpg","width":500,"height":500,"caption":"Source:"},{"@type":"BreadcrumbList","@id":"https:\/\/www.meydan.tv\/az\/article\/bir-dasla-iki-qus\/#breadcrumb","itemListElement":[{"@type":"ListItem","position":1,"name":"Ana s\u0259hif\u0259","item":"https:\/\/www.meydan.tv\/az\/"},{"@type":"ListItem","position":2,"name":"M\u0259nim Fikrimc\u0259","item":"https:\/\/www.meydan.tv\/az\/section\/menim-fikrimce\/"},{"@type":"ListItem","position":3,"name":"Bir da\u015fla iki qu\u015f"}]},{"@type":"WebSite","@id":"https:\/\/www.meydan.tv\/az\/#website","url":"https:\/\/www.meydan.tv\/az\/","name":"MEYDAN.TV","description":"Meydan TV Az\u0259rbaycan\u0131n media m\u0259kan\u0131ndak\u0131 alternativ s\u0259sidir","publisher":{"@id":"https:\/\/www.meydan.tv\/az\/#organization"},"potentialAction":[{"@type":"SearchAction","target":{"@type":"EntryPoint","urlTemplate":"https:\/\/www.meydan.tv\/az\/?s={search_term_string}"},"query-input":{"@type":"PropertyValueSpecification","valueRequired":true,"valueName":"search_term_string"}}],"inLanguage":"az"},{"@type":"Organization","@id":"https:\/\/www.meydan.tv\/az\/#organization","name":"Meydan TV","url":"https:\/\/www.meydan.tv\/az\/","logo":{"@type":"ImageObject","inLanguage":"az","@id":"https:\/\/www.meydan.tv\/az\/#\/schema\/logo\/image\/","url":"https:\/\/www.meydan.tv\/wp-content\/uploads\/2021\/07\/meydan-logo.svg","contentUrl":"https:\/\/www.meydan.tv\/wp-content\/uploads\/2021\/07\/meydan-logo.svg","width":195,"height":46,"caption":"Meydan TV"},"image":{"@id":"https:\/\/www.meydan.tv\/az\/#\/schema\/logo\/image\/"}},{"@type":"Person","@id":"https:\/\/www.meydan.tv\/az\/#\/schema\/person\/10d11eccf6da3662cf5fdab9806ea91a","name":"user-manager"}]}},"_links":{"self":[{"href":"https:\/\/www.meydan.tv\/az\/wp-json\/wp\/v2\/posts\/170201","targetHints":{"allow":["GET"]}}],"collection":[{"href":"https:\/\/www.meydan.tv\/az\/wp-json\/wp\/v2\/posts"}],"about":[{"href":"https:\/\/www.meydan.tv\/az\/wp-json\/wp\/v2\/types\/post"}],"author":[{"embeddable":true,"href":"https:\/\/www.meydan.tv\/az\/wp-json\/wp\/v2\/users\/11"}],"replies":[{"embeddable":true,"href":"https:\/\/www.meydan.tv\/az\/wp-json\/wp\/v2\/comments?post=170201"}],"version-history":[{"count":0,"href":"https:\/\/www.meydan.tv\/az\/wp-json\/wp\/v2\/posts\/170201\/revisions"}],"wp:featuredmedia":[{"embeddable":true,"href":"https:\/\/www.meydan.tv\/az\/wp-json\/wp\/v2\/media\/34620"}],"wp:attachment":[{"href":"https:\/\/www.meydan.tv\/az\/wp-json\/wp\/v2\/media?parent=170201"}],"wp:term":[{"taxonomy":"category","embeddable":true,"href":"https:\/\/www.meydan.tv\/az\/wp-json\/wp\/v2\/categories?post=170201"},{"taxonomy":"post_tag","embeddable":true,"href":"https:\/\/www.meydan.tv\/az\/wp-json\/wp\/v2\/tags?post=170201"}],"curies":[{"name":"wp","href":"https:\/\/api.w.org\/{rel}","templated":true}]}}