{"id":170191,"date":"2015-09-30T17:29:10","date_gmt":"2015-09-30T17:29:10","guid":{"rendered":"https:\/\/www.meydan.tv\/article\/dost-kitab-vicdan\/"},"modified":"2015-09-30T17:29:10","modified_gmt":"2015-09-30T17:29:10","slug":"dost-kitab-vicdan","status":"publish","type":"post","link":"https:\/\/www.meydan.tv\/az\/article\/dost-kitab-vicdan\/","title":{"rendered":"Dost. Kitab. Vicdan."},"content":{"rendered":"<figure class=\"wp-block-image size-large\">\n  <img decoding=\"async\" src=\"https:\/\/www.meydan.tv\/az\/34202\/\" alt=\"\" class=\"wp-image-34202\"\/><figcaption><\/figcaption><\/figure>\n<\/p>\n<figure class=\"wp-block-image size-large\">\n  <img decoding=\"async\" src=\"https:\/\/www.meydan.tv\/az\/34205\/\" alt=\"\" class=\"wp-image-34205\"\/><figcaption><\/figcaption><\/figure>\n<p>\n  Amerikal\u0131 yaz\u0131\u00e7\u0131 Mark Tvenin m\u0259\u015fhur sitat\u0131 bu g\u00fcn \u00fc\u00e7\u00fcn d\u0259 aktuald\u0131r: \u201cYax\u015f\u0131 dostlar, yax\u015f\u0131 kitablar v\u0259 rahat vicdan \u2013 bax, budur ideal h\u0259yat. \u018fsl dost s\u0259n haql\u0131 olmayanda s\u0259nin yan\u0131nda oland\u0131r, \u00e7\u00fcnki haql\u0131 olduqda ist\u0259nil\u0259n \u015f\u0259xs s\u0259nin yan\u0131nda olacaq\u201d.\n<\/p>\n<p>\n  \u018ftraf\u0131n\u0131zdak\u0131 \u00a0bir \u00e7ox insan\u0131n tez-tez \u201ch\u0259yatda \u0259sl dost yoxdur\u201d ifad\u0259sini e\u015fitm\u0259mi\u015f olmazs\u0131n\u0131z. Bu fikird\u0259 olanlar bar\u0259d\u0259 konret fikir y\u00fcr\u00fctm\u0259k asan deyil. \u00c7\u00fcnki h\u0259min ifad\u0259l\u0259ri i\u015fl\u0259d\u0259nl\u0259rin \u0259ks\u0259riyy\u0259tinin rahat vicdana malik oldu\u011fu \u015f\u00fcbh\u0259 do\u011furur. H\u0259m d\u0259 \u0259g\u0259r statistika g\u00f6st\u0259rirs\u0259 ki, \u00f6lk\u0259mizd\u0259 kitab oxuman\u0131n s\u0259viyy\u0259si a\u015fa\u011f\u0131d\u0131r, o zaman Mark Tvenin sitat\u0131n\u0131ndak\u0131 \u201cideal h\u0259yat\u0131n\u201d el\u0259l\u0259ri \u00fc\u00e7\u00fcn m\u00f6vcud olmas\u0131ndan dan\u0131\u015fmaq olduqca \u00e7\u0259tinl\u0259\u015fir.\n<\/p>\n<p>\n  \u201cRahat vicdan\u201d m\u0259s\u0259l\u0259sin\u0259 g\u0259ldikd\u0259 is\u0259, b\u00fct\u00f6vl\u00fckd\u0259 Az\u0259rbaycanda ba\u015f ver\u0259n haqs\u0131zl\u0131qlar\u0131n fonunda susanlar\u0131 g\u00f6r\u0259rk\u0259n, vicdanl\u0131 insanlar\u0131n defisitliyi \u00e7oxumuza daha ayd\u0131n b\u0259lli olur. Haqs\u0131z duruma d\u00fc\u015f\u0259rk\u0259n dost sayd\u0131\u011f\u0131n\u0131z birinin yan\u0131n\u0131zdan itm\u0259sind\u0259n yazma\u011fa is\u0259 l\u00fczum yoxdur. S\u0259b\u0259b is\u0259 m\u0259ml\u0259k\u0259timizd\u0259 etibars\u0131z \u015f\u0259xsl\u0259rin \u00e7ox olmas\u0131d\u0131r.\n<\/p>\n<p>\n  M\u0259nim \u015f\u0259xs\u0259n yax\u015f\u0131 dostlar\u0131m var amma \u0259n yax\u0131n dostum v\u0259 ya dostlar\u0131m m\u00f6vcud deyil, hans\u0131ki, bir \u00e7ox \u015feyimi onunla ya da onlarla b\u00f6l\u00fc\u015f\u00fcm. Yax\u015f\u0131 kitablar\u0131m var v\u0259 el\u0259 onlara \u00fcr\u0259kd\u0259n bel ba\u011flay\u0131b, \u0259n yax\u0131n dostlar\u0131m hesab edir\u0259m. Rahat vicdan\u0131m\u0131 is\u0259 m\u0259hz eqomla daim m\u00fcbariz\u0259 apararaq, \u00fcmumi maraqlar namin\u0259 h\u0259d\u0259fl\u0259rimin miqyas\u0131n\u0131 geni\u015fl\u0259ndirm\u0259kl\u0259 qazand\u0131\u011f\u0131m v\u0259t\u0259nda\u015f m\u00f6vqeyimi a\u015fkar ortaya qoymaqla m\u00fc\u0259yy\u0259n etm\u0259y\u0259 \u00e7al\u0131\u015f\u0131ram. Vicdan\u0131n rahat olmas\u0131n\u0131n m\u00fc\u0259yy\u0259n olunmas\u0131 h\u0259m d\u0259 insan\u0131n gec\u0259 yata\u011f\u0131na uzanark\u0259n g\u00fcnd\u0259lik olaraq qar\u015f\u0131la\u015fd\u0131\u011f\u0131n haqs\u0131zl\u0131qlara g\u00fcc\u00fcn \u00e7atd\u0131\u011f\u0131 \u015f\u0259kild\u0259 susma\u011f\u0131n\u0131n, daim \u015fikay\u0259t edib, t\u0259nb\u0259llik \u0259bas\u0131na b\u00fcr\u00fcnm\u0259yinin, \u0259xlaqdan-namusdan dan\u0131\u015f\u0131b, k\u00fc\u00e7\u0259d\u0259ki q\u0131z-qad\u0131nlara sata\u015fma\u011f\u0131n, ist\u0259nil\u0259n m\u00fc\u0259sis\u0259d\u0259 r\u00fc\u015fv\u0259t al\u0131b-verm\u0259yinin, \u0259lind\u0259 resurslar oldu\u011fu halda bilgil\u0259nib, faydal\u0131 olmama\u011f\u0131n\u0131 \u015f\u0259xsiyy\u0259tin\u0259 yara\u015fd\u0131rmay\u0131b, islahata ba\u015flamama\u011f\u0131nla m\u00f6vcud ola bil\u0259r.\n<\/p>\n<p>\n  Mirz\u0259 C\u0259lil yaz\u0131rd\u0131 ki, m\u00fcs\u0259lman \u00f6lk\u0259l\u0259rind\u0259 ona g\u00f6r\u0259 inqilablar ba\u015f vermir ki, inqilab\u0131n \u0259lifbas\u0131n\u0131 t\u0259\u015fkil ed\u0259n kitablar m\u00fcs\u0259lman xalqlar\u0131n\u0131n dill\u0259rin\u0259 \u00e7evrilm\u0259yib. Bizd\u0259 bir n\u00f6mr\u0259li olaraq t\u0259f\u0259kk\u00fcr inqilab\u0131na ehtiyac var. D\u00fc\u015f\u00fcnc\u0259l\u0259r pas at\u0131b. Yenilik i\u015fart\u0131lar\u0131 g\u00fccl\u0259 sezilir. \u00d6lk\u0259d\u0259 d\u0259yi\u015fiklik ist\u0259y\u0259n klassik m\u00fcxalif\u0259t kitab t\u0259rc\u00fcm\u0259 edib, n\u0259\u015fr etmir. 2011-ci ild\u0259n \u00f6lk\u0259d\u0259 f\u0259aliyy\u0259t g\u00f6st\u0259r\u0259n g\u0259nc N\u0130DA v\u0259t\u0259nda\u015f h\u0259r\u0259kat\u0131 bu g\u00fcn\u0259 kimi 5 kitab t\u0259rc\u00fcm\u0259 edib, n\u0259\u015fr edibl\u0259r.H\u0259l\u0259 ax\u0131r\u0131nc\u0131 n\u0259\u015fr etdiyi kitab\u0131 pulsuz paylay\u0131rd\u0131lar. Bax budur c\u0259miyy\u0259t\u0259 t\u00f6hf\u0259 verm\u0259k. Amma bu \u00e7ox azd\u0131r.\n<\/p>\n<p>\n  Politoloq Az\u0259r R\u0259\u015fido\u011flu da \u00f6z siyasi t\u0259hlilind\u0259 \u00f6lk\u0259mizd\u0259 m\u00fcxalif\u0259t d\u00fc\u015f\u0259rg\u0259sinin passivliyi v\u0259 beyn\u0259lxalq n\u00fcfuzunun z\u0259ifl\u0259m\u0259si bar\u0259sind\u0259 bunlar\u0131 demi\u015fdi: \u201cQ\u0259rb siyasi dair\u0259l\u0259rind\u0259 Az\u0259rbaycan m\u00fcxalif\u0259tinin m\u00fc\u0259yy\u0259n hiss\u0259sinin marginal, korrupsiyaya u\u011fram\u0131\u015f v\u0259 sistemsiz olmas\u0131 bar\u0259d\u0259 r\u0259y formala\u015f\u0131b. \u00a0Az\u0259rbaycan m\u00fcxalif\u0259tin\u0259 demokratik c\u0259miyy\u0259t quruculu\u011fu \u00fc\u00e7\u00fcn ayr\u0131lm\u0131\u015f d\u0259st\u0259yin s\u0259m\u0259r\u0259siz v\u0259 t\u0259yinata uy\u011fun olmayan istiqam\u0259tl\u0259rd\u0259 s\u0259rf olundu\u011funu \u00f6z t\u0259cr\u00fcb\u0259sind\u0259n bilir. 1993-c\u00fc ild\u0259n ba\u015flayaraq m\u00fcxalif\u0259t\u0259 yax\u0131n QHT-\u0259 ayr\u0131lan qrantlardan art\u0131q \u0259s\u0259r \u0259lam\u0259tin bel\u0259 olmamas\u0131 buna bir s\u00fcbutdur.\n<\/p>\n<p>\n  Bu g\u00fcn hakimiyy\u0259t QHT sektorunu tamamil\u0259 darmada\u011f\u0131n edib, h\u00fcquq m\u00fcdafi\u0259\u00e7il\u0259ri repressiyalara m\u0259ruz qal\u0131b, lakin uzun ill\u0259r boyunca milli-demokratik d\u00fc\u015f\u0259rg\u0259y\u0259 yax\u0131n QHT-\u0259 he\u00e7 d\u0259 az olmayan m\u0259bl\u0259\u011f ayr\u0131l\u0131b. Bu pullar bir s\u0131ra hallarda demokratiyan\u0131n inki\u015faf\u0131na deyil, s\u0259drl\u0259rin rifah hal\u0131n\u0131n yax\u015f\u0131la\u015fd\u0131r\u0131lma\u0131sna y\u00f6n\u0259lib. Qon\u015fu G\u00fcrc\u00fcstanda m\u00fcxalif\u0259t liderl\u0259ri al\u0131nan qrantlar\u0131 demokratiyan\u0131 \u00f6yr\u0259nm\u0259y\u0259 s\u0259rf ed\u0259nd\u0259, Az\u0259rbaycanda pullar\u0131n m\u0259nims\u0259nilm\u0259si hallar\u0131 m\u00f6vcud olub\u201d.\n<\/p>\n<p>\n  Ona g\u00f6r\u0259 bir \u00e7ox qrant yey\u0259nl\u0259r vaxt\u0131 il\u0259 Bak\u0131da 4 ev\u0259 m\u0259xsus oldu\u011fu halda, bir d\u0259n\u0259 siyasi, m\u0259d\u0259ni d\u0259yi\u015fikliy\u0259 xidm\u0259t ed\u0259n kitab t\u0259rc\u00fcm\u0259 edib, n\u0259\u015fr etm\u0259mi\u015fdil\u0259r. S\u0259ri\u015ft\u0259sizlikl\u0259ri d\u0259 n\u0259tic\u0259d\u0259 \u00f6z aqib\u0259tl\u0259rini pis el\u0259di. Xalqa is\u0259 he\u00e7 n\u0259 \u00e7atmad\u0131.\n<\/p>\n<p>\n  \u0130nsanlar anlam\u0131rlar ki, bir kitab\u0131n dilimiz\u0259 t\u0259rc\u00fcm\u0259 edilm\u0259si c\u0259miyy\u0259timiz, g\u0259l\u0259c\u0259yimiz \u00fc\u00e7\u00fcn n\u0259 q\u0259d\u0259r faydal\u0131d\u0131r. G\u00fcnel M\u00f6vluda a\u00e7\u0131q-a\u015fkar l\u0259n\u0259t v\u0259 \u00f6l\u00fcm dil\u0259y\u0259nl\u0259r onun \u0259d\u0259bi inki\u015faf\u0131m\u0131z \u00fc\u00e7\u00fcn xeyirli olacaq xarici romanlar\u0131 dilimiz\u0259 t\u0259rc\u00fcm\u0259 etm\u0259sind\u0259n x\u0259b\u0259rsizdil\u0259r?! V\u0259 ya Xalid H\u00fcseynin d\u00fcnyaca m\u0259\u015fhur bestselleri olan \u201c\u00c7\u0259rp\u0259l\u0259ng u\u00e7uran\u201d \u0259s\u0259rini t\u0259rc\u00fcm\u0259 vicdan m\u0259hbusu X\u0259dic\u0259 \u0130smay\u0131l\u0131 v\u0259t\u0259n xaini adland\u0131ranlar \u0259d\u0259biyyat\u0131m\u0131z, m\u0259d\u0259niyy\u0259timiz \u00fc\u00e7\u00fcn n\u0259l\u0259r edibl\u0259r ax\u0131? \u0130nsan\u0131n kims\u0259d\u0259n xo\u015fu g\u0259lm\u0259m\u0259si t\u0259bii hald\u0131r amma g\u0259r\u0259k haqqp\u0259r\u0259st olasan. Olanlara qiym\u0259t verm\u0259yi bacarasan.\n<\/p>\n<p>\n  Facebook vasit\u0259sil\u0259 ba\u015flanan v\u0259 \u0259d\u0259bi inki\u015faf\u0131m\u0131za faydal\u0131 olan bir h\u0259r\u0259katdan da bir ne\u00e7\u0259 s\u0259tir yazmaq ist\u0259yir\u0259m. Onlar virtual al\u0259md\u0259 kitab propaqandas\u0131 il\u0259 m\u0259\u015f\u011fuldular. Bel\u0259ki, kitaba h\u0259dsiz sevgisi olan, asud\u0259 vaxt\u0131n\u0131 m\u00fctali\u0259 il\u0259 d\u0259y\u0259rl\u0259ndir\u0259n insanlar\u0131n c\u0259m oldu\u011fu \u201cKitabsev\u0259rl\u0259r\u201d qrupu 2009-cu ild\u0259 yaranm\u0131\u015f, bu g\u00fcn\u0259 kimi d\u0259 f\u0259aliyy\u0259tini u\u011furla davam etdirm\u0259kd\u0259dir. Qrup m\u00fctali\u0259 sah\u0259sind\u0259 yaln\u0131z kitab oxumaqla kifay\u0259tl\u0259nm\u0259yib maarifl\u0259ndirm\u0259 istiqam\u0259tind\u0259 d\u0259 bir s\u0131ra u\u011furlara imza atm\u0131\u015fd\u0131r. N\u0259tic\u0259l\u0259r: Nikolas Sparks\u0131n \u201cG\u00fcnd\u0259lik\u201d roman\u0131 (qrupun k\u00f6n\u00fcll\u00fc t\u0259rc\u00fcm\u0259\u00e7il\u0259rinin birg\u0259 i\u015fi), Harper Linin \u201cB\u00fclb\u00fcl\u00fc \u00f6ld\u00fcrm\u0259k\u201d (kiril \u0259lifbas\u0131ndan lat\u0131n qrafikal\u0131 \u0259lifbaya ke\u00e7\u0259r\u0259k yenid\u0259n n\u0259\u015fr), \u201cH\u0259yat\u0131n qanunu\u201d (Q\u0259rb \u0259d\u0259biyyat\u0131ndan yeni t\u0259rc\u00fcm\u0259 hekay\u0259l\u0259r), \u201c\u015e\u0259hrizad\u201d (\u015e\u0259rq \u0259d\u0259biyyat\u0131ndan yeni t\u0259rc\u00fcm\u0259 hekay\u0259l\u0259r) v\u0259\u00a0 D\u00fcnya U\u015faq \u018fd\u0259biyyat\u0131ndan Se\u00e7m\u0259 Hekay\u0259l\u0259r toplusu olan\u00a0 &#8220;G\u0259lincik evi&#8221;\u00a0 adl\u0131 kitablar\u0131n\u0131 n\u0259\u015fr etdirmi\u015fl\u0259r.\n<\/p>\n<p>\n  Bu kitablar\u0131n ad\u0131n\u0131 qeyd etm\u0259kl\u0259 bir h\u0259qiq\u0259ti x\u00fcsusi vur\u011fulamaq ist\u0259yir\u0259m ki, bu g\u00f6r\u00fclm\u00fc\u015f i\u015fl\u0259rd\u0259 qrupa he\u00e7 bir t\u0259\u015fkilat v\u0259 orqandan maddi d\u0259st\u0259k olmam\u0131\u015fd\u0131r, bu insanlar n\u0259 etmi\u015fl\u0259rs\u0259 \u00f6z g\u00fccl\u0259ri &#8211; maddi imkanlar\u0131 hesab\u0131na etmi\u015fl\u0259r. K\u00f6n\u00fcll\u00fc olaraq bir t\u0259m\u0259nna ummadan bu y\u00f6nd\u0259 daim \u0259ll\u0259rind\u0259n g\u0259l\u0259n i\u015fl\u0259r\u0259 qo\u015fulub f\u0259dakarl\u0131q g\u00f6st\u0259rmi\u015fl\u0259r. Onlara yaln\u0131z stimul ver\u0259n kitab sevgisi olmu\u015fdur. Bunlardan ba\u015fqa Kitabsev\u0259rl\u0259r qrupu kitab t\u0259bli\u011fi sah\u0259sind\u0259 dig\u0259r yollar\u0131 da s\u0131nayaraq u\u011furla h\u0259yata ke\u00e7irir. Xeyli real g\u00f6r\u00fc\u015fl\u0259r, kitab m\u00fczakir\u0259l\u0259ri, kitabsev\u0259rlerin t\u0259bi\u0259t qoynunda g\u0259zintil\u0259ri, virtual m\u0259kanda ( facebook sosial \u015f\u0259b\u0259k\u0259sind\u0259ki Kitabseverler qrupunda) oxuduqlar\u0131 kitablar haqq\u0131nda t\u0259\u0259ssuratlar\u0131n\u0131 payla\u015fmaq, virtual olaraq kitab m\u00fczakir\u0259l\u0259ri, h\u0259v\u0259sl\u0259ndirici kitab h\u0259diyy\u0259l\u0259ri veril\u0259n intellektual m\u00fcsabiq\u0259l\u0259r, kitablarla fotosessiyalar v\u0259 s. Bel\u0259 v\u0259t\u0259nda\u015flar\u0131m\u0131z\u0131n olmas\u0131 m\u0259ni \u00e7ox sevindirir.\n<\/p>\n<p>\n  Bir \u00e7ox hallarda internetd\u0259 dilimiz\u0259 t\u0259rc\u00fcm\u0259 olunmayan xarici \u0259s\u0259rl\u0259ri g\u00f6r\u0259nd\u0259 \u00e7ox \u00fcz\u00fcl\u00fcr\u0259m. Arzu edir\u0259m ki, yet\u0259rinc\u0259 pulum ola v\u0259 h\u0259min kitablar\u0131 t\u0259rc\u00fcm\u0259 edib, n\u0259\u015fr etm\u0259kd\u0259 vasit\u0259\u00e7i olum. Unutmayaq v\u0259 n\u0259tic\u0259 \u00e7\u0131xaraq ki, bizi z\u00fclm\u0259td\u0259n ayd\u0131nl\u0131\u011fa kitablar \u00e7\u0131xara bil\u0259r!\n<\/p>\n<p>\n  <b><br \/>\n    Yaz\u0131 m\u00fc\u0259llifin \u015f\u0259xsi m\u00f6vqeyini \u0259ks etdirir&#8230;<br \/>\n  <\/b><\/p>\n","protected":false},"excerpt":{"rendered":"<p>\u0130nsanl\u0131\u011f\u0131n incil\u0259ri<\/p>\n","protected":false},"author":11,"featured_media":34202,"comment_status":"closed","ping_status":"open","sticky":false,"template":"","format":"standard","meta":{"_acf_changed":false,"_sitemap_exclude":false,"_sitemap_priority":"","_sitemap_frequency":"","footnotes":""},"categories":[57],"tags":[],"class_list":["post-170191","post","type-post","status-publish","format-standard","has-post-thumbnail","hentry","category-menim-fikrimce","infinite-scroll-item","generate-columns","tablet-grid-50","mobile-grid-100","grid-parent","grid-33","no-featured-image-padding"],"acf":[],"yoast_head":"<!-- This site is optimized with the Yoast SEO plugin v27.5 - https:\/\/yoast.com\/product\/yoast-seo-wordpress\/ -->\n<title>Dost. Kitab. Vicdan. - MEYDAN.TV<\/title>\n<meta name=\"robots\" content=\"index, follow, max-snippet:-1, max-image-preview:large, max-video-preview:-1\" \/>\n<link rel=\"canonical\" href=\"https:\/\/www.meydan.tv\/az\/article\/dost-kitab-vicdan\/\" \/>\n<meta property=\"og:locale\" content=\"az_AZ\" \/>\n<meta property=\"og:type\" content=\"article\" \/>\n<meta property=\"og:title\" content=\"Dost. Kitab. Vicdan. - MEYDAN.TV\" \/>\n<meta property=\"og:description\" content=\"\u0130nsanl\u0131\u011f\u0131n incil\u0259ri\" \/>\n<meta property=\"og:url\" content=\"https:\/\/www.meydan.tv\/az\/article\/dost-kitab-vicdan\/\" \/>\n<meta property=\"og:site_name\" content=\"MEYDAN.TV\" \/>\n<meta property=\"article:published_time\" content=\"2015-09-30T17:29:10+00:00\" \/>\n<meta property=\"og:image\" content=\"https:\/\/www.meydan.tv\/wp-content\/uploads\/12785.jpg\" \/>\n\t<meta property=\"og:image:width\" content=\"500\" \/>\n\t<meta property=\"og:image:height\" content=\"500\" \/>\n\t<meta property=\"og:image:type\" content=\"image\/jpeg\" \/>\n<meta name=\"author\" content=\"user-manager\" \/>\n<meta name=\"twitter:card\" content=\"summary_large_image\" \/>\n<script type=\"application\/ld+json\" class=\"yoast-schema-graph\">{\"@context\":\"https:\\\/\\\/schema.org\",\"@graph\":[{\"@type\":\"Article\",\"@id\":\"https:\\\/\\\/www.meydan.tv\\\/az\\\/article\\\/dost-kitab-vicdan\\\/#article\",\"isPartOf\":{\"@id\":\"https:\\\/\\\/www.meydan.tv\\\/az\\\/article\\\/dost-kitab-vicdan\\\/\"},\"author\":{\"name\":\"user-manager\",\"@id\":\"https:\\\/\\\/www.meydan.tv\\\/az\\\/#\\\/schema\\\/person\\\/10d11eccf6da3662cf5fdab9806ea91a\"},\"headline\":\"Dost. Kitab. Vicdan.\",\"datePublished\":\"2015-09-30T17:29:10+00:00\",\"mainEntityOfPage\":{\"@id\":\"https:\\\/\\\/www.meydan.tv\\\/az\\\/article\\\/dost-kitab-vicdan\\\/\"},\"wordCount\":1506,\"publisher\":{\"@id\":\"https:\\\/\\\/www.meydan.tv\\\/az\\\/#organization\"},\"image\":{\"@id\":\"https:\\\/\\\/www.meydan.tv\\\/az\\\/article\\\/dost-kitab-vicdan\\\/#primaryimage\"},\"thumbnailUrl\":\"https:\\\/\\\/www.meydan.tv\\\/wp-content\\\/uploads\\\/12785.jpg\",\"articleSection\":[\"M\u0259nim Fikrimc\u0259\"],\"inLanguage\":\"az\"},{\"@type\":\"WebPage\",\"@id\":\"https:\\\/\\\/www.meydan.tv\\\/az\\\/article\\\/dost-kitab-vicdan\\\/\",\"url\":\"https:\\\/\\\/www.meydan.tv\\\/az\\\/article\\\/dost-kitab-vicdan\\\/\",\"name\":\"Dost. Kitab. Vicdan. - MEYDAN.TV\",\"isPartOf\":{\"@id\":\"https:\\\/\\\/www.meydan.tv\\\/az\\\/#website\"},\"primaryImageOfPage\":{\"@id\":\"https:\\\/\\\/www.meydan.tv\\\/az\\\/article\\\/dost-kitab-vicdan\\\/#primaryimage\"},\"image\":{\"@id\":\"https:\\\/\\\/www.meydan.tv\\\/az\\\/article\\\/dost-kitab-vicdan\\\/#primaryimage\"},\"thumbnailUrl\":\"https:\\\/\\\/www.meydan.tv\\\/wp-content\\\/uploads\\\/12785.jpg\",\"datePublished\":\"2015-09-30T17:29:10+00:00\",\"breadcrumb\":{\"@id\":\"https:\\\/\\\/www.meydan.tv\\\/az\\\/article\\\/dost-kitab-vicdan\\\/#breadcrumb\"},\"inLanguage\":\"az\",\"potentialAction\":[{\"@type\":\"ReadAction\",\"target\":[\"https:\\\/\\\/www.meydan.tv\\\/az\\\/article\\\/dost-kitab-vicdan\\\/\"]}]},{\"@type\":\"ImageObject\",\"inLanguage\":\"az\",\"@id\":\"https:\\\/\\\/www.meydan.tv\\\/az\\\/article\\\/dost-kitab-vicdan\\\/#primaryimage\",\"url\":\"https:\\\/\\\/www.meydan.tv\\\/wp-content\\\/uploads\\\/12785.jpg\",\"contentUrl\":\"https:\\\/\\\/www.meydan.tv\\\/wp-content\\\/uploads\\\/12785.jpg\",\"width\":500,\"height\":500,\"caption\":\"Source:\"},{\"@type\":\"BreadcrumbList\",\"@id\":\"https:\\\/\\\/www.meydan.tv\\\/az\\\/article\\\/dost-kitab-vicdan\\\/#breadcrumb\",\"itemListElement\":[{\"@type\":\"ListItem\",\"position\":1,\"name\":\"Ana s\u0259hif\u0259\",\"item\":\"https:\\\/\\\/www.meydan.tv\\\/az\\\/\"},{\"@type\":\"ListItem\",\"position\":2,\"name\":\"M\u0259nim Fikrimc\u0259\",\"item\":\"https:\\\/\\\/www.meydan.tv\\\/az\\\/section\\\/menim-fikrimce\\\/\"},{\"@type\":\"ListItem\",\"position\":3,\"name\":\"Dost. Kitab. Vicdan.\"}]},{\"@type\":\"WebSite\",\"@id\":\"https:\\\/\\\/www.meydan.tv\\\/az\\\/#website\",\"url\":\"https:\\\/\\\/www.meydan.tv\\\/az\\\/\",\"name\":\"MEYDAN.TV\",\"description\":\"Meydan TV Az\u0259rbaycan\u0131n media m\u0259kan\u0131ndak\u0131 alternativ s\u0259sidir\",\"publisher\":{\"@id\":\"https:\\\/\\\/www.meydan.tv\\\/az\\\/#organization\"},\"potentialAction\":[{\"@type\":\"SearchAction\",\"target\":{\"@type\":\"EntryPoint\",\"urlTemplate\":\"https:\\\/\\\/www.meydan.tv\\\/az\\\/?s={search_term_string}\"},\"query-input\":{\"@type\":\"PropertyValueSpecification\",\"valueRequired\":true,\"valueName\":\"search_term_string\"}}],\"inLanguage\":\"az\"},{\"@type\":\"Organization\",\"@id\":\"https:\\\/\\\/www.meydan.tv\\\/az\\\/#organization\",\"name\":\"Meydan TV\",\"url\":\"https:\\\/\\\/www.meydan.tv\\\/az\\\/\",\"logo\":{\"@type\":\"ImageObject\",\"inLanguage\":\"az\",\"@id\":\"https:\\\/\\\/www.meydan.tv\\\/az\\\/#\\\/schema\\\/logo\\\/image\\\/\",\"url\":\"https:\\\/\\\/www.meydan.tv\\\/wp-content\\\/uploads\\\/2021\\\/07\\\/meydan-logo.svg\",\"contentUrl\":\"https:\\\/\\\/www.meydan.tv\\\/wp-content\\\/uploads\\\/2021\\\/07\\\/meydan-logo.svg\",\"width\":195,\"height\":46,\"caption\":\"Meydan TV\"},\"image\":{\"@id\":\"https:\\\/\\\/www.meydan.tv\\\/az\\\/#\\\/schema\\\/logo\\\/image\\\/\"}},{\"@type\":\"Person\",\"@id\":\"https:\\\/\\\/www.meydan.tv\\\/az\\\/#\\\/schema\\\/person\\\/10d11eccf6da3662cf5fdab9806ea91a\",\"name\":\"user-manager\"}]}<\/script>\n<!-- \/ Yoast SEO plugin. -->","yoast_head_json":{"title":"Dost. Kitab. Vicdan. - MEYDAN.TV","robots":{"index":"index","follow":"follow","max-snippet":"max-snippet:-1","max-image-preview":"max-image-preview:large","max-video-preview":"max-video-preview:-1"},"canonical":"https:\/\/www.meydan.tv\/az\/article\/dost-kitab-vicdan\/","og_locale":"az_AZ","og_type":"article","og_title":"Dost. Kitab. Vicdan. - MEYDAN.TV","og_description":"\u0130nsanl\u0131\u011f\u0131n incil\u0259ri","og_url":"https:\/\/www.meydan.tv\/az\/article\/dost-kitab-vicdan\/","og_site_name":"MEYDAN.TV","article_published_time":"2015-09-30T17:29:10+00:00","og_image":[{"width":500,"height":500,"url":"https:\/\/www.meydan.tv\/wp-content\/uploads\/12785.jpg","type":"image\/jpeg"}],"author":"user-manager","twitter_card":"summary_large_image","schema":{"@context":"https:\/\/schema.org","@graph":[{"@type":"Article","@id":"https:\/\/www.meydan.tv\/az\/article\/dost-kitab-vicdan\/#article","isPartOf":{"@id":"https:\/\/www.meydan.tv\/az\/article\/dost-kitab-vicdan\/"},"author":{"name":"user-manager","@id":"https:\/\/www.meydan.tv\/az\/#\/schema\/person\/10d11eccf6da3662cf5fdab9806ea91a"},"headline":"Dost. Kitab. Vicdan.","datePublished":"2015-09-30T17:29:10+00:00","mainEntityOfPage":{"@id":"https:\/\/www.meydan.tv\/az\/article\/dost-kitab-vicdan\/"},"wordCount":1506,"publisher":{"@id":"https:\/\/www.meydan.tv\/az\/#organization"},"image":{"@id":"https:\/\/www.meydan.tv\/az\/article\/dost-kitab-vicdan\/#primaryimage"},"thumbnailUrl":"https:\/\/www.meydan.tv\/wp-content\/uploads\/12785.jpg","articleSection":["M\u0259nim Fikrimc\u0259"],"inLanguage":"az"},{"@type":"WebPage","@id":"https:\/\/www.meydan.tv\/az\/article\/dost-kitab-vicdan\/","url":"https:\/\/www.meydan.tv\/az\/article\/dost-kitab-vicdan\/","name":"Dost. Kitab. Vicdan. - MEYDAN.TV","isPartOf":{"@id":"https:\/\/www.meydan.tv\/az\/#website"},"primaryImageOfPage":{"@id":"https:\/\/www.meydan.tv\/az\/article\/dost-kitab-vicdan\/#primaryimage"},"image":{"@id":"https:\/\/www.meydan.tv\/az\/article\/dost-kitab-vicdan\/#primaryimage"},"thumbnailUrl":"https:\/\/www.meydan.tv\/wp-content\/uploads\/12785.jpg","datePublished":"2015-09-30T17:29:10+00:00","breadcrumb":{"@id":"https:\/\/www.meydan.tv\/az\/article\/dost-kitab-vicdan\/#breadcrumb"},"inLanguage":"az","potentialAction":[{"@type":"ReadAction","target":["https:\/\/www.meydan.tv\/az\/article\/dost-kitab-vicdan\/"]}]},{"@type":"ImageObject","inLanguage":"az","@id":"https:\/\/www.meydan.tv\/az\/article\/dost-kitab-vicdan\/#primaryimage","url":"https:\/\/www.meydan.tv\/wp-content\/uploads\/12785.jpg","contentUrl":"https:\/\/www.meydan.tv\/wp-content\/uploads\/12785.jpg","width":500,"height":500,"caption":"Source:"},{"@type":"BreadcrumbList","@id":"https:\/\/www.meydan.tv\/az\/article\/dost-kitab-vicdan\/#breadcrumb","itemListElement":[{"@type":"ListItem","position":1,"name":"Ana s\u0259hif\u0259","item":"https:\/\/www.meydan.tv\/az\/"},{"@type":"ListItem","position":2,"name":"M\u0259nim Fikrimc\u0259","item":"https:\/\/www.meydan.tv\/az\/section\/menim-fikrimce\/"},{"@type":"ListItem","position":3,"name":"Dost. Kitab. Vicdan."}]},{"@type":"WebSite","@id":"https:\/\/www.meydan.tv\/az\/#website","url":"https:\/\/www.meydan.tv\/az\/","name":"MEYDAN.TV","description":"Meydan TV Az\u0259rbaycan\u0131n media m\u0259kan\u0131ndak\u0131 alternativ s\u0259sidir","publisher":{"@id":"https:\/\/www.meydan.tv\/az\/#organization"},"potentialAction":[{"@type":"SearchAction","target":{"@type":"EntryPoint","urlTemplate":"https:\/\/www.meydan.tv\/az\/?s={search_term_string}"},"query-input":{"@type":"PropertyValueSpecification","valueRequired":true,"valueName":"search_term_string"}}],"inLanguage":"az"},{"@type":"Organization","@id":"https:\/\/www.meydan.tv\/az\/#organization","name":"Meydan TV","url":"https:\/\/www.meydan.tv\/az\/","logo":{"@type":"ImageObject","inLanguage":"az","@id":"https:\/\/www.meydan.tv\/az\/#\/schema\/logo\/image\/","url":"https:\/\/www.meydan.tv\/wp-content\/uploads\/2021\/07\/meydan-logo.svg","contentUrl":"https:\/\/www.meydan.tv\/wp-content\/uploads\/2021\/07\/meydan-logo.svg","width":195,"height":46,"caption":"Meydan TV"},"image":{"@id":"https:\/\/www.meydan.tv\/az\/#\/schema\/logo\/image\/"}},{"@type":"Person","@id":"https:\/\/www.meydan.tv\/az\/#\/schema\/person\/10d11eccf6da3662cf5fdab9806ea91a","name":"user-manager"}]}},"_links":{"self":[{"href":"https:\/\/www.meydan.tv\/az\/wp-json\/wp\/v2\/posts\/170191","targetHints":{"allow":["GET"]}}],"collection":[{"href":"https:\/\/www.meydan.tv\/az\/wp-json\/wp\/v2\/posts"}],"about":[{"href":"https:\/\/www.meydan.tv\/az\/wp-json\/wp\/v2\/types\/post"}],"author":[{"embeddable":true,"href":"https:\/\/www.meydan.tv\/az\/wp-json\/wp\/v2\/users\/11"}],"replies":[{"embeddable":true,"href":"https:\/\/www.meydan.tv\/az\/wp-json\/wp\/v2\/comments?post=170191"}],"version-history":[{"count":0,"href":"https:\/\/www.meydan.tv\/az\/wp-json\/wp\/v2\/posts\/170191\/revisions"}],"wp:featuredmedia":[{"embeddable":true,"href":"https:\/\/www.meydan.tv\/az\/wp-json\/wp\/v2\/media\/34202"}],"wp:attachment":[{"href":"https:\/\/www.meydan.tv\/az\/wp-json\/wp\/v2\/media?parent=170191"}],"wp:term":[{"taxonomy":"category","embeddable":true,"href":"https:\/\/www.meydan.tv\/az\/wp-json\/wp\/v2\/categories?post=170191"},{"taxonomy":"post_tag","embeddable":true,"href":"https:\/\/www.meydan.tv\/az\/wp-json\/wp\/v2\/tags?post=170191"}],"curies":[{"name":"wp","href":"https:\/\/api.w.org\/{rel}","templated":true}]}}