{"id":170160,"date":"2015-09-28T23:14:43","date_gmt":"2015-09-28T23:14:43","guid":{"rendered":"https:\/\/www.meydan.tv\/article\/antiutopik-qeydler\/"},"modified":"2015-09-28T23:14:43","modified_gmt":"2015-09-28T23:14:43","slug":"antiutopik-qeydler","status":"publish","type":"post","link":"https:\/\/www.meydan.tv\/az\/article\/antiutopik-qeydler\/","title":{"rendered":"Antiutopik qeydl\u0259r"},"content":{"rendered":"<figure class=\"wp-block-image size-large\">\n  <img decoding=\"async\" src=\"https:\/\/www.meydan.tv\/az\/34482\/\" alt=\"\" class=\"wp-image-34482\"\/><figcaption><\/figcaption><\/figure>\n<figure class=\"wp-block-image size-large\">\n  <img decoding=\"async\" src=\"https:\/\/www.meydan.tv\/az\/34476\/\" alt=\"\" class=\"wp-image-34476\"\/><figcaption><\/figcaption><\/figure>\n<p>\n  N\u0259d\u0259ns\u0259, m\u0259hz bu g\u00fcnl\u0259rd\u0259 q\u0259fl\u0259t\u0259n anlad\u0131m ki, XX \u0259sr art\u0131q \u00e7ox-\u00e7ox ke\u00e7mi\u015fl\u0259rd\u0259 qal\u0131b.\n<\/p>\n<p>\n  Art\u0131q onun, y\u0259ni ke\u00e7\u0259n y\u00fczilin, zat\u0259n XIX \u0259srin anoxranizmi olan proqressivist ideyalar\u0131 tam v\u0259 q\u0259ti iflasa u\u011frad\u0131\u011f\u0131n\u0131n \u015fahidiyik. B\u0259lk\u0259 d\u0259 b\u0259\u015f\u0259r tarixinin hans\u0131sa silsil\u0259si \u00f6z\u00fcn\u00fc ba\u015fa vurub, bel\u0259 d\u0259 ola bil\u0259r.\n<\/p>\n<p>\n  Lakin bir m\u0259s\u0259l\u0259ni \u0259sla inkar etm\u0259k olmaz &#8211; b\u0259\u015f\u0259riyy\u0259tin m\u00fcst\u0259sna inki\u015faf\u0131 il\u0259 ba\u011fl\u0131 b\u00fct\u00fcn XX \u0259sri saran utopiyalar tamamil\u0259 iflas etmi\u015f, \u0259ksin\u0259 ke\u00e7\u0259n y\u00fczillikd\u0259 i\u011fti\u015fa\u015f\u0131n\u0131 tapm\u0131\u015f antiutopik \u0259d\u0259biyyat v\u0259 inc\u0259s\u0259n\u0259t is\u0259 art\u0131q h\u0259yatda real yerini tutmu\u015fdur. S\u0259n\u0259t is\u0259 art\u0131q \u0259sla g\u0259l\u0259c\u0259yin g\u00f6st\u0259ricisi deyil, h\u0259yat\u0131n reall\u0131\u011f\u0131 ard\u0131nca sad\u0259c\u0259 s\u00fcr\u00fcnm\u0259kd\u0259dir.\n<\/p>\n<p>\n  Bu g\u00fcn \u00e7ox rahatca Martin Luther&#8217;in 500 il bundan \u00f6nc\u0259 (31 oktyabr 1517-ci ild\u0259 &#8220;Doxsan be\u015f tezis&#8221;, Wittenberg) ba\u015flatd\u0131\u011f\u0131 v\u0259 b\u00fct\u00fcn haz\u0131rk\u0131 sivilizasiyan\u0131n vektorunu m\u00fc\u0259yy\u0259nl\u0259\u015fdirmi\u015f reformasiyan\u0131n sona g\u0259ldiyini konstatasiya ed\u0259 bil\u0259rik. Klerikallar\u0131n revan\u015f\u0131 da efemer d\u00fc\u015f\u00fcnc\u0259nin t\u0259x\u0259yy\u00fcl\u00fc olmaqdan lap \u00e7oxdan \u00e7\u0131x\u0131b &#8211; f\u0259rqi yoxdur hans\u0131 din (h\u0259r\u00e7\u0259nd ki, ibrahimi din kimi, islam da k\u00f6kl\u0259rini bazis \u0259saslar\u0131na g\u00f6r\u0259 iudaizmd\u0259n alaraq, xristianl\u0131qdan \u00e7ox da f\u0259rql\u0259nmir) qiyaf\u0259sind\u0259, lakin ist\u0259nil\u0259n halda bu, v\u0259 ya dig\u0259r \u0259saslarda ba\u015f tutdu.\n<\/p>\n<p>\n  \u0130nsanm\u0259rk\u0259z\u00e7i d\u00fcnyag\u00f6r\u00fc\u015f\u00fc \u00f6z passionarl\u0131\u011f\u0131n\u0131 itirdiyi \u00fc\u00e7\u00fcn, sakral d\u0259y\u0259rl\u0259r m\u0259s\u0259l\u0259si \u00f6z\u00fcn\u00fc yenid\u0259n qarag\u00fcruhu v\u0259 q\u0259tll\u0259ri il\u0259 b\u0259yan edib. XXI v\u0259 XII \u0259sr insanlar\u0131n\u0131n is\u0259 he\u00e7 bir dialoqu ba\u015f ver\u0259 bilm\u0259z &#8211; bu da ham\u0131ya ayd\u0131n olmal\u0131d\u0131r.\n<\/p>\n<p>\n  G\u00f6zl\u0259rini h\u0259r \u015fey\u0259 qapam\u0131\u015f Az\u0259rbaycan c\u0259miyy\u0259tind\u0259, bu, art\u0131q a\u00e7\u0131q-a\u015fkardad\u0131r. \u00d6z\u00fcn\u00fc tamamil\u0259 kompromentasiya etmi\u015f hakimiyy\u0259t v\u0259 eyni zamanda m\u00fcxalif\u0259tin d\u0259 fonunda yeni dini liderl\u0259r \u00e7ox passionar v\u0259 inand\u0131r\u0131c\u0131 g\u00f6r\u00fcn\u00fcr. Onlar\u0131n \u00f6z\u00fcn\u0259inam\u0131, q\u0259tiliyi, h\u0259r hans\u0131 bir t\u0259r\u0259dd\u00fcdd\u0259n \u00e7ox-\u00e7ox uzaq olan b\u0259yanatlar\u0131n bunu dem\u0259y\u0259 tam \u0259sas verir. Haz\u0131rda d\u00fcnyada ba\u015f ver\u0259n b\u00fct\u00fcn prosesl\u0259r d\u0259 onlar\u0131n do\u011fru oldu\u011funu, h\u0259qiqiliyini s\u00fcbut etm\u0259kd\u0259dir. Bel\u0259 bir kontekstd\u0259 onlar v\u0259 yaln\u0131z onlar haz\u0131rda Az\u0259rbaycan adlanan, v\u0259 \u00f6z d\u00fcny\u0259vi m\u0259d\u0259niyy\u0259tini M.F.Axudovun yarad\u0131c\u0131l\u0131\u011f\u0131ndan ba\u015fladan bir \u00f6lk\u0259 v\u0259 m\u0259d\u0259niyy\u0259tin yegan\u0259 v\u0259 alternativsiz g\u0259l\u0259c\u0259yi kimi g\u00f6r\u00fcn\u00fcr.\n<\/p>\n<p>\n  N\u0259dir m\u0259s\u0259l\u0259nin mahiyy\u0259ti? Az\u0259rbaycan v\u0259t\u0259nda\u015flar\u0131n\u0131n son q\u0259rin\u0259d\u0259, daha do\u011frusu, son 25 ild\u0259 n\u0259 kimi bir t\u0259cr\u00fcb\u0259 sahib oldu\u011funu bil\u0259r\u0259k, el\u0259 indi d\u0259, b\u0259lk\u0259 lap 70%-d\u0259n \u00e7oxunun bu g\u00fcn a\u011f\u0131r sosial durumda olmas\u0131 kimin \u00fc\u00e7\u00fcn sirrdir? Bel\u0259 bir t\u0259cr\u00fcb\u0259 \u00f6z a\u011f\u0131rl\u0131\u011f\u0131 v\u0259 bitm\u0259y\u0259n m\u0259nas\u0131zl\u0131\u011f\u0131 il\u0259 d\u00fcny\u0259vi mahiyy\u0259ti olan rejim\u0259, eyni zamanda ondan he\u00e7 bir xilas yolu tapa bilm\u0259y\u0259n haz\u0131rk\u0131 m\u00fcxalif\u0259t\u0259 proeksiya edilm\u0259y\u0259c\u0259kdimi, nec\u0259 d\u00fc\u015f\u00fcn\u00fcrs\u00fcn\u00fcz?\n<\/p>\n<p>\n  H\u0259r hans\u0131 bir insan, v\u0259 ya c\u0259miyy\u0259t, \u00e7\u0131x\u0131\u015f yolunun m\u00fcmk\u00fcns\u00fczl\u00fcy\u00fc zaman\u0131 art\u0131q h\u0259r \u015feyd\u0259n \u0259lini \u00fcz\u00fcb sakrala nicat g\u0259tirm\u0259y\u0259c\u0259kdimi, onun bu g\u00fcn Hac\u0131 Taleni ba\u015f q\u0259hr\u0259mana \u00e7evirm\u0259m\u0259k \u015fans\u0131 vard\u0131m\u0131? Do\u011frudan da bu g\u0259nc lider \u00e7ox ard\u0131c\u0131 v\u0259 s\u0259mimidir, b\u0259yanlar\u0131nda da \u00e7ox lakonik v\u0259 konkretdir. Dini \u0259sla yaln\u0131z inanc kimi deyil, onu eyni zamanda d\u00f6vl\u0259tin yegan\u0259 qanunu, c\u0259miyy\u0259tin t\u0259kh\u00fcquqlu t\u0259nziml\u0259yicisi kimi g\u00f6r\u00fcr. V\u0259 bu da Hac\u0131 Taleni, ondan \u00f6nc\u0259 g\u0259l\u0259n ictimai dini xadiml\u0259rd\u0259n f\u0259rql\u0259ndir\u0259n ba\u015fl\u0131ca amildir. Bu fonda ill\u0259rl\u0259 Nardaranda, imam H\u00fcseyn meydan\u0131nda a\u015furaya y\u0131\u011f\u0131lan k\u00fctl\u0259nin artmas\u0131 v\u0259 faktiki z\u0259ncirvari reaksiyas\u0131 il\u0259 m\u00fc\u015fayi\u0259t olunan bu proses n\u0259 il\u0259 bit\u0259 bil\u0259r, kimin \u00fc\u00e7\u00fcns\u0259 yen\u0259 d\u0259 \u015f\u00fcbh\u0259li qal\u0131rm\u0131?\n<\/p>\n<p>\n  Toplumumuzun haz\u0131rk\u0131 durumunu n\u0259 q\u0259d\u0259r t\u0259hlili ets\u0259k d\u0259, n\u0259 kimi refleksiyadan ke\u00e7irs\u0259k d\u0259, son n\u0259tic\u0259 eyni al\u0131n\u0131r &#8211; indiki v\u0259ziyy\u0259t ist\u0259nil\u0259n halda qanunauy\u011fundur, \u0259dal\u0259tlidir, hans\u0131 yolla g\u0259ls\u0259ydik d\u0259 sonu bu olacaqd\u0131, \u00e7\u00fcnki ba\u015fqas\u0131 prinsipc\u0259 m\u00fcmk\u00fcn deyildi.\n<\/p>\n<p>\n  Antiutopiya bu g\u00fcn Az\u0259rbaycanda art\u0131q h\u0259r bir ev\u0259 \u00f6z aya\u011f\u0131 il\u0259 g\u0259lib, b\u00fct\u00fcn ba\u015f ver\u0259nl\u0259r art\u0131q Kafka, Orwell, Zamyatin, David Lynch, Bunuel, Salvador Dali&#8217;dir. \u018fg\u0259r kimin \u00fc\u00e7\u00fcns\u0259 yen\u0259 d\u0259 n\u0259s\u0259 qaranl\u0131q qald\u0131sa, o halda bir zamanlar seyrin\u0259 r\u0259\u011fm\u0259n bizim c\u0259miyy\u0259t\u0259 aidiyyat\u0131n\u0131 q\u0259bul ed\u0259 bilm\u0259diyimiz, amma indi art\u0131q qorxunc reaall\u0131\u011fa \u00e7evrilm\u0259kd\u0259 olan &#8220;Korlar \u00f6lk\u0259si&#8221; (&#8220;Land of the Blind&#8221;, 2006, rejissor Robert Edwards) filmini t\u00f6vsiy\u0259 ed\u0259rdim. S\u00fcjeti haqda he\u00e7 bir \u015fey yazmayacam, \u00f6z\u00fcn\u00fcz\u00fcn baxman\u0131z g\u0259r\u0259kdir.<br \/>\n  <br \/>\n  Deyir bax, yax\u015f\u0131-yax\u015f\u0131 bax, bir daha g\u00f6rm\u0259y\u0259c\u0259ks\u0259n. Sitat\u0131n sonu. He\u015f zad.\n<\/p>\n<p>\n  P.S. B\u0259s indi nec\u0259 olsun, onda bizim 150 illik b\u00f6y\u00fck maarif\u00e7ilik pu\u00e7a getdimi? \u018flb\u0259tt\u0259 ki. N\u0259 olsun? Adama dey\u0259rl\u0259r &#8211; c\u0259h\u0259nn\u0259m\u0259 ki, pu\u00e7a getdi, odey, camaat\u0131n 500 illik reformasiyas\u0131 orada az qala k\u0259ll\u0259mayallaq olub, \u015f\u0259kilil\u0259r demi\u015f, hay\u0131nd\u0131 sora?\n<\/p>\n<p>\n  <b><br \/>\n    Yaz\u0131 m\u00fc\u0259llifin \u015f\u0259xsi m\u00f6vqeyini \u0259ks etdirir&#8230;<br \/>\n  <\/b><\/p>\n","protected":false},"excerpt":{"rendered":"<p>K\u0259ll\u0259mayallaq getmi\u015f 500 illik reformasiya&#8230;<\/p>\n","protected":false},"author":11,"featured_media":34482,"comment_status":"closed","ping_status":"open","sticky":false,"template":"","format":"standard","meta":{"_acf_changed":false,"_sitemap_exclude":false,"_sitemap_priority":"","_sitemap_frequency":"","footnotes":""},"categories":[57],"tags":[],"class_list":["post-170160","post","type-post","status-publish","format-standard","has-post-thumbnail","hentry","category-menim-fikrimce","infinite-scroll-item","generate-columns","tablet-grid-50","mobile-grid-100","grid-parent","grid-33","no-featured-image-padding"],"acf":[],"yoast_head":"<!-- This site is optimized with the Yoast SEO plugin v27.5 - https:\/\/yoast.com\/product\/yoast-seo-wordpress\/ -->\n<title>Antiutopik qeydl\u0259r - MEYDAN.TV<\/title>\n<meta name=\"robots\" content=\"index, follow, max-snippet:-1, max-image-preview:large, max-video-preview:-1\" \/>\n<link rel=\"canonical\" href=\"https:\/\/www.meydan.tv\/az\/article\/antiutopik-qeydler\/\" \/>\n<meta property=\"og:locale\" content=\"az_AZ\" \/>\n<meta property=\"og:type\" content=\"article\" \/>\n<meta property=\"og:title\" content=\"Antiutopik qeydl\u0259r - MEYDAN.TV\" \/>\n<meta property=\"og:description\" content=\"K\u0259ll\u0259mayallaq getmi\u015f 500 illik reformasiya...\" \/>\n<meta property=\"og:url\" content=\"https:\/\/www.meydan.tv\/az\/article\/antiutopik-qeydler\/\" \/>\n<meta property=\"og:site_name\" content=\"MEYDAN.TV\" \/>\n<meta property=\"article:published_time\" content=\"2015-09-28T23:14:43+00:00\" \/>\n<meta property=\"og:image\" content=\"https:\/\/www.meydan.tv\/wp-content\/uploads\/12894.jpg\" \/>\n\t<meta property=\"og:image:width\" content=\"500\" \/>\n\t<meta property=\"og:image:height\" content=\"500\" \/>\n\t<meta property=\"og:image:type\" content=\"image\/jpeg\" \/>\n<meta name=\"author\" content=\"user-manager\" \/>\n<meta name=\"twitter:card\" content=\"summary_large_image\" \/>\n<script type=\"application\/ld+json\" class=\"yoast-schema-graph\">{\"@context\":\"https:\\\/\\\/schema.org\",\"@graph\":[{\"@type\":\"Article\",\"@id\":\"https:\\\/\\\/www.meydan.tv\\\/az\\\/article\\\/antiutopik-qeydler\\\/#article\",\"isPartOf\":{\"@id\":\"https:\\\/\\\/www.meydan.tv\\\/az\\\/article\\\/antiutopik-qeydler\\\/\"},\"author\":{\"name\":\"user-manager\",\"@id\":\"https:\\\/\\\/www.meydan.tv\\\/az\\\/#\\\/schema\\\/person\\\/10d11eccf6da3662cf5fdab9806ea91a\"},\"headline\":\"Antiutopik qeydl\u0259r\",\"datePublished\":\"2015-09-28T23:14:43+00:00\",\"mainEntityOfPage\":{\"@id\":\"https:\\\/\\\/www.meydan.tv\\\/az\\\/article\\\/antiutopik-qeydler\\\/\"},\"wordCount\":1002,\"publisher\":{\"@id\":\"https:\\\/\\\/www.meydan.tv\\\/az\\\/#organization\"},\"image\":{\"@id\":\"https:\\\/\\\/www.meydan.tv\\\/az\\\/article\\\/antiutopik-qeydler\\\/#primaryimage\"},\"thumbnailUrl\":\"https:\\\/\\\/www.meydan.tv\\\/wp-content\\\/uploads\\\/12894.jpg\",\"articleSection\":[\"M\u0259nim Fikrimc\u0259\"],\"inLanguage\":\"az\"},{\"@type\":\"WebPage\",\"@id\":\"https:\\\/\\\/www.meydan.tv\\\/az\\\/article\\\/antiutopik-qeydler\\\/\",\"url\":\"https:\\\/\\\/www.meydan.tv\\\/az\\\/article\\\/antiutopik-qeydler\\\/\",\"name\":\"Antiutopik qeydl\u0259r - MEYDAN.TV\",\"isPartOf\":{\"@id\":\"https:\\\/\\\/www.meydan.tv\\\/az\\\/#website\"},\"primaryImageOfPage\":{\"@id\":\"https:\\\/\\\/www.meydan.tv\\\/az\\\/article\\\/antiutopik-qeydler\\\/#primaryimage\"},\"image\":{\"@id\":\"https:\\\/\\\/www.meydan.tv\\\/az\\\/article\\\/antiutopik-qeydler\\\/#primaryimage\"},\"thumbnailUrl\":\"https:\\\/\\\/www.meydan.tv\\\/wp-content\\\/uploads\\\/12894.jpg\",\"datePublished\":\"2015-09-28T23:14:43+00:00\",\"breadcrumb\":{\"@id\":\"https:\\\/\\\/www.meydan.tv\\\/az\\\/article\\\/antiutopik-qeydler\\\/#breadcrumb\"},\"inLanguage\":\"az\",\"potentialAction\":[{\"@type\":\"ReadAction\",\"target\":[\"https:\\\/\\\/www.meydan.tv\\\/az\\\/article\\\/antiutopik-qeydler\\\/\"]}]},{\"@type\":\"ImageObject\",\"inLanguage\":\"az\",\"@id\":\"https:\\\/\\\/www.meydan.tv\\\/az\\\/article\\\/antiutopik-qeydler\\\/#primaryimage\",\"url\":\"https:\\\/\\\/www.meydan.tv\\\/wp-content\\\/uploads\\\/12894.jpg\",\"contentUrl\":\"https:\\\/\\\/www.meydan.tv\\\/wp-content\\\/uploads\\\/12894.jpg\",\"width\":500,\"height\":500,\"caption\":\"Source:\"},{\"@type\":\"BreadcrumbList\",\"@id\":\"https:\\\/\\\/www.meydan.tv\\\/az\\\/article\\\/antiutopik-qeydler\\\/#breadcrumb\",\"itemListElement\":[{\"@type\":\"ListItem\",\"position\":1,\"name\":\"Ana s\u0259hif\u0259\",\"item\":\"https:\\\/\\\/www.meydan.tv\\\/az\\\/\"},{\"@type\":\"ListItem\",\"position\":2,\"name\":\"M\u0259nim Fikrimc\u0259\",\"item\":\"https:\\\/\\\/www.meydan.tv\\\/az\\\/section\\\/menim-fikrimce\\\/\"},{\"@type\":\"ListItem\",\"position\":3,\"name\":\"Antiutopik qeydl\u0259r\"}]},{\"@type\":\"WebSite\",\"@id\":\"https:\\\/\\\/www.meydan.tv\\\/az\\\/#website\",\"url\":\"https:\\\/\\\/www.meydan.tv\\\/az\\\/\",\"name\":\"MEYDAN.TV\",\"description\":\"Meydan TV Az\u0259rbaycan\u0131n media m\u0259kan\u0131ndak\u0131 alternativ s\u0259sidir\",\"publisher\":{\"@id\":\"https:\\\/\\\/www.meydan.tv\\\/az\\\/#organization\"},\"potentialAction\":[{\"@type\":\"SearchAction\",\"target\":{\"@type\":\"EntryPoint\",\"urlTemplate\":\"https:\\\/\\\/www.meydan.tv\\\/az\\\/?s={search_term_string}\"},\"query-input\":{\"@type\":\"PropertyValueSpecification\",\"valueRequired\":true,\"valueName\":\"search_term_string\"}}],\"inLanguage\":\"az\"},{\"@type\":\"Organization\",\"@id\":\"https:\\\/\\\/www.meydan.tv\\\/az\\\/#organization\",\"name\":\"Meydan TV\",\"url\":\"https:\\\/\\\/www.meydan.tv\\\/az\\\/\",\"logo\":{\"@type\":\"ImageObject\",\"inLanguage\":\"az\",\"@id\":\"https:\\\/\\\/www.meydan.tv\\\/az\\\/#\\\/schema\\\/logo\\\/image\\\/\",\"url\":\"https:\\\/\\\/www.meydan.tv\\\/wp-content\\\/uploads\\\/2021\\\/07\\\/meydan-logo.svg\",\"contentUrl\":\"https:\\\/\\\/www.meydan.tv\\\/wp-content\\\/uploads\\\/2021\\\/07\\\/meydan-logo.svg\",\"width\":195,\"height\":46,\"caption\":\"Meydan TV\"},\"image\":{\"@id\":\"https:\\\/\\\/www.meydan.tv\\\/az\\\/#\\\/schema\\\/logo\\\/image\\\/\"}},{\"@type\":\"Person\",\"@id\":\"https:\\\/\\\/www.meydan.tv\\\/az\\\/#\\\/schema\\\/person\\\/10d11eccf6da3662cf5fdab9806ea91a\",\"name\":\"user-manager\"}]}<\/script>\n<!-- \/ Yoast SEO plugin. -->","yoast_head_json":{"title":"Antiutopik qeydl\u0259r - MEYDAN.TV","robots":{"index":"index","follow":"follow","max-snippet":"max-snippet:-1","max-image-preview":"max-image-preview:large","max-video-preview":"max-video-preview:-1"},"canonical":"https:\/\/www.meydan.tv\/az\/article\/antiutopik-qeydler\/","og_locale":"az_AZ","og_type":"article","og_title":"Antiutopik qeydl\u0259r - MEYDAN.TV","og_description":"K\u0259ll\u0259mayallaq getmi\u015f 500 illik reformasiya...","og_url":"https:\/\/www.meydan.tv\/az\/article\/antiutopik-qeydler\/","og_site_name":"MEYDAN.TV","article_published_time":"2015-09-28T23:14:43+00:00","og_image":[{"width":500,"height":500,"url":"https:\/\/www.meydan.tv\/wp-content\/uploads\/12894.jpg","type":"image\/jpeg"}],"author":"user-manager","twitter_card":"summary_large_image","schema":{"@context":"https:\/\/schema.org","@graph":[{"@type":"Article","@id":"https:\/\/www.meydan.tv\/az\/article\/antiutopik-qeydler\/#article","isPartOf":{"@id":"https:\/\/www.meydan.tv\/az\/article\/antiutopik-qeydler\/"},"author":{"name":"user-manager","@id":"https:\/\/www.meydan.tv\/az\/#\/schema\/person\/10d11eccf6da3662cf5fdab9806ea91a"},"headline":"Antiutopik qeydl\u0259r","datePublished":"2015-09-28T23:14:43+00:00","mainEntityOfPage":{"@id":"https:\/\/www.meydan.tv\/az\/article\/antiutopik-qeydler\/"},"wordCount":1002,"publisher":{"@id":"https:\/\/www.meydan.tv\/az\/#organization"},"image":{"@id":"https:\/\/www.meydan.tv\/az\/article\/antiutopik-qeydler\/#primaryimage"},"thumbnailUrl":"https:\/\/www.meydan.tv\/wp-content\/uploads\/12894.jpg","articleSection":["M\u0259nim Fikrimc\u0259"],"inLanguage":"az"},{"@type":"WebPage","@id":"https:\/\/www.meydan.tv\/az\/article\/antiutopik-qeydler\/","url":"https:\/\/www.meydan.tv\/az\/article\/antiutopik-qeydler\/","name":"Antiutopik qeydl\u0259r - MEYDAN.TV","isPartOf":{"@id":"https:\/\/www.meydan.tv\/az\/#website"},"primaryImageOfPage":{"@id":"https:\/\/www.meydan.tv\/az\/article\/antiutopik-qeydler\/#primaryimage"},"image":{"@id":"https:\/\/www.meydan.tv\/az\/article\/antiutopik-qeydler\/#primaryimage"},"thumbnailUrl":"https:\/\/www.meydan.tv\/wp-content\/uploads\/12894.jpg","datePublished":"2015-09-28T23:14:43+00:00","breadcrumb":{"@id":"https:\/\/www.meydan.tv\/az\/article\/antiutopik-qeydler\/#breadcrumb"},"inLanguage":"az","potentialAction":[{"@type":"ReadAction","target":["https:\/\/www.meydan.tv\/az\/article\/antiutopik-qeydler\/"]}]},{"@type":"ImageObject","inLanguage":"az","@id":"https:\/\/www.meydan.tv\/az\/article\/antiutopik-qeydler\/#primaryimage","url":"https:\/\/www.meydan.tv\/wp-content\/uploads\/12894.jpg","contentUrl":"https:\/\/www.meydan.tv\/wp-content\/uploads\/12894.jpg","width":500,"height":500,"caption":"Source:"},{"@type":"BreadcrumbList","@id":"https:\/\/www.meydan.tv\/az\/article\/antiutopik-qeydler\/#breadcrumb","itemListElement":[{"@type":"ListItem","position":1,"name":"Ana s\u0259hif\u0259","item":"https:\/\/www.meydan.tv\/az\/"},{"@type":"ListItem","position":2,"name":"M\u0259nim Fikrimc\u0259","item":"https:\/\/www.meydan.tv\/az\/section\/menim-fikrimce\/"},{"@type":"ListItem","position":3,"name":"Antiutopik qeydl\u0259r"}]},{"@type":"WebSite","@id":"https:\/\/www.meydan.tv\/az\/#website","url":"https:\/\/www.meydan.tv\/az\/","name":"MEYDAN.TV","description":"Meydan TV Az\u0259rbaycan\u0131n media m\u0259kan\u0131ndak\u0131 alternativ s\u0259sidir","publisher":{"@id":"https:\/\/www.meydan.tv\/az\/#organization"},"potentialAction":[{"@type":"SearchAction","target":{"@type":"EntryPoint","urlTemplate":"https:\/\/www.meydan.tv\/az\/?s={search_term_string}"},"query-input":{"@type":"PropertyValueSpecification","valueRequired":true,"valueName":"search_term_string"}}],"inLanguage":"az"},{"@type":"Organization","@id":"https:\/\/www.meydan.tv\/az\/#organization","name":"Meydan TV","url":"https:\/\/www.meydan.tv\/az\/","logo":{"@type":"ImageObject","inLanguage":"az","@id":"https:\/\/www.meydan.tv\/az\/#\/schema\/logo\/image\/","url":"https:\/\/www.meydan.tv\/wp-content\/uploads\/2021\/07\/meydan-logo.svg","contentUrl":"https:\/\/www.meydan.tv\/wp-content\/uploads\/2021\/07\/meydan-logo.svg","width":195,"height":46,"caption":"Meydan TV"},"image":{"@id":"https:\/\/www.meydan.tv\/az\/#\/schema\/logo\/image\/"}},{"@type":"Person","@id":"https:\/\/www.meydan.tv\/az\/#\/schema\/person\/10d11eccf6da3662cf5fdab9806ea91a","name":"user-manager"}]}},"_links":{"self":[{"href":"https:\/\/www.meydan.tv\/az\/wp-json\/wp\/v2\/posts\/170160","targetHints":{"allow":["GET"]}}],"collection":[{"href":"https:\/\/www.meydan.tv\/az\/wp-json\/wp\/v2\/posts"}],"about":[{"href":"https:\/\/www.meydan.tv\/az\/wp-json\/wp\/v2\/types\/post"}],"author":[{"embeddable":true,"href":"https:\/\/www.meydan.tv\/az\/wp-json\/wp\/v2\/users\/11"}],"replies":[{"embeddable":true,"href":"https:\/\/www.meydan.tv\/az\/wp-json\/wp\/v2\/comments?post=170160"}],"version-history":[{"count":0,"href":"https:\/\/www.meydan.tv\/az\/wp-json\/wp\/v2\/posts\/170160\/revisions"}],"wp:featuredmedia":[{"embeddable":true,"href":"https:\/\/www.meydan.tv\/az\/wp-json\/wp\/v2\/media\/34482"}],"wp:attachment":[{"href":"https:\/\/www.meydan.tv\/az\/wp-json\/wp\/v2\/media?parent=170160"}],"wp:term":[{"taxonomy":"category","embeddable":true,"href":"https:\/\/www.meydan.tv\/az\/wp-json\/wp\/v2\/categories?post=170160"},{"taxonomy":"post_tag","embeddable":true,"href":"https:\/\/www.meydan.tv\/az\/wp-json\/wp\/v2\/tags?post=170160"}],"curies":[{"name":"wp","href":"https:\/\/api.w.org\/{rel}","templated":true}]}}