{"id":170142,"date":"2015-09-28T09:51:29","date_gmt":"2015-09-28T09:51:29","guid":{"rendered":"https:\/\/www.meydan.tv\/article\/eli-kerimli-ve-sahib-kerimlinin-debati-video\/"},"modified":"2015-09-28T09:51:29","modified_gmt":"2015-09-28T09:51:29","slug":"eli-kerimli-ve-sahib-kerimlinin-debati-video","status":"publish","type":"post","link":"https:\/\/www.meydan.tv\/az\/article\/eli-kerimli-ve-sahib-kerimlinin-debati-video\/","title":{"rendered":"\u018fli K\u0259rimli v\u0259 Sahib K\u0259rimlinin debat\u0131 (V\u0130DEO)"},"content":{"rendered":"<figure class=\"wp-block-embed is-type-video is-provider-youtube wp-block-embed-youtube wp-embed-aspect-16-9 wp-has-aspect-ratio\">\n<div class=\"wp-block-embed__wrapper\">\n    <iframe loading=\"lazy\"\ttitle=\"\" width=\"1200\" height=\"675\" src=\"https:\/\/www.youtube.com\/embed\/Neshy_TyfXw\"\tframeborder=\"0\"\tallow=\"accelerometer; autoplay; clipboard-write; encrypted-media; gyroscope; picture-in-picture\" allowfullscreen><\/iframe>\n  <\/div><figcaption><\/figcaption><\/figure>\n<p>\n  Sentyabr\u0131n 27-d\u0259 Az\u0259rbaycan Xalq C\u0259bh\u0259si Partiyas\u0131 VI (IX) Qurultay\u0131 ke\u00e7irilib. Partiya \u00fczv\u00fc Sahib K\u0259rimli \u00f6z namiz\u0259dliyini ir\u0259li s\u00fcr\u00fcb v\u0259 s\u0259sverm\u0259nin gizli ke\u00e7irilm\u0259sini t\u0259klif edib. T\u0259klif s\u0259s\u0259 qoyulub, iki n\u0259f\u0259r \u0259leyhin\u0259 olmaqla partiya s\u0259drinin a\u00e7\u0131q s\u0259sverm\u0259 il\u0259 se\u00e7ilm\u0259si t\u0259klifi q\u0259bul olunub. Bel\u0259 olanda Sahib K\u0259rimli s\u0259dr \u018fli K\u0259rimlini t\u0259nqid edib v\u0259 namiz\u0259dliyini geri g\u00f6t\u00fcr\u00fcb.\n<\/p>\n<p>\n  S\u0259sverm\u0259d\u0259n sonra yenid\u0259n s\u0259dr se\u00e7il\u0259n \u018fli K\u0259rimli b\u0259zi t\u0259nqidi fikirl\u0259r\u0259 cavab verib.<\/p>\n","protected":false},"excerpt":{"rendered":"<p>S\u0259sverm\u0259d\u0259n sonra yenid\u0259n s\u0259dr se\u00e7il\u0259n \u018fli K\u0259rimli b\u0259zi t\u0259nqidi fikirl\u0259r\u0259 cavab verdi<\/p>\n","protected":false},"author":11,"featured_media":34428,"comment_status":"closed","ping_status":"open","sticky":false,"template":"","format":"standard","meta":{"_acf_changed":false,"_sitemap_exclude":false,"_sitemap_priority":"","_sitemap_frequency":"","footnotes":""},"categories":[63],"tags":[],"class_list":["post-170142","post","type-post","status-publish","format-standard","has-post-thumbnail","hentry","category-video-2","infinite-scroll-item","generate-columns","tablet-grid-50","mobile-grid-100","grid-parent","grid-33","no-featured-image-padding"],"acf":[],"yoast_head":"<!-- This site is optimized with the Yoast SEO plugin v28.4 - https:\/\/yoast.com\/product\/yoast-seo-wordpress\/ -->\n<title>\u018fli K\u0259rimli v\u0259 Sahib K\u0259rimlinin debat\u0131 (V\u0130DEO) - MEYDAN.TV<\/title>\n<meta name=\"robots\" content=\"index, follow, max-snippet:-1, max-image-preview:large, max-video-preview:-1\" \/>\n<link rel=\"canonical\" href=\"https:\/\/www.meydan.tv\/az\/article\/eli-kerimli-ve-sahib-kerimlinin-debati-video\/\" \/>\n<meta property=\"og:locale\" content=\"az_AZ\" \/>\n<meta property=\"og:type\" content=\"article\" \/>\n<meta property=\"og:title\" content=\"\u018fli K\u0259rimli v\u0259 Sahib K\u0259rimlinin debat\u0131 (V\u0130DEO) - MEYDAN.TV\" \/>\n<meta property=\"og:description\" content=\"S\u0259sverm\u0259d\u0259n sonra yenid\u0259n s\u0259dr se\u00e7il\u0259n \u018fli K\u0259rimli b\u0259zi t\u0259nqidi fikirl\u0259r\u0259 cavab verdi\" \/>\n<meta property=\"og:url\" content=\"https:\/\/www.meydan.tv\/az\/article\/eli-kerimli-ve-sahib-kerimlinin-debati-video\/\" \/>\n<meta property=\"og:site_name\" content=\"MEYDAN.TV\" \/>\n<meta property=\"article:published_time\" content=\"2015-09-28T09:51:29+00:00\" \/>\n<meta property=\"og:image\" content=\"https:\/\/www.meydan.tv\/wp-content\/uploads\/12876.jpg\" \/>\n\t<meta property=\"og:image:width\" content=\"2283\" \/>\n\t<meta property=\"og:image:height\" content=\"1279\" \/>\n\t<meta property=\"og:image:type\" content=\"image\/jpeg\" \/>\n<meta name=\"twitter:card\" content=\"summary_large_image\" \/>\n<!-- \/ Yoast SEO plugin. -->","yoast_head_json":{"title":"\u018fli K\u0259rimli v\u0259 Sahib K\u0259rimlinin debat\u0131 (V\u0130DEO) - MEYDAN.TV","robots":{"index":"index","follow":"follow","max-snippet":"max-snippet:-1","max-image-preview":"max-image-preview:large","max-video-preview":"max-video-preview:-1"},"canonical":"https:\/\/www.meydan.tv\/az\/article\/eli-kerimli-ve-sahib-kerimlinin-debati-video\/","og_locale":"az_AZ","og_type":"article","og_title":"\u018fli K\u0259rimli v\u0259 Sahib K\u0259rimlinin debat\u0131 (V\u0130DEO) - MEYDAN.TV","og_description":"S\u0259sverm\u0259d\u0259n sonra yenid\u0259n s\u0259dr se\u00e7il\u0259n \u018fli K\u0259rimli b\u0259zi t\u0259nqidi fikirl\u0259r\u0259 cavab verdi","og_url":"https:\/\/www.meydan.tv\/az\/article\/eli-kerimli-ve-sahib-kerimlinin-debati-video\/","og_site_name":"MEYDAN.TV","article_published_time":"2015-09-28T09:51:29+00:00","og_image":[{"width":2283,"height":1279,"url":"https:\/\/www.meydan.tv\/wp-content\/uploads\/12876.jpg","type":"image\/jpeg"}],"twitter_card":"summary_large_image","schema":{"@context":"https:\/\/schema.org","@graph":[{"@type":"Article","@id":"https:\/\/www.meydan.tv\/az\/article\/eli-kerimli-ve-sahib-kerimlinin-debati-video\/#article","isPartOf":{"@id":"https:\/\/www.meydan.tv\/az\/article\/eli-kerimli-ve-sahib-kerimlinin-debati-video\/"},"author":{"name":"user-manager","@id":"https:\/\/www.meydan.tv\/az\/#\/schema\/person\/10d11eccf6da3662cf5fdab9806ea91a"},"headline":"\u018fli K\u0259rimli v\u0259 Sahib K\u0259rimlinin debat\u0131 (V\u0130DEO)","datePublished":"2015-09-28T09:51:29+00:00","mainEntityOfPage":{"@id":"https:\/\/www.meydan.tv\/az\/article\/eli-kerimli-ve-sahib-kerimlinin-debati-video\/"},"wordCount":120,"publisher":{"@id":"https:\/\/www.meydan.tv\/az\/#organization"},"image":{"@id":"https:\/\/www.meydan.tv\/az\/article\/eli-kerimli-ve-sahib-kerimlinin-debati-video\/#primaryimage"},"thumbnailUrl":"https:\/\/www.meydan.tv\/wp-content\/uploads\/12876.jpg","articleSection":["Video"],"inLanguage":"az"},{"@type":"WebPage","@id":"https:\/\/www.meydan.tv\/az\/article\/eli-kerimli-ve-sahib-kerimlinin-debati-video\/","url":"https:\/\/www.meydan.tv\/az\/article\/eli-kerimli-ve-sahib-kerimlinin-debati-video\/","name":"\u018fli K\u0259rimli v\u0259 Sahib K\u0259rimlinin debat\u0131 (V\u0130DEO) - MEYDAN.TV","isPartOf":{"@id":"https:\/\/www.meydan.tv\/az\/#website"},"primaryImageOfPage":{"@id":"https:\/\/www.meydan.tv\/az\/article\/eli-kerimli-ve-sahib-kerimlinin-debati-video\/#primaryimage"},"image":{"@id":"https:\/\/www.meydan.tv\/az\/article\/eli-kerimli-ve-sahib-kerimlinin-debati-video\/#primaryimage"},"thumbnailUrl":"https:\/\/www.meydan.tv\/wp-content\/uploads\/12876.jpg","datePublished":"2015-09-28T09:51:29+00:00","breadcrumb":{"@id":"https:\/\/www.meydan.tv\/az\/article\/eli-kerimli-ve-sahib-kerimlinin-debati-video\/#breadcrumb"},"inLanguage":"az","potentialAction":[{"@type":"ReadAction","target":["https:\/\/www.meydan.tv\/az\/article\/eli-kerimli-ve-sahib-kerimlinin-debati-video\/"]}]},{"@type":"ImageObject","inLanguage":"az","@id":"https:\/\/www.meydan.tv\/az\/article\/eli-kerimli-ve-sahib-kerimlinin-debati-video\/#primaryimage","url":"https:\/\/www.meydan.tv\/wp-content\/uploads\/12876.jpg","contentUrl":"https:\/\/www.meydan.tv\/wp-content\/uploads\/12876.jpg","width":2283,"height":1279,"caption":"Source:"},{"@type":"BreadcrumbList","@id":"https:\/\/www.meydan.tv\/az\/article\/eli-kerimli-ve-sahib-kerimlinin-debati-video\/#breadcrumb","itemListElement":[{"@type":"ListItem","position":1,"name":"Ana s\u0259hif\u0259","item":"https:\/\/www.meydan.tv\/az\/"},{"@type":"ListItem","position":2,"name":"Video","item":"https:\/\/www.meydan.tv\/az\/section\/video-2\/"},{"@type":"ListItem","position":3,"name":"\u018fli K\u0259rimli v\u0259 Sahib K\u0259rimlinin debat\u0131 (V\u0130DEO)"}]},{"@type":"WebSite","@id":"https:\/\/www.meydan.tv\/az\/#website","url":"https:\/\/www.meydan.tv\/az\/","name":"MEYDAN.TV","description":"Meydan TV Az\u0259rbaycan\u0131n media m\u0259kan\u0131ndak\u0131 alternativ s\u0259sidir","publisher":{"@id":"https:\/\/www.meydan.tv\/az\/#organization"},"potentialAction":[{"@type":"SearchAction","target":{"@type":"EntryPoint","urlTemplate":"https:\/\/www.meydan.tv\/az\/?s={search_term_string}"},"query-input":{"@type":"PropertyValueSpecification","valueRequired":true,"valueName":"search_term_string"}}],"inLanguage":"az"},{"@type":"Organization","@id":"https:\/\/www.meydan.tv\/az\/#organization","name":"Meydan TV","url":"https:\/\/www.meydan.tv\/az\/","logo":{"@type":"ImageObject","inLanguage":"az","@id":"https:\/\/www.meydan.tv\/az\/#\/schema\/logo\/image\/","url":"https:\/\/www.meydan.tv\/wp-content\/uploads\/2021\/07\/meydan-logo.svg","contentUrl":"https:\/\/www.meydan.tv\/wp-content\/uploads\/2021\/07\/meydan-logo.svg","width":195,"height":46,"caption":"Meydan TV"},"image":{"@id":"https:\/\/www.meydan.tv\/az\/#\/schema\/logo\/image\/"}},{"@type":"Person","@id":"https:\/\/www.meydan.tv\/az\/#\/schema\/person\/10d11eccf6da3662cf5fdab9806ea91a","name":"user-manager"}]}},"_links":{"self":[{"href":"https:\/\/www.meydan.tv\/az\/wp-json\/wp\/v2\/posts\/170142","targetHints":{"allow":["GET"]}}],"collection":[{"href":"https:\/\/www.meydan.tv\/az\/wp-json\/wp\/v2\/posts"}],"about":[{"href":"https:\/\/www.meydan.tv\/az\/wp-json\/wp\/v2\/types\/post"}],"author":[{"embeddable":true,"href":"https:\/\/www.meydan.tv\/az\/wp-json\/wp\/v2\/users\/11"}],"replies":[{"embeddable":true,"href":"https:\/\/www.meydan.tv\/az\/wp-json\/wp\/v2\/comments?post=170142"}],"version-history":[{"count":0,"href":"https:\/\/www.meydan.tv\/az\/wp-json\/wp\/v2\/posts\/170142\/revisions"}],"wp:featuredmedia":[{"embeddable":true,"href":"https:\/\/www.meydan.tv\/az\/wp-json\/wp\/v2\/media\/34428"}],"wp:attachment":[{"href":"https:\/\/www.meydan.tv\/az\/wp-json\/wp\/v2\/media?parent=170142"}],"wp:term":[{"taxonomy":"category","embeddable":true,"href":"https:\/\/www.meydan.tv\/az\/wp-json\/wp\/v2\/categories?post=170142"},{"taxonomy":"post_tag","embeddable":true,"href":"https:\/\/www.meydan.tv\/az\/wp-json\/wp\/v2\/tags?post=170142"}],"curies":[{"name":"wp","href":"https:\/\/api.w.org\/{rel}","templated":true}]}}