{"id":170136,"date":"2015-09-26T23:35:43","date_gmt":"2015-09-26T23:35:43","guid":{"rendered":"https:\/\/www.meydan.tv\/article\/ismete-kendiri-kim-duzeltmisdi\/"},"modified":"2015-09-26T23:35:43","modified_gmt":"2015-09-26T23:35:43","slug":"ismete-kendiri-kim-duzeltmisdi","status":"publish","type":"post","link":"https:\/\/www.meydan.tv\/az\/article\/ismete-kendiri-kim-duzeltmisdi\/","title":{"rendered":"\u0130sm\u0259t\u0259 k\u0259ndiri kim d\u00fcz\u0259ltmi\u015fdi?"},"content":{"rendered":"<figure class=\"wp-block-image size-large\">\n  <img decoding=\"async\" src=\"https:\/\/www.meydan.tv\/az\/30539\/\" alt=\"\" class=\"wp-image-30539\"\/><figcaption><\/figcaption><\/figure>\n<\/p>\n<figure class=\"wp-block-image size-large\">\n  <img decoding=\"async\" src=\"https:\/\/www.meydan.tv\/az\/30542\/\" alt=\"\" class=\"wp-image-30542\"\/><figcaption><\/figcaption><\/figure>\n<p>\n  &#8220;\u0130nsanl\u0131\u011f\u0131n qar\u015f\u0131s\u0131ndak\u0131 ciddi t\u0259hl\u00fck\u0259l\u0259r bar\u0259d\u0259 insanlar h\u0259mfikir ola bilirl\u0259r. Bu ciddi t\u0259hl\u00fck\u0259l\u0259r\u0259 qar\u015f\u0131 m\u00fcnasib\u0259t is\u0259 f\u0259rqli olur. Eyn\u015fteynin m\u00fcnasib\u0259ti Prinstonda\u00a0 rahat bir ya\u015fay\u0131\u015f v\u0259 \u00e7ox sevdiyi ara\u015fd\u0131rmalar\u0131na daha \u00e7ox vaxt ay\u0131rmaq oldu. Rasselin m\u00fcnasib\u0259tis\u0259 etirazlara liderlik edib, polisl\u0259r t\u0259r\u0259find\u0259n h\u0259bs olunmaq, geni\u015f yaz\u0131lar yazmaq, m\u00fcharib\u0259 cinay\u0259tl\u0259ri m\u0259hk\u0259m\u0259si qurmaq v\u0259 ba\u015fqa yollarla oldu. B\u0259s, n\u0259tic\u0259? Rassel o zaman da, indi d\u0259 pisl\u0259nib, ittiham olundu. Eyn\u015fteyn is\u0259 y\u00fcks\u0259kl\u0259r\u0259 qald\u0131r\u0131ld\u0131, uca tutuldu. Bu, bizi t\u0259\u0259c\u00fcbl\u0259ndirm\u0259li mi? Q\u0259tiyy\u0259n!&#8221; \u00a0Noam\u00a0 \u00c7omski.\n<\/p>\n<p>\n  T\u0259dris ilinin ba\u015flamas\u0131 il\u0259 el\u0259 bir x\u0259b\u0259r yay\u0131ld\u0131 ki, t\u0259sirind\u0259n \u00e7\u0131xmaq m\u00fcmk\u00fcn deyil. Bilmirs\u0259n, t\u0259dris ili ba\u015flay\u0131r, yoxsa daha bir 9 ayl\u0131q r\u00fc\u015fv\u0259t f\u0259sli. &#8220;T\u0259hsil mill\u0259tin g\u0259l\u0259c\u0259yidir&#8221; dey\u0259n Heyd\u0259r \u018fliyevd\u0259n vaxt\u0131nda soru\u015fmaq laz\u0131m idi: R\u00fc\u015fv\u0259t n\u0259yin(kimin)g\u0259l\u0259c\u0259yidir? Ke\u00e7ib art\u0131q, gecdi. Uzun zaman bu hadis\u0259ni unutmaq m\u00fcmk\u00fcn olmayacaq. \u00a0Bir i\u015f\u0131q olacaq bundan sonrak\u0131 h\u0259yat\u0131ma. Bel\u0259dir, n\u0259s\u0259 ba\u015f ver\u0259r v\u0259 siz d\u0259yi\u015fm\u0259k bar\u0259d\u0259 q\u0259rar ver\u0259rsiniz.\n<\/p>\n<p>\n  12 ya\u015fl\u0131 \u0130sm\u0259t el\u0259 bir h\u0259r\u0259k\u0259t etdi ki, damarlarda axan qan durmal\u0131d\u0131r. Udquna bilm\u0259m\u0259liyik. Bu, bizi dayand\u0131rmamal\u0131, daha s\u00fcr\u0259tli add\u0131mlarla yolumuzu davam etdirm\u0259y\u0259 b\u00f6y\u00fck bir t\u0259kan olmal\u0131d\u0131r. 12 ya\u015fl\u0131 \u0130sm\u0259t art\u0131q aram\u0131zda deyil. D\u00fcnyas\u0131n\u0131 d\u0259yi\u015fib, ruhu \u015fad olsun. \u0130sm\u0259t, etdiyi h\u0259r\u0259k\u0259tl\u0259 h\u0259r \u015feyi alt-\u00fcst etdi, daha do\u011frusu, etm\u0259li idi. G\u00f6r\u00fcn\u0259n odur ki, c\u0259miyy\u0259t bundan t\u0259sirl\u0259nm\u0259di. C\u0259miyy\u0259t, \u00f6z\u00fcn\u00fc qapad\u0131b. He\u00e7 n\u0259yi q\u0259bul etmir. M\u00fcq\u0259dd\u0259rat\u0131n\u0131 \u00f6z\u00fc h\u0259ll etm\u0259k bar\u0259d\u0259 is\u0259 d\u00fc\u015f\u00fcnm\u00fcr.\n<\/p>\n<p>\n  12 ya\u015fl\u0131 \u0130sm\u0259t m\u0259kt\u0259b\u0259 getm\u0259k \u00fc\u00e7\u00fcn \u00e7antas\u0131 v\u0259 k\u00f6yn\u0259yi yoxdur dey\u0259 \u00f6z\u00fcn\u00fc as\u0131b. 12 ya\u015f\u0131nda! O, bu h\u0259r\u0259k\u0259til\u0259 n\u0259 dem\u0259k ist\u0259di? \u00d6z\u00fcn\u00fc asark\u0259n, ipi tapark\u0259n, qura\u015fd\u0131rark\u0259n n\u0259 hissl\u0259r ke\u00e7irirdi? He\u00e7 vaxt bil\u0259 bilm\u0259y\u0259c\u0259yik! G\u00fcnahkar axtarmaq niyy\u0259tim yoxdur. Niy\u0259 axtar\u0131m ki? M\u0259n bilir\u0259m, b\u0259s siz?\n<\/p>\n<p>\n  X\u0259b\u0259ri oxuyandan, o bar\u0259d\u0259 d\u00fc\u015f\u00fcn\u00fcr\u0259m. M\u0259nim o ill\u0259rd\u0259 n\u0259l\u0259r\u0259 mara\u011f\u0131m olub, ail\u0259d\u0259 maddi durum nec\u0259 olub, d\u00fc\u015f\u00fcn\u00fcrd\u00fcm. Diqq\u0259timi bir \u015fey \u00e7\u0259kdi. \u0130sm\u0259t, 2003-c\u00fc ild\u0259 do\u011fulub. 2003-c\u00fc il is\u0259 xalq\u0131n meydanlarda etiraz etdiyi, d\u00f6y\u00fcld\u00fcy\u00fc, \u00f6ld\u00fcr\u00fcld\u00fcy\u00fc il olaraq ham\u0131m\u0131z\u0131n yadda\u015f\u0131ndad\u0131r. Meydanlar insanlarla dolub, da\u015fan il. D\u0259yi\u015fikliyin astanas\u0131nda oldu\u011fumuz il. Ba\u015f verm\u0259di. H\u0259r n\u0259 oldu, f\u0259rq etmir, d\u0259yi\u015fm\u0259di. \u0130sm\u0259tin do\u011fuldu\u011fu il \u00f6lk\u0259d\u0259 d\u0259yi\u015fiklik olsayd\u0131, bu hadis\u0259 d\u0259 ba\u015f verm\u0259zdi.\n<\/p>\n<p>\n  \u0130sm\u0259tin do\u011fuldu\u011fu v\u0259 d\u00fcnyas\u0131n\u0131 d\u0259yi\u015fdiyi ill\u0259rd\u0259 Az\u0259rbaycana neft\u0259n milyardlarla dollar pul g\u0259lib.O pullardan 50-100 manat atas\u0131 Qism\u0259t\u0259 qism\u0259t olmad\u0131. Olmad\u0131 ki, o\u011fluna \u00e7anta als\u0131n, k\u00f6yn\u0259k als\u0131n, q\u0259l\u0259m-d\u0259ft\u0259r als\u0131n.\n<\/p>\n<p>\n  Bu 12 ild\u0259 biz\u0259 m\u0259lum oldu ki, \u0130lham \u018fliyevin o\u011flunun Dubayda 50-60 milyonluq villas\u0131 var. B\u0259li, ne\u00e7\u0259 \u0130sm\u0259tl\u0259rin \u00e7antalar\u0131n\u0131 puluna al\u0131nm\u0131\u015f bir villa.\n<\/p>\n<p>\n  Bu 12 ild\u0259 biz\u0259 m\u0259lum oldu ki, \u0130lham \u018fliyevin 59 milyon dollarl\u0131q yaxtas\u0131 var. B\u0259li, ne\u00e7\u0259 \u0130sm\u0259tl\u0259rin k\u00f6yn\u0259kl\u0259rinin puluna al\u0131nm\u0131\u015f bir yaxta.\n<\/p>\n<p>\n  Bu 12 ild\u0259 biz\u0259 m\u0259lum oldu ki, d\u0259y\u0259ri 25 milyon dollar olan malikan\u0259si var ail\u0259nin. B\u0259li, ne\u00e7\u0259 \u0130sm\u0259tl\u0259rin q\u0259l\u0259m-d\u0259ft\u0259rl\u0259rinin puluna al\u0131nm\u0131\u015f bir malikan\u0259.\n<\/p>\n<p>\n  Bu 12 ild\u0259 biz\u0259 m\u0259lum oldu ki, Panama adalar\u0131nda ail\u0259y\u0259 m\u0259xsus 9 \u015firk\u0259t m\u00f6vcuddur. B\u0259li, ne\u00e7\u0259 \u0130sm\u0259tl\u0259rin \u00f6z\u00fcn\u00fc asma\u011fa laz\u0131m olan ipin puluna a\u00e7\u0131lm\u0131\u015f 9 of\u015for \u015firk\u0259t.\n<\/p>\n<p>\n  Sadalad\u0131qlar\u0131m ham\u0131s\u0131 deyil. Bir ne\u00e7\u0259sidir. X\u0259dic\u0259 \u0130smay\u0131l\u0131n ba\u015flatd\u0131\u011f\u0131 ara\u015fd\u0131rmalar\u0131n n\u0259tic\u0259si il\u0259 biz\u0259 m\u0259lum olanlar bunlard\u0131r. X\u0259dic\u0259 \u0130smay\u0131l is\u0259 bu ara\u015fd\u0131rmalara g\u00f6r\u0259 h\u0259bsd\u0259dir.\n<\/p>\n<p>\n  \u0130nsanl\u0131q qar\u015f\u0131s\u0131nda t\u0259hl\u00fck\u0259ni g\u00f6r\u0259n X\u0259dic\u0259, Rasselin se\u00e7diyi metodu se\u00e7diyi \u00fc\u00e7\u00fcn h\u0259bsd\u0259dir. \u00c7\u00fcnki, o bilirdi \u00f6lk\u0259 bu g\u00fcn\u0259 d\u00fc\u015f\u0259c\u0259k. O bilir ki, bundan da daha pis g\u00fcnl\u0259r bizi g\u00f6zl\u0259yir. Ona g\u00f6r\u0259 susmur.\n<\/p>\n<p>\n  M\u0259s\u0259l\u0259 ondan ibar\u0259tdir ki, Az\u0259rbaycanda susma\u011f\u0131n sonu Eyn\u015fteyn olmaq deyil.\n<\/p><\/p>\n","protected":false},"excerpt":{"rendered":"<p>Susqunlu\u011fun qeyri-Eyn\u015fteyn yolu&#8230;<\/p>\n","protected":false},"author":11,"featured_media":30539,"comment_status":"closed","ping_status":"open","sticky":false,"template":"","format":"standard","meta":{"_acf_changed":false,"_sitemap_exclude":false,"_sitemap_priority":"","_sitemap_frequency":"","footnotes":""},"categories":[57],"tags":[],"class_list":["post-170136","post","type-post","status-publish","format-standard","has-post-thumbnail","hentry","category-menim-fikrimce","infinite-scroll-item","generate-columns","tablet-grid-50","mobile-grid-100","grid-parent","grid-33","no-featured-image-padding"],"acf":[],"yoast_head":"<!-- This site is optimized with the Yoast SEO plugin v27.5 - https:\/\/yoast.com\/product\/yoast-seo-wordpress\/ -->\n<title>\u0130sm\u0259t\u0259 k\u0259ndiri kim d\u00fcz\u0259ltmi\u015fdi? - MEYDAN.TV<\/title>\n<meta name=\"robots\" content=\"index, follow, max-snippet:-1, max-image-preview:large, max-video-preview:-1\" \/>\n<link rel=\"canonical\" href=\"https:\/\/www.meydan.tv\/az\/article\/ismete-kendiri-kim-duzeltmisdi\/\" \/>\n<meta property=\"og:locale\" content=\"az_AZ\" \/>\n<meta property=\"og:type\" content=\"article\" \/>\n<meta property=\"og:title\" content=\"\u0130sm\u0259t\u0259 k\u0259ndiri kim d\u00fcz\u0259ltmi\u015fdi? - MEYDAN.TV\" \/>\n<meta property=\"og:description\" content=\"Susqunlu\u011fun qeyri-Eyn\u015fteyn yolu...\" \/>\n<meta property=\"og:url\" content=\"https:\/\/www.meydan.tv\/az\/article\/ismete-kendiri-kim-duzeltmisdi\/\" \/>\n<meta property=\"og:site_name\" content=\"MEYDAN.TV\" \/>\n<meta property=\"article:published_time\" content=\"2015-09-26T23:35:43+00:00\" \/>\n<meta property=\"og:image\" content=\"https:\/\/www.meydan.tv\/wp-content\/uploads\/11396.jpg\" \/>\n\t<meta property=\"og:image:width\" content=\"500\" \/>\n\t<meta property=\"og:image:height\" content=\"500\" \/>\n\t<meta property=\"og:image:type\" content=\"image\/jpeg\" \/>\n<meta name=\"author\" content=\"user-manager\" \/>\n<meta name=\"twitter:card\" content=\"summary_large_image\" \/>\n<script type=\"application\/ld+json\" class=\"yoast-schema-graph\">{\"@context\":\"https:\\\/\\\/schema.org\",\"@graph\":[{\"@type\":\"Article\",\"@id\":\"https:\\\/\\\/www.meydan.tv\\\/az\\\/article\\\/ismete-kendiri-kim-duzeltmisdi\\\/#article\",\"isPartOf\":{\"@id\":\"https:\\\/\\\/www.meydan.tv\\\/az\\\/article\\\/ismete-kendiri-kim-duzeltmisdi\\\/\"},\"author\":{\"name\":\"user-manager\",\"@id\":\"https:\\\/\\\/www.meydan.tv\\\/az\\\/#\\\/schema\\\/person\\\/10d11eccf6da3662cf5fdab9806ea91a\"},\"headline\":\"\u0130sm\u0259t\u0259 k\u0259ndiri kim d\u00fcz\u0259ltmi\u015fdi?\",\"datePublished\":\"2015-09-26T23:35:43+00:00\",\"mainEntityOfPage\":{\"@id\":\"https:\\\/\\\/www.meydan.tv\\\/az\\\/article\\\/ismete-kendiri-kim-duzeltmisdi\\\/\"},\"wordCount\":863,\"publisher\":{\"@id\":\"https:\\\/\\\/www.meydan.tv\\\/az\\\/#organization\"},\"image\":{\"@id\":\"https:\\\/\\\/www.meydan.tv\\\/az\\\/article\\\/ismete-kendiri-kim-duzeltmisdi\\\/#primaryimage\"},\"thumbnailUrl\":\"https:\\\/\\\/www.meydan.tv\\\/wp-content\\\/uploads\\\/11396.jpg\",\"articleSection\":[\"M\u0259nim Fikrimc\u0259\"],\"inLanguage\":\"az\"},{\"@type\":\"WebPage\",\"@id\":\"https:\\\/\\\/www.meydan.tv\\\/az\\\/article\\\/ismete-kendiri-kim-duzeltmisdi\\\/\",\"url\":\"https:\\\/\\\/www.meydan.tv\\\/az\\\/article\\\/ismete-kendiri-kim-duzeltmisdi\\\/\",\"name\":\"\u0130sm\u0259t\u0259 k\u0259ndiri kim d\u00fcz\u0259ltmi\u015fdi? - MEYDAN.TV\",\"isPartOf\":{\"@id\":\"https:\\\/\\\/www.meydan.tv\\\/az\\\/#website\"},\"primaryImageOfPage\":{\"@id\":\"https:\\\/\\\/www.meydan.tv\\\/az\\\/article\\\/ismete-kendiri-kim-duzeltmisdi\\\/#primaryimage\"},\"image\":{\"@id\":\"https:\\\/\\\/www.meydan.tv\\\/az\\\/article\\\/ismete-kendiri-kim-duzeltmisdi\\\/#primaryimage\"},\"thumbnailUrl\":\"https:\\\/\\\/www.meydan.tv\\\/wp-content\\\/uploads\\\/11396.jpg\",\"datePublished\":\"2015-09-26T23:35:43+00:00\",\"breadcrumb\":{\"@id\":\"https:\\\/\\\/www.meydan.tv\\\/az\\\/article\\\/ismete-kendiri-kim-duzeltmisdi\\\/#breadcrumb\"},\"inLanguage\":\"az\",\"potentialAction\":[{\"@type\":\"ReadAction\",\"target\":[\"https:\\\/\\\/www.meydan.tv\\\/az\\\/article\\\/ismete-kendiri-kim-duzeltmisdi\\\/\"]}]},{\"@type\":\"ImageObject\",\"inLanguage\":\"az\",\"@id\":\"https:\\\/\\\/www.meydan.tv\\\/az\\\/article\\\/ismete-kendiri-kim-duzeltmisdi\\\/#primaryimage\",\"url\":\"https:\\\/\\\/www.meydan.tv\\\/wp-content\\\/uploads\\\/11396.jpg\",\"contentUrl\":\"https:\\\/\\\/www.meydan.tv\\\/wp-content\\\/uploads\\\/11396.jpg\",\"width\":500,\"height\":500,\"caption\":\"Source:\"},{\"@type\":\"BreadcrumbList\",\"@id\":\"https:\\\/\\\/www.meydan.tv\\\/az\\\/article\\\/ismete-kendiri-kim-duzeltmisdi\\\/#breadcrumb\",\"itemListElement\":[{\"@type\":\"ListItem\",\"position\":1,\"name\":\"Ana s\u0259hif\u0259\",\"item\":\"https:\\\/\\\/www.meydan.tv\\\/az\\\/\"},{\"@type\":\"ListItem\",\"position\":2,\"name\":\"M\u0259nim Fikrimc\u0259\",\"item\":\"https:\\\/\\\/www.meydan.tv\\\/az\\\/section\\\/menim-fikrimce\\\/\"},{\"@type\":\"ListItem\",\"position\":3,\"name\":\"\u0130sm\u0259t\u0259 k\u0259ndiri kim d\u00fcz\u0259ltmi\u015fdi?\"}]},{\"@type\":\"WebSite\",\"@id\":\"https:\\\/\\\/www.meydan.tv\\\/az\\\/#website\",\"url\":\"https:\\\/\\\/www.meydan.tv\\\/az\\\/\",\"name\":\"MEYDAN.TV\",\"description\":\"Meydan TV Az\u0259rbaycan\u0131n media m\u0259kan\u0131ndak\u0131 alternativ s\u0259sidir\",\"publisher\":{\"@id\":\"https:\\\/\\\/www.meydan.tv\\\/az\\\/#organization\"},\"potentialAction\":[{\"@type\":\"SearchAction\",\"target\":{\"@type\":\"EntryPoint\",\"urlTemplate\":\"https:\\\/\\\/www.meydan.tv\\\/az\\\/?s={search_term_string}\"},\"query-input\":{\"@type\":\"PropertyValueSpecification\",\"valueRequired\":true,\"valueName\":\"search_term_string\"}}],\"inLanguage\":\"az\"},{\"@type\":\"Organization\",\"@id\":\"https:\\\/\\\/www.meydan.tv\\\/az\\\/#organization\",\"name\":\"Meydan TV\",\"url\":\"https:\\\/\\\/www.meydan.tv\\\/az\\\/\",\"logo\":{\"@type\":\"ImageObject\",\"inLanguage\":\"az\",\"@id\":\"https:\\\/\\\/www.meydan.tv\\\/az\\\/#\\\/schema\\\/logo\\\/image\\\/\",\"url\":\"https:\\\/\\\/www.meydan.tv\\\/wp-content\\\/uploads\\\/2021\\\/07\\\/meydan-logo.svg\",\"contentUrl\":\"https:\\\/\\\/www.meydan.tv\\\/wp-content\\\/uploads\\\/2021\\\/07\\\/meydan-logo.svg\",\"width\":195,\"height\":46,\"caption\":\"Meydan TV\"},\"image\":{\"@id\":\"https:\\\/\\\/www.meydan.tv\\\/az\\\/#\\\/schema\\\/logo\\\/image\\\/\"}},{\"@type\":\"Person\",\"@id\":\"https:\\\/\\\/www.meydan.tv\\\/az\\\/#\\\/schema\\\/person\\\/10d11eccf6da3662cf5fdab9806ea91a\",\"name\":\"user-manager\"}]}<\/script>\n<!-- \/ Yoast SEO plugin. -->","yoast_head_json":{"title":"\u0130sm\u0259t\u0259 k\u0259ndiri kim d\u00fcz\u0259ltmi\u015fdi? - MEYDAN.TV","robots":{"index":"index","follow":"follow","max-snippet":"max-snippet:-1","max-image-preview":"max-image-preview:large","max-video-preview":"max-video-preview:-1"},"canonical":"https:\/\/www.meydan.tv\/az\/article\/ismete-kendiri-kim-duzeltmisdi\/","og_locale":"az_AZ","og_type":"article","og_title":"\u0130sm\u0259t\u0259 k\u0259ndiri kim d\u00fcz\u0259ltmi\u015fdi? - MEYDAN.TV","og_description":"Susqunlu\u011fun qeyri-Eyn\u015fteyn yolu...","og_url":"https:\/\/www.meydan.tv\/az\/article\/ismete-kendiri-kim-duzeltmisdi\/","og_site_name":"MEYDAN.TV","article_published_time":"2015-09-26T23:35:43+00:00","og_image":[{"width":500,"height":500,"url":"https:\/\/www.meydan.tv\/wp-content\/uploads\/11396.jpg","type":"image\/jpeg"}],"author":"user-manager","twitter_card":"summary_large_image","schema":{"@context":"https:\/\/schema.org","@graph":[{"@type":"Article","@id":"https:\/\/www.meydan.tv\/az\/article\/ismete-kendiri-kim-duzeltmisdi\/#article","isPartOf":{"@id":"https:\/\/www.meydan.tv\/az\/article\/ismete-kendiri-kim-duzeltmisdi\/"},"author":{"name":"user-manager","@id":"https:\/\/www.meydan.tv\/az\/#\/schema\/person\/10d11eccf6da3662cf5fdab9806ea91a"},"headline":"\u0130sm\u0259t\u0259 k\u0259ndiri kim d\u00fcz\u0259ltmi\u015fdi?","datePublished":"2015-09-26T23:35:43+00:00","mainEntityOfPage":{"@id":"https:\/\/www.meydan.tv\/az\/article\/ismete-kendiri-kim-duzeltmisdi\/"},"wordCount":863,"publisher":{"@id":"https:\/\/www.meydan.tv\/az\/#organization"},"image":{"@id":"https:\/\/www.meydan.tv\/az\/article\/ismete-kendiri-kim-duzeltmisdi\/#primaryimage"},"thumbnailUrl":"https:\/\/www.meydan.tv\/wp-content\/uploads\/11396.jpg","articleSection":["M\u0259nim Fikrimc\u0259"],"inLanguage":"az"},{"@type":"WebPage","@id":"https:\/\/www.meydan.tv\/az\/article\/ismete-kendiri-kim-duzeltmisdi\/","url":"https:\/\/www.meydan.tv\/az\/article\/ismete-kendiri-kim-duzeltmisdi\/","name":"\u0130sm\u0259t\u0259 k\u0259ndiri kim d\u00fcz\u0259ltmi\u015fdi? - MEYDAN.TV","isPartOf":{"@id":"https:\/\/www.meydan.tv\/az\/#website"},"primaryImageOfPage":{"@id":"https:\/\/www.meydan.tv\/az\/article\/ismete-kendiri-kim-duzeltmisdi\/#primaryimage"},"image":{"@id":"https:\/\/www.meydan.tv\/az\/article\/ismete-kendiri-kim-duzeltmisdi\/#primaryimage"},"thumbnailUrl":"https:\/\/www.meydan.tv\/wp-content\/uploads\/11396.jpg","datePublished":"2015-09-26T23:35:43+00:00","breadcrumb":{"@id":"https:\/\/www.meydan.tv\/az\/article\/ismete-kendiri-kim-duzeltmisdi\/#breadcrumb"},"inLanguage":"az","potentialAction":[{"@type":"ReadAction","target":["https:\/\/www.meydan.tv\/az\/article\/ismete-kendiri-kim-duzeltmisdi\/"]}]},{"@type":"ImageObject","inLanguage":"az","@id":"https:\/\/www.meydan.tv\/az\/article\/ismete-kendiri-kim-duzeltmisdi\/#primaryimage","url":"https:\/\/www.meydan.tv\/wp-content\/uploads\/11396.jpg","contentUrl":"https:\/\/www.meydan.tv\/wp-content\/uploads\/11396.jpg","width":500,"height":500,"caption":"Source:"},{"@type":"BreadcrumbList","@id":"https:\/\/www.meydan.tv\/az\/article\/ismete-kendiri-kim-duzeltmisdi\/#breadcrumb","itemListElement":[{"@type":"ListItem","position":1,"name":"Ana s\u0259hif\u0259","item":"https:\/\/www.meydan.tv\/az\/"},{"@type":"ListItem","position":2,"name":"M\u0259nim Fikrimc\u0259","item":"https:\/\/www.meydan.tv\/az\/section\/menim-fikrimce\/"},{"@type":"ListItem","position":3,"name":"\u0130sm\u0259t\u0259 k\u0259ndiri kim d\u00fcz\u0259ltmi\u015fdi?"}]},{"@type":"WebSite","@id":"https:\/\/www.meydan.tv\/az\/#website","url":"https:\/\/www.meydan.tv\/az\/","name":"MEYDAN.TV","description":"Meydan TV Az\u0259rbaycan\u0131n media m\u0259kan\u0131ndak\u0131 alternativ s\u0259sidir","publisher":{"@id":"https:\/\/www.meydan.tv\/az\/#organization"},"potentialAction":[{"@type":"SearchAction","target":{"@type":"EntryPoint","urlTemplate":"https:\/\/www.meydan.tv\/az\/?s={search_term_string}"},"query-input":{"@type":"PropertyValueSpecification","valueRequired":true,"valueName":"search_term_string"}}],"inLanguage":"az"},{"@type":"Organization","@id":"https:\/\/www.meydan.tv\/az\/#organization","name":"Meydan TV","url":"https:\/\/www.meydan.tv\/az\/","logo":{"@type":"ImageObject","inLanguage":"az","@id":"https:\/\/www.meydan.tv\/az\/#\/schema\/logo\/image\/","url":"https:\/\/www.meydan.tv\/wp-content\/uploads\/2021\/07\/meydan-logo.svg","contentUrl":"https:\/\/www.meydan.tv\/wp-content\/uploads\/2021\/07\/meydan-logo.svg","width":195,"height":46,"caption":"Meydan TV"},"image":{"@id":"https:\/\/www.meydan.tv\/az\/#\/schema\/logo\/image\/"}},{"@type":"Person","@id":"https:\/\/www.meydan.tv\/az\/#\/schema\/person\/10d11eccf6da3662cf5fdab9806ea91a","name":"user-manager"}]}},"_links":{"self":[{"href":"https:\/\/www.meydan.tv\/az\/wp-json\/wp\/v2\/posts\/170136","targetHints":{"allow":["GET"]}}],"collection":[{"href":"https:\/\/www.meydan.tv\/az\/wp-json\/wp\/v2\/posts"}],"about":[{"href":"https:\/\/www.meydan.tv\/az\/wp-json\/wp\/v2\/types\/post"}],"author":[{"embeddable":true,"href":"https:\/\/www.meydan.tv\/az\/wp-json\/wp\/v2\/users\/11"}],"replies":[{"embeddable":true,"href":"https:\/\/www.meydan.tv\/az\/wp-json\/wp\/v2\/comments?post=170136"}],"version-history":[{"count":0,"href":"https:\/\/www.meydan.tv\/az\/wp-json\/wp\/v2\/posts\/170136\/revisions"}],"wp:featuredmedia":[{"embeddable":true,"href":"https:\/\/www.meydan.tv\/az\/wp-json\/wp\/v2\/media\/30539"}],"wp:attachment":[{"href":"https:\/\/www.meydan.tv\/az\/wp-json\/wp\/v2\/media?parent=170136"}],"wp:term":[{"taxonomy":"category","embeddable":true,"href":"https:\/\/www.meydan.tv\/az\/wp-json\/wp\/v2\/categories?post=170136"},{"taxonomy":"post_tag","embeddable":true,"href":"https:\/\/www.meydan.tv\/az\/wp-json\/wp\/v2\/tags?post=170136"}],"curies":[{"name":"wp","href":"https:\/\/api.w.org\/{rel}","templated":true}]}}