{"id":170113,"date":"2015-09-24T19:10:46","date_gmt":"2015-09-24T19:10:46","guid":{"rendered":"https:\/\/www.meydan.tv\/article\/usaqlarin-doyulduyu-yerlerde\/"},"modified":"2015-09-24T19:10:46","modified_gmt":"2015-09-24T19:10:46","slug":"usaqlarin-doyulduyu-yerlerde","status":"publish","type":"post","link":"https:\/\/www.meydan.tv\/az\/article\/usaqlarin-doyulduyu-yerlerde\/","title":{"rendered":"U\u015faqlar\u0131n d\u00f6y\u00fcld\u00fcy\u00fc yerl\u0259rd\u0259&#8230;"},"content":{"rendered":"<figure class=\"wp-block-image size-large\">\n  <img decoding=\"async\" src=\"https:\/\/www.meydan.tv\/az\/33844\/\" alt=\"\" class=\"wp-image-33844\"\/><figcaption><\/figcaption><\/figure>\n<\/p>\n<figure class=\"wp-block-image size-large\">\n  <img decoding=\"async\" src=\"https:\/\/www.meydan.tv\/az\/34226\/\" alt=\"\" class=\"wp-image-34226\"\/><figcaption><\/figcaption><\/figure>\n<p>\n  Az\u0259rbaycan c\u0259miyy\u0259tind\u0259 h\u00f6km s\u00fcr\u0259n, bizi daima narahat ed\u0259n dig\u0259r problem y\u0259qin ki, ham\u0131n\u0131n raz\u0131la\u015fd\u0131\u011f\u0131 \u00e7oxsayl\u0131 zorak\u0131l\u0131q hallar\u0131 il\u0259 ba\u011fl\u0131d\u0131r. Qad\u0131na, u\u015fa\u011fa qar\u015f\u0131 zorak\u0131l\u0131q hallar\u0131 il\u0259 ba\u011fl\u0131 m\u0259lumatlar daima m\u0259tbuatda qar\u015f\u0131m\u0131za \u00e7\u0131xmaqdad\u0131r. Problem n\u0259d\u0259dir? C\u0259miyy\u0259td\u0259 \u015fidd\u0259tin ba\u015f al\u0131b getm\u0259si, daha da d\u0259rinl\u0259\u015fm\u0259sinin s\u0259b\u0259bl\u0259ri n\u0259l\u0259rdir? T\u0259bii ki, bu m\u0259s\u0259l\u0259 il\u0259 ba\u011fl\u0131 \u0259limizd\u0259 ara\u015fd\u0131rmalar olmad\u0131\u011f\u0131ndan problem\u0259 h\u0259rt\u0259r\u0259fli baxmaq m\u00fc\u015fk\u00fcl\u0259 \u00e7evrilib. Amma c\u0259miyy\u0259tin m\u00fc\u0259yy\u0259n h\u0259yat normalar\u0131na, ya\u015fay\u0131\u015f t\u0259rzin\u0259, onun \u00fcmumi q\u0259bul edilmi\u015f davran\u0131\u015f qaydalar\u0131na baxd\u0131qda m\u0259s\u0259l\u0259 il\u0259 ba\u011fl\u0131 m\u00fc\u0259yy\u0259n r\u0259y\u0259 g\u0259lm\u0259k m\u00fcmk\u00fcnd\u00fcr.\n<\/p>\n<p>\n  Neyro-psixoloq James Prescott problemin s\u0259b\u0259bl\u0259rini tapmaq \u00fc\u00e7\u00fcn s\u0259nay\u0259 d\u00f6vr\u00fcnd\u0259n \u0259vv\u0259l 400 icmada ara\u015fd\u0131rma apar\u0131b. Onun g\u0259ldiyi n\u0259tic\u0259y\u0259 g\u00f6r\u0259, m\u0259d\u0259niyy\u0259tind\u0259 fiziki zorak\u0131l\u0131\u011f\u0131n olmad\u0131\u011f\u0131 c\u0259miyy\u0259tl\u0259rd\u0259 yeti\u015f\u0259n u\u015faqlar, b\u00f6y\u00fcd\u00fckd\u0259n sonra zorak\u0131l\u0131\u011fa meyilli olmurlar. U\u015faqlara sevgi v\u0259 qay\u011f\u0131n\u0131 az g\u00f6st\u0259r\u0259n, amma evlilik \u00f6nc\u0259si cinsi m\u00fcnasib\u0259tl\u0259r\u0259 he\u00e7 bir qada\u011fa g\u0259tirm\u0259y\u0259n, buna pis baxmayan, bu c\u00fcr ya\u015fay\u0131\u015f t\u0259rzini normal q\u0259bul ed\u0259n c\u0259miyy\u0259tl\u0259rd\u0259 d\u0259, zorak\u0131l\u0131q hallar\u0131 \u00e7ox a\u015fa\u011f\u0131 olur. Prescottun fikrinc\u0259, h\u0259r bir f\u0259rd h\u0259yat\u0131n\u0131n iki kritik d\u00f6vr\u00fcnd\u0259 &#8211; u\u015faql\u0131q v\u0259 g\u0259nclik ill\u0259rind\u0259 &#8211; fiziki sevgid\u0259n yoxsul b\u00f6y\u00fcy\u00fcrs\u0259, h\u0259min f\u0259rdl\u0259rin ya\u015fad\u0131\u011f\u0131 c\u0259miyy\u0259t zorak\u0131l\u0131\u011fa \u015fidd\u0259tli meyili il\u0259 f\u0259rql\u0259nir. Fiziki sevginin t\u0259min olundu\u011fu c\u0259miyy\u0259tl\u0259rd\u0259 o\u011furluq, k\u00fctl\u0259vi dini qrupla\u015fmalar v\u0259 insanlarda q\u0131sqancl\u0131\u011fa s\u0259b\u0259b olan z\u0259nginliyi g\u00f6z\u0259 soxma hallar\u0131na rast g\u0259linmir. U\u015faqlar\u0131n d\u00f6y\u00fcld\u00fcy\u00fc yerl\u0259rd\u0259 k\u00f6l\u0259lik, cinay\u0259t, i\u015fg\u0259nc\u0259, qad\u0131nlar\u0131 xor g\u00f6rm\u0259, g\u00fcnd\u0259lik h\u0259yat\u0131 s\u0259mavi varl\u0131qlar\u0131n idar\u0259 etdiyin\u0259 olan inanc sisteml\u0259ri geni\u015f yay\u0131l\u0131r.\n<\/p>\n<p>\n  Presccot deyir: \u201cU\u015faqlara qar\u015f\u0131 sevgi g\u00f6st\u0259r\u0259n, evlilikd\u0259n \u00f6nc\u0259 cinsi m\u00fcnasib\u0259tl\u0259ri anlay\u0131\u015fla qar\u015f\u0131layan c\u0259miyy\u0259tl\u0259rd\u0259 fiziki zorak\u0131l\u0131q hallar\u0131 ehtimal\u0131 2 faizidir. Bu m\u00fcnasib\u0259tl\u0259rin t\u0259sad\u00fcfi ba\u015f verm\u0259 ehtimal\u0131 is\u0259 birin 125,000 nisb\u0259tind\u0259dir. V\u0259ziyy\u0259t\u0259 g\u00f6r\u0259 d\u0259yi\u015f\u0259n bu nisb\u0259tin bel\u0259 k\u0259skin v\u0259 y\u00fcks\u0259k r\u0259q\u0259m\u0259 \u00e7atd\u0131\u011f\u0131 f\u0259rqi ba\u015fqa sah\u0259d\u0259 tapmaq m\u00fcmk\u00fcns\u00fczd\u00fcr\u201d.\n<\/p>\n<p>\n  Ham\u0131m\u0131z raz\u0131la\u015f\u0131r\u0131q ki, u\u015faqlar sevgini acl\u0131q kimi fiziki formada hiss edirl\u0259r. Yetkin insanlarda cinsi ehtiyac is\u0259 \u00e7ox k\u0259skin olur.\n<\/p>\n<p>\n  Az\u0259rbaycan ail\u0259l\u0259rind\u0259 u\u015faqlara qar\u015f\u0131 sevgi il\u0259 zorak\u0131l\u0131\u011f\u0131n nisb\u0259tini d\u0259qiq m\u00fc\u0259yy\u0259nl\u0259\u015fdirm\u0259k valideynl\u0259rin bilgisizliyi v\u0259 u\u015faq psixologiyas\u0131ndan x\u0259b\u0259rsizliyi bax\u0131m\u0131ndan olduqca \u00e7\u0259tin m\u0259s\u0259l\u0259di. Zorak\u0131l\u0131q ed\u0259n insanlar h\u0259r\u0259k\u0259tl\u0259rinin hans\u0131 n\u0259tic\u0259l\u0259r do\u011furdu\u011fundan \u00e7ox zaman x\u0259b\u0259rsiz olur. Savads\u0131zl\u0131q, m\u0259lumats\u0131zl\u0131q, stereotipik davran\u0131\u015f (\u201cu\u015faqd\u0131r, n\u0259 qan\u0131r\u201d) sonradan Pesccotun da dediyi kimi a\u011f\u0131r n\u0259tic\u0259l\u0259r\u0259 s\u0259b\u0259b olur. Biz unutmamal\u0131y\u0131q ki, ist\u0259nil\u0259n fiziki zorak\u0131l\u0131q u\u015fa\u011f\u0131n m\u0259n\u0259viyyat\u0131n\u0131 al\u00e7ald\u0131r, onda he\u00e7 zaman unutmayaca\u011f\u0131 d\u0259rin yara a\u00e7\u0131r. \u00d6z\u00fcm bu al\u00e7alman\u0131n i\u015ftirak\u00e7\u0131s\u0131 v\u0259 d\u0259f\u0259l\u0259rl\u0259 \u015fahidi olmasayd\u0131m, t\u0259bii ki bunu iddia etm\u0259zdim. Yax\u0131n tan\u0131\u015flar\u0131mdan biri deyir ki, m\u0259nim atam \u00e7ox \u0259lia\u00e7\u0131q insan idi, n\u0259 ist\u0259yirdik al\u0131rd\u0131. Amma o, bir d\u0259f\u0259 m\u0259ni he\u00e7 bir g\u00fcnah\u0131m olmadan vurdu. Buna g\u00f6r\u0259 m\u0259n onu he\u00e7 o biri d\u00fcnyada da ba\u011f\u0131\u015flamayacam.\n<\/p>\n<p>\n  U\u015fa\u011f\u0131n m\u0259n\u0259viyyat\u0131n\u0131n al\u00e7ald\u0131lmas\u0131, \u201cu\u015faqd\u0131r, he\u00e7n\u0259 qanm\u0131r\u201d deyib ke\u00e7ilm\u0259si ciddi m\u0259s\u0259l\u0259 olmasa idi, sivil d\u00fcnya, u\u015faqlar\u0131n h\u00fcquqlar\u0131 il\u0259 ba\u011fl\u0131 beyn\u0259lxalq s\u0259n\u0259dl\u0259r haz\u0131rlamazd\u0131. Yeri g\u0259lmi\u015fk\u0259n deyim ki, Az\u0259rbaycan BMT-nin U\u015faq H\u00fcquqlar\u0131 haqq\u0131nda Konvensiyaya qo\u015fulub.\n<\/p>\n<p>\n  U\u015faqlarla ba\u011fl\u0131 \u0259n d\u0259h\u015f\u0259tli hadis\u0259l\u0259r is\u0259 onlar\u0131n savad almas\u0131na k\u00f6m\u0259k etm\u0259li olan m\u0259kt\u0259bl\u0259rd\u0259 ba\u015f verir. B\u0259z\u0259n bu c\u00fcr x\u0259b\u0259rl\u0259r m\u0259tbuata \u00e7\u0131x\u0131r. M\u00fc\u0259lliml\u0259rin elementar u\u015faq t\u0259rbiy\u0259 etm\u0259k bar\u0259d\u0259 m\u0259lumat\u0131n\u0131n olmamas\u0131, daimi olaraq \u201cfiziki t\u0259rbiy\u0259\u201d \u00fcsullar\u0131na \u0259l atmas\u0131na s\u0259b\u0259b olur. U\u015faqlar\u0131n h\u0259r birinin bir f\u0259rd oldu\u011fu, onlar\u0131n temperamentl\u0259rinin, meyill\u0259rinin, f\u0259rqli bax\u0131\u015flara sahib ola bil\u0259c\u0259yini anlamayan m\u00fc\u0259lliml\u0259r, u\u015faqlara f\u0259rd kimi yana\u015fmaqdansa, s\u00fcr\u00fc kimi davran\u0131r. N\u0259tic\u0259 is\u0259 g\u00f6z qaba\u011f\u0131ndad\u0131r. Bu bar\u0259d\u0259 faktlar sadalama\u011fa ehtiyac yoxdur.\n<\/p>\n<p>\n  \u018fmin\u0259m ki, bu yaz\u0131n\u0131 oxuyanlar\u0131n \u0259ks\u0259riyy\u0259ti bir ne\u00e7\u0259 d\u0259f\u0259 ail\u0259-daxili v\u0259 m\u0259kt\u0259bd\u0259 fiziki zorak\u0131l\u0131\u011fa m\u0259ruz qal\u0131b v\u0259 iddia edir\u0259m ki, h\u0259min insanlar d\u0259rin m\u0259n\u0259vi sars\u0131nt\u0131 ke\u00e7irtdikl\u0259rind\u0259n, \u201cm\u0259n\u201dl\u0259ri tapdaland\u0131qlar\u0131ndan o hadis\u0259l\u0259ri unutmay\u0131b. \u018fn d\u0259h\u015f\u0259tlisi is\u0259 odur ki, bu hadis\u0259l\u0259ri ya\u015fayan insanlar sonradan eyni davran\u0131\u015f\u0131 \u00f6z u\u015faqlar\u0131na qar\u015f\u0131 edirl\u0259r. N\u0259tic\u0259 is\u0259 h\u0259r g\u00fcn q\u0259zet v\u0259 sayt ba\u015fl\u0131qlar\u0131na \u00e7\u0131xar\u0131lan zorak\u0131l\u0131q hadis\u0259l\u0259ridi. B\u00fct\u00fcn bunlar yet\u0259ri sevgid\u0259n yoxsul, sevgi v\u0259 qay\u011f\u0131n\u0131n xor g\u00f6r\u00fcld\u00fcy\u00fc c\u0259miyy\u0259tin h\u0259yat\u0131n\u0131n\u0131n t\u0259bii qanunauy\u011funlu\u011fudur. Bu, bizim c\u0259miyy\u0259t olaraq t\u0259f\u0259kk\u00fcr v\u0259 ya\u015fay\u0131\u015f formam\u0131z\u0131n lab\u00fcd v\u0259 m\u0259ntiq\u0259 uy\u011fun n\u0259tic\u0259l\u0259ridi.\n<\/p>\n<p>\n  Evlilik \u0259vv\u0259li cinsi m\u00fcnasib\u0259tl\u0259r\u0259 g\u0259ldikd\u0259, c\u0259miyy\u0259timizd\u0259 bu ya\u015fay\u0131\u015f se\u00e7imin\u0259 istisna adamlar anlay\u0131\u015fla yana\u015f\u0131r. Ba\u015fqa s\u00f6zl\u0259, c\u0259miyy\u0259t bu kimi m\u00fcnasib\u0259tl\u0259r\u0259 \u00e7ox s\u0259rt reaksiya verir, onu daima m\u0259hdudla\u015fd\u0131rma\u011fa, qada\u011fa etm\u0259y\u0259 \u00e7al\u0131\u015f\u0131r. Konservatizm deyib, g\u00f6z\u0259l s\u0259sl\u0259n\u0259n terminin arxas\u0131nda gizl\u0259nm\u0259k laz\u0131m deyil, bu, a\u00e7\u0131q-a\u015fkar insan t\u0259bi\u0259tin\u0259 zidd davran\u0131\u015fd\u0131r v\u0259 bunun ad\u0131 gerid\u0259qalm\u0131\u015fl\u0131qd\u0131r.\n<\/p>\n<p>\n  Bu haqqda \u00e7ox uzun-uzad\u0131 yazmaq olar, ki m\u00f6vzu bar\u0259d\u0259 bir \u00e7ox k\u00f6\u015f\u0259 yazar\u0131m\u0131z d\u0259f\u0259l\u0259rl\u0259 yaz\u0131b. Yazarlar\u0131m\u0131z h\u0259min sa\u011flam m\u00f6vqel\u0259rin\u0259 g\u00f6r\u0259, Az\u0259rbaycanda \u0259n \u00e7ox s\u00f6y\u00fc\u015f\u0259, t\u0259hqir\u0259, al\u00e7ald\u0131lmaya m\u0259ruz qalm\u0131\u015f insanlard\u0131r. Yaz\u0131da kim\u0259s\u0259 \u0259xlaq d\u0259rsi ke\u00e7m\u0259k niy\u0259tind\u0259 deyil\u0259m, sad\u0259c\u0259 ham\u0131n\u0131 sa\u011flam d\u00fc\u015f\u00fcnm\u0259y\u0259 d\u0259v\u0259t edir\u0259m. Sa\u011flam d\u00fc\u015f\u00fcnc\u0259 dedikd\u0259, b\u00fct\u00fcn m\u0259n\u0259vi imperativl\u0259rd\u0259n m\u0259hrum anlay\u0131\u015f\u0131 n\u0259z\u0259rd\u0259 tuturam. Ham\u0131n\u0131 l\u00fct, \u00e7\u0131lpaq formada d\u00fc\u015f\u00fcnm\u0259y\u0259 d\u0259v\u0259t edir\u0259m. M\u0259s\u0259l\u0259n, \u00f6z\u00fcn\u00fcz \u00f6z h\u0259yat\u0131n\u0131zda bunun a\u011fr\u0131s\u0131n\u0131 nec\u0259 \u00e7\u0259kdiyinizi yad\u0131n\u0131za salma\u011f\u0131n\u0131za v\u0259 daha sonra bu bar\u0259d\u0259 d\u00fc\u015f\u00fcnm\u0259y\u0259 d\u0259v\u0259t edir\u0259m.\n<\/p>\n<p>\n  \u00d6z\u00fcm\u00fcz\u00fc James Prescottun ara\u015fd\u0131rd\u0131\u011f\u0131 s\u0259nay\u0259 \u00f6nc\u0259si icmalar kimi apar\u0131r\u0131rq. Bel\u0259 bir zamanda bel\u0259 yaz\u0131lar\u0131n yaz\u0131lmas\u0131 bizl\u0259r \u00fc\u00e7\u00fcn ay\u0131b say\u0131lmal\u0131d\u0131r.\n<\/p>\n<p>\n  Son olaraq, bir tan\u0131\u015f\u0131m\u0131n dedikl\u0259rind\u0259n: \u201c\u015f\u0259h\u0259rd\u0259 g\u0259z\u0259n c\u00fctl\u00fckl\u0259r\u0259 bax\u0131rsan, m\u0259d\u0259ni insanlara bax\u0131rsan, ham\u0131s\u0131 yolun q\u0131ra\u011f\u0131 il\u0259 ba\u015f\u0131n\u0131 a\u015fa\u011f\u0131 sal\u0131b \u00fcrk\u0259k-\u00fcrk\u0259k yeriyir. Sanki onlar kims\u0259 t\u0259r\u0259find\u0259n h\u00fcc\u00fcma m\u0259ruz qalacaqlarm\u0131\u015f kimi qorxurlar\u201d.\n<\/p>\n<p>\n  U\u015faqlara v\u0259 g\u0259ncl\u0259r\u0259 h\u00f6rm\u0259tl\u0259!\n<\/p>\n<p>\n  <b><br \/>\n    Yaz\u0131 m\u00fc\u0259llifin \u015f\u0259xsi m\u00f6vqeyini \u0259ks etdirir..<br \/>\n  <\/b>\n<\/p><\/p>\n","protected":false},"excerpt":{"rendered":"<p>G\u00f6z\u0259l s\u0259sl\u0259n\u0259n terminl\u0259rin arxas\u0131nda gizl\u0259nm\u0259y\u0259k&#8230;<\/p>\n","protected":false},"author":11,"featured_media":33844,"comment_status":"closed","ping_status":"open","sticky":false,"template":"","format":"standard","meta":{"_acf_changed":false,"_sitemap_exclude":false,"_sitemap_priority":"","_sitemap_frequency":"","footnotes":""},"categories":[57],"tags":[],"class_list":["post-170113","post","type-post","status-publish","format-standard","has-post-thumbnail","hentry","category-menim-fikrimce","infinite-scroll-item","generate-columns","tablet-grid-50","mobile-grid-100","grid-parent","grid-33","no-featured-image-padding"],"acf":[],"yoast_head":"<!-- This site is optimized with the Yoast SEO plugin v27.5 - https:\/\/yoast.com\/product\/yoast-seo-wordpress\/ -->\n<title>U\u015faqlar\u0131n d\u00f6y\u00fcld\u00fcy\u00fc yerl\u0259rd\u0259... - MEYDAN.TV<\/title>\n<meta name=\"robots\" content=\"index, follow, max-snippet:-1, max-image-preview:large, max-video-preview:-1\" \/>\n<link rel=\"canonical\" href=\"https:\/\/www.meydan.tv\/az\/article\/usaqlarin-doyulduyu-yerlerde\/\" \/>\n<meta property=\"og:locale\" content=\"az_AZ\" \/>\n<meta property=\"og:type\" content=\"article\" \/>\n<meta property=\"og:title\" content=\"U\u015faqlar\u0131n d\u00f6y\u00fcld\u00fcy\u00fc yerl\u0259rd\u0259... - MEYDAN.TV\" \/>\n<meta property=\"og:description\" content=\"G\u00f6z\u0259l s\u0259sl\u0259n\u0259n terminl\u0259rin arxas\u0131nda gizl\u0259nm\u0259y\u0259k...\" \/>\n<meta property=\"og:url\" content=\"https:\/\/www.meydan.tv\/az\/article\/usaqlarin-doyulduyu-yerlerde\/\" \/>\n<meta property=\"og:site_name\" content=\"MEYDAN.TV\" \/>\n<meta property=\"article:published_time\" content=\"2015-09-24T19:10:46+00:00\" \/>\n<meta property=\"og:image\" content=\"https:\/\/www.meydan.tv\/wp-content\/uploads\/12687.jpg\" \/>\n\t<meta property=\"og:image:width\" content=\"500\" \/>\n\t<meta property=\"og:image:height\" content=\"500\" \/>\n\t<meta property=\"og:image:type\" content=\"image\/jpeg\" \/>\n<meta name=\"author\" content=\"user-manager\" \/>\n<meta name=\"twitter:card\" content=\"summary_large_image\" \/>\n<script type=\"application\/ld+json\" class=\"yoast-schema-graph\">{\"@context\":\"https:\\\/\\\/schema.org\",\"@graph\":[{\"@type\":\"Article\",\"@id\":\"https:\\\/\\\/www.meydan.tv\\\/az\\\/article\\\/usaqlarin-doyulduyu-yerlerde\\\/#article\",\"isPartOf\":{\"@id\":\"https:\\\/\\\/www.meydan.tv\\\/az\\\/article\\\/usaqlarin-doyulduyu-yerlerde\\\/\"},\"author\":{\"name\":\"user-manager\",\"@id\":\"https:\\\/\\\/www.meydan.tv\\\/az\\\/#\\\/schema\\\/person\\\/10d11eccf6da3662cf5fdab9806ea91a\"},\"headline\":\"U\u015faqlar\u0131n d\u00f6y\u00fcld\u00fcy\u00fc yerl\u0259rd\u0259&#8230;\",\"datePublished\":\"2015-09-24T19:10:46+00:00\",\"mainEntityOfPage\":{\"@id\":\"https:\\\/\\\/www.meydan.tv\\\/az\\\/article\\\/usaqlarin-doyulduyu-yerlerde\\\/\"},\"wordCount\":1447,\"publisher\":{\"@id\":\"https:\\\/\\\/www.meydan.tv\\\/az\\\/#organization\"},\"image\":{\"@id\":\"https:\\\/\\\/www.meydan.tv\\\/az\\\/article\\\/usaqlarin-doyulduyu-yerlerde\\\/#primaryimage\"},\"thumbnailUrl\":\"https:\\\/\\\/www.meydan.tv\\\/wp-content\\\/uploads\\\/12687.jpg\",\"articleSection\":[\"M\u0259nim Fikrimc\u0259\"],\"inLanguage\":\"az\"},{\"@type\":\"WebPage\",\"@id\":\"https:\\\/\\\/www.meydan.tv\\\/az\\\/article\\\/usaqlarin-doyulduyu-yerlerde\\\/\",\"url\":\"https:\\\/\\\/www.meydan.tv\\\/az\\\/article\\\/usaqlarin-doyulduyu-yerlerde\\\/\",\"name\":\"U\u015faqlar\u0131n d\u00f6y\u00fcld\u00fcy\u00fc yerl\u0259rd\u0259... - MEYDAN.TV\",\"isPartOf\":{\"@id\":\"https:\\\/\\\/www.meydan.tv\\\/az\\\/#website\"},\"primaryImageOfPage\":{\"@id\":\"https:\\\/\\\/www.meydan.tv\\\/az\\\/article\\\/usaqlarin-doyulduyu-yerlerde\\\/#primaryimage\"},\"image\":{\"@id\":\"https:\\\/\\\/www.meydan.tv\\\/az\\\/article\\\/usaqlarin-doyulduyu-yerlerde\\\/#primaryimage\"},\"thumbnailUrl\":\"https:\\\/\\\/www.meydan.tv\\\/wp-content\\\/uploads\\\/12687.jpg\",\"datePublished\":\"2015-09-24T19:10:46+00:00\",\"breadcrumb\":{\"@id\":\"https:\\\/\\\/www.meydan.tv\\\/az\\\/article\\\/usaqlarin-doyulduyu-yerlerde\\\/#breadcrumb\"},\"inLanguage\":\"az\",\"potentialAction\":[{\"@type\":\"ReadAction\",\"target\":[\"https:\\\/\\\/www.meydan.tv\\\/az\\\/article\\\/usaqlarin-doyulduyu-yerlerde\\\/\"]}]},{\"@type\":\"ImageObject\",\"inLanguage\":\"az\",\"@id\":\"https:\\\/\\\/www.meydan.tv\\\/az\\\/article\\\/usaqlarin-doyulduyu-yerlerde\\\/#primaryimage\",\"url\":\"https:\\\/\\\/www.meydan.tv\\\/wp-content\\\/uploads\\\/12687.jpg\",\"contentUrl\":\"https:\\\/\\\/www.meydan.tv\\\/wp-content\\\/uploads\\\/12687.jpg\",\"width\":500,\"height\":500,\"caption\":\"Source:\"},{\"@type\":\"BreadcrumbList\",\"@id\":\"https:\\\/\\\/www.meydan.tv\\\/az\\\/article\\\/usaqlarin-doyulduyu-yerlerde\\\/#breadcrumb\",\"itemListElement\":[{\"@type\":\"ListItem\",\"position\":1,\"name\":\"Ana s\u0259hif\u0259\",\"item\":\"https:\\\/\\\/www.meydan.tv\\\/az\\\/\"},{\"@type\":\"ListItem\",\"position\":2,\"name\":\"M\u0259nim Fikrimc\u0259\",\"item\":\"https:\\\/\\\/www.meydan.tv\\\/az\\\/section\\\/menim-fikrimce\\\/\"},{\"@type\":\"ListItem\",\"position\":3,\"name\":\"U\u015faqlar\u0131n d\u00f6y\u00fcld\u00fcy\u00fc yerl\u0259rd\u0259&#8230;\"}]},{\"@type\":\"WebSite\",\"@id\":\"https:\\\/\\\/www.meydan.tv\\\/az\\\/#website\",\"url\":\"https:\\\/\\\/www.meydan.tv\\\/az\\\/\",\"name\":\"MEYDAN.TV\",\"description\":\"Meydan TV Az\u0259rbaycan\u0131n media m\u0259kan\u0131ndak\u0131 alternativ s\u0259sidir\",\"publisher\":{\"@id\":\"https:\\\/\\\/www.meydan.tv\\\/az\\\/#organization\"},\"potentialAction\":[{\"@type\":\"SearchAction\",\"target\":{\"@type\":\"EntryPoint\",\"urlTemplate\":\"https:\\\/\\\/www.meydan.tv\\\/az\\\/?s={search_term_string}\"},\"query-input\":{\"@type\":\"PropertyValueSpecification\",\"valueRequired\":true,\"valueName\":\"search_term_string\"}}],\"inLanguage\":\"az\"},{\"@type\":\"Organization\",\"@id\":\"https:\\\/\\\/www.meydan.tv\\\/az\\\/#organization\",\"name\":\"Meydan TV\",\"url\":\"https:\\\/\\\/www.meydan.tv\\\/az\\\/\",\"logo\":{\"@type\":\"ImageObject\",\"inLanguage\":\"az\",\"@id\":\"https:\\\/\\\/www.meydan.tv\\\/az\\\/#\\\/schema\\\/logo\\\/image\\\/\",\"url\":\"https:\\\/\\\/www.meydan.tv\\\/wp-content\\\/uploads\\\/2021\\\/07\\\/meydan-logo.svg\",\"contentUrl\":\"https:\\\/\\\/www.meydan.tv\\\/wp-content\\\/uploads\\\/2021\\\/07\\\/meydan-logo.svg\",\"width\":195,\"height\":46,\"caption\":\"Meydan TV\"},\"image\":{\"@id\":\"https:\\\/\\\/www.meydan.tv\\\/az\\\/#\\\/schema\\\/logo\\\/image\\\/\"}},{\"@type\":\"Person\",\"@id\":\"https:\\\/\\\/www.meydan.tv\\\/az\\\/#\\\/schema\\\/person\\\/10d11eccf6da3662cf5fdab9806ea91a\",\"name\":\"user-manager\"}]}<\/script>\n<!-- \/ Yoast SEO plugin. -->","yoast_head_json":{"title":"U\u015faqlar\u0131n d\u00f6y\u00fcld\u00fcy\u00fc yerl\u0259rd\u0259... - MEYDAN.TV","robots":{"index":"index","follow":"follow","max-snippet":"max-snippet:-1","max-image-preview":"max-image-preview:large","max-video-preview":"max-video-preview:-1"},"canonical":"https:\/\/www.meydan.tv\/az\/article\/usaqlarin-doyulduyu-yerlerde\/","og_locale":"az_AZ","og_type":"article","og_title":"U\u015faqlar\u0131n d\u00f6y\u00fcld\u00fcy\u00fc yerl\u0259rd\u0259... - MEYDAN.TV","og_description":"G\u00f6z\u0259l s\u0259sl\u0259n\u0259n terminl\u0259rin arxas\u0131nda gizl\u0259nm\u0259y\u0259k...","og_url":"https:\/\/www.meydan.tv\/az\/article\/usaqlarin-doyulduyu-yerlerde\/","og_site_name":"MEYDAN.TV","article_published_time":"2015-09-24T19:10:46+00:00","og_image":[{"width":500,"height":500,"url":"https:\/\/www.meydan.tv\/wp-content\/uploads\/12687.jpg","type":"image\/jpeg"}],"author":"user-manager","twitter_card":"summary_large_image","schema":{"@context":"https:\/\/schema.org","@graph":[{"@type":"Article","@id":"https:\/\/www.meydan.tv\/az\/article\/usaqlarin-doyulduyu-yerlerde\/#article","isPartOf":{"@id":"https:\/\/www.meydan.tv\/az\/article\/usaqlarin-doyulduyu-yerlerde\/"},"author":{"name":"user-manager","@id":"https:\/\/www.meydan.tv\/az\/#\/schema\/person\/10d11eccf6da3662cf5fdab9806ea91a"},"headline":"U\u015faqlar\u0131n d\u00f6y\u00fcld\u00fcy\u00fc yerl\u0259rd\u0259&#8230;","datePublished":"2015-09-24T19:10:46+00:00","mainEntityOfPage":{"@id":"https:\/\/www.meydan.tv\/az\/article\/usaqlarin-doyulduyu-yerlerde\/"},"wordCount":1447,"publisher":{"@id":"https:\/\/www.meydan.tv\/az\/#organization"},"image":{"@id":"https:\/\/www.meydan.tv\/az\/article\/usaqlarin-doyulduyu-yerlerde\/#primaryimage"},"thumbnailUrl":"https:\/\/www.meydan.tv\/wp-content\/uploads\/12687.jpg","articleSection":["M\u0259nim Fikrimc\u0259"],"inLanguage":"az"},{"@type":"WebPage","@id":"https:\/\/www.meydan.tv\/az\/article\/usaqlarin-doyulduyu-yerlerde\/","url":"https:\/\/www.meydan.tv\/az\/article\/usaqlarin-doyulduyu-yerlerde\/","name":"U\u015faqlar\u0131n d\u00f6y\u00fcld\u00fcy\u00fc yerl\u0259rd\u0259... - MEYDAN.TV","isPartOf":{"@id":"https:\/\/www.meydan.tv\/az\/#website"},"primaryImageOfPage":{"@id":"https:\/\/www.meydan.tv\/az\/article\/usaqlarin-doyulduyu-yerlerde\/#primaryimage"},"image":{"@id":"https:\/\/www.meydan.tv\/az\/article\/usaqlarin-doyulduyu-yerlerde\/#primaryimage"},"thumbnailUrl":"https:\/\/www.meydan.tv\/wp-content\/uploads\/12687.jpg","datePublished":"2015-09-24T19:10:46+00:00","breadcrumb":{"@id":"https:\/\/www.meydan.tv\/az\/article\/usaqlarin-doyulduyu-yerlerde\/#breadcrumb"},"inLanguage":"az","potentialAction":[{"@type":"ReadAction","target":["https:\/\/www.meydan.tv\/az\/article\/usaqlarin-doyulduyu-yerlerde\/"]}]},{"@type":"ImageObject","inLanguage":"az","@id":"https:\/\/www.meydan.tv\/az\/article\/usaqlarin-doyulduyu-yerlerde\/#primaryimage","url":"https:\/\/www.meydan.tv\/wp-content\/uploads\/12687.jpg","contentUrl":"https:\/\/www.meydan.tv\/wp-content\/uploads\/12687.jpg","width":500,"height":500,"caption":"Source:"},{"@type":"BreadcrumbList","@id":"https:\/\/www.meydan.tv\/az\/article\/usaqlarin-doyulduyu-yerlerde\/#breadcrumb","itemListElement":[{"@type":"ListItem","position":1,"name":"Ana s\u0259hif\u0259","item":"https:\/\/www.meydan.tv\/az\/"},{"@type":"ListItem","position":2,"name":"M\u0259nim Fikrimc\u0259","item":"https:\/\/www.meydan.tv\/az\/section\/menim-fikrimce\/"},{"@type":"ListItem","position":3,"name":"U\u015faqlar\u0131n d\u00f6y\u00fcld\u00fcy\u00fc yerl\u0259rd\u0259&#8230;"}]},{"@type":"WebSite","@id":"https:\/\/www.meydan.tv\/az\/#website","url":"https:\/\/www.meydan.tv\/az\/","name":"MEYDAN.TV","description":"Meydan TV Az\u0259rbaycan\u0131n media m\u0259kan\u0131ndak\u0131 alternativ s\u0259sidir","publisher":{"@id":"https:\/\/www.meydan.tv\/az\/#organization"},"potentialAction":[{"@type":"SearchAction","target":{"@type":"EntryPoint","urlTemplate":"https:\/\/www.meydan.tv\/az\/?s={search_term_string}"},"query-input":{"@type":"PropertyValueSpecification","valueRequired":true,"valueName":"search_term_string"}}],"inLanguage":"az"},{"@type":"Organization","@id":"https:\/\/www.meydan.tv\/az\/#organization","name":"Meydan TV","url":"https:\/\/www.meydan.tv\/az\/","logo":{"@type":"ImageObject","inLanguage":"az","@id":"https:\/\/www.meydan.tv\/az\/#\/schema\/logo\/image\/","url":"https:\/\/www.meydan.tv\/wp-content\/uploads\/2021\/07\/meydan-logo.svg","contentUrl":"https:\/\/www.meydan.tv\/wp-content\/uploads\/2021\/07\/meydan-logo.svg","width":195,"height":46,"caption":"Meydan TV"},"image":{"@id":"https:\/\/www.meydan.tv\/az\/#\/schema\/logo\/image\/"}},{"@type":"Person","@id":"https:\/\/www.meydan.tv\/az\/#\/schema\/person\/10d11eccf6da3662cf5fdab9806ea91a","name":"user-manager"}]}},"_links":{"self":[{"href":"https:\/\/www.meydan.tv\/az\/wp-json\/wp\/v2\/posts\/170113","targetHints":{"allow":["GET"]}}],"collection":[{"href":"https:\/\/www.meydan.tv\/az\/wp-json\/wp\/v2\/posts"}],"about":[{"href":"https:\/\/www.meydan.tv\/az\/wp-json\/wp\/v2\/types\/post"}],"author":[{"embeddable":true,"href":"https:\/\/www.meydan.tv\/az\/wp-json\/wp\/v2\/users\/11"}],"replies":[{"embeddable":true,"href":"https:\/\/www.meydan.tv\/az\/wp-json\/wp\/v2\/comments?post=170113"}],"version-history":[{"count":0,"href":"https:\/\/www.meydan.tv\/az\/wp-json\/wp\/v2\/posts\/170113\/revisions"}],"wp:featuredmedia":[{"embeddable":true,"href":"https:\/\/www.meydan.tv\/az\/wp-json\/wp\/v2\/media\/33844"}],"wp:attachment":[{"href":"https:\/\/www.meydan.tv\/az\/wp-json\/wp\/v2\/media?parent=170113"}],"wp:term":[{"taxonomy":"category","embeddable":true,"href":"https:\/\/www.meydan.tv\/az\/wp-json\/wp\/v2\/categories?post=170113"},{"taxonomy":"post_tag","embeddable":true,"href":"https:\/\/www.meydan.tv\/az\/wp-json\/wp\/v2\/tags?post=170113"}],"curies":[{"name":"wp","href":"https:\/\/api.w.org\/{rel}","templated":true}]}}