{"id":170081,"date":"2015-09-22T20:48:37","date_gmt":"2015-09-22T20:48:37","guid":{"rendered":"https:\/\/www.meydan.tv\/article\/standartlar-meselesi\/"},"modified":"2015-09-22T20:48:37","modified_gmt":"2015-09-22T20:48:37","slug":"standartlar-meselesi","status":"publish","type":"post","link":"https:\/\/www.meydan.tv\/az\/article\/standartlar-meselesi\/","title":{"rendered":"Standartlar m\u0259s\u0259l\u0259si&#8230;"},"content":{"rendered":"<figure class=\"wp-block-image size-large\">\n  <img decoding=\"async\" src=\"https:\/\/www.meydan.tv\/az\/34136\/\" alt=\"\" class=\"wp-image-34136\"\/><figcaption><\/figcaption><\/figure>\n<\/p>\n<figure class=\"wp-block-image size-large\">\n  <img decoding=\"async\" src=\"https:\/\/www.meydan.tv\/az\/34138\/\" alt=\"\" class=\"wp-image-34138\"\/><figcaption><\/figcaption><\/figure>\n<p>\n  Son aylar c\u0259miyy\u0259td\u0259 ba\u015f ver\u0259n ilginc prosesl\u0259ri t\u0259hlil etm\u0259k ist\u0259nil\u0259n m\u0259nada m\u00fcmk\u00fcns\u00fcz g\u00f6r\u00fcn\u00fcr. \u0130ld\u0131r\u0131m s\u00fcr\u0259ti il\u0259 bir-birini \u0259v\u0259zl\u0259y\u0259n son hadis\u0259l\u0259r, h\u0259bs\u0259 at\u0131lm\u0131\u015f X\u0259dic\u0259 \u0130smay\u0131l\u0131n, ba\u015fqa jurnalistl\u0259rin araya g\u0259tirdiyi d\u0259h\u015f\u0259tli faktlar, az qala g\u00fcnd\u0259lik hadis\u0259y\u0259 \u00e7evrilmi\u015f intiharlar, elementar bizim &#8220;parlament&#8221;d\u0259ki \u00e7\u0131x\u0131\u015flar, onlar\u0131n forma v\u0259 m\u0259\u011fzi ist\u0259nil\u0259n c\u0259miyy\u0259td\u0259 n\u00fcv\u0259 partlay\u0131\u015f\u0131 effekti ver\u0259 bil\u0259rdi, amma bizd\u0259 vermir. G\u00f6r\u0259s\u0259n, c\u0259miyy\u0259tin bunca qeyri-adekvat reaksiyas\u0131 n\u0259d\u0259n do\u011fur, n\u0259d\u0259n ba\u015f verir? Bunu ayd\u0131nla\u015fd\u0131rmaq \u00fc\u00e7\u00fcn, ilk \u00f6nc\u0259g\u0259r\u0259k standart anlay\u0131\u015f\u0131na m\u00fcraci\u0259t ed\u0259k.\n<\/p>\n<p>\n  Standart\u00a0 k\u0259lm\u0259si (ingilisc\u0259d\u0259n standard &#8211; norma, n\u00fcmun\u0259) \u2014 geni\u015f m\u0259nada i\u015fl\u0259n\u0259n n\u00fcmun\u0259, etalon, model, q\u0131sas\u0131 dig\u0259rl\u0259ri il\u0259 m\u00fcqayis\u0259 \u00fc\u00e7\u00fcn n\u00fcmun\u0259vi \u00f6l\u00e7\u00fc vahidi kimi i\u015fl\u0259nilir. Standart \u0259sas\u0259n son \u0259srd\u0259 k\u00fctl\u0259vi istifad\u0259 \u00fc\u00e7\u00fcn n\u0259z\u0259rd\u0259 tutulmu\u015f m\u0259hsul v\u0259 xidm\u0259tl\u0259rin keyfiyy\u0259t v\u0259 t\u0259hl\u00fck\u0259sizliyini, bundan ba\u015fqa unifikasiyas\u0131n\u0131 m\u00fc\u0259yy\u0259nl\u0259\u015fdir\u0259n norma olmudur. Q\u0131saca, bildiyiniz kimi son y\u00fcz ild\u0259 az qala b\u00fct\u00fcn sah\u0259l\u0259rd\u0259 standartlar insanlar\u0131n h\u0259yat\u0131nda \u00e7ox vacib bir rol oynay\u0131b. Standartlar, \u015f\u00fcbh\u0259siz ki, inki\u015faf etmi\u015f bir c\u0259miyy\u0259tin atributudur.\n<\/p>\n<p>\n  Daha geni\u015f m\u0259nada Standart &#8211; \u015f\u0259xsi v\u0259 ictimai m\u0259nada prinsip v\u0259 qaydalar d\u0259stidir, h\u0259r hans\u0131sa bir c\u0259miyy\u0259tin \u00f6z\u00fcn\u00fct\u0259\u015fkili zaman\u0131 bu prinsip v\u0259 qaydalar \u00e7ox vacib nizamlay\u0131c\u0131 rolunda \u00e7\u0131x\u0131\u015f edir. Bu m\u0259nada ist\u0259r Q\u0259rbd\u0259, ist\u0259rs\u0259 d\u0259 \u015e\u0259rqd\u0259 uzun \u0259srl\u0259r bu nizamlay\u0131c\u0131 qismind\u0259 din v\u0259 dini, daha do\u011frusu, klerikallar\u0131n m\u00fc\u0259yy\u0259nl\u0259\u015fdirdiyi qaydalar g\u00f6t\u00fcr\u00fcl\u00fcb. Yaln\u0131z Almaniyada reformasiyadan sonra v\u0259 frans\u0131z maarif\u00e7il\u0259rinin s\u0259yl\u0259ri n\u0259tic\u0259sind\u0259 Q\u0259rbd\u0259 allahm\u0259rk\u0259z\u00e7i d\u00fcnyag\u00f6r\u00fc\u015f\u00fc t\u0259dricl\u0259 insanm\u0259rk\u0259z\u00e7i d\u00fcnyag\u00f6r\u00fc\u015f\u00fc il\u0259 \u0259v\u0259z edilm\u0259y\u0259 ba\u015flad\u0131 v\u0259 bu proses Avropada az qala 500 il\u0259 q\u0259d\u0259r bir zaman \u00e7\u0259kdi. Bu prosesl\u0259r x\u00fcsus\u0259n B\u00f6y\u00fck frans\u0131z burjua inqilab\u0131ndan sonra daha geni\u015f v\u00fcs\u0259t ald\u0131.\n<\/p>\n<p>\n  Lakin insanm\u0259rk\u0259z\u00e7i d\u00fcnyag\u00f6r\u00fc\u015f\u00fcn\u00fcn Q\u0259rbi Avropada h\u0259qiq\u0259t\u0259n oturu\u015fmas\u0131n\u0131n v\u0259 yetkin bir \u015f\u0259kild\u0259 t\u0259\u015f\u0259kk\u00fcl\u00fcn\u00fc tapmas\u0131 yaln\u0131z II D\u00fcnya M\u00fcharib\u0259sind\u0259n sonra ba\u015f verdi. XX \u0259srd\u0259 \u00e7ox a\u011f\u0131r faci\u0259l\u0259r\u0259 s\u0259b\u0259b olmu\u015f d\u00fcnya m\u00fcharib\u0259l\u0259rind\u0259n sonra insan\u0131n, onun haqlar\u0131n\u0131n b\u00fct\u00fcn ideologiya v\u0259 inanclardan daha ali d\u0259y\u0259r olmas\u0131 fikri \u00f6z yetkin t\u0259\u015f\u0259kk\u00fcl\u00fcn\u00fc tapd\u0131. Bununla da insan\u0131, f\u0259rdi m\u0259rk\u0259z\u0259 qoyan yeni ictimai m\u00fcnasib\u0259tl\u0259r formas\u0131 meydana g\u0259ldi. Bizim ham\u0131m\u0131z\u0131n e\u015fitdiyimiz, bildiyimiz insan haqlar\u0131 anlay\u0131\u015flar\u0131 m\u0259hz bu zamandan dominant faktora \u00e7evrilmi\u015fdir. Bu anlay\u0131\u015flara g\u00f6r\u0259, haz\u0131rda ist\u0259nil\u0259n \u00f6lk\u0259nin ba\u015fl\u0131ca v\u0259 \u0259slind\u0259 yegan\u0259 d\u0259y\u0259ri (eyni zamanda potensial\u0131) m\u0259hz insan olmal\u0131d\u0131r.\n<\/p>\n<p>\n  V\u0259 \u0259g\u0259r bu faktor \u00f6n\u0259 \u00e7\u0259kilmirs\u0259, \u0259ksin\u0259 (bizd\u0259, \u0259slind\u0259 az qala b\u00fct\u00fcn \u015e\u0259rqd\u0259ki kimi) zibil yerin\u0259 say\u0131l\u0131rsa, ba\u015fl\u0131ca olan maddi d\u0259y\u0259rl\u0259r olursa, o zaman g\u00f6rd\u00fcy\u00fcm\u00fcz n\u0259tic\u0259l\u0259r meydana g\u0259lir. Q\u0259bul edilmi\u015f qanunlar haqda burada s\u00f6hb\u0259t getmir, \u00e7\u00fcnki onlar h\u0259r zaman c\u0259miyy\u0259td\u0259ki anlay\u0131\u015flara s\u00f6yk\u0259nir.\n<\/p>\n<p>\n  M\u0259s\u0259l\u0259 n\u0259d\u0259n ibar\u0259tdir? Misal \u00fc\u00e7\u00fcn X\u0259dic\u0259 \u0130smay\u0131l 2010-cu ilin yay\u0131nda Azadl\u0131q Radiosuna m\u0259\u015fhur aktyor Ya\u015far Nurini d\u0259v\u0259t etmi\u015fdi. Orada ondan prezidentin dubaydak\u0131 villalar\u0131 haqda o zaman Washington Post q\u0259zetind\u0259 d\u0259rc edil\u0259n m\u0259qal\u0259 haqda r\u0259yini sormu\u015fdu. Xalq artisti mat qalm\u0131\u015fd\u0131: &#8220;Nec\u0259 y\u0259ni, pad\u015fah\u0131n, y\u0259ni prezidenti villas\u0131 da olar, saray\u0131 da, bunu da he\u00e7 soru\u015farlar?&#8221; Bu adam h\u0259qiq\u0259t\u0259n v\u0259 s\u0259mimi olaraq veril\u0259n suala mat qalm\u0131\u015fd\u0131. \u00c7\u00fcnki ist\u0259nil\u0259n fakt\u0131n t\u0259qdimat\u0131ndan \u00f6nc\u0259 f\u0259rdin v\u0259 c\u0259miyy\u0259tin ona m\u00fcnasib\u0259ti, toplumun d\u0259y\u0259rl\u0259r m\u0259cmusunda bu m\u0259s\u0259l\u0259l\u0259r\u0259 verilmi\u015f \u00f6l\u00e7\u00fcl\u0259r, standartlar g\u0259r\u0259kdir. Bel\u0259 bir fakt ist\u0259nil\u0259n q\u0259rb c\u0259miyy\u0259tind\u0259 ist\u0259nil\u0259n hakimiyy\u0259tin iflas\u0131na g\u0259tir\u0259rdi, \u00e7\u00fcnki c\u0259miyy\u0259t \u00fc\u00e7\u00fcn bunlar q\u0259buledilm\u0259zdir. Bizim c\u0259miyy\u0259t \u00fc\u00e7\u00fcn is\u0259 bu \u00e7ox rahat q\u0259bul edil\u0259c\u0259k bir m\u0259s\u0259l\u0259dir &#8211; pad\u015fahla pad\u015fahl\u0131q etmirl\u0259r ki? Nec\u0259 y\u0259ni, onun villas\u0131 olmamal\u0131d\u0131r? Nec\u0259 y\u0259ni, \u201cki\u015finin pulunu sayarlar\u201d?\n<\/p>\n<p>\n  Bir zamanlar Qazax\u0131stan prezidentinin yezn\u0259si Rahat \u018fliyevin &#8220;Xa\u00e7 qaynatas\u0131&#8221; \u0259s\u0259ri onun siyas\u0259tinn if\u015fas\u0131 kimi \u00e7\u0131xm\u0131\u015fd\u0131. Orada bir \u00e7ox faktlardan ba\u015fqa Nazarbayevin az qala r\u0259sm\u0259n \u00fc\u00e7 z\u00f6vc\u0259y\u0259 malik olmas\u0131ndan dan\u0131\u015f\u0131l\u0131rd\u0131. Prezidentin h\u0259r\u0259mxanas\u0131nda ba\u015f xan\u0131mdan ba\u015fqa, biri onun \u015f\u0259xsi t\u0259yyar\u0259sinin st\u00fcardessas\u0131 olmaqla, daha iki qad\u0131n da varm\u0131\u015f. M\u0259hz bu fakt o zaman \u00fcmumiyy\u0259tl\u0259, he\u00e7 bir m\u00fczakir\u0259y\u0259 s\u0259b\u0259b olmam\u0131\u015fd\u0131. Ki\u015finin lap d\u00f6rd arvad\u0131 da ola bil\u0259r, baxa bilirs\u0259, burda n\u0259 var ki?\n<\/p>\n<p>\n  Christian Wulff 2010-cu il yay\u0131nda Almaniya prezidenti se\u00e7ilmi\u015fdi, lakin 2012-ci ild\u0259 bu postu \u00e7ox c\u00fczi bir \u015f\u00fcbh\u0259 &#8211; ke\u00e7mi\u015f dostu Egon Geerkens il\u0259 kredit anla\u015fmas\u0131na g\u00f6r\u0259 t\u0259rk etm\u0259li oldu, \u00e7\u00fcnki c\u0259miyy\u0259tin t\u0259may\u00fcl\u00fc bel\u0259 idi v\u0259 o bu basq\u0131lara davam g\u0259tir\u0259 bilm\u0259zdi. M\u0259s\u0259l\u0259nin mahiyy\u0259ti Wulff ail\u0259sinin bu \u015f\u0259xsd\u0259n h\u0259l\u0259 2008-ci ild\u0259 (Christian prezident postunu almazdan \u00f6nc\u0259) 500 min avro krediti illik 4% il\u0259 almalar\u0131 idi. Burada i\u015fi h\u0259r hans\u0131 bir m\u0259bl\u0259\u011fin \u00f6l\u00e7\u00fcs\u00fc h\u0259ll etmir, ba\u015fl\u0131ca m\u0259s\u0259l\u0259 c\u0259miyy\u0259td\u0259ki standartlar v\u0259 anlay\u0131\u015flard\u0131r. Bu \u00f6lk\u0259nin m\u00fcdafi\u0259 naziri Karl-Theodor zu Guttenberg d\u0259 bir il sonra, 2011-ci ild\u0259 dissertasiyas\u0131nda b\u0259zi hiss\u0259l\u0259rin copy-paste oldu\u011fu ittiham\u0131ndan sonra istefa verm\u0259y\u0259 m\u0259cbur olmu\u015fdu.\n<\/p>\n<p>\n  H\u0259tta \u015f\u0259rqi Avropa \u00f6lk\u0259si olan Macar\u0131stan\u0131n prezidenti Schmitt P\u00e1l bel\u0259 2012-ci ild\u0259 bu ittihamlar (dissertasiya v\u0259 elmi ad saxtakarl\u0131\u011f\u0131) s\u0259b\u0259bind\u0259n istefa vermi\u015fdi. Bu da ist\u0259nil\u0259n halda c\u0259miyy\u0259tin basq\u0131s\u0131, t\u0259may\u00fcl\u00fc, toplumun d\u00fc\u015f\u00fcnc\u0259sind\u0259ki standartlar\u0131n t\u0259l\u0259bi idi.<br \/>\n  <br \/>\n  \u0130st\u0259nil\u0259n c\u0259miyy\u0259tin, toplumun, &#8220;kollektiv \u015f\u00fcurunun&#8221; m\u0259hsulu olan standartlar v\u0259 t\u0259may\u00fcll\u0259r \u00e7ox m\u0259s\u0259l\u0259nin h\u0259llind\u0259 a\u00e7ar rolunu oynay\u0131r. \u0130ctimai q\u0131na\u011f\u0131n v\u0259 eyni zamanda insanm\u0259rk\u0259z\u00e7i t\u0259f\u0259kk\u00fcr\u00fcn dominant rol oynamad\u0131\u011f\u0131 c\u0259miyy\u0259ti he\u00e7 bir faktologiya, he\u00e7 bir skandal ara\u015fd\u0131rmas\u0131 bel\u0259 silk\u0259l\u0259y\u0259 bilm\u0259z. C\u0259miyy\u0259tin formala\u015fmas\u0131 \u00e7ox d\u0259rin laylardan ba\u015flanmal\u0131 v\u0259 sonda sivil c\u0259miyy\u0259tl\u0259rin \u0259ks\u0259rinin q\u0259bul v\u0259 istifad\u0259 etdiyi standartlar, norma v\u0259 qaydalara g\u0259lm\u0259lidir.\n<\/p>\n<p>\n  \u0130ctimai \u015f\u00fcurda sivil normalar v\u0259 standartlar m\u00f6vcud olmay\u0131nca, hans\u0131sa m\u00fcsb\u0259t n\u0259tic\u0259l\u0259r\u0259 g\u0259lm\u0259k m\u00fc\u0259ss\u0259r olmayacaq.\n<\/p>\n<p>\n  <b><br \/>\n    Yaz\u0131 m\u00fc\u0259llifin \u015f\u0259xsi m\u00f6vqeyini \u0259ks etdirir..<br \/>\n  <\/b><\/p>\n","protected":false},"excerpt":{"rendered":"<p>Ki\u015finin pulunu sayarlar, ya yox?<\/p>\n","protected":false},"author":11,"featured_media":34136,"comment_status":"closed","ping_status":"open","sticky":false,"template":"","format":"standard","meta":{"_acf_changed":false,"_sitemap_exclude":false,"_sitemap_priority":"","_sitemap_frequency":"","footnotes":""},"categories":[57],"tags":[],"class_list":["post-170081","post","type-post","status-publish","format-standard","has-post-thumbnail","hentry","category-menim-fikrimce","infinite-scroll-item","generate-columns","tablet-grid-50","mobile-grid-100","grid-parent","grid-33","no-featured-image-padding"],"acf":[],"yoast_head":"<!-- This site is optimized with the Yoast SEO plugin v27.5 - https:\/\/yoast.com\/product\/yoast-seo-wordpress\/ -->\n<title>Standartlar m\u0259s\u0259l\u0259si... - MEYDAN.TV<\/title>\n<meta name=\"robots\" content=\"index, follow, max-snippet:-1, max-image-preview:large, max-video-preview:-1\" \/>\n<link rel=\"canonical\" href=\"https:\/\/www.meydan.tv\/az\/article\/standartlar-meselesi\/\" \/>\n<meta property=\"og:locale\" content=\"az_AZ\" \/>\n<meta property=\"og:type\" content=\"article\" \/>\n<meta property=\"og:title\" content=\"Standartlar m\u0259s\u0259l\u0259si... - MEYDAN.TV\" \/>\n<meta property=\"og:description\" content=\"Ki\u015finin pulunu sayarlar, ya yox?\" \/>\n<meta property=\"og:url\" content=\"https:\/\/www.meydan.tv\/az\/article\/standartlar-meselesi\/\" \/>\n<meta property=\"og:site_name\" content=\"MEYDAN.TV\" \/>\n<meta property=\"article:published_time\" content=\"2015-09-22T20:48:37+00:00\" \/>\n<meta property=\"og:image\" content=\"https:\/\/www.meydan.tv\/wp-content\/uploads\/12761.jpg\" \/>\n\t<meta property=\"og:image:width\" content=\"500\" \/>\n\t<meta property=\"og:image:height\" content=\"500\" \/>\n\t<meta property=\"og:image:type\" content=\"image\/jpeg\" \/>\n<meta name=\"author\" content=\"user-manager\" \/>\n<meta name=\"twitter:card\" content=\"summary_large_image\" \/>\n<script type=\"application\/ld+json\" class=\"yoast-schema-graph\">{\"@context\":\"https:\\\/\\\/schema.org\",\"@graph\":[{\"@type\":\"Article\",\"@id\":\"https:\\\/\\\/www.meydan.tv\\\/az\\\/article\\\/standartlar-meselesi\\\/#article\",\"isPartOf\":{\"@id\":\"https:\\\/\\\/www.meydan.tv\\\/az\\\/article\\\/standartlar-meselesi\\\/\"},\"author\":{\"name\":\"user-manager\",\"@id\":\"https:\\\/\\\/www.meydan.tv\\\/az\\\/#\\\/schema\\\/person\\\/10d11eccf6da3662cf5fdab9806ea91a\"},\"headline\":\"Standartlar m\u0259s\u0259l\u0259si&#8230;\",\"datePublished\":\"2015-09-22T20:48:37+00:00\",\"mainEntityOfPage\":{\"@id\":\"https:\\\/\\\/www.meydan.tv\\\/az\\\/article\\\/standartlar-meselesi\\\/\"},\"wordCount\":1296,\"publisher\":{\"@id\":\"https:\\\/\\\/www.meydan.tv\\\/az\\\/#organization\"},\"image\":{\"@id\":\"https:\\\/\\\/www.meydan.tv\\\/az\\\/article\\\/standartlar-meselesi\\\/#primaryimage\"},\"thumbnailUrl\":\"https:\\\/\\\/www.meydan.tv\\\/wp-content\\\/uploads\\\/12761.jpg\",\"articleSection\":[\"M\u0259nim Fikrimc\u0259\"],\"inLanguage\":\"az\"},{\"@type\":\"WebPage\",\"@id\":\"https:\\\/\\\/www.meydan.tv\\\/az\\\/article\\\/standartlar-meselesi\\\/\",\"url\":\"https:\\\/\\\/www.meydan.tv\\\/az\\\/article\\\/standartlar-meselesi\\\/\",\"name\":\"Standartlar m\u0259s\u0259l\u0259si... - MEYDAN.TV\",\"isPartOf\":{\"@id\":\"https:\\\/\\\/www.meydan.tv\\\/az\\\/#website\"},\"primaryImageOfPage\":{\"@id\":\"https:\\\/\\\/www.meydan.tv\\\/az\\\/article\\\/standartlar-meselesi\\\/#primaryimage\"},\"image\":{\"@id\":\"https:\\\/\\\/www.meydan.tv\\\/az\\\/article\\\/standartlar-meselesi\\\/#primaryimage\"},\"thumbnailUrl\":\"https:\\\/\\\/www.meydan.tv\\\/wp-content\\\/uploads\\\/12761.jpg\",\"datePublished\":\"2015-09-22T20:48:37+00:00\",\"breadcrumb\":{\"@id\":\"https:\\\/\\\/www.meydan.tv\\\/az\\\/article\\\/standartlar-meselesi\\\/#breadcrumb\"},\"inLanguage\":\"az\",\"potentialAction\":[{\"@type\":\"ReadAction\",\"target\":[\"https:\\\/\\\/www.meydan.tv\\\/az\\\/article\\\/standartlar-meselesi\\\/\"]}]},{\"@type\":\"ImageObject\",\"inLanguage\":\"az\",\"@id\":\"https:\\\/\\\/www.meydan.tv\\\/az\\\/article\\\/standartlar-meselesi\\\/#primaryimage\",\"url\":\"https:\\\/\\\/www.meydan.tv\\\/wp-content\\\/uploads\\\/12761.jpg\",\"contentUrl\":\"https:\\\/\\\/www.meydan.tv\\\/wp-content\\\/uploads\\\/12761.jpg\",\"width\":500,\"height\":500,\"caption\":\"Source:\"},{\"@type\":\"BreadcrumbList\",\"@id\":\"https:\\\/\\\/www.meydan.tv\\\/az\\\/article\\\/standartlar-meselesi\\\/#breadcrumb\",\"itemListElement\":[{\"@type\":\"ListItem\",\"position\":1,\"name\":\"Ana s\u0259hif\u0259\",\"item\":\"https:\\\/\\\/www.meydan.tv\\\/az\\\/\"},{\"@type\":\"ListItem\",\"position\":2,\"name\":\"M\u0259nim Fikrimc\u0259\",\"item\":\"https:\\\/\\\/www.meydan.tv\\\/az\\\/section\\\/menim-fikrimce\\\/\"},{\"@type\":\"ListItem\",\"position\":3,\"name\":\"Standartlar m\u0259s\u0259l\u0259si&#8230;\"}]},{\"@type\":\"WebSite\",\"@id\":\"https:\\\/\\\/www.meydan.tv\\\/az\\\/#website\",\"url\":\"https:\\\/\\\/www.meydan.tv\\\/az\\\/\",\"name\":\"MEYDAN.TV\",\"description\":\"Meydan TV Az\u0259rbaycan\u0131n media m\u0259kan\u0131ndak\u0131 alternativ s\u0259sidir\",\"publisher\":{\"@id\":\"https:\\\/\\\/www.meydan.tv\\\/az\\\/#organization\"},\"potentialAction\":[{\"@type\":\"SearchAction\",\"target\":{\"@type\":\"EntryPoint\",\"urlTemplate\":\"https:\\\/\\\/www.meydan.tv\\\/az\\\/?s={search_term_string}\"},\"query-input\":{\"@type\":\"PropertyValueSpecification\",\"valueRequired\":true,\"valueName\":\"search_term_string\"}}],\"inLanguage\":\"az\"},{\"@type\":\"Organization\",\"@id\":\"https:\\\/\\\/www.meydan.tv\\\/az\\\/#organization\",\"name\":\"Meydan TV\",\"url\":\"https:\\\/\\\/www.meydan.tv\\\/az\\\/\",\"logo\":{\"@type\":\"ImageObject\",\"inLanguage\":\"az\",\"@id\":\"https:\\\/\\\/www.meydan.tv\\\/az\\\/#\\\/schema\\\/logo\\\/image\\\/\",\"url\":\"https:\\\/\\\/www.meydan.tv\\\/wp-content\\\/uploads\\\/2021\\\/07\\\/meydan-logo.svg\",\"contentUrl\":\"https:\\\/\\\/www.meydan.tv\\\/wp-content\\\/uploads\\\/2021\\\/07\\\/meydan-logo.svg\",\"width\":195,\"height\":46,\"caption\":\"Meydan TV\"},\"image\":{\"@id\":\"https:\\\/\\\/www.meydan.tv\\\/az\\\/#\\\/schema\\\/logo\\\/image\\\/\"}},{\"@type\":\"Person\",\"@id\":\"https:\\\/\\\/www.meydan.tv\\\/az\\\/#\\\/schema\\\/person\\\/10d11eccf6da3662cf5fdab9806ea91a\",\"name\":\"user-manager\"}]}<\/script>\n<!-- \/ Yoast SEO plugin. -->","yoast_head_json":{"title":"Standartlar m\u0259s\u0259l\u0259si... - MEYDAN.TV","robots":{"index":"index","follow":"follow","max-snippet":"max-snippet:-1","max-image-preview":"max-image-preview:large","max-video-preview":"max-video-preview:-1"},"canonical":"https:\/\/www.meydan.tv\/az\/article\/standartlar-meselesi\/","og_locale":"az_AZ","og_type":"article","og_title":"Standartlar m\u0259s\u0259l\u0259si... - MEYDAN.TV","og_description":"Ki\u015finin pulunu sayarlar, ya yox?","og_url":"https:\/\/www.meydan.tv\/az\/article\/standartlar-meselesi\/","og_site_name":"MEYDAN.TV","article_published_time":"2015-09-22T20:48:37+00:00","og_image":[{"width":500,"height":500,"url":"https:\/\/www.meydan.tv\/wp-content\/uploads\/12761.jpg","type":"image\/jpeg"}],"author":"user-manager","twitter_card":"summary_large_image","schema":{"@context":"https:\/\/schema.org","@graph":[{"@type":"Article","@id":"https:\/\/www.meydan.tv\/az\/article\/standartlar-meselesi\/#article","isPartOf":{"@id":"https:\/\/www.meydan.tv\/az\/article\/standartlar-meselesi\/"},"author":{"name":"user-manager","@id":"https:\/\/www.meydan.tv\/az\/#\/schema\/person\/10d11eccf6da3662cf5fdab9806ea91a"},"headline":"Standartlar m\u0259s\u0259l\u0259si&#8230;","datePublished":"2015-09-22T20:48:37+00:00","mainEntityOfPage":{"@id":"https:\/\/www.meydan.tv\/az\/article\/standartlar-meselesi\/"},"wordCount":1296,"publisher":{"@id":"https:\/\/www.meydan.tv\/az\/#organization"},"image":{"@id":"https:\/\/www.meydan.tv\/az\/article\/standartlar-meselesi\/#primaryimage"},"thumbnailUrl":"https:\/\/www.meydan.tv\/wp-content\/uploads\/12761.jpg","articleSection":["M\u0259nim Fikrimc\u0259"],"inLanguage":"az"},{"@type":"WebPage","@id":"https:\/\/www.meydan.tv\/az\/article\/standartlar-meselesi\/","url":"https:\/\/www.meydan.tv\/az\/article\/standartlar-meselesi\/","name":"Standartlar m\u0259s\u0259l\u0259si... - MEYDAN.TV","isPartOf":{"@id":"https:\/\/www.meydan.tv\/az\/#website"},"primaryImageOfPage":{"@id":"https:\/\/www.meydan.tv\/az\/article\/standartlar-meselesi\/#primaryimage"},"image":{"@id":"https:\/\/www.meydan.tv\/az\/article\/standartlar-meselesi\/#primaryimage"},"thumbnailUrl":"https:\/\/www.meydan.tv\/wp-content\/uploads\/12761.jpg","datePublished":"2015-09-22T20:48:37+00:00","breadcrumb":{"@id":"https:\/\/www.meydan.tv\/az\/article\/standartlar-meselesi\/#breadcrumb"},"inLanguage":"az","potentialAction":[{"@type":"ReadAction","target":["https:\/\/www.meydan.tv\/az\/article\/standartlar-meselesi\/"]}]},{"@type":"ImageObject","inLanguage":"az","@id":"https:\/\/www.meydan.tv\/az\/article\/standartlar-meselesi\/#primaryimage","url":"https:\/\/www.meydan.tv\/wp-content\/uploads\/12761.jpg","contentUrl":"https:\/\/www.meydan.tv\/wp-content\/uploads\/12761.jpg","width":500,"height":500,"caption":"Source:"},{"@type":"BreadcrumbList","@id":"https:\/\/www.meydan.tv\/az\/article\/standartlar-meselesi\/#breadcrumb","itemListElement":[{"@type":"ListItem","position":1,"name":"Ana s\u0259hif\u0259","item":"https:\/\/www.meydan.tv\/az\/"},{"@type":"ListItem","position":2,"name":"M\u0259nim Fikrimc\u0259","item":"https:\/\/www.meydan.tv\/az\/section\/menim-fikrimce\/"},{"@type":"ListItem","position":3,"name":"Standartlar m\u0259s\u0259l\u0259si&#8230;"}]},{"@type":"WebSite","@id":"https:\/\/www.meydan.tv\/az\/#website","url":"https:\/\/www.meydan.tv\/az\/","name":"MEYDAN.TV","description":"Meydan TV Az\u0259rbaycan\u0131n media m\u0259kan\u0131ndak\u0131 alternativ s\u0259sidir","publisher":{"@id":"https:\/\/www.meydan.tv\/az\/#organization"},"potentialAction":[{"@type":"SearchAction","target":{"@type":"EntryPoint","urlTemplate":"https:\/\/www.meydan.tv\/az\/?s={search_term_string}"},"query-input":{"@type":"PropertyValueSpecification","valueRequired":true,"valueName":"search_term_string"}}],"inLanguage":"az"},{"@type":"Organization","@id":"https:\/\/www.meydan.tv\/az\/#organization","name":"Meydan TV","url":"https:\/\/www.meydan.tv\/az\/","logo":{"@type":"ImageObject","inLanguage":"az","@id":"https:\/\/www.meydan.tv\/az\/#\/schema\/logo\/image\/","url":"https:\/\/www.meydan.tv\/wp-content\/uploads\/2021\/07\/meydan-logo.svg","contentUrl":"https:\/\/www.meydan.tv\/wp-content\/uploads\/2021\/07\/meydan-logo.svg","width":195,"height":46,"caption":"Meydan TV"},"image":{"@id":"https:\/\/www.meydan.tv\/az\/#\/schema\/logo\/image\/"}},{"@type":"Person","@id":"https:\/\/www.meydan.tv\/az\/#\/schema\/person\/10d11eccf6da3662cf5fdab9806ea91a","name":"user-manager"}]}},"_links":{"self":[{"href":"https:\/\/www.meydan.tv\/az\/wp-json\/wp\/v2\/posts\/170081","targetHints":{"allow":["GET"]}}],"collection":[{"href":"https:\/\/www.meydan.tv\/az\/wp-json\/wp\/v2\/posts"}],"about":[{"href":"https:\/\/www.meydan.tv\/az\/wp-json\/wp\/v2\/types\/post"}],"author":[{"embeddable":true,"href":"https:\/\/www.meydan.tv\/az\/wp-json\/wp\/v2\/users\/11"}],"replies":[{"embeddable":true,"href":"https:\/\/www.meydan.tv\/az\/wp-json\/wp\/v2\/comments?post=170081"}],"version-history":[{"count":0,"href":"https:\/\/www.meydan.tv\/az\/wp-json\/wp\/v2\/posts\/170081\/revisions"}],"wp:featuredmedia":[{"embeddable":true,"href":"https:\/\/www.meydan.tv\/az\/wp-json\/wp\/v2\/media\/34136"}],"wp:attachment":[{"href":"https:\/\/www.meydan.tv\/az\/wp-json\/wp\/v2\/media?parent=170081"}],"wp:term":[{"taxonomy":"category","embeddable":true,"href":"https:\/\/www.meydan.tv\/az\/wp-json\/wp\/v2\/categories?post=170081"},{"taxonomy":"post_tag","embeddable":true,"href":"https:\/\/www.meydan.tv\/az\/wp-json\/wp\/v2\/tags?post=170081"}],"curies":[{"name":"wp","href":"https:\/\/api.w.org\/{rel}","templated":true}]}}