{"id":170039,"date":"2015-09-20T20:00:34","date_gmt":"2015-09-20T20:00:34","guid":{"rendered":"https:\/\/www.meydan.tv\/article\/enenenin-gucu\/"},"modified":"2015-09-20T20:00:34","modified_gmt":"2015-09-20T20:00:34","slug":"enenenin-gucu","status":"publish","type":"post","link":"https:\/\/www.meydan.tv\/az\/article\/enenenin-gucu\/","title":{"rendered":"\u018fn\u0259n\u0259nin g\u00fcc\u00fc"},"content":{"rendered":"<figure class=\"wp-block-image size-large\">\n  <img decoding=\"async\" src=\"https:\/\/www.meydan.tv\/az\/33844\/\" alt=\"\" class=\"wp-image-33844\"\/><figcaption><\/figcaption><\/figure>\n<p>\n  <br \/>\n  M\u0259n\u0259 h\u0259mi\u015f\u0259 maraql\u0131 g\u0259lib, nec\u0259 olur ki, bir \u00f6lk\u0259nin elmi, m\u0259d\u0259niyy\u0259ti,\u00a0 texnologiyas\u0131 v\u0259 s. dig\u0259rind\u0259n g\u00fccl\u00fc olur? Bu sual\u0131 b\u00f6y\u00fck bir s\u0259b\u0259bl\u0259 ba\u011flayacaq q\u0259d\u0259r sad\u0259l\u00f6vh g\u00f6r\u00fcnm\u0259k ist\u0259m\u0259zdim. T\u0259bii ki, burada cahan\u015fumal \u00e7oxlu s\u0259b\u0259bl\u0259r var.\u00a0 Bu\u00a0 m\u00f6vzu il\u0259 ba\u011fl\u0131 on minl\u0259rl\u0259 kitablar yaz\u0131l\u0131b, m\u0259s\u0259l\u0259y\u0259 m\u00fcxt\u0259lif aspektl\u0259rd\u0259n izahatlar verilib.<br \/>\n  <br \/>\n  Amma ortada a\u00e7\u0131q-ayd\u0131n\u00a0 b\u00f6y\u00fck fakt var: haz\u0131rda inki\u015faf etmi\u015f \u00f6lk\u0259l\u0259rd\u0259 geni\u015f anlamda, ist\u0259nil\u0259n sah\u0259 il\u0259 ba\u011fl\u0131, m\u0259lumatlar\u0131n bir n\u0259sild\u0259n dig\u0259rin\u0259 tam \u00f6t\u00fcr\u00fclm\u0259si, yeni g\u0259l\u0259n n\u0259slin bu m\u0259lumatlar\u0131 oxuyub, m\u0259nims\u0259m\u0259si, daha sonra onu analiz edib z\u0259nginl\u0259\u015fdir\u0259r\u0259k bir ba\u015fqa n\u0259sil\u0259 \u00f6t\u00fcrm\u0259si prosesi m\u00fck\u0259mm\u0259l i\u015fl\u0259yir. Bunun n\u0259tic\u0259sidir ki, h\u0259min \u00f6lk\u0259l\u0259r b\u00fct\u00fcn sah\u0259l\u0259rd\u0259 yenilikl\u0259r edir, iqtisadi-siyasi-sosial inistitutlar\u0131n\u0131 inki\u015faf etdirir, elmi k\u0259\u015ffl\u0259r\u0259 imza at\u0131r, kosmosa \u00e7\u0131x\u0131r, \u0259n d\u0259rin sulara dal\u0131b, ordak\u0131 bitki v\u0259 heyvanlar\u0131 \u00f6yr\u0259nir, bir s\u00f6zl\u0259, d\u00fcnyan\u0131n a\u00e7\u0131lmam\u0131\u015f sirrl\u0259rini a\u00e7ma\u011fa v\u0259 onu insanl\u0131\u011fa \u00e7atd\u0131rma\u011fa \u00e7al\u0131\u015f\u0131r.<br \/>\n  <br \/>\n  M\u0259n m\u00f6hk\u0259m inan\u0131ram ki, bir xalqa n\u0259yins\u0259 inki\u015faf\u0131 m\u00fctl\u0259q \u015f\u0259kild\u0259 ora edil\u0259n yat\u0131r\u0131mla (maddi v\u0259 insan resursu \u015f\u0259klind\u0259) ba\u011fl\u0131d\u0131r.\u00a0 M\u0259s\u0259l\u0259n, elmin inki\u015faf\u0131 \u00fc\u00e7\u00fcn m\u00fctl\u0259q elm\u0259 maddi yat\u0131r\u0131m edilm\u0259lidir. M\u0259d\u0259niyy\u0259tin inki\u015faf\u0131 \u00fc\u00e7\u00fcn t\u0259hsil\u0259, geni\u015f m\u0259nada, maarif\u00e7iliy\u0259 yat\u0131r\u0131m edilm\u0259lidir. Q\u0131sa des\u0259k, hans\u0131 sah\u0259y\u0259 daha \u00e7ox yat\u0131r\u0131m edirs\u0259ns\u0259, o sah\u0259 d\u0259 inki\u015faf edir. Amma qoyulan yat\u0131r\u0131mlar\u0131n daimi xeyir g\u0259tirm\u0259si \u00fc\u00e7\u00fcn o sah\u0259 inistitutla\u015fmal\u0131, bir \u015f\u0259xsin ist\u0259k v\u0259 arzusundan as\u0131l\u0131 olmadan movcudlu\u011funu saxlamal\u0131 v\u0259 inki\u015faf etdirm\u0259lidir.<br \/>\n  <br \/>\n  \u018fn\u0259n\u0259:\n<\/p>\n<p>\n  Karl Saqan yaz\u0131r ki, 17-ci \u0259srd\u0259 Hollandiyada bir alim ya\u015fay\u0131rd\u0131. Ad\u0131 Huygens olan bu b\u00f6y\u00fck alim, astronomiya v\u0259 bir \u00e7ox ba\u015fqa sah\u0259l\u0259rd\u0259 b\u00f6y\u00fck k\u0259\u015ffl\u0259r etmi\u015f adamd\u0131r. Marsdak\u0131 bir g\u00fcn\u00fcn Yer k\u00fcr\u0259mizd\u0259ki 24 saatla eyni oldu\u011funu ilk hesablayan, Saturnun B\u00f6y\u00fck Ay\u0131 olan Titan\u0131 ilk t\u0259sbit ed\u0259n, d\u0259niz\u00e7ilikd\u0259 meridian\u0131 t\u0259yin ed\u0259n v\u0259 s. bir \u00e7ox yenilikl\u0259r onun ad\u0131 il\u0259 ba\u011fl\u0131d\u0131r. Onun bu i\u015fl\u0259ri sonradan \u201cG\u00f6yl\u0259rd\u0259 k\u0259\u015ff edil\u0259n d\u00fcnyalar: Planetl\u0259rd\u0259ki, bu d\u00fcnyada ya\u015fayan insanlar, bitkil\u0259r v\u0259 m\u0259hsullara aid d\u00fc\u015f\u00fcnc\u0259l\u0259r\u201d ad\u0131 alt\u0131nda 1690-c\u0131 ild\u0259 kitab \u015f\u0259kilind\u0259 n\u0259\u015fr olundu. Bu kitab\u0131 b\u0259y\u0259n\u0259nl\u0259r i\u00e7\u0259risind\u0259 Rus \u00c7ar\u0131 I Pyotr da var idi. Kitaba valeh olan I Pyotr onu d\u0259rhal rus dilin\u0259 t\u0259rc\u00fcm\u0259 etdirir&#8230;\n<\/p>\n<p>\n  19-cu \u0259srd\u0259 Rusiyada bir m\u0259kt\u0259b m\u00fc\u0259llimi olan Tsiolskovsky ilk d\u0259f\u0259 planetl\u0259r aras\u0131 s\u0259f\u0259rl\u0259r \u00fc\u00e7\u00fcn roketl\u0259rd\u0259n istifad\u0259 haqq\u0131nda ilk d\u00fc\u015f\u00fcn\u0259n adam idi&#8230;\n<\/p>\n<p>\n  Sonrak\u0131 tarixl\u0259rd\u0259 Sovet \u0130ttifaq\u0131n\u0131n, Kosmosun, planetl\u0259rin f\u0259thi il\u0259 ba\u011fl\u0131 g\u00f6rd\u00fcy\u00fc i\u015fl\u0259rd\u0259n a\u015fa\u011f\u0131-yuxar\u0131 ham\u0131n\u0131n x\u0259b\u0259ri var.<br \/>\n  <br \/>\n  Sizi bilmir\u0259m, m\u0259n \u015f\u0259xs\u0259n \u00c7ar I Pyoturun Huygensin kitab\u0131n\u0131 t\u0259rc\u00fcm\u0259si il\u0259, Tsiolskovskynin peyda olmas\u0131 v\u0259 Sovet \u0130ttifaq\u0131n\u0131n Kosmosda etdiyi k\u0259\u015ffl\u0259r aras\u0131nda bir d\u0259rin ba\u011fl\u0131l\u0131q g\u00f6r\u00fcr\u0259m. \u018fkil\u0259n toxum, qoyulan yat\u0131r\u0131m \u00f6z b\u0259hr\u0259sini verdi. Sovet \u0130ttifaq\u0131 Kosmosun k\u0259\u015ffind\u0259 AB\u015e v\u0259 Avropa il\u0259, h\u0259tta b\u0259z\u0259n onu qabaqlayaraq r\u0259qab\u0259t i\u00e7\u0259risin\u0259 gir\u0259 bildi.\n<\/p>\n<p>\n  Bu g\u00fcn rus \u0259d\u0259biyyat\u0131, bilirsiz, niy\u0259 z\u0259ngindir? \u00c7\u00fcnki zaman\u0131nda onlar Q\u0259rbd\u0259 \u00e7\u0131xan b\u00fct\u00fcn b\u0259dii m\u0259tnl\u0259ri t\u0259rc\u00fcm\u0259 edirdil\u0259r. Bunun ad\u0131n\u0131 \u0259n\u0259n\u0259 qoyuram. M\u0259lumat\u0131n \u00f6t\u00fcrl\u00fcm\u0259si \u0259n\u0259n\u0259si.\n<\/p>\n<p>\n  \u00d6lk\u0259miz haz\u0131rda d\u0259rin sosial, siyasi, iqtisadi v\u0259 m\u0259d\u0259ni \u00e7\u00f6k\u00fc\u015f ya\u015fay\u0131r. Bu is\u0259 onu g\u00f6st\u0259rir ki, biz m\u00fcst\u0259qilikd\u0259n \u00fcz\u00fc bu t\u0259r\u0259f\u0259 bu sah\u0259l\u0259rin normal inki\u015faf\u0131 \u00fc\u00e7\u00fcn he\u00e7 birin\u0259 yat\u0131r\u0131m ed\u0259 bilm\u0259mi\u015fik. Etdiyimiz yat\u0131r\u0131mlar is\u0259 u\u011fursuz olub. U\u011fursuzlu\u011fun s\u0259b\u0259bini m\u00fcxt\u0259lif s\u0259b\u0259bl\u0259rl\u0259 (Siyasi, iqtisadi v\u0259s) izah etm\u0259k olar.\n<\/p>\n<p>\n  Amma m\u0259n m\u00f6vzunu daha da spesifikl\u0259\u015fdirib, i\u015fi kitab(lar) v\u0259 onun t\u0259rc\u00fcm\u0259sin\u0259 g\u0259tirm\u0259k ist\u0259yir\u0259m. I Pyotrla ba\u011fl\u0131 verdiyim misaldan da g\u00f6r\u00fcnd\u00fcy\u00fc kimi, \u0259n az\u0131 m\u0259n buna inan\u0131ram, m\u0259lumat\u0131n daimi olaraq c\u0259miyy\u0259t\u0259 \u00f6t\u00fcr\u00fclm\u0259si inki\u015faf\u0131n t\u0259m\u0259lini t\u0259\u015fkil edir.<br \/>\n  <br \/>\n  Kitab (geni\u015f anlamda m\u0259tn) v\u0259 onun t\u0259rc\u00fcm\u0259si bizd\u0259 n\u0259 yerd\u0259dir? Bizd\u0259 bu \u0259n\u0259n\u0259 varm\u0131? Bu sah\u0259 bizd\u0259 institutla\u015fa bilibmi?\n<\/p>\n<p>\n  T\u0259\u0259ss\u00fcfl\u0259 qeyd edim ki, bu suala cavab\u0131m b\u00f6y\u00fck bir YOX-dur. Bizd\u0259 he\u00e7 bir sah\u0259 il\u0259 ba\u011fl\u0131 sistematik t\u0259rc\u00fcm\u0259 olmay\u0131b. D\u00f6vl\u0259tin ba\u015f\u0131nda duranlar\u0131n n\u0259 il\u0259 m\u0259\u015f\u011ful oldu\u011fu ayd\u0131nd\u0131r, onlar\u0131 m\u0259d\u0259niyy\u0259t, elm, kitab q\u0259tiyy\u0259n maraqland\u0131rm\u0131r. Onlar h\u0259tta kitaba d\u00fc\u015fm\u0259ndir, ondan ikrah hiss ke\u00e7irdir. Savadl\u0131 adam onlar\u0131n g\u00f6z\u00fcn\u00fcn d\u00fc\u015fm\u0259nidir. Bunu ona g\u00f6r\u0259 yaz\u0131ram ki, onlardan \u0259linizi \u00fcz\u00fcn.\n<\/p>\n<p>\n  Bu i\u015fd\u0259 ayr\u0131ca olaraq g\u00fcnahkar da axtarmaq ist\u0259mir\u0259m. D\u00fc\u015f\u00fcn\u00fcr\u0259m ki, az v\u0259 ya \u00e7ox ham\u0131, b\u00fct\u00fcn c\u0259miyy\u0259t g\u00fcnahkard\u0131r.\n<\/p>\n<p>\n  Bilirsiz, g\u00fclm\u0259li olan n\u0259dir? G\u00fclm\u0259li olan odur ki, biz demokratik idar\u0259\u00e7ilik qurmaq ist\u0259yirik, amma Con Loku (Cohn Locke), Montosky\u00f6n\u00fc (Montesquieu), Jan Jak Russonu (Jean-Jaques Rousseau), Tomas Peyni (Thomas Paine), Karl Popperi &#8211; siyah\u0131n\u0131 uzatmaq olar &#8211; t\u0259rc\u00fcm\u0259 etm\u0259mi\u015fik, n\u0259yinki etm\u0259mi\u015fik, he\u00e7 siyas\u0259t\u00e7il\u0259rimizin \u00e7oxusu onlar\u0131 oxumay\u0131b.\n<\/p>\n<p>\n  V\u0259 ya g\u00f6t\u00fcr\u0259k, iqtisadiyyat\u0131. Allah qoymasa, biz bazar iqtisadiyyat\u0131 qurmaq, ona bir az sol, bir az sa\u011f, bir az m\u0259rk\u0259z\u00e7ilik qatmaq ist\u0259yirik. Amma i\u015f\u0259 bax ki, bazar qanunlar\u0131n\u0131 ilk i\u015fl\u0259yib haz\u0131rlayan, onu sistematik \u015f\u0259kild\u0259 kitab\u0131nda izah ed\u0259n adamdan universitetd\u0259 iqtisadiyyat \u00fczr\u0259 oxuyan t\u0259l\u0259b\u0259ninin x\u0259b\u0259ri yoxdur. Onun ad\u0131 Adam Smitdir (Adam Smith). Bu sah\u0259nin ikinci \u0259jdahas\u0131 David Rikardonu (David Ricard) b\u0259lk\u0259 c\u0259miyy\u0259t\u0259 tan\u0131tm\u0131\u015f\u0131q? B\u0259lk\u0259 Keynes v\u0259 Hayek? Milton Friedman v\u0259 ya Shumpeter?\u00a0 Hans\u0131n\u0131 t\u0259rc\u00fcm\u0259 etmi\u015fik? Biz, \u00fcmumiyy\u0259tl\u0259, bu kitablar\u0131, orda s\u0259sl\u0259ndiril\u0259n fikirl\u0259ri bilm\u0259d\u0259n iqtisadiyyat qura bil\u0259c\u0259yikmi? Bu adamlar\u0131 bilm\u0259d\u0259n iqtisadiyyat, siyas\u0259t haqq\u0131nda dan\u0131\u015fd\u0131qlar\u0131m\u0131z bo\u015fbo\u011fazl\u0131q deyil d\u0259,\u00a0 n\u0259dir?\n<\/p>\n<p>\n  Sosialogiyada durum nec\u0259dir? B\u0259rbadd\u0131r. Bu sah\u0259, \u00fcmumiyy\u0259tl\u0259, Az\u0259rbaycanda \u00f6l\u00fcb. D\u0259qiq elml\u0259r sah\u0259m olmad\u0131\u011f\u0131ndan orda v\u0259ziyy\u0259tin nec\u0259 oldu\u011funu bilmir\u0259m. Amma bir tibbd\u0259 oxumu\u015f dostlardan e\u015fitdiyim q\u0259d\u0259ri il\u0259 orda t\u0259dris edil\u0259n d\u0259rsl\u0259rin \u00e7oxusu k\u00f6hn\u0259lib, tibbd\u0259 ba\u015f ver\u0259n yenilikl\u0259rl\u0259 ba\u011fl\u0131 m\u00fc\u0259lliml\u0259rin he\u00e7 n\u0259d\u0259n x\u0259b\u0259ri yoxdur.\n<\/p>\n<p>\n  Biz d\u00fcnya siyas\u0259ti, Amerikan\u0131n, Rusiyan\u0131n, Q\u0259rbin, maraqlar\u0131ndan, \u015e\u0259rqin ya\u015fad\u0131\u011f\u0131 f\u0259lak\u0259tl\u0259rd\u0259n, onlar\u0131n dava-dala\u015f\u0131ndan \u0259s\u0259bi-\u0259s\u0259bi dan\u0131\u015f\u0131r, m\u00fcbahis\u0259 edirik. Bu son d\u0259r\u0259c\u0259 normald\u0131r, d\u00fcnyada ba\u015f ver\u0259nl\u0259r\u0259 insan\u0131n m\u00fcnasib\u0259t bildirm\u0259si q\u0259d\u0259r normal olan he\u00e7 n\u0259 yoxdur. Amma \u00e7ox a\u011f\u0131r bir\u00a0 m\u0259nz\u0259r\u0259 var. Fransiz Fukuyama (Francis Fukuyama), Kennetz Valts (Kennetz Waltz), Hans Morqentau (Hans Morgenthau), Samuel Hantiqton (Samuel P. Huntigton), Noam \u00c7omskini (Noam Chomsky) &#8211; siyah\u0131n\u0131 yen\u0259 d\u0259 uzatmaq olar &#8211; t\u0259rc\u00fcm\u0259 el\u0259m\u0259y\u0259n bizl\u0259r, beyn\u0259lxalq siyas\u0259td\u0259n d\u0259m vurur.\n<\/p>\n<p>\n  Bu yax\u0131nlarda bir tan\u0131\u015f\u0131m, Stephen Havkins v\u0259 Leonard Mlodinovun (Stephen Hawkins, Leonard Mlodinow) \u201cZaman\u0131n q\u0131sa tarixi\u201d adl\u0131 kitaba qrant tapa bilm\u0259m\u0259sind\u0259n gileyl\u0259nirdi. Dey\u0259s\u0259n, G\u0259ncl\u0259r Fonduna m\u00fcar\u0259ci\u0259t etmi\u015fdi v\u0259 ona bu qrant\u0131 verm\u0259mi\u015fdil\u0259r. Elmi populyar \u0259d\u0259biyyatla ba\u011fl\u0131, s\u0259hv etmir\u0259ms\u0259, \u00fcmumiyy\u0259tl\u0259 he\u00e7 bir t\u0259rc\u00fcm\u0259 yoxdur. Stephen Havkins elmi kitablar\u0131n populyar edilm\u0259sinin s\u0259b\u0259bi haqq\u0131nda t\u0259xmin\u0259n bel\u0259 deyirdi: \u201cM\u0259n kitab\u0131m\u0131 fizik\u00e7il\u0259rd\u0259n ibar\u0259t son d\u0259r\u0259c\u0259 ki\u00e7ik insanlar qrupu \u00fc\u00e7\u00fcn yaza bil\u0259rdim, amma m\u0259n hesab edir\u0259m ki, h\u0259qiq\u0259tl\u0259ri ham\u0131 bilm\u0259lidir\u201d Biz onun ortaya \u00e7\u0131xard\u0131\u011f\u0131 bu h\u0259qiq\u0259tl\u0259rd\u0259n x\u0259b\u0259rsizik. Karl Saqan, Stephen Havkins, Ricard Davkins (Richard Dawkins) kimi elm adamlar\u0131ndan x\u0259b\u0259rimiz olmad\u0131\u011f\u0131m\u0131zdan, cahillik ba\u015f al\u0131b gedir, insanlar elmin art\u0131q cavab verdiyi suallara dind\u0259 cavab axtar\u0131r, m\u00f6c\u00fcz\u0259y\u0259 inan\u0131r. Bu g\u00fcn tolerantl\u0131q yolunda x\u0259rcl\u0259n\u0259n millyonlarla pulu zaman\u0131nda bu kimi insanlar\u0131n t\u0259rc\u00fcm\u0259si \u00fc\u00e7\u00fcn x\u0259rcl\u0259ns\u0259ydi indi tamam f\u0259rqli m\u0259nz\u0259r\u0259 il\u0259 qar\u015f\u0131-qar\u015f\u0131ya olard\u0131q. Sabah bir mollan\u0131n siyasi hakimiyy\u0259t\u0259 g\u0259lm\u0259si bax h\u0259m d\u0259, m\u0259hz s\u0259b\u0259b\u0259 g\u00f6r\u0259 qa\u00e7\u0131lmaz olacaq.\n<\/p>\n<p>\n  Bir daha t\u0259krar edir\u0259m ki, g\u00fcnahkar axtarm\u0131ram, ham\u0131m\u0131z g\u00fcnahkar\u0131q. Amma hesab edir\u0259m ki, zaman\u0131nda siyasi partiyalar \u0259n az\u0131 siyasi \u0259d\u0259biyyat\u0131, v\u0259t\u0259nda\u015f c\u0259miyy\u0259ti is\u0259 &#8211; m\u0259\u015f\u011ful olduqlar\u0131 sah\u0259l\u0259r\u0259 uy\u011fun olaraq &#8211; d\u0259y\u0259ri d\u00fcnyada t\u0259sdiqini tapm\u0131\u015f kitablar\u0131 t\u0259rc\u00fcm\u0259 etm\u0259li idil\u0259r. Millyonlarla ayr\u0131lan qrantlar\u0131n i\u00e7\u0259risind\u0259 \u00e7ox az adam kitaba yat\u0131r\u0131m el\u0259di, \u00e7ox az sayda t\u0259\u015fkilat kitab\u0131 qrant\u0131n t\u0259rkibin\u0259 daxil el\u0259di. Yaln\u0131z hesabata, q\u0131sam\u00fcdd\u0259tli t\u0259sirl\u0259r\u0259 hesablanm\u0131\u015f \u201cf\u0259aliyy\u0259tl\u0259r\u201d fundamental he\u00e7n\u0259 d\u0259yi\u015f\u0259 bilm\u0259zdi. Bu g\u00fcn ba\u011flanan QHT-l\u0259rd\u0259n geri qalan n\u0259 oldu? Kim kitab t\u0259rc\u00fcm\u0259 etmi\u015fdis\u0259, o qald\u0131. Qalan yaln\u0131z kitablar, m\u0259tnl\u0259r v\u0259 ondan faydalan\u0131b h\u0259l\u0259 d\u0259 \u201cdir\u0259ni\u015f\u201d g\u00f6st\u0259r\u0259n f\u0259rdl\u0259r oldu.\n<\/p>\n<p>\n  Bir onu bilir\u0259m ki, tarix bizi ba\u011f\u0131\u015flamayacaq.\n<\/p>\n<p>\n  <b><br \/>\n    Yaz\u0131 m\u00fc\u0259llifin \u015f\u0259xsi m\u00f6vqeyini \u0259ks etdirir&#8230;<br \/>\n  <\/b><\/p>\n","protected":false},"excerpt":{"rendered":"<p>Tarix bizi ba\u011f\u0131\u015flamayacaq<\/p>\n","protected":false},"author":11,"featured_media":33844,"comment_status":"closed","ping_status":"open","sticky":false,"template":"","format":"standard","meta":{"_acf_changed":false,"_sitemap_exclude":false,"_sitemap_priority":"","_sitemap_frequency":"","footnotes":""},"categories":[57],"tags":[],"class_list":["post-170039","post","type-post","status-publish","format-standard","has-post-thumbnail","hentry","category-menim-fikrimce","infinite-scroll-item","generate-columns","tablet-grid-50","mobile-grid-100","grid-parent","grid-33","no-featured-image-padding"],"acf":[],"yoast_head":"<!-- This site is optimized with the Yoast SEO plugin v27.5 - https:\/\/yoast.com\/product\/yoast-seo-wordpress\/ -->\n<title>\u018fn\u0259n\u0259nin g\u00fcc\u00fc - MEYDAN.TV<\/title>\n<meta name=\"robots\" content=\"index, follow, max-snippet:-1, max-image-preview:large, max-video-preview:-1\" \/>\n<link rel=\"canonical\" href=\"https:\/\/www.meydan.tv\/az\/article\/enenenin-gucu\/\" \/>\n<meta property=\"og:locale\" content=\"az_AZ\" \/>\n<meta property=\"og:type\" content=\"article\" \/>\n<meta property=\"og:title\" content=\"\u018fn\u0259n\u0259nin g\u00fcc\u00fc - MEYDAN.TV\" \/>\n<meta property=\"og:description\" content=\"Tarix bizi ba\u011f\u0131\u015flamayacaq\" \/>\n<meta property=\"og:url\" content=\"https:\/\/www.meydan.tv\/az\/article\/enenenin-gucu\/\" \/>\n<meta property=\"og:site_name\" content=\"MEYDAN.TV\" \/>\n<meta property=\"article:published_time\" content=\"2015-09-20T20:00:34+00:00\" \/>\n<meta property=\"og:image\" content=\"https:\/\/www.meydan.tv\/wp-content\/uploads\/12687.jpg\" \/>\n\t<meta property=\"og:image:width\" content=\"500\" \/>\n\t<meta property=\"og:image:height\" content=\"500\" \/>\n\t<meta property=\"og:image:type\" content=\"image\/jpeg\" \/>\n<meta name=\"author\" content=\"user-manager\" \/>\n<meta name=\"twitter:card\" content=\"summary_large_image\" \/>\n<script type=\"application\/ld+json\" class=\"yoast-schema-graph\">{\"@context\":\"https:\\\/\\\/schema.org\",\"@graph\":[{\"@type\":\"Article\",\"@id\":\"https:\\\/\\\/www.meydan.tv\\\/az\\\/article\\\/enenenin-gucu\\\/#article\",\"isPartOf\":{\"@id\":\"https:\\\/\\\/www.meydan.tv\\\/az\\\/article\\\/enenenin-gucu\\\/\"},\"author\":{\"name\":\"user-manager\",\"@id\":\"https:\\\/\\\/www.meydan.tv\\\/az\\\/#\\\/schema\\\/person\\\/10d11eccf6da3662cf5fdab9806ea91a\"},\"headline\":\"\u018fn\u0259n\u0259nin g\u00fcc\u00fc\",\"datePublished\":\"2015-09-20T20:00:34+00:00\",\"mainEntityOfPage\":{\"@id\":\"https:\\\/\\\/www.meydan.tv\\\/az\\\/article\\\/enenenin-gucu\\\/\"},\"wordCount\":1835,\"publisher\":{\"@id\":\"https:\\\/\\\/www.meydan.tv\\\/az\\\/#organization\"},\"image\":{\"@id\":\"https:\\\/\\\/www.meydan.tv\\\/az\\\/article\\\/enenenin-gucu\\\/#primaryimage\"},\"thumbnailUrl\":\"https:\\\/\\\/www.meydan.tv\\\/wp-content\\\/uploads\\\/12687.jpg\",\"articleSection\":[\"M\u0259nim Fikrimc\u0259\"],\"inLanguage\":\"az\"},{\"@type\":\"WebPage\",\"@id\":\"https:\\\/\\\/www.meydan.tv\\\/az\\\/article\\\/enenenin-gucu\\\/\",\"url\":\"https:\\\/\\\/www.meydan.tv\\\/az\\\/article\\\/enenenin-gucu\\\/\",\"name\":\"\u018fn\u0259n\u0259nin g\u00fcc\u00fc - MEYDAN.TV\",\"isPartOf\":{\"@id\":\"https:\\\/\\\/www.meydan.tv\\\/az\\\/#website\"},\"primaryImageOfPage\":{\"@id\":\"https:\\\/\\\/www.meydan.tv\\\/az\\\/article\\\/enenenin-gucu\\\/#primaryimage\"},\"image\":{\"@id\":\"https:\\\/\\\/www.meydan.tv\\\/az\\\/article\\\/enenenin-gucu\\\/#primaryimage\"},\"thumbnailUrl\":\"https:\\\/\\\/www.meydan.tv\\\/wp-content\\\/uploads\\\/12687.jpg\",\"datePublished\":\"2015-09-20T20:00:34+00:00\",\"breadcrumb\":{\"@id\":\"https:\\\/\\\/www.meydan.tv\\\/az\\\/article\\\/enenenin-gucu\\\/#breadcrumb\"},\"inLanguage\":\"az\",\"potentialAction\":[{\"@type\":\"ReadAction\",\"target\":[\"https:\\\/\\\/www.meydan.tv\\\/az\\\/article\\\/enenenin-gucu\\\/\"]}]},{\"@type\":\"ImageObject\",\"inLanguage\":\"az\",\"@id\":\"https:\\\/\\\/www.meydan.tv\\\/az\\\/article\\\/enenenin-gucu\\\/#primaryimage\",\"url\":\"https:\\\/\\\/www.meydan.tv\\\/wp-content\\\/uploads\\\/12687.jpg\",\"contentUrl\":\"https:\\\/\\\/www.meydan.tv\\\/wp-content\\\/uploads\\\/12687.jpg\",\"width\":500,\"height\":500,\"caption\":\"Source:\"},{\"@type\":\"BreadcrumbList\",\"@id\":\"https:\\\/\\\/www.meydan.tv\\\/az\\\/article\\\/enenenin-gucu\\\/#breadcrumb\",\"itemListElement\":[{\"@type\":\"ListItem\",\"position\":1,\"name\":\"Ana s\u0259hif\u0259\",\"item\":\"https:\\\/\\\/www.meydan.tv\\\/az\\\/\"},{\"@type\":\"ListItem\",\"position\":2,\"name\":\"M\u0259nim Fikrimc\u0259\",\"item\":\"https:\\\/\\\/www.meydan.tv\\\/az\\\/section\\\/menim-fikrimce\\\/\"},{\"@type\":\"ListItem\",\"position\":3,\"name\":\"\u018fn\u0259n\u0259nin g\u00fcc\u00fc\"}]},{\"@type\":\"WebSite\",\"@id\":\"https:\\\/\\\/www.meydan.tv\\\/az\\\/#website\",\"url\":\"https:\\\/\\\/www.meydan.tv\\\/az\\\/\",\"name\":\"MEYDAN.TV\",\"description\":\"Meydan TV Az\u0259rbaycan\u0131n media m\u0259kan\u0131ndak\u0131 alternativ s\u0259sidir\",\"publisher\":{\"@id\":\"https:\\\/\\\/www.meydan.tv\\\/az\\\/#organization\"},\"potentialAction\":[{\"@type\":\"SearchAction\",\"target\":{\"@type\":\"EntryPoint\",\"urlTemplate\":\"https:\\\/\\\/www.meydan.tv\\\/az\\\/?s={search_term_string}\"},\"query-input\":{\"@type\":\"PropertyValueSpecification\",\"valueRequired\":true,\"valueName\":\"search_term_string\"}}],\"inLanguage\":\"az\"},{\"@type\":\"Organization\",\"@id\":\"https:\\\/\\\/www.meydan.tv\\\/az\\\/#organization\",\"name\":\"Meydan TV\",\"url\":\"https:\\\/\\\/www.meydan.tv\\\/az\\\/\",\"logo\":{\"@type\":\"ImageObject\",\"inLanguage\":\"az\",\"@id\":\"https:\\\/\\\/www.meydan.tv\\\/az\\\/#\\\/schema\\\/logo\\\/image\\\/\",\"url\":\"https:\\\/\\\/www.meydan.tv\\\/wp-content\\\/uploads\\\/2021\\\/07\\\/meydan-logo.svg\",\"contentUrl\":\"https:\\\/\\\/www.meydan.tv\\\/wp-content\\\/uploads\\\/2021\\\/07\\\/meydan-logo.svg\",\"width\":195,\"height\":46,\"caption\":\"Meydan TV\"},\"image\":{\"@id\":\"https:\\\/\\\/www.meydan.tv\\\/az\\\/#\\\/schema\\\/logo\\\/image\\\/\"}},{\"@type\":\"Person\",\"@id\":\"https:\\\/\\\/www.meydan.tv\\\/az\\\/#\\\/schema\\\/person\\\/10d11eccf6da3662cf5fdab9806ea91a\",\"name\":\"user-manager\"}]}<\/script>\n<!-- \/ Yoast SEO plugin. -->","yoast_head_json":{"title":"\u018fn\u0259n\u0259nin g\u00fcc\u00fc - MEYDAN.TV","robots":{"index":"index","follow":"follow","max-snippet":"max-snippet:-1","max-image-preview":"max-image-preview:large","max-video-preview":"max-video-preview:-1"},"canonical":"https:\/\/www.meydan.tv\/az\/article\/enenenin-gucu\/","og_locale":"az_AZ","og_type":"article","og_title":"\u018fn\u0259n\u0259nin g\u00fcc\u00fc - MEYDAN.TV","og_description":"Tarix bizi ba\u011f\u0131\u015flamayacaq","og_url":"https:\/\/www.meydan.tv\/az\/article\/enenenin-gucu\/","og_site_name":"MEYDAN.TV","article_published_time":"2015-09-20T20:00:34+00:00","og_image":[{"width":500,"height":500,"url":"https:\/\/www.meydan.tv\/wp-content\/uploads\/12687.jpg","type":"image\/jpeg"}],"author":"user-manager","twitter_card":"summary_large_image","schema":{"@context":"https:\/\/schema.org","@graph":[{"@type":"Article","@id":"https:\/\/www.meydan.tv\/az\/article\/enenenin-gucu\/#article","isPartOf":{"@id":"https:\/\/www.meydan.tv\/az\/article\/enenenin-gucu\/"},"author":{"name":"user-manager","@id":"https:\/\/www.meydan.tv\/az\/#\/schema\/person\/10d11eccf6da3662cf5fdab9806ea91a"},"headline":"\u018fn\u0259n\u0259nin g\u00fcc\u00fc","datePublished":"2015-09-20T20:00:34+00:00","mainEntityOfPage":{"@id":"https:\/\/www.meydan.tv\/az\/article\/enenenin-gucu\/"},"wordCount":1835,"publisher":{"@id":"https:\/\/www.meydan.tv\/az\/#organization"},"image":{"@id":"https:\/\/www.meydan.tv\/az\/article\/enenenin-gucu\/#primaryimage"},"thumbnailUrl":"https:\/\/www.meydan.tv\/wp-content\/uploads\/12687.jpg","articleSection":["M\u0259nim Fikrimc\u0259"],"inLanguage":"az"},{"@type":"WebPage","@id":"https:\/\/www.meydan.tv\/az\/article\/enenenin-gucu\/","url":"https:\/\/www.meydan.tv\/az\/article\/enenenin-gucu\/","name":"\u018fn\u0259n\u0259nin g\u00fcc\u00fc - MEYDAN.TV","isPartOf":{"@id":"https:\/\/www.meydan.tv\/az\/#website"},"primaryImageOfPage":{"@id":"https:\/\/www.meydan.tv\/az\/article\/enenenin-gucu\/#primaryimage"},"image":{"@id":"https:\/\/www.meydan.tv\/az\/article\/enenenin-gucu\/#primaryimage"},"thumbnailUrl":"https:\/\/www.meydan.tv\/wp-content\/uploads\/12687.jpg","datePublished":"2015-09-20T20:00:34+00:00","breadcrumb":{"@id":"https:\/\/www.meydan.tv\/az\/article\/enenenin-gucu\/#breadcrumb"},"inLanguage":"az","potentialAction":[{"@type":"ReadAction","target":["https:\/\/www.meydan.tv\/az\/article\/enenenin-gucu\/"]}]},{"@type":"ImageObject","inLanguage":"az","@id":"https:\/\/www.meydan.tv\/az\/article\/enenenin-gucu\/#primaryimage","url":"https:\/\/www.meydan.tv\/wp-content\/uploads\/12687.jpg","contentUrl":"https:\/\/www.meydan.tv\/wp-content\/uploads\/12687.jpg","width":500,"height":500,"caption":"Source:"},{"@type":"BreadcrumbList","@id":"https:\/\/www.meydan.tv\/az\/article\/enenenin-gucu\/#breadcrumb","itemListElement":[{"@type":"ListItem","position":1,"name":"Ana s\u0259hif\u0259","item":"https:\/\/www.meydan.tv\/az\/"},{"@type":"ListItem","position":2,"name":"M\u0259nim Fikrimc\u0259","item":"https:\/\/www.meydan.tv\/az\/section\/menim-fikrimce\/"},{"@type":"ListItem","position":3,"name":"\u018fn\u0259n\u0259nin g\u00fcc\u00fc"}]},{"@type":"WebSite","@id":"https:\/\/www.meydan.tv\/az\/#website","url":"https:\/\/www.meydan.tv\/az\/","name":"MEYDAN.TV","description":"Meydan TV Az\u0259rbaycan\u0131n media m\u0259kan\u0131ndak\u0131 alternativ s\u0259sidir","publisher":{"@id":"https:\/\/www.meydan.tv\/az\/#organization"},"potentialAction":[{"@type":"SearchAction","target":{"@type":"EntryPoint","urlTemplate":"https:\/\/www.meydan.tv\/az\/?s={search_term_string}"},"query-input":{"@type":"PropertyValueSpecification","valueRequired":true,"valueName":"search_term_string"}}],"inLanguage":"az"},{"@type":"Organization","@id":"https:\/\/www.meydan.tv\/az\/#organization","name":"Meydan TV","url":"https:\/\/www.meydan.tv\/az\/","logo":{"@type":"ImageObject","inLanguage":"az","@id":"https:\/\/www.meydan.tv\/az\/#\/schema\/logo\/image\/","url":"https:\/\/www.meydan.tv\/wp-content\/uploads\/2021\/07\/meydan-logo.svg","contentUrl":"https:\/\/www.meydan.tv\/wp-content\/uploads\/2021\/07\/meydan-logo.svg","width":195,"height":46,"caption":"Meydan TV"},"image":{"@id":"https:\/\/www.meydan.tv\/az\/#\/schema\/logo\/image\/"}},{"@type":"Person","@id":"https:\/\/www.meydan.tv\/az\/#\/schema\/person\/10d11eccf6da3662cf5fdab9806ea91a","name":"user-manager"}]}},"_links":{"self":[{"href":"https:\/\/www.meydan.tv\/az\/wp-json\/wp\/v2\/posts\/170039","targetHints":{"allow":["GET"]}}],"collection":[{"href":"https:\/\/www.meydan.tv\/az\/wp-json\/wp\/v2\/posts"}],"about":[{"href":"https:\/\/www.meydan.tv\/az\/wp-json\/wp\/v2\/types\/post"}],"author":[{"embeddable":true,"href":"https:\/\/www.meydan.tv\/az\/wp-json\/wp\/v2\/users\/11"}],"replies":[{"embeddable":true,"href":"https:\/\/www.meydan.tv\/az\/wp-json\/wp\/v2\/comments?post=170039"}],"version-history":[{"count":0,"href":"https:\/\/www.meydan.tv\/az\/wp-json\/wp\/v2\/posts\/170039\/revisions"}],"wp:featuredmedia":[{"embeddable":true,"href":"https:\/\/www.meydan.tv\/az\/wp-json\/wp\/v2\/media\/33844"}],"wp:attachment":[{"href":"https:\/\/www.meydan.tv\/az\/wp-json\/wp\/v2\/media?parent=170039"}],"wp:term":[{"taxonomy":"category","embeddable":true,"href":"https:\/\/www.meydan.tv\/az\/wp-json\/wp\/v2\/categories?post=170039"},{"taxonomy":"post_tag","embeddable":true,"href":"https:\/\/www.meydan.tv\/az\/wp-json\/wp\/v2\/tags?post=170039"}],"curies":[{"name":"wp","href":"https:\/\/api.w.org\/{rel}","templated":true}]}}