{"id":170032,"date":"2015-09-20T06:27:47","date_gmt":"2015-09-20T06:27:47","guid":{"rendered":"https:\/\/www.meydan.tv\/article\/meydan-tv-emekdaslari-bandotdele-getirilib\/"},"modified":"2015-09-20T06:27:47","modified_gmt":"2015-09-20T06:27:47","slug":"meydan-tv-emekdaslari-bandotdele-getirilib","status":"publish","type":"post","link":"https:\/\/www.meydan.tv\/az\/article\/meydan-tv-emekdaslari-bandotdele-getirilib\/","title":{"rendered":"Meydan Tv \u0259m\u0259kda\u015flar\u0131 &#8221;Bandotdel&#8221;\u0259 g\u0259tirilib"},"content":{"rendered":"<figure class=\"wp-block-embed is-type-video is-provider-youtube wp-block-embed-youtube wp-embed-aspect-16-9 wp-has-aspect-ratio\">\n<div class=\"wp-block-embed__wrapper\">\n    <iframe loading=\"lazy\"\ttitle=\"\" width=\"1200\" height=\"675\" src=\"https:\/\/www.youtube.com\/embed\/XGEN7JXR6yg\"\tframeborder=\"0\"\tallow=\"accelerometer; autoplay; clipboard-write; encrypted-media; gyroscope; picture-in-picture\" allowfullscreen><\/iframe>\n  <\/div><figcaption><\/figcaption><\/figure>\n<p>\n  Meydan TV il\u0259 \u0259m\u0259kda\u015fl\u0131q ed\u0259n \u00fc\u00e7 qad\u0131n jurnalist\u00a0 &#8211; Ayt\u0259n F\u0259rhadova, Sevinc Vaqifq\u0131z\u0131 v\u0259 \u0130zolda A\u011fayeva sentyabr\u0131n 20-n\u0259 ke\u00e7\u0259n gec\u0259 saat 1 rad\u0259l\u0259rind\u0259 Bin\u0259 hava liman\u0131nda saxlan\u0131l\u0131blar. Ukraynadan t\u0259limd\u0259n qay\u0131dan jurnalistl\u0259r\u0259 bildirilib ki, onlar\u0131n ad\u0131 sistemd\u0259 bloklan\u0131b v\u0259 \u00f6lk\u0259d\u0259n \u00e7\u0131x\u0131\u015flar\u0131na qada\u011fa qoyulub. Bundan sonra onlar Ba\u015f M\u00fct\u0259\u015f\u0259kkil Cinay\u0259tkarl\u0131qla M\u00fcbariz\u0259 \u0130dar\u0259sin\u0259 apar\u0131l\u0131blar. Sevinc Vaqifq\u0131z\u0131 jurnalistl\u0259r\u0259 a\u00e7\u0131qlamas\u0131nda \u201c\u00e7ox g\u00fcman ki, Meydan TV il\u0259 \u0259m\u0259kda\u015fl\u0131\u011f\u0131m\u0131za g\u00f6r\u0259 saxlan\u0131lm\u0131\u015f\u0131q\u201d \u2013 deyib.<\/p>\n","protected":false},"excerpt":{"rendered":"<p>Meydan TV il\u0259 \u0259m\u0259kda\u015fl\u0131q ed\u0259n qad\u0131n jurnalistl\u0259r dindirilm\u0259y\u0259 apar\u0131ld\u0131<\/p>\n","protected":false},"author":11,"featured_media":33935,"comment_status":"closed","ping_status":"open","sticky":false,"template":"","format":"standard","meta":{"_acf_changed":false,"_sitemap_exclude":false,"_sitemap_priority":"","_sitemap_frequency":"","footnotes":""},"categories":[63],"tags":[],"class_list":["post-170032","post","type-post","status-publish","format-standard","has-post-thumbnail","hentry","category-video-2","infinite-scroll-item","generate-columns","tablet-grid-50","mobile-grid-100","grid-parent","grid-33","no-featured-image-padding"],"acf":[],"yoast_head":"<!-- This site is optimized with the Yoast SEO plugin v28.4 - https:\/\/yoast.com\/product\/yoast-seo-wordpress\/ -->\n<title>Meydan Tv \u0259m\u0259kda\u015flar\u0131 &#039;&#039;Bandotdel&#039;&#039;\u0259 g\u0259tirilib - MEYDAN.TV<\/title>\n<meta name=\"robots\" content=\"index, follow, max-snippet:-1, max-image-preview:large, max-video-preview:-1\" \/>\n<link rel=\"canonical\" href=\"https:\/\/www.meydan.tv\/az\/article\/meydan-tv-emekdaslari-bandotdele-getirilib\/\" \/>\n<meta property=\"og:locale\" content=\"az_AZ\" \/>\n<meta property=\"og:type\" content=\"article\" \/>\n<meta property=\"og:title\" content=\"Meydan Tv \u0259m\u0259kda\u015flar\u0131 &#039;&#039;Bandotdel&#039;&#039;\u0259 g\u0259tirilib - MEYDAN.TV\" \/>\n<meta property=\"og:description\" content=\"Meydan TV il\u0259 \u0259m\u0259kda\u015fl\u0131q ed\u0259n qad\u0131n jurnalistl\u0259r dindirilm\u0259y\u0259 apar\u0131ld\u0131\" \/>\n<meta property=\"og:url\" content=\"https:\/\/www.meydan.tv\/az\/article\/meydan-tv-emekdaslari-bandotdele-getirilib\/\" \/>\n<meta property=\"og:site_name\" content=\"MEYDAN.TV\" \/>\n<meta property=\"article:published_time\" content=\"2015-09-20T06:27:47+00:00\" \/>\n<meta property=\"og:image\" content=\"https:\/\/www.meydan.tv\/wp-content\/uploads\/12676.jpg\" \/>\n\t<meta property=\"og:image:width\" content=\"852\" \/>\n\t<meta property=\"og:image:height\" content=\"640\" \/>\n\t<meta property=\"og:image:type\" content=\"image\/jpeg\" \/>\n<meta name=\"twitter:card\" content=\"summary_large_image\" \/>\n<!-- \/ Yoast SEO plugin. -->","yoast_head_json":{"title":"Meydan Tv \u0259m\u0259kda\u015flar\u0131 ''Bandotdel''\u0259 g\u0259tirilib - MEYDAN.TV","robots":{"index":"index","follow":"follow","max-snippet":"max-snippet:-1","max-image-preview":"max-image-preview:large","max-video-preview":"max-video-preview:-1"},"canonical":"https:\/\/www.meydan.tv\/az\/article\/meydan-tv-emekdaslari-bandotdele-getirilib\/","og_locale":"az_AZ","og_type":"article","og_title":"Meydan Tv \u0259m\u0259kda\u015flar\u0131 ''Bandotdel''\u0259 g\u0259tirilib - MEYDAN.TV","og_description":"Meydan TV il\u0259 \u0259m\u0259kda\u015fl\u0131q ed\u0259n qad\u0131n jurnalistl\u0259r dindirilm\u0259y\u0259 apar\u0131ld\u0131","og_url":"https:\/\/www.meydan.tv\/az\/article\/meydan-tv-emekdaslari-bandotdele-getirilib\/","og_site_name":"MEYDAN.TV","article_published_time":"2015-09-20T06:27:47+00:00","og_image":[{"width":852,"height":640,"url":"https:\/\/www.meydan.tv\/wp-content\/uploads\/12676.jpg","type":"image\/jpeg"}],"twitter_card":"summary_large_image","schema":{"@context":"https:\/\/schema.org","@graph":[{"@type":"Article","@id":"https:\/\/www.meydan.tv\/az\/article\/meydan-tv-emekdaslari-bandotdele-getirilib\/#article","isPartOf":{"@id":"https:\/\/www.meydan.tv\/az\/article\/meydan-tv-emekdaslari-bandotdele-getirilib\/"},"author":{"name":"user-manager","@id":"https:\/\/www.meydan.tv\/az\/#\/schema\/person\/10d11eccf6da3662cf5fdab9806ea91a"},"headline":"Meydan Tv \u0259m\u0259kda\u015flar\u0131 &#8221;Bandotdel&#8221;\u0259 g\u0259tirilib","datePublished":"2015-09-20T06:27:47+00:00","mainEntityOfPage":{"@id":"https:\/\/www.meydan.tv\/az\/article\/meydan-tv-emekdaslari-bandotdele-getirilib\/"},"wordCount":118,"publisher":{"@id":"https:\/\/www.meydan.tv\/az\/#organization"},"image":{"@id":"https:\/\/www.meydan.tv\/az\/article\/meydan-tv-emekdaslari-bandotdele-getirilib\/#primaryimage"},"thumbnailUrl":"https:\/\/www.meydan.tv\/wp-content\/uploads\/12676.jpg","articleSection":["Video"],"inLanguage":"az"},{"@type":"WebPage","@id":"https:\/\/www.meydan.tv\/az\/article\/meydan-tv-emekdaslari-bandotdele-getirilib\/","url":"https:\/\/www.meydan.tv\/az\/article\/meydan-tv-emekdaslari-bandotdele-getirilib\/","name":"Meydan Tv \u0259m\u0259kda\u015flar\u0131 ''Bandotdel''\u0259 g\u0259tirilib - MEYDAN.TV","isPartOf":{"@id":"https:\/\/www.meydan.tv\/az\/#website"},"primaryImageOfPage":{"@id":"https:\/\/www.meydan.tv\/az\/article\/meydan-tv-emekdaslari-bandotdele-getirilib\/#primaryimage"},"image":{"@id":"https:\/\/www.meydan.tv\/az\/article\/meydan-tv-emekdaslari-bandotdele-getirilib\/#primaryimage"},"thumbnailUrl":"https:\/\/www.meydan.tv\/wp-content\/uploads\/12676.jpg","datePublished":"2015-09-20T06:27:47+00:00","breadcrumb":{"@id":"https:\/\/www.meydan.tv\/az\/article\/meydan-tv-emekdaslari-bandotdele-getirilib\/#breadcrumb"},"inLanguage":"az","potentialAction":[{"@type":"ReadAction","target":["https:\/\/www.meydan.tv\/az\/article\/meydan-tv-emekdaslari-bandotdele-getirilib\/"]}]},{"@type":"ImageObject","inLanguage":"az","@id":"https:\/\/www.meydan.tv\/az\/article\/meydan-tv-emekdaslari-bandotdele-getirilib\/#primaryimage","url":"https:\/\/www.meydan.tv\/wp-content\/uploads\/12676.jpg","contentUrl":"https:\/\/www.meydan.tv\/wp-content\/uploads\/12676.jpg","width":852,"height":640,"caption":"Source:"},{"@type":"BreadcrumbList","@id":"https:\/\/www.meydan.tv\/az\/article\/meydan-tv-emekdaslari-bandotdele-getirilib\/#breadcrumb","itemListElement":[{"@type":"ListItem","position":1,"name":"Ana s\u0259hif\u0259","item":"https:\/\/www.meydan.tv\/az\/"},{"@type":"ListItem","position":2,"name":"Video","item":"https:\/\/www.meydan.tv\/az\/section\/video-2\/"},{"@type":"ListItem","position":3,"name":"Meydan Tv \u0259m\u0259kda\u015flar\u0131 &#8221;Bandotdel&#8221;\u0259 g\u0259tirilib"}]},{"@type":"WebSite","@id":"https:\/\/www.meydan.tv\/az\/#website","url":"https:\/\/www.meydan.tv\/az\/","name":"MEYDAN.TV","description":"Meydan TV Az\u0259rbaycan\u0131n media m\u0259kan\u0131ndak\u0131 alternativ s\u0259sidir","publisher":{"@id":"https:\/\/www.meydan.tv\/az\/#organization"},"potentialAction":[{"@type":"SearchAction","target":{"@type":"EntryPoint","urlTemplate":"https:\/\/www.meydan.tv\/az\/?s={search_term_string}"},"query-input":{"@type":"PropertyValueSpecification","valueRequired":true,"valueName":"search_term_string"}}],"inLanguage":"az"},{"@type":"Organization","@id":"https:\/\/www.meydan.tv\/az\/#organization","name":"Meydan TV","url":"https:\/\/www.meydan.tv\/az\/","logo":{"@type":"ImageObject","inLanguage":"az","@id":"https:\/\/www.meydan.tv\/az\/#\/schema\/logo\/image\/","url":"https:\/\/www.meydan.tv\/wp-content\/uploads\/2021\/07\/meydan-logo.svg","contentUrl":"https:\/\/www.meydan.tv\/wp-content\/uploads\/2021\/07\/meydan-logo.svg","width":195,"height":46,"caption":"Meydan TV"},"image":{"@id":"https:\/\/www.meydan.tv\/az\/#\/schema\/logo\/image\/"}},{"@type":"Person","@id":"https:\/\/www.meydan.tv\/az\/#\/schema\/person\/10d11eccf6da3662cf5fdab9806ea91a","name":"user-manager"}]}},"_links":{"self":[{"href":"https:\/\/www.meydan.tv\/az\/wp-json\/wp\/v2\/posts\/170032","targetHints":{"allow":["GET"]}}],"collection":[{"href":"https:\/\/www.meydan.tv\/az\/wp-json\/wp\/v2\/posts"}],"about":[{"href":"https:\/\/www.meydan.tv\/az\/wp-json\/wp\/v2\/types\/post"}],"author":[{"embeddable":true,"href":"https:\/\/www.meydan.tv\/az\/wp-json\/wp\/v2\/users\/11"}],"replies":[{"embeddable":true,"href":"https:\/\/www.meydan.tv\/az\/wp-json\/wp\/v2\/comments?post=170032"}],"version-history":[{"count":0,"href":"https:\/\/www.meydan.tv\/az\/wp-json\/wp\/v2\/posts\/170032\/revisions"}],"wp:featuredmedia":[{"embeddable":true,"href":"https:\/\/www.meydan.tv\/az\/wp-json\/wp\/v2\/media\/33935"}],"wp:attachment":[{"href":"https:\/\/www.meydan.tv\/az\/wp-json\/wp\/v2\/media?parent=170032"}],"wp:term":[{"taxonomy":"category","embeddable":true,"href":"https:\/\/www.meydan.tv\/az\/wp-json\/wp\/v2\/categories?post=170032"},{"taxonomy":"post_tag","embeddable":true,"href":"https:\/\/www.meydan.tv\/az\/wp-json\/wp\/v2\/tags?post=170032"}],"curies":[{"name":"wp","href":"https:\/\/api.w.org\/{rel}","templated":true}]}}