{"id":169937,"date":"2015-09-13T16:25:00","date_gmt":"2015-09-13T16:25:00","guid":{"rendered":"https:\/\/www.meydan.tv\/article\/xeyallarda-yasayan-insanlarin-olkesi\/"},"modified":"2015-09-13T16:25:00","modified_gmt":"2015-09-13T16:25:00","slug":"xeyallarda-yasayan-insanlarin-olkesi","status":"publish","type":"post","link":"https:\/\/www.meydan.tv\/az\/article\/xeyallarda-yasayan-insanlarin-olkesi\/","title":{"rendered":"X\u0259yallarda ya\u015fayan insanlar\u0131n \u00f6lk\u0259si"},"content":{"rendered":"<figure class=\"wp-block-image size-large\">\n  <img decoding=\"async\" src=\"https:\/\/www.meydan.tv\/az\/30878\/\" alt=\"\" class=\"wp-image-30878\"\/><figcaption><\/figcaption><\/figure>\n<figure class=\"wp-block-image size-large\">\n  <img decoding=\"async\" src=\"https:\/\/www.meydan.tv\/az\/30881\/\" alt=\"\" class=\"wp-image-30881\"\/><figcaption><\/figcaption><\/figure>\n<p>\n  Sosial \u015f\u0259b\u0259k\u0259l\u0259rl\u0259 ba\u011fl\u0131 \u0259lav\u0259 yaz\u0131 yazma\u011f\u0131 d\u00fc\u015f\u00fcns\u0259m d\u0259 , ba\u015fda bir ne\u00e7\u0259 k\u0259lm\u0259 yazmaq ist\u0259yir\u0259m. Sosial \u015f\u0259b\u0259k\u0259 Az\u0259rbaycanda az da olsa aktiv olan insanlar\u0131 real h\u0259yatdan \u00e7ox uzaq sal\u0131b. Hadis\u0259l\u0259ri izl\u0259m\u0259k h\u0259r iki t\u0259r\u0259fd\u0259 olsa daha u\u011furlu olar, n\u0259nki m\u0259s\u0259l\u0259n yaln\u0131z \u201cfacebook\u201d-da ba\u015f ver\u0259nl\u0259ri. Sosial \u015f\u0259b\u0259k\u0259l\u0259rin ciddiliyi Az\u0259rbaycan \u00fc\u00e7\u00fcn el\u0259 s\u0131rf \u201cfacebook\u201d-un ciddiliyi dan\u0131lmazd\u0131 amma xalq\u0131n bu i\u015fl\u0259r\u0259 nec\u0259 yana\u015fmas\u0131n\u0131, n\u0259 q\u0259d\u0259r insan\u0131n ciddiy\u0259 almas\u0131n\u0131 v\u0259 ya xalq\u0131n n\u0259 d\u00fc\u015f\u00fcnm\u0259sini n\u0259z\u0259r\u0259 alsaq m\u0259n g\u0259ncl\u0259rin paralel i\u015f g\u00f6rm\u0259si t\u0259r\u0259fdar\u0131yam. N\u0259z\u0259r\u0259 almal\u0131y\u0131q ki, \u00a0Az\u0259rbaycanda ist\u0259nil\u0259n halda m\u00fcxalif toplum azd\u0131 v\u0259 bu toplumun \u00f6z fikirl\u0259rini geni\u015f yaymas\u0131 \u00fc\u00e7\u00fcn hakimiyy\u0259t t\u0259r\u0259find\u0259n ciddi qada\u011falar var, h\u0259tta q\u0259zet bel\u0259 bu \u00f6lk\u0259d\u0259 v\u0259t\u0259nda\u015f t\u0259r\u0259find\u0259n ciddiy\u0259 al\u0131nm\u0131r. Bir s\u00f6zl\u0259- xalq\u0131n aya\u011f\u0131na getm\u0259y\u0259 m\u0259cbur qal\u0131rsan.\n<\/p>\n<p>\n  B\u00fct\u00fcn yaz\u0131lar\u0131mda qeyd etdiyim hadis\u0259l\u0259r g\u00f6z\u00fcml\u0259 g\u00f6rd\u00fcy\u00fcm, qula\u011f\u0131mla e\u015fitdiyim olub. Y\u0259ni hadis\u0259l\u0259r bir-ba\u015fa g\u00f6z\u00fcm\u00fcz\u00fcn \u00f6n\u00fcnd\u0259 ba\u015f verir, bunun \u00fc\u00e7\u00fcn \u0259lav\u0259 \u015f\u0259rh g\u0259r\u0259kmir. Haz\u0131rda olan v\u0259ziyy\u0259t is\u0259 daha q\u0259lizdi bu h\u0259m d\u0259 mistik bir hall al\u0131b. Yerind\u0259 olmayan, q\u0259liz, izah olunmaz inanlar. \u0130ll\u0259rdir xalqa \u201csiyas\u0259t\u0259 qar\u0131\u015fmayan\u201d, b\u0259ddi diln\u0259n des\u0259k \u201cyatm\u0131\u015f\u201d deyirik. Bu da yen\u0259 \u00f6zl\u0259rinin etdiyi h\u0259r\u0259k\u0259td\u0259n qaynaqlan\u0131b. \u201cM\u0259n siyas\u0259t\u0259 qar\u0131\u015fm\u0131ram\u201d- v\u0259 ya buna b\u0259nz\u0259r b\u00f6y\u00fck problem\u0259 \u00e7evrilmi\u015f fikirl\u0259r dem\u0259k olar ki, h\u0259r k\u0259s\u0259 tan\u0131\u015fd\u0131.\n<\/p>\n<p>\n  Amma indi v\u0259ziyy\u0259t daha f\u0259rqlidir, \u00e7\u00fcnki q\u0131naqlar \u00e7oxald\u0131qca b\u0259han\u0259l\u0259r d\u0259 d\u0259yi\u015fir. \u00c7\u0131x\u0131\u015f yolu axtarmaq v\u0259 ya olunan q\u0131naqlar\u0131 d\u00fc\u015f\u00fcnm\u0259k daha \u0259ziyy\u0259tli i\u015f oldu\u011fu \u00fc\u00e7\u00fcn xalq \u00f6z\u00fcn\u0259 daha f\u0259rqli b\u0259han\u0259 tap\u0131b yen\u0259 d\u0259 h\u0259yat\u0131n\u0131\u00a0 susqun davam etm\u0259yi se\u00e7ir. \u0130ndi ist\u0259r siyas\u0259t, ist\u0259r ba\u015fqa m\u00f6vzularda xalq m\u0259n \u201c\u00f6z x\u0259yallar\u0131mda ya\u015fay\u0131ram\u201d deyib yan ke\u00e7m\u0259yi daha \u00e7ox sevir. Amma bu daha ciddi problemdir, \u00e7\u00fcnki x\u0259yallarda ya\u015fad\u0131qlar\u0131na, ba\u015fqa d\u00fcnyada olduqlar\u0131na ciddi \u015f\u0259kild\u0259 inansalar, i\u015f qal\u0131r y\u00fczillilkl\u0259r\u0259. H\u0259tta dey\u0259rdim ki, art\u0131q gecikmi\u015fik.\n<\/p>\n<p>\n  Bu yaz\u0131n\u0131 oxuyan insanlar da ola bilsin, oxuyub m\u0259n \u201cx\u0259yallarda ya\u015fay\u0131ram\u201d deyib, sayt\u0131 tez t\u0259rk etsin ki, bird\u0259n saytda \u00e7ox qalsam real h\u0259yata qay\u0131daram. Yor\u011funluq, susqunluq v\u0259 b\u0259han\u0259l\u0259rin daha ciddi hiss olundu\u011fu, \u00fcmumiyy\u0259tl\u0259 xalq\u0131 daha yax\u015f\u0131 tan\u0131ma\u011f\u0131n yolu \u00f6z evind\u0259 nec\u0259 olma\u011f\u0131 v\u0259 nec\u0259 d\u00fc\u015f\u00fcnm\u0259yind\u0259n ke\u00e7ir. Qabaqdan parlament se\u00e7kil\u0259ri g\u0259lir, d\u0259st\u0259kl\u0259diyim \u00fczv \u00fc\u00e7\u00fcn k\u00f6n\u00fcll\u00fc \u015f\u0259kild\u0259 namiz\u0259dliyi qeyd\u0259 al\u0131ns\u0131n dey\u0259 imza toplay\u0131ram v\u0259 qap\u0131-qap\u0131 g\u0259zdiyim evl\u0259rd\u0259 ya\u015fayan insanlar\u0131n fikirl\u0259ri \u00e7ox maraql\u0131d\u0131r. B\u0259lk\u0259 d\u0259 bu yaz\u0131da onlar\u0131 \u0259hat\u0259li izah ed\u0259 bilm\u0259r\u0259m. Bir \u00e7ox hallar olur ki, bu m\u00f6vzular\u0131 yazma\u011f\u0131 m\u0259nas\u0131z g\u00f6r\u00fcr\u0259m \u00e7\u00fcnki art\u0131q ne\u00e7\u0259 ill\u0259rdir s\u0259sl\u0259n\u0259n v\u0259 h\u0259r k\u0259s\u0259 tan\u0131\u015f m\u00f6vzulard\u0131.\n<\/p>\n<p>\n  \u201cHe\u00e7 kim\u0259 inanm\u0131ram.\u201d \u201cM\u00fcxalif\u0259t d\u0259 iqtidar\u0131n bir tay\u0131d\u0131. \u201d Onsuz da se\u00e7ki saxtla\u015fd\u0131r\u0131l\u0131r.\u201d, v\u0259 buna b\u0259nz\u0259r fikirl\u0259r n\u0259 q\u0259d\u0259r ciddi probleml\u0259r\u0259 g\u0259tirib \u00e7\u0131xarsa da bir o q\u0259d\u0259r d\u0259 haqq\u0131nda dan\u0131\u015f\u0131lan m\u00f6vzulard\u0131. \u0130ndi o s\u00f6hb\u0259tl\u0259r unudulub, \u00e7\u00fcnki daha o s\u00f6hb\u0259tl\u0259rd\u0259n boyun qa\u00e7\u0131rmaq, m\u00fczakir\u0259sin\u0259 qo\u015fula bilm\u0259m\u0259k \u00e7ox \u00e7\u0259tindir. Xalq bir n\u00f6v o m\u00f6vzulardan bezib \u00e7\u00fcnki art\u0131q bilirl\u0259r ki, tutars\u0131z v\u0259 m\u0259ntiqsiz arqumentl\u0259rdi. \u0130ndi v\u0259ziyy\u0259t daha q\u0259lizdi.\n<\/p>\n<p>\n  Qap\u0131 d\u00f6y\u00fcl\u00fcr, ilk n\u00f6vb\u0259d\u0259 s\u0259n haradan v\u0259 n\u0259 \u00fc\u00e7\u00fcn g\u0259ldiyin insanlara maraql\u0131 deyil onlar yad bir insana qap\u0131 a\u00e7ma\u011fa qorxurlar. Bu da haradasa \u00f6lk\u0259d\u0259 son vaxtlar kriminal\u0131n daha geni\u015f yay\u0131lmas\u0131 il\u0259 ba\u011fl\u0131d\u0131r. \u0130kinci s\u0259ni dinl\u0259yirl\u0259r amma \u00fcz\u00fcn\u0259 qap\u0131 a\u00e7m\u0131rlar, daha \u00e7ox da i\u015fl\u0259dil\u0259n s\u00f6z bu olur: \u201cM\u0259n bu evd\u0259 ya\u015fam\u0131ram.\u201d Bu s\u00f6z\u00fc el\u0259 bir t\u0259rzd\u0259 deyirl\u0259r ki,\u00a0 sanki \u201c\u00fcmumiyy\u0259tl\u0259, m\u0259n bu \u00f6lk\u0259d\u0259 ya\u015fam\u0131ram\u201d v\u0259 ya \u201cm\u0259n yadplanetliy\u0259m\u201d\u00a0 dem\u0259k ist\u0259yirl\u0259r.\n<\/p>\n<p>\n  Daha \u00e7ox rast g\u0259ldiyim hadisl\u0259rd\u0259n biri d\u0259 evd\u0259 qap\u0131 a\u00e7\u0131lmadan qap\u0131n\u0131n o biri t\u0259r\u0259find\u0259n bir ne\u00e7\u0259 n\u0259f\u0259rin s\u0259ninl\u0259 s\u00f6hb\u0259t el\u0259m\u0259si v\u0259 sonda evd\u0259 he\u00e7 kim yoxdur deyib, m\u0259s\u0259l\u0259d\u0259n boyun qa\u00e7\u0131rmas\u0131d\u0131r. Bu da insanlar\u0131n art\u0131q bu m\u00f6vzularda \u00f6z\u00fcn\u00fc ciddiy\u0259 almamas\u0131, \u00f6z\u00fcn\u0259 g\u00fcv\u0259nm\u0259m\u0259si dem\u0259kdi. Bel\u0259 des\u0259k, daha ayd\u0131n olar- insanlar bu hallarda m\u0259n \u00f6lm\u00fc\u015f\u0259m, ya\u015fam\u0131ram kimi fikirl\u0259r formala\u015fd\u0131r\u0131b. T\u0259s\u0259vv\u00fcr edin, qap\u0131 d\u00f6y\u00fcl\u00fcr, evin i\u00e7ind\u0259 qap\u0131 a\u00e7\u0131lmadan s\u0259ninl\u0259 be\u015f n\u0259f\u0259r s\u00f6hb\u0259t edir v\u0259 s\u00f6hb\u0259t se\u00e7kid\u0259n, \u201csiyas\u0259td\u0259n\u201d d\u00fc\u015f\u0259nd\u0259 bir n\u0259f\u0259r \u00e7\u0131x\u0131b deyir ki, evd\u0259 he\u00e7 kim yoxdur.\n<\/p>\n<p>\n  B\u00fct\u00fcn bu s\u00f6hb\u0259tl\u0259rin sonunda bel\u0259 q\u0259rara g\u0259lm\u0259k olar ki, insanlar h\u0259qiq\u0259t\u0259n x\u0259yallarda, ba\u015fqa d\u00fcnyada ya\u015fad\u0131\u011f\u0131na inan\u0131b v\u0259 daha \u00e7ox evind\u0259 \u00f6z\u00fcn\u00fc yerd\u0259n uzaq bir planetd\u0259 hiss edir. Ac\u0131nacaql\u0131 hallardan biri d\u0259, \u0259g\u0259r qap\u0131n\u0131 u\u015faq a\u00e7arsa v\u0259 bizim n\u0259 \u00fc\u00e7\u00fcn g\u0259ldiyimiz m\u0259lum olarsa, o u\u015fa\u011f\u0131n g\u00f6z\u00fcm\u00fcz \u00f6n\u00fcnd\u0259 d\u00f6y\u00fclm\u0259sidir. Yaz\u0131n\u0131n davam\u0131 olacaq amma h\u0259l\u0259 ki, burada dayan\u0131ram.\n<\/p>\n<p>\n  <b><br \/>\n    Yaz\u0131dak\u0131 firikl\u0259r m\u00fc\u0259llifin \u015f\u0259xsi m\u00f6vqeyini \u0259ks etdirir&#8230;<br \/>\n  <\/b>\n<\/p>\n<p><div><\/div>\n<\/p>\n<div>\n<div>\n<div><\/div>\n<ul>\n<li>\n          <a target=\"_self\" title=\"Web Search\" rel=\"noopener\"><\/a>\n        <\/li>\n<\/ul><\/div>\n<\/p><\/div>\n<\/p>\n<div>\n<div>\n<div><\/div>\n<ul>\n<li>\n          <a target=\"_self\" title=\"Web Search\" rel=\"noopener\"><\/a>\n        <\/li>\n<\/ul><\/div>\n<\/p><\/div><\/p>\n","protected":false},"excerpt":{"rendered":"<p>Qap\u0131 a\u00e7an u\u015fa\u011f\u0131 d\u00f6ym\u0259k&#8230;<\/p>\n","protected":false},"author":11,"featured_media":30878,"comment_status":"closed","ping_status":"open","sticky":false,"template":"","format":"standard","meta":{"_acf_changed":false,"_sitemap_exclude":false,"_sitemap_priority":"","_sitemap_frequency":"","footnotes":""},"categories":[57],"tags":[],"class_list":["post-169937","post","type-post","status-publish","format-standard","has-post-thumbnail","hentry","category-menim-fikrimce","infinite-scroll-item","generate-columns","tablet-grid-50","mobile-grid-100","grid-parent","grid-33","no-featured-image-padding"],"acf":[],"yoast_head":"<!-- This site is optimized with the Yoast SEO plugin v27.5 - https:\/\/yoast.com\/product\/yoast-seo-wordpress\/ -->\n<title>X\u0259yallarda ya\u015fayan insanlar\u0131n \u00f6lk\u0259si - MEYDAN.TV<\/title>\n<meta name=\"robots\" content=\"index, follow, max-snippet:-1, max-image-preview:large, max-video-preview:-1\" \/>\n<link rel=\"canonical\" href=\"https:\/\/www.meydan.tv\/az\/article\/xeyallarda-yasayan-insanlarin-olkesi\/\" \/>\n<meta property=\"og:locale\" content=\"az_AZ\" \/>\n<meta property=\"og:type\" content=\"article\" \/>\n<meta property=\"og:title\" content=\"X\u0259yallarda ya\u015fayan insanlar\u0131n \u00f6lk\u0259si - MEYDAN.TV\" \/>\n<meta property=\"og:description\" content=\"Qap\u0131 a\u00e7an u\u015fa\u011f\u0131 d\u00f6ym\u0259k...\" \/>\n<meta property=\"og:url\" content=\"https:\/\/www.meydan.tv\/az\/article\/xeyallarda-yasayan-insanlarin-olkesi\/\" \/>\n<meta property=\"og:site_name\" content=\"MEYDAN.TV\" \/>\n<meta property=\"article:published_time\" content=\"2015-09-13T16:25:00+00:00\" \/>\n<meta property=\"og:image\" content=\"https:\/\/www.meydan.tv\/wp-content\/uploads\/11584.jpg\" \/>\n\t<meta property=\"og:image:width\" content=\"500\" \/>\n\t<meta property=\"og:image:height\" content=\"500\" \/>\n\t<meta property=\"og:image:type\" content=\"image\/jpeg\" \/>\n<meta name=\"author\" content=\"user-manager\" \/>\n<meta name=\"twitter:card\" content=\"summary_large_image\" \/>\n<script type=\"application\/ld+json\" class=\"yoast-schema-graph\">{\"@context\":\"https:\\\/\\\/schema.org\",\"@graph\":[{\"@type\":\"Article\",\"@id\":\"https:\\\/\\\/www.meydan.tv\\\/az\\\/article\\\/xeyallarda-yasayan-insanlarin-olkesi\\\/#article\",\"isPartOf\":{\"@id\":\"https:\\\/\\\/www.meydan.tv\\\/az\\\/article\\\/xeyallarda-yasayan-insanlarin-olkesi\\\/\"},\"author\":{\"name\":\"user-manager\",\"@id\":\"https:\\\/\\\/www.meydan.tv\\\/az\\\/#\\\/schema\\\/person\\\/10d11eccf6da3662cf5fdab9806ea91a\"},\"headline\":\"X\u0259yallarda ya\u015fayan insanlar\u0131n \u00f6lk\u0259si\",\"datePublished\":\"2015-09-13T16:25:00+00:00\",\"mainEntityOfPage\":{\"@id\":\"https:\\\/\\\/www.meydan.tv\\\/az\\\/article\\\/xeyallarda-yasayan-insanlarin-olkesi\\\/\"},\"wordCount\":1100,\"publisher\":{\"@id\":\"https:\\\/\\\/www.meydan.tv\\\/az\\\/#organization\"},\"image\":{\"@id\":\"https:\\\/\\\/www.meydan.tv\\\/az\\\/article\\\/xeyallarda-yasayan-insanlarin-olkesi\\\/#primaryimage\"},\"thumbnailUrl\":\"https:\\\/\\\/www.meydan.tv\\\/wp-content\\\/uploads\\\/11584.jpg\",\"articleSection\":[\"M\u0259nim Fikrimc\u0259\"],\"inLanguage\":\"az\"},{\"@type\":\"WebPage\",\"@id\":\"https:\\\/\\\/www.meydan.tv\\\/az\\\/article\\\/xeyallarda-yasayan-insanlarin-olkesi\\\/\",\"url\":\"https:\\\/\\\/www.meydan.tv\\\/az\\\/article\\\/xeyallarda-yasayan-insanlarin-olkesi\\\/\",\"name\":\"X\u0259yallarda ya\u015fayan insanlar\u0131n \u00f6lk\u0259si - MEYDAN.TV\",\"isPartOf\":{\"@id\":\"https:\\\/\\\/www.meydan.tv\\\/az\\\/#website\"},\"primaryImageOfPage\":{\"@id\":\"https:\\\/\\\/www.meydan.tv\\\/az\\\/article\\\/xeyallarda-yasayan-insanlarin-olkesi\\\/#primaryimage\"},\"image\":{\"@id\":\"https:\\\/\\\/www.meydan.tv\\\/az\\\/article\\\/xeyallarda-yasayan-insanlarin-olkesi\\\/#primaryimage\"},\"thumbnailUrl\":\"https:\\\/\\\/www.meydan.tv\\\/wp-content\\\/uploads\\\/11584.jpg\",\"datePublished\":\"2015-09-13T16:25:00+00:00\",\"breadcrumb\":{\"@id\":\"https:\\\/\\\/www.meydan.tv\\\/az\\\/article\\\/xeyallarda-yasayan-insanlarin-olkesi\\\/#breadcrumb\"},\"inLanguage\":\"az\",\"potentialAction\":[{\"@type\":\"ReadAction\",\"target\":[\"https:\\\/\\\/www.meydan.tv\\\/az\\\/article\\\/xeyallarda-yasayan-insanlarin-olkesi\\\/\"]}]},{\"@type\":\"ImageObject\",\"inLanguage\":\"az\",\"@id\":\"https:\\\/\\\/www.meydan.tv\\\/az\\\/article\\\/xeyallarda-yasayan-insanlarin-olkesi\\\/#primaryimage\",\"url\":\"https:\\\/\\\/www.meydan.tv\\\/wp-content\\\/uploads\\\/11584.jpg\",\"contentUrl\":\"https:\\\/\\\/www.meydan.tv\\\/wp-content\\\/uploads\\\/11584.jpg\",\"width\":500,\"height\":500,\"caption\":\"Source:\"},{\"@type\":\"BreadcrumbList\",\"@id\":\"https:\\\/\\\/www.meydan.tv\\\/az\\\/article\\\/xeyallarda-yasayan-insanlarin-olkesi\\\/#breadcrumb\",\"itemListElement\":[{\"@type\":\"ListItem\",\"position\":1,\"name\":\"Ana s\u0259hif\u0259\",\"item\":\"https:\\\/\\\/www.meydan.tv\\\/az\\\/\"},{\"@type\":\"ListItem\",\"position\":2,\"name\":\"M\u0259nim Fikrimc\u0259\",\"item\":\"https:\\\/\\\/www.meydan.tv\\\/az\\\/section\\\/menim-fikrimce\\\/\"},{\"@type\":\"ListItem\",\"position\":3,\"name\":\"X\u0259yallarda ya\u015fayan insanlar\u0131n \u00f6lk\u0259si\"}]},{\"@type\":\"WebSite\",\"@id\":\"https:\\\/\\\/www.meydan.tv\\\/az\\\/#website\",\"url\":\"https:\\\/\\\/www.meydan.tv\\\/az\\\/\",\"name\":\"MEYDAN.TV\",\"description\":\"Meydan TV Az\u0259rbaycan\u0131n media m\u0259kan\u0131ndak\u0131 alternativ s\u0259sidir\",\"publisher\":{\"@id\":\"https:\\\/\\\/www.meydan.tv\\\/az\\\/#organization\"},\"potentialAction\":[{\"@type\":\"SearchAction\",\"target\":{\"@type\":\"EntryPoint\",\"urlTemplate\":\"https:\\\/\\\/www.meydan.tv\\\/az\\\/?s={search_term_string}\"},\"query-input\":{\"@type\":\"PropertyValueSpecification\",\"valueRequired\":true,\"valueName\":\"search_term_string\"}}],\"inLanguage\":\"az\"},{\"@type\":\"Organization\",\"@id\":\"https:\\\/\\\/www.meydan.tv\\\/az\\\/#organization\",\"name\":\"Meydan TV\",\"url\":\"https:\\\/\\\/www.meydan.tv\\\/az\\\/\",\"logo\":{\"@type\":\"ImageObject\",\"inLanguage\":\"az\",\"@id\":\"https:\\\/\\\/www.meydan.tv\\\/az\\\/#\\\/schema\\\/logo\\\/image\\\/\",\"url\":\"https:\\\/\\\/www.meydan.tv\\\/wp-content\\\/uploads\\\/2021\\\/07\\\/meydan-logo.svg\",\"contentUrl\":\"https:\\\/\\\/www.meydan.tv\\\/wp-content\\\/uploads\\\/2021\\\/07\\\/meydan-logo.svg\",\"width\":195,\"height\":46,\"caption\":\"Meydan TV\"},\"image\":{\"@id\":\"https:\\\/\\\/www.meydan.tv\\\/az\\\/#\\\/schema\\\/logo\\\/image\\\/\"}},{\"@type\":\"Person\",\"@id\":\"https:\\\/\\\/www.meydan.tv\\\/az\\\/#\\\/schema\\\/person\\\/10d11eccf6da3662cf5fdab9806ea91a\",\"name\":\"user-manager\"}]}<\/script>\n<!-- \/ Yoast SEO plugin. -->","yoast_head_json":{"title":"X\u0259yallarda ya\u015fayan insanlar\u0131n \u00f6lk\u0259si - MEYDAN.TV","robots":{"index":"index","follow":"follow","max-snippet":"max-snippet:-1","max-image-preview":"max-image-preview:large","max-video-preview":"max-video-preview:-1"},"canonical":"https:\/\/www.meydan.tv\/az\/article\/xeyallarda-yasayan-insanlarin-olkesi\/","og_locale":"az_AZ","og_type":"article","og_title":"X\u0259yallarda ya\u015fayan insanlar\u0131n \u00f6lk\u0259si - MEYDAN.TV","og_description":"Qap\u0131 a\u00e7an u\u015fa\u011f\u0131 d\u00f6ym\u0259k...","og_url":"https:\/\/www.meydan.tv\/az\/article\/xeyallarda-yasayan-insanlarin-olkesi\/","og_site_name":"MEYDAN.TV","article_published_time":"2015-09-13T16:25:00+00:00","og_image":[{"width":500,"height":500,"url":"https:\/\/www.meydan.tv\/wp-content\/uploads\/11584.jpg","type":"image\/jpeg"}],"author":"user-manager","twitter_card":"summary_large_image","schema":{"@context":"https:\/\/schema.org","@graph":[{"@type":"Article","@id":"https:\/\/www.meydan.tv\/az\/article\/xeyallarda-yasayan-insanlarin-olkesi\/#article","isPartOf":{"@id":"https:\/\/www.meydan.tv\/az\/article\/xeyallarda-yasayan-insanlarin-olkesi\/"},"author":{"name":"user-manager","@id":"https:\/\/www.meydan.tv\/az\/#\/schema\/person\/10d11eccf6da3662cf5fdab9806ea91a"},"headline":"X\u0259yallarda ya\u015fayan insanlar\u0131n \u00f6lk\u0259si","datePublished":"2015-09-13T16:25:00+00:00","mainEntityOfPage":{"@id":"https:\/\/www.meydan.tv\/az\/article\/xeyallarda-yasayan-insanlarin-olkesi\/"},"wordCount":1100,"publisher":{"@id":"https:\/\/www.meydan.tv\/az\/#organization"},"image":{"@id":"https:\/\/www.meydan.tv\/az\/article\/xeyallarda-yasayan-insanlarin-olkesi\/#primaryimage"},"thumbnailUrl":"https:\/\/www.meydan.tv\/wp-content\/uploads\/11584.jpg","articleSection":["M\u0259nim Fikrimc\u0259"],"inLanguage":"az"},{"@type":"WebPage","@id":"https:\/\/www.meydan.tv\/az\/article\/xeyallarda-yasayan-insanlarin-olkesi\/","url":"https:\/\/www.meydan.tv\/az\/article\/xeyallarda-yasayan-insanlarin-olkesi\/","name":"X\u0259yallarda ya\u015fayan insanlar\u0131n \u00f6lk\u0259si - MEYDAN.TV","isPartOf":{"@id":"https:\/\/www.meydan.tv\/az\/#website"},"primaryImageOfPage":{"@id":"https:\/\/www.meydan.tv\/az\/article\/xeyallarda-yasayan-insanlarin-olkesi\/#primaryimage"},"image":{"@id":"https:\/\/www.meydan.tv\/az\/article\/xeyallarda-yasayan-insanlarin-olkesi\/#primaryimage"},"thumbnailUrl":"https:\/\/www.meydan.tv\/wp-content\/uploads\/11584.jpg","datePublished":"2015-09-13T16:25:00+00:00","breadcrumb":{"@id":"https:\/\/www.meydan.tv\/az\/article\/xeyallarda-yasayan-insanlarin-olkesi\/#breadcrumb"},"inLanguage":"az","potentialAction":[{"@type":"ReadAction","target":["https:\/\/www.meydan.tv\/az\/article\/xeyallarda-yasayan-insanlarin-olkesi\/"]}]},{"@type":"ImageObject","inLanguage":"az","@id":"https:\/\/www.meydan.tv\/az\/article\/xeyallarda-yasayan-insanlarin-olkesi\/#primaryimage","url":"https:\/\/www.meydan.tv\/wp-content\/uploads\/11584.jpg","contentUrl":"https:\/\/www.meydan.tv\/wp-content\/uploads\/11584.jpg","width":500,"height":500,"caption":"Source:"},{"@type":"BreadcrumbList","@id":"https:\/\/www.meydan.tv\/az\/article\/xeyallarda-yasayan-insanlarin-olkesi\/#breadcrumb","itemListElement":[{"@type":"ListItem","position":1,"name":"Ana s\u0259hif\u0259","item":"https:\/\/www.meydan.tv\/az\/"},{"@type":"ListItem","position":2,"name":"M\u0259nim Fikrimc\u0259","item":"https:\/\/www.meydan.tv\/az\/section\/menim-fikrimce\/"},{"@type":"ListItem","position":3,"name":"X\u0259yallarda ya\u015fayan insanlar\u0131n \u00f6lk\u0259si"}]},{"@type":"WebSite","@id":"https:\/\/www.meydan.tv\/az\/#website","url":"https:\/\/www.meydan.tv\/az\/","name":"MEYDAN.TV","description":"Meydan TV Az\u0259rbaycan\u0131n media m\u0259kan\u0131ndak\u0131 alternativ s\u0259sidir","publisher":{"@id":"https:\/\/www.meydan.tv\/az\/#organization"},"potentialAction":[{"@type":"SearchAction","target":{"@type":"EntryPoint","urlTemplate":"https:\/\/www.meydan.tv\/az\/?s={search_term_string}"},"query-input":{"@type":"PropertyValueSpecification","valueRequired":true,"valueName":"search_term_string"}}],"inLanguage":"az"},{"@type":"Organization","@id":"https:\/\/www.meydan.tv\/az\/#organization","name":"Meydan TV","url":"https:\/\/www.meydan.tv\/az\/","logo":{"@type":"ImageObject","inLanguage":"az","@id":"https:\/\/www.meydan.tv\/az\/#\/schema\/logo\/image\/","url":"https:\/\/www.meydan.tv\/wp-content\/uploads\/2021\/07\/meydan-logo.svg","contentUrl":"https:\/\/www.meydan.tv\/wp-content\/uploads\/2021\/07\/meydan-logo.svg","width":195,"height":46,"caption":"Meydan TV"},"image":{"@id":"https:\/\/www.meydan.tv\/az\/#\/schema\/logo\/image\/"}},{"@type":"Person","@id":"https:\/\/www.meydan.tv\/az\/#\/schema\/person\/10d11eccf6da3662cf5fdab9806ea91a","name":"user-manager"}]}},"_links":{"self":[{"href":"https:\/\/www.meydan.tv\/az\/wp-json\/wp\/v2\/posts\/169937","targetHints":{"allow":["GET"]}}],"collection":[{"href":"https:\/\/www.meydan.tv\/az\/wp-json\/wp\/v2\/posts"}],"about":[{"href":"https:\/\/www.meydan.tv\/az\/wp-json\/wp\/v2\/types\/post"}],"author":[{"embeddable":true,"href":"https:\/\/www.meydan.tv\/az\/wp-json\/wp\/v2\/users\/11"}],"replies":[{"embeddable":true,"href":"https:\/\/www.meydan.tv\/az\/wp-json\/wp\/v2\/comments?post=169937"}],"version-history":[{"count":0,"href":"https:\/\/www.meydan.tv\/az\/wp-json\/wp\/v2\/posts\/169937\/revisions"}],"wp:featuredmedia":[{"embeddable":true,"href":"https:\/\/www.meydan.tv\/az\/wp-json\/wp\/v2\/media\/30878"}],"wp:attachment":[{"href":"https:\/\/www.meydan.tv\/az\/wp-json\/wp\/v2\/media?parent=169937"}],"wp:term":[{"taxonomy":"category","embeddable":true,"href":"https:\/\/www.meydan.tv\/az\/wp-json\/wp\/v2\/categories?post=169937"},{"taxonomy":"post_tag","embeddable":true,"href":"https:\/\/www.meydan.tv\/az\/wp-json\/wp\/v2\/tags?post=169937"}],"curies":[{"name":"wp","href":"https:\/\/api.w.org\/{rel}","templated":true}]}}