{"id":169935,"date":"2015-09-12T19:48:36","date_gmt":"2015-09-12T19:48:36","guid":{"rendered":"https:\/\/www.meydan.tv\/article\/polis-icazesiz-aksiyani-dagitmadi-video\/"},"modified":"2015-09-12T19:48:36","modified_gmt":"2015-09-12T19:48:36","slug":"polis-icazesiz-aksiyani-dagitmadi-video","status":"publish","type":"post","link":"https:\/\/www.meydan.tv\/az\/article\/polis-icazesiz-aksiyani-dagitmadi-video\/","title":{"rendered":"Polis icaz\u0259siz aksiyan\u0131 da\u011f\u0131tmad\u0131 (V\u0130DEO)"},"content":{"rendered":"<figure class=\"wp-block-embed is-type-video is-provider-youtube wp-block-embed-youtube wp-embed-aspect-16-9 wp-has-aspect-ratio\">\n<div class=\"wp-block-embed__wrapper\">\n    <iframe loading=\"lazy\"\ttitle=\"\" width=\"1200\" height=\"675\" src=\"https:\/\/www.youtube.com\/embed\/GhjgKFbZ8r4\"\tframeborder=\"0\"\tallow=\"accelerometer; autoplay; clipboard-write; encrypted-media; gyroscope; picture-in-picture\" allowfullscreen><\/iframe>\n  <\/div><figcaption><\/figcaption><\/figure>\n<p>\n  Sentyabr\u0131n 12-d\u0259 Beyn\u0259lxalq Diaspora M\u0259rk\u0259zi AT\u018fT-in Bak\u0131 Ofisi qar\u015f\u0131s\u0131nda aksiya ke\u00e7irib. Aksiyada 20-y\u0259 yax\u0131n adam i\u015ftirak edib. Hadis\u0259 yerind\u0259 olan \u0259m\u0259kda\u015f\u0131m\u0131z\u0131n verdiyi m\u0259lumata g\u00f6r\u0259 aksiya icaz\u0259siz olsa da, polisl\u0259r prosesi k\u0259nardan izl\u0259yibl\u0259r. H\u0259tta polisl\u0259r jurnalistl\u0259r\u0259 t\u0259dbirin icaz\u0259siz oldu\u011funu t\u0259sdiql\u0259yibl\u0259r. Amma m\u00fcdaxil\u0259 etm\u0259m\u0259l\u0259rinin s\u0259b\u0259bi bar\u0259d\u0259 suala cavab verm\u0259yibl\u0259r.<\/p>\n","protected":false},"excerpt":{"rendered":"<p>Polisl\u0259r aksiyan\u0131n icaz\u0259siz oldu\u011funu t\u0259sdiql\u0259s\u0259l\u0259r d\u0259 ba\u015f ver\u0259nl\u0259ri k\u0259nardan izl\u0259yibl\u0259r.<\/p>\n","protected":false},"author":11,"featured_media":33618,"comment_status":"closed","ping_status":"open","sticky":false,"template":"","format":"standard","meta":{"_acf_changed":false,"_sitemap_exclude":false,"_sitemap_priority":"","_sitemap_frequency":"","footnotes":""},"categories":[63],"tags":[],"class_list":["post-169935","post","type-post","status-publish","format-standard","has-post-thumbnail","hentry","category-video-2","infinite-scroll-item","generate-columns","tablet-grid-50","mobile-grid-100","grid-parent","grid-33","no-featured-image-padding"],"acf":[],"yoast_head":"<!-- This site is optimized with the Yoast SEO plugin v28.4 - https:\/\/yoast.com\/product\/yoast-seo-wordpress\/ -->\n<title>Polis icaz\u0259siz aksiyan\u0131 da\u011f\u0131tmad\u0131 (V\u0130DEO) - MEYDAN.TV<\/title>\n<meta name=\"robots\" content=\"index, follow, max-snippet:-1, max-image-preview:large, max-video-preview:-1\" \/>\n<link rel=\"canonical\" href=\"https:\/\/www.meydan.tv\/az\/article\/polis-icazesiz-aksiyani-dagitmadi-video\/\" \/>\n<meta property=\"og:locale\" content=\"az_AZ\" \/>\n<meta property=\"og:type\" content=\"article\" \/>\n<meta property=\"og:title\" content=\"Polis icaz\u0259siz aksiyan\u0131 da\u011f\u0131tmad\u0131 (V\u0130DEO) - MEYDAN.TV\" \/>\n<meta property=\"og:description\" content=\"Polisl\u0259r aksiyan\u0131n icaz\u0259siz oldu\u011funu t\u0259sdiql\u0259s\u0259l\u0259r d\u0259 ba\u015f ver\u0259nl\u0259ri k\u0259nardan izl\u0259yibl\u0259r.\" \/>\n<meta property=\"og:url\" content=\"https:\/\/www.meydan.tv\/az\/article\/polis-icazesiz-aksiyani-dagitmadi-video\/\" \/>\n<meta property=\"og:site_name\" content=\"MEYDAN.TV\" \/>\n<meta property=\"article:published_time\" content=\"2015-09-12T19:48:36+00:00\" \/>\n<meta property=\"og:image\" content=\"https:\/\/www.meydan.tv\/wp-content\/uploads\/12561.jpg\" \/>\n\t<meta property=\"og:image:width\" content=\"1134\" \/>\n\t<meta property=\"og:image:height\" content=\"638\" \/>\n\t<meta property=\"og:image:type\" content=\"image\/jpeg\" \/>\n<meta name=\"twitter:card\" content=\"summary_large_image\" \/>\n<!-- \/ Yoast SEO plugin. -->","yoast_head_json":{"title":"Polis icaz\u0259siz aksiyan\u0131 da\u011f\u0131tmad\u0131 (V\u0130DEO) - MEYDAN.TV","robots":{"index":"index","follow":"follow","max-snippet":"max-snippet:-1","max-image-preview":"max-image-preview:large","max-video-preview":"max-video-preview:-1"},"canonical":"https:\/\/www.meydan.tv\/az\/article\/polis-icazesiz-aksiyani-dagitmadi-video\/","og_locale":"az_AZ","og_type":"article","og_title":"Polis icaz\u0259siz aksiyan\u0131 da\u011f\u0131tmad\u0131 (V\u0130DEO) - MEYDAN.TV","og_description":"Polisl\u0259r aksiyan\u0131n icaz\u0259siz oldu\u011funu t\u0259sdiql\u0259s\u0259l\u0259r d\u0259 ba\u015f ver\u0259nl\u0259ri k\u0259nardan izl\u0259yibl\u0259r.","og_url":"https:\/\/www.meydan.tv\/az\/article\/polis-icazesiz-aksiyani-dagitmadi-video\/","og_site_name":"MEYDAN.TV","article_published_time":"2015-09-12T19:48:36+00:00","og_image":[{"width":1134,"height":638,"url":"https:\/\/www.meydan.tv\/wp-content\/uploads\/12561.jpg","type":"image\/jpeg"}],"twitter_card":"summary_large_image","schema":{"@context":"https:\/\/schema.org","@graph":[{"@type":"Article","@id":"https:\/\/www.meydan.tv\/az\/article\/polis-icazesiz-aksiyani-dagitmadi-video\/#article","isPartOf":{"@id":"https:\/\/www.meydan.tv\/az\/article\/polis-icazesiz-aksiyani-dagitmadi-video\/"},"author":{"name":"user-manager","@id":"https:\/\/www.meydan.tv\/az\/#\/schema\/person\/10d11eccf6da3662cf5fdab9806ea91a"},"headline":"Polis icaz\u0259siz aksiyan\u0131 da\u011f\u0131tmad\u0131 (V\u0130DEO)","datePublished":"2015-09-12T19:48:36+00:00","mainEntityOfPage":{"@id":"https:\/\/www.meydan.tv\/az\/article\/polis-icazesiz-aksiyani-dagitmadi-video\/"},"wordCount":94,"publisher":{"@id":"https:\/\/www.meydan.tv\/az\/#organization"},"image":{"@id":"https:\/\/www.meydan.tv\/az\/article\/polis-icazesiz-aksiyani-dagitmadi-video\/#primaryimage"},"thumbnailUrl":"https:\/\/www.meydan.tv\/wp-content\/uploads\/12561.jpg","articleSection":["Video"],"inLanguage":"az"},{"@type":"WebPage","@id":"https:\/\/www.meydan.tv\/az\/article\/polis-icazesiz-aksiyani-dagitmadi-video\/","url":"https:\/\/www.meydan.tv\/az\/article\/polis-icazesiz-aksiyani-dagitmadi-video\/","name":"Polis icaz\u0259siz aksiyan\u0131 da\u011f\u0131tmad\u0131 (V\u0130DEO) - MEYDAN.TV","isPartOf":{"@id":"https:\/\/www.meydan.tv\/az\/#website"},"primaryImageOfPage":{"@id":"https:\/\/www.meydan.tv\/az\/article\/polis-icazesiz-aksiyani-dagitmadi-video\/#primaryimage"},"image":{"@id":"https:\/\/www.meydan.tv\/az\/article\/polis-icazesiz-aksiyani-dagitmadi-video\/#primaryimage"},"thumbnailUrl":"https:\/\/www.meydan.tv\/wp-content\/uploads\/12561.jpg","datePublished":"2015-09-12T19:48:36+00:00","breadcrumb":{"@id":"https:\/\/www.meydan.tv\/az\/article\/polis-icazesiz-aksiyani-dagitmadi-video\/#breadcrumb"},"inLanguage":"az","potentialAction":[{"@type":"ReadAction","target":["https:\/\/www.meydan.tv\/az\/article\/polis-icazesiz-aksiyani-dagitmadi-video\/"]}]},{"@type":"ImageObject","inLanguage":"az","@id":"https:\/\/www.meydan.tv\/az\/article\/polis-icazesiz-aksiyani-dagitmadi-video\/#primaryimage","url":"https:\/\/www.meydan.tv\/wp-content\/uploads\/12561.jpg","contentUrl":"https:\/\/www.meydan.tv\/wp-content\/uploads\/12561.jpg","width":1134,"height":638,"caption":"Source:"},{"@type":"BreadcrumbList","@id":"https:\/\/www.meydan.tv\/az\/article\/polis-icazesiz-aksiyani-dagitmadi-video\/#breadcrumb","itemListElement":[{"@type":"ListItem","position":1,"name":"Ana s\u0259hif\u0259","item":"https:\/\/www.meydan.tv\/az\/"},{"@type":"ListItem","position":2,"name":"Video","item":"https:\/\/www.meydan.tv\/az\/section\/video-2\/"},{"@type":"ListItem","position":3,"name":"Polis icaz\u0259siz aksiyan\u0131 da\u011f\u0131tmad\u0131 (V\u0130DEO)"}]},{"@type":"WebSite","@id":"https:\/\/www.meydan.tv\/az\/#website","url":"https:\/\/www.meydan.tv\/az\/","name":"MEYDAN.TV","description":"Meydan TV Az\u0259rbaycan\u0131n media m\u0259kan\u0131ndak\u0131 alternativ s\u0259sidir","publisher":{"@id":"https:\/\/www.meydan.tv\/az\/#organization"},"potentialAction":[{"@type":"SearchAction","target":{"@type":"EntryPoint","urlTemplate":"https:\/\/www.meydan.tv\/az\/?s={search_term_string}"},"query-input":{"@type":"PropertyValueSpecification","valueRequired":true,"valueName":"search_term_string"}}],"inLanguage":"az"},{"@type":"Organization","@id":"https:\/\/www.meydan.tv\/az\/#organization","name":"Meydan TV","url":"https:\/\/www.meydan.tv\/az\/","logo":{"@type":"ImageObject","inLanguage":"az","@id":"https:\/\/www.meydan.tv\/az\/#\/schema\/logo\/image\/","url":"https:\/\/www.meydan.tv\/wp-content\/uploads\/2021\/07\/meydan-logo.svg","contentUrl":"https:\/\/www.meydan.tv\/wp-content\/uploads\/2021\/07\/meydan-logo.svg","width":195,"height":46,"caption":"Meydan TV"},"image":{"@id":"https:\/\/www.meydan.tv\/az\/#\/schema\/logo\/image\/"}},{"@type":"Person","@id":"https:\/\/www.meydan.tv\/az\/#\/schema\/person\/10d11eccf6da3662cf5fdab9806ea91a","name":"user-manager"}]}},"_links":{"self":[{"href":"https:\/\/www.meydan.tv\/az\/wp-json\/wp\/v2\/posts\/169935","targetHints":{"allow":["GET"]}}],"collection":[{"href":"https:\/\/www.meydan.tv\/az\/wp-json\/wp\/v2\/posts"}],"about":[{"href":"https:\/\/www.meydan.tv\/az\/wp-json\/wp\/v2\/types\/post"}],"author":[{"embeddable":true,"href":"https:\/\/www.meydan.tv\/az\/wp-json\/wp\/v2\/users\/11"}],"replies":[{"embeddable":true,"href":"https:\/\/www.meydan.tv\/az\/wp-json\/wp\/v2\/comments?post=169935"}],"version-history":[{"count":0,"href":"https:\/\/www.meydan.tv\/az\/wp-json\/wp\/v2\/posts\/169935\/revisions"}],"wp:featuredmedia":[{"embeddable":true,"href":"https:\/\/www.meydan.tv\/az\/wp-json\/wp\/v2\/media\/33618"}],"wp:attachment":[{"href":"https:\/\/www.meydan.tv\/az\/wp-json\/wp\/v2\/media?parent=169935"}],"wp:term":[{"taxonomy":"category","embeddable":true,"href":"https:\/\/www.meydan.tv\/az\/wp-json\/wp\/v2\/categories?post=169935"},{"taxonomy":"post_tag","embeddable":true,"href":"https:\/\/www.meydan.tv\/az\/wp-json\/wp\/v2\/tags?post=169935"}],"curies":[{"name":"wp","href":"https:\/\/api.w.org\/{rel}","templated":true}]}}