{"id":169911,"date":"2015-09-11T14:46:58","date_gmt":"2015-09-11T14:46:58","guid":{"rendered":"https:\/\/www.meydan.tv\/article\/bir-cesede-baxib-qapi-acmaq\/"},"modified":"2015-09-11T14:46:58","modified_gmt":"2015-09-11T14:46:58","slug":"bir-cesede-baxib-qapi-acmaq","status":"publish","type":"post","link":"https:\/\/www.meydan.tv\/az\/article\/bir-cesede-baxib-qapi-acmaq\/","title":{"rendered":"Bir c\u0259s\u0259d\u0259 bax\u0131b, qap\u0131 a\u00e7maq"},"content":{"rendered":"<figure class=\"wp-block-image size-large\">\n  <img decoding=\"async\" src=\"https:\/\/www.meydan.tv\/az\/33489\/\" alt=\"\" class=\"wp-image-33489\"\/><figcaption><\/figcaption><\/figure>\n<figure class=\"wp-block-image size-large\">\n  <img decoding=\"async\" src=\"https:\/\/www.meydan.tv\/az\/33492\/\" alt=\"\" class=\"wp-image-33492\"\/><figcaption><\/figcaption><\/figure>\n<p>\n  <br \/>\n  Praqada g\u00f6rm\u00fc\u015f\u0259m. \u0130ctimai n\u0259qliyyata bilet al\u0131rsan v\u0259 minirs\u0259n avtobusa, tramvaya, qatara. Nadir hallarda bilet yoxlayan n\u0259zar\u0259t\u00e7i il\u0259 \u00fcz-\u00fcz\u0259 g\u0259lirs\u0259n. Ba\u015fqa vaxt s\u0259n\u0259 \u201cg\u00f6z\u00fcn \u00fcst\u0259 qa\u015f\u0131n var\u201d dey\u0259n yoxdur. Y\u0259ni bilet almasan da, ictimai n\u0259qliyyatdan istifad\u0259 ed\u0259 bilirs\u0259n. Var\u015favada h\u0259myerlil\u0259rimiz bel\u0259 d\u0259 edirdil\u0259r. Qatarda sondan ikinci qap\u0131da m\u00f6vqe tutub diqq\u0259tl\u0259 g\u00f6zl\u0259yirdil\u0259r ki, n\u0259zar\u0259t\u00e7iy\u0259 ox\u015fayan kims\u0259 g\u0259ls\u0259, orta qap\u0131dan qa\u00e7s\u0131nlar. Bunlar bizim Avropa t\u0259hsili alm\u0131\u015f v\u0259 almaqda olan g\u0259ncl\u0259rimiz idi, Suriyan\u0131n savads\u0131z v\u0259 m\u00fcharib\u0259 g\u00f6rm\u00fc\u015f, y\u0259ni ya\u015famaq \u00fc\u00e7\u00fcn, dem\u0259k olar ki, h\u0259r \u015feyi m\u0259qbul sayan k\u00fctl\u0259si yox.\n<\/p>\n<p>\n  Y\u0259ni \u00e7\u0259tindir Avropa d\u0259y\u0259rl\u0259ri il\u0259 ya\u015famaq. \u0130nsanlar\u0131n bir-birin\u0259 h\u00f6rm\u0259ti, inam\u0131 on ill\u0259r \u0259rzind\u0259 \u00e7\u0259tinlikl\u0259 formala\u015fd\u0131r\u0131l\u0131b. H\u0259l\u0259 d\u0259 yay\u0131lma s\u00fcr\u0259ti \u00e7ox da y\u00fcks\u0259k olmadan davam edir. M\u0259s\u0259l\u0259n, Praqada yoxlama-filan olmadan ictimai n\u0259qliyyata daxil ola bils\u0259n d\u0259, Budape\u015ftd\u0259 metronun gir\u0259c\u0259yind\u0259 2 yek\u0259 adama bileti m\u00fctl\u0259q g\u00f6st\u0259rm\u0259lis\u0259n. Y\u0259ni bu inam, etibar m\u0259s\u0259l\u0259si Budape\u015ft\u0259 Praqadak\u0131 q\u0259d\u0259r g\u0259lib \u00e7atmay\u0131b, h\u0259l\u0259 g\u0259lir.\n<\/p>\n<p>\n  Stefan Zweig I D\u00fcnya M\u00fcharib\u0259sin\u0259 q\u0259d\u0259rki d\u00f6vr haqq\u0131nda yaz\u0131rd\u0131 ki, insanlar bir-birl\u0259rin\u0259 inan\u0131rd\u0131lar. \u00c7\u00fcnki Avropada t\u0259xmin\u0259n yar\u0131m \u0259sr\u0259 yax\u0131n idi ki, m\u00fcharib\u0259 olmurdu. \u0130nam insanlar\u0131 yax\u0131nla\u015fd\u0131rm\u0131\u015fd\u0131, s\u0259rh\u0259dd\u0259 yoxlamalar formal idi, sad\u0259c\u0259 m\u0259mur soru\u015furdu ki, \u201c\u00fcst\u00fcn\u00fczd\u0259 filan \u0259\u015fyalar varm\u0131?\u201d. \u201cYoxdur\u201d dey\u0259nd\u0259 inan\u0131nb burax\u0131rd\u0131, kimd\u0259s\u0259 varsa, yoxlanmadan \u00e7\u0131xard\u0131b ortaya qoyurdu.\n<\/p>\n<p>\n  \u0130nam insan\u0131 ehtiyats\u0131z edir, qar\u015f\u0131 t\u0259r\u0259fin xo\u015f niyy\u0259tin\u0259 etibar etm\u0259y\u0259 m\u0259cbur edir. N\u0259tic\u0259d\u0259 qar\u015f\u0131 t\u0259r\u0259fin \u0259claf niyy\u0259tin\u0259 qar\u015f\u0131 m\u00fcdafi\u0259siz edir adam\u0131. I D\u00fcnya M\u00fcharib\u0259si bunu \u00e7\u0131lpaql\u0131\u011f\u0131 il\u0259 g\u00f6st\u0259rdi. D\u00fcn\u0259n s\u0259rh\u0259d anlay\u0131\u015f\u0131 formal olan xalqlar bir-birl\u0259rini bir qar\u0131\u015f torpaqdan \u00f6tr\u00fc q\u0131r\u0131b-t\u00f6km\u0259y\u0259 ba\u015flad\u0131lar. II D\u00fcnya Mh\u00fcarib\u0259si m\u0259s\u0259l\u0259ni lap bat\u0131rd\u0131. S\u0259rh\u0259d d\u0259 arxa planda qald\u0131. \u0130nsanlar soyad sonlu\u011funa g\u00f6r\u0259, qan\u0131na g\u00f6r\u0259 qiym\u0259tl\u0259ndirildi, d\u00fcn\u0259n\u0259 q\u0259d\u0259r \u0259n yax\u0131n dost, qon\u015fu olan insanlardan alman olan\u0131 y\u0259hudi olan\u0131n\u0131 \u00e7u\u011fullad\u0131 ki, tutub \u00f6ld\u00fcrs\u00fcnl\u0259r.\n<\/p>\n<p>\n  1945-d\u0259n sonra Avropa xarabal\u0131qlar \u00fcz\u0259rind\u0259 yenid\u0259n ucalma\u011fa ba\u015flad\u0131. Bu, t\u0259kc\u0259 binalar\u0131n xarabal\u0131qlar\u0131 deyildi, ideyalar\u0131n, insaf\u0131n, inam\u0131n, m\u0259n\u0259viyyat\u0131n xarabal\u0131\u011f\u0131 idi. Avropa bu u\u00e7ub t\u00f6k\u00fclm\u00fc\u015f qal\u0131qlar\u0131n tozu il\u0259 \u00f6rt\u00fclm\u00fc\u015f d\u0259y\u0259rl\u0259rini tap\u0131b \u00e7\u0131xartd\u0131, tozunu sildi, ba\u015f ucuna qoydu v\u0259 o d\u0259y\u0259rl\u0259r\u0259 tap\u0131n\u0131b yeni c\u0259miyy\u0259t qurma\u011fa ba\u015flad\u0131. \u0130qtisadi, siyasi sistemini d\u0259 bu d\u0259y\u0259rl\u0259ri n\u0259z\u0259r\u0259 al\u0131b qurdu. \u0130ndi d\u0259 davam edir bu quruculuq. B\u00f6y\u00fck n\u0259tic\u0259l\u0259r \u0259ld\u0259 olunub. D\u00fcnyan\u0131n 3 iqtisadi m\u0259rk\u0259zind\u0259n biri, unikal v\u0259 u\u011furlu birlik modeli Avropa Birliyi var v\u0259 haz\u0131rda d\u00fcnyan\u0131n xilaskar\u0131, hamisi roluna iddial\u0131d\u0131r.\n<\/p>\n<p>\n  Bu rol t\u0259k AB-\u0259 yox, \u015eimali Atlantikan\u0131n dig\u0259r d\u00f6vl\u0259tl\u0259rin\u0259 &#8211; AB\u015e, Kanadaya da aiddir. Bu region h\u0259min inam\u0131, etibar\u0131 qaytara bilib. \u0130nsanlar bilet al\u0131rlar, baxmayaraq ki, yoxlanma ehtimallar\u0131 azd\u0131r. T\u0259hl\u00fck\u0259sizlik i\u015f\u00e7il\u0259ri yen\u0259 soru\u015furlar ki, \u201ct\u0259hl\u00fck\u0259li \u0259\u015fyan\u0131z varm\u0131?\u201d. \u201cYoxdur\u201d dey\u0259nd\u0259 inan\u0131rlar. Olanlar \u00e7\u0131xar\u0131b t\u0259hvil verirl\u0259r (AB\u015e-da \u00f6z\u00fcm g\u00f6rm\u00fc\u015f\u0259m bunu).\n<\/p>\n<p>\n  Bir d\u0259 var \u015e\u0259rq dediyimiz, amma \u015e\u0259rqd\u0259n daha geni\u015f anlay\u0131\u015f olan d\u00fcnyan\u0131n qalan hiss\u0259si. \u0130nsanlar iqtisadi v\u0259 ya dig\u0259r s\u0259b\u0259bl\u0259rd\u0259n bir-birl\u0259rinin \u0259tini, vaxt\u0131n\u0131, \u00f6mr\u00fcn\u00fc yeyirl\u0259r. Onlara geni\u015f anlay\u0131\u015f v\u0259 ya \u015f\u0259rh verm\u0259d\u0259n miqyas\u0131 daraldaq.\n<\/p>\n<p>\n  \u00d6z\u00fcm\u00fcz m\u00fcharib\u0259 g\u00f6rm\u00fc\u015f\u00fck. M\u00fcharib\u0259ni birba\u015fa g\u00f6r\u0259n adamlar\u0131n d\u0259y\u0259r anlay\u0131\u015f\u0131n\u0131n nec\u0259 a\u015f\u0131nd\u0131\u011f\u0131n\u0131n \u015fahidi olmu\u015fuq. \u0130\u015f\u011fal olunmu\u015f torpaqlardan g\u0259lib Bak\u0131da, Sumqay\u0131tda darvazan\u0131 svarka (!) il\u0259, divar\u0131 (!) lomla da\u011f\u0131d\u0131b ba\u015fqalar\u0131n\u0131n evl\u0259rini i\u015f\u011fal ed\u0259n adamlar haqq\u0131nda ham\u0131m\u0131z e\u015fitmi\u015fik. \u00c7ad\u0131r\u0131n i\u00e7ind\u0259 diz\u0259 q\u0259d\u0259r pal\u00e7\u0131qda dayan\u0131b \u201c\u00f6mr\u00fcn\u00fcn qalan hiss\u0259sini prezidentin\u0259 ba\u011f\u0131\u015flayan\u201d adamlar\u0131 da g\u00f6rm\u00fc\u015f\u00fck AzTV-d\u0259. M\u0259n kimis\u0259 q\u0131nam\u0131ram burada, sad\u0259c\u0259 faktlar\u0131 t\u0259svir edir\u0259m.\n<\/p>\n<p>\n  Onu d\u0259qiq bilir\u0259m ki, kims\u0259 ba\u015fqas\u0131n\u0131n evini z\u0259bt etm\u0259k ist\u0259m\u0259z, yaltaqlanmaq ist\u0259m\u0259z, bir qutu \u0259rzaq yard\u0131m\u0131ndan \u00f6tr\u00fc \u00f6z\u00fcn\u00fc s\u00f6yd\u00fcrm\u0259k ist\u0259m\u0259z. Sad\u0259c\u0259 m\u00fcharib\u0259, h\u0259r \u015feyini itirm\u0259k, arxa-dayaqs\u0131z, d\u00f6vl\u0259tsiz olmaq k\u00fctl\u0259ni el\u0259 hala sal\u0131r ki, ondan n\u0259 des\u0259n g\u00f6zl\u0259m\u0259k olur v\u0259 q\u0131namaq da \u00e7\u0259tin olur.\n<\/p>\n<p>\n  \u0130ndi Suriyadan Avropaya Qaraba\u011fdan qat-qat b\u00f6y\u00fck m\u00fcharib\u0259ni g\u00f6rm\u00fc\u015f v\u0259 h\u0259r \u015feyini, b\u0259z\u0259n h\u0259r k\u0259sini itirmi\u015f adamlar gedir. D\u0259y\u0259r anlay\u0131\u015f\u0131 \u0259sasl\u0131 t\u0259hrif olunmu\u015f v\u0259 ya tamamil\u0259 itirilmi\u015f adamlar inam v\u0259 etibara \u0259saslanan \u015f\u0259rait qurmu\u015f adamlar\u0131n c\u0259miyy\u0259tin\u0259 gedir. V\u0259 beyinl\u0259rind\u0259 m\u00fcntalitet, din&#8230;\n<\/p>\n<p>\n  Onlar\u0131n m\u00fcharib\u0259 g\u00f6rm\u0259y\u0259n, Avropadan inamdan sui-istifad\u0259 ed\u0259r\u0259k, s\u0131\u011f\u0131nacaq alan, on ill\u0259rdir orada ya\u015fayan h\u0259mv\u0259t\u0259nl\u0259ri, dinda\u015flar\u0131, ad\u0259t-\u0259n\u0259n\u0259 sirda\u015flar\u0131 h\u0259l\u0259 d\u0259 Avropada \u015f\u0259ri\u0259t t\u0259l\u0259b edirl\u0259r. \u0130ndi g\u00f6r\u00fcn, bunlar n\u0259l\u0259r t\u0259l\u0259b ed\u0259c\u0259kl\u0259r&#8230;\n<\/p>\n<p>\n  Avropa d\u0259y\u0259rl\u0259ri yaln\u0131z humanizmd\u0259n ibar\u0259t deyil. Humanizm \u00f6z\u00fc d\u0259 bir meyit\u0259 bax\u0131b qap\u0131n\u0131 qa\u00e7q\u0131nlara a\u00e7maq deyil. Avropa d\u0259y\u0259rl\u0259ri \u00e7ox geni\u015f anlay\u0131\u015fd\u0131r v\u0259 haz\u0131rda Avropada h\u0259m d\u0259 inam v\u0259 etibar \u00fcz\u0259rind\u0259 durur. V\u0259 bu inam v\u0259 etibar daxil olmaqla, Avropan\u0131n \u0259ks\u0259r d\u0259y\u0259rl\u0259ri b\u00f6y\u00fck t\u0259hl\u00fck\u0259d\u0259dir. Bu d\u0259y\u0259rl\u0259rin \u015e\u0259rq\u0259 yay\u0131lma s\u00fcr\u0259ti azalacaq, \u00e7\u00fcnki el\u0259 Almaniyan\u0131n i\u00e7ind\u0259 ham\u0131n\u0131 \u0259hat\u0259 ed\u0259 bilmir v\u0259 son g\u00fcnl\u0259r \u0259hat\u0259 etm\u0259dikl\u0259rinin dair\u0259si xeyli geni\u015fl\u0259ndi.\n<\/p>\n<p>\n  Budape\u015ftd\u0259 metroda yoxlaman\u0131n Praqadak\u0131 kimi olmas\u0131 bir az da gecik\u0259c\u0259k, Rum\u0131niya v\u0259 Bolqar\u0131stan\u0131n AB-nin dig\u0259r \u00fczvl\u0259rin\u0259 \u00e7atd\u0131r\u0131lmas\u0131 bir az da gecik\u0259c\u0259k, G\u00fcrc\u00fcstan\u0131n, Moldovan\u0131n, Ukraynan\u0131n demokratikl\u0259\u015fdirilm\u0259si s\u00fcr\u0259ti azalacaq. V\u0259 bizim \u00fc\u00e7\u00fcn \u0259n n\u0259hay\u0259t, demokratikl\u0259\u015fm\u0259 dal\u011fas\u0131n\u0131n G\u00fcrc\u00fcstandan daha \u015f\u0259rq\u0259, m\u0259s\u0259l\u0259n, biz\u0259 ke\u00e7m\u0259si daha da l\u0259ngiy\u0259c\u0259k, Avropan\u0131n g\u00fcnd\u0259mind\u0259n tamamil\u0259 \u00e7\u0131xacaq. Art\u0131q onlar\u0131n \u00f6z demokratikl\u0259\u015fm\u0259 problemi olan k\u00fctl\u0259l\u0259ri var. V\u0259 bu ax\u0131na g\u00f6r\u0259 artmaqda olan neo-fa\u015fistl\u0259ri. \u0130ndi neo-fa\u015fistl\u0259ri d\u0259 q\u0131namaq \u00e7\u0259tinl\u0259\u015f\u0259c\u0259k. Post-modernizm bu q\u0259d\u0259r u\u011fur \u0259ld\u0259 etm\u0259m\u0259li idi.\n<\/p>\n<p>\n  V\u0259ziyy\u0259t bu c\u0259nab\u0131n ba\u015f\u0131n\u0131n \u00fcst\u00fcnd\u0259ki plakatda yaz\u0131lan s\u00f6zl\u0259rl\u0259 onun bu s\u00f6zl\u0259ri dem\u0259k \u00fc\u00e7\u00fcn istifad\u0259 etdiyi ifad\u0259 azadl\u0131\u011f\u0131 aras\u0131ndak\u0131 ziddiyy\u0259t q\u0259d\u0259r qar\u0131\u015f\u0131qd\u0131r.\n<\/p>\n<figure class=\"wp-block-image size-large\">\n  <img decoding=\"async\" src=\"https:\/\/www.meydan.tv\/az\/33495\/\" alt=\"\" class=\"wp-image-33495\"\/><figcaption><\/figcaption><\/figure>\n<p>\n  <b><br \/>\n    Yaz\u0131dak\u0131 firikl\u0259r m\u00fc\u0259llifin \u015f\u0259xsi m\u00f6vqeyini \u0259ks etdirir&#8230;<br \/>\n  <\/b><\/p>\n","protected":false},"excerpt":{"rendered":"<p>Expression of freedom go to hell<\/p>\n","protected":false},"author":11,"featured_media":33489,"comment_status":"closed","ping_status":"open","sticky":false,"template":"","format":"standard","meta":{"_acf_changed":false,"_sitemap_exclude":false,"_sitemap_priority":"","_sitemap_frequency":"","footnotes":""},"categories":[57],"tags":[],"class_list":["post-169911","post","type-post","status-publish","format-standard","has-post-thumbnail","hentry","category-menim-fikrimce","infinite-scroll-item","generate-columns","tablet-grid-50","mobile-grid-100","grid-parent","grid-33","no-featured-image-padding"],"acf":[],"yoast_head":"<!-- This site is optimized with the Yoast SEO plugin v27.5 - https:\/\/yoast.com\/product\/yoast-seo-wordpress\/ -->\n<title>Bir c\u0259s\u0259d\u0259 bax\u0131b, qap\u0131 a\u00e7maq - MEYDAN.TV<\/title>\n<meta name=\"robots\" content=\"index, follow, max-snippet:-1, max-image-preview:large, max-video-preview:-1\" \/>\n<link rel=\"canonical\" href=\"https:\/\/www.meydan.tv\/az\/article\/bir-cesede-baxib-qapi-acmaq\/\" \/>\n<meta property=\"og:locale\" content=\"az_AZ\" \/>\n<meta property=\"og:type\" content=\"article\" \/>\n<meta property=\"og:title\" content=\"Bir c\u0259s\u0259d\u0259 bax\u0131b, qap\u0131 a\u00e7maq - MEYDAN.TV\" \/>\n<meta property=\"og:description\" content=\"Expression of freedom go to hell\" \/>\n<meta property=\"og:url\" content=\"https:\/\/www.meydan.tv\/az\/article\/bir-cesede-baxib-qapi-acmaq\/\" \/>\n<meta property=\"og:site_name\" content=\"MEYDAN.TV\" \/>\n<meta property=\"article:published_time\" content=\"2015-09-11T14:46:58+00:00\" \/>\n<meta property=\"og:image\" content=\"https:\/\/www.meydan.tv\/wp-content\/uploads\/12516.jpg\" \/>\n\t<meta property=\"og:image:width\" content=\"500\" \/>\n\t<meta property=\"og:image:height\" content=\"500\" \/>\n\t<meta property=\"og:image:type\" content=\"image\/jpeg\" \/>\n<meta name=\"author\" content=\"user-manager\" \/>\n<meta name=\"twitter:card\" content=\"summary_large_image\" \/>\n<script type=\"application\/ld+json\" class=\"yoast-schema-graph\">{\"@context\":\"https:\\\/\\\/schema.org\",\"@graph\":[{\"@type\":\"Article\",\"@id\":\"https:\\\/\\\/www.meydan.tv\\\/az\\\/article\\\/bir-cesede-baxib-qapi-acmaq\\\/#article\",\"isPartOf\":{\"@id\":\"https:\\\/\\\/www.meydan.tv\\\/az\\\/article\\\/bir-cesede-baxib-qapi-acmaq\\\/\"},\"author\":{\"name\":\"user-manager\",\"@id\":\"https:\\\/\\\/www.meydan.tv\\\/az\\\/#\\\/schema\\\/person\\\/10d11eccf6da3662cf5fdab9806ea91a\"},\"headline\":\"Bir c\u0259s\u0259d\u0259 bax\u0131b, qap\u0131 a\u00e7maq\",\"datePublished\":\"2015-09-11T14:46:58+00:00\",\"mainEntityOfPage\":{\"@id\":\"https:\\\/\\\/www.meydan.tv\\\/az\\\/article\\\/bir-cesede-baxib-qapi-acmaq\\\/\"},\"wordCount\":1325,\"publisher\":{\"@id\":\"https:\\\/\\\/www.meydan.tv\\\/az\\\/#organization\"},\"image\":{\"@id\":\"https:\\\/\\\/www.meydan.tv\\\/az\\\/article\\\/bir-cesede-baxib-qapi-acmaq\\\/#primaryimage\"},\"thumbnailUrl\":\"https:\\\/\\\/www.meydan.tv\\\/wp-content\\\/uploads\\\/12516.jpg\",\"articleSection\":[\"M\u0259nim Fikrimc\u0259\"],\"inLanguage\":\"az\"},{\"@type\":\"WebPage\",\"@id\":\"https:\\\/\\\/www.meydan.tv\\\/az\\\/article\\\/bir-cesede-baxib-qapi-acmaq\\\/\",\"url\":\"https:\\\/\\\/www.meydan.tv\\\/az\\\/article\\\/bir-cesede-baxib-qapi-acmaq\\\/\",\"name\":\"Bir c\u0259s\u0259d\u0259 bax\u0131b, qap\u0131 a\u00e7maq - MEYDAN.TV\",\"isPartOf\":{\"@id\":\"https:\\\/\\\/www.meydan.tv\\\/az\\\/#website\"},\"primaryImageOfPage\":{\"@id\":\"https:\\\/\\\/www.meydan.tv\\\/az\\\/article\\\/bir-cesede-baxib-qapi-acmaq\\\/#primaryimage\"},\"image\":{\"@id\":\"https:\\\/\\\/www.meydan.tv\\\/az\\\/article\\\/bir-cesede-baxib-qapi-acmaq\\\/#primaryimage\"},\"thumbnailUrl\":\"https:\\\/\\\/www.meydan.tv\\\/wp-content\\\/uploads\\\/12516.jpg\",\"datePublished\":\"2015-09-11T14:46:58+00:00\",\"breadcrumb\":{\"@id\":\"https:\\\/\\\/www.meydan.tv\\\/az\\\/article\\\/bir-cesede-baxib-qapi-acmaq\\\/#breadcrumb\"},\"inLanguage\":\"az\",\"potentialAction\":[{\"@type\":\"ReadAction\",\"target\":[\"https:\\\/\\\/www.meydan.tv\\\/az\\\/article\\\/bir-cesede-baxib-qapi-acmaq\\\/\"]}]},{\"@type\":\"ImageObject\",\"inLanguage\":\"az\",\"@id\":\"https:\\\/\\\/www.meydan.tv\\\/az\\\/article\\\/bir-cesede-baxib-qapi-acmaq\\\/#primaryimage\",\"url\":\"https:\\\/\\\/www.meydan.tv\\\/wp-content\\\/uploads\\\/12516.jpg\",\"contentUrl\":\"https:\\\/\\\/www.meydan.tv\\\/wp-content\\\/uploads\\\/12516.jpg\",\"width\":500,\"height\":500,\"caption\":\"Source:\"},{\"@type\":\"BreadcrumbList\",\"@id\":\"https:\\\/\\\/www.meydan.tv\\\/az\\\/article\\\/bir-cesede-baxib-qapi-acmaq\\\/#breadcrumb\",\"itemListElement\":[{\"@type\":\"ListItem\",\"position\":1,\"name\":\"Ana s\u0259hif\u0259\",\"item\":\"https:\\\/\\\/www.meydan.tv\\\/az\\\/\"},{\"@type\":\"ListItem\",\"position\":2,\"name\":\"M\u0259nim Fikrimc\u0259\",\"item\":\"https:\\\/\\\/www.meydan.tv\\\/az\\\/section\\\/menim-fikrimce\\\/\"},{\"@type\":\"ListItem\",\"position\":3,\"name\":\"Bir c\u0259s\u0259d\u0259 bax\u0131b, qap\u0131 a\u00e7maq\"}]},{\"@type\":\"WebSite\",\"@id\":\"https:\\\/\\\/www.meydan.tv\\\/az\\\/#website\",\"url\":\"https:\\\/\\\/www.meydan.tv\\\/az\\\/\",\"name\":\"MEYDAN.TV\",\"description\":\"Meydan TV Az\u0259rbaycan\u0131n media m\u0259kan\u0131ndak\u0131 alternativ s\u0259sidir\",\"publisher\":{\"@id\":\"https:\\\/\\\/www.meydan.tv\\\/az\\\/#organization\"},\"potentialAction\":[{\"@type\":\"SearchAction\",\"target\":{\"@type\":\"EntryPoint\",\"urlTemplate\":\"https:\\\/\\\/www.meydan.tv\\\/az\\\/?s={search_term_string}\"},\"query-input\":{\"@type\":\"PropertyValueSpecification\",\"valueRequired\":true,\"valueName\":\"search_term_string\"}}],\"inLanguage\":\"az\"},{\"@type\":\"Organization\",\"@id\":\"https:\\\/\\\/www.meydan.tv\\\/az\\\/#organization\",\"name\":\"Meydan TV\",\"url\":\"https:\\\/\\\/www.meydan.tv\\\/az\\\/\",\"logo\":{\"@type\":\"ImageObject\",\"inLanguage\":\"az\",\"@id\":\"https:\\\/\\\/www.meydan.tv\\\/az\\\/#\\\/schema\\\/logo\\\/image\\\/\",\"url\":\"https:\\\/\\\/www.meydan.tv\\\/wp-content\\\/uploads\\\/2021\\\/07\\\/meydan-logo.svg\",\"contentUrl\":\"https:\\\/\\\/www.meydan.tv\\\/wp-content\\\/uploads\\\/2021\\\/07\\\/meydan-logo.svg\",\"width\":195,\"height\":46,\"caption\":\"Meydan TV\"},\"image\":{\"@id\":\"https:\\\/\\\/www.meydan.tv\\\/az\\\/#\\\/schema\\\/logo\\\/image\\\/\"}},{\"@type\":\"Person\",\"@id\":\"https:\\\/\\\/www.meydan.tv\\\/az\\\/#\\\/schema\\\/person\\\/10d11eccf6da3662cf5fdab9806ea91a\",\"name\":\"user-manager\"}]}<\/script>\n<!-- \/ Yoast SEO plugin. -->","yoast_head_json":{"title":"Bir c\u0259s\u0259d\u0259 bax\u0131b, qap\u0131 a\u00e7maq - MEYDAN.TV","robots":{"index":"index","follow":"follow","max-snippet":"max-snippet:-1","max-image-preview":"max-image-preview:large","max-video-preview":"max-video-preview:-1"},"canonical":"https:\/\/www.meydan.tv\/az\/article\/bir-cesede-baxib-qapi-acmaq\/","og_locale":"az_AZ","og_type":"article","og_title":"Bir c\u0259s\u0259d\u0259 bax\u0131b, qap\u0131 a\u00e7maq - MEYDAN.TV","og_description":"Expression of freedom go to hell","og_url":"https:\/\/www.meydan.tv\/az\/article\/bir-cesede-baxib-qapi-acmaq\/","og_site_name":"MEYDAN.TV","article_published_time":"2015-09-11T14:46:58+00:00","og_image":[{"width":500,"height":500,"url":"https:\/\/www.meydan.tv\/wp-content\/uploads\/12516.jpg","type":"image\/jpeg"}],"author":"user-manager","twitter_card":"summary_large_image","schema":{"@context":"https:\/\/schema.org","@graph":[{"@type":"Article","@id":"https:\/\/www.meydan.tv\/az\/article\/bir-cesede-baxib-qapi-acmaq\/#article","isPartOf":{"@id":"https:\/\/www.meydan.tv\/az\/article\/bir-cesede-baxib-qapi-acmaq\/"},"author":{"name":"user-manager","@id":"https:\/\/www.meydan.tv\/az\/#\/schema\/person\/10d11eccf6da3662cf5fdab9806ea91a"},"headline":"Bir c\u0259s\u0259d\u0259 bax\u0131b, qap\u0131 a\u00e7maq","datePublished":"2015-09-11T14:46:58+00:00","mainEntityOfPage":{"@id":"https:\/\/www.meydan.tv\/az\/article\/bir-cesede-baxib-qapi-acmaq\/"},"wordCount":1325,"publisher":{"@id":"https:\/\/www.meydan.tv\/az\/#organization"},"image":{"@id":"https:\/\/www.meydan.tv\/az\/article\/bir-cesede-baxib-qapi-acmaq\/#primaryimage"},"thumbnailUrl":"https:\/\/www.meydan.tv\/wp-content\/uploads\/12516.jpg","articleSection":["M\u0259nim Fikrimc\u0259"],"inLanguage":"az"},{"@type":"WebPage","@id":"https:\/\/www.meydan.tv\/az\/article\/bir-cesede-baxib-qapi-acmaq\/","url":"https:\/\/www.meydan.tv\/az\/article\/bir-cesede-baxib-qapi-acmaq\/","name":"Bir c\u0259s\u0259d\u0259 bax\u0131b, qap\u0131 a\u00e7maq - MEYDAN.TV","isPartOf":{"@id":"https:\/\/www.meydan.tv\/az\/#website"},"primaryImageOfPage":{"@id":"https:\/\/www.meydan.tv\/az\/article\/bir-cesede-baxib-qapi-acmaq\/#primaryimage"},"image":{"@id":"https:\/\/www.meydan.tv\/az\/article\/bir-cesede-baxib-qapi-acmaq\/#primaryimage"},"thumbnailUrl":"https:\/\/www.meydan.tv\/wp-content\/uploads\/12516.jpg","datePublished":"2015-09-11T14:46:58+00:00","breadcrumb":{"@id":"https:\/\/www.meydan.tv\/az\/article\/bir-cesede-baxib-qapi-acmaq\/#breadcrumb"},"inLanguage":"az","potentialAction":[{"@type":"ReadAction","target":["https:\/\/www.meydan.tv\/az\/article\/bir-cesede-baxib-qapi-acmaq\/"]}]},{"@type":"ImageObject","inLanguage":"az","@id":"https:\/\/www.meydan.tv\/az\/article\/bir-cesede-baxib-qapi-acmaq\/#primaryimage","url":"https:\/\/www.meydan.tv\/wp-content\/uploads\/12516.jpg","contentUrl":"https:\/\/www.meydan.tv\/wp-content\/uploads\/12516.jpg","width":500,"height":500,"caption":"Source:"},{"@type":"BreadcrumbList","@id":"https:\/\/www.meydan.tv\/az\/article\/bir-cesede-baxib-qapi-acmaq\/#breadcrumb","itemListElement":[{"@type":"ListItem","position":1,"name":"Ana s\u0259hif\u0259","item":"https:\/\/www.meydan.tv\/az\/"},{"@type":"ListItem","position":2,"name":"M\u0259nim Fikrimc\u0259","item":"https:\/\/www.meydan.tv\/az\/section\/menim-fikrimce\/"},{"@type":"ListItem","position":3,"name":"Bir c\u0259s\u0259d\u0259 bax\u0131b, qap\u0131 a\u00e7maq"}]},{"@type":"WebSite","@id":"https:\/\/www.meydan.tv\/az\/#website","url":"https:\/\/www.meydan.tv\/az\/","name":"MEYDAN.TV","description":"Meydan TV Az\u0259rbaycan\u0131n media m\u0259kan\u0131ndak\u0131 alternativ s\u0259sidir","publisher":{"@id":"https:\/\/www.meydan.tv\/az\/#organization"},"potentialAction":[{"@type":"SearchAction","target":{"@type":"EntryPoint","urlTemplate":"https:\/\/www.meydan.tv\/az\/?s={search_term_string}"},"query-input":{"@type":"PropertyValueSpecification","valueRequired":true,"valueName":"search_term_string"}}],"inLanguage":"az"},{"@type":"Organization","@id":"https:\/\/www.meydan.tv\/az\/#organization","name":"Meydan TV","url":"https:\/\/www.meydan.tv\/az\/","logo":{"@type":"ImageObject","inLanguage":"az","@id":"https:\/\/www.meydan.tv\/az\/#\/schema\/logo\/image\/","url":"https:\/\/www.meydan.tv\/wp-content\/uploads\/2021\/07\/meydan-logo.svg","contentUrl":"https:\/\/www.meydan.tv\/wp-content\/uploads\/2021\/07\/meydan-logo.svg","width":195,"height":46,"caption":"Meydan TV"},"image":{"@id":"https:\/\/www.meydan.tv\/az\/#\/schema\/logo\/image\/"}},{"@type":"Person","@id":"https:\/\/www.meydan.tv\/az\/#\/schema\/person\/10d11eccf6da3662cf5fdab9806ea91a","name":"user-manager"}]}},"_links":{"self":[{"href":"https:\/\/www.meydan.tv\/az\/wp-json\/wp\/v2\/posts\/169911","targetHints":{"allow":["GET"]}}],"collection":[{"href":"https:\/\/www.meydan.tv\/az\/wp-json\/wp\/v2\/posts"}],"about":[{"href":"https:\/\/www.meydan.tv\/az\/wp-json\/wp\/v2\/types\/post"}],"author":[{"embeddable":true,"href":"https:\/\/www.meydan.tv\/az\/wp-json\/wp\/v2\/users\/11"}],"replies":[{"embeddable":true,"href":"https:\/\/www.meydan.tv\/az\/wp-json\/wp\/v2\/comments?post=169911"}],"version-history":[{"count":0,"href":"https:\/\/www.meydan.tv\/az\/wp-json\/wp\/v2\/posts\/169911\/revisions"}],"wp:featuredmedia":[{"embeddable":true,"href":"https:\/\/www.meydan.tv\/az\/wp-json\/wp\/v2\/media\/33489"}],"wp:attachment":[{"href":"https:\/\/www.meydan.tv\/az\/wp-json\/wp\/v2\/media?parent=169911"}],"wp:term":[{"taxonomy":"category","embeddable":true,"href":"https:\/\/www.meydan.tv\/az\/wp-json\/wp\/v2\/categories?post=169911"},{"taxonomy":"post_tag","embeddable":true,"href":"https:\/\/www.meydan.tv\/az\/wp-json\/wp\/v2\/tags?post=169911"}],"curies":[{"name":"wp","href":"https:\/\/api.w.org\/{rel}","templated":true}]}}