{"id":169894,"date":"2015-09-10T15:24:57","date_gmt":"2015-09-10T15:24:57","guid":{"rendered":"https:\/\/www.meydan.tv\/article\/kremldekiler-bilirdi\/"},"modified":"2015-09-10T15:24:57","modified_gmt":"2015-09-10T15:24:57","slug":"kremldekiler-bilirdi","status":"publish","type":"post","link":"https:\/\/www.meydan.tv\/az\/article\/kremldekiler-bilirdi\/","title":{"rendered":"Kremld\u0259kil\u0259r bilirdi&#8230;"},"content":{"rendered":"<figure class=\"wp-block-image size-large\">\n  <img decoding=\"async\" src=\"https:\/\/www.meydan.tv\/az\/33438\/\" alt=\"\" class=\"wp-image-33438\"\/><figcaption><\/figcaption><\/figure>\n<figure class=\"wp-block-image size-large\">\n  <img decoding=\"async\" src=\"https:\/\/www.meydan.tv\/az\/33435\/\" alt=\"\" class=\"wp-image-33435\"\/><figcaption><\/figcaption><\/figure>\n<p>\n  Heyd\u0259r \u018fliyev M\u00fct\u0259llibov h\u00f6kum\u0259tind\u0259ki Rusiya agenturas\u0131 v\u0259 \u00f6z\u00fcn\u0259 ba\u011fl\u0131 \u015f\u0259xsl\u0259rl\u0259 iqtidar\u0131n f\u0259aliyy\u0259tini sabotaj etm\u0259kl\u0259 m\u0259\u015f\u011ful idi. Briqada komandirl\u0259ri S\u0259f\u0259r \u018fbiyev, N\u0259cm\u0259ddin Sad\u0131qov, Elbrus Orucov, icra ba\u015f\u00e7\u0131lar\u0131ndan Nizami B\u0259hm\u0259nov, Elman M\u0259mm\u0259dov bu i\u015fd\u0259 \u00e7ox f\u0259al idil\u0259r. Bu sabotajlar b\u0259z\u0259n maraql\u0131 suallar do\u011furur.\n<\/p>\n<p>\n  Heyd\u0259r \u018fliyev niy\u0259 bunlar\u0131 etsin ki, ax\u0131 \u00f6z\u00fc hakimiyy\u0259t\u0259 g\u0259lmirdi. AXC-nin r\u0259qibini z\u0259ifl\u0259tm\u0259k onun n\u0259yin\u0259 laz\u0131m idi? Bu suala xeyli cavab var. Heyd\u0259r \u018fliyev h\u0259r\u0259katdak\u0131 casuslar\u0131n da f\u0259aliyy\u0259tini bu prosesl\u0259rl\u0259 \u0259laq\u0259l\u0259ndirib AXC \u0259leyhin\u0259 kampaniya qururdu. O, bunu etm\u0259s\u0259ydi, dem\u0259li Ayaz M\u00fct\u0259llibov haqq\u0131nda propoqanda birt\u0259r\u0259fli qaydada AXC-nin xeyrin\u0259 i\u015fl\u0259y\u0259rdi. \u018fliyev uydururdu ki, AXC onunla \u0259laq\u0259lidir. O, buna s\u00fcbut kimi Moskvaya ba\u011fl\u0131 olanlar\u0131n AXC daxilind\u0259ki bir-iki epizodik h\u0259r\u0259k\u0259tini misal g\u0259tirirdi. Bizim \u00fc\u00e7\u00fcn bunun s\u0259b\u0259bi ayd\u0131nd\u0131r. Amma h\u00f6rm\u0259tli oxucu il\u0259 d\u0259 b\u00f6l\u00fc\u015fm\u0259k pis olmazd\u0131.\n<\/p>\n<p>\n  Birincisi, o, r\u0259qibini v\u0259 ya r\u0259qibl\u0259rini z\u0259ifl\u0259tm\u0259k \u00fc\u00e7\u00fcn \u00e7al\u0131\u015f\u0131rd\u0131 v\u0259 \u00fcmumi planda \u00f6z i\u015fini g\u00f6r\u00fcrd\u00fc. \u0130kincisi, Heyd\u0259r \u018fliyev bu m\u0259s\u0259l\u0259l\u0259rd\u0259 t\u0259k deyildi. Xocal\u0131 soyq\u0131r\u0131m\u0131nda 366-c\u0131 alay\u0131n i\u015ftirak\u0131 dem\u0259y\u0259 \u0259sas verir ki, Moskva da M\u00fct\u0259llibovun \u0259leyhin\u0259 idi. Onu z\u0259ifl\u0259tm\u0259k \u00fc\u00e7\u00fcn Kreml\u0259 \u018fliyevd\u0259n daha s\u0259daq\u0259tli olan Elbrus Orucov canf\u0259\u015fanl\u0131q edirdi. \u015eu\u015fan\u0131n v\u0259 La\u00e7\u0131n\u0131n t\u0259slim edilm\u0259sin\u0259 o \u201cliderlik\u201d edirdi.\n<\/p>\n<p>\n  \u00dc\u00e7\u00fcnc\u00fcs\u00fc, Heyd\u0259r \u018fliyev v\u0259 Kremld\u0259kil\u0259r bilirdil\u0259r ki, bu i\u015f\u011fallar M\u00fct\u0259llibovu n\u00fcfuzdan salacaq v\u0259 \u201cQaraba\u011f\u201d probleminin d\u0259rinl\u0259\u015fm\u0259si il\u0259 g\u00fccl\u0259n\u0259n ultramill\u0259t\u00e7i c\u0259bh\u0259\u00e7il\u0259r onunla dil tapmaqdan imtina ed\u0259c\u0259k, onu bir an \u00f6nc\u0259 devirm\u0259k ist\u0259y\u0259c\u0259kl\u0259r. Bununla da Heyd\u0259r \u018fliyev o zaman \u00fc\u00e7\u00fcn hakimiyy\u0259t\u0259 g\u0259l\u0259 bilm\u0259s\u0259 d\u0259, \u0259sas r\u0259qibl\u0259rini birl\u0259\u015fm\u0259y\u0259 qoymayacaq.\n<\/p>\n<p>\n  Bu ssenari \u00fc\u00e7\u00fcn Kreml ona laz\u0131m olan b\u00fct\u00fcn d\u0259st\u0259yi verirdi. Heyd\u0259r \u018fliyevin \u0259m\u0259ll\u0259rind\u0259, planlar\u0131nda hans\u0131sa m\u0259n\u0259vi rasional, ya da siyasi, maddi element olmay\u0131b-hakimiyy\u0259t\u0259 g\u0259lm\u0259kd\u0259n ba\u015fqa. Onun qurdu\u011fu sistemin h\u0259r elementi \u201chakimiyy\u0259t\u0259 g\u0259lm\u0259k \u00fc\u00e7\u00fcn h\u0259r \u015fey\u201d deyirdi. O, sad\u0259c\u0259 bir \u015fey ist\u0259yirdi-hakimiyy\u0259t\u0259 g\u0259lm\u0259k. Ba\u015fqalar\u0131n\u0131n vasit\u0259 hesab etdiyi onun \u00fc\u00e7\u00fcn h\u0259d\u0259f idi. O, aza qane olma\u011f\u0131 se\u00e7mi\u015fdi.\n<\/p>\n<p>\n  <br \/>\n  <b><br \/>\n    P.S. Bu m\u0259qal\u0259 Az\u0259rbaycan\u0131n 1991-2002, 2002-2014-c\u00fc ill\u0259rind\u0259n b\u0259hs ed\u0259n \u201cAntiqay\u0131d\u0131\u015f\u201d s\u0259n\u0259dli filminin ssenarisidir. Ard\u0131 var&#8230;<br \/>\n  <\/b>\n<\/p>\n<p>\n  <b><br \/>\n    Yaz\u0131dak\u0131 fikril\u0259r m\u00fc\u0259llifin \u015f\u0259xsi m\u00f6vqeyini \u0259ks etdirir.<br \/>\n  <\/b><\/p>\n","protected":false},"excerpt":{"rendered":"<p>M\u00fct\u0259llibovun \u018fliyev\u00e7i adamlar\u0131<\/p>\n","protected":false},"author":11,"featured_media":33438,"comment_status":"closed","ping_status":"open","sticky":false,"template":"","format":"standard","meta":{"_acf_changed":false,"_sitemap_exclude":false,"_sitemap_priority":"","_sitemap_frequency":"","footnotes":""},"categories":[57],"tags":[],"class_list":["post-169894","post","type-post","status-publish","format-standard","has-post-thumbnail","hentry","category-menim-fikrimce","infinite-scroll-item","generate-columns","tablet-grid-50","mobile-grid-100","grid-parent","grid-33","no-featured-image-padding"],"acf":[],"yoast_head":"<!-- This site is optimized with the Yoast SEO plugin v27.5 - https:\/\/yoast.com\/product\/yoast-seo-wordpress\/ -->\n<title>Kremld\u0259kil\u0259r bilirdi... - MEYDAN.TV<\/title>\n<meta name=\"robots\" content=\"index, follow, max-snippet:-1, max-image-preview:large, max-video-preview:-1\" \/>\n<link rel=\"canonical\" href=\"https:\/\/www.meydan.tv\/az\/article\/kremldekiler-bilirdi\/\" \/>\n<meta property=\"og:locale\" content=\"az_AZ\" \/>\n<meta property=\"og:type\" content=\"article\" \/>\n<meta property=\"og:title\" content=\"Kremld\u0259kil\u0259r bilirdi... - MEYDAN.TV\" \/>\n<meta property=\"og:description\" content=\"M\u00fct\u0259llibovun \u018fliyev\u00e7i adamlar\u0131\" \/>\n<meta property=\"og:url\" content=\"https:\/\/www.meydan.tv\/az\/article\/kremldekiler-bilirdi\/\" \/>\n<meta property=\"og:site_name\" content=\"MEYDAN.TV\" \/>\n<meta property=\"article:published_time\" content=\"2015-09-10T15:24:57+00:00\" \/>\n<meta property=\"og:image\" content=\"https:\/\/www.meydan.tv\/wp-content\/uploads\/12494.jpg\" \/>\n\t<meta property=\"og:image:width\" content=\"500\" \/>\n\t<meta property=\"og:image:height\" content=\"500\" \/>\n\t<meta property=\"og:image:type\" content=\"image\/jpeg\" \/>\n<meta name=\"author\" content=\"user-manager\" \/>\n<meta name=\"twitter:card\" content=\"summary_large_image\" \/>\n<script type=\"application\/ld+json\" class=\"yoast-schema-graph\">{\"@context\":\"https:\\\/\\\/schema.org\",\"@graph\":[{\"@type\":\"Article\",\"@id\":\"https:\\\/\\\/www.meydan.tv\\\/az\\\/article\\\/kremldekiler-bilirdi\\\/#article\",\"isPartOf\":{\"@id\":\"https:\\\/\\\/www.meydan.tv\\\/az\\\/article\\\/kremldekiler-bilirdi\\\/\"},\"author\":{\"name\":\"user-manager\",\"@id\":\"https:\\\/\\\/www.meydan.tv\\\/az\\\/#\\\/schema\\\/person\\\/10d11eccf6da3662cf5fdab9806ea91a\"},\"headline\":\"Kremld\u0259kil\u0259r bilirdi&#8230;\",\"datePublished\":\"2015-09-10T15:24:57+00:00\",\"mainEntityOfPage\":{\"@id\":\"https:\\\/\\\/www.meydan.tv\\\/az\\\/article\\\/kremldekiler-bilirdi\\\/\"},\"wordCount\":509,\"publisher\":{\"@id\":\"https:\\\/\\\/www.meydan.tv\\\/az\\\/#organization\"},\"image\":{\"@id\":\"https:\\\/\\\/www.meydan.tv\\\/az\\\/article\\\/kremldekiler-bilirdi\\\/#primaryimage\"},\"thumbnailUrl\":\"https:\\\/\\\/www.meydan.tv\\\/wp-content\\\/uploads\\\/12494.jpg\",\"articleSection\":[\"M\u0259nim Fikrimc\u0259\"],\"inLanguage\":\"az\"},{\"@type\":\"WebPage\",\"@id\":\"https:\\\/\\\/www.meydan.tv\\\/az\\\/article\\\/kremldekiler-bilirdi\\\/\",\"url\":\"https:\\\/\\\/www.meydan.tv\\\/az\\\/article\\\/kremldekiler-bilirdi\\\/\",\"name\":\"Kremld\u0259kil\u0259r bilirdi... - MEYDAN.TV\",\"isPartOf\":{\"@id\":\"https:\\\/\\\/www.meydan.tv\\\/az\\\/#website\"},\"primaryImageOfPage\":{\"@id\":\"https:\\\/\\\/www.meydan.tv\\\/az\\\/article\\\/kremldekiler-bilirdi\\\/#primaryimage\"},\"image\":{\"@id\":\"https:\\\/\\\/www.meydan.tv\\\/az\\\/article\\\/kremldekiler-bilirdi\\\/#primaryimage\"},\"thumbnailUrl\":\"https:\\\/\\\/www.meydan.tv\\\/wp-content\\\/uploads\\\/12494.jpg\",\"datePublished\":\"2015-09-10T15:24:57+00:00\",\"breadcrumb\":{\"@id\":\"https:\\\/\\\/www.meydan.tv\\\/az\\\/article\\\/kremldekiler-bilirdi\\\/#breadcrumb\"},\"inLanguage\":\"az\",\"potentialAction\":[{\"@type\":\"ReadAction\",\"target\":[\"https:\\\/\\\/www.meydan.tv\\\/az\\\/article\\\/kremldekiler-bilirdi\\\/\"]}]},{\"@type\":\"ImageObject\",\"inLanguage\":\"az\",\"@id\":\"https:\\\/\\\/www.meydan.tv\\\/az\\\/article\\\/kremldekiler-bilirdi\\\/#primaryimage\",\"url\":\"https:\\\/\\\/www.meydan.tv\\\/wp-content\\\/uploads\\\/12494.jpg\",\"contentUrl\":\"https:\\\/\\\/www.meydan.tv\\\/wp-content\\\/uploads\\\/12494.jpg\",\"width\":500,\"height\":500,\"caption\":\"Source:\"},{\"@type\":\"BreadcrumbList\",\"@id\":\"https:\\\/\\\/www.meydan.tv\\\/az\\\/article\\\/kremldekiler-bilirdi\\\/#breadcrumb\",\"itemListElement\":[{\"@type\":\"ListItem\",\"position\":1,\"name\":\"Ana s\u0259hif\u0259\",\"item\":\"https:\\\/\\\/www.meydan.tv\\\/az\\\/\"},{\"@type\":\"ListItem\",\"position\":2,\"name\":\"M\u0259nim Fikrimc\u0259\",\"item\":\"https:\\\/\\\/www.meydan.tv\\\/az\\\/section\\\/menim-fikrimce\\\/\"},{\"@type\":\"ListItem\",\"position\":3,\"name\":\"Kremld\u0259kil\u0259r bilirdi&#8230;\"}]},{\"@type\":\"WebSite\",\"@id\":\"https:\\\/\\\/www.meydan.tv\\\/az\\\/#website\",\"url\":\"https:\\\/\\\/www.meydan.tv\\\/az\\\/\",\"name\":\"MEYDAN.TV\",\"description\":\"Meydan TV Az\u0259rbaycan\u0131n media m\u0259kan\u0131ndak\u0131 alternativ s\u0259sidir\",\"publisher\":{\"@id\":\"https:\\\/\\\/www.meydan.tv\\\/az\\\/#organization\"},\"potentialAction\":[{\"@type\":\"SearchAction\",\"target\":{\"@type\":\"EntryPoint\",\"urlTemplate\":\"https:\\\/\\\/www.meydan.tv\\\/az\\\/?s={search_term_string}\"},\"query-input\":{\"@type\":\"PropertyValueSpecification\",\"valueRequired\":true,\"valueName\":\"search_term_string\"}}],\"inLanguage\":\"az\"},{\"@type\":\"Organization\",\"@id\":\"https:\\\/\\\/www.meydan.tv\\\/az\\\/#organization\",\"name\":\"Meydan TV\",\"url\":\"https:\\\/\\\/www.meydan.tv\\\/az\\\/\",\"logo\":{\"@type\":\"ImageObject\",\"inLanguage\":\"az\",\"@id\":\"https:\\\/\\\/www.meydan.tv\\\/az\\\/#\\\/schema\\\/logo\\\/image\\\/\",\"url\":\"https:\\\/\\\/www.meydan.tv\\\/wp-content\\\/uploads\\\/2021\\\/07\\\/meydan-logo.svg\",\"contentUrl\":\"https:\\\/\\\/www.meydan.tv\\\/wp-content\\\/uploads\\\/2021\\\/07\\\/meydan-logo.svg\",\"width\":195,\"height\":46,\"caption\":\"Meydan TV\"},\"image\":{\"@id\":\"https:\\\/\\\/www.meydan.tv\\\/az\\\/#\\\/schema\\\/logo\\\/image\\\/\"}},{\"@type\":\"Person\",\"@id\":\"https:\\\/\\\/www.meydan.tv\\\/az\\\/#\\\/schema\\\/person\\\/10d11eccf6da3662cf5fdab9806ea91a\",\"name\":\"user-manager\"}]}<\/script>\n<!-- \/ Yoast SEO plugin. -->","yoast_head_json":{"title":"Kremld\u0259kil\u0259r bilirdi... - MEYDAN.TV","robots":{"index":"index","follow":"follow","max-snippet":"max-snippet:-1","max-image-preview":"max-image-preview:large","max-video-preview":"max-video-preview:-1"},"canonical":"https:\/\/www.meydan.tv\/az\/article\/kremldekiler-bilirdi\/","og_locale":"az_AZ","og_type":"article","og_title":"Kremld\u0259kil\u0259r bilirdi... - MEYDAN.TV","og_description":"M\u00fct\u0259llibovun \u018fliyev\u00e7i adamlar\u0131","og_url":"https:\/\/www.meydan.tv\/az\/article\/kremldekiler-bilirdi\/","og_site_name":"MEYDAN.TV","article_published_time":"2015-09-10T15:24:57+00:00","og_image":[{"width":500,"height":500,"url":"https:\/\/www.meydan.tv\/wp-content\/uploads\/12494.jpg","type":"image\/jpeg"}],"author":"user-manager","twitter_card":"summary_large_image","schema":{"@context":"https:\/\/schema.org","@graph":[{"@type":"Article","@id":"https:\/\/www.meydan.tv\/az\/article\/kremldekiler-bilirdi\/#article","isPartOf":{"@id":"https:\/\/www.meydan.tv\/az\/article\/kremldekiler-bilirdi\/"},"author":{"name":"user-manager","@id":"https:\/\/www.meydan.tv\/az\/#\/schema\/person\/10d11eccf6da3662cf5fdab9806ea91a"},"headline":"Kremld\u0259kil\u0259r bilirdi&#8230;","datePublished":"2015-09-10T15:24:57+00:00","mainEntityOfPage":{"@id":"https:\/\/www.meydan.tv\/az\/article\/kremldekiler-bilirdi\/"},"wordCount":509,"publisher":{"@id":"https:\/\/www.meydan.tv\/az\/#organization"},"image":{"@id":"https:\/\/www.meydan.tv\/az\/article\/kremldekiler-bilirdi\/#primaryimage"},"thumbnailUrl":"https:\/\/www.meydan.tv\/wp-content\/uploads\/12494.jpg","articleSection":["M\u0259nim Fikrimc\u0259"],"inLanguage":"az"},{"@type":"WebPage","@id":"https:\/\/www.meydan.tv\/az\/article\/kremldekiler-bilirdi\/","url":"https:\/\/www.meydan.tv\/az\/article\/kremldekiler-bilirdi\/","name":"Kremld\u0259kil\u0259r bilirdi... - MEYDAN.TV","isPartOf":{"@id":"https:\/\/www.meydan.tv\/az\/#website"},"primaryImageOfPage":{"@id":"https:\/\/www.meydan.tv\/az\/article\/kremldekiler-bilirdi\/#primaryimage"},"image":{"@id":"https:\/\/www.meydan.tv\/az\/article\/kremldekiler-bilirdi\/#primaryimage"},"thumbnailUrl":"https:\/\/www.meydan.tv\/wp-content\/uploads\/12494.jpg","datePublished":"2015-09-10T15:24:57+00:00","breadcrumb":{"@id":"https:\/\/www.meydan.tv\/az\/article\/kremldekiler-bilirdi\/#breadcrumb"},"inLanguage":"az","potentialAction":[{"@type":"ReadAction","target":["https:\/\/www.meydan.tv\/az\/article\/kremldekiler-bilirdi\/"]}]},{"@type":"ImageObject","inLanguage":"az","@id":"https:\/\/www.meydan.tv\/az\/article\/kremldekiler-bilirdi\/#primaryimage","url":"https:\/\/www.meydan.tv\/wp-content\/uploads\/12494.jpg","contentUrl":"https:\/\/www.meydan.tv\/wp-content\/uploads\/12494.jpg","width":500,"height":500,"caption":"Source:"},{"@type":"BreadcrumbList","@id":"https:\/\/www.meydan.tv\/az\/article\/kremldekiler-bilirdi\/#breadcrumb","itemListElement":[{"@type":"ListItem","position":1,"name":"Ana s\u0259hif\u0259","item":"https:\/\/www.meydan.tv\/az\/"},{"@type":"ListItem","position":2,"name":"M\u0259nim Fikrimc\u0259","item":"https:\/\/www.meydan.tv\/az\/section\/menim-fikrimce\/"},{"@type":"ListItem","position":3,"name":"Kremld\u0259kil\u0259r bilirdi&#8230;"}]},{"@type":"WebSite","@id":"https:\/\/www.meydan.tv\/az\/#website","url":"https:\/\/www.meydan.tv\/az\/","name":"MEYDAN.TV","description":"Meydan TV Az\u0259rbaycan\u0131n media m\u0259kan\u0131ndak\u0131 alternativ s\u0259sidir","publisher":{"@id":"https:\/\/www.meydan.tv\/az\/#organization"},"potentialAction":[{"@type":"SearchAction","target":{"@type":"EntryPoint","urlTemplate":"https:\/\/www.meydan.tv\/az\/?s={search_term_string}"},"query-input":{"@type":"PropertyValueSpecification","valueRequired":true,"valueName":"search_term_string"}}],"inLanguage":"az"},{"@type":"Organization","@id":"https:\/\/www.meydan.tv\/az\/#organization","name":"Meydan TV","url":"https:\/\/www.meydan.tv\/az\/","logo":{"@type":"ImageObject","inLanguage":"az","@id":"https:\/\/www.meydan.tv\/az\/#\/schema\/logo\/image\/","url":"https:\/\/www.meydan.tv\/wp-content\/uploads\/2021\/07\/meydan-logo.svg","contentUrl":"https:\/\/www.meydan.tv\/wp-content\/uploads\/2021\/07\/meydan-logo.svg","width":195,"height":46,"caption":"Meydan TV"},"image":{"@id":"https:\/\/www.meydan.tv\/az\/#\/schema\/logo\/image\/"}},{"@type":"Person","@id":"https:\/\/www.meydan.tv\/az\/#\/schema\/person\/10d11eccf6da3662cf5fdab9806ea91a","name":"user-manager"}]}},"_links":{"self":[{"href":"https:\/\/www.meydan.tv\/az\/wp-json\/wp\/v2\/posts\/169894","targetHints":{"allow":["GET"]}}],"collection":[{"href":"https:\/\/www.meydan.tv\/az\/wp-json\/wp\/v2\/posts"}],"about":[{"href":"https:\/\/www.meydan.tv\/az\/wp-json\/wp\/v2\/types\/post"}],"author":[{"embeddable":true,"href":"https:\/\/www.meydan.tv\/az\/wp-json\/wp\/v2\/users\/11"}],"replies":[{"embeddable":true,"href":"https:\/\/www.meydan.tv\/az\/wp-json\/wp\/v2\/comments?post=169894"}],"version-history":[{"count":0,"href":"https:\/\/www.meydan.tv\/az\/wp-json\/wp\/v2\/posts\/169894\/revisions"}],"wp:featuredmedia":[{"embeddable":true,"href":"https:\/\/www.meydan.tv\/az\/wp-json\/wp\/v2\/media\/33438"}],"wp:attachment":[{"href":"https:\/\/www.meydan.tv\/az\/wp-json\/wp\/v2\/media?parent=169894"}],"wp:term":[{"taxonomy":"category","embeddable":true,"href":"https:\/\/www.meydan.tv\/az\/wp-json\/wp\/v2\/categories?post=169894"},{"taxonomy":"post_tag","embeddable":true,"href":"https:\/\/www.meydan.tv\/az\/wp-json\/wp\/v2\/tags?post=169894"}],"curies":[{"name":"wp","href":"https:\/\/api.w.org\/{rel}","templated":true}]}}