{"id":169850,"date":"2015-09-07T23:35:40","date_gmt":"2015-09-07T23:35:40","guid":{"rendered":"https:\/\/www.meydan.tv\/article\/murebbecilerin-zefer-yurusu\/"},"modified":"2015-09-07T23:35:40","modified_gmt":"2015-09-07T23:35:40","slug":"murebbecilerin-zefer-yurusu","status":"publish","type":"post","link":"https:\/\/www.meydan.tv\/az\/article\/murebbecilerin-zefer-yurusu\/","title":{"rendered":"M\u00fcr\u0259bb\u0259\u00e7il\u0259rin z\u0259f\u0259r y\u00fcr\u00fc\u015f\u00fc&#8230;"},"content":{"rendered":"<figure class=\"wp-block-image size-large\">\n  <img decoding=\"async\" src=\"https:\/\/www.meydan.tv\/az\/33269\/\" alt=\"\" class=\"wp-image-33269\"\/><figcaption><\/figcaption><\/figure>\n<figure class=\"wp-block-image size-large\">\n  <img decoding=\"async\" src=\"https:\/\/www.meydan.tv\/az\/33272\/\" alt=\"\" class=\"wp-image-33272\"\/><figcaption><\/figcaption><\/figure>\n<p>\n  Anamla ba\u011fl\u0131 son yaz\u0131ma olan h\u0259ssas m\u00fcnasib\u0259td\u0259n h\u0259l\u0259 \u00f6z\u00fcm\u0259 g\u0259lm\u0259mi\u015f q\u0259rib\u0259 bir hadis\u0259 il\u0259 qar\u015f\u0131la\u015fd\u0131m. H\u0259m d\u0259 \u00f6mr\u00fcm\u0259 \u0259n a\u011f\u0131r v\u0259 a\u011fr\u0131l\u0131 h\u0259rfl\u0259rl\u0259 yaz\u0131lm\u0131\u015f sentyabr\u0131n ilk g\u00fcn\u00fc. Bir zamanlar ucqar bir k\u0259ndin b\u0259xt\u0259v\u0259r bir ail\u0259 yuvas\u0131ndan m\u0259kt\u0259b\u0259, iki il \u00f6nc\u0259 is\u0259 art\u0131q soyuma\u011fa ba\u015flam\u0131\u015f h\u0259min yuvadan son m\u0259nzil\u0259 yola sal\u0131nm\u0131\u015f qarda\u015f\u0131m\u0131n ilind\u0259. H\u0259m d\u0259 o halda ki, c\u0259mi bir ne\u00e7\u0259 g\u00fcnd\u0259n sonra anam\u0131 itirdiyim tarixl\u0259 \u00fcz-\u00fcz\u0259 qalas\u0131yam.\n<\/p>\n<p>\n  Pay\u0131zla ba\u011fl\u0131 xatir\u0259l\u0259rim o q\u0259d\u0259r d\u00f6z\u00fclm\u0259zdi ki, bu f\u0259sild\u0259 a\u011facdan d\u00fc\u015f\u0259n son yarpaq kimi torpa\u011fa qar\u0131\u015fmaq \u0259n b\u00f6y\u00fck t\u0259s\u0259llim olard\u0131&#8230; \u00c7\u00fcnki bu itkil\u0259r f\u0259slind\u0259 c\u00fczi bir t\u0259sird\u0259n asanl\u0131qla d\u0259liy\u0259 d\u00f6n\u00fcr\u0259m. \u00d6z\u00fcmd\u0259-s\u00f6z\u00fcmd\u0259 olmuram, a\u011fr\u0131lar\u0131m art\u0131r, s\u0259brim t\u00fck\u0259nir. Taleyin m\u0259n\u0259 divan tutdu\u011fu g\u00fcnl\u0259rd\u0259 b\u0259nd\u0259nin \u0259n adi \u0259dal\u0259tsizliyin\u0259 d\u00f6z\u0259 bilmir\u0259m.<br \/>\n  <br \/>\n  T\u0259s\u0259vv\u00fcr edin ki, bel\u0259 bir vaxtda telefonuma z\u0259ng g\u0259lir:<br \/>\n  <br \/>\n  \u2013 Nazl\u0131 xan\u0131md\u0131r?<br \/>\n  <br \/>\n  \u2013 B\u0259li, deyir\u0259m.<br \/>\n  <br \/>\n  \u2013 Ba\u015f prokurorluqdand\u0131.\n<\/p>\n<p>\n  Sonra m\u0259lum olacaq ki, Ba\u015f Prokurorlu\u011fun A\u011f\u0131r Cinay\u0259tl\u0259r\u0259 dair \u0130stintaq \u0130dar\u0259sind\u0259ndi. M\u0259ni h\u0259min g\u00fcn h\u0259min v\u0259ziyy\u0259td\u0259 h\u0259min \u00fcnvana Meydan TV il\u0259 ba\u011fl\u0131 ifad\u0259 verm\u0259y\u0259 \u00e7a\u011f\u0131r\u0131rlar.<br \/>\n  <br \/>\n  \u2013 Bak\u0131ya g\u0259l\u0259 bilm\u0259r\u0259m, a\u011fr\u0131lar\u0131m var, \u2013 dey\u0259nd\u0259 prokurorluq \u0259m\u0259kda\u015f\u0131 soru\u015fur:<br \/>\n  <br \/>\n  \u2013 Siz Bak\u0131da ya\u015fam\u0131rs\u0131z?\n<\/p>\n<p>\n  Az qal\u0131ram dey\u0259m ki:<br \/>\n  <br \/>\n  \u2013 M\u0259n n\u0259yinki Bak\u0131da ya\u015fam\u0131ram, \u00fcmumiyy\u0259tl\u0259 he\u00e7 ya\u015fam\u0131ram da.\n<\/p>\n<p>\n  Amma demir\u0259m. \u00c7\u00fcnki x\u0259ttin o ba\u015f\u0131ndak\u0131 adam m\u0259nim ya\u015fam\u0131mdan, ya\u015fad\u0131qlar\u0131mdan x\u0259b\u0259rsiz v\u0259 maraqs\u0131z \u00f6z v\u0259zif\u0259sini icra edir. Y\u0259ni bu m\u0259s\u0259l\u0259d\u0259 Nazl\u0131 A\u011fayeva epizotik n\u00f6vb\u0259tid\u0259n ba\u015fqa bir \u015fey deyil. M\u0259n d\u0259 duruma g\u00f6r\u0259 sad\u0259c\u0259 yuxar\u0131dak\u0131 \u00fcz\u00fcrl\u00fc s\u0259b\u0259bl\u0259ri sadalay\u0131ram. Qald\u0131 ki, \u201cMeydan TV\u201d bar\u0259d\u0259 b\u00fct\u00fcn bilikl\u0259rim bir-iki b\u0259sit c\u00fcml\u0259d\u0259n o yana ke\u00e7mir.\n<\/p>\n<p>\n  Bu g\u00fcnl\u0259r sanc\u0131dan \u00e7atlayan \u015fi\u015fkin aya\u011f\u0131mla, param-par\u00e7a \u00fcr\u0259yiml\u0259, q\u0259h\u0259rd\u0259n tutulan bo\u011faz\u0131mla m\u0259n he\u00e7 d\u00fcnyan\u0131n \u00f6z\u00fcn\u0259 d\u0259 s\u0131\u011f\u0131\u015fm\u0131ram. Allah raz\u0131 olsun, anlay\u0131\u015f g\u00f6st\u0259rdil\u0259r. Onsuz da cavab\u0131n\u0131 bilm\u0259diyim suallarla n\u0259 m\u0259nim a\u011fr\u0131l\u0131 can\u0131m\u0131 incitdil\u0259r, n\u0259 \u00f6z vaxtlar\u0131n\u0131 x\u0259rcl\u0259dil\u0259r. H\u0259r\u00e7\u0259nd bu epizod s\u0259hh\u0259timd\u0259 bir az \u0259lav\u0259 g\u0259rginlik yaratd\u0131, o m\u0259nada ki, ba\u015fqa k\u0259d\u0259rli hadis\u0259l\u0259rl\u0259 \u00fcst-\u00fcst\u0259 d\u00fc\u015fm\u00fc\u015fd\u00fc. Amma al\u0131\u015f\u0131q adamlar \u00fc\u00e7\u00fcn bir art\u0131q, bir \u0259skik n\u0259 f\u0259rq ed\u0259r ki? T\u0259ki problem \u00e7\u00f6z\u00fcls\u00fcn v\u0259 qaranl\u0131qlar meydana \u00e7\u0131xs\u0131n.\n<\/p>\n<p>\n  M\u00f6vzusu h\u0259l\u0259lik \u00f6z\u00fcm\u0259 d\u0259 b\u0259lli olmayan bu k\u00f6\u015f\u0259ni yaz\u0131lar\u0131m\u0131 oxuyaraq m\u00fcnasib\u0259t bildir\u0259n v\u0259 bildirm\u0259y\u0259n h\u0259r k\u0259s \u00fc\u00e7\u00fcn yaz\u0131ram. K\u00fctl\u0259vi \u0130nformasiya m\u0259kan\u0131ndak\u0131 oxucu b\u00f6hran\u0131n\u0131 m\u0259n\u0259 hiss etdirm\u0259y\u0259n diqq\u0259tli, h\u0259ssas v\u0259 \u0259ziz toplumla \u00fcz-\u00fcz\u0259 oturub d\u0259rdl\u0259\u015firmi\u015fik kimi. H\u0259r\u00e7\u0259nd v\u0259 \u00e7ox \u015f\u00fck\u00fcr ki, \u00f6lk\u0259miz d\u0259rdl\u0259rimizl\u0259 bah\u0259m adam\u0131n doda\u011f\u0131n\u0131 zorla qa\u00e7\u0131rdan hadis\u0259l\u0259rl\u0259 doludur.\n<\/p>\n<p>\n  Biz\u0259 h\u0259rd\u0259n t\u0259bii yumor hissi ya\u015fadan milli m\u0259murlar\u0131m\u0131za sonsuz m\u0259nn\u0259tdarl\u0131q hissi il\u0259 oxuyaq:<br \/>\n  <br \/>\n  \u201cQ\u0259b\u0259l\u0259 Rayon \u0130cra Hakimiyy\u0259tinin t\u0259\u015f\u0259bb\u00fcs\u00fc v\u0259 t\u0259\u015fkilat\u00e7\u0131l\u0131\u011f\u0131, M\u0259d\u0259niyy\u0259t v\u0259 Turizm Nazirliyinin Milli Kulinariya M\u0259rk\u0259zinin, Az\u0259rbaycan Milli Kulinariya Assosiasiyas\u0131n\u0131n d\u0259st\u0259yi il\u0259 avqustun 29-da Q\u0259b\u0259l\u0259 \u015f\u0259h\u0259rind\u0259 III Beyn\u0259lxalq M\u00fcr\u0259bb\u0259 Festival\u0131 ke\u00e7irilmi\u015fdir. Festival\u0131n i\u015ftirak\u00e7\u0131lar\u0131 \u0259vv\u0259lc\u0259 ulu \u00f6nd\u0259r Heyd\u0259r \u018fliyevin xatir\u0259sini ehtiramla yad ed\u0259r\u0259k, onun abid\u0259si \u00f6n\u00fcn\u0259 g\u00fcl d\u0259st\u0259l\u0259ri d\u00fczm\u00fc\u015fl\u0259r. Sonra is\u0259 Heyd\u0259r \u018fliyev park\u0131ndan festival ke\u00e7iril\u0259n \u0259raziy\u0259d\u0259k-\u201cQafqaz- Karvansaray\u201d otel kompleksin\u0259 musiqi s\u0259dalar\u0131 al\u0131t\u0131nda ictimaiyy\u0259t n\u00fcmay\u0259nd\u0259l\u0259rinin v\u0259 m\u00fcr\u0259bb\u0259\u00e7il\u0259rd\u0259n ibar\u0259t kulinariya komandalar\u0131n\u0131n y\u00fcr\u00fc\u015f\u00fc t\u0259\u015fkil edilmi\u015fdir.\u201d\n<\/p>\n<p>\n  Sitat Q\u0259b\u0259l\u0259 rayon \u0130cra Hakimiyy\u0259tinin r\u0259smi sayt\u0131ndan g\u00f6t\u00fcr\u00fcl\u00fcb. \u015e\u0259rh\u0259 ehtiyac varm\u0131? \u00d6lk\u0259ni v\u0259 ayr\u0131-ayr\u0131 b\u00f6lg\u0259l\u0259ri idar\u0259 ed\u0259nl\u0259rin asud\u0259 vaxtlar\u0131n\u0131 nec\u0259 ke\u00e7irdikl\u0259rini g\u00f6r\u00fcb heyr\u0259tl\u0259nm\u0259m\u0259k olmur. \u00c7ox \u0259yl\u0259nc\u0259li v\u0259 \u015firin t\u0259dbirdir. Adam\u0131n lap yem\u0259yi g\u0259lir.\n<\/p>\n<p>\n  Yay ba\u015flayandan musiqi festival\u0131, at\u0131c\u0131l\u0131q festival\u0131 v\u0259 ard\u0131nca da bu m\u00fcr\u0259bb\u0259 festival\u0131. Ham\u0131s\u0131 da beyn\u0259lxalq. Rayondak\u0131 b\u00fct\u00fcn milli kas\u0131blar, i\u015fsizl\u0259r, x\u0259st\u0259l\u0259r dondurulub. \u018fhali aylarla qorxudan v\u0259 utand\u0131\u011f\u0131ndan q\u0259bula da ged\u0259 bilmir. \u00c7\u00fcnki qonaqlar el\u0259 bil\u0259rl\u0259r m\u00f6ht\u0259\u015f\u0259m Q\u0259b\u0259l\u0259 kas\u0131b, i\u015fsiz, x\u0259st\u0259 adamlarla doludur. H\u0259r\u00e7\u0259nd, eyni ssenari il\u0259 ba\u015flan\u0131b-bit\u0259n ba\u015f\u00e7\u0131s\u0131z q\u0259bul g\u00fcnl\u0259rind\u0259 kims\u0259nin \u015fikay\u0259tin\u0259 bir \u0259lac edildiyi yoxdu.\n<\/p>\n<p>\n  Sad\u0259c\u0259 xalq h\u0259r h\u0259ft\u0259nin c\u00fcm\u0259 g\u00fcn\u00fc evd\u0259n \u00e7\u0131x\u0131b yara\u015f\u0131qda prezident aparat\u0131n\u0131 gerid\u0259 qoyan icra hakimiyy\u0259ti binas\u0131na getm\u0259y\u0259 ad\u0259t edib. \u00c7\u00fcnki bu binan\u0131n q\u0259bul ota\u011f\u0131nda ba\u015flanan tan\u0131\u015fl\u0131qlar art\u0131q dostlu\u011fa, sirda\u015fl\u0131\u011fa \u00e7evrilib. D\u0259rdini g\u00f6t\u00fcr\u00fcb bura g\u0259l\u0259n adamlar onlar\u0131 h\u0259r d\u0259f\u0259 t\u00fct\u0259kl\u0259 yola salanlar\u0131 bo\u015f verib \u00f6z-\u00f6zl\u0259riyl\u0259 t\u0259skinlik tap\u0131blar. \u0130ll\u0259rl\u0259 deputat, aylarla ba\u015f\u00e7\u0131 axtar\u0131b \u0259ll\u0259ri havada qalanlar \u00fcr\u0259kl\u0259rini bir-birin\u0259 bo\u015fald\u0131b y\u00fcng\u00fcll\u0259\u015fibl\u0259r. Bayaqk\u0131 sayta istinad\u0259n \u00f6yr\u0259nirik ki, r\u0259hb\u0259rlik is\u0259 h\u0259qiq\u0259t\u0259n d\u0259 h\u0259min vaxtlarda bu tip taley\u00fckl\u00fc m\u0259s\u0259l\u0259l\u0259rl\u0259 m\u0259\u015f\u011ful olurmu\u015f:\n<\/p>\n<p>\n  \u201cQ\u0259b\u0259l\u0259 Rayon \u0130cra Hakimiyy\u0259tinin t\u0259\u015f\u0259bb\u00fcs v\u0259 t\u0259\u015fkilat\u00e7\u0131l\u0131\u011f\u0131, M\u0259d\u0259niyy\u0259t v\u0259 Turizm Nazirliyinin v\u0259 Az\u0259rbaycan Milli Kulinariya Assosiasiyas\u0131n\u0131n yax\u0131ndan k\u00f6m\u0259kliyi il\u0259 ke\u00e7iril\u0259c\u0259k \u201cQ\u0259b\u0259l\u0259 III Beyn\u0259lxalq M\u00fcr\u0259bb\u0259 Festival\u0131\u201d-na ciddi haz\u0131rl\u0131q i\u015fl\u0259ri gedir. Bununla \u0259laq\u0259dar Q\u0259b\u0259l\u0259 Rayon \u0130cra Hakimiyy\u0259tind\u0259 festival\u0131n T\u0259\u015fkilat Komit\u0259sinin iclas\u0131 ke\u00e7irilmi\u015fdir. \u0130clasda beyn\u0259lxalq t\u0259dbirin ke\u00e7irilm\u0259si \u00fc\u00e7\u00fcn m\u00fc\u0259yy\u0259n edilmi\u015f m\u0259sul \u015f\u0259xsl\u0259rin g\u00f6rd\u00fckl\u0259ri haz\u0131rl\u0131q i\u015fl\u0259ri bar\u0259d\u0259 m\u0259lumatlar\u0131 dinl\u0259nilmi\u015f, festival\u0131n ssenarisind\u0259ki v\u0259 proqram\u0131ndak\u0131 b\u0259zi m\u0259s\u0259l\u0259l\u0259r\u0259 yenid\u0259n bax\u0131lm\u0131\u015fd\u0131r.\u201d\n<\/p>\n<p>\n  Y\u0259ni, s\u00f6z\u00fcged\u0259n m\u00fcr\u0259bb\u0259 festival\u0131 g\u00f6y z\u0259nbill\u0259 g\u00f6yd\u0259n d\u00fc\u015fm\u0259yib v\u0259 h\u0259tta M\u0259zahir m\u00fc\u0259llimin qutusundan da \u00e7\u0131xmay\u0131b. Saytdan g\u00f6r\u00fcnd\u00fcy\u00fc kimi Q\u0259b\u0259l\u0259nin sahibl\u0259ri burda ba\u015f i\u015fl\u0259dib beyin yorublar. D\u00f6n\u0259-d\u00f6n\u0259 haz\u0131rla\u015f\u0131blar, m\u0259\u015fq edibl\u0259r. Sonda da \u201cm\u00f6ht\u0259\u015f\u0259m m\u00fcr\u0259bb\u0259 festival\u0131\u201dn\u0131 layiqinc\u0259 yola verm\u0259k \u00fc\u00e7\u00fcn ne\u00e7\u0259 kilometrlik t\u0259nt\u0259n\u0259li y\u00fcr\u00fc\u015f\u0259 \u00e7\u0131x\u0131blar ki, elin-g\u00fcn\u00fcn a\u011fz\u0131 \u015firin olsun&#8230;\n<\/p>\n<p>\n  He\u00e7 d\u0259xli olmadan yad\u0131ma \u201cQulliverin s\u0259yah\u0259ti\u201d d\u00fc\u015fd\u00fc. Dahi Svift v\u0259 Mirz\u0259 C\u0259lil, Haqverdiyev, Axundov kimi onlarla milli ayd\u0131nlar\u0131m\u0131z&#8230; B\u00f6y\u00fck s\u00f6z\u00fcn v\u0259t\u0259ni, mill\u0259ti olmur!<br \/>\n  <br \/>\n  Bu ara m\u00f6ht\u0259\u015f\u0259m m\u00fcr\u0259bb\u0259 bayram\u0131na C\u0259vahir xaladan ki\u00e7ik s\u00f6z:<br \/>\n  <br \/>\n  \u201cC\u0259vahir xala:<br \/>\n  <br \/>\n  \u2013 A bala, avropal\u0131lar da m\u00fcr\u0259bb\u0259ni te\u015ftd\u0259 bi\u015firirl\u0259r?<br \/>\n  <br \/>\n  \u2013 Yoox, a C\u0259vahir xala, onlar haz\u0131r alarlar y\u0259qin. Niy\u0259 soru\u015furdun ki?<br \/>\n  <br \/>\n  \u2013 He\u00e7 a bala, b\u0259s onda o yaz\u0131qlar harda \u00e7imirl\u0259r?\u201d<br \/>\n  <br \/>\n  H\u0259l\u0259 ki, yaln\u0131z bura q\u0259d\u0259r g\u0259lib \u00e7\u0131xa bilmi\u015fik. Festival-festival dem\u0259kl\u0259 a\u011f\u0131z \u015firin olmur, c\u0259nablar&#8230;<\/p>\n","protected":false},"excerpt":{"rendered":"<p>Festival dem\u0259kl\u0259 a\u011f\u0131z \u015firin olmur&#8230;<\/p>\n","protected":false},"author":11,"featured_media":33269,"comment_status":"closed","ping_status":"open","sticky":false,"template":"","format":"standard","meta":{"_acf_changed":false,"_sitemap_exclude":false,"_sitemap_priority":"","_sitemap_frequency":"","footnotes":""},"categories":[57],"tags":[],"class_list":["post-169850","post","type-post","status-publish","format-standard","has-post-thumbnail","hentry","category-menim-fikrimce","infinite-scroll-item","generate-columns","tablet-grid-50","mobile-grid-100","grid-parent","grid-33","no-featured-image-padding"],"acf":[],"yoast_head":"<!-- This site is optimized with the Yoast SEO plugin v27.5 - https:\/\/yoast.com\/product\/yoast-seo-wordpress\/ -->\n<title>M\u00fcr\u0259bb\u0259\u00e7il\u0259rin z\u0259f\u0259r y\u00fcr\u00fc\u015f\u00fc... - MEYDAN.TV<\/title>\n<meta name=\"robots\" content=\"index, follow, max-snippet:-1, max-image-preview:large, max-video-preview:-1\" \/>\n<link rel=\"canonical\" href=\"https:\/\/www.meydan.tv\/az\/article\/murebbecilerin-zefer-yurusu\/\" \/>\n<meta property=\"og:locale\" content=\"az_AZ\" \/>\n<meta property=\"og:type\" content=\"article\" \/>\n<meta property=\"og:title\" content=\"M\u00fcr\u0259bb\u0259\u00e7il\u0259rin z\u0259f\u0259r y\u00fcr\u00fc\u015f\u00fc... - MEYDAN.TV\" \/>\n<meta property=\"og:description\" content=\"Festival dem\u0259kl\u0259 a\u011f\u0131z \u015firin olmur...\" \/>\n<meta property=\"og:url\" content=\"https:\/\/www.meydan.tv\/az\/article\/murebbecilerin-zefer-yurusu\/\" \/>\n<meta property=\"og:site_name\" content=\"MEYDAN.TV\" \/>\n<meta property=\"article:published_time\" content=\"2015-09-07T23:35:40+00:00\" \/>\n<meta property=\"og:image\" content=\"https:\/\/www.meydan.tv\/wp-content\/uploads\/12430.jpg\" \/>\n\t<meta property=\"og:image:width\" content=\"500\" \/>\n\t<meta property=\"og:image:height\" content=\"500\" \/>\n\t<meta property=\"og:image:type\" content=\"image\/jpeg\" \/>\n<meta name=\"author\" content=\"user-manager\" \/>\n<meta name=\"twitter:card\" content=\"summary_large_image\" \/>\n<script type=\"application\/ld+json\" class=\"yoast-schema-graph\">{\"@context\":\"https:\\\/\\\/schema.org\",\"@graph\":[{\"@type\":\"Article\",\"@id\":\"https:\\\/\\\/www.meydan.tv\\\/az\\\/article\\\/murebbecilerin-zefer-yurusu\\\/#article\",\"isPartOf\":{\"@id\":\"https:\\\/\\\/www.meydan.tv\\\/az\\\/article\\\/murebbecilerin-zefer-yurusu\\\/\"},\"author\":{\"name\":\"user-manager\",\"@id\":\"https:\\\/\\\/www.meydan.tv\\\/az\\\/#\\\/schema\\\/person\\\/10d11eccf6da3662cf5fdab9806ea91a\"},\"headline\":\"M\u00fcr\u0259bb\u0259\u00e7il\u0259rin z\u0259f\u0259r y\u00fcr\u00fc\u015f\u00fc&#8230;\",\"datePublished\":\"2015-09-07T23:35:40+00:00\",\"mainEntityOfPage\":{\"@id\":\"https:\\\/\\\/www.meydan.tv\\\/az\\\/article\\\/murebbecilerin-zefer-yurusu\\\/\"},\"wordCount\":1450,\"publisher\":{\"@id\":\"https:\\\/\\\/www.meydan.tv\\\/az\\\/#organization\"},\"image\":{\"@id\":\"https:\\\/\\\/www.meydan.tv\\\/az\\\/article\\\/murebbecilerin-zefer-yurusu\\\/#primaryimage\"},\"thumbnailUrl\":\"https:\\\/\\\/www.meydan.tv\\\/wp-content\\\/uploads\\\/12430.jpg\",\"articleSection\":[\"M\u0259nim Fikrimc\u0259\"],\"inLanguage\":\"az\"},{\"@type\":\"WebPage\",\"@id\":\"https:\\\/\\\/www.meydan.tv\\\/az\\\/article\\\/murebbecilerin-zefer-yurusu\\\/\",\"url\":\"https:\\\/\\\/www.meydan.tv\\\/az\\\/article\\\/murebbecilerin-zefer-yurusu\\\/\",\"name\":\"M\u00fcr\u0259bb\u0259\u00e7il\u0259rin z\u0259f\u0259r y\u00fcr\u00fc\u015f\u00fc... - MEYDAN.TV\",\"isPartOf\":{\"@id\":\"https:\\\/\\\/www.meydan.tv\\\/az\\\/#website\"},\"primaryImageOfPage\":{\"@id\":\"https:\\\/\\\/www.meydan.tv\\\/az\\\/article\\\/murebbecilerin-zefer-yurusu\\\/#primaryimage\"},\"image\":{\"@id\":\"https:\\\/\\\/www.meydan.tv\\\/az\\\/article\\\/murebbecilerin-zefer-yurusu\\\/#primaryimage\"},\"thumbnailUrl\":\"https:\\\/\\\/www.meydan.tv\\\/wp-content\\\/uploads\\\/12430.jpg\",\"datePublished\":\"2015-09-07T23:35:40+00:00\",\"breadcrumb\":{\"@id\":\"https:\\\/\\\/www.meydan.tv\\\/az\\\/article\\\/murebbecilerin-zefer-yurusu\\\/#breadcrumb\"},\"inLanguage\":\"az\",\"potentialAction\":[{\"@type\":\"ReadAction\",\"target\":[\"https:\\\/\\\/www.meydan.tv\\\/az\\\/article\\\/murebbecilerin-zefer-yurusu\\\/\"]}]},{\"@type\":\"ImageObject\",\"inLanguage\":\"az\",\"@id\":\"https:\\\/\\\/www.meydan.tv\\\/az\\\/article\\\/murebbecilerin-zefer-yurusu\\\/#primaryimage\",\"url\":\"https:\\\/\\\/www.meydan.tv\\\/wp-content\\\/uploads\\\/12430.jpg\",\"contentUrl\":\"https:\\\/\\\/www.meydan.tv\\\/wp-content\\\/uploads\\\/12430.jpg\",\"width\":500,\"height\":500,\"caption\":\"Source:\"},{\"@type\":\"BreadcrumbList\",\"@id\":\"https:\\\/\\\/www.meydan.tv\\\/az\\\/article\\\/murebbecilerin-zefer-yurusu\\\/#breadcrumb\",\"itemListElement\":[{\"@type\":\"ListItem\",\"position\":1,\"name\":\"Ana s\u0259hif\u0259\",\"item\":\"https:\\\/\\\/www.meydan.tv\\\/az\\\/\"},{\"@type\":\"ListItem\",\"position\":2,\"name\":\"M\u0259nim Fikrimc\u0259\",\"item\":\"https:\\\/\\\/www.meydan.tv\\\/az\\\/section\\\/menim-fikrimce\\\/\"},{\"@type\":\"ListItem\",\"position\":3,\"name\":\"M\u00fcr\u0259bb\u0259\u00e7il\u0259rin z\u0259f\u0259r y\u00fcr\u00fc\u015f\u00fc&#8230;\"}]},{\"@type\":\"WebSite\",\"@id\":\"https:\\\/\\\/www.meydan.tv\\\/az\\\/#website\",\"url\":\"https:\\\/\\\/www.meydan.tv\\\/az\\\/\",\"name\":\"MEYDAN.TV\",\"description\":\"Meydan TV Az\u0259rbaycan\u0131n media m\u0259kan\u0131ndak\u0131 alternativ s\u0259sidir\",\"publisher\":{\"@id\":\"https:\\\/\\\/www.meydan.tv\\\/az\\\/#organization\"},\"potentialAction\":[{\"@type\":\"SearchAction\",\"target\":{\"@type\":\"EntryPoint\",\"urlTemplate\":\"https:\\\/\\\/www.meydan.tv\\\/az\\\/?s={search_term_string}\"},\"query-input\":{\"@type\":\"PropertyValueSpecification\",\"valueRequired\":true,\"valueName\":\"search_term_string\"}}],\"inLanguage\":\"az\"},{\"@type\":\"Organization\",\"@id\":\"https:\\\/\\\/www.meydan.tv\\\/az\\\/#organization\",\"name\":\"Meydan TV\",\"url\":\"https:\\\/\\\/www.meydan.tv\\\/az\\\/\",\"logo\":{\"@type\":\"ImageObject\",\"inLanguage\":\"az\",\"@id\":\"https:\\\/\\\/www.meydan.tv\\\/az\\\/#\\\/schema\\\/logo\\\/image\\\/\",\"url\":\"https:\\\/\\\/www.meydan.tv\\\/wp-content\\\/uploads\\\/2021\\\/07\\\/meydan-logo.svg\",\"contentUrl\":\"https:\\\/\\\/www.meydan.tv\\\/wp-content\\\/uploads\\\/2021\\\/07\\\/meydan-logo.svg\",\"width\":195,\"height\":46,\"caption\":\"Meydan TV\"},\"image\":{\"@id\":\"https:\\\/\\\/www.meydan.tv\\\/az\\\/#\\\/schema\\\/logo\\\/image\\\/\"}},{\"@type\":\"Person\",\"@id\":\"https:\\\/\\\/www.meydan.tv\\\/az\\\/#\\\/schema\\\/person\\\/10d11eccf6da3662cf5fdab9806ea91a\",\"name\":\"user-manager\"}]}<\/script>\n<!-- \/ Yoast SEO plugin. -->","yoast_head_json":{"title":"M\u00fcr\u0259bb\u0259\u00e7il\u0259rin z\u0259f\u0259r y\u00fcr\u00fc\u015f\u00fc... - MEYDAN.TV","robots":{"index":"index","follow":"follow","max-snippet":"max-snippet:-1","max-image-preview":"max-image-preview:large","max-video-preview":"max-video-preview:-1"},"canonical":"https:\/\/www.meydan.tv\/az\/article\/murebbecilerin-zefer-yurusu\/","og_locale":"az_AZ","og_type":"article","og_title":"M\u00fcr\u0259bb\u0259\u00e7il\u0259rin z\u0259f\u0259r y\u00fcr\u00fc\u015f\u00fc... - MEYDAN.TV","og_description":"Festival dem\u0259kl\u0259 a\u011f\u0131z \u015firin olmur...","og_url":"https:\/\/www.meydan.tv\/az\/article\/murebbecilerin-zefer-yurusu\/","og_site_name":"MEYDAN.TV","article_published_time":"2015-09-07T23:35:40+00:00","og_image":[{"width":500,"height":500,"url":"https:\/\/www.meydan.tv\/wp-content\/uploads\/12430.jpg","type":"image\/jpeg"}],"author":"user-manager","twitter_card":"summary_large_image","schema":{"@context":"https:\/\/schema.org","@graph":[{"@type":"Article","@id":"https:\/\/www.meydan.tv\/az\/article\/murebbecilerin-zefer-yurusu\/#article","isPartOf":{"@id":"https:\/\/www.meydan.tv\/az\/article\/murebbecilerin-zefer-yurusu\/"},"author":{"name":"user-manager","@id":"https:\/\/www.meydan.tv\/az\/#\/schema\/person\/10d11eccf6da3662cf5fdab9806ea91a"},"headline":"M\u00fcr\u0259bb\u0259\u00e7il\u0259rin z\u0259f\u0259r y\u00fcr\u00fc\u015f\u00fc&#8230;","datePublished":"2015-09-07T23:35:40+00:00","mainEntityOfPage":{"@id":"https:\/\/www.meydan.tv\/az\/article\/murebbecilerin-zefer-yurusu\/"},"wordCount":1450,"publisher":{"@id":"https:\/\/www.meydan.tv\/az\/#organization"},"image":{"@id":"https:\/\/www.meydan.tv\/az\/article\/murebbecilerin-zefer-yurusu\/#primaryimage"},"thumbnailUrl":"https:\/\/www.meydan.tv\/wp-content\/uploads\/12430.jpg","articleSection":["M\u0259nim Fikrimc\u0259"],"inLanguage":"az"},{"@type":"WebPage","@id":"https:\/\/www.meydan.tv\/az\/article\/murebbecilerin-zefer-yurusu\/","url":"https:\/\/www.meydan.tv\/az\/article\/murebbecilerin-zefer-yurusu\/","name":"M\u00fcr\u0259bb\u0259\u00e7il\u0259rin z\u0259f\u0259r y\u00fcr\u00fc\u015f\u00fc... - MEYDAN.TV","isPartOf":{"@id":"https:\/\/www.meydan.tv\/az\/#website"},"primaryImageOfPage":{"@id":"https:\/\/www.meydan.tv\/az\/article\/murebbecilerin-zefer-yurusu\/#primaryimage"},"image":{"@id":"https:\/\/www.meydan.tv\/az\/article\/murebbecilerin-zefer-yurusu\/#primaryimage"},"thumbnailUrl":"https:\/\/www.meydan.tv\/wp-content\/uploads\/12430.jpg","datePublished":"2015-09-07T23:35:40+00:00","breadcrumb":{"@id":"https:\/\/www.meydan.tv\/az\/article\/murebbecilerin-zefer-yurusu\/#breadcrumb"},"inLanguage":"az","potentialAction":[{"@type":"ReadAction","target":["https:\/\/www.meydan.tv\/az\/article\/murebbecilerin-zefer-yurusu\/"]}]},{"@type":"ImageObject","inLanguage":"az","@id":"https:\/\/www.meydan.tv\/az\/article\/murebbecilerin-zefer-yurusu\/#primaryimage","url":"https:\/\/www.meydan.tv\/wp-content\/uploads\/12430.jpg","contentUrl":"https:\/\/www.meydan.tv\/wp-content\/uploads\/12430.jpg","width":500,"height":500,"caption":"Source:"},{"@type":"BreadcrumbList","@id":"https:\/\/www.meydan.tv\/az\/article\/murebbecilerin-zefer-yurusu\/#breadcrumb","itemListElement":[{"@type":"ListItem","position":1,"name":"Ana s\u0259hif\u0259","item":"https:\/\/www.meydan.tv\/az\/"},{"@type":"ListItem","position":2,"name":"M\u0259nim Fikrimc\u0259","item":"https:\/\/www.meydan.tv\/az\/section\/menim-fikrimce\/"},{"@type":"ListItem","position":3,"name":"M\u00fcr\u0259bb\u0259\u00e7il\u0259rin z\u0259f\u0259r y\u00fcr\u00fc\u015f\u00fc&#8230;"}]},{"@type":"WebSite","@id":"https:\/\/www.meydan.tv\/az\/#website","url":"https:\/\/www.meydan.tv\/az\/","name":"MEYDAN.TV","description":"Meydan TV Az\u0259rbaycan\u0131n media m\u0259kan\u0131ndak\u0131 alternativ s\u0259sidir","publisher":{"@id":"https:\/\/www.meydan.tv\/az\/#organization"},"potentialAction":[{"@type":"SearchAction","target":{"@type":"EntryPoint","urlTemplate":"https:\/\/www.meydan.tv\/az\/?s={search_term_string}"},"query-input":{"@type":"PropertyValueSpecification","valueRequired":true,"valueName":"search_term_string"}}],"inLanguage":"az"},{"@type":"Organization","@id":"https:\/\/www.meydan.tv\/az\/#organization","name":"Meydan TV","url":"https:\/\/www.meydan.tv\/az\/","logo":{"@type":"ImageObject","inLanguage":"az","@id":"https:\/\/www.meydan.tv\/az\/#\/schema\/logo\/image\/","url":"https:\/\/www.meydan.tv\/wp-content\/uploads\/2021\/07\/meydan-logo.svg","contentUrl":"https:\/\/www.meydan.tv\/wp-content\/uploads\/2021\/07\/meydan-logo.svg","width":195,"height":46,"caption":"Meydan TV"},"image":{"@id":"https:\/\/www.meydan.tv\/az\/#\/schema\/logo\/image\/"}},{"@type":"Person","@id":"https:\/\/www.meydan.tv\/az\/#\/schema\/person\/10d11eccf6da3662cf5fdab9806ea91a","name":"user-manager"}]}},"_links":{"self":[{"href":"https:\/\/www.meydan.tv\/az\/wp-json\/wp\/v2\/posts\/169850","targetHints":{"allow":["GET"]}}],"collection":[{"href":"https:\/\/www.meydan.tv\/az\/wp-json\/wp\/v2\/posts"}],"about":[{"href":"https:\/\/www.meydan.tv\/az\/wp-json\/wp\/v2\/types\/post"}],"author":[{"embeddable":true,"href":"https:\/\/www.meydan.tv\/az\/wp-json\/wp\/v2\/users\/11"}],"replies":[{"embeddable":true,"href":"https:\/\/www.meydan.tv\/az\/wp-json\/wp\/v2\/comments?post=169850"}],"version-history":[{"count":0,"href":"https:\/\/www.meydan.tv\/az\/wp-json\/wp\/v2\/posts\/169850\/revisions"}],"wp:featuredmedia":[{"embeddable":true,"href":"https:\/\/www.meydan.tv\/az\/wp-json\/wp\/v2\/media\/33269"}],"wp:attachment":[{"href":"https:\/\/www.meydan.tv\/az\/wp-json\/wp\/v2\/media?parent=169850"}],"wp:term":[{"taxonomy":"category","embeddable":true,"href":"https:\/\/www.meydan.tv\/az\/wp-json\/wp\/v2\/categories?post=169850"},{"taxonomy":"post_tag","embeddable":true,"href":"https:\/\/www.meydan.tv\/az\/wp-json\/wp\/v2\/tags?post=169850"}],"curies":[{"name":"wp","href":"https:\/\/api.w.org\/{rel}","templated":true}]}}