{"id":169834,"date":"2015-09-05T16:15:50","date_gmt":"2015-09-05T16:15:50","guid":{"rendered":"https:\/\/www.meydan.tv\/article\/kandid-kimi-xedice\/"},"modified":"2015-09-05T16:15:50","modified_gmt":"2015-09-05T16:15:50","slug":"kandid-kimi-xedice","status":"publish","type":"post","link":"https:\/\/www.meydan.tv\/az\/article\/kandid-kimi-xedice\/","title":{"rendered":"Kandid kimi X\u0259dic\u0259"},"content":{"rendered":"<figure class=\"wp-block-image size-large\">\n  <img decoding=\"async\" src=\"https:\/\/www.meydan.tv\/az\/33220\/\" alt=\"\" class=\"wp-image-33220\"\/><figcaption><\/figcaption><\/figure>\n<figure class=\"wp-block-image size-large\">\n  <img decoding=\"async\" src=\"https:\/\/www.meydan.tv\/az\/33223\/\" alt=\"\" class=\"wp-image-33223\"\/><figcaption><\/figcaption><\/figure>\n<p>\n  Bu yax\u0131nda Volter-in &#8220;Candide ou l&#8217;optimisme&#8221;(Kandid yaxud OPT\u0130M\u0130ZM) kitab\u0131n\u0131 oxuyub, bitirdim.\u00a0 Kitab m\u0259n\u0259 olduqca maraql\u0131 v\u0259 el\u0259 ad\u0131 kimi optimist t\u0259sir ba\u011f\u0131\u015flad\u0131.\u00a0 Povestd\u0259 Az\u0259rbaycan c\u0259miyy\u0259tind\u0259ki indiki iyr\u0259nclikl\u0259r 18-ci \u0259sr Avropa c\u0259miyy\u0259tind\u0259 \u00f6z \u0259ksini tap\u0131r. Ordak\u0131 ruhanil\u0259rin al\u00e7aql\u0131lar\u0131 v\u0259 iki\u00fczl\u00fcl\u00fckl\u0259ri m\u0259n\u0259, bizim tipik &#8220;mollalar\u0131m\u0131z\u0131&#8221; xat\u0131rlatd\u0131. \u018fdal\u0259tsizlikl\u0259rin oldu\u011fu h\u0259r yerd\u0259 xaos v\u0259 maddi-m\u0259n\u0259vi b\u00f6hran qa\u00e7\u0131lmazd\u0131r.<\/p>\n<p>  T\u0259zyiql\u0259r\u0259 r\u0259\u011fm\u0259n Kandid-in sona q\u0259d\u0259r \u00f6z dini-f\u0259ls\u0259fi inanc\u0131ndan vaz ke\u00e7m\u0259m\u0259si, b\u00fct\u00fcn \u015fidd\u0259t v\u0259 \u0259dal\u0259tsizlikl\u0259rin fonunda \u0259s\u0259rin q\u0259hr\u0259man\u0131nda optimizmin\u0259 sadiq qalmas\u0131 adam\u0131 heyr\u0259t\u0259 sal\u0131r. \u018fs\u0259r m\u0259nim d\u0259 optimizm hissimin q\u00fcvv\u0259tl\u0259nm\u0259yin\u0259 stimul verdi. Povest insana prinsipiall\u0131\u011f\u0131 v\u0259 \u0259zmkarl\u0131\u011f\u0131 a\u015f\u0131lay\u0131r. Kandidin m\u0259\u015f\u0259qq\u0259tli s\u0259yah\u0259tinin hesab\u0131na m\u0259n d\u0259 x\u0259yal\u0259n s\u0259yah\u0259t\u0259 \u00e7\u0131xd\u0131m. Sars\u0131nt\u0131larla dolu bu s\u0259yah\u0259td\u0259 ona ruhumla yol yolda\u015f\u0131 oldum.<\/p>\n<p>  Kandidin \u0259s\u0259rd\u0259n bir sitat\u0131&#8211; &#8220;M\u0259nim indi anlad\u0131\u011f\u0131ma g\u00f6r\u0259, optimizm \u201c\u00e7ox pis\u201d anlam\u0131na g\u0259l\u0259n bir s\u00f6zd\u00fcr, h\u0259r \u015fey \u00e7ox pis durumda olanda, \u201ch\u0259r \u015fey \u00e7ox yax\u015f\u0131d\u0131r\u201d dem\u0259k \u2013 OPT\u0130M\u0130ZM adlan\u0131r.&#8221;<br \/>\n  <br \/>\n  Kitab haqq\u0131nda: \u201cKandid v\u0259 ya optimizm\u201d Volterin \u0259n \u00e7ox oxunan v\u0259 t\u0259krar n\u0259\u015fr olunan \u0259s\u0259ridir. Povestin 1758-ci ild\u0259 yaz\u0131ld\u0131\u011f\u0131 ehtimal olunur v\u0259 bir il sonra bird\u0259n-bir\u0259 be\u015f \u00f6lk\u0259d\u0259 \u201calman dilind\u0259n t\u0259rc\u00fcm\u0259\u201d ad\u0131 alt\u0131nda n\u0259\u015fr olunur. D\u0259rhal bestseller\u0259 \u00e7evrilir v\u0259 uzun ill\u0259r \u0259d\u0259bsiz olmas\u0131 b\u0259han\u0259sil\u0259 qada\u011fan olunur.<\/p>\n<p>  Volter \u00f6z\u00fc is\u0259 bu \u0259s\u0259ri bekar\u00e7\u0131l\u0131qdan yazd\u0131\u011f\u0131n\u0131 s\u00f6yl\u0259yib. Povest haqq\u0131nda bu q\u0259d\u0259r yazma\u011f\u0131mda s\u0259b\u0259b var. Bu yax\u0131nda bir dostum m\u0259ni \u201cyalan\u00e7\u0131 optimist\u201d adland\u0131rd\u0131. Onunla art\u0131q dost deyilik. Vur\u011fulay\u0131m ki, m\u00fcnasib\u0259ti m\u0259n k\u0259sm\u0259dim. Ona nikbin d\u00fc\u015f\u00fcnc\u0259min qaynaq v\u0259 formala\u015fma\u011f\u0131mdan dan\u0131\u015fd\u0131m v\u0259 h\u0259mi\u015f\u0259 m\u0259niml\u0259 g\u00f6r\u00fc\u015f\u0259nd\u0259 etdiyi \u015fikay\u0259tl\u0259rin n\u0259tic\u0259sind\u0259 b\u0259dbin obrazla yadda qald\u0131\u011f\u0131n\u0131 s\u00f6yl\u0259dim. M\u0259n m\u0259hz bu s\u0259b\u0259b\u0259 onun yan\u0131nda optimizm m\u00f6vzusunu tez-tez qabar\u0131rd\u0131m ki, dostumu \u00f6z\u00fcn\u0259 v\u0259 m\u0259n\u0259 m\u0259nfi \u015f\u00fcal\u0131 b\u0259dbinlikd\u0259n m\u00fc\u0259yy\u0259n q\u0259d\u0259r xilas edim.<\/p>\n<p>  M\u0259n m\u0259sl\u0259h\u0259t vermirdim. Bu, m\u0259n\u0259 yadd\u0131r, h\u0259mi\u015f\u0259 h\u0259ssasl\u0131q g\u00f6st\u0259rir\u0259m ki, dediyim ifad\u0259l\u0259r m\u0259sl\u0259h\u0259t tipli olmas\u0131n. X\u0131rda bir ha\u015fiy\u0259 \u00e7\u0131xaq, bizd\u0259 olduqca pis tendensiya var. \u018fks\u0259r insanlar \u00f6zl\u0259rini ixtisasla\u015fm\u0131\u015f m\u0259sl\u0259h\u0259txana m\u00fcdiri kimi apar\u0131rlar. H\u0259m d\u0259 h\u0259min m\u0259sl\u0259h\u0259txanalar olduqcada universald\u0131lar. Orda h\u0259r \u015fey haqq\u0131nda m\u0259sl\u0259h\u0259t e\u015fid\u0259 bil\u0259rsiniz. Bu s\u0259b\u0259b\u0259 g\u00f6r\u0259 \u00f6zl\u0259rini h\u0259r k\u0259sd\u0259n haql\u0131 hesab ed\u0259n \u201cm\u00fcdirl\u0259rin\u201d n\u00fcfuzu yox d\u0259r\u0259c\u0259sind\u0259dir. El\u0259 \u00f6z\u00fcm d\u0259 h\u0259min \u201cm\u00fcdrik\u201d m\u0259sl\u0259h\u0259tl\u0259r\u0259 toxam.<\/p>\n<p>  M\u0259n sad\u0259c\u0259 h\u0259yat\u0131n g\u00f6z\u0259lliyini \u00e7\u0259tinlikl\u0259rin, m\u0259hrumiyy\u0259t v\u0259 m\u0259hdudiyy\u0259tl\u0259rin i\u00e7ind\u0259 d\u0259 olsa g\u00f6rd\u00fcy\u00fcm\u00fc, duydu\u011fumu s\u00f6yl\u0259yirdim. N\u0259tic\u0259d\u0259 psevdooptimist t\u0259sir ba\u011f\u0131\u015flad\u0131m. B\u0259lk\u0259 d\u0259, yana\u015fmam d\u00fcz deyil, n\u0259 bilim.. Bildiyim odur ki, riyakarl\u0131q etmir\u0259m v\u0259 inanc\u0131m, prinsipl\u0259rimd\u0259n ibar\u0259t optimist d\u00fc\u015f\u00fcnc\u0259m\u0259 \u00fcr\u0259yim v\u0259 ruhumla sadiq\u0259m.<\/p>\n<p>  Bir \u00e7ox \u015f\u0259xsl\u0259r \u00f6lk\u0259mizin a\u011f\u0131r ictimai-siyasi-sosial h\u0259yat\u0131n m\u0259ng\u0259n\u0259sind\u0259 oldu\u011funa g\u00f6r\u0259 g\u0259l\u0259c\u0259y\u0259 optimist \u00e7alarlarla baxma\u011f\u0131 c\u0259f\u0259ngiyyat hesab edir. H\u0259tta h\u0259mi\u015f\u0259 yaz\u0131lar\u0131na optimist prizmadan yana\u015fan publisistl\u0259rin d\u0259, son vaxtlar nikbinlik eyn\u0259yinin \u00e7atlad\u0131\u011f\u0131n\u0131 a\u00e7\u0131q hiss etm\u0259k olur. Bu hala \u00fcz\u00fcl\u00fcr\u0259m v\u0259 dua edir\u0259m ki, onlar kimi olmay\u0131m. Bu yola girmis\u0259ns\u0259, g\u0259r\u0259k sona q\u0259d\u0259r ged\u0259s\u0259n. \u0130st\u0259nil\u0259n halda onlar\u0131 q\u0131nam\u0131ram. G\u00f6r\u00fcn\u00fcr, yorulublar. Arzu edir\u0259m ki, h\u0259r \u015fey k\u00f6n\u00fcll\u0259rinc\u0259 olsun.<\/p>\n<p>  Kandid kimi, \u00e7ox \u015f\u00fck\u00fcr, h\u0259r \u015feyin yax\u015f\u0131 olaca\u011f\u0131na inam\u0131m itmir. Bilirsiniz, ehtirasl\u0131 inam insana f\u00f6vq\u0259lb\u0259\u015f\u0259r hadis\u0259l\u0259rin \u00f6hd\u0259sind\u0259n g\u0259lm\u0259yin\u0259 s\u0259b\u0259b olur. \u018fs\u0259rd\u0259 Kandidin m\u0259hz o c\u00fcr inanc\u0131 sonda onlar\u0131n g\u00fcn\u0259\u015fli v\u0259 xo\u015fb\u0259xt g\u00fcnl\u0259r\u0259 g\u0259lib, \u00e7\u0131xmaqlar\u0131na v\u0259sil\u0259 oldu.<\/p>\n<p>  M\u0259n \u0259lilliyim\u0259 v\u0259 vasit\u0259 kimi istifad\u0259 etdiyim \u0259lil arabama f\u0259lak\u0259t kimi baxm\u0131ram. T\u0259bii ki, h\u00f6k\u00fcm\u0259tin b\u0259rab\u0259r h\u00fcquq anlay\u0131\u015f\u0131n\u0131n olmamas\u0131na g\u00f6r\u0259, infrastrukturun, n\u0259qliyyat\u0131n qeyri-m\u00fc\u0259ss\u0259r durumunun qurban\u0131na \u00e7evirilib, bir n\u00f6v ev dusta\u011f\u0131 kimi ya\u015fay\u0131ram. \u018flil arabas\u0131n\u0131n m\u0259nfi g\u00fcc\u00fc i\u015fsizliyim\u0259, sa\u011fl\u0131\u011f\u0131ma, ist\u0259diyim vaxt ist\u0259diyim yer\u0259 getm\u0259yim\u0259 t\u0259sir ets\u0259 d\u0259, ruhuma \u00e7ox t\u0259sir etm\u0259yib.<br \/>\n  <br \/>\n  M\u0259n v\u0259t\u0259nda\u015fam. \u00d6z haqlar\u0131m\u0131 bilib, laz\u0131m\u0131 yerd\u0259 t\u0259l\u0259b ed\u0259nl\u0259rd\u0259n\u0259m. \u0130nsanlar\u0131m\u0131z\u0131 \u0259lillik sah\u0259si \u00fczr\u0259 az da olsa, bilgil\u0259ndirm\u0259yim m\u0259n\u0259 g\u00f6r\u0259 \u00e7ox \u00f6n\u0259mlidir. \u0130\u015f\u0131ql\u0131 g\u00fcnl\u0259r u\u011frunda m\u00fcbariz\u0259 prosesind\u0259 bilgil\u0259ndirm\u0259l\u0259riml\u0259 x\u00f6r\u0259kd\u0259 az da olsa, duzum olubsa, n\u0259 mutlu m\u0259n\u0259.<\/p>\n<p>  Valideynl\u0259rimi ald\u0131\u011f\u0131m travman\u0131n \u015fokundan \u00e7\u0131xartm\u0131\u015fam. H\u0259qiq\u0259t\u0259n, yax\u015f\u0131 d\u00fc\u015f\u00fcn\u0259nd\u0259, yax\u015f\u0131 olur. M\u0259s\u0259l\u0259n, bu g\u00fcn \u0259s\u0259bl\u0259rim \u00fcst-\u00fcst\u0259 y\u0131\u011f\u0131lan ictimai v\u0259 f\u0259rdi qay\u011f\u0131lara g\u00f6r\u0259 \u0259trafa brilliant kimi par\u0131lt\u0131 verirdi. H\u0259tta evd\u0259kil\u0259r d\u0259 bunu hiss edirdi. Bir az da ke\u00e7s\u0259ydi, kimis\u0259 diliml\u0259 z\u0259h\u0259rl\u0259y\u0259c\u0259kdim. Bu is\u0259, m\u0259n\u0259 g\u00f6r\u0259 yolverilm\u0259z hald\u0131r. \u00d6z\u00fcm\u0259 asta-asta bir ne\u00e7\u0259 d\u0259f\u0259 dedim ki, h\u0259r \u015feyin yax\u015f\u0131 olacaq, sakitl\u0259\u015fdim. H\u0259y\u0259t\u0259 \u00e7\u0131xma\u011fa imkan olmasa da, ruhum k\u0259p\u0259n\u0259k kimi x\u0259fifl\u0259di v\u0259 \u00f6z\u00fcm\u00fc \u0259la hiss etdim.<\/p>\n<p>  O d\u0259f\u0259 facebook-da bir q\u0131z dostum yazm\u0131\u015fd\u0131 ki, \u201c\u00d6z\u00fcm\u00fc ki\u00e7ik hadis\u0259l\u0259rl\u0259 xo\u015fb\u0259xt ed\u0259n biriy\u0259m. K\u00fcl\u0259yin vurub, sa\u00e7lar\u0131m\u0131 u\u00e7urma\u011f\u0131 n\u0259tic\u0259sind\u0259 sa\u00e7lar\u0131mdan duyulan \u015fampun \u0259tri m\u0259ni xo\u015fb\u0259xt edir\u201d.<br \/>\n  <br \/>\n  Haqs\u0131z yer\u0259\u00a0 7 il 6 ay azadl\u0131qdan m\u0259hrum edil\u0259n ara\u015fd\u0131rma\u00e7\u0131 jurnalist X\u0259dic\u0259 \u0130smay\u0131l h\u0259r d\u0259f\u0259 h\u0259bsd\u0259n ictimaiyy\u0259t\u0259 m\u0259ktub \u00fcnvanlayanda yaz\u0131r ki, \u201cM\u0259n yax\u015f\u0131yam, nigaran\u00e7\u0131l\u0131\u011fa \u0259sas yoxdur. Haz\u0131rda \u0259n \u0259sas m\u00fcbariz\u0259ni davam etdirm\u0259kdir. \u201cH\u0259r \u015fey bitdi, he\u00e7 n\u0259 d\u00fcz\u0259lm\u0259y\u0259c\u0259k\u201d dey\u0259 b\u0259dbinliy\u0259 qap\u0131lan dostlar\u0131m da var y\u0259qin. M\u0259nim d\u0259 n\u0259 vaxtsa b\u0259dbinliy\u0259 qap\u0131lmaq \u00fc\u00e7\u00fcn s\u0259b\u0259bl\u0259rim olub. Amma h\u0259r d\u0259f\u0259 k\u00f6m\u0259yim\u0259 \u00e7atan prinsipl\u0259rim olub\u201d.<\/p>\n<p>  D\u00fc\u015f\u00fcn\u00fcr\u0259mki, azadl\u0131qda olan insanlar\u0131n X\u0259dic\u0259 xan\u0131m\u0131n h\u0259bsd\u0259n yazd\u0131\u011f\u0131 ifad\u0259l\u0259rd\u0259n sonra b\u0259dbinliy\u0259 k\u00f6kl\u0259nm\u0259si g\u00fcnahd\u0131r. Prinsipl\u0259rimiz\u0259 x\u0259yan\u0259t etm\u0259y\u0259k, l\u00fctf\u0259n. H\u0259r \u015fey yax\u015f\u0131 olacaq!<\/p>\n<p>  <b><br \/>\n    Yaz\u0131 m\u00fc\u0259llifin \u015f\u0259xsi m\u00f6vqeyini \u0259ks etdirir&#8230;<br \/>\n  <\/b><\/p>\n","protected":false},"excerpt":{"rendered":"<p>Sa\u00e7lar\u0131ndan g\u0259l\u0259n \u015fampun \u0259tri bel\u0259&#8230;<\/p>\n","protected":false},"author":11,"featured_media":33220,"comment_status":"closed","ping_status":"open","sticky":false,"template":"","format":"standard","meta":{"_acf_changed":false,"_sitemap_exclude":false,"_sitemap_priority":"","_sitemap_frequency":"","footnotes":""},"categories":[57],"tags":[],"class_list":["post-169834","post","type-post","status-publish","format-standard","has-post-thumbnail","hentry","category-menim-fikrimce","infinite-scroll-item","generate-columns","tablet-grid-50","mobile-grid-100","grid-parent","grid-33","no-featured-image-padding"],"acf":[],"yoast_head":"<!-- This site is optimized with the Yoast SEO plugin v27.5 - https:\/\/yoast.com\/product\/yoast-seo-wordpress\/ -->\n<title>Kandid kimi X\u0259dic\u0259 - MEYDAN.TV<\/title>\n<meta name=\"robots\" content=\"index, follow, max-snippet:-1, max-image-preview:large, max-video-preview:-1\" \/>\n<link rel=\"canonical\" href=\"https:\/\/www.meydan.tv\/az\/article\/kandid-kimi-xedice\/\" \/>\n<meta property=\"og:locale\" content=\"az_AZ\" \/>\n<meta property=\"og:type\" content=\"article\" \/>\n<meta property=\"og:title\" content=\"Kandid kimi X\u0259dic\u0259 - MEYDAN.TV\" \/>\n<meta property=\"og:description\" content=\"Sa\u00e7lar\u0131ndan g\u0259l\u0259n \u015fampun \u0259tri bel\u0259...\" \/>\n<meta property=\"og:url\" content=\"https:\/\/www.meydan.tv\/az\/article\/kandid-kimi-xedice\/\" \/>\n<meta property=\"og:site_name\" content=\"MEYDAN.TV\" \/>\n<meta property=\"article:published_time\" content=\"2015-09-05T16:15:50+00:00\" \/>\n<meta property=\"og:image\" content=\"https:\/\/www.meydan.tv\/wp-content\/uploads\/12415.jpg\" \/>\n\t<meta property=\"og:image:width\" content=\"500\" \/>\n\t<meta property=\"og:image:height\" content=\"500\" \/>\n\t<meta property=\"og:image:type\" content=\"image\/jpeg\" \/>\n<meta name=\"author\" content=\"user-manager\" \/>\n<meta name=\"twitter:card\" content=\"summary_large_image\" \/>\n<script type=\"application\/ld+json\" class=\"yoast-schema-graph\">{\"@context\":\"https:\\\/\\\/schema.org\",\"@graph\":[{\"@type\":\"Article\",\"@id\":\"https:\\\/\\\/www.meydan.tv\\\/az\\\/article\\\/kandid-kimi-xedice\\\/#article\",\"isPartOf\":{\"@id\":\"https:\\\/\\\/www.meydan.tv\\\/az\\\/article\\\/kandid-kimi-xedice\\\/\"},\"author\":{\"name\":\"user-manager\",\"@id\":\"https:\\\/\\\/www.meydan.tv\\\/az\\\/#\\\/schema\\\/person\\\/10d11eccf6da3662cf5fdab9806ea91a\"},\"headline\":\"Kandid kimi X\u0259dic\u0259\",\"datePublished\":\"2015-09-05T16:15:50+00:00\",\"mainEntityOfPage\":{\"@id\":\"https:\\\/\\\/www.meydan.tv\\\/az\\\/article\\\/kandid-kimi-xedice\\\/\"},\"wordCount\":1299,\"publisher\":{\"@id\":\"https:\\\/\\\/www.meydan.tv\\\/az\\\/#organization\"},\"image\":{\"@id\":\"https:\\\/\\\/www.meydan.tv\\\/az\\\/article\\\/kandid-kimi-xedice\\\/#primaryimage\"},\"thumbnailUrl\":\"https:\\\/\\\/www.meydan.tv\\\/wp-content\\\/uploads\\\/12415.jpg\",\"articleSection\":[\"M\u0259nim Fikrimc\u0259\"],\"inLanguage\":\"az\"},{\"@type\":\"WebPage\",\"@id\":\"https:\\\/\\\/www.meydan.tv\\\/az\\\/article\\\/kandid-kimi-xedice\\\/\",\"url\":\"https:\\\/\\\/www.meydan.tv\\\/az\\\/article\\\/kandid-kimi-xedice\\\/\",\"name\":\"Kandid kimi X\u0259dic\u0259 - MEYDAN.TV\",\"isPartOf\":{\"@id\":\"https:\\\/\\\/www.meydan.tv\\\/az\\\/#website\"},\"primaryImageOfPage\":{\"@id\":\"https:\\\/\\\/www.meydan.tv\\\/az\\\/article\\\/kandid-kimi-xedice\\\/#primaryimage\"},\"image\":{\"@id\":\"https:\\\/\\\/www.meydan.tv\\\/az\\\/article\\\/kandid-kimi-xedice\\\/#primaryimage\"},\"thumbnailUrl\":\"https:\\\/\\\/www.meydan.tv\\\/wp-content\\\/uploads\\\/12415.jpg\",\"datePublished\":\"2015-09-05T16:15:50+00:00\",\"breadcrumb\":{\"@id\":\"https:\\\/\\\/www.meydan.tv\\\/az\\\/article\\\/kandid-kimi-xedice\\\/#breadcrumb\"},\"inLanguage\":\"az\",\"potentialAction\":[{\"@type\":\"ReadAction\",\"target\":[\"https:\\\/\\\/www.meydan.tv\\\/az\\\/article\\\/kandid-kimi-xedice\\\/\"]}]},{\"@type\":\"ImageObject\",\"inLanguage\":\"az\",\"@id\":\"https:\\\/\\\/www.meydan.tv\\\/az\\\/article\\\/kandid-kimi-xedice\\\/#primaryimage\",\"url\":\"https:\\\/\\\/www.meydan.tv\\\/wp-content\\\/uploads\\\/12415.jpg\",\"contentUrl\":\"https:\\\/\\\/www.meydan.tv\\\/wp-content\\\/uploads\\\/12415.jpg\",\"width\":500,\"height\":500,\"caption\":\"Source:\"},{\"@type\":\"BreadcrumbList\",\"@id\":\"https:\\\/\\\/www.meydan.tv\\\/az\\\/article\\\/kandid-kimi-xedice\\\/#breadcrumb\",\"itemListElement\":[{\"@type\":\"ListItem\",\"position\":1,\"name\":\"Ana s\u0259hif\u0259\",\"item\":\"https:\\\/\\\/www.meydan.tv\\\/az\\\/\"},{\"@type\":\"ListItem\",\"position\":2,\"name\":\"M\u0259nim Fikrimc\u0259\",\"item\":\"https:\\\/\\\/www.meydan.tv\\\/az\\\/section\\\/menim-fikrimce\\\/\"},{\"@type\":\"ListItem\",\"position\":3,\"name\":\"Kandid kimi X\u0259dic\u0259\"}]},{\"@type\":\"WebSite\",\"@id\":\"https:\\\/\\\/www.meydan.tv\\\/az\\\/#website\",\"url\":\"https:\\\/\\\/www.meydan.tv\\\/az\\\/\",\"name\":\"MEYDAN.TV\",\"description\":\"Meydan TV Az\u0259rbaycan\u0131n media m\u0259kan\u0131ndak\u0131 alternativ s\u0259sidir\",\"publisher\":{\"@id\":\"https:\\\/\\\/www.meydan.tv\\\/az\\\/#organization\"},\"potentialAction\":[{\"@type\":\"SearchAction\",\"target\":{\"@type\":\"EntryPoint\",\"urlTemplate\":\"https:\\\/\\\/www.meydan.tv\\\/az\\\/?s={search_term_string}\"},\"query-input\":{\"@type\":\"PropertyValueSpecification\",\"valueRequired\":true,\"valueName\":\"search_term_string\"}}],\"inLanguage\":\"az\"},{\"@type\":\"Organization\",\"@id\":\"https:\\\/\\\/www.meydan.tv\\\/az\\\/#organization\",\"name\":\"Meydan TV\",\"url\":\"https:\\\/\\\/www.meydan.tv\\\/az\\\/\",\"logo\":{\"@type\":\"ImageObject\",\"inLanguage\":\"az\",\"@id\":\"https:\\\/\\\/www.meydan.tv\\\/az\\\/#\\\/schema\\\/logo\\\/image\\\/\",\"url\":\"https:\\\/\\\/www.meydan.tv\\\/wp-content\\\/uploads\\\/2021\\\/07\\\/meydan-logo.svg\",\"contentUrl\":\"https:\\\/\\\/www.meydan.tv\\\/wp-content\\\/uploads\\\/2021\\\/07\\\/meydan-logo.svg\",\"width\":195,\"height\":46,\"caption\":\"Meydan TV\"},\"image\":{\"@id\":\"https:\\\/\\\/www.meydan.tv\\\/az\\\/#\\\/schema\\\/logo\\\/image\\\/\"}},{\"@type\":\"Person\",\"@id\":\"https:\\\/\\\/www.meydan.tv\\\/az\\\/#\\\/schema\\\/person\\\/10d11eccf6da3662cf5fdab9806ea91a\",\"name\":\"user-manager\"}]}<\/script>\n<!-- \/ Yoast SEO plugin. -->","yoast_head_json":{"title":"Kandid kimi X\u0259dic\u0259 - MEYDAN.TV","robots":{"index":"index","follow":"follow","max-snippet":"max-snippet:-1","max-image-preview":"max-image-preview:large","max-video-preview":"max-video-preview:-1"},"canonical":"https:\/\/www.meydan.tv\/az\/article\/kandid-kimi-xedice\/","og_locale":"az_AZ","og_type":"article","og_title":"Kandid kimi X\u0259dic\u0259 - MEYDAN.TV","og_description":"Sa\u00e7lar\u0131ndan g\u0259l\u0259n \u015fampun \u0259tri bel\u0259...","og_url":"https:\/\/www.meydan.tv\/az\/article\/kandid-kimi-xedice\/","og_site_name":"MEYDAN.TV","article_published_time":"2015-09-05T16:15:50+00:00","og_image":[{"width":500,"height":500,"url":"https:\/\/www.meydan.tv\/wp-content\/uploads\/12415.jpg","type":"image\/jpeg"}],"author":"user-manager","twitter_card":"summary_large_image","schema":{"@context":"https:\/\/schema.org","@graph":[{"@type":"Article","@id":"https:\/\/www.meydan.tv\/az\/article\/kandid-kimi-xedice\/#article","isPartOf":{"@id":"https:\/\/www.meydan.tv\/az\/article\/kandid-kimi-xedice\/"},"author":{"name":"user-manager","@id":"https:\/\/www.meydan.tv\/az\/#\/schema\/person\/10d11eccf6da3662cf5fdab9806ea91a"},"headline":"Kandid kimi X\u0259dic\u0259","datePublished":"2015-09-05T16:15:50+00:00","mainEntityOfPage":{"@id":"https:\/\/www.meydan.tv\/az\/article\/kandid-kimi-xedice\/"},"wordCount":1299,"publisher":{"@id":"https:\/\/www.meydan.tv\/az\/#organization"},"image":{"@id":"https:\/\/www.meydan.tv\/az\/article\/kandid-kimi-xedice\/#primaryimage"},"thumbnailUrl":"https:\/\/www.meydan.tv\/wp-content\/uploads\/12415.jpg","articleSection":["M\u0259nim Fikrimc\u0259"],"inLanguage":"az"},{"@type":"WebPage","@id":"https:\/\/www.meydan.tv\/az\/article\/kandid-kimi-xedice\/","url":"https:\/\/www.meydan.tv\/az\/article\/kandid-kimi-xedice\/","name":"Kandid kimi X\u0259dic\u0259 - MEYDAN.TV","isPartOf":{"@id":"https:\/\/www.meydan.tv\/az\/#website"},"primaryImageOfPage":{"@id":"https:\/\/www.meydan.tv\/az\/article\/kandid-kimi-xedice\/#primaryimage"},"image":{"@id":"https:\/\/www.meydan.tv\/az\/article\/kandid-kimi-xedice\/#primaryimage"},"thumbnailUrl":"https:\/\/www.meydan.tv\/wp-content\/uploads\/12415.jpg","datePublished":"2015-09-05T16:15:50+00:00","breadcrumb":{"@id":"https:\/\/www.meydan.tv\/az\/article\/kandid-kimi-xedice\/#breadcrumb"},"inLanguage":"az","potentialAction":[{"@type":"ReadAction","target":["https:\/\/www.meydan.tv\/az\/article\/kandid-kimi-xedice\/"]}]},{"@type":"ImageObject","inLanguage":"az","@id":"https:\/\/www.meydan.tv\/az\/article\/kandid-kimi-xedice\/#primaryimage","url":"https:\/\/www.meydan.tv\/wp-content\/uploads\/12415.jpg","contentUrl":"https:\/\/www.meydan.tv\/wp-content\/uploads\/12415.jpg","width":500,"height":500,"caption":"Source:"},{"@type":"BreadcrumbList","@id":"https:\/\/www.meydan.tv\/az\/article\/kandid-kimi-xedice\/#breadcrumb","itemListElement":[{"@type":"ListItem","position":1,"name":"Ana s\u0259hif\u0259","item":"https:\/\/www.meydan.tv\/az\/"},{"@type":"ListItem","position":2,"name":"M\u0259nim Fikrimc\u0259","item":"https:\/\/www.meydan.tv\/az\/section\/menim-fikrimce\/"},{"@type":"ListItem","position":3,"name":"Kandid kimi X\u0259dic\u0259"}]},{"@type":"WebSite","@id":"https:\/\/www.meydan.tv\/az\/#website","url":"https:\/\/www.meydan.tv\/az\/","name":"MEYDAN.TV","description":"Meydan TV Az\u0259rbaycan\u0131n media m\u0259kan\u0131ndak\u0131 alternativ s\u0259sidir","publisher":{"@id":"https:\/\/www.meydan.tv\/az\/#organization"},"potentialAction":[{"@type":"SearchAction","target":{"@type":"EntryPoint","urlTemplate":"https:\/\/www.meydan.tv\/az\/?s={search_term_string}"},"query-input":{"@type":"PropertyValueSpecification","valueRequired":true,"valueName":"search_term_string"}}],"inLanguage":"az"},{"@type":"Organization","@id":"https:\/\/www.meydan.tv\/az\/#organization","name":"Meydan TV","url":"https:\/\/www.meydan.tv\/az\/","logo":{"@type":"ImageObject","inLanguage":"az","@id":"https:\/\/www.meydan.tv\/az\/#\/schema\/logo\/image\/","url":"https:\/\/www.meydan.tv\/wp-content\/uploads\/2021\/07\/meydan-logo.svg","contentUrl":"https:\/\/www.meydan.tv\/wp-content\/uploads\/2021\/07\/meydan-logo.svg","width":195,"height":46,"caption":"Meydan TV"},"image":{"@id":"https:\/\/www.meydan.tv\/az\/#\/schema\/logo\/image\/"}},{"@type":"Person","@id":"https:\/\/www.meydan.tv\/az\/#\/schema\/person\/10d11eccf6da3662cf5fdab9806ea91a","name":"user-manager"}]}},"_links":{"self":[{"href":"https:\/\/www.meydan.tv\/az\/wp-json\/wp\/v2\/posts\/169834","targetHints":{"allow":["GET"]}}],"collection":[{"href":"https:\/\/www.meydan.tv\/az\/wp-json\/wp\/v2\/posts"}],"about":[{"href":"https:\/\/www.meydan.tv\/az\/wp-json\/wp\/v2\/types\/post"}],"author":[{"embeddable":true,"href":"https:\/\/www.meydan.tv\/az\/wp-json\/wp\/v2\/users\/11"}],"replies":[{"embeddable":true,"href":"https:\/\/www.meydan.tv\/az\/wp-json\/wp\/v2\/comments?post=169834"}],"version-history":[{"count":0,"href":"https:\/\/www.meydan.tv\/az\/wp-json\/wp\/v2\/posts\/169834\/revisions"}],"wp:featuredmedia":[{"embeddable":true,"href":"https:\/\/www.meydan.tv\/az\/wp-json\/wp\/v2\/media\/33220"}],"wp:attachment":[{"href":"https:\/\/www.meydan.tv\/az\/wp-json\/wp\/v2\/media?parent=169834"}],"wp:term":[{"taxonomy":"category","embeddable":true,"href":"https:\/\/www.meydan.tv\/az\/wp-json\/wp\/v2\/categories?post=169834"},{"taxonomy":"post_tag","embeddable":true,"href":"https:\/\/www.meydan.tv\/az\/wp-json\/wp\/v2\/tags?post=169834"}],"curies":[{"name":"wp","href":"https:\/\/api.w.org\/{rel}","templated":true}]}}