{"id":169759,"date":"2015-09-02T00:20:23","date_gmt":"2015-09-02T00:20:23","guid":{"rendered":"https:\/\/www.meydan.tv\/article\/neyin-ve-kimin-ugrunda\/"},"modified":"2015-09-02T00:20:23","modified_gmt":"2015-09-02T00:20:23","slug":"neyin-ve-kimin-ugrunda","status":"publish","type":"post","link":"https:\/\/www.meydan.tv\/az\/article\/neyin-ve-kimin-ugrunda\/","title":{"rendered":"N\u0259yin v\u0259 kimin u\u011frunda&#8230;"},"content":{"rendered":"<figure class=\"wp-block-image size-large\">\n  <img decoding=\"async\" src=\"https:\/\/www.meydan.tv\/az\/32901\/\" alt=\"\" class=\"wp-image-32901\"\/><figcaption><\/figcaption><\/figure>\n<figure class=\"wp-block-image size-large\">\n  <img decoding=\"async\" src=\"https:\/\/www.meydan.tv\/az\/32904\/\" alt=\"\" class=\"wp-image-32904\"\/><figcaption><\/figcaption><\/figure>\n<p>\n  \u201cM\u0259n qanunu yax\u015f\u0131 bilir\u0259m. Amma m\u0259n h\u0259m d\u0259 m\u0259hk\u0259m\u0259l\u0259rimiz\u0259 yax\u015f\u0131 b\u0259l\u0259d\u0259m, buna g\u00f6r\u0259 d\u0259 m\u0259hk\u0259m\u0259d\u0259n he\u00e7 n\u0259 ist\u0259mir\u0259m&#8230;\u201d<br \/>\n  <br \/>\n  Bunlar, 1968-ci il, Sovet tanklar\u0131n\u0131n \u00c7exiyaya girm\u0259sin\u0259 etiraz ed\u0259n 7 n\u0259f\u0259rd\u0259n biri, Larisa Boqoraz\u0131n m\u0259hk\u0259m\u0259d\u0259ki son s\u00f6zl\u0259ri idi. X\u0259dic\u0259nin d\u00fcn\u0259nki prosess\u0259 m\u0259hk\u0259m\u0259d\u0259n, hakimd\u0259n \u0259dal\u0259t ummama\u011f\u0131 m\u0259n\u0259 bu s\u00f6zl\u0259r bir daha xat\u0131rlatd\u0131. Q\u0259rib\u0259dir, tarix boyunca diktaturalar, onlar\u0131n m\u0259hk\u0259m\u0259l\u0259ri, \u015f\u0259rin sifari\u015fini icra ed\u0259n insanlar bir-birin\u0259 ox\u015fad\u0131\u011f\u0131 kimi, bu diktaturalara, \u015f\u0259r\u0259 qar\u015f\u0131 m\u00fcbariz\u0259 aparan insanlar da h\u0259m prinsip, h\u0259m d\u0259 davran\u0131\u015f etibaril\u0259 bir-birin\u0259 ox\u015fay\u0131rlar. G\u00f6r\u00fcn\u00fcr, yeni davran\u0131\u015f qaydalar\u0131na ehtiac yoxdur, eyni prinsipl\u0259r el\u0259 eyni davran\u0131\u015f\u0131 t\u0259l\u0259b edir. Biz Boqoraz v\u0259 dostlar\u0131n\u0131n etiraz el\u0259diyi rejimin \u00e7\u00f6k\u00fc\u015f\u00fcn\u00fc g\u00f6rd\u00fck. X\u0259dic\u0259nin etiraz el\u0259diyi rejimin \u00e7\u00f6k\u00fc\u015f\u00fcn\u00fc d\u0259 ya \u00f6z\u00fcm\u00fcz, ya bizd\u0259n sonra g\u0259l\u0259n n\u0259sil g\u00f6r\u0259c\u0259k, bu, sad\u0259c\u0259 zaman m\u0259s\u0259l\u0259sidir.\n<\/p>\n<p>\n  Bu g\u00fcn \u00f6lk\u0259d\u0259 ba\u015f al\u0131b ged\u0259n\u00a0 \u201cjurnalist dal\u011fas\u0131\u201d, \u201cQHT dal\u011fas\u0131\u201d, \u201cf\u0259allar dal\u011fas\u0131\u201d, \u201cqohumlar dal\u011fas\u0131\u201d kimi\u00a0 xarakteriz\u0259 oluna bil\u0259c\u0259k h\u0259bs, \u0259fvyazd\u0131rma, imtinaya m\u0259cburerm\u0259, \u00f6lk\u0259d\u0259n \u00e7\u0131x\u0131\u015f\u0131 qada\u011fan etm\u0259\u00a0 kimi repressiyalar\u0131 g\u00f6r\u0259nd\u0259, c\u0259mi yar\u0131m \u0259srd\u0259n bir q\u0259d\u0259r \u00e7ox tarixi olan sovet repressiylarla eynil\u0259\u015fdirm\u0259 aparmaq n\u0259 q\u0259d\u0259r asan g\u0259lir adama&#8230;V\u0259 n\u0259 q\u0259d\u0259r g\u00fclm\u0259li, n\u0259 q\u0259d\u0259r ac\u0131nacaql\u0131 g\u0259lir bug\u00fcnki rejimin v\u0259ziyy\u0259ti: d\u00fcnyan\u0131n alt\u0131a birini tutan bir co\u011frafiyada yetmi\u015f il \u00f6z ideyas\u0131n\u0131 k\u00fctl\u0259l\u0259rin q\u0259lbin\u0259 yeritm\u0259yi bacarmad\u0131 o s\u0259lt\u0259n\u0259t. Etiraz ed\u0259nl\u0259r tap\u0131ld\u0131, inanmayanlar tap\u0131ld\u0131, nifr\u0259t ed\u0259nl\u0259r tap\u0131ld\u0131, sona q\u0259d\u0259r dayananlar tap\u0131ld\u0131. \u0130ndi, puldan, var-d\u00f6vl\u0259td\u0259n ba\u015fqa he\u00e7 bir d\u0259y\u0259r, ideya tan\u0131mayan v\u0259 tanlmad\u0131\u011f\u0131 \u00fc\u00e7\u00fcn d\u0259, a\u015f\u0131lamayan rejim n\u0259yin\u0259 g\u00fcv\u0259nir? N\u0259 saxlayacaq onu, han\u0131, harda, n\u0259d\u0259dir onun m\u0259n\u0259vi dir\u0259kl\u0259ri? Dinozavr qal\u0131qlar\u0131 \u00fcz\u0259rind\u0259 qurulan siyas\u0259td\u0259mi?\n<\/p>\n<p>\n  \u018fmin\u0259m, X\u0259dic\u0259 bu s\u00f6zl\u0259ri \u00e7ox e\u015fitmi\u015fdi: \u201cAx\u0131, n\u0259yin u\u011frunda?! Ax\u0131, kim\u0259 g\u00f6r\u0259?! Bu xalqa g\u00f6r\u0259 d\u0259y\u0259rmi?! Etiraz el\u0259m\u0259y\u0259n, \u00f6z haqq\u0131n\u0131n tapdanmas\u0131na g\u00f6z yuman xalqa g\u00f6r\u0259 \u00f6z\u00fcn\u00fc t\u0259hl\u00fck\u0259y\u0259 atma\u011fa d\u0259y\u0259rmi?! Onlar bu f\u0259dakarl\u0131\u011fa layiqdirl\u0259rmi?\u201d. T\u0259kc\u0259 X\u0259dic\u0259 deyil, X\u0259dic\u0259nin d\u0259y\u0259rl\u0259rini b\u00f6l\u00fc\u015f\u0259n b\u00fct\u00fcn insanlar d\u0259f\u0259l\u0259rl\u0259 bu sualla \u00fcz-\u00fcz\u0259 qal\u0131blar. Xalq\u0131n ita\u0259tkarl\u0131\u011f\u0131, c\u0259miyy\u0259tin etiraz ehtiras\u0131n\u0131n \u00f6lg\u00fcnl\u00fcy\u00fc b\u0259z\u0259n fakt, b\u0259z\u0259n b\u0259han\u0259, b\u0259z\u0259n q\u0131naq kimi \u00e7\u0131rp\u0131l\u0131b bu insanlar\u0131n \u00fcz\u00fcn\u0259.\n<\/p>\n<p>\n  K\u00f6hn\u0259 s\u00f6hb\u0259tdir v\u0259 \u201cxalq onu idar\u0259 ed\u0259n rejim\u0259 layiqdir, layiq deyil, azadl\u0131q xalq\u0131n n\u0259yin\u0259 laz\u0131md\u0131r\u201d kimi suallar\u0131n Mark Zaxarovun \u201c\u018fjdahan\u0131 \u00f6ld\u00fcrm\u0259li\u201d filmind\u0259 Lanselotla \u018fjdahan\u0131n masa arxas\u0131ndak\u0131 s\u00f6hb\u0259tl\u0259rind\u0259 bir q\u0259d\u0259r cababland\u0131r\u0131l\u0131b. Z\u00fclm ed\u0259n z\u00fclm etm\u0259k \u00fc\u00e7\u00fcn, z\u00fclm\u0259 susmaq ist\u0259y\u0259n susmaq \u00fc\u00e7\u00fcn h\u0259mi\u015f\u0259 s\u0259b\u0259b tapaca\u011f\u0131 kimi, z\u00fclm\u0259 qar\u015f\u0131 susmaq ist\u0259m\u0259y\u0259n, z\u00fclm\u0259 etiraz etm\u0259k ist\u0259y\u0259nl\u0259r d\u0259 \u00f6zl\u0259rin\u0259 s\u0259b\u0259b tapacaqlar.\n<\/p>\n<p>\n  B\u00f6y\u00fck hind m\u00fct\u0259f\u0259kkiri Rabindranat Taqor deyirdi: S\u0259n\u0259 n\u0259 d\u0259xli var ki, hakimiyy\u0259t nec\u0259dir, xalq nec\u0259dir, m\u0259murlar nec\u0259dir, \u015f\u0259rait nec\u0259dir? Hakimiyy\u0259tin, xalq\u0131n, \u015f\u0259raitin nec\u0259 olma\u011f\u0131ndan as\u0131l\u0131 olmayaraq, s\u0259n h\u0259mi\u015f\u0259 yax\u015f\u0131 insan ol\u201d. X\u0259dic\u0259 ox\u015far prinsip\u0259 \u0259m\u0259l el\u0259di. \u015e\u0259rait, hakimiyy\u0259t pisdir dey\u0259, yax\u015f\u0131 insan olmaqdan, xalq etiraz el\u0259mir dey\u0259 etiraz etm\u0259kd\u0259n, insanlar susur dey\u0259 dan\u0131\u015fmaqdan imtina el\u0259m\u0259di. O, susmamaq, etiraz el\u0259m\u0259k \u00fc\u00e7\u00fcn \u00f6z s\u0259b\u0259bini tapm\u0131\u015fd\u0131. N\u0259 idi o s\u0259b\u0259b?<br \/>\n  <br \/>\n  Universitet ill\u0259rind\u0259 tarixini \u00f6yr\u0259ndiyimiz\u00a0 antik teatr\u0131 antik \u0259d\u0259biyyat v\u0259 antik f\u0259ls\u0259f\u0259d\u0259n ayr\u0131 t\u0259s\u0259svv\u00fcr etm\u0259k m\u00fcmk\u00fcn deyildi dey\u0259, bunlar\u0131 da azdan-\u00e7oxdan oxumal\u0131 idik. H\u0259dd\u0259n art\u0131q o g\u0259nc vaxtlar\u0131mda Platonun \u201cxeyir namin\u0259 xeyir\u201d ideyas\u0131 m\u0259n\u0259 \u00e7ox qaranl\u0131q, dumanl\u0131 g\u00f6r\u00fcnm\u00fc\u015fd\u00fc, a\u00e7\u0131\u011f\u0131, he\u00e7 n\u0259 ba\u015fa d\u00fc\u015fm\u0259mi\u015fdim. Bu g\u00fcn is\u0259 b\u00fct\u00fcn d\u0259rinliyi il\u0259 anlay\u0131ram.\n<\/p>\n<p>\n  B\u0259li, do\u011frudan da b\u0259z\u0259n \u0259dal\u0259t axtarmaq, \u0259dal\u0259tli olmaq biz\u0259 \u0259dal\u0259tli olma\u011f\u0131n g\u0259tirdiyi yax\u015f\u0131 ad, yax\u015f\u0131 imic \u00fc\u00e7\u00fcn laz\u0131md\u0131r. Biz b\u0259z\u0259n ona g\u00f6r\u0259 \u0259dal\u0259tli olmaq ist\u0259yirik ki, \u0259dal\u0259tli olmaq g\u00f6z\u0259l g\u00f6r\u00fcn\u00fcr, biz\u0259 alq\u0131\u015flar, t\u0259rifl\u0259r g\u0259tirir. \u00f6z\u00fcm\u00fcz\u0259, ba\u015fqalar\u0131na rifah, yax\u015f\u0131l\u0131q, rahatl\u0131q g\u0259tirir.\n<\/p>\n<p>\n  Amma b\u0259z\u0259n\u00a0 tarix, \u015f\u0259rait, m\u0259qam el\u0259 g\u0259tir\u0259 bil\u0259r ki, \u0259dal\u0259tli olmaq, h\u0259qiq\u0259ti \u00fcz\u0259 \u00e7\u0131xarmaq, xeyirin yan\u0131nda olma\u011f\u0131m\u0131z n\u0259 rahatl\u0131q g\u0259tir\u0259r, n\u0259 d\u0259 rifah.\n<\/p>\n<p>\n  B\u0259z\u0259n \u015f\u0259rait el\u0259 g\u0259tir\u0259r ki, \u0259dal\u0259ti b\u0259rpa etm\u0259k ist\u0259yimizi\u00a0 he\u00e7 kim bizd\u0259n ist\u0259m\u0259z. B\u0259z\u0259n \u015f\u0259rait el\u0259 g\u0259tir\u0259 bil\u0259r ki, tapd\u0131\u011f\u0131m\u0131z h\u0259qiq\u0259t he\u00e7 kim\u0259 s\u0259rf el\u0259m\u0259z. Insanlar bu h\u0259qiq\u0259ti \u00fcz\u0259 \u00e7\u0131xard\u0131\u011f\u0131m\u0131za g\u00f6r\u0259 biz\u0259 minn\u0259tdar olmaz. B\u0259z\u0259n el\u0259 ola bil\u0259r ki, xeyirin yan\u0131nda olma\u011f\u0131m\u0131z he\u00e7 kim\u0259 laz\u0131m olmaz.\n<\/p>\n<p>\n  Lap tutaq ki, xalq raz\u0131d\u0131r bel\u0259 bir rejimin onu idar\u0259 etm\u0259yind\u0259n. Lap tutaq ki, xalq narahat deyil ba\u015f al\u0131b ged\u0259n korrupsiydan, inhisarlardan, qanunsuzluqlardan. Tutaq ki, raz\u0131d\u0131r.\n<\/p>\n<p>\n  Bel\u0259 olanda, \u0259dal\u0259t \u0259dal\u0259tin \u00f6z\u00fc namin\u0259 b\u0259rpa edilir.\n<\/p>\n<p>\n  Bel\u0259 olanda, h\u0259qiq\u0259t h\u0259qiq\u0259tin \u00f6z\u00fc namin\u0259 deyilir.\n<\/p>\n<p>\n  Bel\u0259 olanda, xeyirin \u00f6z\u00fc\u00a0 namin\u0259 xeyirin yan\u0131nda olur X\u0259dic\u0259l\u0259r.\n<\/p>\n<p>\n  P.S. Bu g\u00fcn, X\u0259dic\u0259y\u0259 h\u00f6km oxunandan sonra az\u0259rbaycanl\u0131 olmayan, X\u0259dic\u0259nin h\u0259bsin\u0259 q\u0259d\u0259r diqq\u0259ti Az\u0259rbaycanda olmayan jurnalistl\u0259rin haz\u0131rlad\u0131\u011f\u0131 n\u00f6vb\u0259ti korrupsiya ara\u015fd\u0131rmas\u0131 yay\u0131ld\u0131 m\u0259tbuatda. Az\u0259rbaycan prezidenti, ail\u0259si v\u0259 ail\u0259 dostlar\u0131na xidm\u0259t ed\u0259n bahal\u0131<br \/>\n  <a href=\"https:\/\/www.occrp.org\/en\/investigations\/4342-azerbaijan-aliyev-family-friends-cruise-aboard-socar-super-yachts\" target=\"_blank\" rel=\"noopener\"><br \/>\n    <i><br \/>\n      <b><br \/>\n        yaxtalar bar\u0259d\u0259<br \/>\n      <\/b><br \/>\n    <\/i><br \/>\n  <\/a><br \/>\n  . Bu, q\u00fcrurverici bir mesaj idi. X\u0259dic\u0259nin h\u0259bsi onun ara\u015fd\u0131rmalar\u0131na son verm\u0259k c\u0259hdi idi. Amma bu ara\u015fd\u0131rma v\u0259 davam\u0131nda g\u0259l\u0259c\u0259k ara\u015fx\u0131rmalar g\u00f6st\u0259ridi ki, jurnalisti h\u0259bs etm\u0259kl\u0259, h\u0259qiq\u0259tin \u00fcz\u0259 \u00e7\u0131xmas\u0131n\u0131n qar\u015f\u0131s\u0131n\u0131 almaq m\u00fcmk\u00fcn deyil. H\u0259bs edil\u0259n h\u0259r X\u0259dic\u0259nin yerin\u0259 onlarla, y\u00fczl\u0259rl\u0259 X\u0259dic\u0259l\u0259r yeti\u015fir \u00f6lk\u0259d\u0259 v\u0259 d\u00fcnyada.\n<\/p>\n<p>\n  <b><br \/>\n    Yaz\u0131 m\u00fc\u0259llifin \u015f\u0259xsi m\u00f6vqeyini \u0259ks etdirir&#8230;<br \/>\n  <\/b>\n<\/p><\/p>\n","protected":false},"excerpt":{"rendered":"<p>X\u0259dic\u0259nin s\u0259b\u0259bi<\/p>\n","protected":false},"author":11,"featured_media":32901,"comment_status":"closed","ping_status":"open","sticky":false,"template":"","format":"standard","meta":{"_acf_changed":false,"_sitemap_exclude":false,"_sitemap_priority":"","_sitemap_frequency":"","footnotes":""},"categories":[57],"tags":[],"class_list":["post-169759","post","type-post","status-publish","format-standard","has-post-thumbnail","hentry","category-menim-fikrimce","infinite-scroll-item","generate-columns","tablet-grid-50","mobile-grid-100","grid-parent","grid-33","no-featured-image-padding"],"acf":[],"yoast_head":"<!-- This site is optimized with the Yoast SEO plugin v27.5 - https:\/\/yoast.com\/product\/yoast-seo-wordpress\/ -->\n<title>N\u0259yin v\u0259 kimin u\u011frunda... - MEYDAN.TV<\/title>\n<meta name=\"robots\" content=\"index, follow, max-snippet:-1, max-image-preview:large, max-video-preview:-1\" \/>\n<link rel=\"canonical\" href=\"https:\/\/www.meydan.tv\/az\/article\/neyin-ve-kimin-ugrunda\/\" \/>\n<meta property=\"og:locale\" content=\"az_AZ\" \/>\n<meta property=\"og:type\" content=\"article\" \/>\n<meta property=\"og:title\" content=\"N\u0259yin v\u0259 kimin u\u011frunda... - MEYDAN.TV\" \/>\n<meta property=\"og:description\" content=\"X\u0259dic\u0259nin s\u0259b\u0259bi\" \/>\n<meta property=\"og:url\" content=\"https:\/\/www.meydan.tv\/az\/article\/neyin-ve-kimin-ugrunda\/\" \/>\n<meta property=\"og:site_name\" content=\"MEYDAN.TV\" \/>\n<meta property=\"article:published_time\" content=\"2015-09-02T00:20:23+00:00\" \/>\n<meta property=\"og:image\" content=\"https:\/\/www.meydan.tv\/wp-content\/uploads\/12282.jpg\" \/>\n\t<meta property=\"og:image:width\" content=\"500\" \/>\n\t<meta property=\"og:image:height\" content=\"500\" \/>\n\t<meta property=\"og:image:type\" content=\"image\/jpeg\" \/>\n<meta name=\"author\" content=\"user-manager\" \/>\n<meta name=\"twitter:card\" content=\"summary_large_image\" \/>\n<script type=\"application\/ld+json\" class=\"yoast-schema-graph\">{\"@context\":\"https:\\\/\\\/schema.org\",\"@graph\":[{\"@type\":\"Article\",\"@id\":\"https:\\\/\\\/www.meydan.tv\\\/az\\\/article\\\/neyin-ve-kimin-ugrunda\\\/#article\",\"isPartOf\":{\"@id\":\"https:\\\/\\\/www.meydan.tv\\\/az\\\/article\\\/neyin-ve-kimin-ugrunda\\\/\"},\"author\":{\"name\":\"user-manager\",\"@id\":\"https:\\\/\\\/www.meydan.tv\\\/az\\\/#\\\/schema\\\/person\\\/10d11eccf6da3662cf5fdab9806ea91a\"},\"headline\":\"N\u0259yin v\u0259 kimin u\u011frunda&#8230;\",\"datePublished\":\"2015-09-02T00:20:23+00:00\",\"mainEntityOfPage\":{\"@id\":\"https:\\\/\\\/www.meydan.tv\\\/az\\\/article\\\/neyin-ve-kimin-ugrunda\\\/\"},\"wordCount\":1245,\"publisher\":{\"@id\":\"https:\\\/\\\/www.meydan.tv\\\/az\\\/#organization\"},\"image\":{\"@id\":\"https:\\\/\\\/www.meydan.tv\\\/az\\\/article\\\/neyin-ve-kimin-ugrunda\\\/#primaryimage\"},\"thumbnailUrl\":\"https:\\\/\\\/www.meydan.tv\\\/wp-content\\\/uploads\\\/12282.jpg\",\"articleSection\":[\"M\u0259nim Fikrimc\u0259\"],\"inLanguage\":\"az\"},{\"@type\":\"WebPage\",\"@id\":\"https:\\\/\\\/www.meydan.tv\\\/az\\\/article\\\/neyin-ve-kimin-ugrunda\\\/\",\"url\":\"https:\\\/\\\/www.meydan.tv\\\/az\\\/article\\\/neyin-ve-kimin-ugrunda\\\/\",\"name\":\"N\u0259yin v\u0259 kimin u\u011frunda... - MEYDAN.TV\",\"isPartOf\":{\"@id\":\"https:\\\/\\\/www.meydan.tv\\\/az\\\/#website\"},\"primaryImageOfPage\":{\"@id\":\"https:\\\/\\\/www.meydan.tv\\\/az\\\/article\\\/neyin-ve-kimin-ugrunda\\\/#primaryimage\"},\"image\":{\"@id\":\"https:\\\/\\\/www.meydan.tv\\\/az\\\/article\\\/neyin-ve-kimin-ugrunda\\\/#primaryimage\"},\"thumbnailUrl\":\"https:\\\/\\\/www.meydan.tv\\\/wp-content\\\/uploads\\\/12282.jpg\",\"datePublished\":\"2015-09-02T00:20:23+00:00\",\"breadcrumb\":{\"@id\":\"https:\\\/\\\/www.meydan.tv\\\/az\\\/article\\\/neyin-ve-kimin-ugrunda\\\/#breadcrumb\"},\"inLanguage\":\"az\",\"potentialAction\":[{\"@type\":\"ReadAction\",\"target\":[\"https:\\\/\\\/www.meydan.tv\\\/az\\\/article\\\/neyin-ve-kimin-ugrunda\\\/\"]}]},{\"@type\":\"ImageObject\",\"inLanguage\":\"az\",\"@id\":\"https:\\\/\\\/www.meydan.tv\\\/az\\\/article\\\/neyin-ve-kimin-ugrunda\\\/#primaryimage\",\"url\":\"https:\\\/\\\/www.meydan.tv\\\/wp-content\\\/uploads\\\/12282.jpg\",\"contentUrl\":\"https:\\\/\\\/www.meydan.tv\\\/wp-content\\\/uploads\\\/12282.jpg\",\"width\":500,\"height\":500,\"caption\":\"Source:\"},{\"@type\":\"BreadcrumbList\",\"@id\":\"https:\\\/\\\/www.meydan.tv\\\/az\\\/article\\\/neyin-ve-kimin-ugrunda\\\/#breadcrumb\",\"itemListElement\":[{\"@type\":\"ListItem\",\"position\":1,\"name\":\"Ana s\u0259hif\u0259\",\"item\":\"https:\\\/\\\/www.meydan.tv\\\/az\\\/\"},{\"@type\":\"ListItem\",\"position\":2,\"name\":\"M\u0259nim Fikrimc\u0259\",\"item\":\"https:\\\/\\\/www.meydan.tv\\\/az\\\/section\\\/menim-fikrimce\\\/\"},{\"@type\":\"ListItem\",\"position\":3,\"name\":\"N\u0259yin v\u0259 kimin u\u011frunda&#8230;\"}]},{\"@type\":\"WebSite\",\"@id\":\"https:\\\/\\\/www.meydan.tv\\\/az\\\/#website\",\"url\":\"https:\\\/\\\/www.meydan.tv\\\/az\\\/\",\"name\":\"MEYDAN.TV\",\"description\":\"Meydan TV Az\u0259rbaycan\u0131n media m\u0259kan\u0131ndak\u0131 alternativ s\u0259sidir\",\"publisher\":{\"@id\":\"https:\\\/\\\/www.meydan.tv\\\/az\\\/#organization\"},\"potentialAction\":[{\"@type\":\"SearchAction\",\"target\":{\"@type\":\"EntryPoint\",\"urlTemplate\":\"https:\\\/\\\/www.meydan.tv\\\/az\\\/?s={search_term_string}\"},\"query-input\":{\"@type\":\"PropertyValueSpecification\",\"valueRequired\":true,\"valueName\":\"search_term_string\"}}],\"inLanguage\":\"az\"},{\"@type\":\"Organization\",\"@id\":\"https:\\\/\\\/www.meydan.tv\\\/az\\\/#organization\",\"name\":\"Meydan TV\",\"url\":\"https:\\\/\\\/www.meydan.tv\\\/az\\\/\",\"logo\":{\"@type\":\"ImageObject\",\"inLanguage\":\"az\",\"@id\":\"https:\\\/\\\/www.meydan.tv\\\/az\\\/#\\\/schema\\\/logo\\\/image\\\/\",\"url\":\"https:\\\/\\\/www.meydan.tv\\\/wp-content\\\/uploads\\\/2021\\\/07\\\/meydan-logo.svg\",\"contentUrl\":\"https:\\\/\\\/www.meydan.tv\\\/wp-content\\\/uploads\\\/2021\\\/07\\\/meydan-logo.svg\",\"width\":195,\"height\":46,\"caption\":\"Meydan TV\"},\"image\":{\"@id\":\"https:\\\/\\\/www.meydan.tv\\\/az\\\/#\\\/schema\\\/logo\\\/image\\\/\"}},{\"@type\":\"Person\",\"@id\":\"https:\\\/\\\/www.meydan.tv\\\/az\\\/#\\\/schema\\\/person\\\/10d11eccf6da3662cf5fdab9806ea91a\",\"name\":\"user-manager\"}]}<\/script>\n<!-- \/ Yoast SEO plugin. -->","yoast_head_json":{"title":"N\u0259yin v\u0259 kimin u\u011frunda... - MEYDAN.TV","robots":{"index":"index","follow":"follow","max-snippet":"max-snippet:-1","max-image-preview":"max-image-preview:large","max-video-preview":"max-video-preview:-1"},"canonical":"https:\/\/www.meydan.tv\/az\/article\/neyin-ve-kimin-ugrunda\/","og_locale":"az_AZ","og_type":"article","og_title":"N\u0259yin v\u0259 kimin u\u011frunda... - MEYDAN.TV","og_description":"X\u0259dic\u0259nin s\u0259b\u0259bi","og_url":"https:\/\/www.meydan.tv\/az\/article\/neyin-ve-kimin-ugrunda\/","og_site_name":"MEYDAN.TV","article_published_time":"2015-09-02T00:20:23+00:00","og_image":[{"width":500,"height":500,"url":"https:\/\/www.meydan.tv\/wp-content\/uploads\/12282.jpg","type":"image\/jpeg"}],"author":"user-manager","twitter_card":"summary_large_image","schema":{"@context":"https:\/\/schema.org","@graph":[{"@type":"Article","@id":"https:\/\/www.meydan.tv\/az\/article\/neyin-ve-kimin-ugrunda\/#article","isPartOf":{"@id":"https:\/\/www.meydan.tv\/az\/article\/neyin-ve-kimin-ugrunda\/"},"author":{"name":"user-manager","@id":"https:\/\/www.meydan.tv\/az\/#\/schema\/person\/10d11eccf6da3662cf5fdab9806ea91a"},"headline":"N\u0259yin v\u0259 kimin u\u011frunda&#8230;","datePublished":"2015-09-02T00:20:23+00:00","mainEntityOfPage":{"@id":"https:\/\/www.meydan.tv\/az\/article\/neyin-ve-kimin-ugrunda\/"},"wordCount":1245,"publisher":{"@id":"https:\/\/www.meydan.tv\/az\/#organization"},"image":{"@id":"https:\/\/www.meydan.tv\/az\/article\/neyin-ve-kimin-ugrunda\/#primaryimage"},"thumbnailUrl":"https:\/\/www.meydan.tv\/wp-content\/uploads\/12282.jpg","articleSection":["M\u0259nim Fikrimc\u0259"],"inLanguage":"az"},{"@type":"WebPage","@id":"https:\/\/www.meydan.tv\/az\/article\/neyin-ve-kimin-ugrunda\/","url":"https:\/\/www.meydan.tv\/az\/article\/neyin-ve-kimin-ugrunda\/","name":"N\u0259yin v\u0259 kimin u\u011frunda... - MEYDAN.TV","isPartOf":{"@id":"https:\/\/www.meydan.tv\/az\/#website"},"primaryImageOfPage":{"@id":"https:\/\/www.meydan.tv\/az\/article\/neyin-ve-kimin-ugrunda\/#primaryimage"},"image":{"@id":"https:\/\/www.meydan.tv\/az\/article\/neyin-ve-kimin-ugrunda\/#primaryimage"},"thumbnailUrl":"https:\/\/www.meydan.tv\/wp-content\/uploads\/12282.jpg","datePublished":"2015-09-02T00:20:23+00:00","breadcrumb":{"@id":"https:\/\/www.meydan.tv\/az\/article\/neyin-ve-kimin-ugrunda\/#breadcrumb"},"inLanguage":"az","potentialAction":[{"@type":"ReadAction","target":["https:\/\/www.meydan.tv\/az\/article\/neyin-ve-kimin-ugrunda\/"]}]},{"@type":"ImageObject","inLanguage":"az","@id":"https:\/\/www.meydan.tv\/az\/article\/neyin-ve-kimin-ugrunda\/#primaryimage","url":"https:\/\/www.meydan.tv\/wp-content\/uploads\/12282.jpg","contentUrl":"https:\/\/www.meydan.tv\/wp-content\/uploads\/12282.jpg","width":500,"height":500,"caption":"Source:"},{"@type":"BreadcrumbList","@id":"https:\/\/www.meydan.tv\/az\/article\/neyin-ve-kimin-ugrunda\/#breadcrumb","itemListElement":[{"@type":"ListItem","position":1,"name":"Ana s\u0259hif\u0259","item":"https:\/\/www.meydan.tv\/az\/"},{"@type":"ListItem","position":2,"name":"M\u0259nim Fikrimc\u0259","item":"https:\/\/www.meydan.tv\/az\/section\/menim-fikrimce\/"},{"@type":"ListItem","position":3,"name":"N\u0259yin v\u0259 kimin u\u011frunda&#8230;"}]},{"@type":"WebSite","@id":"https:\/\/www.meydan.tv\/az\/#website","url":"https:\/\/www.meydan.tv\/az\/","name":"MEYDAN.TV","description":"Meydan TV Az\u0259rbaycan\u0131n media m\u0259kan\u0131ndak\u0131 alternativ s\u0259sidir","publisher":{"@id":"https:\/\/www.meydan.tv\/az\/#organization"},"potentialAction":[{"@type":"SearchAction","target":{"@type":"EntryPoint","urlTemplate":"https:\/\/www.meydan.tv\/az\/?s={search_term_string}"},"query-input":{"@type":"PropertyValueSpecification","valueRequired":true,"valueName":"search_term_string"}}],"inLanguage":"az"},{"@type":"Organization","@id":"https:\/\/www.meydan.tv\/az\/#organization","name":"Meydan TV","url":"https:\/\/www.meydan.tv\/az\/","logo":{"@type":"ImageObject","inLanguage":"az","@id":"https:\/\/www.meydan.tv\/az\/#\/schema\/logo\/image\/","url":"https:\/\/www.meydan.tv\/wp-content\/uploads\/2021\/07\/meydan-logo.svg","contentUrl":"https:\/\/www.meydan.tv\/wp-content\/uploads\/2021\/07\/meydan-logo.svg","width":195,"height":46,"caption":"Meydan TV"},"image":{"@id":"https:\/\/www.meydan.tv\/az\/#\/schema\/logo\/image\/"}},{"@type":"Person","@id":"https:\/\/www.meydan.tv\/az\/#\/schema\/person\/10d11eccf6da3662cf5fdab9806ea91a","name":"user-manager"}]}},"_links":{"self":[{"href":"https:\/\/www.meydan.tv\/az\/wp-json\/wp\/v2\/posts\/169759","targetHints":{"allow":["GET"]}}],"collection":[{"href":"https:\/\/www.meydan.tv\/az\/wp-json\/wp\/v2\/posts"}],"about":[{"href":"https:\/\/www.meydan.tv\/az\/wp-json\/wp\/v2\/types\/post"}],"author":[{"embeddable":true,"href":"https:\/\/www.meydan.tv\/az\/wp-json\/wp\/v2\/users\/11"}],"replies":[{"embeddable":true,"href":"https:\/\/www.meydan.tv\/az\/wp-json\/wp\/v2\/comments?post=169759"}],"version-history":[{"count":0,"href":"https:\/\/www.meydan.tv\/az\/wp-json\/wp\/v2\/posts\/169759\/revisions"}],"wp:featuredmedia":[{"embeddable":true,"href":"https:\/\/www.meydan.tv\/az\/wp-json\/wp\/v2\/media\/32901"}],"wp:attachment":[{"href":"https:\/\/www.meydan.tv\/az\/wp-json\/wp\/v2\/media?parent=169759"}],"wp:term":[{"taxonomy":"category","embeddable":true,"href":"https:\/\/www.meydan.tv\/az\/wp-json\/wp\/v2\/categories?post=169759"},{"taxonomy":"post_tag","embeddable":true,"href":"https:\/\/www.meydan.tv\/az\/wp-json\/wp\/v2\/tags?post=169759"}],"curies":[{"name":"wp","href":"https:\/\/api.w.org\/{rel}","templated":true}]}}