{"id":169727,"date":"2015-08-31T14:00:49","date_gmt":"2015-08-31T14:00:49","guid":{"rendered":"https:\/\/www.meydan.tv\/article\/insan-oglunun-cokusu\/"},"modified":"2015-08-31T14:00:49","modified_gmt":"2015-08-31T14:00:49","slug":"insan-oglunun-cokusu","status":"publish","type":"post","link":"https:\/\/www.meydan.tv\/az\/article\/insan-oglunun-cokusu\/","title":{"rendered":"\u0130nsan o\u011flunun \u00e7\u00f6k\u00fc\u015f\u00fc"},"content":{"rendered":"<figure class=\"wp-block-image size-large\">\n  <img decoding=\"async\" src=\"https:\/\/www.meydan.tv\/az\/32769\/\" alt=\"\" class=\"wp-image-32769\"\/><figcaption><\/figcaption><\/figure>\n<figure class=\"wp-block-image size-large\">\n  <img decoding=\"async\" src=\"https:\/\/www.meydan.tv\/az\/32772\/\" alt=\"\" class=\"wp-image-32772\"\/><figcaption><\/figcaption><\/figure>\n<p>\n  Yaz\u0131ya bu c\u00fcml\u0259l\u0259rl\u0259 ba\u015flamaq ist\u0259rdim : \u201cO g\u00fcn yen\u0259 dostlarla \u00e7ay i\u00e7ib s\u00f6hb\u0259t edirdik.\u201d Amma ba\u015flaya bilmir\u0259m t\u0259\u0259s\u00fcf ki. \u00c7\u00fcnki \u0259trafda n\u0259 tan\u0131\u015f tapmaq olur n\u0259 d\u0259 dost. Ham\u0131 \u00f6z h\u00fccr\u0259sin\u0259 \u00e7\u0259kilib, virtualla\u015f\u0131r. Ham\u0131 telefona qapan\u0131b. \u0130nsanlar art\u0131q yax\u0131ndan bir-biri il\u0259 \u0259laq\u0259 qurmaq ist\u0259mirl\u0259r, hissl\u0259r virtualla\u015f\u0131r. \u00c7\u00fcnki bu daha rahatd\u0131r. Bu daha istidir. V\u0259ziyy\u0259ti t\u0259svir etm\u0259k bir az \u00e7\u0259tindir. Virtualda insanlara qar\u015f\u0131 ke\u00e7irdiyimiz isti hissl\u0259r s\u00f6hb\u0259t reall\u0131\u011fa g\u0259l\u0259nd\u0259 soyuqluq il\u0259 \u0259v\u0259z olunurdu.<\/p>\n<p>  Bir zaman m\u0259n d\u0259 bu u\u00e7uruma d\u00fc\u015fd\u00fcm v\u0259 h\u0259l\u0259 d\u0259 \u00e7abalay\u0131ram.\u00a0 \u0130nsanlar olurdu ki, s\u0259h\u0259r\u0259 kimi oturub, dan\u0131\u015f\u0131rd\u0131m amma m\u0259s\u0259l\u0259 real g\u00f6r\u00fc\u015fm\u0259y\u0259 g\u0259l\u0259nd\u0259\u2026 Bax\u0131n, burada \u201cstop\u201d olurdu h\u0259r \u015fey. Qar\u015f\u0131mdak\u0131lar da el\u0259 bunu ist\u0259yirdi. \u201cOnline n\u0259 q\u0259d\u0259r ist\u0259yirs\u0259n, dan\u0131\u015faq, amma g\u00f6r\u00fc\u015fm\u0259y\u0259k.\u201d B\u00fct\u00fcn h\u0259v\u0259s, hissl\u0259r \u00f6l\u00fcrd\u00fc g\u00f6r\u00fc\u015f ad\u0131 g\u0259l\u0259nd\u0259. Real h\u0259yatdan iyr\u0259nib, soyuyub virtual h\u0259yata ba\u011flan\u0131r\u0131q. D\u00fczd\u00fcr, m\u0259s\u0259l\u0259 m\u0259nd\u0259 indi d\u0259 f\u0259rqli deyil, amma inki\u015faf var, real g\u00f6r\u00fc\u015fl\u0259rd\u0259n qa\u00e7m\u0131ram.<br \/>\n  <br \/>\n  Buna t\u0259nb\u0259ll\u0259\u015fm\u0259, virtualla\u015fma, piksell\u0259\u015fm\u0259, \u00fctopik h\u0259yata ba\u011flanmaq adlar\u0131n\u0131 verm\u0259k olar.<\/p>\n<p>  Utopiya demi\u015fk\u0259n &#8230; \u00c7exov da el\u0259 bunu g\u00f6st\u0259rm\u0259k ist\u0259mirdimi ? Onun uzaqg\u00f6r\u0259nliyi d\u0259 el\u0259 bunda idi. Amma o zaman onun \u0259s\u0259rl\u0259rind\u0259ki estetikan\u0131, \u00fcslubu utopiya adland\u0131r\u0131rd\u0131lar. \u0130ndi is\u0259 bu reall\u0131\u011fa \u00e7evrilib. \u0130ndi ya\u015fasayd\u0131, \u00c7exov y\u0259qin ki, utopiyan\u0131 bel\u0259 t\u0259svir ed\u0259rdi : \u201c\u0130nsanlar antik d\u00f6vrd\u0259ki kimi xo\u015fb\u0259xt ya\u015fay\u0131r, \u015f\u0259h\u0259rd\u0259 ham\u0131 \u0259yl\u0259nir, texnologiya yoxdur v\u0259 s.\u201d<\/p>\n<p>  \u018fvv\u0259ll\u0259r radio, sonra televizor, komp\u00fcter indi d\u0259 a\u011f\u0131ll\u0131 telefonlar. Hermetikl\u0259\u015firik, qapan\u0131r\u0131q \u00f6z\u00fcm\u00fcz\u0259, yeyirik, \u015fi\u015firik v\u0259 indiki t\u0259kam\u00fcl formam\u0131za \u00e7at\u0131r\u0131q. Telefon \u015firk\u0259tl\u0259ri h\u0259r il yeni bir layih\u0259 il\u0259 insanlar\u0131 9-10 sm-lik texniki \u015feyl\u0259rin\u0259 dolay\u0131rlar.<br \/>\n  <br \/>\n  U\u00e7uruma do\u011fru daha da inki\u015fafla add\u0131mlay\u0131r\u0131q. Bu, insan o\u011flunun \u00e7\u00f6k\u00fc\u015f\u00fcd\u00fcr. On doqquzuncu \u0259srd\u0259n b\u0259ri davam ed\u0259n \u00e7\u00f6k\u00fc\u015f\u00fc. M\u00fcasir post-modernizm \u0259srinin taunu. Bu bizim virtualla\u015fma\u011f\u0131m\u0131z, piksel\u0259 \u00e7evrilm\u0259yimizdir.<\/p>\n<p>  2015-ci ild\u0259 \u00e7\u0259kil\u0259n \u201cPixels\u201d filmi kimi. Ham\u0131 v\u0259 h\u0259r \u015fey piksel\u0259 \u00e7evrilir. Siz d\u0259 el\u0259 bilirsiniz ki, bu film komediyad\u0131r ? Xeyr, bu, insano\u011flunun \u00e7\u00f6k\u00fc\u015f\u00fcn\u00fcn film vasit\u0259sil\u0259 t\u0259zah\u00fcr\u00fcd\u00fcr. Hissl\u0259rinin elektronla\u015fmas\u0131d\u0131r. H\u0259qiq\u0259t\u0259n, d\u00fc\u015fd\u00fcy\u00fcn\u00fcz v\u0259ziyy\u0259td\u0259n qorxmursunuz ?<\/p>\n<p>  B\u0259lk\u0259 bunu da boykot ed\u0259k ?<\/p>\n<p>  Azadl\u0131qa \u00e7\u0131xaq.<\/p>\n<p>  Ham\u0131 evl\u0259rind\u0259n \u00e7\u00f6l\u0259 \u00e7\u0131xs\u0131n.<\/p>\n<p>  \u0130nsan izdiham\u0131 k\u00fc\u00e7\u0259l\u0259rd\u0259 s\u0259s-s\u0259s\u0259 verib, \u0259yl\u0259nsin&#8230;\n<\/p>\n<p>\n  <b><br \/>\n    Yaz\u0131 m\u00fc\u0259llifin \u015f\u0259xsi m\u00f6vqeyini\u00a0 ifad\u0259 edir&#8230;<br \/>\n  <\/b><\/p>\n","protected":false},"excerpt":{"rendered":"<p>B\u0259\u015f\u0259ri piksell\u0259\u015fm\u0259y\u0259 dair&#8230;<\/p>\n","protected":false},"author":11,"featured_media":32769,"comment_status":"closed","ping_status":"open","sticky":false,"template":"","format":"standard","meta":{"_acf_changed":false,"_sitemap_exclude":false,"_sitemap_priority":"","_sitemap_frequency":"","footnotes":""},"categories":[57],"tags":[],"class_list":["post-169727","post","type-post","status-publish","format-standard","has-post-thumbnail","hentry","category-menim-fikrimce","infinite-scroll-item","generate-columns","tablet-grid-50","mobile-grid-100","grid-parent","grid-33","no-featured-image-padding"],"acf":[],"yoast_head":"<!-- This site is optimized with the Yoast SEO plugin v27.5 - https:\/\/yoast.com\/product\/yoast-seo-wordpress\/ -->\n<title>\u0130nsan o\u011flunun \u00e7\u00f6k\u00fc\u015f\u00fc - MEYDAN.TV<\/title>\n<meta name=\"robots\" content=\"index, follow, max-snippet:-1, max-image-preview:large, max-video-preview:-1\" \/>\n<link rel=\"canonical\" href=\"https:\/\/www.meydan.tv\/az\/article\/insan-oglunun-cokusu\/\" \/>\n<meta property=\"og:locale\" content=\"az_AZ\" \/>\n<meta property=\"og:type\" content=\"article\" \/>\n<meta property=\"og:title\" content=\"\u0130nsan o\u011flunun \u00e7\u00f6k\u00fc\u015f\u00fc - MEYDAN.TV\" \/>\n<meta property=\"og:description\" content=\"B\u0259\u015f\u0259ri piksell\u0259\u015fm\u0259y\u0259 dair...\" \/>\n<meta property=\"og:url\" content=\"https:\/\/www.meydan.tv\/az\/article\/insan-oglunun-cokusu\/\" \/>\n<meta property=\"og:site_name\" content=\"MEYDAN.TV\" \/>\n<meta property=\"article:published_time\" content=\"2015-08-31T14:00:49+00:00\" \/>\n<meta property=\"og:image\" content=\"https:\/\/www.meydan.tv\/wp-content\/uploads\/12241.jpg\" \/>\n\t<meta property=\"og:image:width\" content=\"500\" \/>\n\t<meta property=\"og:image:height\" content=\"500\" \/>\n\t<meta property=\"og:image:type\" content=\"image\/jpeg\" \/>\n<meta name=\"author\" content=\"user-manager\" \/>\n<meta name=\"twitter:card\" content=\"summary_large_image\" \/>\n<script type=\"application\/ld+json\" class=\"yoast-schema-graph\">{\"@context\":\"https:\\\/\\\/schema.org\",\"@graph\":[{\"@type\":\"Article\",\"@id\":\"https:\\\/\\\/www.meydan.tv\\\/az\\\/article\\\/insan-oglunun-cokusu\\\/#article\",\"isPartOf\":{\"@id\":\"https:\\\/\\\/www.meydan.tv\\\/az\\\/article\\\/insan-oglunun-cokusu\\\/\"},\"author\":{\"name\":\"user-manager\",\"@id\":\"https:\\\/\\\/www.meydan.tv\\\/az\\\/#\\\/schema\\\/person\\\/10d11eccf6da3662cf5fdab9806ea91a\"},\"headline\":\"\u0130nsan o\u011flunun \u00e7\u00f6k\u00fc\u015f\u00fc\",\"datePublished\":\"2015-08-31T14:00:49+00:00\",\"mainEntityOfPage\":{\"@id\":\"https:\\\/\\\/www.meydan.tv\\\/az\\\/article\\\/insan-oglunun-cokusu\\\/\"},\"wordCount\":525,\"publisher\":{\"@id\":\"https:\\\/\\\/www.meydan.tv\\\/az\\\/#organization\"},\"image\":{\"@id\":\"https:\\\/\\\/www.meydan.tv\\\/az\\\/article\\\/insan-oglunun-cokusu\\\/#primaryimage\"},\"thumbnailUrl\":\"https:\\\/\\\/www.meydan.tv\\\/wp-content\\\/uploads\\\/12241.jpg\",\"articleSection\":[\"M\u0259nim Fikrimc\u0259\"],\"inLanguage\":\"az\"},{\"@type\":\"WebPage\",\"@id\":\"https:\\\/\\\/www.meydan.tv\\\/az\\\/article\\\/insan-oglunun-cokusu\\\/\",\"url\":\"https:\\\/\\\/www.meydan.tv\\\/az\\\/article\\\/insan-oglunun-cokusu\\\/\",\"name\":\"\u0130nsan o\u011flunun \u00e7\u00f6k\u00fc\u015f\u00fc - MEYDAN.TV\",\"isPartOf\":{\"@id\":\"https:\\\/\\\/www.meydan.tv\\\/az\\\/#website\"},\"primaryImageOfPage\":{\"@id\":\"https:\\\/\\\/www.meydan.tv\\\/az\\\/article\\\/insan-oglunun-cokusu\\\/#primaryimage\"},\"image\":{\"@id\":\"https:\\\/\\\/www.meydan.tv\\\/az\\\/article\\\/insan-oglunun-cokusu\\\/#primaryimage\"},\"thumbnailUrl\":\"https:\\\/\\\/www.meydan.tv\\\/wp-content\\\/uploads\\\/12241.jpg\",\"datePublished\":\"2015-08-31T14:00:49+00:00\",\"breadcrumb\":{\"@id\":\"https:\\\/\\\/www.meydan.tv\\\/az\\\/article\\\/insan-oglunun-cokusu\\\/#breadcrumb\"},\"inLanguage\":\"az\",\"potentialAction\":[{\"@type\":\"ReadAction\",\"target\":[\"https:\\\/\\\/www.meydan.tv\\\/az\\\/article\\\/insan-oglunun-cokusu\\\/\"]}]},{\"@type\":\"ImageObject\",\"inLanguage\":\"az\",\"@id\":\"https:\\\/\\\/www.meydan.tv\\\/az\\\/article\\\/insan-oglunun-cokusu\\\/#primaryimage\",\"url\":\"https:\\\/\\\/www.meydan.tv\\\/wp-content\\\/uploads\\\/12241.jpg\",\"contentUrl\":\"https:\\\/\\\/www.meydan.tv\\\/wp-content\\\/uploads\\\/12241.jpg\",\"width\":500,\"height\":500,\"caption\":\"Source:\"},{\"@type\":\"BreadcrumbList\",\"@id\":\"https:\\\/\\\/www.meydan.tv\\\/az\\\/article\\\/insan-oglunun-cokusu\\\/#breadcrumb\",\"itemListElement\":[{\"@type\":\"ListItem\",\"position\":1,\"name\":\"Ana s\u0259hif\u0259\",\"item\":\"https:\\\/\\\/www.meydan.tv\\\/az\\\/\"},{\"@type\":\"ListItem\",\"position\":2,\"name\":\"M\u0259nim Fikrimc\u0259\",\"item\":\"https:\\\/\\\/www.meydan.tv\\\/az\\\/section\\\/menim-fikrimce\\\/\"},{\"@type\":\"ListItem\",\"position\":3,\"name\":\"\u0130nsan o\u011flunun \u00e7\u00f6k\u00fc\u015f\u00fc\"}]},{\"@type\":\"WebSite\",\"@id\":\"https:\\\/\\\/www.meydan.tv\\\/az\\\/#website\",\"url\":\"https:\\\/\\\/www.meydan.tv\\\/az\\\/\",\"name\":\"MEYDAN.TV\",\"description\":\"Meydan TV Az\u0259rbaycan\u0131n media m\u0259kan\u0131ndak\u0131 alternativ s\u0259sidir\",\"publisher\":{\"@id\":\"https:\\\/\\\/www.meydan.tv\\\/az\\\/#organization\"},\"potentialAction\":[{\"@type\":\"SearchAction\",\"target\":{\"@type\":\"EntryPoint\",\"urlTemplate\":\"https:\\\/\\\/www.meydan.tv\\\/az\\\/?s={search_term_string}\"},\"query-input\":{\"@type\":\"PropertyValueSpecification\",\"valueRequired\":true,\"valueName\":\"search_term_string\"}}],\"inLanguage\":\"az\"},{\"@type\":\"Organization\",\"@id\":\"https:\\\/\\\/www.meydan.tv\\\/az\\\/#organization\",\"name\":\"Meydan TV\",\"url\":\"https:\\\/\\\/www.meydan.tv\\\/az\\\/\",\"logo\":{\"@type\":\"ImageObject\",\"inLanguage\":\"az\",\"@id\":\"https:\\\/\\\/www.meydan.tv\\\/az\\\/#\\\/schema\\\/logo\\\/image\\\/\",\"url\":\"https:\\\/\\\/www.meydan.tv\\\/wp-content\\\/uploads\\\/2021\\\/07\\\/meydan-logo.svg\",\"contentUrl\":\"https:\\\/\\\/www.meydan.tv\\\/wp-content\\\/uploads\\\/2021\\\/07\\\/meydan-logo.svg\",\"width\":195,\"height\":46,\"caption\":\"Meydan TV\"},\"image\":{\"@id\":\"https:\\\/\\\/www.meydan.tv\\\/az\\\/#\\\/schema\\\/logo\\\/image\\\/\"}},{\"@type\":\"Person\",\"@id\":\"https:\\\/\\\/www.meydan.tv\\\/az\\\/#\\\/schema\\\/person\\\/10d11eccf6da3662cf5fdab9806ea91a\",\"name\":\"user-manager\"}]}<\/script>\n<!-- \/ Yoast SEO plugin. -->","yoast_head_json":{"title":"\u0130nsan o\u011flunun \u00e7\u00f6k\u00fc\u015f\u00fc - MEYDAN.TV","robots":{"index":"index","follow":"follow","max-snippet":"max-snippet:-1","max-image-preview":"max-image-preview:large","max-video-preview":"max-video-preview:-1"},"canonical":"https:\/\/www.meydan.tv\/az\/article\/insan-oglunun-cokusu\/","og_locale":"az_AZ","og_type":"article","og_title":"\u0130nsan o\u011flunun \u00e7\u00f6k\u00fc\u015f\u00fc - MEYDAN.TV","og_description":"B\u0259\u015f\u0259ri piksell\u0259\u015fm\u0259y\u0259 dair...","og_url":"https:\/\/www.meydan.tv\/az\/article\/insan-oglunun-cokusu\/","og_site_name":"MEYDAN.TV","article_published_time":"2015-08-31T14:00:49+00:00","og_image":[{"width":500,"height":500,"url":"https:\/\/www.meydan.tv\/wp-content\/uploads\/12241.jpg","type":"image\/jpeg"}],"author":"user-manager","twitter_card":"summary_large_image","schema":{"@context":"https:\/\/schema.org","@graph":[{"@type":"Article","@id":"https:\/\/www.meydan.tv\/az\/article\/insan-oglunun-cokusu\/#article","isPartOf":{"@id":"https:\/\/www.meydan.tv\/az\/article\/insan-oglunun-cokusu\/"},"author":{"name":"user-manager","@id":"https:\/\/www.meydan.tv\/az\/#\/schema\/person\/10d11eccf6da3662cf5fdab9806ea91a"},"headline":"\u0130nsan o\u011flunun \u00e7\u00f6k\u00fc\u015f\u00fc","datePublished":"2015-08-31T14:00:49+00:00","mainEntityOfPage":{"@id":"https:\/\/www.meydan.tv\/az\/article\/insan-oglunun-cokusu\/"},"wordCount":525,"publisher":{"@id":"https:\/\/www.meydan.tv\/az\/#organization"},"image":{"@id":"https:\/\/www.meydan.tv\/az\/article\/insan-oglunun-cokusu\/#primaryimage"},"thumbnailUrl":"https:\/\/www.meydan.tv\/wp-content\/uploads\/12241.jpg","articleSection":["M\u0259nim Fikrimc\u0259"],"inLanguage":"az"},{"@type":"WebPage","@id":"https:\/\/www.meydan.tv\/az\/article\/insan-oglunun-cokusu\/","url":"https:\/\/www.meydan.tv\/az\/article\/insan-oglunun-cokusu\/","name":"\u0130nsan o\u011flunun \u00e7\u00f6k\u00fc\u015f\u00fc - MEYDAN.TV","isPartOf":{"@id":"https:\/\/www.meydan.tv\/az\/#website"},"primaryImageOfPage":{"@id":"https:\/\/www.meydan.tv\/az\/article\/insan-oglunun-cokusu\/#primaryimage"},"image":{"@id":"https:\/\/www.meydan.tv\/az\/article\/insan-oglunun-cokusu\/#primaryimage"},"thumbnailUrl":"https:\/\/www.meydan.tv\/wp-content\/uploads\/12241.jpg","datePublished":"2015-08-31T14:00:49+00:00","breadcrumb":{"@id":"https:\/\/www.meydan.tv\/az\/article\/insan-oglunun-cokusu\/#breadcrumb"},"inLanguage":"az","potentialAction":[{"@type":"ReadAction","target":["https:\/\/www.meydan.tv\/az\/article\/insan-oglunun-cokusu\/"]}]},{"@type":"ImageObject","inLanguage":"az","@id":"https:\/\/www.meydan.tv\/az\/article\/insan-oglunun-cokusu\/#primaryimage","url":"https:\/\/www.meydan.tv\/wp-content\/uploads\/12241.jpg","contentUrl":"https:\/\/www.meydan.tv\/wp-content\/uploads\/12241.jpg","width":500,"height":500,"caption":"Source:"},{"@type":"BreadcrumbList","@id":"https:\/\/www.meydan.tv\/az\/article\/insan-oglunun-cokusu\/#breadcrumb","itemListElement":[{"@type":"ListItem","position":1,"name":"Ana s\u0259hif\u0259","item":"https:\/\/www.meydan.tv\/az\/"},{"@type":"ListItem","position":2,"name":"M\u0259nim Fikrimc\u0259","item":"https:\/\/www.meydan.tv\/az\/section\/menim-fikrimce\/"},{"@type":"ListItem","position":3,"name":"\u0130nsan o\u011flunun \u00e7\u00f6k\u00fc\u015f\u00fc"}]},{"@type":"WebSite","@id":"https:\/\/www.meydan.tv\/az\/#website","url":"https:\/\/www.meydan.tv\/az\/","name":"MEYDAN.TV","description":"Meydan TV Az\u0259rbaycan\u0131n media m\u0259kan\u0131ndak\u0131 alternativ s\u0259sidir","publisher":{"@id":"https:\/\/www.meydan.tv\/az\/#organization"},"potentialAction":[{"@type":"SearchAction","target":{"@type":"EntryPoint","urlTemplate":"https:\/\/www.meydan.tv\/az\/?s={search_term_string}"},"query-input":{"@type":"PropertyValueSpecification","valueRequired":true,"valueName":"search_term_string"}}],"inLanguage":"az"},{"@type":"Organization","@id":"https:\/\/www.meydan.tv\/az\/#organization","name":"Meydan TV","url":"https:\/\/www.meydan.tv\/az\/","logo":{"@type":"ImageObject","inLanguage":"az","@id":"https:\/\/www.meydan.tv\/az\/#\/schema\/logo\/image\/","url":"https:\/\/www.meydan.tv\/wp-content\/uploads\/2021\/07\/meydan-logo.svg","contentUrl":"https:\/\/www.meydan.tv\/wp-content\/uploads\/2021\/07\/meydan-logo.svg","width":195,"height":46,"caption":"Meydan TV"},"image":{"@id":"https:\/\/www.meydan.tv\/az\/#\/schema\/logo\/image\/"}},{"@type":"Person","@id":"https:\/\/www.meydan.tv\/az\/#\/schema\/person\/10d11eccf6da3662cf5fdab9806ea91a","name":"user-manager"}]}},"_links":{"self":[{"href":"https:\/\/www.meydan.tv\/az\/wp-json\/wp\/v2\/posts\/169727","targetHints":{"allow":["GET"]}}],"collection":[{"href":"https:\/\/www.meydan.tv\/az\/wp-json\/wp\/v2\/posts"}],"about":[{"href":"https:\/\/www.meydan.tv\/az\/wp-json\/wp\/v2\/types\/post"}],"author":[{"embeddable":true,"href":"https:\/\/www.meydan.tv\/az\/wp-json\/wp\/v2\/users\/11"}],"replies":[{"embeddable":true,"href":"https:\/\/www.meydan.tv\/az\/wp-json\/wp\/v2\/comments?post=169727"}],"version-history":[{"count":0,"href":"https:\/\/www.meydan.tv\/az\/wp-json\/wp\/v2\/posts\/169727\/revisions"}],"wp:featuredmedia":[{"embeddable":true,"href":"https:\/\/www.meydan.tv\/az\/wp-json\/wp\/v2\/media\/32769"}],"wp:attachment":[{"href":"https:\/\/www.meydan.tv\/az\/wp-json\/wp\/v2\/media?parent=169727"}],"wp:term":[{"taxonomy":"category","embeddable":true,"href":"https:\/\/www.meydan.tv\/az\/wp-json\/wp\/v2\/categories?post=169727"},{"taxonomy":"post_tag","embeddable":true,"href":"https:\/\/www.meydan.tv\/az\/wp-json\/wp\/v2\/tags?post=169727"}],"curies":[{"name":"wp","href":"https:\/\/api.w.org\/{rel}","templated":true}]}}