{"id":169722,"date":"2015-08-31T00:52:58","date_gmt":"2015-08-31T00:52:58","guid":{"rendered":"https:\/\/www.meydan.tv\/article\/tehqir-etmekdense-cavab-vermek\/"},"modified":"2015-08-31T00:52:58","modified_gmt":"2015-08-31T00:52:58","slug":"tehqir-etmekdense-cavab-vermek","status":"publish","type":"post","link":"https:\/\/www.meydan.tv\/az\/article\/tehqir-etmekdense-cavab-vermek\/","title":{"rendered":"T\u0259hqir etm\u0259kd\u0259ns\u0259, cavab verm\u0259k"},"content":{"rendered":"<figure class=\"wp-block-image size-large\">\n  <img decoding=\"async\" src=\"https:\/\/www.meydan.tv\/az\/28702\/\" alt=\"\" class=\"wp-image-28702\"\/><figcaption><\/figcaption><\/figure>\n<figure class=\"wp-block-image size-large\">\n  <img decoding=\"async\" src=\"https:\/\/www.meydan.tv\/az\/32751\/\" alt=\"\" class=\"wp-image-32751\"\/><figcaption><\/figcaption><\/figure>\n<p>\n  \u0130ddia varsa, \u0259ksi isbat edilm\u0259lidir&#8230; Tarix\u00e7il\u0259r v\u0259 d\u00f6vr\u00fcn \u015fahidl\u0259ri bunlar\u0131 obyektiv olaraq q\u0259l\u0259m\u0259 almal\u0131d\u0131r. Amma m\u0259n bir suala cavab tapma\u011fa \u00e7al\u0131\u015faca\u011fam: El\u00e7ib\u0259y z\u0259if siyas\u0259t\u00e7i olubmu?! G\u0259lin, bu suala faktlarla cavab ver\u0259k.\n<\/p>\n<p>\n  1 illik El\u00e7ib\u0259y hakimiyy\u0259ti d\u00f6n\u0259mi (8 \u0130yun 1992 \u2013 15 \u0130yun 1993)\n<\/p>\n<p>\n  &#8211; \u0130lk v\u0259 h\u0259l\u0259 ki, t\u0259k azad v\u0259 demokratik prezident se\u00e7kil\u0259ri ke\u00e7irildi (7 iyun 1992)<br \/>\n  <br \/>\n  &#8211; Br\u00fcsseld\u0259 Avropa \u0130ttifaq\u0131 t\u0259r\u0259find\u0259n Da\u011fl\u0131q Qaraba\u011fa dair ilk b\u0259yanat q\u0259bul edilmi\u015fdir (22 may 1992-ci il)<br \/>\n  <br \/>\n  &#8211; Qaraba\u011f m\u00fcharib\u0259si zaman\u0131 geni\u015fmiqyasl\u0131 u\u011furlu h\u0259rbi \u0259m\u0259liyyatlar apar\u0131ld\u0131 (13 iyun 1992)<br \/>\n  <br \/>\n  &#8211; Erm\u0259nistan\u0131 ilk t\u0259cav\u00fczkar \u00f6lk\u0259 kimi tan\u0131yan t\u0259\u015fkilat \u201c\u0130slam Konfrans\u0131 T\u0259\u015fkilat\u0131\u201d oldu (17 iyun 1992)<br \/>\n  <br \/>\n  &#8211; Az\u0259rbaycan Respublikas\u0131 YUNESKO t\u0259\u015fkilat\u0131na daxil oldu (3 iyul 1992)<br \/>\n  <br \/>\n  &#8211; 1.5 ton q\u0131z\u0131l v\u0259 dig\u0259r qiym\u0259tli metallar\u0131n topland\u0131\u011f\u0131 D\u00f6vl\u0259t L\u0259l-c\u0259vahirat Fondu yarad\u0131ld\u0131 (16 iyul 1992)<br \/>\n  <br \/>\n  &#8211; Az\u0259rbaycanda milli valyutaya ke\u00e7id h\u0259yata ke\u00e7irildi (15 iyul 1992)<br \/>\n  <br \/>\n  &#8211; T\u0259hsil sah\u0259sind\u0259 \u00f6z\u0259l m\u00fc\u0259ssis\u0259l\u0259rin a\u00e7\u0131lmas\u0131na icaz\u0259 verildi v\u0259 tezlikl\u0259 bir \u00e7ox bel\u0259 m\u00fcst\u0259qil t\u0259hsil<br \/>\n  <br \/>\n  ocaqlar\u0131 yarand\u0131 (4 sentyabr 1992)<br \/>\n  <br \/>\n  &#8211; D\u00fcnyan\u0131n bir \u00e7ox m\u0259\u015fhur transmilli \u015firk\u0259tl\u0259ri il\u0259 neft s\u0259nayesi sah\u0259sind\u0259 sazi\u015fl\u0259r imzalanma\u011fa<br \/>\n  <br \/>\n  ba\u015flad\u0131 (7 sentyabr 1992)<br \/>\n  <br \/>\n  &#8211; El\u00e7ib\u0259yin f\u0259rman\u0131 il\u0259 Az\u0259rbaycan Respublikas\u0131 D\u00f6vl\u0259t Neft \u015eirk\u0259ti (SOCAR) yarad\u0131ld\u0131 (13 sentyabr 1992)<br \/>\n  <br \/>\n  &#8211; Az\u0259rbaycanda ya\u015fayan milli azl\u0131q v\u0259 etnik qruplar\u0131n h\u00fcquq v\u0259 azadl\u0131qlar\u0131n\u0131n qorunmas\u0131, dil v\u0259<br \/>\n  <br \/>\n  m\u0259d\u0259niyy\u0259tinin inki\u015faf\u0131 haqq\u0131nda f\u0259rman imzaland\u0131 v\u0259 q\u00fcvv\u0259y\u0259 mindi (16 sentyabr 1992)<br \/>\n  <br \/>\n  &#8211; Az\u0259rbaycan Silahl\u0131 Q\u00fcvv\u0259l\u0259ri yarad\u0131ld\u0131qdan sonra ilk milli parad ke\u00e7irildi (9 oktyabr 1992)<br \/>\n  <br \/>\n  Ke\u00e7mi\u015f Sovet D\u00f6vl\u0259tl\u0259ri aras\u0131nda ilk d\u0259f\u0259 test \u00fcsulu ali t\u0259hsil ocaqlar\u0131na imtahan\u0131n ke\u00e7irilm\u0259si<br \/>\n  <br \/>\n  ba\u015f tutdu (15 noyabr 1992)<br \/>\n  <br \/>\n  &#8211; Mind\u0259n \u00e7ox g\u0259nc\u0259 onlarca xarici \u00f6lk\u0259d\u0259 nadir ixtisaslar \u00fczr\u0259 t\u0259hsil almaq imkan\u0131 yarad\u0131ld\u0131 (12 dekabr 1992)<br \/>\n  <br \/>\n  &#8211; Uzun m\u00fcdd\u0259t m\u00fczakir\u0259 obyekti olmu\u015f lat\u0131n \u0259lifbas\u0131na ke\u00e7id\u0259 nail olundu (22 dekabr 1992)<br \/>\n  <br \/>\n  &#8211; Az\u0259rbaycan \u201cAvropa T\u0259hl\u00fck\u0259sizlik v\u0259 \u018fm\u0259kda\u015fl\u0131q T\u0259\u015fkilat\u0131\u201dna (AT\u018fT) qo\u015fuldu (30 yanvar 1992)<br \/>\n  <br \/>\n  &#8211; Sovet Respublikalar\u0131 aras\u0131nda rus ordusu ilk olaraq Az\u0259rbaycan Respublikas\u0131 \u0259razisind\u0259n<br \/>\n  <br \/>\n  \u00e7\u0131xar\u0131ld\u0131 (25 may 1993)<br \/>\n  <br \/>\n  &#8211; Milli Bankda valyuta ehtiyat\u0131 156 milyon dollara \u00e7atd\u0131 (1 iyun 1993)\n<\/p>\n<p>\n  V\u0259 b\u00fct\u00fcn bunlar yeni m\u00fcst\u0259qil olmu\u015f, yeni qurulmu\u015f hakimiyy\u0259t t\u0259r\u0259find\u0259n q\u0131z\u011f\u0131n h\u0259rbi \u0259m\u0259liyyatlar\u0131n<br \/>\n  <br \/>\n  getdiyi m\u00fcharib\u0259 \u015f\u0259raitind\u0259 ba\u015f verirdi.\n<\/p>\n<p>\n  M\u0259n El\u00e7ib\u0259yi b\u00fctl\u0259\u015fdir\u0259nl\u0259rd\u0259n deyil\u0259m. Yeri g\u0259l\u0259nd\u0259 b\u0259lk\u0259 \u0259n s\u0259rt t\u0259nqid ed\u0259nl\u0259rd\u0259n biriy\u0259m ki, bundan sonra yazaca\u011f\u0131m yaz\u0131da El\u00e7ib\u0259y bar\u0259d\u0259 suallar\u0131m\u0131, \u015f\u00fcbh\u0259l\u0259rimi \u00fcnvanlayaca\u011fam. Amma haqq\u0131 da nahaqq\u0131n aya\u011f\u0131na he\u00e7 vaxt verm\u0259yi sevmir\u0259m. Yuxar\u0131da sadalad\u0131qlar\u0131m sad\u0259c\u0259 1 il \u0259rzind\u0259 yaz\u0131lan v\u0259 deyil\u0259n yox, real &#8211; g\u00f6r\u00fcl\u0259n i\u015fl\u0259rdir. 22 il is\u0259 bizim ya\u015fad\u0131qlar\u0131m\u0131z, g\u00f6rd\u00fckl\u0259rimiz, e\u015fitdikl\u0259rimiz v\u0259 h\u0259l\u0259 d\u0259 davam etm\u0259kd\u0259 olanlard\u0131r&#8230;\n<\/p>\n<p>\n  Sosial \u015f\u0259b\u0259k\u0259l\u0259rd\u0259 El\u00e7ib\u0259y bar\u0259sind\u0259 yaz\u0131lanlar, deyil\u0259nl\u0259r, s\u00f6y\u0259nl\u0259r, t\u0259ifl\u0259y\u0259nl\u0259r, m\u0259z\u0259l\u0259n\u0259nl\u0259r v\u0259 b\u00fctl\u0259\u015fdir\u0259nl\u0259r xeyli saydad\u0131r. M\u0259n he\u00e7 birini etm\u0259dim, sad\u0259c\u0259 faktlar\u0131 payla\u015fd\u0131m. El\u00e7ib\u0259yi t\u0259nqid ed\u0259nl\u0259ri t\u0259hqir etm\u0259kd\u0259ns\u0259, s\u00f6ym\u0259kd\u0259ns\u0259, a\u011f\u0131za g\u0259l\u0259ni yazmaqdansa, b\u00f6htan atmaqdansa yaz\u0131 yazmaq laz\u0131md\u0131r. Bir daha deyir\u0259m, iddia varsa \u0259ksini isbat etm\u0259k laz\u0131md\u0131r, \u015f\u00fcbh\u0259l\u0259r varsa aradan qald\u0131r\u0131lmal\u0131d\u0131r, suallar varsa cavabland\u0131r\u0131lmal\u0131d\u0131r. \u018fsl sivil v\u0259 m\u0259d\u0259ni m\u00fczakir\u0259 etikas\u0131na sahib olmal\u0131y\u0131q, bunu bacarmal\u0131y\u0131q. YAP&#8217;\u00e7\u0131lar\u0131 s\u00f6y\u00fcb, t\u0259hqir edib, al\u00e7ald\u0131b, sonra \u00f6z\u00fcm\u00fcz d\u0259 onlar kimi davranmamal\u0131y\u0131q. Buyurun, indi \u00f6z\u00fcn\u00fcz m\u00fcqais\u0259 edin v\u0259 &#8220;El\u00e7ib\u0259y bar\u0259d\u0259 suallar&#8221; yaz\u0131m\u0131 g\u00f6zl\u0259yin&#8230;\n<\/p>\n<p>\n  <b><br \/>\n    Yaz\u0131dak\u0131 fikirl\u0259r m\u00fc\u0259llifin \u015f\u0259xsi m\u00f6vqeyini \u0259ks etdirir&#8230;<br \/>\n  <\/b><\/p>\n","protected":false},"excerpt":{"rendered":"<p>El\u00e7ib\u0259y z\u0259if siyas\u0259t\u00e7i olub?!<\/p>\n","protected":false},"author":11,"featured_media":28702,"comment_status":"closed","ping_status":"open","sticky":false,"template":"","format":"standard","meta":{"_acf_changed":false,"_sitemap_exclude":false,"_sitemap_priority":"","_sitemap_frequency":"","footnotes":""},"categories":[57],"tags":[],"class_list":["post-169722","post","type-post","status-publish","format-standard","has-post-thumbnail","hentry","category-menim-fikrimce","infinite-scroll-item","generate-columns","tablet-grid-50","mobile-grid-100","grid-parent","grid-33","no-featured-image-padding"],"acf":[],"yoast_head":"<!-- This site is optimized with the Yoast SEO plugin v27.5 - https:\/\/yoast.com\/product\/yoast-seo-wordpress\/ -->\n<title>T\u0259hqir etm\u0259kd\u0259ns\u0259, cavab verm\u0259k - MEYDAN.TV<\/title>\n<meta name=\"robots\" content=\"index, follow, max-snippet:-1, max-image-preview:large, max-video-preview:-1\" \/>\n<link rel=\"canonical\" href=\"https:\/\/www.meydan.tv\/az\/article\/tehqir-etmekdense-cavab-vermek\/\" \/>\n<meta property=\"og:locale\" content=\"az_AZ\" \/>\n<meta property=\"og:type\" content=\"article\" \/>\n<meta property=\"og:title\" content=\"T\u0259hqir etm\u0259kd\u0259ns\u0259, cavab verm\u0259k - MEYDAN.TV\" \/>\n<meta property=\"og:description\" content=\"El\u00e7ib\u0259y z\u0259if siyas\u0259t\u00e7i olub?!\" \/>\n<meta property=\"og:url\" content=\"https:\/\/www.meydan.tv\/az\/article\/tehqir-etmekdense-cavab-vermek\/\" \/>\n<meta property=\"og:site_name\" content=\"MEYDAN.TV\" \/>\n<meta property=\"article:published_time\" content=\"2015-08-31T00:52:58+00:00\" \/>\n<meta property=\"og:image\" content=\"https:\/\/www.meydan.tv\/wp-content\/uploads\/10623.jpg\" \/>\n\t<meta property=\"og:image:width\" content=\"600\" \/>\n\t<meta property=\"og:image:height\" content=\"600\" \/>\n\t<meta property=\"og:image:type\" content=\"image\/jpeg\" \/>\n<meta name=\"author\" content=\"user-manager\" \/>\n<meta name=\"twitter:card\" content=\"summary_large_image\" \/>\n<script type=\"application\/ld+json\" class=\"yoast-schema-graph\">{\"@context\":\"https:\\\/\\\/schema.org\",\"@graph\":[{\"@type\":\"Article\",\"@id\":\"https:\\\/\\\/www.meydan.tv\\\/az\\\/article\\\/tehqir-etmekdense-cavab-vermek\\\/#article\",\"isPartOf\":{\"@id\":\"https:\\\/\\\/www.meydan.tv\\\/az\\\/article\\\/tehqir-etmekdense-cavab-vermek\\\/\"},\"author\":{\"name\":\"user-manager\",\"@id\":\"https:\\\/\\\/www.meydan.tv\\\/az\\\/#\\\/schema\\\/person\\\/10d11eccf6da3662cf5fdab9806ea91a\"},\"headline\":\"T\u0259hqir etm\u0259kd\u0259ns\u0259, cavab verm\u0259k\",\"datePublished\":\"2015-08-31T00:52:58+00:00\",\"mainEntityOfPage\":{\"@id\":\"https:\\\/\\\/www.meydan.tv\\\/az\\\/article\\\/tehqir-etmekdense-cavab-vermek\\\/\"},\"wordCount\":764,\"publisher\":{\"@id\":\"https:\\\/\\\/www.meydan.tv\\\/az\\\/#organization\"},\"image\":{\"@id\":\"https:\\\/\\\/www.meydan.tv\\\/az\\\/article\\\/tehqir-etmekdense-cavab-vermek\\\/#primaryimage\"},\"thumbnailUrl\":\"https:\\\/\\\/www.meydan.tv\\\/wp-content\\\/uploads\\\/10623.jpg\",\"articleSection\":[\"M\u0259nim Fikrimc\u0259\"],\"inLanguage\":\"az\"},{\"@type\":\"WebPage\",\"@id\":\"https:\\\/\\\/www.meydan.tv\\\/az\\\/article\\\/tehqir-etmekdense-cavab-vermek\\\/\",\"url\":\"https:\\\/\\\/www.meydan.tv\\\/az\\\/article\\\/tehqir-etmekdense-cavab-vermek\\\/\",\"name\":\"T\u0259hqir etm\u0259kd\u0259ns\u0259, cavab verm\u0259k - MEYDAN.TV\",\"isPartOf\":{\"@id\":\"https:\\\/\\\/www.meydan.tv\\\/az\\\/#website\"},\"primaryImageOfPage\":{\"@id\":\"https:\\\/\\\/www.meydan.tv\\\/az\\\/article\\\/tehqir-etmekdense-cavab-vermek\\\/#primaryimage\"},\"image\":{\"@id\":\"https:\\\/\\\/www.meydan.tv\\\/az\\\/article\\\/tehqir-etmekdense-cavab-vermek\\\/#primaryimage\"},\"thumbnailUrl\":\"https:\\\/\\\/www.meydan.tv\\\/wp-content\\\/uploads\\\/10623.jpg\",\"datePublished\":\"2015-08-31T00:52:58+00:00\",\"breadcrumb\":{\"@id\":\"https:\\\/\\\/www.meydan.tv\\\/az\\\/article\\\/tehqir-etmekdense-cavab-vermek\\\/#breadcrumb\"},\"inLanguage\":\"az\",\"potentialAction\":[{\"@type\":\"ReadAction\",\"target\":[\"https:\\\/\\\/www.meydan.tv\\\/az\\\/article\\\/tehqir-etmekdense-cavab-vermek\\\/\"]}]},{\"@type\":\"ImageObject\",\"inLanguage\":\"az\",\"@id\":\"https:\\\/\\\/www.meydan.tv\\\/az\\\/article\\\/tehqir-etmekdense-cavab-vermek\\\/#primaryimage\",\"url\":\"https:\\\/\\\/www.meydan.tv\\\/wp-content\\\/uploads\\\/10623.jpg\",\"contentUrl\":\"https:\\\/\\\/www.meydan.tv\\\/wp-content\\\/uploads\\\/10623.jpg\",\"width\":600,\"height\":600,\"caption\":\"Source:\"},{\"@type\":\"BreadcrumbList\",\"@id\":\"https:\\\/\\\/www.meydan.tv\\\/az\\\/article\\\/tehqir-etmekdense-cavab-vermek\\\/#breadcrumb\",\"itemListElement\":[{\"@type\":\"ListItem\",\"position\":1,\"name\":\"Ana s\u0259hif\u0259\",\"item\":\"https:\\\/\\\/www.meydan.tv\\\/az\\\/\"},{\"@type\":\"ListItem\",\"position\":2,\"name\":\"M\u0259nim Fikrimc\u0259\",\"item\":\"https:\\\/\\\/www.meydan.tv\\\/az\\\/section\\\/menim-fikrimce\\\/\"},{\"@type\":\"ListItem\",\"position\":3,\"name\":\"T\u0259hqir etm\u0259kd\u0259ns\u0259, cavab verm\u0259k\"}]},{\"@type\":\"WebSite\",\"@id\":\"https:\\\/\\\/www.meydan.tv\\\/az\\\/#website\",\"url\":\"https:\\\/\\\/www.meydan.tv\\\/az\\\/\",\"name\":\"MEYDAN.TV\",\"description\":\"Meydan TV Az\u0259rbaycan\u0131n media m\u0259kan\u0131ndak\u0131 alternativ s\u0259sidir\",\"publisher\":{\"@id\":\"https:\\\/\\\/www.meydan.tv\\\/az\\\/#organization\"},\"potentialAction\":[{\"@type\":\"SearchAction\",\"target\":{\"@type\":\"EntryPoint\",\"urlTemplate\":\"https:\\\/\\\/www.meydan.tv\\\/az\\\/?s={search_term_string}\"},\"query-input\":{\"@type\":\"PropertyValueSpecification\",\"valueRequired\":true,\"valueName\":\"search_term_string\"}}],\"inLanguage\":\"az\"},{\"@type\":\"Organization\",\"@id\":\"https:\\\/\\\/www.meydan.tv\\\/az\\\/#organization\",\"name\":\"Meydan TV\",\"url\":\"https:\\\/\\\/www.meydan.tv\\\/az\\\/\",\"logo\":{\"@type\":\"ImageObject\",\"inLanguage\":\"az\",\"@id\":\"https:\\\/\\\/www.meydan.tv\\\/az\\\/#\\\/schema\\\/logo\\\/image\\\/\",\"url\":\"https:\\\/\\\/www.meydan.tv\\\/wp-content\\\/uploads\\\/2021\\\/07\\\/meydan-logo.svg\",\"contentUrl\":\"https:\\\/\\\/www.meydan.tv\\\/wp-content\\\/uploads\\\/2021\\\/07\\\/meydan-logo.svg\",\"width\":195,\"height\":46,\"caption\":\"Meydan TV\"},\"image\":{\"@id\":\"https:\\\/\\\/www.meydan.tv\\\/az\\\/#\\\/schema\\\/logo\\\/image\\\/\"}},{\"@type\":\"Person\",\"@id\":\"https:\\\/\\\/www.meydan.tv\\\/az\\\/#\\\/schema\\\/person\\\/10d11eccf6da3662cf5fdab9806ea91a\",\"name\":\"user-manager\"}]}<\/script>\n<!-- \/ Yoast SEO plugin. -->","yoast_head_json":{"title":"T\u0259hqir etm\u0259kd\u0259ns\u0259, cavab verm\u0259k - MEYDAN.TV","robots":{"index":"index","follow":"follow","max-snippet":"max-snippet:-1","max-image-preview":"max-image-preview:large","max-video-preview":"max-video-preview:-1"},"canonical":"https:\/\/www.meydan.tv\/az\/article\/tehqir-etmekdense-cavab-vermek\/","og_locale":"az_AZ","og_type":"article","og_title":"T\u0259hqir etm\u0259kd\u0259ns\u0259, cavab verm\u0259k - MEYDAN.TV","og_description":"El\u00e7ib\u0259y z\u0259if siyas\u0259t\u00e7i olub?!","og_url":"https:\/\/www.meydan.tv\/az\/article\/tehqir-etmekdense-cavab-vermek\/","og_site_name":"MEYDAN.TV","article_published_time":"2015-08-31T00:52:58+00:00","og_image":[{"width":600,"height":600,"url":"https:\/\/www.meydan.tv\/wp-content\/uploads\/10623.jpg","type":"image\/jpeg"}],"author":"user-manager","twitter_card":"summary_large_image","schema":{"@context":"https:\/\/schema.org","@graph":[{"@type":"Article","@id":"https:\/\/www.meydan.tv\/az\/article\/tehqir-etmekdense-cavab-vermek\/#article","isPartOf":{"@id":"https:\/\/www.meydan.tv\/az\/article\/tehqir-etmekdense-cavab-vermek\/"},"author":{"name":"user-manager","@id":"https:\/\/www.meydan.tv\/az\/#\/schema\/person\/10d11eccf6da3662cf5fdab9806ea91a"},"headline":"T\u0259hqir etm\u0259kd\u0259ns\u0259, cavab verm\u0259k","datePublished":"2015-08-31T00:52:58+00:00","mainEntityOfPage":{"@id":"https:\/\/www.meydan.tv\/az\/article\/tehqir-etmekdense-cavab-vermek\/"},"wordCount":764,"publisher":{"@id":"https:\/\/www.meydan.tv\/az\/#organization"},"image":{"@id":"https:\/\/www.meydan.tv\/az\/article\/tehqir-etmekdense-cavab-vermek\/#primaryimage"},"thumbnailUrl":"https:\/\/www.meydan.tv\/wp-content\/uploads\/10623.jpg","articleSection":["M\u0259nim Fikrimc\u0259"],"inLanguage":"az"},{"@type":"WebPage","@id":"https:\/\/www.meydan.tv\/az\/article\/tehqir-etmekdense-cavab-vermek\/","url":"https:\/\/www.meydan.tv\/az\/article\/tehqir-etmekdense-cavab-vermek\/","name":"T\u0259hqir etm\u0259kd\u0259ns\u0259, cavab verm\u0259k - MEYDAN.TV","isPartOf":{"@id":"https:\/\/www.meydan.tv\/az\/#website"},"primaryImageOfPage":{"@id":"https:\/\/www.meydan.tv\/az\/article\/tehqir-etmekdense-cavab-vermek\/#primaryimage"},"image":{"@id":"https:\/\/www.meydan.tv\/az\/article\/tehqir-etmekdense-cavab-vermek\/#primaryimage"},"thumbnailUrl":"https:\/\/www.meydan.tv\/wp-content\/uploads\/10623.jpg","datePublished":"2015-08-31T00:52:58+00:00","breadcrumb":{"@id":"https:\/\/www.meydan.tv\/az\/article\/tehqir-etmekdense-cavab-vermek\/#breadcrumb"},"inLanguage":"az","potentialAction":[{"@type":"ReadAction","target":["https:\/\/www.meydan.tv\/az\/article\/tehqir-etmekdense-cavab-vermek\/"]}]},{"@type":"ImageObject","inLanguage":"az","@id":"https:\/\/www.meydan.tv\/az\/article\/tehqir-etmekdense-cavab-vermek\/#primaryimage","url":"https:\/\/www.meydan.tv\/wp-content\/uploads\/10623.jpg","contentUrl":"https:\/\/www.meydan.tv\/wp-content\/uploads\/10623.jpg","width":600,"height":600,"caption":"Source:"},{"@type":"BreadcrumbList","@id":"https:\/\/www.meydan.tv\/az\/article\/tehqir-etmekdense-cavab-vermek\/#breadcrumb","itemListElement":[{"@type":"ListItem","position":1,"name":"Ana s\u0259hif\u0259","item":"https:\/\/www.meydan.tv\/az\/"},{"@type":"ListItem","position":2,"name":"M\u0259nim Fikrimc\u0259","item":"https:\/\/www.meydan.tv\/az\/section\/menim-fikrimce\/"},{"@type":"ListItem","position":3,"name":"T\u0259hqir etm\u0259kd\u0259ns\u0259, cavab verm\u0259k"}]},{"@type":"WebSite","@id":"https:\/\/www.meydan.tv\/az\/#website","url":"https:\/\/www.meydan.tv\/az\/","name":"MEYDAN.TV","description":"Meydan TV Az\u0259rbaycan\u0131n media m\u0259kan\u0131ndak\u0131 alternativ s\u0259sidir","publisher":{"@id":"https:\/\/www.meydan.tv\/az\/#organization"},"potentialAction":[{"@type":"SearchAction","target":{"@type":"EntryPoint","urlTemplate":"https:\/\/www.meydan.tv\/az\/?s={search_term_string}"},"query-input":{"@type":"PropertyValueSpecification","valueRequired":true,"valueName":"search_term_string"}}],"inLanguage":"az"},{"@type":"Organization","@id":"https:\/\/www.meydan.tv\/az\/#organization","name":"Meydan TV","url":"https:\/\/www.meydan.tv\/az\/","logo":{"@type":"ImageObject","inLanguage":"az","@id":"https:\/\/www.meydan.tv\/az\/#\/schema\/logo\/image\/","url":"https:\/\/www.meydan.tv\/wp-content\/uploads\/2021\/07\/meydan-logo.svg","contentUrl":"https:\/\/www.meydan.tv\/wp-content\/uploads\/2021\/07\/meydan-logo.svg","width":195,"height":46,"caption":"Meydan TV"},"image":{"@id":"https:\/\/www.meydan.tv\/az\/#\/schema\/logo\/image\/"}},{"@type":"Person","@id":"https:\/\/www.meydan.tv\/az\/#\/schema\/person\/10d11eccf6da3662cf5fdab9806ea91a","name":"user-manager"}]}},"_links":{"self":[{"href":"https:\/\/www.meydan.tv\/az\/wp-json\/wp\/v2\/posts\/169722","targetHints":{"allow":["GET"]}}],"collection":[{"href":"https:\/\/www.meydan.tv\/az\/wp-json\/wp\/v2\/posts"}],"about":[{"href":"https:\/\/www.meydan.tv\/az\/wp-json\/wp\/v2\/types\/post"}],"author":[{"embeddable":true,"href":"https:\/\/www.meydan.tv\/az\/wp-json\/wp\/v2\/users\/11"}],"replies":[{"embeddable":true,"href":"https:\/\/www.meydan.tv\/az\/wp-json\/wp\/v2\/comments?post=169722"}],"version-history":[{"count":0,"href":"https:\/\/www.meydan.tv\/az\/wp-json\/wp\/v2\/posts\/169722\/revisions"}],"wp:featuredmedia":[{"embeddable":true,"href":"https:\/\/www.meydan.tv\/az\/wp-json\/wp\/v2\/media\/28702"}],"wp:attachment":[{"href":"https:\/\/www.meydan.tv\/az\/wp-json\/wp\/v2\/media?parent=169722"}],"wp:term":[{"taxonomy":"category","embeddable":true,"href":"https:\/\/www.meydan.tv\/az\/wp-json\/wp\/v2\/categories?post=169722"},{"taxonomy":"post_tag","embeddable":true,"href":"https:\/\/www.meydan.tv\/az\/wp-json\/wp\/v2\/tags?post=169722"}],"curies":[{"name":"wp","href":"https:\/\/api.w.org\/{rel}","templated":true}]}}