{"id":169720,"date":"2015-08-30T16:57:49","date_gmt":"2015-08-30T16:57:49","guid":{"rendered":"https:\/\/www.meydan.tv\/article\/sagliginda-olen-kisiler\/"},"modified":"2015-08-30T16:57:49","modified_gmt":"2015-08-30T16:57:49","slug":"sagliginda-olen-kisiler","status":"publish","type":"post","link":"https:\/\/www.meydan.tv\/az\/article\/sagliginda-olen-kisiler\/","title":{"rendered":"Sa\u011fl\u0131\u011f\u0131nda \u00f6l\u0259n ki\u015fil\u0259r"},"content":{"rendered":"<figure class=\"wp-block-image size-large\">\n  <img decoding=\"async\" src=\"https:\/\/www.meydan.tv\/az\/32730\/\" alt=\"\" class=\"wp-image-32730\"\/><figcaption><\/figcaption><\/figure>\n<figure class=\"wp-block-image size-large\">\n  <img decoding=\"async\" src=\"https:\/\/www.meydan.tv\/az\/32733\/\" alt=\"\" class=\"wp-image-32733\"\/><figcaption><\/figcaption><\/figure>\n<p>\n  Anam\u0131n kitab\u0131ndan\n<\/p>\n<p>\n  Yad\u0131ndam\u0131 anam, xo\u015fb\u0259xt vaxtlar\u0131m\u0131zda gec\u0259nin yar\u0131s\u0131na q\u0259d\u0259r \u0259linl\u0259 toxudu\u011fun xal\u00e7an\u0131n \u00fcst\u00fcnd\u0259 uzan\u0131b, yazard\u0131m. Bir t\u0259r\u0259fim ovcumda yumrulay\u0131b, y\u0131\u011fd\u0131\u011f\u0131m ka\u011f\u0131zlarla dolu olard\u0131. O biri t\u0259r\u0259fimd\u0259 h\u0259mi\u015f\u0259 isti \u00e7ay v\u0259 yox yerd\u0259n \u0259m\u0259l\u0259 g\u0259tirdiyin \u015firniyyatlarla. Televizorumuz yox idi, s\u0259n n\u0259s\u0259 toxuyard\u0131n, ya da m\u0259nim i\u015fl\u0259diyim yerli q\u0259zeti oxuyard\u0131n. O yaz\u0131larda s\u0259n\u0259 \u0259n \u00e7ox xo\u015f g\u0259l\u0259n sondak\u0131 sad\u0259 imza idi: Nazl\u0131&#8230;<\/p>\n<p>  V\u0259 bu adla yaz\u0131lan h\u0259r n\u0259 varsa, s\u0259nin \u00fc\u00e7\u00fcn d\u00fcnyan\u0131n \u0259n g\u00fccl\u00fc k\u0259lm\u0259l\u0259riydi. H\u0259tta h\u0259rd\u0259n qonorar \u00fc\u00e7\u00fcn yazd\u0131\u011f\u0131m quru hesabat iclaslar\u0131 da&#8230; \u2013 Niy\u0259 yatm\u0131rsan? \u2013 dey\u0259 soru\u015fmurdum, \u00e7\u00fcnki bilirdim niy\u0259&#8230; Yaz\u0131 bit\u0259nd\u0259n sonra \u0259n\u0259n\u0259vi: \u2013 A bala, yen\u0259 pis yaz\u0131d\u0131m\u0131? \u2013 sual\u0131n\u0131 g\u00f6zl\u0259y\u0259-g\u00f6zl\u0259y\u0259 q\u0259l\u0259m tutmaqdan uyu\u015fmu\u015f \u0259ll\u0259rimi ovu\u015fdurardum. S\u0259n g\u00f6z\u0259l, ala g\u00f6zl\u0259rinl\u0259 naqolay uzanmaqdan \u015fi\u015fmi\u015f \u00fcz-g\u00f6z\u00fcm\u0259, q\u0131r\u0131\u015fm\u0131\u015f paltar\u0131ma, da\u011f\u0131n\u0131q sa\u00e7lar\u0131ma bax\u0131\u015flar\u0131nla s\u0131\u011fal \u00e7\u0259k\u0259rdin. Onda el\u0259 rahat olurdum ki! Yor\u011funluq, a\u011fr\u0131-flan da \u0259riyib gedirdi. V\u0259 m\u0259n d\u0259rhal f\u00fcrs\u0259ti d\u0259y\u0259rl\u0259ndirib \u201cpis yaz\u0131\u201dn\u0131n b\u0259ra\u0259tini alma\u011fa giri\u015firdim. H\u0259r d\u0259f\u0259 t\u0259krar olunan bu s\u0259hn\u0259d\u0259n sonra s\u0259n dinm\u0259zc\u0259 qon\u015fu Sahibin ayaqqab\u0131lar\u0131n\u0131 g\u0259tirib bizim bir da\u015fdan ibar\u0259t \u201cpill\u0259k\u0259nimiz\u0259\u201d qoyard\u0131n.<\/p>\n<p>  Sonra ikinci hiss\u0259 ba\u015flanard\u0131. \u018fzilmi\u015f qaralamalar s\u0259liq\u0259 il\u0259 qatlan\u0131b y\u0131\u011f\u0131lar, ki\u00e7ik s\u00fcfr\u0259miz\u0259 balaca ota\u011f\u0131n hans\u0131sa x\u0259lv\u0259t gu\u015f\u0259sind\u0259n \u00e7\u0131xar\u0131l\u0131b, n\u0259s\u0259 \u00f6z\u0259l bir qida qoyulard\u0131. \u2013 Bu hardand\u0131? \u2013 dey\u0259 d\u0259 soru\u015fmazd\u0131m. Sad\u0259c\u0259 h\u0259min o m\u0259cunu l\u0259zz\u0259tl\u0259 g\u00f6z\u00fcm\u0259 t\u0259p\u0259rdim. \u00c7\u00fcnki bundan nec\u0259 sevindiyini, f\u0259r\u0259hl\u0259ndiyini duyurdum. \u2013 B\u0259s \u00f6z\u00fcn? \u2013 dey\u0259 s\u0259ni \u00e7\u0259tin\u0259 salmazd\u0131m. Bilirdim ki, ya ondan \u201cyey\u0259n deyils\u0259n\u201d, ya da bir az \u0259vv\u0259l m\u0259n\u00a0 yazanda \u00f6z pay\u0131n\u0131 \u201cyemis\u0259n\u201d. H\u0259mi\u015f\u0259 h\u0259min anlarda m\u0259ni gic g\u00fclm\u0259k tutard\u0131&#8230; Bo\u011faz\u0131m q\u0131c\u0131qlanana q\u0259d\u0259r, g\u00f6zl\u0259rim ya\u015far\u0131nca g\u00fcl\u0259rdim. H\u0259y\u0259canla k\u00fcr\u0259yim\u0259 vurub \u201chalal-halal!\u201d, dey\u0259rdin. Yaln\u0131z sakitl\u0259\u015f\u0259nd\u0259n sonra soru\u015fard\u0131n: \u2013 A bala, yen\u0259 n\u0259 olub? \u00d6z\u00fcm\u00fc yenid\u0259n u\u011funmaqdan birt\u0259h\u0259r saxlay\u0131b xal\u00e7an\u0131n \u00fcst\u00fcn\u00fc\u00a0 g\u00f6st\u0259r\u0259rdim: \u2013 S\u0259n\u0259 qurban olum, ay Alag\u00f6z bac\u0131, bu \u201cmeyit\u201d h\u0259l\u0259 yerd\u0259di, s\u0259n indid\u0259n Sahib yaz\u0131\u011f\u0131n ayaqqab\u0131lar\u0131n\u0131 g\u0259tirib d\u00fczm\u00fcs\u0259n eyvana. Bird\u0259n s\u0259n d\u0259 ba\u015flayard\u0131n g\u00fclm\u0259y\u0259. Amma tez d\u0259 ciddil\u0259\u015fib qay\u011f\u0131l\u0131-qay\u011f\u0131l\u0131 dey\u0259rdin:\u00a0 \u2013 El\u0259 dem\u0259 a bala, yerin d\u0259 qula\u011f\u0131 var&#8230;<\/p>\n<p>  M\u0259n q\u0259sd\u0259n Sahibin ayaqab\u0131lar\u0131n\u0131n \u00fcst\u00fcnd\u0259 \u00e7ox dayanmazd\u0131m ki, s\u0259nin t\u0259hl\u00fck\u0259sizlik k\u0259\u015ffinin dad\u0131-duzu qa\u00e7mas\u0131n. \u0130lk d\u0259f\u0259 bu t\u0259dbiri n\u0259 zaman g\u00f6rd\u00fcy\u00fcnd\u0259n x\u0259b\u0259rim olmam\u0131\u015fd\u0131. \u00c7\u00fcnki \u0259m\u0259liyyat gizli apar\u0131l\u0131rm\u0131\u015f. Y\u0259ni gec\u0259l\u0259r ayaqqablar bizim eyvana m\u0259n yatandan sonra g\u0259tirilib, tezd\u0259n Sahib i\u015f\u0259 ged\u0259n\u0259 q\u0259d\u0259r onlar\u0131n daha h\u00fcnd\u00fcr pill\u0259k\u0259nl\u0259rin\u0259 qoyulurmu\u015f. T\u0259sad\u00fcf\u0259n bu sirri \u00f6yr\u0259ndiyimd\u0259 Sahibin h\u0259yat yolda\u015f\u0131 Nis\u0259 g\u0259lin s\u0259n e\u015fitm\u0259y\u0259s\u0259n dey\u0259 and verib dedi ki, Alag\u00f6z n\u0259n\u0259 \u00e7oxdan bel\u0259 el\u0259yir ki, ev\u0259 g\u0259l\u0259n olsa el\u0259 bilsinl\u0259r evd\u0259 ki\u015fi var. G\u0259l\u0259n olsa&#8230; Y\u0259ni m\u0259ni \u00f6ld\u00fcrm\u0259y\u0259, \u0259n az\u0131ndan qorxutma\u011fa g\u0259l\u0259n olsa. M\u0259nim bilm\u0259yimi d\u0259 ona g\u00f6r\u0259 ist\u0259m\u0259mis\u0259n ki, \u201cqoy u\u015fa\u011f\u0131m\u0131n \u00fcr\u0259yin\u0259 xal d\u00fc\u015fm\u0259sin\u201d&#8230;<\/p>\n<p>  Bir s\u0259h\u0259r ev-e\u015fiyi kimi dop-dolu, \u00fct\u00fcl\u00fc-s\u0131\u011fall\u0131 qon\u015fu arvad g\u0259ldi biz\u0259. S\u0259n evd\u0259 yox idin. Yar\u0131yuxulu \u00e7\u0131xd\u0131m eyvana. Telefonlar\u0131 i\u015fl\u0259mirmi\u015f, bizd\u0259n bir d\u0259qiq\u0259liy\u0259 z\u0259ng vurma\u011fa g\u0259libmi\u015f.\u00a0 \u2013\u00a0 X\u0259ttimiz q\u0131r\u0131l\u0131b, dedim, yoxsa lap bir saatl\u0131q qurband\u0131 telefon siz\u0259. Qad\u0131n \u00fcz\u00fcm\u0259 \u015f\u00fcbh\u0259li-\u015f\u00fcbh\u0259li bax\u0131b: \u2013 \u0130\u015fl\u0259s\u0259ydi d\u0259 \u00e7\u0131xmazd\u0131m ev\u0259, narahat olma. \u2013\u00a0\u00a0 Niy\u0259 narahat olum ki?, \u2013\u00a0 dey\u0259 t\u0259\u0259cc\u00fcbl\u0259ndim. Yen\u0259 h\u0259min bax\u0131\u015flarla m\u0259ni s\u00fcz\u00fcb ged\u0259-ged\u0259 cavab verdi: \u2013\u00a0 He\u00e7, s\u00f6zd\u00fc d\u0259, dedim.<\/p>\n<p>  S\u0259simiz\u0259 g\u0259l\u0259n Nis\u0259d\u0259n soru\u015fdum: \u2013 Ay Nis\u0259, o niy\u0259 dana kimi bax\u0131r m\u0259n\u0259? Nis\u0259 \u00fcr\u0259kli bir q\u0259hq\u0259h\u0259 \u00e7\u0259k\u0259nd\u0259n sonra pill\u0259k\u0259nin alt\u0131ndan Sahibin ayaqqab\u0131lar\u0131n\u0131 \u00e7\u0131xard\u0131b: \u2013 Buna g\u00f6r\u0259! dedi. Dem\u0259 ki, s\u0259n olmayanda ayaqqab\u0131 m\u0259s\u0259l\u0259sin\u0259 Nis\u0259 bax\u0131rm\u0131\u015f. V\u0259 biz o g\u00fcn o arvadla o ki var, m\u0259z\u0259l\u0259ndik. Ax\u0131rda q\u0259rara g\u0259ldik ki, h\u0259min \u201ct\u0259miz qad\u0131n\u201d biz\u0259 bula\u015fd\u0131\u011f\u0131 \u00fc\u00e7\u00fcn ev\u0259 \u00e7atan kimi \u00f6z\u00fcn\u00fc m\u00fctl\u0259q Sumqay\u0131t xloruna qoyacaq&#8230;<\/p>\n<p>  Ehhh,\u00a0 anam m\u0259nim&#8230; S\u0259n\u0259 Alag\u00f6z bac\u0131 deyirdim ax\u0131. Bunun sirrini s\u0259n olmayanda t\u0259xmin\u0259n anlad\u0131m&#8230; H\u0259mi\u015f\u0259 s\u0259n m\u0259ni s\u0259nsizliy\u0259 haz\u0131rlamaq \u00fc\u00e7\u00fcn guya zarafatla dey\u0259rdin ki, \u201canalar \u00f6l\u0259n \u015feydi\u201d&#8230;\u00a0 Y\u0259qin m\u0259n d\u0259 s\u0259n\u0259 \u201cbac\u0131\u201d deyib \u0259zray\u0131l\u0131n qar\u015f\u0131s\u0131n\u0131 alma\u011fa \u00e7al\u0131\u015f\u0131rd\u0131m. Anam \u00f6lm\u0259sin dey\u0259&#8230; Eyn\u0259n s\u0259n\u00a0 s\u0259n daim z\u0259rif, g\u00fccs\u00fcz can\u0131nla m\u0259ni qorudu\u011fun kimi. Amma m\u0259n bu d\u00f6y\u00fc\u015fd\u0259 s\u0259nin q\u0259d\u0259r \u015fansl\u0131 ola bilm\u0259dim, can\u0131m anam&#8230;<\/p>\n<p>  Yad\u0131mdad\u0131, bir d\u0259f\u0259 ev\u0259 qay\u0131danda g\u00f6rd\u00fcm m\u0259ni hans\u0131 yaz\u0131ylasa ba\u011fl\u0131 \u015f\u00f6b\u0259y\u0259 aparma\u011fa g\u0259l\u0259n polis \u0259d\u0259b-\u0259rkanla bizd\u0259 oturub. Qaba\u011f\u0131nda da bir bo\u015fqab qaynar x\u0259\u015fil. O v\u0259ziyy\u0259td\u0259 m\u0259ni g\u00f6r\u00fcb p\u0259rt olmas\u0131n dey\u0259 o saat qay\u0131td\u0131n ki: \u2013 Ay Nazl\u0131, yuxar\u0131 \u015fkafda bir az un qalm\u0131\u015fd\u0131, g\u00f6t\u00fcr\u0259 bilmirdim. Allah bu u\u015fa\u011f\u0131 yetirdi. D\u00fc\u015f\u00fcrtd\u00fc unu, yoxsa ax\u015fama yem\u0259y\u0259 he\u00e7 n\u0259yimiz olmayacaqd\u0131. Getm\u0259y\u0259 qoymad\u0131m ki, soyuq vaxt\u0131 qoy ikic\u0259 qa\u015f\u0131q als\u0131n x\u0259\u015fild\u0259n.<\/p>\n<p>  H\u0259min polis ged\u0259nd\u0259 bildiri\u015f ka\u011f\u0131z\u0131n\u0131 c\u0131r\u0131b dedi ki, \u201cn\u0259n\u0259y\u0259 un d\u00fc\u015f\u00fcrd\u0259nd\u0259 itib harasa, bir ba\u015fqas\u0131 da g\u0259lib padvaldan-zirz\u0259mid\u0259n b\u0259hm\u0259z \u00e7\u0131xardanda itir\u0259r. Bir ay bel\u0259 uzanar, sonras\u0131na da allah k\u0259rimdi\u201d&#8230; \u0130lk d\u0259f\u0259 bel\u0259 inc\u0259 yumor hissi olan polis g\u00f6r\u00fcrd\u00fcm. Onun i\u00e7ind\u0259ki insanl\u0131\u011f\u0131 s\u0259n \u00fcz\u0259 \u00e7\u0131xartd\u0131n. \u015e\u0259fq\u0259t v\u0259 sevgi d\u0259rsiyl\u0259.<\/p>\n<p>  H\u0259mi\u015f\u0259 fikirl\u0259\u015fir\u0259m ki, s\u0259n yan\u0131mda olmasayd\u0131n, m\u0259n ucqar bir k\u0259ndd\u0259n g\u0259lib yad evl\u0259rin k\u00f6lg\u0259sind\u0259ki ikinci d\u0259r\u0259c\u0259li ki\u00e7ik daxmalarda ba\u015f saxlaya bilm\u0259zdim. Az-\u00e7ox istedaddan savay\u0131 he\u00e7 n\u0259yi olmayan g\u0259nc q\u0131z\u0131n arzular\u0131n\u0131n dal\u0131nca b\u00f6y\u00fck d\u00fcnyaya \u00e7\u0131xmas\u0131 kitablarda v\u0259 kinolarda maraql\u0131 olur. H\u0259yat is\u0259 h\u0259r ikisind\u0259n daha b\u0259sit v\u0259 amans\u0131zd\u0131r. Burada \u0259n az\u0131ndan h\u0259r g\u00fcn bir d\u0259f\u0259 \u0259m\u0259lli-ba\u015fl\u0131 yem\u0259lis\u0259n, qaydalara uy\u011fun geyinm\u0259lis\u0259n, \u00f6d\u0259ni\u015fli kommunal xidm\u0259tl\u0259rd\u0259n istifad\u0259 etm\u0259lis\u0259n v\u0259 sair\u0259 t\u0259l\u0259batlar\u0131 qar\u015f\u0131lamal\u0131san. Hans\u0131 pulla? Yar\u0131m\u015ftat xadim\u0259likl\u0259, ocaq\u00e7\u0131l\u0131qlam\u0131? Bunlar da staj \u00fc\u00e7\u00fcn idi, m\u0259vacibi ba\u015fqalar\u0131 al\u0131rd\u0131lar. \u0130ndiy\u0259 q\u0259d\u0259r fikirl\u0259\u015fir\u0259m, g\u00f6r\u0259s\u0259n o xadim\u0259lik v\u0259 ocaq\u00e7\u0131l\u0131q staj\u0131 m\u0259nim n\u0259yim\u0259 laz\u0131m idi? Qonorar\u0131 yaz\u0131lar\u0131ma g\u00f6r\u0259 verirdil\u0259r ax\u0131&#8230; O qonorar\u0131 ki, \u0259n q\u0259na\u0259tcil adam\u0131n bel\u0259 c\u0259mi on g\u00fcnl\u00fck azuq\u0259sin\u0259 \u00e7atmazd\u0131. Amma say\u0259nd\u0259 biz o vaxtlar kiray\u0259sini \u00f6d\u0259diyimiz evl\u0259rd\u0259 h\u0259m yeyirdik, h\u0259m isinirdik, h\u0259tta bayram s\u00fcfr\u0259l\u0259ri d\u0259 a\u00e7\u0131rd\u0131q.<\/p>\n<p>  S\u0259ni g\u00f6rm\u0259y\u0259 o q\u0259d\u0259r adamlar g\u0259lirdil\u0259r ki&#8230; Bayram g\u00fcnl\u0259rind\u0259\u00a0 ikiqat t\u00fcnl\u00fck olurdu dar\u0131sqal evimizd\u0259. V\u0259 kims\u0259 d\u0259 \u00e7\u0131x\u0131b bizd\u0259n, \u0259slind\u0259 s\u0259nd\u0259n getm\u0259k ist\u0259mirdi. Dilinin \u015firinliyin\u0259, \u0259linin tam\u0131na, \u00fcr\u0259yinin istisin\u0259 vurulmu\u015fdu ham\u0131&#8230; O kiray\u0259 daxmalarda o zamanlar\u00a0 d\u00fcnyan\u0131n sevgi dolu \u0259n g\u00f6z\u0259l g\u00fcnl\u0259ri ya\u015fan\u0131rd\u0131. Amma m\u0259n \u2013 ke\u00e7id d\u00f6vr\u00fcn\u00fcn g\u0259nc \u0259yal\u0259t m\u00fcxbiri, o canl\u0131 h\u0259yat tablosunun qiym\u0259tini, d\u0259y\u0259rini d\u0259rk ed\u0259 bilmirdim.<\/p>\n<p>  \u0130ndi o g\u00f6z\u0259l ill\u0259r\u0259 niy\u0259 qay\u0131td\u0131m ki, m\u0259n? S\u0259ni xat\u0131rlad\u0131\u011f\u0131m \u00fc\u00e7\u00fcnm\u00fc? S\u0259ni unutdu\u011fum oldumu he\u00e7? M\u0259n bunlar\u0131 ona g\u00f6r\u0259 yaz\u0131ram ki, art\u0131q bu d\u00fcnya \u00e7ox d\u0259yi\u015fib Alag\u00f6z bac\u0131&#8230;\u00a0 Daha bu d\u00fcnyada u\u011frunda m\u0259chul g\u0259l\u0259c\u0259y\u0259 at\u0131lacaq ideyalar yoxdur. M\u0259n pis yazlar yazm\u0131ram daha. \u00c7ox pis yaz\u0131lar yaz\u0131ram. \u018fn \u0259sas\u0131 da, pill\u0259k\u0259n\u0259 qoyma\u011fa ayaqqab\u0131 qalmay\u0131b. F\u0259hl\u0259 Sahib iki u\u015fa\u011f\u0131n\u0131 b\u00f6y\u00fctm\u0259k \u00fc\u00e7\u00fcn can\u0131n\u0131 v\u0259 k\u00fclf\u0259tini g\u00f6t\u00fcr\u00fcb getdi uzaqlara. Daha buralar\u0131n ki\u015fil\u0259ri ayaqqab\u0131lar\u0131n\u0131 ba\u015flar\u0131n\u0131n alt\u0131na qoyub yat\u0131rlar ki, xozeyind\u0259n q\u0259fil tap\u015f\u0131r\u0131q g\u0259ls\u0259, \u00f6zl\u0259rini birinci \u00e7atd\u0131ra bilsinl\u0259r. Polisl\u0259r x\u0259\u015fil yeyib doyublar.\u00a0 X\u0259mir yey\u0259nin acizi olmaz dey\u0259 p\u0259hl\u0259vana d\u00f6n\u00fcb dubinka oynad\u0131rlar. G\u00f6r\u00fcrs\u0259nmi, b\u0259z\u0259n ya\u015famaq \u00f6l\u00fcmd\u0259n bet\u0259r olur. O bet\u0259rin t\u0131xac\u0131nda ili\u015fib qalm\u0131\u015fam.<\/p>\n<p>  \u00c7ox pis yaz\u0131lar\u0131n sonlar\u0131ndak\u0131 sual i\u015far\u0259l\u0259rind\u0259n yoruldum, anam. L\u00fctf\u0259n, m\u0259ni g\u00f6t\u00fcr\u0259rs\u0259nmi yan\u0131na? Nec\u0259 ki, m\u0259n s\u0259ni bir d\u0259f\u0259 v\u0259 bird\u0259f\u0259lik o a\u011f\u0131r haval\u0131 k\u0259ndd\u0259n g\u00f6t\u00fcrm\u00fc\u015fd\u00fcm&#8230; Amma bizim k\u0259ndimzin o ke\u00e7mi\u015f hal\u0131 indiki \u00f6lk\u0259 deyil\u0259n ya\u011fmalanm\u0131\u015f \u0259razinin yan\u0131nda c\u0259nn\u0259t imi\u015f, Alag\u00f6z bac\u0131&#8230;<\/p>\n<p>  G\u00f6r\u00fc\u015f\u0259n\u0259d\u0259k, b\u00f6y\u00fck insan&#8230;\n<\/p>\n<p>\n  <b><br \/>\n    Yaz\u0131dak\u0131 fikirl\u0259r m\u00fc\u0259llifin \u015f\u0259xsi m\u00f6vqeyini \u0259ks etdirir&#8230;<br \/>\n  <\/b><\/p>\n","protected":false},"excerpt":{"rendered":"<p>V\u0259 \u00f6l\u0259r\u0259k ya\u015fayan qad\u0131n&#8230;<\/p>\n","protected":false},"author":11,"featured_media":32730,"comment_status":"closed","ping_status":"open","sticky":false,"template":"","format":"standard","meta":{"_acf_changed":false,"_sitemap_exclude":false,"_sitemap_priority":"","_sitemap_frequency":"","footnotes":""},"categories":[57],"tags":[],"class_list":["post-169720","post","type-post","status-publish","format-standard","has-post-thumbnail","hentry","category-menim-fikrimce","infinite-scroll-item","generate-columns","tablet-grid-50","mobile-grid-100","grid-parent","grid-33","no-featured-image-padding"],"acf":[],"yoast_head":"<!-- This site is optimized with the Yoast SEO plugin v27.5 - https:\/\/yoast.com\/product\/yoast-seo-wordpress\/ -->\n<title>Sa\u011fl\u0131\u011f\u0131nda \u00f6l\u0259n ki\u015fil\u0259r - MEYDAN.TV<\/title>\n<meta name=\"robots\" content=\"index, follow, max-snippet:-1, max-image-preview:large, max-video-preview:-1\" \/>\n<link rel=\"canonical\" href=\"https:\/\/www.meydan.tv\/az\/article\/sagliginda-olen-kisiler\/\" \/>\n<meta property=\"og:locale\" content=\"az_AZ\" \/>\n<meta property=\"og:type\" content=\"article\" \/>\n<meta property=\"og:title\" content=\"Sa\u011fl\u0131\u011f\u0131nda \u00f6l\u0259n ki\u015fil\u0259r - MEYDAN.TV\" \/>\n<meta property=\"og:description\" content=\"V\u0259 \u00f6l\u0259r\u0259k ya\u015fayan qad\u0131n...\" \/>\n<meta property=\"og:url\" content=\"https:\/\/www.meydan.tv\/az\/article\/sagliginda-olen-kisiler\/\" \/>\n<meta property=\"og:site_name\" content=\"MEYDAN.TV\" \/>\n<meta property=\"article:published_time\" content=\"2015-08-30T16:57:49+00:00\" \/>\n<meta property=\"og:image\" content=\"https:\/\/www.meydan.tv\/wp-content\/uploads\/12231.jpg\" \/>\n\t<meta property=\"og:image:width\" content=\"500\" \/>\n\t<meta property=\"og:image:height\" content=\"500\" \/>\n\t<meta property=\"og:image:type\" content=\"image\/jpeg\" \/>\n<meta name=\"author\" content=\"user-manager\" \/>\n<meta name=\"twitter:card\" content=\"summary_large_image\" \/>\n<script type=\"application\/ld+json\" class=\"yoast-schema-graph\">{\"@context\":\"https:\\\/\\\/schema.org\",\"@graph\":[{\"@type\":\"Article\",\"@id\":\"https:\\\/\\\/www.meydan.tv\\\/az\\\/article\\\/sagliginda-olen-kisiler\\\/#article\",\"isPartOf\":{\"@id\":\"https:\\\/\\\/www.meydan.tv\\\/az\\\/article\\\/sagliginda-olen-kisiler\\\/\"},\"author\":{\"name\":\"user-manager\",\"@id\":\"https:\\\/\\\/www.meydan.tv\\\/az\\\/#\\\/schema\\\/person\\\/10d11eccf6da3662cf5fdab9806ea91a\"},\"headline\":\"Sa\u011fl\u0131\u011f\u0131nda \u00f6l\u0259n ki\u015fil\u0259r\",\"datePublished\":\"2015-08-30T16:57:49+00:00\",\"mainEntityOfPage\":{\"@id\":\"https:\\\/\\\/www.meydan.tv\\\/az\\\/article\\\/sagliginda-olen-kisiler\\\/\"},\"wordCount\":1827,\"publisher\":{\"@id\":\"https:\\\/\\\/www.meydan.tv\\\/az\\\/#organization\"},\"image\":{\"@id\":\"https:\\\/\\\/www.meydan.tv\\\/az\\\/article\\\/sagliginda-olen-kisiler\\\/#primaryimage\"},\"thumbnailUrl\":\"https:\\\/\\\/www.meydan.tv\\\/wp-content\\\/uploads\\\/12231.jpg\",\"articleSection\":[\"M\u0259nim Fikrimc\u0259\"],\"inLanguage\":\"az\"},{\"@type\":\"WebPage\",\"@id\":\"https:\\\/\\\/www.meydan.tv\\\/az\\\/article\\\/sagliginda-olen-kisiler\\\/\",\"url\":\"https:\\\/\\\/www.meydan.tv\\\/az\\\/article\\\/sagliginda-olen-kisiler\\\/\",\"name\":\"Sa\u011fl\u0131\u011f\u0131nda \u00f6l\u0259n ki\u015fil\u0259r - MEYDAN.TV\",\"isPartOf\":{\"@id\":\"https:\\\/\\\/www.meydan.tv\\\/az\\\/#website\"},\"primaryImageOfPage\":{\"@id\":\"https:\\\/\\\/www.meydan.tv\\\/az\\\/article\\\/sagliginda-olen-kisiler\\\/#primaryimage\"},\"image\":{\"@id\":\"https:\\\/\\\/www.meydan.tv\\\/az\\\/article\\\/sagliginda-olen-kisiler\\\/#primaryimage\"},\"thumbnailUrl\":\"https:\\\/\\\/www.meydan.tv\\\/wp-content\\\/uploads\\\/12231.jpg\",\"datePublished\":\"2015-08-30T16:57:49+00:00\",\"breadcrumb\":{\"@id\":\"https:\\\/\\\/www.meydan.tv\\\/az\\\/article\\\/sagliginda-olen-kisiler\\\/#breadcrumb\"},\"inLanguage\":\"az\",\"potentialAction\":[{\"@type\":\"ReadAction\",\"target\":[\"https:\\\/\\\/www.meydan.tv\\\/az\\\/article\\\/sagliginda-olen-kisiler\\\/\"]}]},{\"@type\":\"ImageObject\",\"inLanguage\":\"az\",\"@id\":\"https:\\\/\\\/www.meydan.tv\\\/az\\\/article\\\/sagliginda-olen-kisiler\\\/#primaryimage\",\"url\":\"https:\\\/\\\/www.meydan.tv\\\/wp-content\\\/uploads\\\/12231.jpg\",\"contentUrl\":\"https:\\\/\\\/www.meydan.tv\\\/wp-content\\\/uploads\\\/12231.jpg\",\"width\":500,\"height\":500,\"caption\":\"Source:\"},{\"@type\":\"BreadcrumbList\",\"@id\":\"https:\\\/\\\/www.meydan.tv\\\/az\\\/article\\\/sagliginda-olen-kisiler\\\/#breadcrumb\",\"itemListElement\":[{\"@type\":\"ListItem\",\"position\":1,\"name\":\"Ana s\u0259hif\u0259\",\"item\":\"https:\\\/\\\/www.meydan.tv\\\/az\\\/\"},{\"@type\":\"ListItem\",\"position\":2,\"name\":\"M\u0259nim Fikrimc\u0259\",\"item\":\"https:\\\/\\\/www.meydan.tv\\\/az\\\/section\\\/menim-fikrimce\\\/\"},{\"@type\":\"ListItem\",\"position\":3,\"name\":\"Sa\u011fl\u0131\u011f\u0131nda \u00f6l\u0259n ki\u015fil\u0259r\"}]},{\"@type\":\"WebSite\",\"@id\":\"https:\\\/\\\/www.meydan.tv\\\/az\\\/#website\",\"url\":\"https:\\\/\\\/www.meydan.tv\\\/az\\\/\",\"name\":\"MEYDAN.TV\",\"description\":\"Meydan TV Az\u0259rbaycan\u0131n media m\u0259kan\u0131ndak\u0131 alternativ s\u0259sidir\",\"publisher\":{\"@id\":\"https:\\\/\\\/www.meydan.tv\\\/az\\\/#organization\"},\"potentialAction\":[{\"@type\":\"SearchAction\",\"target\":{\"@type\":\"EntryPoint\",\"urlTemplate\":\"https:\\\/\\\/www.meydan.tv\\\/az\\\/?s={search_term_string}\"},\"query-input\":{\"@type\":\"PropertyValueSpecification\",\"valueRequired\":true,\"valueName\":\"search_term_string\"}}],\"inLanguage\":\"az\"},{\"@type\":\"Organization\",\"@id\":\"https:\\\/\\\/www.meydan.tv\\\/az\\\/#organization\",\"name\":\"Meydan TV\",\"url\":\"https:\\\/\\\/www.meydan.tv\\\/az\\\/\",\"logo\":{\"@type\":\"ImageObject\",\"inLanguage\":\"az\",\"@id\":\"https:\\\/\\\/www.meydan.tv\\\/az\\\/#\\\/schema\\\/logo\\\/image\\\/\",\"url\":\"https:\\\/\\\/www.meydan.tv\\\/wp-content\\\/uploads\\\/2021\\\/07\\\/meydan-logo.svg\",\"contentUrl\":\"https:\\\/\\\/www.meydan.tv\\\/wp-content\\\/uploads\\\/2021\\\/07\\\/meydan-logo.svg\",\"width\":195,\"height\":46,\"caption\":\"Meydan TV\"},\"image\":{\"@id\":\"https:\\\/\\\/www.meydan.tv\\\/az\\\/#\\\/schema\\\/logo\\\/image\\\/\"}},{\"@type\":\"Person\",\"@id\":\"https:\\\/\\\/www.meydan.tv\\\/az\\\/#\\\/schema\\\/person\\\/10d11eccf6da3662cf5fdab9806ea91a\",\"name\":\"user-manager\"}]}<\/script>\n<!-- \/ Yoast SEO plugin. -->","yoast_head_json":{"title":"Sa\u011fl\u0131\u011f\u0131nda \u00f6l\u0259n ki\u015fil\u0259r - MEYDAN.TV","robots":{"index":"index","follow":"follow","max-snippet":"max-snippet:-1","max-image-preview":"max-image-preview:large","max-video-preview":"max-video-preview:-1"},"canonical":"https:\/\/www.meydan.tv\/az\/article\/sagliginda-olen-kisiler\/","og_locale":"az_AZ","og_type":"article","og_title":"Sa\u011fl\u0131\u011f\u0131nda \u00f6l\u0259n ki\u015fil\u0259r - MEYDAN.TV","og_description":"V\u0259 \u00f6l\u0259r\u0259k ya\u015fayan qad\u0131n...","og_url":"https:\/\/www.meydan.tv\/az\/article\/sagliginda-olen-kisiler\/","og_site_name":"MEYDAN.TV","article_published_time":"2015-08-30T16:57:49+00:00","og_image":[{"width":500,"height":500,"url":"https:\/\/www.meydan.tv\/wp-content\/uploads\/12231.jpg","type":"image\/jpeg"}],"author":"user-manager","twitter_card":"summary_large_image","schema":{"@context":"https:\/\/schema.org","@graph":[{"@type":"Article","@id":"https:\/\/www.meydan.tv\/az\/article\/sagliginda-olen-kisiler\/#article","isPartOf":{"@id":"https:\/\/www.meydan.tv\/az\/article\/sagliginda-olen-kisiler\/"},"author":{"name":"user-manager","@id":"https:\/\/www.meydan.tv\/az\/#\/schema\/person\/10d11eccf6da3662cf5fdab9806ea91a"},"headline":"Sa\u011fl\u0131\u011f\u0131nda \u00f6l\u0259n ki\u015fil\u0259r","datePublished":"2015-08-30T16:57:49+00:00","mainEntityOfPage":{"@id":"https:\/\/www.meydan.tv\/az\/article\/sagliginda-olen-kisiler\/"},"wordCount":1827,"publisher":{"@id":"https:\/\/www.meydan.tv\/az\/#organization"},"image":{"@id":"https:\/\/www.meydan.tv\/az\/article\/sagliginda-olen-kisiler\/#primaryimage"},"thumbnailUrl":"https:\/\/www.meydan.tv\/wp-content\/uploads\/12231.jpg","articleSection":["M\u0259nim Fikrimc\u0259"],"inLanguage":"az"},{"@type":"WebPage","@id":"https:\/\/www.meydan.tv\/az\/article\/sagliginda-olen-kisiler\/","url":"https:\/\/www.meydan.tv\/az\/article\/sagliginda-olen-kisiler\/","name":"Sa\u011fl\u0131\u011f\u0131nda \u00f6l\u0259n ki\u015fil\u0259r - MEYDAN.TV","isPartOf":{"@id":"https:\/\/www.meydan.tv\/az\/#website"},"primaryImageOfPage":{"@id":"https:\/\/www.meydan.tv\/az\/article\/sagliginda-olen-kisiler\/#primaryimage"},"image":{"@id":"https:\/\/www.meydan.tv\/az\/article\/sagliginda-olen-kisiler\/#primaryimage"},"thumbnailUrl":"https:\/\/www.meydan.tv\/wp-content\/uploads\/12231.jpg","datePublished":"2015-08-30T16:57:49+00:00","breadcrumb":{"@id":"https:\/\/www.meydan.tv\/az\/article\/sagliginda-olen-kisiler\/#breadcrumb"},"inLanguage":"az","potentialAction":[{"@type":"ReadAction","target":["https:\/\/www.meydan.tv\/az\/article\/sagliginda-olen-kisiler\/"]}]},{"@type":"ImageObject","inLanguage":"az","@id":"https:\/\/www.meydan.tv\/az\/article\/sagliginda-olen-kisiler\/#primaryimage","url":"https:\/\/www.meydan.tv\/wp-content\/uploads\/12231.jpg","contentUrl":"https:\/\/www.meydan.tv\/wp-content\/uploads\/12231.jpg","width":500,"height":500,"caption":"Source:"},{"@type":"BreadcrumbList","@id":"https:\/\/www.meydan.tv\/az\/article\/sagliginda-olen-kisiler\/#breadcrumb","itemListElement":[{"@type":"ListItem","position":1,"name":"Ana s\u0259hif\u0259","item":"https:\/\/www.meydan.tv\/az\/"},{"@type":"ListItem","position":2,"name":"M\u0259nim Fikrimc\u0259","item":"https:\/\/www.meydan.tv\/az\/section\/menim-fikrimce\/"},{"@type":"ListItem","position":3,"name":"Sa\u011fl\u0131\u011f\u0131nda \u00f6l\u0259n ki\u015fil\u0259r"}]},{"@type":"WebSite","@id":"https:\/\/www.meydan.tv\/az\/#website","url":"https:\/\/www.meydan.tv\/az\/","name":"MEYDAN.TV","description":"Meydan TV Az\u0259rbaycan\u0131n media m\u0259kan\u0131ndak\u0131 alternativ s\u0259sidir","publisher":{"@id":"https:\/\/www.meydan.tv\/az\/#organization"},"potentialAction":[{"@type":"SearchAction","target":{"@type":"EntryPoint","urlTemplate":"https:\/\/www.meydan.tv\/az\/?s={search_term_string}"},"query-input":{"@type":"PropertyValueSpecification","valueRequired":true,"valueName":"search_term_string"}}],"inLanguage":"az"},{"@type":"Organization","@id":"https:\/\/www.meydan.tv\/az\/#organization","name":"Meydan TV","url":"https:\/\/www.meydan.tv\/az\/","logo":{"@type":"ImageObject","inLanguage":"az","@id":"https:\/\/www.meydan.tv\/az\/#\/schema\/logo\/image\/","url":"https:\/\/www.meydan.tv\/wp-content\/uploads\/2021\/07\/meydan-logo.svg","contentUrl":"https:\/\/www.meydan.tv\/wp-content\/uploads\/2021\/07\/meydan-logo.svg","width":195,"height":46,"caption":"Meydan TV"},"image":{"@id":"https:\/\/www.meydan.tv\/az\/#\/schema\/logo\/image\/"}},{"@type":"Person","@id":"https:\/\/www.meydan.tv\/az\/#\/schema\/person\/10d11eccf6da3662cf5fdab9806ea91a","name":"user-manager"}]}},"_links":{"self":[{"href":"https:\/\/www.meydan.tv\/az\/wp-json\/wp\/v2\/posts\/169720","targetHints":{"allow":["GET"]}}],"collection":[{"href":"https:\/\/www.meydan.tv\/az\/wp-json\/wp\/v2\/posts"}],"about":[{"href":"https:\/\/www.meydan.tv\/az\/wp-json\/wp\/v2\/types\/post"}],"author":[{"embeddable":true,"href":"https:\/\/www.meydan.tv\/az\/wp-json\/wp\/v2\/users\/11"}],"replies":[{"embeddable":true,"href":"https:\/\/www.meydan.tv\/az\/wp-json\/wp\/v2\/comments?post=169720"}],"version-history":[{"count":0,"href":"https:\/\/www.meydan.tv\/az\/wp-json\/wp\/v2\/posts\/169720\/revisions"}],"wp:featuredmedia":[{"embeddable":true,"href":"https:\/\/www.meydan.tv\/az\/wp-json\/wp\/v2\/media\/32730"}],"wp:attachment":[{"href":"https:\/\/www.meydan.tv\/az\/wp-json\/wp\/v2\/media?parent=169720"}],"wp:term":[{"taxonomy":"category","embeddable":true,"href":"https:\/\/www.meydan.tv\/az\/wp-json\/wp\/v2\/categories?post=169720"},{"taxonomy":"post_tag","embeddable":true,"href":"https:\/\/www.meydan.tv\/az\/wp-json\/wp\/v2\/tags?post=169720"}],"curies":[{"name":"wp","href":"https:\/\/api.w.org\/{rel}","templated":true}]}}