{"id":169707,"date":"2015-08-29T13:08:32","date_gmt":"2015-08-29T13:08:32","guid":{"rendered":"https:\/\/www.meydan.tv\/article\/neticelerin-dogurdugu-neticeler\/"},"modified":"2015-08-29T13:08:32","modified_gmt":"2015-08-29T13:08:32","slug":"neticelerin-dogurdugu-neticeler","status":"publish","type":"post","link":"https:\/\/www.meydan.tv\/az\/article\/neticelerin-dogurdugu-neticeler\/","title":{"rendered":"N\u0259tic\u0259l\u0259rin do\u011furdu\u011fu n\u0259tic\u0259l\u0259r"},"content":{"rendered":"<figure class=\"wp-block-image size-large\">\n  <img decoding=\"async\" src=\"https:\/\/www.meydan.tv\/az\/32697\/\" alt=\"\" class=\"wp-image-32697\"\/><figcaption><\/figcaption><\/figure>\n<figure class=\"wp-block-image size-large\">\n  <img decoding=\"async\" src=\"https:\/\/www.meydan.tv\/az\/32694\/\" alt=\"\" class=\"wp-image-32694\"\/><figcaption><\/figcaption><\/figure>\n<p>\n  <br \/>\n  Bir ne\u00e7\u0259 g\u00fcn \u0259vv\u0259l, \u015eotlandiya Terc\u00fcm\u0259 Fondu f\u0259aliyy\u0259t\u0259 ba\u015flad\u0131. Fondun m\u0259qs\u0259di \u015eotlandiyal\u0131 yazarlar\u0131n \u0259s\u0259rl\u0259rini \u00e7ap ed\u0259n xarici na\u015firl\u0259ri d\u0259st\u0259kl\u0259m\u0259kdir. M\u00fcasir yazarlar\u0131 se\u00e7\u0259n n\u0259\u015friyyatlara \u00fcst\u00fcnl\u00fck veril\u0259c\u0259yi qabaqcadan bildirilir&#8230;H\u0259min bu \u015eotlandiya Fonduna b\u0259nz\u0259y\u0259n t\u0259rc\u00fcm\u0259 proqramlar\u0131 b\u00fct\u00fcn m\u00fcst\u0259qil Avropa \u00f6lk\u0259l\u0259rind\u0259 vard\u0131r. Dolay\u0131s\u0131yla, t\u0259rc\u00fcm\u0259 proqram\u0131n\u0131n yarad\u0131lmas\u0131, bir m\u0259nada, \u015eotlandiyan\u0131n m\u00fcst\u0259qilliyinin ifad\u0259sidir.\n<\/p>\n<p>\n  Bu c\u00fcr t\u0259rc\u00fcm\u0259 proqramlar\u0131n\u0131n \u0259sas m\u0259qs\u0259di \u00f6lk\u0259nin \u00f6z milli \u0259d\u0259biyyat\u0131n\u0131n xaricd\u0259 tan\u0131d\u0131lmas\u0131ndan, bel\u0259likl\u0259 m\u0259d\u0259niyy\u0259tl\u0259raras\u0131 dialoqa nail olmaqdan ibar\u0259tdir. Misal olaraq T\u00fcrkiy\u0259d\u0259ki\u00a0 TEDA\u00a0 projesini,\u00a0 Almaniyadak\u0131 Goethe \u0130nstitutunu, \u0130sve\u00e7r\u0259d\u0259d\u0259ki Pro Helvetia, Yaponiyadak\u0131 Japan Foundation t\u0259\u015fkilat\u0131n\u0131 g\u00f6st\u0259rm\u0259k olar. Bu proqramlar b\u00fct\u00fcn m\u0259d\u0259ni \u00f6lk\u0259l\u0259rd\u0259 vard\u0131r. H\u0259tta bir s\u0131ra inki\u015faf etm\u0259kd\u0259 olan \u00f6lk\u0259l\u0259rd\u0259: Sinqapurda, C\u0259nubi Afrika Respublikas\u0131nda, C\u0259nubi Koreyada, Braziliyada, Argentinadav\u0259 s. \u00f6lk\u0259l\u0259rd\u0259 d\u0259 vard\u0131r.\n<\/p>\n<p>\n  3 il \u0259vv\u0259l qon\u015fu G\u00fcrc\u00fcstanda, M\u0259d\u0259niyy\u0259t Nazirliyinin yan\u0131nda ox\u015far bir fond yarad\u0131ld\u0131. Georgian Book Centre h\u0259r il xarici na\u015firl\u0259r \u00fc\u00e7\u00fcn 250 000 avroluq b\u00fcdc\u0259 ay\u0131r\u0131r. M\u0259qs\u0259d xarici \u00f6lk\u0259l\u0259rd\u0259 g\u00fcrc\u00fc m\u00fc\u0259llifl\u0259rin kitablar\u0131n\u0131n n\u0259\u015frin\u0259 d\u0259st\u0259k olmaqd\u0131r. Kas\u0131b G\u00fcrc\u00fcstan respublikas\u0131 -filan ritorikas\u0131na qap\u0131lmadan dey\u0259 bil\u0259r\u0259m ki, zahir\u0259n adi g\u00f6r\u00fcn\u0259n bu hadis\u0259 h\u0259r hans\u0131 bir xalq \u00fc\u00e7\u00fcn milli varl\u0131q m\u0259s\u0259l\u0259sidir v\u0259 G\u00fcrc\u00fcstan M\u0259d\u0259niyy\u0259t Nazirliyi bir ne\u00e7\u0259 il haz\u0131rl\u0131qdan sonra bu m\u0259s\u0259l\u0259nin \u00f6hd\u0259sind\u0259n g\u0259lib. Layih\u0259nin r\u0259hb\u0259ri v\u0259 icra\u00e7\u0131s\u0131 \u2013 Medea Metreveli v\u0259 \u0130rine Chogo\u015fvili adl\u0131 g\u0259nc xan\u0131mlard\u0131r, &#8211; g\u0259nc olmalar\u0131n\u0131 ayr\u0131ca yazma\u011f\u0131m\u0131n s\u0259b\u0259bi var, &#8211; b\u00fct\u00fcn m\u0259d\u0259ni \u00f6lk\u0259l\u0259rd\u0259 oldu\u011fu kimi, G\u00fcrc\u00fcstanda da g\u0259ncl\u0259r\u0259 etimad var.\n<\/p>\n<p>\n  G\u0259l-g\u0259l\u0259lim bizim respublikam\u0131za. Bizimkil\u0259r hardansa e\u015fidibl\u0259r h\u0259min bu t\u0259rc\u00fcm\u0259 proqramlar\u0131 haqq\u0131nda. H\u0259tta e\u015fitdiyim\u0259 g\u00f6r\u0259 T\u00fcrkiy\u0259d\u0259ki TEDA projesinin i\u015f prinsipl\u0259rini \u00f6yr\u0259nm\u0259kd\u0259n \u00f6tr\u00fc buradan n\u00fcmay\u0259nd\u0259 hey\u0259ti d\u0259 g\u00f6nd\u0259rilib. Amma n\u0259d\u0259ns\u0259 n\u0259tic\u0259si olmay\u0131b. \u018fv\u0259zind\u0259 Az\u0259rbaycan Respublikas\u0131 Nazirl\u0259r Kabineti Yan\u0131nda T\u0259rc\u00fcm\u0259 M\u0259rk\u0259zi yarad\u0131l\u0131b. TM-nin m\u0259qs\u0259di r\u0259smi s\u0259n\u0259dl\u0259rd\u0259 bel\u0259 ifad\u0259 olunur: \u201cM\u0259rk\u0259z t\u0259rc\u00fcm\u0259 olunan materiallarda Az\u0259rbaycan dilinin d\u00fczg\u00fcn i\u015fl\u0259dilm\u0259si il\u0259 ba\u011fl\u0131 \u00f6lk\u0259daxili v\u0259 beyn\u0259lxalq m\u00fcst\u0259vid\u0259 ictimai-siyasi, elmi-texniki, \u0259d\u0259bi-m\u0259d\u0259ni m\u00fcbadil\u0259l\u0259rin v\u0259 \u0259laq\u0259l\u0259rin dil v\u0259 t\u0259rc\u00fcm\u0259 bax\u0131m\u0131ndan t\u0259nziml\u0259nm\u0259si, \u00f6lk\u0259 \u00fczr\u0259 t\u0259rc\u00fcm\u0259 prosesinin elmi, texniki, tibb, h\u00fcquq v\u0259 dig\u0259r sah\u0259l\u0259rd\u0259 t\u0259\u015fkili v\u0259 t\u0259kmill\u0259\u015fdirilm\u0259si i\u015fin\u0259 n\u0259zar\u0259ti h\u0259yata ke\u00e7ir\u0259n icra hakimiyy\u0259ti orqan\u0131d\u0131r.\u201d\n<\/p>\n<p>\n  Sonuncu c\u00fcml\u0259 oldu\u011fundan daha \u00e7ox \u015fey ifad\u0259 edir: \u201cn\u0259zar\u0259ti h\u0259yata ke\u00e7ir\u0259n icra orqan\u0131\u201d \u2013 insan\u0131n can\u0131ndan \u00fc\u015f\u00fctm\u0259 ke\u00e7ir bunlar\u0131 oxuyanda. Hans\u0131 qafan\u0131n m\u0259hsuludur, bilmir\u0259m, ancaq \u0259min\u0259m, TM-ni bu \u015f\u0259kild\u0259 formala\u015fd\u0131ran insan(lar)\u0131n can\u0131ndan 1937 qorxusu h\u0259l\u0259 \u00e7\u0131xmay\u0131b. Bu c\u00fcr m\u0259tnl\u0259r\u0259 diktaturan\u0131n hakim oldu\u011fu \u00f6lk\u0259l\u0259rd\u0259 rast g\u0259lm\u0259k olar.\n<\/p>\n<p>\n  TM-nin m\u0259ram\u0131n\u0131 ifad\u0259 ed\u0259n yuxar\u0131dak\u0131 c\u00fcml\u0259y\u0259 diqq\u0259tl\u0259 fikir vers\u0259niz c\u0259f\u0259ngiyyatdan ba\u015fqa bir \u015fey deyildir: \u201cdilinin d\u00fczg\u00fcn i\u015fl\u0259dilm\u0259si il\u0259 ba\u011fl\u0131\u201d n\u0259zar\u0259ti h\u0259yata ke\u00e7ir\u0259n bu icra hakimiyy\u0259ti orqan\u0131 el\u0259 \u00f6z m\u0259ramnam\u0259sini ifad\u0259 ed\u0259n bu c\u00fcml\u0259d\u0259 qrammatik x\u0259taya yol verib: \u201cAz\u0259rbaycan dilinin d\u00fczg\u00fcn i\u015fl\u0259dilm\u0259si il\u0259 ba\u011fl\u0131\u201d&#8230; \u201cm\u00fcbadil\u0259l\u0259rin v\u0259 \u0259laq\u0259l\u0259rin dil v\u0259 t\u0259rc\u00fcm\u0259 bax\u0131m\u0131ndan t\u0259nziml\u0259nm\u0259si\u201d n\u0259 dem\u0259kdir g\u00f6r\u0259s\u0259n? (h\u0259min m\u0259ramnam\u0259 m\u0259tnind\u0259ki 43 s\u00f6zd\u0259n 33-\u00fc \u0259r\u0259b\u0259c\u0259dir). Fizikada bel\u0259 bir qayda var, b\u00f6y\u00fck teoreml\u0259r sad\u0259 cml\u0259yl\u0259 ifad\u0259 olunur, \u00e7\u00fcnki h\u0259qiq\u0259t \u00f6z-\u00f6zl\u00fcy\u00fcnd\u0259 m\u0259lumdur. Y\u0259qin t\u0259sdiq ed\u0259rsiz, TM-nin bu m\u0259ramnam\u0259 c\u00fcml\u0259sind\u0259 h\u0259d\u0259fl\u0259r ayd\u0131n deyil.\n<\/p>\n<p>\n  Bunlar\u0131 qoyaq bir q\u0131ra\u011fa. T\u0259rc\u00fcm\u0259 M\u0259rk\u0259zi yarad\u0131l\u0131b, ona b\u00fcdc\u0259 ayr\u0131l\u0131b, 100-\u0259 yax\u0131n \u0259m\u0259kda\u015f i\u015f\u0259 g\u00f6t\u00fcr\u00fcl\u00fcb.\u00a0 G\u00f6z\u0259l yaz\u0131\u00e7\u0131, pe\u015f\u0259kar insan \u2013 Afaq M\u0259sud T\u0259rc\u00fcm\u0259 M\u0259rk\u0259zinin r\u0259hb\u0259rliyin\u0259 g\u0259tirilib. Lakin n\u0259 q\u0259d\u0259r pe\u015f\u0259kar olsa da v\u0259 d\u00fcnya q\u0259d\u0259r pul ayr\u0131lsa da, m\u0259ram\u0131 b\u0259lli olmayan i\u015fin \u00f6hd\u0259sind\u0259n g\u0259lm\u0259k m\u00fcmk\u00fcn olmayacaq. Nec\u0259 dey\u0259rl\u0259r, bitm\u0259z i\u015f buyurub, ad\u0131n\u0131 yar\u0131tmaz qoymaq d\u00fczg\u00fcn deyil. D\u00fcnyada m\u00f6vcud olan v\u0259 Az\u0259rbaycan\u0131n da \u00fczv oldu\u011fu Avropa \u015euras\u0131n\u0131n m\u00fc\u0259yy\u0259n konvensiyas\u0131yla t\u0259nziml\u0259n\u0259n standartlara uy\u011fun T\u0259rc\u00fcm\u0259 M\u0259rk\u0259zi yarad\u0131lmal\u0131yd\u0131. \u00d6z\u00fcm\u00fczd\u0259n Amerika k\u0259\u015ff etm\u0259y\u0259 ehtiyac yox idi.\n<\/p>\n<p>\n  H\u0259r i\u015fin n\u0259tic\u0259si \u00f6n\u0259mli olu\u011fu kimi, bu m\u0259s\u0259l\u0259d\u0259 d\u0259 n\u0259tic\u0259l\u0259r\u0259 g\u00f6r\u0259 fikir y\u00fcr\u00fcts\u0259k, ortadak\u0131 m\u0259nz\u0259r\u0259 ac\u0131nacaql\u0131d\u0131r: Bizim T\u0259rc\u00fcm\u0259 M\u0259rk\u0259zimiz t\u0259rc\u00fcm\u0259 olunan materiallarda Az\u0259rbaycan dilinin d\u00fczg\u00fcn i\u015fl\u0259dilm\u0259si il\u0259 ba\u011fl\u0131 \u00f6lk\u0259daxili v\u0259 beyn\u0259lxalq m\u00fcst\u0259vid\u0259 ictimai-siyasi, elmi-texniki, \u0259d\u0259bi-m\u0259d\u0259ni m\u00fcbadil\u0259l\u0259rin v\u0259 \u0259laq\u0259l\u0259rin dil v\u0259 t\u0259rc\u00fcm\u0259 bax\u0131m\u0131ndan t\u0259nziml\u0259nm\u0259si, \u00f6lk\u0259 \u00fczr\u0259 t\u0259rc\u00fcm\u0259 prosesinin elmi, texniki, tibb, h\u00fcquq v\u0259 dig\u0259r sah\u0259l\u0259rd\u0259 t\u0259\u015fkili v\u0259 t\u0259kmill\u0259\u015fdirilm\u0259si i\u015fin\u0259 n\u0259zar\u0259ti h\u0259yata ke\u00e7ir\u0259n\u0259 q\u0259d\u0259r qon\u015fu G\u00fcrc\u00fcstan\u0131n T\u0259rc\u00fcm\u0259 M\u0259rk\u0259zi g\u00fcrc\u00fc yazarlar\u0131n\u0131n \u0259s\u0259rl\u0259rini \u00e7ap ed\u0259n 100-d\u0259n art\u0131q xarici n\u0259\u015friyyatla m\u00fcqavil\u0259 ba\u011flay\u0131b, h\u0259min n\u0259\u015friyyatlara maddi d\u0259st\u0259k verib.\n<\/p>\n<p>\n  Avropa \u015euras\u0131n\u0131n \u0259sas prioritetl\u0259rind\u0259n biri olan m\u0259d\u0259niyy\u0259tl\u0259raras\u0131 m\u00fcbadil\u0259 prosesind\u0259 G\u00fcrc\u00fcstan \u00f6z yerini tutub, Az\u0259rbaycan is\u0259 yen\u0259 d\u0259 quyruqda qal\u0131b. Bu g\u00fcn d\u00fcnyan\u0131n \u0259sas dill\u0259rin\u0259 t\u0259rc\u00fcm\u0259 olunan onlarla g\u00fcrc\u00fcstanl\u0131 yazar var. Bizd\u0259 is\u0259, \u00f6z hesab\u0131na xaricd\u0259 50 \u0259d\u0259d kitab \u00e7ap el\u0259tdirib \u00f6z \u00f6lk\u0259sind\u0259 hava atanlar\u0131 n\u0259z\u0259r\u0259 almasaq, d\u00fcnyaya a\u00e7\u0131lan yaz\u0131\u00e7\u0131lar\u0131m\u0131z yox d\u0259r\u0259c\u0259sind\u0259dir.\n<\/p>\n<p>\n  N\u0259tic\u0259nin do\u011furdu\u011fu n\u0259tic\u0259l\u0259r d\u0259 var: yazarlar xaricd\u0259 n\u0259\u015fr olunduqca \u0259d\u0259bi proses canlan\u0131r, yarad\u0131c\u0131l\u0131q \u00fc\u00e7\u00fcn r\u0259qab\u0259t m\u00fchiti yaran\u0131r, yaz\u0131lan \u0259s\u0259rl\u0259rin s\u0259viyy\u0259si art\u0131r. Dig\u0259r t\u0259r\u0259fd\u0259n, Az\u0259rbaycan ger\u00e7\u0259kl\u0259rini d\u00fcnyaya tan\u0131tmaq a\u00e7\u0131s\u0131ndan da \u0259d\u0259biyyat\u0131n rolu \u0259v\u0259zedilm\u0259zdir. Yalandan h\u0259r\u0259k\u0259t havas\u0131 yarad\u0131b yerind\u0259 saymaq is\u0259 he\u00e7 yax\u015f\u0131 hal deyil&#8230;\n<\/p>\n<p>\n  N\u0259 bilim e, vallah, s\u00f6z \u00e7oxdur. Amma kim\u0259 deyirs\u0259n&#8230;\n<\/p>\n<p>\n  <b><br \/>\n    Yaz\u0131 m\u00fc\u0259llifin \u015f\u0259xsi fikirl\u0259rini \u0259ks etdirir&#8230;<br \/>\n  <\/b><\/p>\n","protected":false},"excerpt":{"rendered":"<p>Insan\u0131n can\u0131ndan \u00fc\u015f\u00fctm\u0259 ke\u00e7ir<\/p>\n","protected":false},"author":11,"featured_media":32697,"comment_status":"closed","ping_status":"open","sticky":false,"template":"","format":"standard","meta":{"_acf_changed":false,"_sitemap_exclude":false,"_sitemap_priority":"","_sitemap_frequency":"","footnotes":""},"categories":[57],"tags":[],"class_list":["post-169707","post","type-post","status-publish","format-standard","has-post-thumbnail","hentry","category-menim-fikrimce","infinite-scroll-item","generate-columns","tablet-grid-50","mobile-grid-100","grid-parent","grid-33","no-featured-image-padding"],"acf":[],"yoast_head":"<!-- This site is optimized with the Yoast SEO plugin v27.5 - https:\/\/yoast.com\/product\/yoast-seo-wordpress\/ -->\n<title>N\u0259tic\u0259l\u0259rin do\u011furdu\u011fu n\u0259tic\u0259l\u0259r - MEYDAN.TV<\/title>\n<meta name=\"robots\" content=\"index, follow, max-snippet:-1, max-image-preview:large, max-video-preview:-1\" \/>\n<link rel=\"canonical\" href=\"https:\/\/www.meydan.tv\/az\/article\/neticelerin-dogurdugu-neticeler\/\" \/>\n<meta property=\"og:locale\" content=\"az_AZ\" \/>\n<meta property=\"og:type\" content=\"article\" \/>\n<meta property=\"og:title\" content=\"N\u0259tic\u0259l\u0259rin do\u011furdu\u011fu n\u0259tic\u0259l\u0259r - MEYDAN.TV\" \/>\n<meta property=\"og:description\" content=\"Insan\u0131n can\u0131ndan \u00fc\u015f\u00fctm\u0259 ke\u00e7ir\" \/>\n<meta property=\"og:url\" content=\"https:\/\/www.meydan.tv\/az\/article\/neticelerin-dogurdugu-neticeler\/\" \/>\n<meta property=\"og:site_name\" content=\"MEYDAN.TV\" \/>\n<meta property=\"article:published_time\" content=\"2015-08-29T13:08:32+00:00\" \/>\n<meta property=\"og:image\" content=\"https:\/\/www.meydan.tv\/wp-content\/uploads\/12214.jpg\" \/>\n\t<meta property=\"og:image:width\" content=\"500\" \/>\n\t<meta property=\"og:image:height\" content=\"500\" \/>\n\t<meta property=\"og:image:type\" content=\"image\/jpeg\" \/>\n<meta name=\"author\" content=\"user-manager\" \/>\n<meta name=\"twitter:card\" content=\"summary_large_image\" \/>\n<script type=\"application\/ld+json\" class=\"yoast-schema-graph\">{\"@context\":\"https:\\\/\\\/schema.org\",\"@graph\":[{\"@type\":\"Article\",\"@id\":\"https:\\\/\\\/www.meydan.tv\\\/az\\\/article\\\/neticelerin-dogurdugu-neticeler\\\/#article\",\"isPartOf\":{\"@id\":\"https:\\\/\\\/www.meydan.tv\\\/az\\\/article\\\/neticelerin-dogurdugu-neticeler\\\/\"},\"author\":{\"name\":\"user-manager\",\"@id\":\"https:\\\/\\\/www.meydan.tv\\\/az\\\/#\\\/schema\\\/person\\\/10d11eccf6da3662cf5fdab9806ea91a\"},\"headline\":\"N\u0259tic\u0259l\u0259rin do\u011furdu\u011fu n\u0259tic\u0259l\u0259r\",\"datePublished\":\"2015-08-29T13:08:32+00:00\",\"mainEntityOfPage\":{\"@id\":\"https:\\\/\\\/www.meydan.tv\\\/az\\\/article\\\/neticelerin-dogurdugu-neticeler\\\/\"},\"wordCount\":1351,\"publisher\":{\"@id\":\"https:\\\/\\\/www.meydan.tv\\\/az\\\/#organization\"},\"image\":{\"@id\":\"https:\\\/\\\/www.meydan.tv\\\/az\\\/article\\\/neticelerin-dogurdugu-neticeler\\\/#primaryimage\"},\"thumbnailUrl\":\"https:\\\/\\\/www.meydan.tv\\\/wp-content\\\/uploads\\\/12214.jpg\",\"articleSection\":[\"M\u0259nim Fikrimc\u0259\"],\"inLanguage\":\"az\"},{\"@type\":\"WebPage\",\"@id\":\"https:\\\/\\\/www.meydan.tv\\\/az\\\/article\\\/neticelerin-dogurdugu-neticeler\\\/\",\"url\":\"https:\\\/\\\/www.meydan.tv\\\/az\\\/article\\\/neticelerin-dogurdugu-neticeler\\\/\",\"name\":\"N\u0259tic\u0259l\u0259rin do\u011furdu\u011fu n\u0259tic\u0259l\u0259r - MEYDAN.TV\",\"isPartOf\":{\"@id\":\"https:\\\/\\\/www.meydan.tv\\\/az\\\/#website\"},\"primaryImageOfPage\":{\"@id\":\"https:\\\/\\\/www.meydan.tv\\\/az\\\/article\\\/neticelerin-dogurdugu-neticeler\\\/#primaryimage\"},\"image\":{\"@id\":\"https:\\\/\\\/www.meydan.tv\\\/az\\\/article\\\/neticelerin-dogurdugu-neticeler\\\/#primaryimage\"},\"thumbnailUrl\":\"https:\\\/\\\/www.meydan.tv\\\/wp-content\\\/uploads\\\/12214.jpg\",\"datePublished\":\"2015-08-29T13:08:32+00:00\",\"breadcrumb\":{\"@id\":\"https:\\\/\\\/www.meydan.tv\\\/az\\\/article\\\/neticelerin-dogurdugu-neticeler\\\/#breadcrumb\"},\"inLanguage\":\"az\",\"potentialAction\":[{\"@type\":\"ReadAction\",\"target\":[\"https:\\\/\\\/www.meydan.tv\\\/az\\\/article\\\/neticelerin-dogurdugu-neticeler\\\/\"]}]},{\"@type\":\"ImageObject\",\"inLanguage\":\"az\",\"@id\":\"https:\\\/\\\/www.meydan.tv\\\/az\\\/article\\\/neticelerin-dogurdugu-neticeler\\\/#primaryimage\",\"url\":\"https:\\\/\\\/www.meydan.tv\\\/wp-content\\\/uploads\\\/12214.jpg\",\"contentUrl\":\"https:\\\/\\\/www.meydan.tv\\\/wp-content\\\/uploads\\\/12214.jpg\",\"width\":500,\"height\":500,\"caption\":\"Source:\"},{\"@type\":\"BreadcrumbList\",\"@id\":\"https:\\\/\\\/www.meydan.tv\\\/az\\\/article\\\/neticelerin-dogurdugu-neticeler\\\/#breadcrumb\",\"itemListElement\":[{\"@type\":\"ListItem\",\"position\":1,\"name\":\"Ana s\u0259hif\u0259\",\"item\":\"https:\\\/\\\/www.meydan.tv\\\/az\\\/\"},{\"@type\":\"ListItem\",\"position\":2,\"name\":\"M\u0259nim Fikrimc\u0259\",\"item\":\"https:\\\/\\\/www.meydan.tv\\\/az\\\/section\\\/menim-fikrimce\\\/\"},{\"@type\":\"ListItem\",\"position\":3,\"name\":\"N\u0259tic\u0259l\u0259rin do\u011furdu\u011fu n\u0259tic\u0259l\u0259r\"}]},{\"@type\":\"WebSite\",\"@id\":\"https:\\\/\\\/www.meydan.tv\\\/az\\\/#website\",\"url\":\"https:\\\/\\\/www.meydan.tv\\\/az\\\/\",\"name\":\"MEYDAN.TV\",\"description\":\"Meydan TV Az\u0259rbaycan\u0131n media m\u0259kan\u0131ndak\u0131 alternativ s\u0259sidir\",\"publisher\":{\"@id\":\"https:\\\/\\\/www.meydan.tv\\\/az\\\/#organization\"},\"potentialAction\":[{\"@type\":\"SearchAction\",\"target\":{\"@type\":\"EntryPoint\",\"urlTemplate\":\"https:\\\/\\\/www.meydan.tv\\\/az\\\/?s={search_term_string}\"},\"query-input\":{\"@type\":\"PropertyValueSpecification\",\"valueRequired\":true,\"valueName\":\"search_term_string\"}}],\"inLanguage\":\"az\"},{\"@type\":\"Organization\",\"@id\":\"https:\\\/\\\/www.meydan.tv\\\/az\\\/#organization\",\"name\":\"Meydan TV\",\"url\":\"https:\\\/\\\/www.meydan.tv\\\/az\\\/\",\"logo\":{\"@type\":\"ImageObject\",\"inLanguage\":\"az\",\"@id\":\"https:\\\/\\\/www.meydan.tv\\\/az\\\/#\\\/schema\\\/logo\\\/image\\\/\",\"url\":\"https:\\\/\\\/www.meydan.tv\\\/wp-content\\\/uploads\\\/2021\\\/07\\\/meydan-logo.svg\",\"contentUrl\":\"https:\\\/\\\/www.meydan.tv\\\/wp-content\\\/uploads\\\/2021\\\/07\\\/meydan-logo.svg\",\"width\":195,\"height\":46,\"caption\":\"Meydan TV\"},\"image\":{\"@id\":\"https:\\\/\\\/www.meydan.tv\\\/az\\\/#\\\/schema\\\/logo\\\/image\\\/\"}},{\"@type\":\"Person\",\"@id\":\"https:\\\/\\\/www.meydan.tv\\\/az\\\/#\\\/schema\\\/person\\\/10d11eccf6da3662cf5fdab9806ea91a\",\"name\":\"user-manager\"}]}<\/script>\n<!-- \/ Yoast SEO plugin. -->","yoast_head_json":{"title":"N\u0259tic\u0259l\u0259rin do\u011furdu\u011fu n\u0259tic\u0259l\u0259r - MEYDAN.TV","robots":{"index":"index","follow":"follow","max-snippet":"max-snippet:-1","max-image-preview":"max-image-preview:large","max-video-preview":"max-video-preview:-1"},"canonical":"https:\/\/www.meydan.tv\/az\/article\/neticelerin-dogurdugu-neticeler\/","og_locale":"az_AZ","og_type":"article","og_title":"N\u0259tic\u0259l\u0259rin do\u011furdu\u011fu n\u0259tic\u0259l\u0259r - MEYDAN.TV","og_description":"Insan\u0131n can\u0131ndan \u00fc\u015f\u00fctm\u0259 ke\u00e7ir","og_url":"https:\/\/www.meydan.tv\/az\/article\/neticelerin-dogurdugu-neticeler\/","og_site_name":"MEYDAN.TV","article_published_time":"2015-08-29T13:08:32+00:00","og_image":[{"width":500,"height":500,"url":"https:\/\/www.meydan.tv\/wp-content\/uploads\/12214.jpg","type":"image\/jpeg"}],"author":"user-manager","twitter_card":"summary_large_image","schema":{"@context":"https:\/\/schema.org","@graph":[{"@type":"Article","@id":"https:\/\/www.meydan.tv\/az\/article\/neticelerin-dogurdugu-neticeler\/#article","isPartOf":{"@id":"https:\/\/www.meydan.tv\/az\/article\/neticelerin-dogurdugu-neticeler\/"},"author":{"name":"user-manager","@id":"https:\/\/www.meydan.tv\/az\/#\/schema\/person\/10d11eccf6da3662cf5fdab9806ea91a"},"headline":"N\u0259tic\u0259l\u0259rin do\u011furdu\u011fu n\u0259tic\u0259l\u0259r","datePublished":"2015-08-29T13:08:32+00:00","mainEntityOfPage":{"@id":"https:\/\/www.meydan.tv\/az\/article\/neticelerin-dogurdugu-neticeler\/"},"wordCount":1351,"publisher":{"@id":"https:\/\/www.meydan.tv\/az\/#organization"},"image":{"@id":"https:\/\/www.meydan.tv\/az\/article\/neticelerin-dogurdugu-neticeler\/#primaryimage"},"thumbnailUrl":"https:\/\/www.meydan.tv\/wp-content\/uploads\/12214.jpg","articleSection":["M\u0259nim Fikrimc\u0259"],"inLanguage":"az"},{"@type":"WebPage","@id":"https:\/\/www.meydan.tv\/az\/article\/neticelerin-dogurdugu-neticeler\/","url":"https:\/\/www.meydan.tv\/az\/article\/neticelerin-dogurdugu-neticeler\/","name":"N\u0259tic\u0259l\u0259rin do\u011furdu\u011fu n\u0259tic\u0259l\u0259r - MEYDAN.TV","isPartOf":{"@id":"https:\/\/www.meydan.tv\/az\/#website"},"primaryImageOfPage":{"@id":"https:\/\/www.meydan.tv\/az\/article\/neticelerin-dogurdugu-neticeler\/#primaryimage"},"image":{"@id":"https:\/\/www.meydan.tv\/az\/article\/neticelerin-dogurdugu-neticeler\/#primaryimage"},"thumbnailUrl":"https:\/\/www.meydan.tv\/wp-content\/uploads\/12214.jpg","datePublished":"2015-08-29T13:08:32+00:00","breadcrumb":{"@id":"https:\/\/www.meydan.tv\/az\/article\/neticelerin-dogurdugu-neticeler\/#breadcrumb"},"inLanguage":"az","potentialAction":[{"@type":"ReadAction","target":["https:\/\/www.meydan.tv\/az\/article\/neticelerin-dogurdugu-neticeler\/"]}]},{"@type":"ImageObject","inLanguage":"az","@id":"https:\/\/www.meydan.tv\/az\/article\/neticelerin-dogurdugu-neticeler\/#primaryimage","url":"https:\/\/www.meydan.tv\/wp-content\/uploads\/12214.jpg","contentUrl":"https:\/\/www.meydan.tv\/wp-content\/uploads\/12214.jpg","width":500,"height":500,"caption":"Source:"},{"@type":"BreadcrumbList","@id":"https:\/\/www.meydan.tv\/az\/article\/neticelerin-dogurdugu-neticeler\/#breadcrumb","itemListElement":[{"@type":"ListItem","position":1,"name":"Ana s\u0259hif\u0259","item":"https:\/\/www.meydan.tv\/az\/"},{"@type":"ListItem","position":2,"name":"M\u0259nim Fikrimc\u0259","item":"https:\/\/www.meydan.tv\/az\/section\/menim-fikrimce\/"},{"@type":"ListItem","position":3,"name":"N\u0259tic\u0259l\u0259rin do\u011furdu\u011fu n\u0259tic\u0259l\u0259r"}]},{"@type":"WebSite","@id":"https:\/\/www.meydan.tv\/az\/#website","url":"https:\/\/www.meydan.tv\/az\/","name":"MEYDAN.TV","description":"Meydan TV Az\u0259rbaycan\u0131n media m\u0259kan\u0131ndak\u0131 alternativ s\u0259sidir","publisher":{"@id":"https:\/\/www.meydan.tv\/az\/#organization"},"potentialAction":[{"@type":"SearchAction","target":{"@type":"EntryPoint","urlTemplate":"https:\/\/www.meydan.tv\/az\/?s={search_term_string}"},"query-input":{"@type":"PropertyValueSpecification","valueRequired":true,"valueName":"search_term_string"}}],"inLanguage":"az"},{"@type":"Organization","@id":"https:\/\/www.meydan.tv\/az\/#organization","name":"Meydan TV","url":"https:\/\/www.meydan.tv\/az\/","logo":{"@type":"ImageObject","inLanguage":"az","@id":"https:\/\/www.meydan.tv\/az\/#\/schema\/logo\/image\/","url":"https:\/\/www.meydan.tv\/wp-content\/uploads\/2021\/07\/meydan-logo.svg","contentUrl":"https:\/\/www.meydan.tv\/wp-content\/uploads\/2021\/07\/meydan-logo.svg","width":195,"height":46,"caption":"Meydan TV"},"image":{"@id":"https:\/\/www.meydan.tv\/az\/#\/schema\/logo\/image\/"}},{"@type":"Person","@id":"https:\/\/www.meydan.tv\/az\/#\/schema\/person\/10d11eccf6da3662cf5fdab9806ea91a","name":"user-manager"}]}},"_links":{"self":[{"href":"https:\/\/www.meydan.tv\/az\/wp-json\/wp\/v2\/posts\/169707","targetHints":{"allow":["GET"]}}],"collection":[{"href":"https:\/\/www.meydan.tv\/az\/wp-json\/wp\/v2\/posts"}],"about":[{"href":"https:\/\/www.meydan.tv\/az\/wp-json\/wp\/v2\/types\/post"}],"author":[{"embeddable":true,"href":"https:\/\/www.meydan.tv\/az\/wp-json\/wp\/v2\/users\/11"}],"replies":[{"embeddable":true,"href":"https:\/\/www.meydan.tv\/az\/wp-json\/wp\/v2\/comments?post=169707"}],"version-history":[{"count":0,"href":"https:\/\/www.meydan.tv\/az\/wp-json\/wp\/v2\/posts\/169707\/revisions"}],"wp:featuredmedia":[{"embeddable":true,"href":"https:\/\/www.meydan.tv\/az\/wp-json\/wp\/v2\/media\/32697"}],"wp:attachment":[{"href":"https:\/\/www.meydan.tv\/az\/wp-json\/wp\/v2\/media?parent=169707"}],"wp:term":[{"taxonomy":"category","embeddable":true,"href":"https:\/\/www.meydan.tv\/az\/wp-json\/wp\/v2\/categories?post=169707"},{"taxonomy":"post_tag","embeddable":true,"href":"https:\/\/www.meydan.tv\/az\/wp-json\/wp\/v2\/tags?post=169707"}],"curies":[{"name":"wp","href":"https:\/\/api.w.org\/{rel}","templated":true}]}}