{"id":169703,"date":"2015-08-29T03:35:37","date_gmt":"2015-08-29T03:35:37","guid":{"rendered":"https:\/\/www.meydan.tv\/article\/turklerin-isgal-qetliam-ve-talanlarina-xilas-adi-qoymaq\/"},"modified":"2015-08-29T03:35:37","modified_gmt":"2015-08-29T03:35:37","slug":"turklerin-isgal-qetliam-ve-talanlarina-xilas-adi-qoymaq","status":"publish","type":"post","link":"https:\/\/www.meydan.tv\/az\/article\/turklerin-isgal-qetliam-ve-talanlarina-xilas-adi-qoymaq\/","title":{"rendered":"T\u00fcrkl\u0259rin i\u015f\u011fal, q\u0259tliam v\u0259 talanlar\u0131na &#8220;xilas&#8220; ad\u0131 qoymaq"},"content":{"rendered":"<figure class=\"wp-block-image size-large\">\n  <img decoding=\"async\" src=\"https:\/\/www.meydan.tv\/az\/32673\/\" alt=\"\" class=\"wp-image-32673\"\/><figcaption><\/figcaption><\/figure>\n<figure class=\"wp-block-image size-large\">\n  <img decoding=\"async\" src=\"https:\/\/www.meydan.tv\/az\/32679\/\" alt=\"\" class=\"wp-image-32679\"\/><figcaption><\/figcaption><\/figure>\n<p>\n  H\u00f6rm\u0259tli meydan.tv \u0259m\u0259kda\u015flar\u0131 v\u0259 oxucular\u0131,\n<\/p>\n<p>\n  bildiyiniz kimi, bir ne\u00e7\u0259 g\u00fcn bundan \u00f6nc\u0259 filosof A\u011falar Qut Osmanl\u0131-T\u00fcrkiy\u0259 t\u00fcrkl\u0259rinin Az\u0259rbaycana m\u00fcnasib\u0259ti m\u00f6vzusunda olduqca laz\u0131ml\u0131 bir polemika a\u00e7d\u0131; lakin t\u0259\u0259ss\u00fcf ki, o, yen\u0259 \u00f6z m\u00f6vqeyin\u0259 g\u00f6r\u0259, siyasi-ictimai konyukturan\u0131n qurban\u0131na \u00e7evrilmi\u015f bir qrup insan\u0131n, Siyavu\u015f Novruzov saya\u011f\u0131 bir \u00fcslubda \u201co, erm\u0259nidir, k\u00fcrdd\u00fcr\u201d kimi baya\u011f\u0131 ittihamlar\u0131na m\u0259ruz qald\u0131.\n<\/p>\n<p>\n  M\u0259nim bu m\u0259qal\u0259mi jurnalist Dilq\u0259m \u018fhm\u0259din A.Quta \u00fcnvanlad\u0131\u011f\u0131 cavab yaz\u0131s\u0131na reaksiya kimi d\u0259 q\u0259bul ed\u0259 bil\u0259rsiniz. Onu da deyim ki, bir jurnalistin \u00f6z yaz\u0131s\u0131nda filosofu al\u00e7altma\u011fa \u00e7al\u0131\u015fd\u0131\u011f\u0131n\u0131 g\u00f6rm\u0259k \u00e7ox ac\u0131nacaql\u0131 hald\u0131r.\n<\/p>\n<p>\n  M\u0259nim m\u0259qs\u0259dim D.\u018fhm\u0259din h\u0259l\u0259lik sad\u0259c\u0259 bir iddias\u0131na, ancaq ondan f\u0259rqli olaraq arxiv materiallar\u0131na istinad\u0259n, \u00f6z m\u00fcnasib\u0259timi bildirm\u0259kdir. M\u0259n D.\u018fhm\u0259din \u201cEhtiyac olarsa, cavab veril\u0259c\u0259k\u201d v\u0259dini \u0259sas g\u00f6t\u00fcr\u0259r\u0259k \u00fcmid edir\u0259m ki, o, bir m\u00fc\u0259llif kimi verdiyi s\u00f6z\u0259 \u0259m\u0259l edib, m\u0259n\u0259 cavab yazacaqd\u0131r.\n<\/p>\n<p>\n  ***\n<\/p>\n<p>\n  \u00d6Z\u00dcN\u00dcN \u0130\u015e\u011eAL ED\u0130LM\u018fS\u0130N\u018f X\u0130LAS ADI VERM\u018fK?\n<\/p>\n<p>\n  D.\u018fhm\u0259d yaz\u0131r: \u201c\u018fg\u0259r A\u011falar Qutun T\u00fcrkiy\u0259y\u0259 olan nifr\u0259ti olmasayd\u0131, bu c\u00fcml\u0259ni bel\u0259 ba\u015flayard\u0131: \u201c1918-ci ild\u0259 T\u00fcrkiy\u0259nin g\u00f6nd\u0259rdiyi Qafqaz-\u0130slam Ordusu Bak\u0131n\u0131 azad edib onu C\u00fcmhuriyy\u0259tin paytaxt\u0131na \u00e7evirib\u2026\u201d\n<\/p>\n<p>\n  Do\u011frudanm\u0131 15 sentyabr Bak\u0131n\u0131n azad edildiyi v\u0259 Az\u0259rbaycan C\u00fcmhuriyy\u0259tinin paytaxt elan edildiyi g\u00fcnd\u00fcr? G\u0259lin, bu iddian\u0131n do\u011frulu\u011funu yoxlayaq.\n<\/p>\n<p>\n  \u018fvv\u0259la, ondan ba\u015flayaq ki, \u201cQafqaz-\u0130slam ordusu\u201d deyil\u0259n bir ordu olmay\u0131b, bu, Osmanl\u0131 imperiyas\u0131n\u0131n 5-ci piyada diviziyas\u0131n\u0131n i\u015f\u011falc\u0131 missiyas\u0131n\u0131 \u00f6rt-basd\u0131r etm\u0259k \u00fcc\u00fcn istifad\u0259 edilmi\u015f maska idi. Diqq\u0259ti \u00f6zl\u0259rind\u0259n yay\u0131nd\u0131rmaq, \u201cBu, Osmanl\u0131 ordusu deyil, Qafqaz-\u0130slam ordusudur\u201d dey\u0259 bilm\u0259k \u00fc\u00e7\u00fcn Osmanl\u0131 ordusunun 5-ci piyada diviziyas\u0131n\u0131n ad\u0131n\u0131 t\u0259l\u0259m-t\u0259l\u0259sik d\u0259yi\u015fdirib qoydular \u201cQafqaz-\u0130slam ordusu\u201d.\n<\/p>\n<p>\n  \u018fg\u0259r Osmanl\u0131 xilaskar idis\u0259, 1918-ci ild\u0259 T\u0259brizd\u0259 \u015eeyx M\u0259h\u0259mm\u0259d Xiyabani n\u0259 \u00fcc\u00fcn ona \u2013 h\u0259min bu orduya qar\u015f\u0131 vuru\u015furdu? Yoxsa, Xiyabani d\u0259 satq\u0131n idi?!\n<\/p>\n<p>\n  H\u0259qiq\u0259t is\u0259 bel\u0259dir: Osmanl\u0131 Balkanlardak\u0131 m\u0259\u011flubiyy\u0259td\u0259n v\u0259 neftl\u0259 z\u0259ngin \u0259razil\u0259ri (Mesopotamiya, \u018fr\u0259b yar\u0131madas\u0131 v\u0259 s.) itirdikd\u0259n sonra bu itkil\u0259ri kompensasiya etm\u0259k \u00fc\u00e7\u00fcn pant\u00fcrkizm bayra\u011f\u0131 alt\u0131nda Qafqaz\u0131 v\u0259 Orta Asiyan\u0131, panislamizm bayrag\u0131 alt\u0131nda da \u018ffgan\u0131stan v\u0259 Hindistan\u0131 i\u015f\u011fal etm\u0259yi planla\u015fd\u0131r\u0131rd\u0131.\n<\/p>\n<p>\n  Bu i\u015fd\u0259 onlara m\u00fctt\u0259fiql\u0259ri olan almanlar k\u00f6m\u0259k edirdi. Ba\u015fqa s\u00f6zl\u0259, Qafqaz\u0131n i\u015f\u011fal plan\u0131 1918-ci ilin fevral\u0131nda art\u0131q haz\u0131r idi. Y\u0259ni d\u0259v\u0259t edildi-edilm\u0259di Alman-Osmanl\u0131 ittifaq\u0131 I d\u00fcnya m\u00fcharib\u0259sinin gedi\u015find\u0259 Qafqaz\u0131 \u0259l\u0259 kecirm\u0259k plan\u0131 qurmu\u015fdu. \u0130ngilis arxiv materiallar\u0131nda g\u00f6st\u0259rilir ki, h\u0259l\u0259 1918-ci il iyun ay\u0131nda almanlarla t\u00fcrkl\u0259r aras\u0131nda Bak\u0131n\u0131 kim birinci i\u015f\u011fal ed\u0259c\u0259k dey\u0259 m\u00fcbahis\u0259 yaran\u0131r. Bu m\u00fcbahis\u0259ni m\u00fczakir\u0259 etm\u0259k m\u0259qs\u0259dil\u0259 \u018fnv\u0259r pa\u015fa il\u0259 alman ali h\u0259rbi n\u00fcmay\u0259nd\u0259si aras\u0131nda \u0130stanbulda gizli g\u00f6r\u00fc\u015f ke\u00e7irilir. (Britaniya arxivi, CAB\/23\/6)\n<\/p>\n<p>\n  Ancaq Az\u0259rbaycanda indi bu i\u015f\u011fala &#8220;xilas&#8221;, i\u015f\u011fal\u00e7\u0131lardan birin\u0259 is\u0259 &#8220;qarda\u015f&#8221; donu geyindirirl\u0259r.\n<\/p>\n<p>\n  OSMANLI ORDUSUNUN AZ\u018fRBAYCANDA T\u00d6R\u018fTD\u0130Y\u0130 Q\u018fTL\u0130AM\n<\/p>\n<p>\n  Osmanl\u0131 i\u015f\u011fal q\u00fcvv\u0259l\u0259ri ba\u015fqa bir i\u015f\u011falc\u0131 olan Sentrokaspi diktaturas\u0131ndan \u015f\u0259h\u0259ri t\u0259hvil al\u0131b, ba\u015flad\u0131 talanlara v\u0259 q\u0131r\u011f\u0131nlara. \u0130\u015f\u011fal\u0131n ilk bir ay\u0131 \u0259rzind\u0259 Bak\u0131da 30 min n\u0259f\u0259r q\u0259tl\u0259 yetirildi! Bu g\u00fcn bizim \u201cmandatl\u0131\u00a0 tarix\u00e7il\u0259r\u201d (C\u0259mil H\u0259s\u0259nli, N\u0259siman Yaqublu, N\u0259sib N\u0259sibli v\u0259 b.) bu cinay\u0259t\u0259 b\u0259ra\u0259t qazand\u0131rmaq \u00fc\u00e7\u00fcn \u201cOrada \u00f6l\u0259nl\u0259rin ham\u0131s\u0131 erm\u0259nil\u0259r olub\u201d yalan\u0131n\u0131 qura\u015fd\u0131r\u0131rlar. Erm\u0259nil\u0259r d\u0259 bu \u201cfakt\u201d\u0131 \u0259sas g\u00f6t\u00fcr\u0259r\u0259k, 1918-ci ild\u0259 Az\u0259rbaycanda onlara qar\u015f\u0131 q\u0259tliam oldu\u011funu iddia edirl\u0259r. G\u00f6r\u00fcn, tarix\u00e7il\u0259rimiz indi d\u0259 \u201cT\u00fcrkiy\u0259 qarda\u015fl\u0131\u011f\u0131\u201d yalan\u0131n\u0131 biz\u0259 yedizdirm\u0259k \u00fc\u00e7\u00fcn hans\u0131 l\u0259k\u0259ni xalq\u0131n boynuna qoyurlar.\n<\/p>\n<p>\n  Halbuki, arxiv materiallar\u0131 s\u00fcbut edir ki, \u00f6ld\u00fcr\u00fcl\u0259nl\u0259rin c\u00fczi bir hiss\u0259si erm\u0259ni idi, yerd\u0259 qalan \u00e7oxlu\u011fu az\u0259rbaycanl\u0131lar t\u0259\u015fkil edirdi. Osmanl\u0131 i\u015f\u011fal q\u00fcvv\u0259l\u0259ri \u00f6lk\u0259mizd\u0259 minl\u0259rl\u0259 \u00fcsyan\u00e7\u0131 k\u0259ndli, kommunist v\u0259 ba\u015fqalar\u0131n\u0131 \u201cinqilab\u00e7\u0131 haydutlar\u201d (quldurlar) dam\u011fas\u0131yla edam edirdi. B\u0259li, h\u0259r zaman oldu\u011fu kimi i\u015f\u011fal\u00e7\u0131 yerliy\u0259 quldur ad\u0131 verir!\n<\/p>\n<p>\n  Bu hal Az\u0259rbaycan\u0131 i\u015f\u011fal etm\u0259y\u0259 g\u0259l\u0259n \u0259r\u0259bl\u0259rin yerli xalq\u0131 \u00f6lm\u0259y\u0259 layiq \u201ckafir\u201d adland\u0131rmas\u0131na v\u0259 bir islam\u00e7\u0131n\u0131n da \u00f6z v\u0259t\u0259ninin \u0259r\u0259bl\u0259r t\u0259r\u0259find\u0259n i\u015f\u011fal\u0131na sevinm\u0259sin\u0259, bu i\u015f\u011fal\u0131 \u201cxilas\u201d adland\u0131rmas\u0131na \u00e7ox b\u0259nz\u0259yir.\n<\/p>\n<p>\n  M.R\u018fSULZAD\u018fN\u0130N TAR\u0130X\u0130 ET\u0130RAFI: OSMANLI AZ\u018fRBAYCANIN M\u00dcST\u018fQ\u0130LL\u0130Y\u0130N\u0130 \u0130ST\u018fM\u0130RD\u0130\n<\/p>\n<p>\n  1918-ci il sentyabr ay\u0131nda Az\u0259rbaycanda real hakimiyy\u0259t Osmanl\u0131 i\u015f\u011fal q\u00fcvv\u0259l\u0259rinin zabitl\u0259rin\u0259 m\u0259xsus idi. Nuru pa\u015fa Bak\u0131 \u015f\u0259h\u0259rind\u0259 yegan\u0259 s\u00f6z sahibi idi. Edamlar, g\u00fcll\u0259l\u0259m\u0259l\u0259r, zopayla \u015fallaqlamalar ham\u0131s\u0131 Osmanl\u0131 zabitl\u0259rinin r\u0259hb\u0259rlik etdiyi s\u0259hra m\u0259hk\u0259m\u0259l\u0259rinin s\u0259lahiyy\u0259tind\u0259ydi. Kimi asacaqlar, niy\u0259 asacaqlar, buna q\u0259rar\u0131 Osmanl\u0131 pa\u015falar\u0131 verirdil\u0259r. H\u0259tta \u015eu\u015fa uezdinin r\u0259isi M\u00fcsavat h\u00f6kum\u0259ti daxili i\u015fl\u0259r nazirin\u0259 \u015fikay\u0259tl\u0259nirdi ki, \u201c\u015e\u0259h\u0259rin t\u00fcrk olan qubernatoru b\u00fct\u00fcn hakimiyy\u0259ti \u00f6z \u0259lind\u0259 c\u0259ml\u0259y\u0259r\u0259k yerli h\u00f6kum\u0259ti tan\u0131m\u0131r\u201d.\n<\/p>\n<p>\n  T\u0259kc\u0259 \u015eu\u015fadam\u0131 bel\u0259ydi? Yox! Osmanl\u0131 i\u015f\u011fal q\u00fcvv\u0259l\u0259ri Bak\u0131ya gir\u0259r-girm\u0259z elan etdil\u0259r ki, onlar c\u00fcmhuriyy\u0259t filan tan\u0131m\u0131rlar v\u0259 \u201cBak\u0131n\u0131 tutmaqla Osmanl\u0131 s\u0259rh\u0259dl\u0259rini b\u0259rpa edibl\u0259r.\u201d\n<\/p>\n<p>\n  1919-cu ild\u0259 M.R\u0259sulzad\u0259 etiraf etm\u0259li olmu\u015fdur ki, \u201cAz\u0259rbaycan\u0131n m\u00fcst\u0259qilliyi ideyas\u0131 Osmanl\u0131n\u0131n maraqlar\u0131na zidd idi\u201d.\n<\/p>\n<p>\n  D.\u018fhm\u0259d \u00f6z m\u00f6vqeyin\u0259 arqument kimi F\u0259t\u0259li xan Xoyskinin Nuru Pa\u015fan\u0131n teleqram\u0131na cavab\u0131n\u0131 \u0259sas g\u0259tirir. Dem\u0259li, bu hadis\u0259 noyabr ay\u0131n\u0131n 17-d\u0259 olub. Ancaq ay\u0131n 20-d\u0259, y\u0259ni c\u0259mi 3 g\u00fcn sonra Az\u0259rbaycan h\u00f6kum\u0259tinin ba\u015f\u00e7\u0131s\u0131 kimi Xoyski \u018fs\u0259d\u0259liyev il\u0259 birlikd\u0259 W.Thomsonla g\u00f6r\u00fc\u015f\u0259rk\u0259n, Thomsona qurduqlar\u0131 C\u00fcmhuriyy\u0259tin t\u00fcrkl\u0259rin \u0259lin\u0259 ke\u00e7m\u0259sin\u0259 \u015f\u0259rait yaradan amill\u0259rd\u0259n \u015fikay\u0259tl\u0259nir, t\u00fcrkl\u0259rin getm\u0259sin\u0259 h\u0259dsiz sevindiyini, Nuru pa\u015faya q\u0259z\u0259bini ifad\u0259 edir v\u0259 \u201cm\u00fctt\u0259fiql\u0259rin (\u0130ngilt\u0259r\u0259, AB\u015e, Fransa \u2013 A.\u018f.) g\u0259li\u015fin\u0259 ki\u00e7ik xalqlar\u0131n \u00fcmidi\u201d kimi baxd\u0131\u011f\u0131n\u0131 s\u00f6yl\u0259yir (Britaniya Arxivi, CAB 45\/107).\n<\/p>\n<p>\n  G\u00f6r\u00fcn\u00fcr, D.\u018fhm\u0259d Xoyskinin 1918-ci il iyun-sentyabr aylar\u0131nda Nuri Pa\u015fa il\u0259 \u0259laq\u0259dar R\u0259sulzad\u0259y\u0259 g\u00f6nd\u0259rdiyi gizli \u015fikay\u0259t teleqramlar\u0131ndan da x\u0259b\u0259rsizdir. \u018fcaba, n\u0259 idi bu \u015fikay\u0259tl\u0259rin arxas\u0131nda dayanan s\u0259b\u0259b? S\u0259b\u0259b bu idi: Nuru Pa\u015fa Xoyski ba\u015fda olmaqla Az\u0259rbaycan Milli \u015euras\u0131n\u0131 tan\u0131m\u0131rdi v\u0259 h\u0259tta \u015euran\u0131n burax\u0131lmas\u0131n\u0131 t\u0259l\u0259b edirdi.\n<\/p>\n<p>\n  T\u0259s\u0259vv\u00fcr\u00fcn\u00fcz\u0259 g\u0259tirin ki, Nuru pa\u015fa G\u0259nc\u0259y\u0259 g\u0259l\u0259nd\u0259 M\u00fcsavat nazirl\u0259rinin he\u00e7 birini q\u0259bul etm\u0259di v\u0259 h\u00f6kum\u0259t n\u00fcmay\u0259nd\u0259l\u0259ri ancaq Nuru pa\u015fan\u0131n k\u00f6m\u0259k\u00e7isi \u018fhm\u0259db\u0259y A\u011fayev t\u0259r\u0259find\u0259n q\u0259bul edildi. Nuru pa\u015fa h\u0259tta Az\u0259rbaycan Xalq C\u00fcmhuriyy\u0259tinin birinci h\u00f6kum\u0259t kabinetind\u0259 m\u00fcdafi\u0259 naziri v\u0259zif\u0259sinin t\u0259sis olunmas\u0131na icaz\u0259 bel\u0259 verm\u0259di. \u018fg\u0259r siz ilk h\u00f6kum\u0259tin t\u0259rkibin\u0259 n\u0259z\u0259r salsan\u0131z, orada h\u0259rbi nazirliyin olmad\u0131\u011f\u0131n\u0131 g\u00f6r\u0259c\u0259ksiniz.\n<\/p>\n<p>\n  \u0130ndi h\u0259min bu Nuru pa\u015fan\u0131 az\u0259rbaycanl\u0131lar \u00f6z xilaskarlar\u0131 say\u0131rlar. \u018fc\u0259b xilaskard\u0131.\n<\/p>\n<p>\n  OSMANLI ORDUSUNUN \u00d6LK\u018fM\u0130ZD\u018fK\u0130 TALAN V\u018f QAR\u018fTL\u018fR\u0130\n<\/p>\n<p>\n  Osmanl\u0131lar\u0131n xalq\u0131m\u0131za v\u0259 \u00f6lk\u0259miz\u0259 d\u00fc\u015fm\u0259n m\u00fcnasib\u0259ti bununla bitmir. Q\u0131r\u011f\u0131nlara paralel sur\u0259td\u0259 onlar \u015f\u0259h\u0259rin qar\u0259t olunmas\u0131na da ba\u015flad\u0131lar. T\u0259kc\u0259 Nobel \u015firk\u0259tinin 60 min manat v\u0259saitini, \u015e\u0259h\u0259rl\u0259r \u0130ttifaq\u0131n\u0131n Yerli \u015e\u00f6b\u0259sind\u0259n 23 milyon manatl\u0131q \u0259mlak\u0131n\u0131, \u201cElektri\u00e7eskaya sila\u201d s\u0259hmdar c\u0259miyy\u0259tinin 155 milyon manatl\u0131q varidat\u0131n\u0131, Qafqaz Pamb\u0131q S\u0259hmdar c\u0259miyy\u0259tinin v\u0259 ba\u015fqa \u015firk\u0259tl\u0259rin y\u00fcz milyonlarla d\u0259y\u0259rind\u0259 pulunu v\u0259 \u0259mlak\u0131n\u0131 qar\u0259t edib apard\u0131lar.\n<\/p>\n<p>\n  T\u0259kc\u0259 \u015firk\u0259tl\u0259rimi qar\u0259t edirdil\u0259r? \u018fsla yox! Yoxsul \u0259halinin sonuncu tik\u0259sini d\u0259 m\u00fcsadir\u0259 edib apar\u0131rd\u0131lar. Arxiv s\u0259n\u0259dl\u0259rinin birind\u0259 bu bar\u0259d\u0259 yaz\u0131l\u0131r: \u201cT\u00fcrk zabitl\u0259ri A\u011fdamdan tax\u0131l, paltar v\u0259 ba\u015fqa ehtiyatlar\u0131 c\u0259kib apar\u0131rlar\u2026 Nuxa q\u0259zas\u0131n\u0131n \u0259halisi \u015fikay\u0259tl\u0259nir ki, t\u00fcrkl\u0259r b\u00fct\u00fcn \u0259rza\u011f\u0131m\u0131z\u0131 talan edib apar\u0131r, bel\u0259 gets\u0259 acl\u0131q olacaq\u201d (ARX\u0130V fond, 277. S, 1. I\u015f, 1. V\u0259r\u0259q 1).\n<\/p>\n<p>\n  Osmanl\u0131-Alman i\u015f\u011fal q\u00fcvv\u0259l\u0259rinin talan\u0131 t\u0259kc\u0259 bununla yekunla\u015fm\u0131rd\u0131. Onlar i\u015f\u011fal q\u00fcvv\u0259l\u0259rinin saxlanma x\u0259rcini d\u0259 yerli \u0259halinin boynuna y\u00fckl\u0259mi\u015fdirl\u0259r. Bel\u0259 ki, b\u00fct\u00fcn \u0259rza\u011f\u0131n onda biri \u201cz\u0259kat\u201d ad\u0131 alt\u0131nda \u0259halid\u0259n zorla m\u00fcsadir\u0259 edilirdi, evind\u0259 bir g\u00fcnl\u00fck azuq\u0259d\u0259n art\u0131q \u0259rzaq saxlayanlar qulaqlar\u0131ndan divara mismarlan\u0131rd\u0131lar!\n<\/p>\n<p>\n  OSMANLININ \u018fSL N\u0130YY\u018fT\u0130: BAKI NEFT\u0130N\u0130 \u018fL\u018f KE\u00c7\u0130RM\u018fK\n<\/p>\n<p>\n  Az ke\u00e7m\u0259mi\u015f m\u0259lum oldu ki, Osmanl\u0131n\u0131n h\u0259d\u0259find\u0259ki \u0259sas m\u0259qs\u0259d eynil\u0259 ingilis v\u0259 almanlar kimi Bak\u0131 neftini \u0259l\u0259 ke\u00e7irm\u0259kdir. Osmanl\u0131 sultan\u0131n\u0131n maliyy\u0259 m\u00fc\u015faviri H\u0259mdi b\u0259y h\u0259l\u0259 \u0130stanbulda ik\u0259n R\u0259sulzad\u0259 qar\u015f\u0131s\u0131nda neft m\u0259d\u0259nl\u0259rinin onlar\u0131n izni olmadan istifad\u0259si v\u0259 sat\u0131\u015f\u0131n\u0131 qada\u011fan ed\u0259n \u015f\u0259rt qoymu\u015fdu. H\u0259r g\u00fcn 23 sisternd\u0259n az olmayaraq, orta hesabla sutkada 44 sistern neft da\u015f\u0131naraq Tiflis\u0259 apar\u0131l\u0131rd\u0131. Burada neftin yar\u0131s\u0131 alman i\u015f\u011fal\u00e7\u0131lar\u0131na verilir, yar\u0131s\u0131 is\u0259 Anadoluya g\u00f6nd\u0259rilirdi. T\u00fcrk tarix\u00e7isi Rauf b\u0259y yaz\u0131r ki, o d\u00f6vrd\u0259 \u0130stanbulda neftin qiym\u0259ti Bak\u0131dan 10 d\u0259f\u0259 ucuz idi. R\u0259sulzad\u0259 Hac\u0131nskiy\u0259 m\u0259ktubunda a\u00e7\u0131q \u015f\u0259kild\u0259 bunu etiraf edir v\u0259 yaz\u0131rd\u0131: \u201cSiz\u0259 m\u0259lumdur ki, neft haqq\u0131nda m\u0259s\u0259l\u0259 Az\u0259rbaycandan \u00e7ox T\u00fcrkiy\u0259-Almaniya m\u0259s\u0259l\u0259sidir\u201d (ARDA, f. 894, siy. 10, i\u015f 30, v. 2). Bunun qar\u015f\u0131l\u0131\u011f\u0131nda M\u00fcsavat h\u00f6kum\u0259tin\u0259 bir q\u0259pik d\u0259 pul \u00f6d\u0259nilmirdi. Bu, soy\u011fun idi.\n<\/p>\n<p>\n  V\u0259 n\u0259hay\u0259t 30 Oktyabr 1918-ci il Mudros m\u00fcqavil\u0259sin\u0259 g\u00f6r\u0259 Osmanl\u0131 imperiyas\u0131 M\u00fcsavat h\u00f6kum\u0259tin\u0259 bildirm\u0259d\u0259n Az\u0259rbaycan\u0131 (\u0259slind\u0259 b\u00fct\u00fcn Zaqafqaziyan\u0131) \u00f6z \u0259yal\u0259ti kimi \u0130ngilt\u0259r\u0259y\u0259 ba\u011f\u0131\u015flad\u0131. M\u00fcqavil\u0259nin 11-ci v\u0259 15-ci b\u0259ndl\u0259rin\u0259 \u0259sas\u0259n, Az\u0259rbaycan v\u0259 onun d\u0259mir yollar\u0131, neft yataqlar\u0131 b\u00fct\u00fcnl\u00fckl\u0259 \u0130ngilt\u0259r\u0259 imperiyas\u0131na verilirdi.\n<\/p>\n<p>\n  \u0130ndi sual olunur: Bir \u00f6lk\u0259nin xilaskar\u0131 olmaq o \u00f6lk\u0259nin 30 min insan\u0131n\u0131 \u00f6ld\u00fcrm\u0259kdirmi; t\u0259bii s\u0259rv\u0259tl\u0259rini talay\u0131b, o c\u00fcml\u0259d\u0259n oran\u0131 t\u0259rk ed\u0259rk\u0259n bankdak\u0131 \u0259man\u0259tl\u0259rini d\u0259 qar\u0259t edib ba\u015fqa d\u00f6vl\u0259t\u0259 ba\u011f\u0131\u015flamaqd\u0131rm\u0131; istiqlal\u0131na v\u0259 milli irad\u0259sin\u0259 istehza il\u0259 baxmaqd\u0131rm\u0131?!\n<\/p>\n<p>\n  El\u0259 t\u0259kc\u0259 bu deyil\u0259nl\u0259ri yekunla\u015fd\u0131r\u0131b, \u0259minlikl\u0259 dem\u0259k olar ki, A.Quta qar\u015f\u0131 \u201cT\u00fcrkl\u0259r g\u0259ldi bizi xilas etdi!\u201d n\u0259qar\u0259tini s\u0259sl\u0259ndir\u0259n dilq\u0259m\u0259hm\u0259dl\u0259r n\u0259sli n\u00f6vb\u0259ti d\u0259f\u0259 saxtala\u015fd\u0131r\u0131lm\u0131\u015f tariximizin yeni qurban\u0131d\u0131r.\n<\/p>\n<p>\n  <b><br \/>\n    Yaz\u0131 m\u00fc\u0259llifin \u015f\u0259xsi m\u00f6vqeyini \u0259ks etdirir&#8230;<br \/>\n  <\/b>\n<\/p>\n<p>\n  <b><br \/>\n    <br \/>\n    Meydan.TV m\u0259s\u0259l\u0259 il\u0259 ba\u011fl\u0131 f\u0259rqli fikird\u0259 olan m\u00fc\u0259llifl\u0259rin d\u0259 m\u00f6vqeyini i\u015f\u0131qland\u0131rma\u011fa haz\u0131rd\u0131r.<br \/>\n  <\/b><\/p>\n","protected":false},"excerpt":{"rendered":"<p>M.R\u0259sulzad\u0259: Osmanl\u0131 Az\u0259rbaycan\u0131n m\u00fcst\u0259qilliyini ist\u0259mirdi<\/p>\n","protected":false},"author":11,"featured_media":32673,"comment_status":"closed","ping_status":"open","sticky":false,"template":"","format":"standard","meta":{"_acf_changed":false,"_sitemap_exclude":false,"_sitemap_priority":"","_sitemap_frequency":"","footnotes":""},"categories":[57],"tags":[],"class_list":["post-169703","post","type-post","status-publish","format-standard","has-post-thumbnail","hentry","category-menim-fikrimce","infinite-scroll-item","generate-columns","tablet-grid-50","mobile-grid-100","grid-parent","grid-33","no-featured-image-padding"],"acf":[],"yoast_head":"<!-- This site is optimized with the Yoast SEO plugin v27.5 - https:\/\/yoast.com\/product\/yoast-seo-wordpress\/ -->\n<title>T\u00fcrkl\u0259rin i\u015f\u011fal, q\u0259tliam v\u0259 talanlar\u0131na ``xilas`` ad\u0131 qoymaq - MEYDAN.TV<\/title>\n<meta name=\"robots\" content=\"index, follow, max-snippet:-1, max-image-preview:large, max-video-preview:-1\" \/>\n<link rel=\"canonical\" href=\"https:\/\/www.meydan.tv\/az\/article\/turklerin-isgal-qetliam-ve-talanlarina-xilas-adi-qoymaq\/\" \/>\n<meta property=\"og:locale\" content=\"az_AZ\" \/>\n<meta property=\"og:type\" content=\"article\" \/>\n<meta property=\"og:title\" content=\"T\u00fcrkl\u0259rin i\u015f\u011fal, q\u0259tliam v\u0259 talanlar\u0131na ``xilas`` ad\u0131 qoymaq - MEYDAN.TV\" \/>\n<meta property=\"og:description\" content=\"M.R\u0259sulzad\u0259: Osmanl\u0131 Az\u0259rbaycan\u0131n m\u00fcst\u0259qilliyini ist\u0259mirdi\" \/>\n<meta property=\"og:url\" content=\"https:\/\/www.meydan.tv\/az\/article\/turklerin-isgal-qetliam-ve-talanlarina-xilas-adi-qoymaq\/\" \/>\n<meta property=\"og:site_name\" content=\"MEYDAN.TV\" \/>\n<meta property=\"article:published_time\" content=\"2015-08-29T03:35:37+00:00\" \/>\n<meta property=\"og:image\" content=\"https:\/\/www.meydan.tv\/wp-content\/uploads\/12207.jpg\" \/>\n\t<meta property=\"og:image:width\" content=\"500\" \/>\n\t<meta property=\"og:image:height\" content=\"500\" \/>\n\t<meta property=\"og:image:type\" content=\"image\/jpeg\" \/>\n<meta name=\"author\" content=\"user-manager\" \/>\n<meta name=\"twitter:card\" content=\"summary_large_image\" \/>\n<script type=\"application\/ld+json\" class=\"yoast-schema-graph\">{\"@context\":\"https:\\\/\\\/schema.org\",\"@graph\":[{\"@type\":\"Article\",\"@id\":\"https:\\\/\\\/www.meydan.tv\\\/az\\\/article\\\/turklerin-isgal-qetliam-ve-talanlarina-xilas-adi-qoymaq\\\/#article\",\"isPartOf\":{\"@id\":\"https:\\\/\\\/www.meydan.tv\\\/az\\\/article\\\/turklerin-isgal-qetliam-ve-talanlarina-xilas-adi-qoymaq\\\/\"},\"author\":{\"name\":\"user-manager\",\"@id\":\"https:\\\/\\\/www.meydan.tv\\\/az\\\/#\\\/schema\\\/person\\\/10d11eccf6da3662cf5fdab9806ea91a\"},\"headline\":\"T\u00fcrkl\u0259rin i\u015f\u011fal, q\u0259tliam v\u0259 talanlar\u0131na &#8220;xilas&#8220; ad\u0131 qoymaq\",\"datePublished\":\"2015-08-29T03:35:37+00:00\",\"mainEntityOfPage\":{\"@id\":\"https:\\\/\\\/www.meydan.tv\\\/az\\\/article\\\/turklerin-isgal-qetliam-ve-talanlarina-xilas-adi-qoymaq\\\/\"},\"wordCount\":2138,\"publisher\":{\"@id\":\"https:\\\/\\\/www.meydan.tv\\\/az\\\/#organization\"},\"image\":{\"@id\":\"https:\\\/\\\/www.meydan.tv\\\/az\\\/article\\\/turklerin-isgal-qetliam-ve-talanlarina-xilas-adi-qoymaq\\\/#primaryimage\"},\"thumbnailUrl\":\"https:\\\/\\\/www.meydan.tv\\\/wp-content\\\/uploads\\\/12207.jpg\",\"articleSection\":[\"M\u0259nim Fikrimc\u0259\"],\"inLanguage\":\"az\"},{\"@type\":\"WebPage\",\"@id\":\"https:\\\/\\\/www.meydan.tv\\\/az\\\/article\\\/turklerin-isgal-qetliam-ve-talanlarina-xilas-adi-qoymaq\\\/\",\"url\":\"https:\\\/\\\/www.meydan.tv\\\/az\\\/article\\\/turklerin-isgal-qetliam-ve-talanlarina-xilas-adi-qoymaq\\\/\",\"name\":\"T\u00fcrkl\u0259rin i\u015f\u011fal, q\u0259tliam v\u0259 talanlar\u0131na ``xilas`` ad\u0131 qoymaq - MEYDAN.TV\",\"isPartOf\":{\"@id\":\"https:\\\/\\\/www.meydan.tv\\\/az\\\/#website\"},\"primaryImageOfPage\":{\"@id\":\"https:\\\/\\\/www.meydan.tv\\\/az\\\/article\\\/turklerin-isgal-qetliam-ve-talanlarina-xilas-adi-qoymaq\\\/#primaryimage\"},\"image\":{\"@id\":\"https:\\\/\\\/www.meydan.tv\\\/az\\\/article\\\/turklerin-isgal-qetliam-ve-talanlarina-xilas-adi-qoymaq\\\/#primaryimage\"},\"thumbnailUrl\":\"https:\\\/\\\/www.meydan.tv\\\/wp-content\\\/uploads\\\/12207.jpg\",\"datePublished\":\"2015-08-29T03:35:37+00:00\",\"breadcrumb\":{\"@id\":\"https:\\\/\\\/www.meydan.tv\\\/az\\\/article\\\/turklerin-isgal-qetliam-ve-talanlarina-xilas-adi-qoymaq\\\/#breadcrumb\"},\"inLanguage\":\"az\",\"potentialAction\":[{\"@type\":\"ReadAction\",\"target\":[\"https:\\\/\\\/www.meydan.tv\\\/az\\\/article\\\/turklerin-isgal-qetliam-ve-talanlarina-xilas-adi-qoymaq\\\/\"]}]},{\"@type\":\"ImageObject\",\"inLanguage\":\"az\",\"@id\":\"https:\\\/\\\/www.meydan.tv\\\/az\\\/article\\\/turklerin-isgal-qetliam-ve-talanlarina-xilas-adi-qoymaq\\\/#primaryimage\",\"url\":\"https:\\\/\\\/www.meydan.tv\\\/wp-content\\\/uploads\\\/12207.jpg\",\"contentUrl\":\"https:\\\/\\\/www.meydan.tv\\\/wp-content\\\/uploads\\\/12207.jpg\",\"width\":500,\"height\":500,\"caption\":\"Source:\"},{\"@type\":\"BreadcrumbList\",\"@id\":\"https:\\\/\\\/www.meydan.tv\\\/az\\\/article\\\/turklerin-isgal-qetliam-ve-talanlarina-xilas-adi-qoymaq\\\/#breadcrumb\",\"itemListElement\":[{\"@type\":\"ListItem\",\"position\":1,\"name\":\"Ana s\u0259hif\u0259\",\"item\":\"https:\\\/\\\/www.meydan.tv\\\/az\\\/\"},{\"@type\":\"ListItem\",\"position\":2,\"name\":\"M\u0259nim Fikrimc\u0259\",\"item\":\"https:\\\/\\\/www.meydan.tv\\\/az\\\/section\\\/menim-fikrimce\\\/\"},{\"@type\":\"ListItem\",\"position\":3,\"name\":\"T\u00fcrkl\u0259rin i\u015f\u011fal, q\u0259tliam v\u0259 talanlar\u0131na &#8220;xilas&#8220; ad\u0131 qoymaq\"}]},{\"@type\":\"WebSite\",\"@id\":\"https:\\\/\\\/www.meydan.tv\\\/az\\\/#website\",\"url\":\"https:\\\/\\\/www.meydan.tv\\\/az\\\/\",\"name\":\"MEYDAN.TV\",\"description\":\"Meydan TV Az\u0259rbaycan\u0131n media m\u0259kan\u0131ndak\u0131 alternativ s\u0259sidir\",\"publisher\":{\"@id\":\"https:\\\/\\\/www.meydan.tv\\\/az\\\/#organization\"},\"potentialAction\":[{\"@type\":\"SearchAction\",\"target\":{\"@type\":\"EntryPoint\",\"urlTemplate\":\"https:\\\/\\\/www.meydan.tv\\\/az\\\/?s={search_term_string}\"},\"query-input\":{\"@type\":\"PropertyValueSpecification\",\"valueRequired\":true,\"valueName\":\"search_term_string\"}}],\"inLanguage\":\"az\"},{\"@type\":\"Organization\",\"@id\":\"https:\\\/\\\/www.meydan.tv\\\/az\\\/#organization\",\"name\":\"Meydan TV\",\"url\":\"https:\\\/\\\/www.meydan.tv\\\/az\\\/\",\"logo\":{\"@type\":\"ImageObject\",\"inLanguage\":\"az\",\"@id\":\"https:\\\/\\\/www.meydan.tv\\\/az\\\/#\\\/schema\\\/logo\\\/image\\\/\",\"url\":\"https:\\\/\\\/www.meydan.tv\\\/wp-content\\\/uploads\\\/2021\\\/07\\\/meydan-logo.svg\",\"contentUrl\":\"https:\\\/\\\/www.meydan.tv\\\/wp-content\\\/uploads\\\/2021\\\/07\\\/meydan-logo.svg\",\"width\":195,\"height\":46,\"caption\":\"Meydan TV\"},\"image\":{\"@id\":\"https:\\\/\\\/www.meydan.tv\\\/az\\\/#\\\/schema\\\/logo\\\/image\\\/\"}},{\"@type\":\"Person\",\"@id\":\"https:\\\/\\\/www.meydan.tv\\\/az\\\/#\\\/schema\\\/person\\\/10d11eccf6da3662cf5fdab9806ea91a\",\"name\":\"user-manager\"}]}<\/script>\n<!-- \/ Yoast SEO plugin. -->","yoast_head_json":{"title":"T\u00fcrkl\u0259rin i\u015f\u011fal, q\u0259tliam v\u0259 talanlar\u0131na ``xilas`` ad\u0131 qoymaq - MEYDAN.TV","robots":{"index":"index","follow":"follow","max-snippet":"max-snippet:-1","max-image-preview":"max-image-preview:large","max-video-preview":"max-video-preview:-1"},"canonical":"https:\/\/www.meydan.tv\/az\/article\/turklerin-isgal-qetliam-ve-talanlarina-xilas-adi-qoymaq\/","og_locale":"az_AZ","og_type":"article","og_title":"T\u00fcrkl\u0259rin i\u015f\u011fal, q\u0259tliam v\u0259 talanlar\u0131na ``xilas`` ad\u0131 qoymaq - MEYDAN.TV","og_description":"M.R\u0259sulzad\u0259: Osmanl\u0131 Az\u0259rbaycan\u0131n m\u00fcst\u0259qilliyini ist\u0259mirdi","og_url":"https:\/\/www.meydan.tv\/az\/article\/turklerin-isgal-qetliam-ve-talanlarina-xilas-adi-qoymaq\/","og_site_name":"MEYDAN.TV","article_published_time":"2015-08-29T03:35:37+00:00","og_image":[{"width":500,"height":500,"url":"https:\/\/www.meydan.tv\/wp-content\/uploads\/12207.jpg","type":"image\/jpeg"}],"author":"user-manager","twitter_card":"summary_large_image","schema":{"@context":"https:\/\/schema.org","@graph":[{"@type":"Article","@id":"https:\/\/www.meydan.tv\/az\/article\/turklerin-isgal-qetliam-ve-talanlarina-xilas-adi-qoymaq\/#article","isPartOf":{"@id":"https:\/\/www.meydan.tv\/az\/article\/turklerin-isgal-qetliam-ve-talanlarina-xilas-adi-qoymaq\/"},"author":{"name":"user-manager","@id":"https:\/\/www.meydan.tv\/az\/#\/schema\/person\/10d11eccf6da3662cf5fdab9806ea91a"},"headline":"T\u00fcrkl\u0259rin i\u015f\u011fal, q\u0259tliam v\u0259 talanlar\u0131na &#8220;xilas&#8220; ad\u0131 qoymaq","datePublished":"2015-08-29T03:35:37+00:00","mainEntityOfPage":{"@id":"https:\/\/www.meydan.tv\/az\/article\/turklerin-isgal-qetliam-ve-talanlarina-xilas-adi-qoymaq\/"},"wordCount":2138,"publisher":{"@id":"https:\/\/www.meydan.tv\/az\/#organization"},"image":{"@id":"https:\/\/www.meydan.tv\/az\/article\/turklerin-isgal-qetliam-ve-talanlarina-xilas-adi-qoymaq\/#primaryimage"},"thumbnailUrl":"https:\/\/www.meydan.tv\/wp-content\/uploads\/12207.jpg","articleSection":["M\u0259nim Fikrimc\u0259"],"inLanguage":"az"},{"@type":"WebPage","@id":"https:\/\/www.meydan.tv\/az\/article\/turklerin-isgal-qetliam-ve-talanlarina-xilas-adi-qoymaq\/","url":"https:\/\/www.meydan.tv\/az\/article\/turklerin-isgal-qetliam-ve-talanlarina-xilas-adi-qoymaq\/","name":"T\u00fcrkl\u0259rin i\u015f\u011fal, q\u0259tliam v\u0259 talanlar\u0131na ``xilas`` ad\u0131 qoymaq - MEYDAN.TV","isPartOf":{"@id":"https:\/\/www.meydan.tv\/az\/#website"},"primaryImageOfPage":{"@id":"https:\/\/www.meydan.tv\/az\/article\/turklerin-isgal-qetliam-ve-talanlarina-xilas-adi-qoymaq\/#primaryimage"},"image":{"@id":"https:\/\/www.meydan.tv\/az\/article\/turklerin-isgal-qetliam-ve-talanlarina-xilas-adi-qoymaq\/#primaryimage"},"thumbnailUrl":"https:\/\/www.meydan.tv\/wp-content\/uploads\/12207.jpg","datePublished":"2015-08-29T03:35:37+00:00","breadcrumb":{"@id":"https:\/\/www.meydan.tv\/az\/article\/turklerin-isgal-qetliam-ve-talanlarina-xilas-adi-qoymaq\/#breadcrumb"},"inLanguage":"az","potentialAction":[{"@type":"ReadAction","target":["https:\/\/www.meydan.tv\/az\/article\/turklerin-isgal-qetliam-ve-talanlarina-xilas-adi-qoymaq\/"]}]},{"@type":"ImageObject","inLanguage":"az","@id":"https:\/\/www.meydan.tv\/az\/article\/turklerin-isgal-qetliam-ve-talanlarina-xilas-adi-qoymaq\/#primaryimage","url":"https:\/\/www.meydan.tv\/wp-content\/uploads\/12207.jpg","contentUrl":"https:\/\/www.meydan.tv\/wp-content\/uploads\/12207.jpg","width":500,"height":500,"caption":"Source:"},{"@type":"BreadcrumbList","@id":"https:\/\/www.meydan.tv\/az\/article\/turklerin-isgal-qetliam-ve-talanlarina-xilas-adi-qoymaq\/#breadcrumb","itemListElement":[{"@type":"ListItem","position":1,"name":"Ana s\u0259hif\u0259","item":"https:\/\/www.meydan.tv\/az\/"},{"@type":"ListItem","position":2,"name":"M\u0259nim Fikrimc\u0259","item":"https:\/\/www.meydan.tv\/az\/section\/menim-fikrimce\/"},{"@type":"ListItem","position":3,"name":"T\u00fcrkl\u0259rin i\u015f\u011fal, q\u0259tliam v\u0259 talanlar\u0131na &#8220;xilas&#8220; ad\u0131 qoymaq"}]},{"@type":"WebSite","@id":"https:\/\/www.meydan.tv\/az\/#website","url":"https:\/\/www.meydan.tv\/az\/","name":"MEYDAN.TV","description":"Meydan TV Az\u0259rbaycan\u0131n media m\u0259kan\u0131ndak\u0131 alternativ s\u0259sidir","publisher":{"@id":"https:\/\/www.meydan.tv\/az\/#organization"},"potentialAction":[{"@type":"SearchAction","target":{"@type":"EntryPoint","urlTemplate":"https:\/\/www.meydan.tv\/az\/?s={search_term_string}"},"query-input":{"@type":"PropertyValueSpecification","valueRequired":true,"valueName":"search_term_string"}}],"inLanguage":"az"},{"@type":"Organization","@id":"https:\/\/www.meydan.tv\/az\/#organization","name":"Meydan TV","url":"https:\/\/www.meydan.tv\/az\/","logo":{"@type":"ImageObject","inLanguage":"az","@id":"https:\/\/www.meydan.tv\/az\/#\/schema\/logo\/image\/","url":"https:\/\/www.meydan.tv\/wp-content\/uploads\/2021\/07\/meydan-logo.svg","contentUrl":"https:\/\/www.meydan.tv\/wp-content\/uploads\/2021\/07\/meydan-logo.svg","width":195,"height":46,"caption":"Meydan TV"},"image":{"@id":"https:\/\/www.meydan.tv\/az\/#\/schema\/logo\/image\/"}},{"@type":"Person","@id":"https:\/\/www.meydan.tv\/az\/#\/schema\/person\/10d11eccf6da3662cf5fdab9806ea91a","name":"user-manager"}]}},"_links":{"self":[{"href":"https:\/\/www.meydan.tv\/az\/wp-json\/wp\/v2\/posts\/169703","targetHints":{"allow":["GET"]}}],"collection":[{"href":"https:\/\/www.meydan.tv\/az\/wp-json\/wp\/v2\/posts"}],"about":[{"href":"https:\/\/www.meydan.tv\/az\/wp-json\/wp\/v2\/types\/post"}],"author":[{"embeddable":true,"href":"https:\/\/www.meydan.tv\/az\/wp-json\/wp\/v2\/users\/11"}],"replies":[{"embeddable":true,"href":"https:\/\/www.meydan.tv\/az\/wp-json\/wp\/v2\/comments?post=169703"}],"version-history":[{"count":0,"href":"https:\/\/www.meydan.tv\/az\/wp-json\/wp\/v2\/posts\/169703\/revisions"}],"wp:featuredmedia":[{"embeddable":true,"href":"https:\/\/www.meydan.tv\/az\/wp-json\/wp\/v2\/media\/32673"}],"wp:attachment":[{"href":"https:\/\/www.meydan.tv\/az\/wp-json\/wp\/v2\/media?parent=169703"}],"wp:term":[{"taxonomy":"category","embeddable":true,"href":"https:\/\/www.meydan.tv\/az\/wp-json\/wp\/v2\/categories?post=169703"},{"taxonomy":"post_tag","embeddable":true,"href":"https:\/\/www.meydan.tv\/az\/wp-json\/wp\/v2\/tags?post=169703"}],"curies":[{"name":"wp","href":"https:\/\/api.w.org\/{rel}","templated":true}]}}